{"id":30678,"date":"2026-09-02T21:17:42","date_gmt":"2026-09-02T19:17:42","guid":{"rendered":"https:\/\/kosovatimes.info\/?p=30678"},"modified":"2026-09-02T21:17:44","modified_gmt":"2026-09-02T19:17:44","slug":"shkundja-e-qeverise-jo-thjesht-rrokada-e-emrave","status":"publish","type":"post","link":"https:\/\/kosovatimes.info\/index.php\/2026\/09\/02\/shkundja-e-qeverise-jo-thjesht-rrokada-e-emrave\/","title":{"rendered":"Shkundja e qeveris\u00eb, jo thjesht rrokada e emrave!"},"content":{"rendered":"\n<p class=\"wp-block-paragraph\">Nga Vladimir Mu\u00e7aj<\/p>\n\n\n\n<p class=\"wp-block-paragraph\">Shkundja e qeveris\u00eb, jo thjesht rrokada e emrave!<br>Largimi i sot\u00ebm i Ministres s\u00eb Sh\u00ebndet\u00ebsis\u00eb nga drejtimi i dikasterit nuk duket si nj\u00eb vendim i papritur. P\u00ebrkundrazi, gjith\u00e7ka t\u00eb \u00e7on te nj\u00eb dor\u00ebheqje e menduar, e konsultuar dhe, mbi t\u00eb gjitha, e miratuar nga Kryeministri Edi Rama.<br>Nuk po merremi k\u00ebt\u00eb her\u00eb me rezultatet apo mosrezultatet e ministres. Po i biem shkurt: ajo e la postin q\u00eb dikur iu besua dhe iu dhurua politikisht nga Kryeministri. Tashm\u00eb \u00e7\u00ebshtja nuk \u00ebsht\u00eb m\u00eb tek emri q\u00eb largohet, por tek ajo q\u00eb duhet t\u00eb vij\u00eb pas tij.<br>Rama ka paralajm\u00ebruar dhe pritet t\u00eb vijoj\u00eb me ndryshime n\u00eb kabinetin qeveritar. Por k\u00ebto ndryshime nuk mund t\u00eb jen\u00eb thjesht nj\u00eb rrokad\u00eb emrash nga nj\u00eb karrige n\u00eb tjetr\u00ebn. Ato jan\u00eb imponuar nga nj\u00eb realitet politik dhe shoq\u00ebror q\u00eb nuk mund t\u00eb anashkalohet: problematikat e shumta q\u00eb qytetar\u00ebt ndeshin \u00e7do dit\u00eb, pak\u00ebnaq\u00ebsit\u00eb n\u00eb baz\u00ebn e elektoratit, pavar\u00ebsisht bindjeve politike, dhe nj\u00eb klim\u00eb gjithnj\u00eb e m\u00eb k\u00ebrkuese ndaj qeverisjes.<br>Edhe protestat, pavar\u00ebsisht p\u00ebrmasave t\u00eb tyre, nuk mund t\u00eb mos ken\u00eb ndikimin e vet n\u00eb vendimmarrjen e Kryeministrit. Ato jan\u00eb nj\u00eb sinjal politik dhe social q\u00eb nj\u00eb qeveri serioze duhet ta lexoj\u00eb.<br>Prandaj, n\u00ebse Edi Rama k\u00ebrkon t\u00eb rifitoj\u00eb besimin e qytetar\u00ebve, nuk i mjafton nj\u00eb ndryshim fasade. I duhet nj\u00eb \u201cshkundje\u201d reale e qeveris\u00eb.<br>Kjo do t\u00eb thot\u00eb njer\u00ebz me profil, integritet dhe aft\u00ebsi t\u00eb provuara. Jo kolltukofag\u00eb t\u00eb politik\u00ebs, jo emra t\u00eb konsumuar dhe aq m\u00eb pak figura t\u00eb lakuara publikisht p\u00ebr afera apo korrupsion. Nj\u00eb qeveri q\u00eb k\u00ebrkon t\u00eb rikthej\u00eb besimin nuk mund t\u00eb duket si nj\u00eb streh\u00eb p\u00ebr t\u00eb nj\u00ebjt\u00ebt njer\u00ebz, vet\u00ebm me nj\u00eb karrige tjet\u00ebr.<br>Ndoshta \u00ebsht\u00eb koha q\u00eb Rama t\u00eb hedh\u00eb v\u00ebshtrimin edhe tek emra t\u00eb vjet\u00ebr t\u00eb Partis\u00eb Socialiste, njer\u00ebz me eksperienc\u00eb politike e administrative, por edhe tek intelektual\u00eb me integritet, profesionist\u00eb q\u00eb nuk jan\u00eb p\u00ebrzier n\u00eb pazaret e politik\u00ebs s\u00eb dit\u00ebs dhe q\u00eb nuk jan\u00eb prodhim i laborator\u00ebve t\u00eb ashtuquajtur \u201cshoq\u00ebri civile\u201d, shpesh t\u00eb kapur nga interesat politike.<br>Ndryshimi i ministrave mund t\u00eb jet\u00eb teknik. Por ndryshimi i qeverisjes duhet t\u00eb jet\u00eb politik dhe substancial.<br>N\u00eb fund t\u00eb fundit, qytetari nuk pyet vet\u00ebm se kush u ul n\u00eb karrigen e ministrit. Ai pyet \u00e7far\u00eb do t\u00eb ndryshoj\u00eb p\u00ebr t\u00eb.<br>Dhe kjo \u00ebsht\u00eb sfida e v\u00ebrtet\u00eb q\u00eb ka sot Edi Rama: t\u00eb ndryshoj\u00eb emrat, apo t\u00eb ndryshoj\u00eb m\u00ebnyr\u00ebn se si qeveriset?<br>Sepse n\u00ebse b\u00ebhet vet\u00ebm rrokad\u00eb kolltuk\u00ebsh, at\u00ebher\u00eb nuk kemi shkundje t\u00eb qeveris\u00eb. Kemi thjesht nj\u00eb qeveri me t\u00eb nj\u00ebjt\u00ebn fytyr\u00eb, por me kostume t\u00eb ndryshuara.<\/p>\n","protected":false},"excerpt":{"rendered":"<p>Nga Vladimir Mu\u00e7aj Shkundja e qeveris\u00eb, jo thjesht rrokada e emrave!Largimi i sot\u00ebm i Ministres s\u00eb Sh\u00ebndet\u00ebsis\u00eb nga drejtimi i dikasterit nuk duket si nj\u00eb vendim i papritur. P\u00ebrkundrazi, gjith\u00e7ka t\u00eb \u00e7on te nj\u00eb dor\u00ebheqje e menduar, e konsultuar dhe, mbi t\u00eb gjitha, e miratuar nga Kryeministri Edi Rama.Nuk po merremi k\u00ebt\u00eb her\u00eb me rezultatet [&hellip;]<\/p>\n","protected":false},"author":4,"featured_media":6354,"comment_status":"open","ping_status":"open","sticky":false,"template":"","format":"standard","meta":{"footnotes":""},"categories":[35],"tags":[],"class_list":["post-30678","post","type-post","status-publish","format-standard","has-post-thumbnail","category-opinion"],"yoast_head":"<!-- This site is optimized with the Yoast SEO plugin v27.4 - https:\/\/yoast.com\/product\/yoast-seo-wordpress\/ -->\n<title>Shkundja e qeveris\u00eb, jo thjesht rrokada e emrave! - Kosova Times<\/title>\n<meta name=\"robots\" content=\"index, follow, max-snippet:-1, max-image-preview:large, max-video-preview:-1\" \/>\n<link rel=\"canonical\" href=\"https:\/\/kosovatimes.info\/index.php\/2026\/09\/02\/shkundja-e-qeverise-jo-thjesht-rrokada-e-emrave\/\" \/>\n<meta property=\"og:locale\" content=\"en_US\" \/>\n<meta property=\"og:type\" content=\"article\" \/>\n<meta property=\"og:title\" content=\"Shkundja e qeveris\u00eb, jo thjesht rrokada e emrave! - Kosova Times\" \/>\n<meta property=\"og:description\" content=\"Nga Vladimir Mu\u00e7aj Shkundja e qeveris\u00eb, jo thjesht rrokada e emrave!Largimi i sot\u00ebm i Ministres s\u00eb Sh\u00ebndet\u00ebsis\u00eb nga drejtimi i dikasterit nuk duket si nj\u00eb vendim i papritur. P\u00ebrkundrazi, gjith\u00e7ka t\u00eb \u00e7on te nj\u00eb dor\u00ebheqje e menduar, e konsultuar dhe, mbi t\u00eb gjitha, e miratuar nga Kryeministri Edi Rama.Nuk po merremi k\u00ebt\u00eb her\u00eb me rezultatet [&hellip;]\" \/>\n<meta property=\"og:url\" content=\"https:\/\/kosovatimes.info\/index.php\/2026\/09\/02\/shkundja-e-qeverise-jo-thjesht-rrokada-e-emrave\/\" \/>\n<meta property=\"og:site_name\" content=\"Kosova Times\" \/>\n<meta property=\"article:published_time\" content=\"2026-09-02T19:17:42+00:00\" \/>\n<meta property=\"article:modified_time\" content=\"2026-09-02T19:17:44+00:00\" \/>\n<meta property=\"og:image\" content=\"https:\/\/kosovatimes.info\/wp-content\/uploads\/2026\/03\/Mucaj.webp\" \/>\n\t<meta property=\"og:image:width\" content=\"750\" \/>\n\t<meta property=\"og:image:height\" content=\"375\" \/>\n\t<meta property=\"og:image:type\" content=\"image\/webp\" \/>\n<meta name=\"author\" content=\"i l\" \/>\n<meta name=\"twitter:card\" content=\"summary_large_image\" \/>\n<meta name=\"twitter:label1\" content=\"Written by\" \/>\n\t<meta name=\"twitter:data1\" content=\"i l\" \/>\n\t<meta name=\"twitter:label2\" content=\"Est. reading time\" \/>\n\t<meta name=\"twitter:data2\" content=\"3 minutes\" \/>\n<script type=\"application\/ld+json\" class=\"yoast-schema-graph\">{\"@context\":\"https:\\\/\\\/schema.org\",\"@graph\":[{\"@type\":\"Article\",\"@id\":\"https:\\\/\\\/kosovatimes.info\\\/index.php\\\/2026\\\/09\\\/02\\\/shkundja-e-qeverise-jo-thjesht-rrokada-e-emrave\\\/#article\",\"isPartOf\":{\"@id\":\"https:\\\/\\\/kosovatimes.info\\\/index.php\\\/2026\\\/09\\\/02\\\/shkundja-e-qeverise-jo-thjesht-rrokada-e-emrave\\\/\"},\"author\":{\"name\":\"i l\",\"@id\":\"https:\\\/\\\/kosovatimes.info\\\/#\\\/schema\\\/person\\\/7586712b9c512fe68085de007378c915\"},\"headline\":\"Shkundja e qeveris\u00eb, jo thjesht rrokada e emrave!\",\"datePublished\":\"2026-09-02T19:17:42+00:00\",\"dateModified\":\"2026-09-02T19:17:44+00:00\",\"mainEntityOfPage\":{\"@id\":\"https:\\\/\\\/kosovatimes.info\\\/index.php\\\/2026\\\/09\\\/02\\\/shkundja-e-qeverise-jo-thjesht-rrokada-e-emrave\\\/\"},\"wordCount\":479,\"commentCount\":0,\"image\":{\"@id\":\"https:\\\/\\\/kosovatimes.info\\\/index.php\\\/2026\\\/09\\\/02\\\/shkundja-e-qeverise-jo-thjesht-rrokada-e-emrave\\\/#primaryimage\"},\"thumbnailUrl\":\"https:\\\/\\\/kosovatimes.info\\\/wp-content\\\/uploads\\\/2026\\\/03\\\/Mucaj.webp\",\"articleSection\":[\"Opinion\"],\"inLanguage\":\"en-US\",\"potentialAction\":[{\"@type\":\"CommentAction\",\"name\":\"Comment\",\"target\":[\"https:\\\/\\\/kosovatimes.info\\\/index.php\\\/2026\\\/09\\\/02\\\/shkundja-e-qeverise-jo-thjesht-rrokada-e-emrave\\\/#respond\"]}]},{\"@type\":\"WebPage\",\"@id\":\"https:\\\/\\\/kosovatimes.info\\\/index.php\\\/2026\\\/09\\\/02\\\/shkundja-e-qeverise-jo-thjesht-rrokada-e-emrave\\\/\",\"url\":\"https:\\\/\\\/kosovatimes.info\\\/index.php\\\/2026\\\/09\\\/02\\\/shkundja-e-qeverise-jo-thjesht-rrokada-e-emrave\\\/\",\"name\":\"Shkundja e qeveris\u00eb, jo thjesht rrokada e emrave! - Kosova Times\",\"isPartOf\":{\"@id\":\"https:\\\/\\\/kosovatimes.info\\\/#website\"},\"primaryImageOfPage\":{\"@id\":\"https:\\\/\\\/kosovatimes.info\\\/index.php\\\/2026\\\/09\\\/02\\\/shkundja-e-qeverise-jo-thjesht-rrokada-e-emrave\\\/#primaryimage\"},\"image\":{\"@id\":\"https:\\\/\\\/kosovatimes.info\\\/index.php\\\/2026\\\/09\\\/02\\\/shkundja-e-qeverise-jo-thjesht-rrokada-e-emrave\\\/#primaryimage\"},\"thumbnailUrl\":\"https:\\\/\\\/kosovatimes.info\\\/wp-content\\\/uploads\\\/2026\\\/03\\\/Mucaj.webp\",\"datePublished\":\"2026-09-02T19:17:42+00:00\",\"dateModified\":\"2026-09-02T19:17:44+00:00\",\"author\":{\"@id\":\"https:\\\/\\\/kosovatimes.info\\\/#\\\/schema\\\/person\\\/7586712b9c512fe68085de007378c915\"},\"breadcrumb\":{\"@id\":\"https:\\\/\\\/kosovatimes.info\\\/index.php\\\/2026\\\/09\\\/02\\\/shkundja-e-qeverise-jo-thjesht-rrokada-e-emrave\\\/#breadcrumb\"},\"inLanguage\":\"en-US\",\"potentialAction\":[{\"@type\":\"ReadAction\",\"target\":[\"https:\\\/\\\/kosovatimes.info\\\/index.php\\\/2026\\\/09\\\/02\\\/shkundja-e-qeverise-jo-thjesht-rrokada-e-emrave\\\/\"]}]},{\"@type\":\"ImageObject\",\"inLanguage\":\"en-US\",\"@id\":\"https:\\\/\\\/kosovatimes.info\\\/index.php\\\/2026\\\/09\\\/02\\\/shkundja-e-qeverise-jo-thjesht-rrokada-e-emrave\\\/#primaryimage\",\"url\":\"https:\\\/\\\/kosovatimes.info\\\/wp-content\\\/uploads\\\/2026\\\/03\\\/Mucaj.webp\",\"contentUrl\":\"https:\\\/\\\/kosovatimes.info\\\/wp-content\\\/uploads\\\/2026\\\/03\\\/Mucaj.webp\",\"width\":750,\"height\":375},{\"@type\":\"BreadcrumbList\",\"@id\":\"https:\\\/\\\/kosovatimes.info\\\/index.php\\\/2026\\\/09\\\/02\\\/shkundja-e-qeverise-jo-thjesht-rrokada-e-emrave\\\/#breadcrumb\",\"itemListElement\":[{\"@type\":\"ListItem\",\"position\":1,\"name\":\"Home\",\"item\":\"https:\\\/\\\/kosovatimes.info\\\/\"},{\"@type\":\"ListItem\",\"position\":2,\"name\":\"Shkundja e qeveris\u00eb, jo thjesht rrokada e emrave!\"}]},{\"@type\":\"WebSite\",\"@id\":\"https:\\\/\\\/kosovatimes.info\\\/#website\",\"url\":\"https:\\\/\\\/kosovatimes.info\\\/\",\"name\":\"Kosova Times\",\"description\":\"\",\"potentialAction\":[{\"@type\":\"SearchAction\",\"target\":{\"@type\":\"EntryPoint\",\"urlTemplate\":\"https:\\\/\\\/kosovatimes.info\\\/?s={search_term_string}\"},\"query-input\":{\"@type\":\"PropertyValueSpecification\",\"valueRequired\":true,\"valueName\":\"search_term_string\"}}],\"inLanguage\":\"en-US\"},{\"@type\":\"Person\",\"@id\":\"https:\\\/\\\/kosovatimes.info\\\/#\\\/schema\\\/person\\\/7586712b9c512fe68085de007378c915\",\"name\":\"i l\",\"image\":{\"@type\":\"ImageObject\",\"inLanguage\":\"en-US\",\"@id\":\"https:\\\/\\\/secure.gravatar.com\\\/avatar\\\/bad9296e02816160ae2e2435beda58222022298d5625d49fea74d18816fbb31d?s=96&d=mm&r=g\",\"url\":\"https:\\\/\\\/secure.gravatar.com\\\/avatar\\\/bad9296e02816160ae2e2435beda58222022298d5625d49fea74d18816fbb31d?s=96&d=mm&r=g\",\"contentUrl\":\"https:\\\/\\\/secure.gravatar.com\\\/avatar\\\/bad9296e02816160ae2e2435beda58222022298d5625d49fea74d18816fbb31d?s=96&d=mm&r=g\",\"caption\":\"i l\"},\"url\":\"https:\\\/\\\/kosovatimes.info\\\/index.php\\\/author\\\/iliri\\\/\"}]}<\/script>\n<!-- \/ Yoast SEO plugin. -->","yoast_head_json":{"title":"Shkundja e qeveris\u00eb, jo thjesht rrokada e emrave! - Kosova Times","robots":{"index":"index","follow":"follow","max-snippet":"max-snippet:-1","max-image-preview":"max-image-preview:large","max-video-preview":"max-video-preview:-1"},"canonical":"https:\/\/kosovatimes.info\/index.php\/2026\/09\/02\/shkundja-e-qeverise-jo-thjesht-rrokada-e-emrave\/","og_locale":"en_US","og_type":"article","og_title":"Shkundja e qeveris\u00eb, jo thjesht rrokada e emrave! - Kosova Times","og_description":"Nga Vladimir Mu\u00e7aj Shkundja e qeveris\u00eb, jo thjesht rrokada e emrave!Largimi i sot\u00ebm i Ministres s\u00eb Sh\u00ebndet\u00ebsis\u00eb nga drejtimi i dikasterit nuk duket si nj\u00eb vendim i papritur. P\u00ebrkundrazi, gjith\u00e7ka t\u00eb \u00e7on te nj\u00eb dor\u00ebheqje e menduar, e konsultuar dhe, mbi t\u00eb gjitha, e miratuar nga Kryeministri Edi Rama.Nuk po merremi k\u00ebt\u00eb her\u00eb me rezultatet [&hellip;]","og_url":"https:\/\/kosovatimes.info\/index.php\/2026\/09\/02\/shkundja-e-qeverise-jo-thjesht-rrokada-e-emrave\/","og_site_name":"Kosova Times","article_published_time":"2026-09-02T19:17:42+00:00","article_modified_time":"2026-09-02T19:17:44+00:00","og_image":[{"width":750,"height":375,"url":"https:\/\/kosovatimes.info\/wp-content\/uploads\/2026\/03\/Mucaj.webp","type":"image\/webp"}],"author":"i l","twitter_card":"summary_large_image","twitter_misc":{"Written by":"i l","Est. reading time":"3 minutes"},"schema":{"@context":"https:\/\/schema.org","@graph":[{"@type":"Article","@id":"https:\/\/kosovatimes.info\/index.php\/2026\/09\/02\/shkundja-e-qeverise-jo-thjesht-rrokada-e-emrave\/#article","isPartOf":{"@id":"https:\/\/kosovatimes.info\/index.php\/2026\/09\/02\/shkundja-e-qeverise-jo-thjesht-rrokada-e-emrave\/"},"author":{"name":"i l","@id":"https:\/\/kosovatimes.info\/#\/schema\/person\/7586712b9c512fe68085de007378c915"},"headline":"Shkundja e qeveris\u00eb, jo thjesht rrokada e emrave!","datePublished":"2026-09-02T19:17:42+00:00","dateModified":"2026-09-02T19:17:44+00:00","mainEntityOfPage":{"@id":"https:\/\/kosovatimes.info\/index.php\/2026\/09\/02\/shkundja-e-qeverise-jo-thjesht-rrokada-e-emrave\/"},"wordCount":479,"commentCount":0,"image":{"@id":"https:\/\/kosovatimes.info\/index.php\/2026\/09\/02\/shkundja-e-qeverise-jo-thjesht-rrokada-e-emrave\/#primaryimage"},"thumbnailUrl":"https:\/\/kosovatimes.info\/wp-content\/uploads\/2026\/03\/Mucaj.webp","articleSection":["Opinion"],"inLanguage":"en-US","potentialAction":[{"@type":"CommentAction","name":"Comment","target":["https:\/\/kosovatimes.info\/index.php\/2026\/09\/02\/shkundja-e-qeverise-jo-thjesht-rrokada-e-emrave\/#respond"]}]},{"@type":"WebPage","@id":"https:\/\/kosovatimes.info\/index.php\/2026\/09\/02\/shkundja-e-qeverise-jo-thjesht-rrokada-e-emrave\/","url":"https:\/\/kosovatimes.info\/index.php\/2026\/09\/02\/shkundja-e-qeverise-jo-thjesht-rrokada-e-emrave\/","name":"Shkundja e qeveris\u00eb, jo thjesht rrokada e emrave! - Kosova Times","isPartOf":{"@id":"https:\/\/kosovatimes.info\/#website"},"primaryImageOfPage":{"@id":"https:\/\/kosovatimes.info\/index.php\/2026\/09\/02\/shkundja-e-qeverise-jo-thjesht-rrokada-e-emrave\/#primaryimage"},"image":{"@id":"https:\/\/kosovatimes.info\/index.php\/2026\/09\/02\/shkundja-e-qeverise-jo-thjesht-rrokada-e-emrave\/#primaryimage"},"thumbnailUrl":"https:\/\/kosovatimes.info\/wp-content\/uploads\/2026\/03\/Mucaj.webp","datePublished":"2026-09-02T19:17:42+00:00","dateModified":"2026-09-02T19:17:44+00:00","author":{"@id":"https:\/\/kosovatimes.info\/#\/schema\/person\/7586712b9c512fe68085de007378c915"},"breadcrumb":{"@id":"https:\/\/kosovatimes.info\/index.php\/2026\/09\/02\/shkundja-e-qeverise-jo-thjesht-rrokada-e-emrave\/#breadcrumb"},"inLanguage":"en-US","potentialAction":[{"@type":"ReadAction","target":["https:\/\/kosovatimes.info\/index.php\/2026\/09\/02\/shkundja-e-qeverise-jo-thjesht-rrokada-e-emrave\/"]}]},{"@type":"ImageObject","inLanguage":"en-US","@id":"https:\/\/kosovatimes.info\/index.php\/2026\/09\/02\/shkundja-e-qeverise-jo-thjesht-rrokada-e-emrave\/#primaryimage","url":"https:\/\/kosovatimes.info\/wp-content\/uploads\/2026\/03\/Mucaj.webp","contentUrl":"https:\/\/kosovatimes.info\/wp-content\/uploads\/2026\/03\/Mucaj.webp","width":750,"height":375},{"@type":"BreadcrumbList","@id":"https:\/\/kosovatimes.info\/index.php\/2026\/09\/02\/shkundja-e-qeverise-jo-thjesht-rrokada-e-emrave\/#breadcrumb","itemListElement":[{"@type":"ListItem","position":1,"name":"Home","item":"https:\/\/kosovatimes.info\/"},{"@type":"ListItem","position":2,"name":"Shkundja e qeveris\u00eb, jo thjesht rrokada e emrave!"}]},{"@type":"WebSite","@id":"https:\/\/kosovatimes.info\/#website","url":"https:\/\/kosovatimes.info\/","name":"Kosova Times","description":"","potentialAction":[{"@type":"SearchAction","target":{"@type":"EntryPoint","urlTemplate":"https:\/\/kosovatimes.info\/?s={search_term_string}"},"query-input":{"@type":"PropertyValueSpecification","valueRequired":true,"valueName":"search_term_string"}}],"inLanguage":"en-US"},{"@type":"Person","@id":"https:\/\/kosovatimes.info\/#\/schema\/person\/7586712b9c512fe68085de007378c915","name":"i l","image":{"@type":"ImageObject","inLanguage":"en-US","@id":"https:\/\/secure.gravatar.com\/avatar\/bad9296e02816160ae2e2435beda58222022298d5625d49fea74d18816fbb31d?s=96&d=mm&r=g","url":"https:\/\/secure.gravatar.com\/avatar\/bad9296e02816160ae2e2435beda58222022298d5625d49fea74d18816fbb31d?s=96&d=mm&r=g","contentUrl":"https:\/\/secure.gravatar.com\/avatar\/bad9296e02816160ae2e2435beda58222022298d5625d49fea74d18816fbb31d?s=96&d=mm&r=g","caption":"i l"},"url":"https:\/\/kosovatimes.info\/index.php\/author\/iliri\/"}]}},"_links":{"self":[{"href":"https:\/\/kosovatimes.info\/index.php\/wp-json\/wp\/v2\/posts\/30678","targetHints":{"allow":["GET"]}}],"collection":[{"href":"https:\/\/kosovatimes.info\/index.php\/wp-json\/wp\/v2\/posts"}],"about":[{"href":"https:\/\/kosovatimes.info\/index.php\/wp-json\/wp\/v2\/types\/post"}],"author":[{"embeddable":true,"href":"https:\/\/kosovatimes.info\/index.php\/wp-json\/wp\/v2\/users\/4"}],"replies":[{"embeddable":true,"href":"https:\/\/kosovatimes.info\/index.php\/wp-json\/wp\/v2\/comments?post=30678"}],"version-history":[{"count":1,"href":"https:\/\/kosovatimes.info\/index.php\/wp-json\/wp\/v2\/posts\/30678\/revisions"}],"predecessor-version":[{"id":30679,"href":"https:\/\/kosovatimes.info\/index.php\/wp-json\/wp\/v2\/posts\/30678\/revisions\/30679"}],"wp:featuredmedia":[{"embeddable":true,"href":"https:\/\/kosovatimes.info\/index.php\/wp-json\/wp\/v2\/media\/6354"}],"wp:attachment":[{"href":"https:\/\/kosovatimes.info\/index.php\/wp-json\/wp\/v2\/media?parent=30678"}],"wp:term":[{"taxonomy":"category","embeddable":true,"href":"https:\/\/kosovatimes.info\/index.php\/wp-json\/wp\/v2\/categories?post=30678"},{"taxonomy":"post_tag","embeddable":true,"href":"https:\/\/kosovatimes.info\/index.php\/wp-json\/wp\/v2\/tags?post=30678"}],"curies":[{"name":"wp","href":"https:\/\/api.w.org\/{rel}","templated":true}]}}