{"id":30683,"date":"2026-09-02T21:29:26","date_gmt":"2026-09-02T19:29:26","guid":{"rendered":"https:\/\/kosovatimes.info\/?p=30683"},"modified":"2026-09-02T21:29:27","modified_gmt":"2026-09-02T19:29:27","slug":"cfare-po-ndodh-ne-ukraine-armet-e-reja-po-e-ndryshojne-luften-ukrainasit-i-surprizojne-ruset","status":"publish","type":"post","link":"https:\/\/kosovatimes.info\/index.php\/2026\/09\/02\/cfare-po-ndodh-ne-ukraine-armet-e-reja-po-e-ndryshojne-luften-ukrainasit-i-surprizojne-ruset\/","title":{"rendered":"\u00c7far\u00eb po ndodh n\u00eb Ukrain\u00eb? Arm\u00ebt e reja po e ndryshojn\u00eb luft\u00ebn, ukrainasit i surprizojn\u00eb rus\u00ebt"},"content":{"rendered":"\n<p class=\"wp-block-paragraph\">DUKE INTENSIFIKUAR sulmet me dron\u00eb n\u00eb dit\u00ebt e fundit, forcat ruse kan\u00eb demonstruar nj\u00eb ndryshim cil\u00ebsor dhe sasior n\u00eb strategjin\u00eb e luft\u00ebs ajrore. Sipas raporteve t\u00eb ndryshme t\u00eb p\u00ebrmendura nga Presidenti ukrainas Zelensky, pothuajse 1,500 dron\u00eb u l\u00ebshuan n\u00eb vet\u00ebm kat\u00ebr dit\u00eb, ku shumica ishin versioni i ri i Geran (versioni rus i Shahed t\u00eb Iranit).<\/p>\n\n\n\n<h3 class=\"wp-block-heading\">Shtytje reaktive<\/h3>\n\n\n\n<p class=\"wp-block-paragraph\">Thelbi i ndryshimit t\u00eb dronit t\u00eb ri Geran-4 \u00ebsht\u00eb sistemi i transmisionit. N\u00eb vend t\u00eb nj\u00eb motori klasik me piston, Geran-4 ka nj\u00eb motor reaktiv. Edhe pse \u00ebsht\u00eb nj\u00eb produkt shum\u00eb m\u00eb kompleks dhe i shtrenjt\u00eb, ky ndryshim sjell nj\u00eb shpejt\u00ebsi duksh\u00ebm m\u00eb t\u00eb lart\u00eb t\u00eb dronit, gj\u00eb q\u00eb zvog\u00eblon ndjesh\u00ebm mund\u00ebsin\u00eb e nj\u00eb reagimi ndaj mbrojtjes kund\u00ebrajrore. \u00cbsht\u00eb ky evolucion teknologjik q\u00eb paraqet sfida t\u00eb reja p\u00ebr mbrojtjen ajrore ukrainase.<\/p>\n\n\n\n<figure class=\"wp-block-embed is-type-rich is-provider-x wp-block-embed-x\"><div class=\"wp-block-embed__wrapper\">\n<blockquote class=\"twitter-tweet\" data-width=\"550\" data-dnt=\"true\"><p lang=\"en\" dir=\"ltr\">WATCH: Major explosion and apparent secondary detonations observed near the M06 Zhytomyr highway in Kyiv region&#39;s Bucha district. <br><br>Multiple accounts claim a Russian Geran-4 jet-powered drone struck an ammunition depot, but this has not been independently confirmed.<br><br>The footage\u2026 <a href=\"https:\/\/t.co\/7KU0u5vunb\">pic.twitter.com\/7KU0u5vunb<\/a><\/p>&mdash; Clash Report (@clashreport) <a href=\"https:\/\/x.com\/clashreport\/status\/2093407816916595194?ref_src=twsrc%5Etfw\">August 28, 2026<\/a><\/blockquote><script async src=\"https:\/\/platform.x.com\/widgets.js\" charset=\"utf-8\"><\/script>\n<\/div><\/figure>\n\n\n\n<p class=\"wp-block-paragraph\">Fillimisht, kjo nuk b\u00ebri ndonj\u00eb ndryshim dramatik, pasi dron\u00ebt me motor reaktiv p\u00ebrb\u00ebnin vet\u00ebm rreth nj\u00eb t\u00eb kat\u00ebrt\u00ebn e dron\u00ebve t\u00eb q\u00eblluar drejt Ukrain\u00ebs. Ky raport ka ndryshuar koh\u00ebt e fundit dhe tani dron\u00ebt me motor reaktiv jan\u00eb shumic\u00eb. P\u00ebrve\u00e7 k\u00ebsaj, komunikimi midis operatorit dhe dronit \u00ebsht\u00eb p\u00ebrmir\u00ebsuar. P\u00ebr shkak t\u00eb shpejt\u00ebsis\u00eb m\u00eb t\u00eb lart\u00eb dhe manovrimit m\u00eb t\u00eb madh, mbrojtja ajrore ukrainase nuk mund t&#8217;i kund\u00ebrshtoj\u00eb k\u00ebta dron\u00eb interceptor\u00eb.&nbsp;<\/p>\n\n\n\n<p class=\"wp-block-paragraph\">Ukraina po punon n\u00eb m\u00ebnyr\u00eb aktive p\u00ebr zhvillimin dhe testimin e dron\u00ebve t\u00eb saj reaktiv\u00eb n\u00eb p\u00ebrgjigje t\u00eb p\u00ebrdorimit masiv t\u00eb atyre rus\u00eb. Megjithat\u00eb, aktualisht, Ukraina \u00ebsht\u00eb e detyruar t\u00eb shpenzoj\u00eb furnizime t\u00eb pakta dhe t\u00eb shtrenjta t\u00eb raketave per\u00ebndimore t\u00eb mbrojtjes ajrore, nd\u00ebrsa angazhon avion\u00eb luftarak\u00eb.<\/p>\n\n\n\n<p class=\"wp-block-paragraph\">Sipas vler\u00ebsimeve t\u00eb k\u00ebshilltar\u00ebve t\u00eb presidentit ukrainas, Ukraina arrin t\u00eb shkat\u00ebrroj\u00eb rreth 80% t\u00eb dron\u00ebve, por 20% e mbetura arrijn\u00eb t\u00eb dep\u00ebrtojn\u00eb n\u00eb mbrojtje. Presidenti ukrainas thekson se plani \u00ebsht\u00eb q\u00eb niveli i p\u00ebrgjimit t\u00eb rritet n\u00eb m\u00eb shum\u00eb se 90% gjat\u00eb vjesht\u00ebs.<\/p>\n\n\n\n<figure class=\"wp-block-embed is-type-rich is-provider-x wp-block-embed-x\"><div class=\"wp-block-embed__wrapper\">\n<blockquote class=\"twitter-tweet\" data-width=\"550\" data-dnt=\"true\"><p lang=\"en\" dir=\"ltr\">Impact of a Russian jet-powered &quot;Geran-4&quot; on the ATB warehouse complex in the village of Pohreby, Kyiv Oblast. <a href=\"https:\/\/t.co\/aYvZMJeAc8\">pic.twitter.com\/aYvZMJeAc8<\/a><\/p>&mdash; Drone Wars (@Drone_Wars_) <a href=\"https:\/\/x.com\/Drone_Wars_\/status\/2094701921319674071?ref_src=twsrc%5Etfw\">September 1, 2026<\/a><\/blockquote><script async src=\"https:\/\/platform.x.com\/widgets.js\" charset=\"utf-8\"><\/script>\n<\/div><\/figure>\n\n\n\n<h3 class=\"wp-block-heading\">Sulme gjith\u00ebditore<\/h3>\n\n\n\n<p class=\"wp-block-paragraph\">Megjithat\u00eb, lind pyetja se sa d\u00ebme do t\u00eb p\u00ebsoj\u00eb Ukraina deri at\u00ebher\u00eb, sepse, p\u00ebrve\u00e7 sulmeve deri m\u00eb tani t\u00eb drejtuara ndaj qendrave strategjike t\u00eb logjistik\u00ebs, Rusia ka nisur nj\u00eb taktik\u00eb sulmesh gjith\u00ebditore ndaj Kievit, e cila u testua p\u00ebr her\u00eb t\u00eb par\u00eb n\u00eb maj t\u00eb k\u00ebtij viti. Dron\u00ebt sulmojn\u00eb n\u00eb grupe t\u00eb vogla nga drejtime t\u00eb ndryshme, duke krijuar k\u00ebshtu nj\u00eb gjendje presioni t\u00eb vazhduesh\u00ebm.<\/p>\n\n\n\n<p class=\"wp-block-paragraph\">Kjo taktik\u00eb ka nj\u00eb efekt t\u00eb dyfisht\u00eb. E para \u00ebsht\u00eb se mbrojtja ajrore ukrainase \u00ebsht\u00eb n\u00eb nj\u00eb gjendje presioni t\u00eb vazhduesh\u00ebm, duke zvog\u00ebluar k\u00ebshtu gatishm\u00ebrin\u00eb p\u00ebr sulme m\u00eb masive me raketa. E dyta \u00ebsht\u00eb se kjo paralizon n\u00eb m\u00ebnyr\u00eb t\u00eb vet\u00ebdijshme jet\u00ebn shoq\u00ebrore dhe ekonomike t\u00eb kryeqytetit. Pezullimi i biznesit gjat\u00eb sulmeve ajrore gjeneron domosdoshm\u00ebrisht humbje financiare, ve\u00e7an\u00ebrisht kur qyteti \u00ebsht\u00eb n\u00ebn gatishm\u00ebri t\u00eb vazhdueshme deri n\u00eb dymb\u00ebdhjet\u00eb or\u00eb n\u00eb dit\u00eb.<\/p>\n\n\n\n<figure class=\"wp-block-embed is-type-rich is-provider-x wp-block-embed-x\"><div class=\"wp-block-embed__wrapper\">\n<blockquote class=\"twitter-tweet\" data-width=\"550\" data-dnt=\"true\"><p lang=\"en\" dir=\"ltr\">Russian forces struck a Fire Point logistics center in the Vishnevoye area of Kiev region using &quot;Geran-4&quot; drones. <a href=\"https:\/\/t.co\/0mxJdMdlPq\">pic.twitter.com\/0mxJdMdlPq<\/a><\/p>&mdash; DD Geopolitics (@DD_Geopolitics) <a href=\"https:\/\/x.com\/DD_Geopolitics\/status\/2095118683479646392?ref_src=twsrc%5Etfw\">September 2, 2026<\/a><\/blockquote><script async src=\"https:\/\/platform.x.com\/widgets.js\" charset=\"utf-8\"><\/script>\n<\/div><\/figure>\n\n\n\n<h3 class=\"wp-block-heading\">Presioni ekonomik<\/h3>\n\n\n\n<p class=\"wp-block-paragraph\">Nuk \u00ebsht\u00eb sekret q\u00eb kjo strategji po zbatohet p\u00ebr t\u00eb shkaktuar d\u00ebme t\u00eb q\u00ebndrueshme ekonomike q\u00eb do t\u00eb \u00e7onin n\u00eb krijimin e presionit t\u00eb brendsh\u00ebm politik. Sipas ish-ministrit t\u00eb Jasht\u00ebm ukrainas, Dmytro Kuleba, q\u00ebllimi \u00ebsht\u00eb t\u00eb drejtohet zem\u00ebrimi civil drejt autoriteteve qendrore.<\/p>\n\n\n\n<p class=\"wp-block-paragraph\">Problematike n\u00eb t\u00eb gjith\u00eb k\u00ebt\u00eb \u00ebsht\u00eb se n\u00eb nj\u00ebfar\u00eb m\u00ebnyre autoritetet ukrainase e pranojn\u00eb k\u00ebt\u00eb skenar. Autoritetet ukrainase besojn\u00eb se do t&#8217;i z\u00ebvend\u00ebsojn\u00eb me sukses t\u00eb gjitha boshll\u00ebqet n\u00eb buxhet duke u mb\u00ebshtetur n\u00eb ndihm\u00ebn per\u00ebndimore, e cila sipas analist\u00ebve \u00ebsht\u00eb jasht\u00ebzakonisht e rrezikshme. Ukraina ende nuk heq dor\u00eb nga centralizimi i logjistik\u00ebs, gj\u00eb q\u00eb i b\u00ebn nyjet logjistike mjaft t\u00eb cenueshme.<\/p>\n\n\n\n<p class=\"wp-block-paragraph\">Sulmet ruse ndaj pikave ky\u00e7e t\u00eb logjistik\u00ebs po krijojn\u00eb kaos t\u00eb p\u00ebrhersh\u00ebm n\u00eb zinxhir\u00ebt e furnizimit, ve\u00e7an\u00ebrisht p\u00ebr eksportet e drith\u00ebrave. P\u00ebr shkak t\u00eb bllokad\u00ebs s\u00eb porteve t\u00eb Detit t\u00eb Zi, Ukraina \u00ebsht\u00eb e detyruar t\u00eb devijoj\u00eb eksportet, por p\u00ebr momentin kjo b\u00ebhet kryesisht p\u00ebrmes nj\u00eb rruge p\u00ebrmes qytetit t\u00eb Izmail, gj\u00eb q\u00eb e b\u00ebn m\u00eb t\u00eb leht\u00eb p\u00ebr ushtrin\u00eb ruse t\u00eb kryej\u00eb operacione.<\/p>\n\n\n\n<h3 class=\"wp-block-heading\">Logjistika ushtarake<\/h3>\n\n\n\n<p class=\"wp-block-paragraph\">Situata nuk \u00ebsht\u00eb shum\u00eb m\u00eb e mir\u00eb kur b\u00ebhet fjal\u00eb p\u00ebr logjistik\u00ebn ushtarake dhe objektet e industris\u00eb s\u00eb mbrojtjes. Jan\u00eb raportuar disa sulme n\u00eb t\u00eb cilat u shkat\u00ebrruan objekte p\u00ebr prodhimin e mjeteve ajrore pa pilot dhe sistemeve robotike tok\u00ebsore, si dhe depo p\u00ebr komponent\u00eb p\u00ebr raketa lundrimi.<\/p>\n\n\n\n<p class=\"wp-block-paragraph\">Gjithashtu, sulmi ndaj nj\u00eb depoje pran\u00eb Bu\u00e7\u00ebs rezultoi n\u00eb dhjet\u00ebra vdekje p\u00ebr shkak t\u00eb shp\u00ebrthimit t\u00eb depos, gj\u00eb q\u00eb krijoi edhe nj\u00eb debat publik. T\u00eb kuptuarit se depot e arm\u00ebve ndodheshin n\u00eb af\u00ebrsi t\u00eb nd\u00ebrtesave t\u00eb banimit i shtyu autoritetet t\u00eb vendosnin inspektime t\u00eb detyrueshme t\u00eb t\u00eb gjitha depove ushtarake dhe t\u00eb fillonin procedurat penale.<\/p>\n\n\n\n<h3 class=\"wp-block-heading\">Presioni n\u00eb fush\u00ebn e betej\u00ebs<\/h3>\n\n\n\n<p class=\"wp-block-paragraph\">Paralelisht me sulmet me dron\u00eb, forcat ruse po mbajn\u00eb presion t\u00eb lart\u00eb taktik n\u00eb vij\u00ebn e frontit. Megjithat\u00eb, forcat ukrainase kan\u00eb nisur nj\u00eb kund\u00ebrsulm n\u00eb zon\u00ebn Liman t\u00eb Oblastit Donetsk, gj\u00eb q\u00eb e ka habitur disi komand\u00ebn ruse, e cila nuk arriti t\u00eb d\u00ebrgoj\u00eb p\u00ebrforcimet e nevojshme n\u00eb at\u00eb drejtim n\u00eb koh\u00ebn e duhur. Ky veprim \u00ebsht\u00eb nj\u00eb goditje serioze p\u00ebr planet ruse p\u00ebr p\u00ebrparime t\u00eb m\u00ebtejshme drejt Izyum dhe Sloviansk.&nbsp;<\/p>\n\n\n\n<p class=\"wp-block-paragraph\">Shefi i ri i Shtabit t\u00eb P\u00ebrgjithsh\u00ebm, Mikhail Drapati, luajti rolin m\u00eb t\u00eb madh n\u00eb k\u00ebt\u00eb, duke kryer nj\u00eb riorganizim t\u00eb thell\u00eb t\u00eb mbrojtjes s\u00eb Donbasit. U krijuan dy zona t\u00eb qarta p\u00ebrgjegj\u00ebsie, t\u00eb udh\u00ebhequra nga komandant\u00eb me p\u00ebrvoj\u00eb si Andriy Biletsky dhe Denis Prokopenko, gj\u00eb q\u00eb tregon se sa shum\u00eb interesohet Kievi p\u00ebr ruajtjen e dy qyteteve ky\u00e7e &#8211; Kramatorsk dhe Sloviansk n\u00eb rajonin e Donetskut. Megjithat\u00eb, forcat ruse po vazhdojn\u00eb t\u00eb p\u00ebrparojn\u00eb n\u00eb drejtim t\u00eb Dobropolit.<\/p>\n\n\n\n<p class=\"wp-block-paragraph\"><\/p>\n\n\n\n<p class=\"wp-block-paragraph\">Nga ana tjet\u00ebr, forcat ruse vazhduan t\u00eb p\u00ebrparonin n\u00eb drejtimin per\u00ebndimor t\u00eb Zaporisit n\u00eb af\u00ebrsi t\u00eb qytetit t\u00eb Orehov\u00ebs. \u00cbsht\u00eb nj\u00eb fush\u00eb shum\u00eb e hapur, ku \u00ebsht\u00eb shum\u00eb e v\u00ebshtir\u00eb t\u00eb p\u00ebrparosh. Q\u00ebllimi i k\u00ebtij presioni nga forcat ruse \u00ebsht\u00eb pushtimi i Orehov\u00ebs.<\/p>\n\n\n\n<p class=\"wp-block-paragraph\">N\u00eb t\u00eb nj\u00ebjt\u00ebn koh\u00eb, pala ukrainase po p\u00ebrgatitet t\u00eb mbroj\u00eb kufirin verior pran\u00eb \u00c7ernihivit dhe n\u00eb Sumy Oblast. Edhe pse kjo zon\u00eb u sulmua p\u00ebr her\u00eb t\u00eb fundit n\u00eb fillim t\u00eb pushtimit, pala ruse ka nisur manovra t\u00eb reja n\u00eb k\u00ebt\u00eb zon\u00eb. Besohet se nuk do t\u00eb ket\u00eb m\u00eb pushtime nga Bjellorusia p\u00ebr arsye t\u00eb ndryshme, k\u00ebshtu q\u00eb Ukraina po p\u00ebrgatit fortifikime shum\u00ebshtresore n\u00eb k\u00ebt\u00eb zon\u00eb, pik\u00ebrisht pran\u00eb kufirit.&nbsp;<\/p>\n\n\n\n<p class=\"wp-block-paragraph\">Deri m\u00eb tani, nuk \u00ebsht\u00eb realiste q\u00eb forcat ruse t\u00eb b\u00ebjn\u00eb p\u00ebrparime t\u00eb m\u00ebdha n\u00eb k\u00ebt\u00eb drejtim, megjithat\u00eb, n\u00ebse mobilizimi i shpallur kryhet me t\u00eb v\u00ebrtet\u00eb me sukses, situata mund t\u00eb ndryshoj\u00eb. Megjithat\u00eb, presioni i ofensiv\u00ebs ruse vazhdon dhe me p\u00ebrmir\u00ebsimin e strategjis\u00eb s\u00eb sulmeve me dron\u00eb, situata po b\u00ebhet m\u00eb e nd\u00ebrlikuar p\u00ebr Kievin. Mbetet t\u00eb shihet se si Kievi do t\u00eb p\u00ebrshtatet me element\u00ebt e rinj t\u00eb luft\u00ebs.<\/p>\n","protected":false},"excerpt":{"rendered":"<p>DUKE INTENSIFIKUAR sulmet me dron\u00eb n\u00eb dit\u00ebt e fundit, forcat ruse kan\u00eb demonstruar nj\u00eb ndryshim cil\u00ebsor dhe sasior n\u00eb strategjin\u00eb e luft\u00ebs ajrore. Sipas raporteve t\u00eb ndryshme t\u00eb p\u00ebrmendura nga Presidenti ukrainas Zelensky, pothuajse 1,500 dron\u00eb u l\u00ebshuan n\u00eb vet\u00ebm kat\u00ebr dit\u00eb, ku shumica ishin versioni i ri i Geran (versioni rus i Shahed t\u00eb [&hellip;]<\/p>\n","protected":false},"author":4,"featured_media":30684,"comment_status":"open","ping_status":"open","sticky":false,"template":"","format":"standard","meta":{"footnotes":""},"categories":[33,30],"tags":[],"class_list":["post-30683","post","type-post","status-publish","format-standard","has-post-thumbnail","category-bote","category-lajme"],"yoast_head":"<!-- This site is optimized with the Yoast SEO plugin v27.4 - https:\/\/yoast.com\/product\/yoast-seo-wordpress\/ -->\n<title>\u00c7far\u00eb po ndodh n\u00eb Ukrain\u00eb? Arm\u00ebt e reja po e ndryshojn\u00eb luft\u00ebn, ukrainasit i surprizojn\u00eb rus\u00ebt - Kosova Times<\/title>\n<meta name=\"robots\" content=\"index, follow, max-snippet:-1, max-image-preview:large, max-video-preview:-1\" \/>\n<link rel=\"canonical\" href=\"https:\/\/kosovatimes.info\/index.php\/2026\/09\/02\/cfare-po-ndodh-ne-ukraine-armet-e-reja-po-e-ndryshojne-luften-ukrainasit-i-surprizojne-ruset\/\" \/>\n<meta property=\"og:locale\" content=\"en_US\" \/>\n<meta property=\"og:type\" content=\"article\" \/>\n<meta property=\"og:title\" content=\"\u00c7far\u00eb po ndodh n\u00eb Ukrain\u00eb? Arm\u00ebt e reja po e ndryshojn\u00eb luft\u00ebn, ukrainasit i surprizojn\u00eb rus\u00ebt - Kosova Times\" \/>\n<meta property=\"og:description\" content=\"DUKE INTENSIFIKUAR sulmet me dron\u00eb n\u00eb dit\u00ebt e fundit, forcat ruse kan\u00eb demonstruar nj\u00eb ndryshim cil\u00ebsor dhe sasior n\u00eb strategjin\u00eb e luft\u00ebs ajrore. Sipas raporteve t\u00eb ndryshme t\u00eb p\u00ebrmendura nga Presidenti ukrainas Zelensky, pothuajse 1,500 dron\u00eb u l\u00ebshuan n\u00eb vet\u00ebm kat\u00ebr dit\u00eb, ku shumica ishin versioni i ri i Geran (versioni rus i Shahed t\u00eb [&hellip;]\" \/>\n<meta property=\"og:url\" content=\"https:\/\/kosovatimes.info\/index.php\/2026\/09\/02\/cfare-po-ndodh-ne-ukraine-armet-e-reja-po-e-ndryshojne-luften-ukrainasit-i-surprizojne-ruset\/\" \/>\n<meta property=\"og:site_name\" content=\"Kosova Times\" \/>\n<meta property=\"article:published_time\" content=\"2026-09-02T19:29:26+00:00\" \/>\n<meta property=\"article:modified_time\" content=\"2026-09-02T19:29:27+00:00\" \/>\n<meta property=\"og:image\" content=\"https:\/\/kosovatimes.info\/wp-content\/uploads\/2026\/09\/zjarr.webp\" \/>\n\t<meta property=\"og:image:width\" content=\"765\" \/>\n\t<meta property=\"og:image:height\" content=\"833\" \/>\n\t<meta property=\"og:image:type\" content=\"image\/webp\" \/>\n<meta name=\"author\" content=\"i l\" \/>\n<meta name=\"twitter:card\" content=\"summary_large_image\" \/>\n<meta name=\"twitter:label1\" content=\"Written by\" \/>\n\t<meta name=\"twitter:data1\" content=\"i l\" \/>\n\t<meta name=\"twitter:label2\" content=\"Est. reading time\" \/>\n\t<meta name=\"twitter:data2\" content=\"5 minutes\" \/>\n<script type=\"application\/ld+json\" class=\"yoast-schema-graph\">{\"@context\":\"https:\\\/\\\/schema.org\",\"@graph\":[{\"@type\":\"Article\",\"@id\":\"https:\\\/\\\/kosovatimes.info\\\/index.php\\\/2026\\\/09\\\/02\\\/cfare-po-ndodh-ne-ukraine-armet-e-reja-po-e-ndryshojne-luften-ukrainasit-i-surprizojne-ruset\\\/#article\",\"isPartOf\":{\"@id\":\"https:\\\/\\\/kosovatimes.info\\\/index.php\\\/2026\\\/09\\\/02\\\/cfare-po-ndodh-ne-ukraine-armet-e-reja-po-e-ndryshojne-luften-ukrainasit-i-surprizojne-ruset\\\/\"},\"author\":{\"name\":\"i l\",\"@id\":\"https:\\\/\\\/kosovatimes.info\\\/#\\\/schema\\\/person\\\/7586712b9c512fe68085de007378c915\"},\"headline\":\"\u00c7far\u00eb po ndodh n\u00eb Ukrain\u00eb? Arm\u00ebt e reja po e ndryshojn\u00eb luft\u00ebn, ukrainasit i surprizojn\u00eb rus\u00ebt\",\"datePublished\":\"2026-09-02T19:29:26+00:00\",\"dateModified\":\"2026-09-02T19:29:27+00:00\",\"mainEntityOfPage\":{\"@id\":\"https:\\\/\\\/kosovatimes.info\\\/index.php\\\/2026\\\/09\\\/02\\\/cfare-po-ndodh-ne-ukraine-armet-e-reja-po-e-ndryshojne-luften-ukrainasit-i-surprizojne-ruset\\\/\"},\"wordCount\":1371,\"commentCount\":0,\"image\":{\"@id\":\"https:\\\/\\\/kosovatimes.info\\\/index.php\\\/2026\\\/09\\\/02\\\/cfare-po-ndodh-ne-ukraine-armet-e-reja-po-e-ndryshojne-luften-ukrainasit-i-surprizojne-ruset\\\/#primaryimage\"},\"thumbnailUrl\":\"https:\\\/\\\/kosovatimes.info\\\/wp-content\\\/uploads\\\/2026\\\/09\\\/zjarr.webp\",\"articleSection\":[\"Bot\u00eb\",\"Lajme\"],\"inLanguage\":\"en-US\",\"potentialAction\":[{\"@type\":\"CommentAction\",\"name\":\"Comment\",\"target\":[\"https:\\\/\\\/kosovatimes.info\\\/index.php\\\/2026\\\/09\\\/02\\\/cfare-po-ndodh-ne-ukraine-armet-e-reja-po-e-ndryshojne-luften-ukrainasit-i-surprizojne-ruset\\\/#respond\"]}]},{\"@type\":\"WebPage\",\"@id\":\"https:\\\/\\\/kosovatimes.info\\\/index.php\\\/2026\\\/09\\\/02\\\/cfare-po-ndodh-ne-ukraine-armet-e-reja-po-e-ndryshojne-luften-ukrainasit-i-surprizojne-ruset\\\/\",\"url\":\"https:\\\/\\\/kosovatimes.info\\\/index.php\\\/2026\\\/09\\\/02\\\/cfare-po-ndodh-ne-ukraine-armet-e-reja-po-e-ndryshojne-luften-ukrainasit-i-surprizojne-ruset\\\/\",\"name\":\"\u00c7far\u00eb po ndodh n\u00eb Ukrain\u00eb? Arm\u00ebt e reja po e ndryshojn\u00eb luft\u00ebn, ukrainasit i surprizojn\u00eb rus\u00ebt - Kosova Times\",\"isPartOf\":{\"@id\":\"https:\\\/\\\/kosovatimes.info\\\/#website\"},\"primaryImageOfPage\":{\"@id\":\"https:\\\/\\\/kosovatimes.info\\\/index.php\\\/2026\\\/09\\\/02\\\/cfare-po-ndodh-ne-ukraine-armet-e-reja-po-e-ndryshojne-luften-ukrainasit-i-surprizojne-ruset\\\/#primaryimage\"},\"image\":{\"@id\":\"https:\\\/\\\/kosovatimes.info\\\/index.php\\\/2026\\\/09\\\/02\\\/cfare-po-ndodh-ne-ukraine-armet-e-reja-po-e-ndryshojne-luften-ukrainasit-i-surprizojne-ruset\\\/#primaryimage\"},\"thumbnailUrl\":\"https:\\\/\\\/kosovatimes.info\\\/wp-content\\\/uploads\\\/2026\\\/09\\\/zjarr.webp\",\"datePublished\":\"2026-09-02T19:29:26+00:00\",\"dateModified\":\"2026-09-02T19:29:27+00:00\",\"author\":{\"@id\":\"https:\\\/\\\/kosovatimes.info\\\/#\\\/schema\\\/person\\\/7586712b9c512fe68085de007378c915\"},\"breadcrumb\":{\"@id\":\"https:\\\/\\\/kosovatimes.info\\\/index.php\\\/2026\\\/09\\\/02\\\/cfare-po-ndodh-ne-ukraine-armet-e-reja-po-e-ndryshojne-luften-ukrainasit-i-surprizojne-ruset\\\/#breadcrumb\"},\"inLanguage\":\"en-US\",\"potentialAction\":[{\"@type\":\"ReadAction\",\"target\":[\"https:\\\/\\\/kosovatimes.info\\\/index.php\\\/2026\\\/09\\\/02\\\/cfare-po-ndodh-ne-ukraine-armet-e-reja-po-e-ndryshojne-luften-ukrainasit-i-surprizojne-ruset\\\/\"]}]},{\"@type\":\"ImageObject\",\"inLanguage\":\"en-US\",\"@id\":\"https:\\\/\\\/kosovatimes.info\\\/index.php\\\/2026\\\/09\\\/02\\\/cfare-po-ndodh-ne-ukraine-armet-e-reja-po-e-ndryshojne-luften-ukrainasit-i-surprizojne-ruset\\\/#primaryimage\",\"url\":\"https:\\\/\\\/kosovatimes.info\\\/wp-content\\\/uploads\\\/2026\\\/09\\\/zjarr.webp\",\"contentUrl\":\"https:\\\/\\\/kosovatimes.info\\\/wp-content\\\/uploads\\\/2026\\\/09\\\/zjarr.webp\",\"width\":765,\"height\":833},{\"@type\":\"BreadcrumbList\",\"@id\":\"https:\\\/\\\/kosovatimes.info\\\/index.php\\\/2026\\\/09\\\/02\\\/cfare-po-ndodh-ne-ukraine-armet-e-reja-po-e-ndryshojne-luften-ukrainasit-i-surprizojne-ruset\\\/#breadcrumb\",\"itemListElement\":[{\"@type\":\"ListItem\",\"position\":1,\"name\":\"Home\",\"item\":\"https:\\\/\\\/kosovatimes.info\\\/\"},{\"@type\":\"ListItem\",\"position\":2,\"name\":\"\u00c7far\u00eb po ndodh n\u00eb Ukrain\u00eb? Arm\u00ebt e reja po e ndryshojn\u00eb luft\u00ebn, ukrainasit i surprizojn\u00eb rus\u00ebt\"}]},{\"@type\":\"WebSite\",\"@id\":\"https:\\\/\\\/kosovatimes.info\\\/#website\",\"url\":\"https:\\\/\\\/kosovatimes.info\\\/\",\"name\":\"Kosova Times\",\"description\":\"\",\"potentialAction\":[{\"@type\":\"SearchAction\",\"target\":{\"@type\":\"EntryPoint\",\"urlTemplate\":\"https:\\\/\\\/kosovatimes.info\\\/?s={search_term_string}\"},\"query-input\":{\"@type\":\"PropertyValueSpecification\",\"valueRequired\":true,\"valueName\":\"search_term_string\"}}],\"inLanguage\":\"en-US\"},{\"@type\":\"Person\",\"@id\":\"https:\\\/\\\/kosovatimes.info\\\/#\\\/schema\\\/person\\\/7586712b9c512fe68085de007378c915\",\"name\":\"i l\",\"image\":{\"@type\":\"ImageObject\",\"inLanguage\":\"en-US\",\"@id\":\"https:\\\/\\\/secure.gravatar.com\\\/avatar\\\/bad9296e02816160ae2e2435beda58222022298d5625d49fea74d18816fbb31d?s=96&d=mm&r=g\",\"url\":\"https:\\\/\\\/secure.gravatar.com\\\/avatar\\\/bad9296e02816160ae2e2435beda58222022298d5625d49fea74d18816fbb31d?s=96&d=mm&r=g\",\"contentUrl\":\"https:\\\/\\\/secure.gravatar.com\\\/avatar\\\/bad9296e02816160ae2e2435beda58222022298d5625d49fea74d18816fbb31d?s=96&d=mm&r=g\",\"caption\":\"i l\"},\"url\":\"https:\\\/\\\/kosovatimes.info\\\/index.php\\\/author\\\/iliri\\\/\"}]}<\/script>\n<!-- \/ Yoast SEO plugin. -->","yoast_head_json":{"title":"\u00c7far\u00eb po ndodh n\u00eb Ukrain\u00eb? Arm\u00ebt e reja po e ndryshojn\u00eb luft\u00ebn, ukrainasit i surprizojn\u00eb rus\u00ebt - Kosova Times","robots":{"index":"index","follow":"follow","max-snippet":"max-snippet:-1","max-image-preview":"max-image-preview:large","max-video-preview":"max-video-preview:-1"},"canonical":"https:\/\/kosovatimes.info\/index.php\/2026\/09\/02\/cfare-po-ndodh-ne-ukraine-armet-e-reja-po-e-ndryshojne-luften-ukrainasit-i-surprizojne-ruset\/","og_locale":"en_US","og_type":"article","og_title":"\u00c7far\u00eb po ndodh n\u00eb Ukrain\u00eb? Arm\u00ebt e reja po e ndryshojn\u00eb luft\u00ebn, ukrainasit i surprizojn\u00eb rus\u00ebt - Kosova Times","og_description":"DUKE INTENSIFIKUAR sulmet me dron\u00eb n\u00eb dit\u00ebt e fundit, forcat ruse kan\u00eb demonstruar nj\u00eb ndryshim cil\u00ebsor dhe sasior n\u00eb strategjin\u00eb e luft\u00ebs ajrore. Sipas raporteve t\u00eb ndryshme t\u00eb p\u00ebrmendura nga Presidenti ukrainas Zelensky, pothuajse 1,500 dron\u00eb u l\u00ebshuan n\u00eb vet\u00ebm kat\u00ebr dit\u00eb, ku shumica ishin versioni i ri i Geran (versioni rus i Shahed t\u00eb [&hellip;]","og_url":"https:\/\/kosovatimes.info\/index.php\/2026\/09\/02\/cfare-po-ndodh-ne-ukraine-armet-e-reja-po-e-ndryshojne-luften-ukrainasit-i-surprizojne-ruset\/","og_site_name":"Kosova Times","article_published_time":"2026-09-02T19:29:26+00:00","article_modified_time":"2026-09-02T19:29:27+00:00","og_image":[{"width":765,"height":833,"url":"https:\/\/kosovatimes.info\/wp-content\/uploads\/2026\/09\/zjarr.webp","type":"image\/webp"}],"author":"i l","twitter_card":"summary_large_image","twitter_misc":{"Written by":"i l","Est. reading time":"5 minutes"},"schema":{"@context":"https:\/\/schema.org","@graph":[{"@type":"Article","@id":"https:\/\/kosovatimes.info\/index.php\/2026\/09\/02\/cfare-po-ndodh-ne-ukraine-armet-e-reja-po-e-ndryshojne-luften-ukrainasit-i-surprizojne-ruset\/#article","isPartOf":{"@id":"https:\/\/kosovatimes.info\/index.php\/2026\/09\/02\/cfare-po-ndodh-ne-ukraine-armet-e-reja-po-e-ndryshojne-luften-ukrainasit-i-surprizojne-ruset\/"},"author":{"name":"i l","@id":"https:\/\/kosovatimes.info\/#\/schema\/person\/7586712b9c512fe68085de007378c915"},"headline":"\u00c7far\u00eb po ndodh n\u00eb Ukrain\u00eb? Arm\u00ebt e reja po e ndryshojn\u00eb luft\u00ebn, ukrainasit i surprizojn\u00eb rus\u00ebt","datePublished":"2026-09-02T19:29:26+00:00","dateModified":"2026-09-02T19:29:27+00:00","mainEntityOfPage":{"@id":"https:\/\/kosovatimes.info\/index.php\/2026\/09\/02\/cfare-po-ndodh-ne-ukraine-armet-e-reja-po-e-ndryshojne-luften-ukrainasit-i-surprizojne-ruset\/"},"wordCount":1371,"commentCount":0,"image":{"@id":"https:\/\/kosovatimes.info\/index.php\/2026\/09\/02\/cfare-po-ndodh-ne-ukraine-armet-e-reja-po-e-ndryshojne-luften-ukrainasit-i-surprizojne-ruset\/#primaryimage"},"thumbnailUrl":"https:\/\/kosovatimes.info\/wp-content\/uploads\/2026\/09\/zjarr.webp","articleSection":["Bot\u00eb","Lajme"],"inLanguage":"en-US","potentialAction":[{"@type":"CommentAction","name":"Comment","target":["https:\/\/kosovatimes.info\/index.php\/2026\/09\/02\/cfare-po-ndodh-ne-ukraine-armet-e-reja-po-e-ndryshojne-luften-ukrainasit-i-surprizojne-ruset\/#respond"]}]},{"@type":"WebPage","@id":"https:\/\/kosovatimes.info\/index.php\/2026\/09\/02\/cfare-po-ndodh-ne-ukraine-armet-e-reja-po-e-ndryshojne-luften-ukrainasit-i-surprizojne-ruset\/","url":"https:\/\/kosovatimes.info\/index.php\/2026\/09\/02\/cfare-po-ndodh-ne-ukraine-armet-e-reja-po-e-ndryshojne-luften-ukrainasit-i-surprizojne-ruset\/","name":"\u00c7far\u00eb po ndodh n\u00eb Ukrain\u00eb? Arm\u00ebt e reja po e ndryshojn\u00eb luft\u00ebn, ukrainasit i surprizojn\u00eb rus\u00ebt - Kosova Times","isPartOf":{"@id":"https:\/\/kosovatimes.info\/#website"},"primaryImageOfPage":{"@id":"https:\/\/kosovatimes.info\/index.php\/2026\/09\/02\/cfare-po-ndodh-ne-ukraine-armet-e-reja-po-e-ndryshojne-luften-ukrainasit-i-surprizojne-ruset\/#primaryimage"},"image":{"@id":"https:\/\/kosovatimes.info\/index.php\/2026\/09\/02\/cfare-po-ndodh-ne-ukraine-armet-e-reja-po-e-ndryshojne-luften-ukrainasit-i-surprizojne-ruset\/#primaryimage"},"thumbnailUrl":"https:\/\/kosovatimes.info\/wp-content\/uploads\/2026\/09\/zjarr.webp","datePublished":"2026-09-02T19:29:26+00:00","dateModified":"2026-09-02T19:29:27+00:00","author":{"@id":"https:\/\/kosovatimes.info\/#\/schema\/person\/7586712b9c512fe68085de007378c915"},"breadcrumb":{"@id":"https:\/\/kosovatimes.info\/index.php\/2026\/09\/02\/cfare-po-ndodh-ne-ukraine-armet-e-reja-po-e-ndryshojne-luften-ukrainasit-i-surprizojne-ruset\/#breadcrumb"},"inLanguage":"en-US","potentialAction":[{"@type":"ReadAction","target":["https:\/\/kosovatimes.info\/index.php\/2026\/09\/02\/cfare-po-ndodh-ne-ukraine-armet-e-reja-po-e-ndryshojne-luften-ukrainasit-i-surprizojne-ruset\/"]}]},{"@type":"ImageObject","inLanguage":"en-US","@id":"https:\/\/kosovatimes.info\/index.php\/2026\/09\/02\/cfare-po-ndodh-ne-ukraine-armet-e-reja-po-e-ndryshojne-luften-ukrainasit-i-surprizojne-ruset\/#primaryimage","url":"https:\/\/kosovatimes.info\/wp-content\/uploads\/2026\/09\/zjarr.webp","contentUrl":"https:\/\/kosovatimes.info\/wp-content\/uploads\/2026\/09\/zjarr.webp","width":765,"height":833},{"@type":"BreadcrumbList","@id":"https:\/\/kosovatimes.info\/index.php\/2026\/09\/02\/cfare-po-ndodh-ne-ukraine-armet-e-reja-po-e-ndryshojne-luften-ukrainasit-i-surprizojne-ruset\/#breadcrumb","itemListElement":[{"@type":"ListItem","position":1,"name":"Home","item":"https:\/\/kosovatimes.info\/"},{"@type":"ListItem","position":2,"name":"\u00c7far\u00eb po ndodh n\u00eb Ukrain\u00eb? Arm\u00ebt e reja po e ndryshojn\u00eb luft\u00ebn, ukrainasit i surprizojn\u00eb rus\u00ebt"}]},{"@type":"WebSite","@id":"https:\/\/kosovatimes.info\/#website","url":"https:\/\/kosovatimes.info\/","name":"Kosova Times","description":"","potentialAction":[{"@type":"SearchAction","target":{"@type":"EntryPoint","urlTemplate":"https:\/\/kosovatimes.info\/?s={search_term_string}"},"query-input":{"@type":"PropertyValueSpecification","valueRequired":true,"valueName":"search_term_string"}}],"inLanguage":"en-US"},{"@type":"Person","@id":"https:\/\/kosovatimes.info\/#\/schema\/person\/7586712b9c512fe68085de007378c915","name":"i l","image":{"@type":"ImageObject","inLanguage":"en-US","@id":"https:\/\/secure.gravatar.com\/avatar\/bad9296e02816160ae2e2435beda58222022298d5625d49fea74d18816fbb31d?s=96&d=mm&r=g","url":"https:\/\/secure.gravatar.com\/avatar\/bad9296e02816160ae2e2435beda58222022298d5625d49fea74d18816fbb31d?s=96&d=mm&r=g","contentUrl":"https:\/\/secure.gravatar.com\/avatar\/bad9296e02816160ae2e2435beda58222022298d5625d49fea74d18816fbb31d?s=96&d=mm&r=g","caption":"i l"},"url":"https:\/\/kosovatimes.info\/index.php\/author\/iliri\/"}]}},"_links":{"self":[{"href":"https:\/\/kosovatimes.info\/index.php\/wp-json\/wp\/v2\/posts\/30683","targetHints":{"allow":["GET"]}}],"collection":[{"href":"https:\/\/kosovatimes.info\/index.php\/wp-json\/wp\/v2\/posts"}],"about":[{"href":"https:\/\/kosovatimes.info\/index.php\/wp-json\/wp\/v2\/types\/post"}],"author":[{"embeddable":true,"href":"https:\/\/kosovatimes.info\/index.php\/wp-json\/wp\/v2\/users\/4"}],"replies":[{"embeddable":true,"href":"https:\/\/kosovatimes.info\/index.php\/wp-json\/wp\/v2\/comments?post=30683"}],"version-history":[{"count":1,"href":"https:\/\/kosovatimes.info\/index.php\/wp-json\/wp\/v2\/posts\/30683\/revisions"}],"predecessor-version":[{"id":30685,"href":"https:\/\/kosovatimes.info\/index.php\/wp-json\/wp\/v2\/posts\/30683\/revisions\/30685"}],"wp:featuredmedia":[{"embeddable":true,"href":"https:\/\/kosovatimes.info\/index.php\/wp-json\/wp\/v2\/media\/30684"}],"wp:attachment":[{"href":"https:\/\/kosovatimes.info\/index.php\/wp-json\/wp\/v2\/media?parent=30683"}],"wp:term":[{"taxonomy":"category","embeddable":true,"href":"https:\/\/kosovatimes.info\/index.php\/wp-json\/wp\/v2\/categories?post=30683"},{"taxonomy":"post_tag","embeddable":true,"href":"https:\/\/kosovatimes.info\/index.php\/wp-json\/wp\/v2\/tags?post=30683"}],"curies":[{"name":"wp","href":"https:\/\/api.w.org\/{rel}","templated":true}]}}