{"id":30689,"date":"2026-09-02T21:39:04","date_gmt":"2026-09-02T19:39:04","guid":{"rendered":"https:\/\/kosovatimes.info\/?p=30689"},"modified":"2026-09-02T21:39:05","modified_gmt":"2026-09-02T19:39:05","slug":"qindra-njerez-nga-ballkani-do-te-deportohen-nga-gjermania","status":"publish","type":"post","link":"https:\/\/kosovatimes.info\/index.php\/2026\/09\/02\/qindra-njerez-nga-ballkani-do-te-deportohen-nga-gjermania\/","title":{"rendered":"Qindra njer\u00ebz nga Ballkani do t\u00eb deportohen nga Gjermania"},"content":{"rendered":"\n<p class=\"wp-block-paragraph\">DHJET\u00cb vrasje dhe l\u00ebndime trupore, p\u00ebrdhunime, qindra ose mij\u00ebra vepra penale q\u00eb lidhen me drog\u00ebn, mashtrime, vjedhje me thyerje, grabitje xhepash&#8230; Nj\u00eb total prej rreth 12,000 procedurash hetimore jan\u00eb zhvilluar ose po zhvillohen kund\u00ebr rreth 2,100 t\u00eb huajve nga Iraku dhe vendet e Ballkanit, t\u00eb cil\u00ebve tashm\u00eb u \u00ebsht\u00eb l\u00ebshuar nj\u00eb vendim q\u00eb u k\u00ebrkon t\u00eb largohen nga Gjermania ose t\u00eb deportohen.<\/p>\n\n\n\n<p class=\"wp-block-paragraph\">Kjo u njoftua nga gazeta e K\u00eblnit K\u00f6lner Stadt-Anzeiger, duke cituar t\u00eb dh\u00ebna nga Zyra p\u00ebr Luft\u00ebn Kund\u00ebr Krimit n\u00eb shtetin e Rhein-Westfalis\u00eb Veriore. T\u00eb dh\u00ebnat i referohen 6,800 t\u00eb huajve q\u00eb duhet t\u00eb largohen nga Gjermania, nga regjistri i vet\u00ebm dy qendrave p\u00ebr t\u00eb huajt n\u00eb Unna dhe Coesfeld. Nga t\u00eb dh\u00ebnat nuk dihet se sa hetime u shnd\u00ebrruan n\u00eb procedime penale dhe sa persona u d\u00ebnuan p\u00ebrfundimisht.<\/p>\n\n\n\n<h3 class=\"wp-block-heading\">Lista p\u00ebr Ballkanin Per\u00ebndimor<\/h3>\n\n\n\n<p class=\"wp-block-paragraph\">Gazeta merret ve\u00e7an\u00ebrisht me hetimet kund\u00ebr njer\u00ebzve q\u00eb jetojn\u00eb n\u00eb zon\u00ebn metropolitane t\u00eb K\u00eblnit dhe pohon se an\u00ebtar\u00ebt individual\u00eb t\u00eb &#8220;klaneve&#8221; kan\u00eb nga 150 akuza penale secili. &#8220;Kjo p\u00ebrfshin vepra t\u00eb vogla penale si drejtimi i automjetit pa gjob\u00eb ose prishja e rendit dhe qet\u00ebsis\u00eb publike.&#8221;<\/p>\n\n\n\n<p class=\"wp-block-paragraph\">\u00cbsht\u00eb interesante se ka dyshime se zyra e imigracionit n\u00eb K\u00ebln ka vonuar ose edhe ka penguar q\u00ebllimisht d\u00ebbimet e disa autor\u00ebve t\u00eb krimit.<\/p>\n\n\n\n<p class=\"wp-block-paragraph\">Konkretisht, zyra qendrore n\u00eb Coesfeld, p\u00ebrgjegj\u00ebse p\u00ebr azilk\u00ebrkuesit e refuzuar nga Ballkani Per\u00ebndimor, i d\u00ebrgoi zyr\u00ebs n\u00eb K\u00ebln nj\u00eb list\u00eb me 471 emra t\u00eb t\u00eb huajve q\u00eb duhet t\u00eb largohen nga vendi n\u00eb n\u00ebntor 2024. T\u00eb gjith\u00eb ata jan\u00eb me origjin\u00eb nga Serbia, Maqedonia e Veriut, Bosnja dhe Hercegovina, Shqip\u00ebria dhe Kosova.<\/p>\n\n\n\n<p class=\"wp-block-paragraph\">Coesfeld ofroi ndihm\u00eb n\u00eb l\u00ebshimin e dokumenteve t\u00eb p\u00ebrkohshme t\u00eb udh\u00ebtimit p\u00ebr ata q\u00eb nuk kan\u00eb pasaporta p\u00ebr t&#8217;u deportuar. P\u00ebrgjigja e vetme nga K\u00eblni erdhi nga departamenti p\u00ebrgjegj\u00ebs p\u00ebr 218 t\u00eb huajt q\u00eb kan\u00eb nj\u00eb shans p\u00ebr t\u00eb q\u00ebndruar. Ata shkruan se ndihma me dokumentet e udh\u00ebtimit nuk ishte e nevojshme.<\/p>\n\n\n\n<h3 class=\"wp-block-heading\">Mohimet nga K\u00eblni<\/h3>\n\n\n\n<p class=\"wp-block-paragraph\">P\u00ebrkundrazi, u tha se po shqyrtojn\u00eb m\u00ebnyr\u00ebn se si t&#8217;u mund\u00ebsojn\u00eb k\u00ebtyre njer\u00ebzve t\u00eb q\u00ebndrojn\u00eb p\u00ebrgjithmon\u00eb n\u00eb Gjermani. Nd\u00ebrkoh\u00eb, 40 persona nga ajo list\u00eb u hoq\u00ebn nga lista e atyre q\u00eb lejohen t\u00eb q\u00ebndrojn\u00eb, pa shpjegime publike.<\/p>\n\n\n\n<p class=\"wp-block-paragraph\">Kur nj\u00eb gazet\u00eb e K\u00eblnit publikoi list\u00ebn k\u00ebt\u00eb gusht, \u00e7\u00ebshtja e goditi r\u00ebnd\u00eb politikisht K\u00eblnin. &#8220;Kritik\u00ebt akuzuan administrat\u00ebn e qytetit p\u00ebr pengimin e q\u00ebllimsh\u00ebm t\u00eb d\u00ebbimeve dhe injorimin e ligjit n\u00eb fuqi&#8221;, shkruan gazeta berlineze taz.<\/p>\n\n\n\n<figure class=\"wp-block-image\"><img decoding=\"async\" src=\"https:\/\/ip.index.hr\/remote\/bucket.index.hr\/b\/index\/91bccf86-10c0-4a83-8bf0-d328f592b890.png?width=765\" alt=\"\"\/><\/figure>\n\n\n\n<p class=\"wp-block-paragraph\">Kujtohet se Detlef Seif, nj\u00eb an\u00ebtar i partis\u00eb n\u00eb pushtet Kristian Demokrate t\u00eb Kancelarit Friedrich Merz, kritikoi autoritetet e K\u00eblnit p\u00ebr &#8220;shp\u00ebrfillje flagrante t\u00eb udh\u00ebzimeve federale&#8221;. Tabloidi Bild raportoi k\u00ebt\u00eb t\u00eb mart\u00eb (1 shtator): &#8220;N\u00eb vend q\u00eb t&#8217;i p\u00ebrjashtonte, qyteti i K\u00eblnit preferoi t&#8217;i &#8216;integronte&#8217; &#8211; dhe me sa duket e futi list\u00ebn n\u00eb nj\u00eb sirtar. Nj\u00eb skandal i pabesuesh\u00ebm institucional!&#8221;<\/p>\n\n\n\n<p class=\"wp-block-paragraph\">Shum\u00eb nga njer\u00ebzit n\u00eb list\u00eb kan\u00eb ose kan\u00eb pasur t\u00eb ashtuquajturin &#8220;Duldung&#8221; &#8211; statusin e vuajtur. Kjo do t\u00eb thot\u00eb se ata nuk njihen si refugjat\u00eb ose azilk\u00ebrkues, por p\u00ebr momentin, p\u00ebr arsye t\u00eb ndryshme si arsye sh\u00ebndet\u00ebsore ose mungesa e dokumenteve, q\u00ebndrimi i tyre n\u00eb Gjermani tolerohet.<\/p>\n\n\n\n<h3 class=\"wp-block-heading\">Vendi duhet ta pranoj\u00eb kthimin<\/h3>\n\n\n\n<p class=\"wp-block-paragraph\">Organizatat q\u00eb mb\u00ebshtesin q\u00ebndrimin e tyre paralajm\u00ebrojn\u00eb se lista p\u00ebrfshin shum\u00eb hetime p\u00ebr krime t\u00eb vogla, dhe jo ato m\u00eb t\u00eb r\u00ebndat q\u00eb, sipas ligjit, mund t\u00eb \u00e7ojn\u00eb n\u00eb deportim.<\/p>\n\n\n\n<p class=\"wp-block-paragraph\">Kontrolli i par\u00eb nga Zyra e t\u00eb Huajve n\u00eb K\u00ebln tregoi se askush n\u00eb K\u00ebln nuk i p\u00ebrjashtoi kategorikisht d\u00ebbimet si nj\u00eb mund\u00ebsi ose nuk i parandaloi ato. Megjithat\u00eb, si\u00e7 shkruan taz, \u00ebsht\u00eb ende e paqart\u00eb pse askush n\u00eb K\u00ebln nuk iu p\u00ebrgjigj n\u00eb m\u00ebnyr\u00eb qendrore dhe gjith\u00ebp\u00ebrfshir\u00ebse pyetjes s\u00eb Coesfeld.<\/p>\n\n\n\n<p class=\"wp-block-paragraph\">Gjithashtu \u00ebsht\u00eb e paqart\u00eb se n\u00eb sa raste \u00ebsht\u00eb tentuar deportimi. Q\u00eb kjo t\u00eb ket\u00eb sukses, duhet t\u00eb p\u00ebrputhen shum\u00eb detaje &#8211; vendi i origjin\u00ebs duhet ta pranoj\u00eb kthimin dhe policia duhet t&#8217;i gjej\u00eb njer\u00ebzit kur t\u00eb planifikohet fluturimi i deportimit. Dhe kjo \u00ebsht\u00eb shum\u00eb e v\u00ebshtir\u00eb.<\/p>\n\n\n\n<p class=\"wp-block-paragraph\">K\u00f6lner Stadt-Anzeiger shkruan gjithashtu se n\u00eb dy vitet e m\u00ebparshme, q\u00eb nga d\u00ebrgimi i list\u00ebs, deri n\u00eb 152 persona nga ajo ishin p\u00ebrs\u00ebri cak i hetimeve p\u00ebr vepra t\u00eb mundshme penale. Disa media thon\u00eb se b\u00ebhet fjal\u00eb pothuajse ekskluzivisht p\u00ebr rom\u00ebt nga Serbia dhe vendet fqinje. Gazeta konservatore Welt pretendon k\u00ebshtu se K\u00eblni pengoi deportimin e &#8220;rom\u00ebve q\u00eb kan\u00eb kryer vepra penale dhe jan\u00eb t\u00eb detyruar t\u00eb largohen nga vendi&#8221;.<\/p>\n\n\n\n<h3 class=\"wp-block-heading\">Persekutimi i rom\u00ebve<\/h3>\n\n\n\n<p class=\"wp-block-paragraph\">Ruzhija Sejdoviq nga organizata Rom eV, e cila avokon q\u00eb emigrant\u00ebt t\u00eb q\u00ebndrojn\u00eb n\u00eb K\u00ebln, supozon se nj\u00eb pjes\u00eb e madhe e njer\u00ebzve n\u00eb k\u00ebt\u00eb list\u00eb jan\u00eb me t\u00eb v\u00ebrtet\u00eb me origjin\u00eb rome dhe shton se ata i ndjekin me shqet\u00ebsim raportimet e tilla sepse t\u00eb gjith\u00eb rom\u00ebt po akuzohen n\u00eb nj\u00eb m\u00ebnyr\u00eb kaq t\u00eb p\u00ebrgjithshme.<\/p>\n\n\n\n<p class=\"wp-block-paragraph\">K\u00ebt\u00eb t\u00eb m\u00ebrkur\u00eb, k\u00ebshilli i qytetit n\u00eb K\u00ebln po merret p\u00ebrs\u00ebri me \u00e7\u00ebshtjen, dhe jurist\u00eb nga administrata e qytetit po analizojn\u00eb t\u00eb gjith\u00eb list\u00ebn. Alarmi u dha edhe n\u00eb qeverin\u00eb provinciale n\u00eb D\u00fcsseldorf, ku koalicioni p\u00ebrb\u00ebhet nga Kristian Demokrat\u00ebt dhe t\u00eb Gjelbrit.<\/p>\n\n\n\n<p class=\"wp-block-paragraph\">N\u00eb planin afatgjat\u00eb, \u00e7\u00ebshtja \u00ebsht\u00eb politikisht e ndjeshme n\u00eb nj\u00eb koh\u00eb kur po fiton forc\u00eb Alternativa e krahut t\u00eb djatht\u00eb p\u00ebr Gjermanin\u00eb (AfD), tema kryesore e s\u00eb cil\u00ebs jan\u00eb pik\u00ebrisht &#8220;emigrant\u00ebt e paligjsh\u00ebm&#8221; dhe mungesa e vullnetit t\u00eb supozuar t\u00eb autoriteteve p\u00ebr t&#8217;i d\u00ebbuar ata nga vendi.<\/p>\n\n\n\n<p class=\"wp-block-paragraph\">Vitin e kaluar, 245 persona u deportuan nga zona e K\u00eblnit, dhe deri m\u00eb tani k\u00ebt\u00eb vit, 115 &#8211; m\u00eb shum\u00eb se gjysma e tyre jan\u00eb t\u00eb regjistruar si kriminel\u00eb. Rreth nj\u00eb e treta e k\u00ebtyre personave jan\u00eb kthyer n\u00eb vendet e Ballkanit Per\u00ebndimor. Nuk \u00ebsht\u00eb e qart\u00eb se sa prej tyre p\u00ebrputhen me list\u00ebn kontroverse q\u00eb ka shkaktuar trazira n\u00eb publik k\u00ebto dit\u00eb.<\/p>\n","protected":false},"excerpt":{"rendered":"<p>DHJET\u00cb vrasje dhe l\u00ebndime trupore, p\u00ebrdhunime, qindra ose mij\u00ebra vepra penale q\u00eb lidhen me drog\u00ebn, mashtrime, vjedhje me thyerje, grabitje xhepash&#8230; Nj\u00eb total prej rreth 12,000 procedurash hetimore jan\u00eb zhvilluar ose po zhvillohen kund\u00ebr rreth 2,100 t\u00eb huajve nga Iraku dhe vendet e Ballkanit, t\u00eb cil\u00ebve tashm\u00eb u \u00ebsht\u00eb l\u00ebshuar nj\u00eb vendim q\u00eb u k\u00ebrkon [&hellip;]<\/p>\n","protected":false},"author":4,"featured_media":30690,"comment_status":"open","ping_status":"open","sticky":false,"template":"","format":"standard","meta":{"footnotes":""},"categories":[33,30],"tags":[],"class_list":["post-30689","post","type-post","status-publish","format-standard","has-post-thumbnail","category-bote","category-lajme"],"yoast_head":"<!-- This site is optimized with the Yoast SEO plugin v27.4 - https:\/\/yoast.com\/product\/yoast-seo-wordpress\/ -->\n<title>Qindra njer\u00ebz nga Ballkani do t\u00eb deportohen nga Gjermania - Kosova Times<\/title>\n<meta name=\"robots\" content=\"index, follow, max-snippet:-1, max-image-preview:large, max-video-preview:-1\" \/>\n<link rel=\"canonical\" href=\"https:\/\/kosovatimes.info\/index.php\/2026\/09\/02\/qindra-njerez-nga-ballkani-do-te-deportohen-nga-gjermania\/\" \/>\n<meta property=\"og:locale\" content=\"en_US\" \/>\n<meta property=\"og:type\" content=\"article\" \/>\n<meta property=\"og:title\" content=\"Qindra njer\u00ebz nga Ballkani do t\u00eb deportohen nga Gjermania - Kosova Times\" \/>\n<meta property=\"og:description\" content=\"DHJET\u00cb vrasje dhe l\u00ebndime trupore, p\u00ebrdhunime, qindra ose mij\u00ebra vepra penale q\u00eb lidhen me drog\u00ebn, mashtrime, vjedhje me thyerje, grabitje xhepash&#8230; Nj\u00eb total prej rreth 12,000 procedurash hetimore jan\u00eb zhvilluar ose po zhvillohen kund\u00ebr rreth 2,100 t\u00eb huajve nga Iraku dhe vendet e Ballkanit, t\u00eb cil\u00ebve tashm\u00eb u \u00ebsht\u00eb l\u00ebshuar nj\u00eb vendim q\u00eb u k\u00ebrkon [&hellip;]\" \/>\n<meta property=\"og:url\" content=\"https:\/\/kosovatimes.info\/index.php\/2026\/09\/02\/qindra-njerez-nga-ballkani-do-te-deportohen-nga-gjermania\/\" \/>\n<meta property=\"og:site_name\" content=\"Kosova Times\" \/>\n<meta property=\"article:published_time\" content=\"2026-09-02T19:39:04+00:00\" \/>\n<meta property=\"article:modified_time\" content=\"2026-09-02T19:39:05+00:00\" \/>\n<meta property=\"og:image\" content=\"https:\/\/kosovatimes.info\/wp-content\/uploads\/2026\/09\/gjermani-1.jpg\" \/>\n\t<meta property=\"og:image:width\" content=\"765\" \/>\n\t<meta property=\"og:image:height\" content=\"523\" \/>\n\t<meta property=\"og:image:type\" content=\"image\/jpeg\" \/>\n<meta name=\"author\" content=\"i l\" \/>\n<meta name=\"twitter:card\" content=\"summary_large_image\" \/>\n<meta name=\"twitter:label1\" content=\"Written by\" \/>\n\t<meta name=\"twitter:data1\" content=\"i l\" \/>\n\t<meta name=\"twitter:label2\" content=\"Est. reading time\" \/>\n\t<meta name=\"twitter:data2\" content=\"5 minutes\" \/>\n<script type=\"application\/ld+json\" class=\"yoast-schema-graph\">{\"@context\":\"https:\\\/\\\/schema.org\",\"@graph\":[{\"@type\":\"Article\",\"@id\":\"https:\\\/\\\/kosovatimes.info\\\/index.php\\\/2026\\\/09\\\/02\\\/qindra-njerez-nga-ballkani-do-te-deportohen-nga-gjermania\\\/#article\",\"isPartOf\":{\"@id\":\"https:\\\/\\\/kosovatimes.info\\\/index.php\\\/2026\\\/09\\\/02\\\/qindra-njerez-nga-ballkani-do-te-deportohen-nga-gjermania\\\/\"},\"author\":{\"name\":\"i l\",\"@id\":\"https:\\\/\\\/kosovatimes.info\\\/#\\\/schema\\\/person\\\/7586712b9c512fe68085de007378c915\"},\"headline\":\"Qindra njer\u00ebz nga Ballkani do t\u00eb deportohen nga Gjermania\",\"datePublished\":\"2026-09-02T19:39:04+00:00\",\"dateModified\":\"2026-09-02T19:39:05+00:00\",\"mainEntityOfPage\":{\"@id\":\"https:\\\/\\\/kosovatimes.info\\\/index.php\\\/2026\\\/09\\\/02\\\/qindra-njerez-nga-ballkani-do-te-deportohen-nga-gjermania\\\/\"},\"wordCount\":1083,\"commentCount\":0,\"image\":{\"@id\":\"https:\\\/\\\/kosovatimes.info\\\/index.php\\\/2026\\\/09\\\/02\\\/qindra-njerez-nga-ballkani-do-te-deportohen-nga-gjermania\\\/#primaryimage\"},\"thumbnailUrl\":\"https:\\\/\\\/kosovatimes.info\\\/wp-content\\\/uploads\\\/2026\\\/09\\\/gjermani-1.jpg\",\"articleSection\":[\"Bot\u00eb\",\"Lajme\"],\"inLanguage\":\"en-US\",\"potentialAction\":[{\"@type\":\"CommentAction\",\"name\":\"Comment\",\"target\":[\"https:\\\/\\\/kosovatimes.info\\\/index.php\\\/2026\\\/09\\\/02\\\/qindra-njerez-nga-ballkani-do-te-deportohen-nga-gjermania\\\/#respond\"]}]},{\"@type\":\"WebPage\",\"@id\":\"https:\\\/\\\/kosovatimes.info\\\/index.php\\\/2026\\\/09\\\/02\\\/qindra-njerez-nga-ballkani-do-te-deportohen-nga-gjermania\\\/\",\"url\":\"https:\\\/\\\/kosovatimes.info\\\/index.php\\\/2026\\\/09\\\/02\\\/qindra-njerez-nga-ballkani-do-te-deportohen-nga-gjermania\\\/\",\"name\":\"Qindra njer\u00ebz nga Ballkani do t\u00eb deportohen nga Gjermania - Kosova Times\",\"isPartOf\":{\"@id\":\"https:\\\/\\\/kosovatimes.info\\\/#website\"},\"primaryImageOfPage\":{\"@id\":\"https:\\\/\\\/kosovatimes.info\\\/index.php\\\/2026\\\/09\\\/02\\\/qindra-njerez-nga-ballkani-do-te-deportohen-nga-gjermania\\\/#primaryimage\"},\"image\":{\"@id\":\"https:\\\/\\\/kosovatimes.info\\\/index.php\\\/2026\\\/09\\\/02\\\/qindra-njerez-nga-ballkani-do-te-deportohen-nga-gjermania\\\/#primaryimage\"},\"thumbnailUrl\":\"https:\\\/\\\/kosovatimes.info\\\/wp-content\\\/uploads\\\/2026\\\/09\\\/gjermani-1.jpg\",\"datePublished\":\"2026-09-02T19:39:04+00:00\",\"dateModified\":\"2026-09-02T19:39:05+00:00\",\"author\":{\"@id\":\"https:\\\/\\\/kosovatimes.info\\\/#\\\/schema\\\/person\\\/7586712b9c512fe68085de007378c915\"},\"breadcrumb\":{\"@id\":\"https:\\\/\\\/kosovatimes.info\\\/index.php\\\/2026\\\/09\\\/02\\\/qindra-njerez-nga-ballkani-do-te-deportohen-nga-gjermania\\\/#breadcrumb\"},\"inLanguage\":\"en-US\",\"potentialAction\":[{\"@type\":\"ReadAction\",\"target\":[\"https:\\\/\\\/kosovatimes.info\\\/index.php\\\/2026\\\/09\\\/02\\\/qindra-njerez-nga-ballkani-do-te-deportohen-nga-gjermania\\\/\"]}]},{\"@type\":\"ImageObject\",\"inLanguage\":\"en-US\",\"@id\":\"https:\\\/\\\/kosovatimes.info\\\/index.php\\\/2026\\\/09\\\/02\\\/qindra-njerez-nga-ballkani-do-te-deportohen-nga-gjermania\\\/#primaryimage\",\"url\":\"https:\\\/\\\/kosovatimes.info\\\/wp-content\\\/uploads\\\/2026\\\/09\\\/gjermani-1.jpg\",\"contentUrl\":\"https:\\\/\\\/kosovatimes.info\\\/wp-content\\\/uploads\\\/2026\\\/09\\\/gjermani-1.jpg\",\"width\":765,\"height\":523},{\"@type\":\"BreadcrumbList\",\"@id\":\"https:\\\/\\\/kosovatimes.info\\\/index.php\\\/2026\\\/09\\\/02\\\/qindra-njerez-nga-ballkani-do-te-deportohen-nga-gjermania\\\/#breadcrumb\",\"itemListElement\":[{\"@type\":\"ListItem\",\"position\":1,\"name\":\"Home\",\"item\":\"https:\\\/\\\/kosovatimes.info\\\/\"},{\"@type\":\"ListItem\",\"position\":2,\"name\":\"Qindra njer\u00ebz nga Ballkani do t\u00eb deportohen nga Gjermania\"}]},{\"@type\":\"WebSite\",\"@id\":\"https:\\\/\\\/kosovatimes.info\\\/#website\",\"url\":\"https:\\\/\\\/kosovatimes.info\\\/\",\"name\":\"Kosova Times\",\"description\":\"\",\"potentialAction\":[{\"@type\":\"SearchAction\",\"target\":{\"@type\":\"EntryPoint\",\"urlTemplate\":\"https:\\\/\\\/kosovatimes.info\\\/?s={search_term_string}\"},\"query-input\":{\"@type\":\"PropertyValueSpecification\",\"valueRequired\":true,\"valueName\":\"search_term_string\"}}],\"inLanguage\":\"en-US\"},{\"@type\":\"Person\",\"@id\":\"https:\\\/\\\/kosovatimes.info\\\/#\\\/schema\\\/person\\\/7586712b9c512fe68085de007378c915\",\"name\":\"i l\",\"image\":{\"@type\":\"ImageObject\",\"inLanguage\":\"en-US\",\"@id\":\"https:\\\/\\\/secure.gravatar.com\\\/avatar\\\/bad9296e02816160ae2e2435beda58222022298d5625d49fea74d18816fbb31d?s=96&d=mm&r=g\",\"url\":\"https:\\\/\\\/secure.gravatar.com\\\/avatar\\\/bad9296e02816160ae2e2435beda58222022298d5625d49fea74d18816fbb31d?s=96&d=mm&r=g\",\"contentUrl\":\"https:\\\/\\\/secure.gravatar.com\\\/avatar\\\/bad9296e02816160ae2e2435beda58222022298d5625d49fea74d18816fbb31d?s=96&d=mm&r=g\",\"caption\":\"i l\"},\"url\":\"https:\\\/\\\/kosovatimes.info\\\/index.php\\\/author\\\/iliri\\\/\"}]}<\/script>\n<!-- \/ Yoast SEO plugin. -->","yoast_head_json":{"title":"Qindra njer\u00ebz nga Ballkani do t\u00eb deportohen nga Gjermania - Kosova Times","robots":{"index":"index","follow":"follow","max-snippet":"max-snippet:-1","max-image-preview":"max-image-preview:large","max-video-preview":"max-video-preview:-1"},"canonical":"https:\/\/kosovatimes.info\/index.php\/2026\/09\/02\/qindra-njerez-nga-ballkani-do-te-deportohen-nga-gjermania\/","og_locale":"en_US","og_type":"article","og_title":"Qindra njer\u00ebz nga Ballkani do t\u00eb deportohen nga Gjermania - Kosova Times","og_description":"DHJET\u00cb vrasje dhe l\u00ebndime trupore, p\u00ebrdhunime, qindra ose mij\u00ebra vepra penale q\u00eb lidhen me drog\u00ebn, mashtrime, vjedhje me thyerje, grabitje xhepash&#8230; Nj\u00eb total prej rreth 12,000 procedurash hetimore jan\u00eb zhvilluar ose po zhvillohen kund\u00ebr rreth 2,100 t\u00eb huajve nga Iraku dhe vendet e Ballkanit, t\u00eb cil\u00ebve tashm\u00eb u \u00ebsht\u00eb l\u00ebshuar nj\u00eb vendim q\u00eb u k\u00ebrkon [&hellip;]","og_url":"https:\/\/kosovatimes.info\/index.php\/2026\/09\/02\/qindra-njerez-nga-ballkani-do-te-deportohen-nga-gjermania\/","og_site_name":"Kosova Times","article_published_time":"2026-09-02T19:39:04+00:00","article_modified_time":"2026-09-02T19:39:05+00:00","og_image":[{"width":765,"height":523,"url":"https:\/\/kosovatimes.info\/wp-content\/uploads\/2026\/09\/gjermani-1.jpg","type":"image\/jpeg"}],"author":"i l","twitter_card":"summary_large_image","twitter_misc":{"Written by":"i l","Est. reading time":"5 minutes"},"schema":{"@context":"https:\/\/schema.org","@graph":[{"@type":"Article","@id":"https:\/\/kosovatimes.info\/index.php\/2026\/09\/02\/qindra-njerez-nga-ballkani-do-te-deportohen-nga-gjermania\/#article","isPartOf":{"@id":"https:\/\/kosovatimes.info\/index.php\/2026\/09\/02\/qindra-njerez-nga-ballkani-do-te-deportohen-nga-gjermania\/"},"author":{"name":"i l","@id":"https:\/\/kosovatimes.info\/#\/schema\/person\/7586712b9c512fe68085de007378c915"},"headline":"Qindra njer\u00ebz nga Ballkani do t\u00eb deportohen nga Gjermania","datePublished":"2026-09-02T19:39:04+00:00","dateModified":"2026-09-02T19:39:05+00:00","mainEntityOfPage":{"@id":"https:\/\/kosovatimes.info\/index.php\/2026\/09\/02\/qindra-njerez-nga-ballkani-do-te-deportohen-nga-gjermania\/"},"wordCount":1083,"commentCount":0,"image":{"@id":"https:\/\/kosovatimes.info\/index.php\/2026\/09\/02\/qindra-njerez-nga-ballkani-do-te-deportohen-nga-gjermania\/#primaryimage"},"thumbnailUrl":"https:\/\/kosovatimes.info\/wp-content\/uploads\/2026\/09\/gjermani-1.jpg","articleSection":["Bot\u00eb","Lajme"],"inLanguage":"en-US","potentialAction":[{"@type":"CommentAction","name":"Comment","target":["https:\/\/kosovatimes.info\/index.php\/2026\/09\/02\/qindra-njerez-nga-ballkani-do-te-deportohen-nga-gjermania\/#respond"]}]},{"@type":"WebPage","@id":"https:\/\/kosovatimes.info\/index.php\/2026\/09\/02\/qindra-njerez-nga-ballkani-do-te-deportohen-nga-gjermania\/","url":"https:\/\/kosovatimes.info\/index.php\/2026\/09\/02\/qindra-njerez-nga-ballkani-do-te-deportohen-nga-gjermania\/","name":"Qindra njer\u00ebz nga Ballkani do t\u00eb deportohen nga Gjermania - Kosova Times","isPartOf":{"@id":"https:\/\/kosovatimes.info\/#website"},"primaryImageOfPage":{"@id":"https:\/\/kosovatimes.info\/index.php\/2026\/09\/02\/qindra-njerez-nga-ballkani-do-te-deportohen-nga-gjermania\/#primaryimage"},"image":{"@id":"https:\/\/kosovatimes.info\/index.php\/2026\/09\/02\/qindra-njerez-nga-ballkani-do-te-deportohen-nga-gjermania\/#primaryimage"},"thumbnailUrl":"https:\/\/kosovatimes.info\/wp-content\/uploads\/2026\/09\/gjermani-1.jpg","datePublished":"2026-09-02T19:39:04+00:00","dateModified":"2026-09-02T19:39:05+00:00","author":{"@id":"https:\/\/kosovatimes.info\/#\/schema\/person\/7586712b9c512fe68085de007378c915"},"breadcrumb":{"@id":"https:\/\/kosovatimes.info\/index.php\/2026\/09\/02\/qindra-njerez-nga-ballkani-do-te-deportohen-nga-gjermania\/#breadcrumb"},"inLanguage":"en-US","potentialAction":[{"@type":"ReadAction","target":["https:\/\/kosovatimes.info\/index.php\/2026\/09\/02\/qindra-njerez-nga-ballkani-do-te-deportohen-nga-gjermania\/"]}]},{"@type":"ImageObject","inLanguage":"en-US","@id":"https:\/\/kosovatimes.info\/index.php\/2026\/09\/02\/qindra-njerez-nga-ballkani-do-te-deportohen-nga-gjermania\/#primaryimage","url":"https:\/\/kosovatimes.info\/wp-content\/uploads\/2026\/09\/gjermani-1.jpg","contentUrl":"https:\/\/kosovatimes.info\/wp-content\/uploads\/2026\/09\/gjermani-1.jpg","width":765,"height":523},{"@type":"BreadcrumbList","@id":"https:\/\/kosovatimes.info\/index.php\/2026\/09\/02\/qindra-njerez-nga-ballkani-do-te-deportohen-nga-gjermania\/#breadcrumb","itemListElement":[{"@type":"ListItem","position":1,"name":"Home","item":"https:\/\/kosovatimes.info\/"},{"@type":"ListItem","position":2,"name":"Qindra njer\u00ebz nga Ballkani do t\u00eb deportohen nga Gjermania"}]},{"@type":"WebSite","@id":"https:\/\/kosovatimes.info\/#website","url":"https:\/\/kosovatimes.info\/","name":"Kosova Times","description":"","potentialAction":[{"@type":"SearchAction","target":{"@type":"EntryPoint","urlTemplate":"https:\/\/kosovatimes.info\/?s={search_term_string}"},"query-input":{"@type":"PropertyValueSpecification","valueRequired":true,"valueName":"search_term_string"}}],"inLanguage":"en-US"},{"@type":"Person","@id":"https:\/\/kosovatimes.info\/#\/schema\/person\/7586712b9c512fe68085de007378c915","name":"i l","image":{"@type":"ImageObject","inLanguage":"en-US","@id":"https:\/\/secure.gravatar.com\/avatar\/bad9296e02816160ae2e2435beda58222022298d5625d49fea74d18816fbb31d?s=96&d=mm&r=g","url":"https:\/\/secure.gravatar.com\/avatar\/bad9296e02816160ae2e2435beda58222022298d5625d49fea74d18816fbb31d?s=96&d=mm&r=g","contentUrl":"https:\/\/secure.gravatar.com\/avatar\/bad9296e02816160ae2e2435beda58222022298d5625d49fea74d18816fbb31d?s=96&d=mm&r=g","caption":"i l"},"url":"https:\/\/kosovatimes.info\/index.php\/author\/iliri\/"}]}},"_links":{"self":[{"href":"https:\/\/kosovatimes.info\/index.php\/wp-json\/wp\/v2\/posts\/30689","targetHints":{"allow":["GET"]}}],"collection":[{"href":"https:\/\/kosovatimes.info\/index.php\/wp-json\/wp\/v2\/posts"}],"about":[{"href":"https:\/\/kosovatimes.info\/index.php\/wp-json\/wp\/v2\/types\/post"}],"author":[{"embeddable":true,"href":"https:\/\/kosovatimes.info\/index.php\/wp-json\/wp\/v2\/users\/4"}],"replies":[{"embeddable":true,"href":"https:\/\/kosovatimes.info\/index.php\/wp-json\/wp\/v2\/comments?post=30689"}],"version-history":[{"count":1,"href":"https:\/\/kosovatimes.info\/index.php\/wp-json\/wp\/v2\/posts\/30689\/revisions"}],"predecessor-version":[{"id":30691,"href":"https:\/\/kosovatimes.info\/index.php\/wp-json\/wp\/v2\/posts\/30689\/revisions\/30691"}],"wp:featuredmedia":[{"embeddable":true,"href":"https:\/\/kosovatimes.info\/index.php\/wp-json\/wp\/v2\/media\/30690"}],"wp:attachment":[{"href":"https:\/\/kosovatimes.info\/index.php\/wp-json\/wp\/v2\/media?parent=30689"}],"wp:term":[{"taxonomy":"category","embeddable":true,"href":"https:\/\/kosovatimes.info\/index.php\/wp-json\/wp\/v2\/categories?post=30689"},{"taxonomy":"post_tag","embeddable":true,"href":"https:\/\/kosovatimes.info\/index.php\/wp-json\/wp\/v2\/tags?post=30689"}],"curies":[{"name":"wp","href":"https:\/\/api.w.org\/{rel}","templated":true}]}}