{"id":30692,"date":"2026-09-02T23:21:00","date_gmt":"2026-09-02T21:21:00","guid":{"rendered":"https:\/\/kosovatimes.info\/?p=30692"},"modified":"2026-09-02T23:32:56","modified_gmt":"2026-09-02T21:32:56","slug":"kosova-dhe-efta-thellojne-lidhjet-tregtare-marreveshja-hyn-ne-fuqi-ne-tetor","status":"publish","type":"post","link":"https:\/\/kosovatimes.info\/index.php\/2026\/09\/02\/kosova-dhe-efta-thellojne-lidhjet-tregtare-marreveshja-hyn-ne-fuqi-ne-tetor\/","title":{"rendered":"Kosova dhe EFTA thellojn\u00eb lidhjet tregtare, marr\u00ebveshja hyn n\u00eb fuqi n\u00eb tetor"},"content":{"rendered":"\n<p class=\"wp-block-paragraph\"><strong>Marr\u00ebdh\u00ebniet tregtare mes Kosov\u00ebs dhe vendeve t\u00eb EFTA-s pritet t\u00eb marrin nj\u00eb shtys\u00eb t\u00eb re nga 1 tetori 2026, kur hyn n\u00eb fuqi Marr\u00ebveshja e Tregtis\u00eb s\u00eb Lir\u00eb nd\u00ebrmjet pal\u00ebve.<\/strong><\/p>\n\n\n\n<p class=\"wp-block-paragraph\">Njoftimi \u00ebsht\u00eb b\u00ebr\u00eb nga Ambasada e Zvicr\u00ebs n\u00eb Kosov\u00eb, e cila ka b\u00ebr\u00eb t\u00eb ditur se K\u00ebshilli Federal zviceran ka miratuar masat e nevojshme p\u00ebr zbatimin e marr\u00ebveshjes.<\/p>\n\n\n\n<p class=\"wp-block-paragraph\">N\u00eb kuad\u00ebr t\u00eb EFTA-s b\u00ebjn\u00eb pjes\u00eb Zvicra, Norvegjia, Islanda dhe Lihtenshtajni. Marr\u00ebveshja me Kosov\u00ebn synon t\u00eb krijoj\u00eb nj\u00eb kuad\u00ebr m\u00eb t\u00eb favorsh\u00ebm p\u00ebr shk\u00ebmbimet tregtare, duke u dh\u00ebn\u00eb bizneseve mund\u00ebsi m\u00eb t\u00eb m\u00ebdha p\u00ebr qasje n\u00eb tregjet e k\u00ebtyre vendeve.<\/p>\n\n\n\n<p class=\"wp-block-paragraph\">Hyrja n\u00eb fuqi e marr\u00ebveshjes konsiderohet nj\u00eb hap i r\u00ebnd\u00ebsish\u00ebm n\u00eb thellimin e bashk\u00ebpunimit ekonomik dhe n\u00eb forcimin e lidhjeve tregtare nd\u00ebrmjet Kosov\u00ebs dhe shteteve an\u00ebtare t\u00eb EFTA-s.<\/p>\n\n\n\n<p class=\"wp-block-paragraph\">P\u00ebr bizneset kosovare, marr\u00ebveshja mund t\u00eb sjell\u00eb mund\u00ebsi t\u00eb reja p\u00ebr eksport, zgjerim t\u00eb tregjeve dhe rritje t\u00eb bashk\u00ebpunimit me kompanit\u00eb nga Zvicra, Norvegjia, Islanda dhe Lihtenshtajni.<\/p>\n\n\n\n<p class=\"wp-block-paragraph\">Marr\u00ebveshja pritet t\u00eb leht\u00ebsoj\u00eb m\u00eb tej qarkullimin e mallrave dhe t\u00eb kontribuoj\u00eb n\u00eb intensifikimin e shk\u00ebmbimeve ekonomike mes Kosov\u00ebs dhe vendeve t\u00eb EFTA-s.<\/p>\n\n\n\n<iframe loading=\"lazy\" src=\"https:\/\/www.facebook.com\/plugins\/post.php?href=https%3A%2F%2Fwww.facebook.com%2FSwissEmbassyPristina%2Fposts%2Fpfbid02YiGk57qiH78b4TcFnn5fgJ9zh1efQXnSxKVwN4aQGiti32xKyTwNMmBLNPCTHd2pl&#038;show_text=true&#038;width=500\" width=\"500\" height=\"316\" style=\"border:none;overflow:hidden\" scrolling=\"no\" frameborder=\"0\" allowfullscreen=\"true\" allow=\"autoplay; clipboard-write; encrypted-media; picture-in-picture; web-share\"><\/iframe>\n","protected":false},"excerpt":{"rendered":"<p>Marr\u00ebdh\u00ebniet tregtare mes Kosov\u00ebs dhe vendeve t\u00eb EFTA-s pritet t\u00eb marrin nj\u00eb shtys\u00eb t\u00eb re nga 1 tetori 2026, kur hyn n\u00eb fuqi Marr\u00ebveshja e Tregtis\u00eb s\u00eb Lir\u00eb nd\u00ebrmjet pal\u00ebve. Njoftimi \u00ebsht\u00eb b\u00ebr\u00eb nga Ambasada e Zvicr\u00ebs n\u00eb Kosov\u00eb, e cila ka b\u00ebr\u00eb t\u00eb ditur se K\u00ebshilli Federal zviceran ka miratuar masat e nevojshme p\u00ebr [&hellip;]<\/p>\n","protected":false},"author":4,"featured_media":30693,"comment_status":"open","ping_status":"open","sticky":false,"template":"","format":"standard","meta":{"footnotes":""},"categories":[37],"tags":[],"class_list":["post-30692","post","type-post","status-publish","format-standard","has-post-thumbnail","category-ekonomi"],"yoast_head":"<!-- This site is optimized with the Yoast SEO plugin v27.4 - https:\/\/yoast.com\/product\/yoast-seo-wordpress\/ -->\n<title>Kosova dhe EFTA thellojn\u00eb lidhjet tregtare, marr\u00ebveshja hyn n\u00eb fuqi n\u00eb tetor - Kosova Times<\/title>\n<meta name=\"robots\" content=\"index, follow, max-snippet:-1, max-image-preview:large, max-video-preview:-1\" \/>\n<link rel=\"canonical\" href=\"https:\/\/kosovatimes.info\/index.php\/2026\/09\/02\/kosova-dhe-efta-thellojne-lidhjet-tregtare-marreveshja-hyn-ne-fuqi-ne-tetor\/\" \/>\n<meta property=\"og:locale\" content=\"en_US\" \/>\n<meta property=\"og:type\" content=\"article\" \/>\n<meta property=\"og:title\" content=\"Kosova dhe EFTA thellojn\u00eb lidhjet tregtare, marr\u00ebveshja hyn n\u00eb fuqi n\u00eb tetor - Kosova Times\" \/>\n<meta property=\"og:description\" content=\"Marr\u00ebdh\u00ebniet tregtare mes Kosov\u00ebs dhe vendeve t\u00eb EFTA-s pritet t\u00eb marrin nj\u00eb shtys\u00eb t\u00eb re nga 1 tetori 2026, kur hyn n\u00eb fuqi Marr\u00ebveshja e Tregtis\u00eb s\u00eb Lir\u00eb nd\u00ebrmjet pal\u00ebve. Njoftimi \u00ebsht\u00eb b\u00ebr\u00eb nga Ambasada e Zvicr\u00ebs n\u00eb Kosov\u00eb, e cila ka b\u00ebr\u00eb t\u00eb ditur se K\u00ebshilli Federal zviceran ka miratuar masat e nevojshme p\u00ebr [&hellip;]\" \/>\n<meta property=\"og:url\" content=\"https:\/\/kosovatimes.info\/index.php\/2026\/09\/02\/kosova-dhe-efta-thellojne-lidhjet-tregtare-marreveshja-hyn-ne-fuqi-ne-tetor\/\" \/>\n<meta property=\"og:site_name\" content=\"Kosova Times\" \/>\n<meta property=\"article:published_time\" content=\"2026-09-02T21:21:00+00:00\" \/>\n<meta property=\"article:modified_time\" content=\"2026-09-02T21:32:56+00:00\" \/>\n<meta property=\"og:image\" content=\"https:\/\/kosovatimes.info\/wp-content\/uploads\/2026\/09\/Efta.jpg\" \/>\n\t<meta property=\"og:image:width\" content=\"780\" \/>\n\t<meta property=\"og:image:height\" content=\"500\" \/>\n\t<meta property=\"og:image:type\" content=\"image\/jpeg\" \/>\n<meta name=\"author\" content=\"i l\" \/>\n<meta name=\"twitter:card\" content=\"summary_large_image\" \/>\n<meta name=\"twitter:label1\" content=\"Written by\" \/>\n\t<meta name=\"twitter:data1\" content=\"i l\" \/>\n\t<meta name=\"twitter:label2\" content=\"Est. reading time\" \/>\n\t<meta name=\"twitter:data2\" content=\"1 minute\" \/>\n<script type=\"application\/ld+json\" class=\"yoast-schema-graph\">{\"@context\":\"https:\\\/\\\/schema.org\",\"@graph\":[{\"@type\":\"Article\",\"@id\":\"https:\\\/\\\/kosovatimes.info\\\/index.php\\\/2026\\\/09\\\/02\\\/kosova-dhe-efta-thellojne-lidhjet-tregtare-marreveshja-hyn-ne-fuqi-ne-tetor\\\/#article\",\"isPartOf\":{\"@id\":\"https:\\\/\\\/kosovatimes.info\\\/index.php\\\/2026\\\/09\\\/02\\\/kosova-dhe-efta-thellojne-lidhjet-tregtare-marreveshja-hyn-ne-fuqi-ne-tetor\\\/\"},\"author\":{\"name\":\"i l\",\"@id\":\"https:\\\/\\\/kosovatimes.info\\\/#\\\/schema\\\/person\\\/7586712b9c512fe68085de007378c915\"},\"headline\":\"Kosova dhe EFTA thellojn\u00eb lidhjet tregtare, marr\u00ebveshja hyn n\u00eb fuqi n\u00eb tetor\",\"datePublished\":\"2026-09-02T21:21:00+00:00\",\"dateModified\":\"2026-09-02T21:32:56+00:00\",\"mainEntityOfPage\":{\"@id\":\"https:\\\/\\\/kosovatimes.info\\\/index.php\\\/2026\\\/09\\\/02\\\/kosova-dhe-efta-thellojne-lidhjet-tregtare-marreveshja-hyn-ne-fuqi-ne-tetor\\\/\"},\"wordCount\":229,\"commentCount\":0,\"image\":{\"@id\":\"https:\\\/\\\/kosovatimes.info\\\/index.php\\\/2026\\\/09\\\/02\\\/kosova-dhe-efta-thellojne-lidhjet-tregtare-marreveshja-hyn-ne-fuqi-ne-tetor\\\/#primaryimage\"},\"thumbnailUrl\":\"https:\\\/\\\/kosovatimes.info\\\/wp-content\\\/uploads\\\/2026\\\/09\\\/Efta.jpg\",\"articleSection\":[\"Ekonomi\"],\"inLanguage\":\"en-US\",\"potentialAction\":[{\"@type\":\"CommentAction\",\"name\":\"Comment\",\"target\":[\"https:\\\/\\\/kosovatimes.info\\\/index.php\\\/2026\\\/09\\\/02\\\/kosova-dhe-efta-thellojne-lidhjet-tregtare-marreveshja-hyn-ne-fuqi-ne-tetor\\\/#respond\"]}]},{\"@type\":\"WebPage\",\"@id\":\"https:\\\/\\\/kosovatimes.info\\\/index.php\\\/2026\\\/09\\\/02\\\/kosova-dhe-efta-thellojne-lidhjet-tregtare-marreveshja-hyn-ne-fuqi-ne-tetor\\\/\",\"url\":\"https:\\\/\\\/kosovatimes.info\\\/index.php\\\/2026\\\/09\\\/02\\\/kosova-dhe-efta-thellojne-lidhjet-tregtare-marreveshja-hyn-ne-fuqi-ne-tetor\\\/\",\"name\":\"Kosova dhe EFTA thellojn\u00eb lidhjet tregtare, marr\u00ebveshja hyn n\u00eb fuqi n\u00eb tetor - Kosova Times\",\"isPartOf\":{\"@id\":\"https:\\\/\\\/kosovatimes.info\\\/#website\"},\"primaryImageOfPage\":{\"@id\":\"https:\\\/\\\/kosovatimes.info\\\/index.php\\\/2026\\\/09\\\/02\\\/kosova-dhe-efta-thellojne-lidhjet-tregtare-marreveshja-hyn-ne-fuqi-ne-tetor\\\/#primaryimage\"},\"image\":{\"@id\":\"https:\\\/\\\/kosovatimes.info\\\/index.php\\\/2026\\\/09\\\/02\\\/kosova-dhe-efta-thellojne-lidhjet-tregtare-marreveshja-hyn-ne-fuqi-ne-tetor\\\/#primaryimage\"},\"thumbnailUrl\":\"https:\\\/\\\/kosovatimes.info\\\/wp-content\\\/uploads\\\/2026\\\/09\\\/Efta.jpg\",\"datePublished\":\"2026-09-02T21:21:00+00:00\",\"dateModified\":\"2026-09-02T21:32:56+00:00\",\"author\":{\"@id\":\"https:\\\/\\\/kosovatimes.info\\\/#\\\/schema\\\/person\\\/7586712b9c512fe68085de007378c915\"},\"breadcrumb\":{\"@id\":\"https:\\\/\\\/kosovatimes.info\\\/index.php\\\/2026\\\/09\\\/02\\\/kosova-dhe-efta-thellojne-lidhjet-tregtare-marreveshja-hyn-ne-fuqi-ne-tetor\\\/#breadcrumb\"},\"inLanguage\":\"en-US\",\"potentialAction\":[{\"@type\":\"ReadAction\",\"target\":[\"https:\\\/\\\/kosovatimes.info\\\/index.php\\\/2026\\\/09\\\/02\\\/kosova-dhe-efta-thellojne-lidhjet-tregtare-marreveshja-hyn-ne-fuqi-ne-tetor\\\/\"]}]},{\"@type\":\"ImageObject\",\"inLanguage\":\"en-US\",\"@id\":\"https:\\\/\\\/kosovatimes.info\\\/index.php\\\/2026\\\/09\\\/02\\\/kosova-dhe-efta-thellojne-lidhjet-tregtare-marreveshja-hyn-ne-fuqi-ne-tetor\\\/#primaryimage\",\"url\":\"https:\\\/\\\/kosovatimes.info\\\/wp-content\\\/uploads\\\/2026\\\/09\\\/Efta.jpg\",\"contentUrl\":\"https:\\\/\\\/kosovatimes.info\\\/wp-content\\\/uploads\\\/2026\\\/09\\\/Efta.jpg\",\"width\":780,\"height\":500},{\"@type\":\"BreadcrumbList\",\"@id\":\"https:\\\/\\\/kosovatimes.info\\\/index.php\\\/2026\\\/09\\\/02\\\/kosova-dhe-efta-thellojne-lidhjet-tregtare-marreveshja-hyn-ne-fuqi-ne-tetor\\\/#breadcrumb\",\"itemListElement\":[{\"@type\":\"ListItem\",\"position\":1,\"name\":\"Home\",\"item\":\"https:\\\/\\\/kosovatimes.info\\\/\"},{\"@type\":\"ListItem\",\"position\":2,\"name\":\"Kosova dhe EFTA thellojn\u00eb lidhjet tregtare, marr\u00ebveshja hyn n\u00eb fuqi n\u00eb tetor\"}]},{\"@type\":\"WebSite\",\"@id\":\"https:\\\/\\\/kosovatimes.info\\\/#website\",\"url\":\"https:\\\/\\\/kosovatimes.info\\\/\",\"name\":\"Kosova Times\",\"description\":\"\",\"potentialAction\":[{\"@type\":\"SearchAction\",\"target\":{\"@type\":\"EntryPoint\",\"urlTemplate\":\"https:\\\/\\\/kosovatimes.info\\\/?s={search_term_string}\"},\"query-input\":{\"@type\":\"PropertyValueSpecification\",\"valueRequired\":true,\"valueName\":\"search_term_string\"}}],\"inLanguage\":\"en-US\"},{\"@type\":\"Person\",\"@id\":\"https:\\\/\\\/kosovatimes.info\\\/#\\\/schema\\\/person\\\/7586712b9c512fe68085de007378c915\",\"name\":\"i l\",\"image\":{\"@type\":\"ImageObject\",\"inLanguage\":\"en-US\",\"@id\":\"https:\\\/\\\/secure.gravatar.com\\\/avatar\\\/bad9296e02816160ae2e2435beda58222022298d5625d49fea74d18816fbb31d?s=96&d=mm&r=g\",\"url\":\"https:\\\/\\\/secure.gravatar.com\\\/avatar\\\/bad9296e02816160ae2e2435beda58222022298d5625d49fea74d18816fbb31d?s=96&d=mm&r=g\",\"contentUrl\":\"https:\\\/\\\/secure.gravatar.com\\\/avatar\\\/bad9296e02816160ae2e2435beda58222022298d5625d49fea74d18816fbb31d?s=96&d=mm&r=g\",\"caption\":\"i l\"},\"url\":\"https:\\\/\\\/kosovatimes.info\\\/index.php\\\/author\\\/iliri\\\/\"}]}<\/script>\n<!-- \/ Yoast SEO plugin. -->","yoast_head_json":{"title":"Kosova dhe EFTA thellojn\u00eb lidhjet tregtare, marr\u00ebveshja hyn n\u00eb fuqi n\u00eb tetor - Kosova Times","robots":{"index":"index","follow":"follow","max-snippet":"max-snippet:-1","max-image-preview":"max-image-preview:large","max-video-preview":"max-video-preview:-1"},"canonical":"https:\/\/kosovatimes.info\/index.php\/2026\/09\/02\/kosova-dhe-efta-thellojne-lidhjet-tregtare-marreveshja-hyn-ne-fuqi-ne-tetor\/","og_locale":"en_US","og_type":"article","og_title":"Kosova dhe EFTA thellojn\u00eb lidhjet tregtare, marr\u00ebveshja hyn n\u00eb fuqi n\u00eb tetor - Kosova Times","og_description":"Marr\u00ebdh\u00ebniet tregtare mes Kosov\u00ebs dhe vendeve t\u00eb EFTA-s pritet t\u00eb marrin nj\u00eb shtys\u00eb t\u00eb re nga 1 tetori 2026, kur hyn n\u00eb fuqi Marr\u00ebveshja e Tregtis\u00eb s\u00eb Lir\u00eb nd\u00ebrmjet pal\u00ebve. Njoftimi \u00ebsht\u00eb b\u00ebr\u00eb nga Ambasada e Zvicr\u00ebs n\u00eb Kosov\u00eb, e cila ka b\u00ebr\u00eb t\u00eb ditur se K\u00ebshilli Federal zviceran ka miratuar masat e nevojshme p\u00ebr [&hellip;]","og_url":"https:\/\/kosovatimes.info\/index.php\/2026\/09\/02\/kosova-dhe-efta-thellojne-lidhjet-tregtare-marreveshja-hyn-ne-fuqi-ne-tetor\/","og_site_name":"Kosova Times","article_published_time":"2026-09-02T21:21:00+00:00","article_modified_time":"2026-09-02T21:32:56+00:00","og_image":[{"width":780,"height":500,"url":"https:\/\/kosovatimes.info\/wp-content\/uploads\/2026\/09\/Efta.jpg","type":"image\/jpeg"}],"author":"i l","twitter_card":"summary_large_image","twitter_misc":{"Written by":"i l","Est. reading time":"1 minute"},"schema":{"@context":"https:\/\/schema.org","@graph":[{"@type":"Article","@id":"https:\/\/kosovatimes.info\/index.php\/2026\/09\/02\/kosova-dhe-efta-thellojne-lidhjet-tregtare-marreveshja-hyn-ne-fuqi-ne-tetor\/#article","isPartOf":{"@id":"https:\/\/kosovatimes.info\/index.php\/2026\/09\/02\/kosova-dhe-efta-thellojne-lidhjet-tregtare-marreveshja-hyn-ne-fuqi-ne-tetor\/"},"author":{"name":"i l","@id":"https:\/\/kosovatimes.info\/#\/schema\/person\/7586712b9c512fe68085de007378c915"},"headline":"Kosova dhe EFTA thellojn\u00eb lidhjet tregtare, marr\u00ebveshja hyn n\u00eb fuqi n\u00eb tetor","datePublished":"2026-09-02T21:21:00+00:00","dateModified":"2026-09-02T21:32:56+00:00","mainEntityOfPage":{"@id":"https:\/\/kosovatimes.info\/index.php\/2026\/09\/02\/kosova-dhe-efta-thellojne-lidhjet-tregtare-marreveshja-hyn-ne-fuqi-ne-tetor\/"},"wordCount":229,"commentCount":0,"image":{"@id":"https:\/\/kosovatimes.info\/index.php\/2026\/09\/02\/kosova-dhe-efta-thellojne-lidhjet-tregtare-marreveshja-hyn-ne-fuqi-ne-tetor\/#primaryimage"},"thumbnailUrl":"https:\/\/kosovatimes.info\/wp-content\/uploads\/2026\/09\/Efta.jpg","articleSection":["Ekonomi"],"inLanguage":"en-US","potentialAction":[{"@type":"CommentAction","name":"Comment","target":["https:\/\/kosovatimes.info\/index.php\/2026\/09\/02\/kosova-dhe-efta-thellojne-lidhjet-tregtare-marreveshja-hyn-ne-fuqi-ne-tetor\/#respond"]}]},{"@type":"WebPage","@id":"https:\/\/kosovatimes.info\/index.php\/2026\/09\/02\/kosova-dhe-efta-thellojne-lidhjet-tregtare-marreveshja-hyn-ne-fuqi-ne-tetor\/","url":"https:\/\/kosovatimes.info\/index.php\/2026\/09\/02\/kosova-dhe-efta-thellojne-lidhjet-tregtare-marreveshja-hyn-ne-fuqi-ne-tetor\/","name":"Kosova dhe EFTA thellojn\u00eb lidhjet tregtare, marr\u00ebveshja hyn n\u00eb fuqi n\u00eb tetor - Kosova Times","isPartOf":{"@id":"https:\/\/kosovatimes.info\/#website"},"primaryImageOfPage":{"@id":"https:\/\/kosovatimes.info\/index.php\/2026\/09\/02\/kosova-dhe-efta-thellojne-lidhjet-tregtare-marreveshja-hyn-ne-fuqi-ne-tetor\/#primaryimage"},"image":{"@id":"https:\/\/kosovatimes.info\/index.php\/2026\/09\/02\/kosova-dhe-efta-thellojne-lidhjet-tregtare-marreveshja-hyn-ne-fuqi-ne-tetor\/#primaryimage"},"thumbnailUrl":"https:\/\/kosovatimes.info\/wp-content\/uploads\/2026\/09\/Efta.jpg","datePublished":"2026-09-02T21:21:00+00:00","dateModified":"2026-09-02T21:32:56+00:00","author":{"@id":"https:\/\/kosovatimes.info\/#\/schema\/person\/7586712b9c512fe68085de007378c915"},"breadcrumb":{"@id":"https:\/\/kosovatimes.info\/index.php\/2026\/09\/02\/kosova-dhe-efta-thellojne-lidhjet-tregtare-marreveshja-hyn-ne-fuqi-ne-tetor\/#breadcrumb"},"inLanguage":"en-US","potentialAction":[{"@type":"ReadAction","target":["https:\/\/kosovatimes.info\/index.php\/2026\/09\/02\/kosova-dhe-efta-thellojne-lidhjet-tregtare-marreveshja-hyn-ne-fuqi-ne-tetor\/"]}]},{"@type":"ImageObject","inLanguage":"en-US","@id":"https:\/\/kosovatimes.info\/index.php\/2026\/09\/02\/kosova-dhe-efta-thellojne-lidhjet-tregtare-marreveshja-hyn-ne-fuqi-ne-tetor\/#primaryimage","url":"https:\/\/kosovatimes.info\/wp-content\/uploads\/2026\/09\/Efta.jpg","contentUrl":"https:\/\/kosovatimes.info\/wp-content\/uploads\/2026\/09\/Efta.jpg","width":780,"height":500},{"@type":"BreadcrumbList","@id":"https:\/\/kosovatimes.info\/index.php\/2026\/09\/02\/kosova-dhe-efta-thellojne-lidhjet-tregtare-marreveshja-hyn-ne-fuqi-ne-tetor\/#breadcrumb","itemListElement":[{"@type":"ListItem","position":1,"name":"Home","item":"https:\/\/kosovatimes.info\/"},{"@type":"ListItem","position":2,"name":"Kosova dhe EFTA thellojn\u00eb lidhjet tregtare, marr\u00ebveshja hyn n\u00eb fuqi n\u00eb tetor"}]},{"@type":"WebSite","@id":"https:\/\/kosovatimes.info\/#website","url":"https:\/\/kosovatimes.info\/","name":"Kosova Times","description":"","potentialAction":[{"@type":"SearchAction","target":{"@type":"EntryPoint","urlTemplate":"https:\/\/kosovatimes.info\/?s={search_term_string}"},"query-input":{"@type":"PropertyValueSpecification","valueRequired":true,"valueName":"search_term_string"}}],"inLanguage":"en-US"},{"@type":"Person","@id":"https:\/\/kosovatimes.info\/#\/schema\/person\/7586712b9c512fe68085de007378c915","name":"i l","image":{"@type":"ImageObject","inLanguage":"en-US","@id":"https:\/\/secure.gravatar.com\/avatar\/bad9296e02816160ae2e2435beda58222022298d5625d49fea74d18816fbb31d?s=96&d=mm&r=g","url":"https:\/\/secure.gravatar.com\/avatar\/bad9296e02816160ae2e2435beda58222022298d5625d49fea74d18816fbb31d?s=96&d=mm&r=g","contentUrl":"https:\/\/secure.gravatar.com\/avatar\/bad9296e02816160ae2e2435beda58222022298d5625d49fea74d18816fbb31d?s=96&d=mm&r=g","caption":"i l"},"url":"https:\/\/kosovatimes.info\/index.php\/author\/iliri\/"}]}},"_links":{"self":[{"href":"https:\/\/kosovatimes.info\/index.php\/wp-json\/wp\/v2\/posts\/30692","targetHints":{"allow":["GET"]}}],"collection":[{"href":"https:\/\/kosovatimes.info\/index.php\/wp-json\/wp\/v2\/posts"}],"about":[{"href":"https:\/\/kosovatimes.info\/index.php\/wp-json\/wp\/v2\/types\/post"}],"author":[{"embeddable":true,"href":"https:\/\/kosovatimes.info\/index.php\/wp-json\/wp\/v2\/users\/4"}],"replies":[{"embeddable":true,"href":"https:\/\/kosovatimes.info\/index.php\/wp-json\/wp\/v2\/comments?post=30692"}],"version-history":[{"count":1,"href":"https:\/\/kosovatimes.info\/index.php\/wp-json\/wp\/v2\/posts\/30692\/revisions"}],"predecessor-version":[{"id":30694,"href":"https:\/\/kosovatimes.info\/index.php\/wp-json\/wp\/v2\/posts\/30692\/revisions\/30694"}],"wp:featuredmedia":[{"embeddable":true,"href":"https:\/\/kosovatimes.info\/index.php\/wp-json\/wp\/v2\/media\/30693"}],"wp:attachment":[{"href":"https:\/\/kosovatimes.info\/index.php\/wp-json\/wp\/v2\/media?parent=30692"}],"wp:term":[{"taxonomy":"category","embeddable":true,"href":"https:\/\/kosovatimes.info\/index.php\/wp-json\/wp\/v2\/categories?post=30692"},{"taxonomy":"post_tag","embeddable":true,"href":"https:\/\/kosovatimes.info\/index.php\/wp-json\/wp\/v2\/tags?post=30692"}],"curies":[{"name":"wp","href":"https:\/\/api.w.org\/{rel}","templated":true}]}}