{"id":30701,"date":"2026-09-02T22:26:00","date_gmt":"2026-09-02T20:26:00","guid":{"rendered":"https:\/\/kosovatimes.info\/?p=30701"},"modified":"2026-09-02T23:38:35","modified_gmt":"2026-09-02T21:38:35","slug":"nderron-jete-29-vjecari-pas-nje-aksidenti-me-motociklete","status":"publish","type":"post","link":"https:\/\/kosovatimes.info\/index.php\/2026\/09\/02\/nderron-jete-29-vjecari-pas-nje-aksidenti-me-motociklete\/","title":{"rendered":"Nd\u00ebrron jet\u00eb 29 vje\u00e7ari pas nj\u00eb aksidenti me moto\u00e7iklet\u00eb"},"content":{"rendered":"\n<p class=\"wp-block-paragraph\"><strong>Nj\u00eb 29 vje\u00e7ar ka nd\u00ebrruar jet\u00eb mbr\u00ebmjen e sotme n\u00eb Klinik\u00ebn Emergjente, si pasoj\u00eb e l\u00ebndimeve t\u00eb r\u00ebnda t\u00eb marra n\u00eb nj\u00eb aksident trafiku n\u00eb fshatin Llukar t\u00eb Prishtin\u00ebs, ku u p\u00ebrfshin\u00eb nj\u00eb automjet dhe nj\u00eb moto\u00e7iklet\u00eb.<\/strong><\/p>\n\n\n\n<p class=\"wp-block-paragraph\">Sipas mjekut, Naser Syla nga Klinika Emergjente, pacienti kishte p\u00ebsuar l\u00ebndime t\u00eb r\u00ebnda si pasoj\u00eb e rr\u00ebzimit nga moto\u00e7ikleta.<\/p>\n\n\n\n<p class=\"wp-block-paragraph\">Ekipi mjek\u00ebsor ka nd\u00ebrmarr\u00eb t\u00eb gjitha masat e nevojshme t\u00eb reanimimit kardiopulmonar (RCP), por, pavar\u00ebsisht p\u00ebrpjekjeve, pacienti nuk ka arritur t\u2019u mbijetoj\u00eb plag\u00ebve t\u00eb marra.&nbsp;<\/p>\n\n\n\n<p class=\"wp-block-paragraph\">&#8220;Nj\u00eb pacient i lindur n\u00eb vitin 1997 \u00ebsht\u00eb sjell\u00eb nga ndihma e shpejt\u00eb n\u00eb Klinik\u00ebn Emergjente, pa shenja jete, pas nj\u00eb aksidenti n\u00eb komunikacion, ku ishte rr\u00ebzuar nga moto\u00e7ikleta. Pavar\u00ebsisht t\u00eb gjitha masave t\u00eb reanimimit kardiopulmonar (RCP) t\u00eb nd\u00ebrmarra nga ekipi kujdestar, pacienti nuk ka arritur t\u2019u mbijetoj\u00eb plag\u00ebve t\u00eb marra dhe ka nd\u00ebrruar jet\u00eb n\u00eb ora 21:40&#8221;, ka theksuar Syla p\u00ebr&nbsp;RTK-n\u00eb.<\/p>\n\n\n\n<p class=\"wp-block-paragraph\">Policia e Kosov\u00ebs ka konfirmuar se aksidenti ka ndodhur rreth or\u00ebs 20:20 dhe n\u00eb t\u00eb jan\u00eb p\u00ebrfshir\u00eb nj\u00eb automjet dhe nj\u00eb moto\u00e7iklet\u00eb. Si pasoj\u00eb e aksidentit, moto\u00e7iklisti ka p\u00ebsuar l\u00ebndime t\u00eb r\u00ebnda.<\/p>\n\n\n\n<p class=\"wp-block-paragraph\">&#8220;Rreth or\u00ebs 20:20, kemi pranuar informat\u00ebn se n\u00eb fshatin Llukar\u00eb t\u00eb Prishtin\u00eb, ka ndodhur nj\u00eb aksident trafiku. N\u00eb k\u00ebt\u00eb aksident ka qen\u00eb i p\u00ebrfshir\u00eb nj\u00eb automjet dhe nj\u00eb moto\u00e7iklet\u00eb. Si pasoj\u00eb e aksidentit moto\u00e7iklisti ka&nbsp;vdekur. Vdekja e viktim\u00ebs (mashkull) \u00ebsht\u00eb konstatuar nga ekipi mjek\u00ebsor n\u00eb QKUK. Me rastin po merret nj\u00ebsiti i trafikut rajonal&#8221;, ka theksuar p\u00ebr RTK-n\u00eb Flora Ahmeti, z\u00ebdh\u00ebn\u00ebse e Policis\u00eb s\u00eb Kosov\u00ebs p\u00ebr rajonin e Prishtin\u00ebs.<\/p>\n","protected":false},"excerpt":{"rendered":"<p>Nj\u00eb 29 vje\u00e7ar ka nd\u00ebrruar jet\u00eb mbr\u00ebmjen e sotme n\u00eb Klinik\u00ebn Emergjente, si pasoj\u00eb e l\u00ebndimeve t\u00eb r\u00ebnda t\u00eb marra n\u00eb nj\u00eb aksident trafiku n\u00eb fshatin Llukar t\u00eb Prishtin\u00ebs, ku u p\u00ebrfshin\u00eb nj\u00eb automjet dhe nj\u00eb moto\u00e7iklet\u00eb. Sipas mjekut, Naser Syla nga Klinika Emergjente, pacienti kishte p\u00ebsuar l\u00ebndime t\u00eb r\u00ebnda si pasoj\u00eb e rr\u00ebzimit nga [&hellip;]<\/p>\n","protected":false},"author":4,"featured_media":12578,"comment_status":"open","ping_status":"open","sticky":false,"template":"","format":"standard","meta":{"footnotes":""},"categories":[31,30],"tags":[],"class_list":["post-30701","post","type-post","status-publish","format-standard","has-post-thumbnail","category-kosove","category-lajme"],"yoast_head":"<!-- This site is optimized with the Yoast SEO plugin v27.4 - https:\/\/yoast.com\/product\/yoast-seo-wordpress\/ -->\n<title>Nd\u00ebrron jet\u00eb 29 vje\u00e7ari pas nj\u00eb aksidenti me moto\u00e7iklet\u00eb - Kosova Times<\/title>\n<meta name=\"robots\" content=\"index, follow, max-snippet:-1, max-image-preview:large, max-video-preview:-1\" \/>\n<link rel=\"canonical\" href=\"https:\/\/kosovatimes.info\/index.php\/2026\/09\/02\/nderron-jete-29-vjecari-pas-nje-aksidenti-me-motociklete\/\" \/>\n<meta property=\"og:locale\" content=\"en_US\" \/>\n<meta property=\"og:type\" content=\"article\" \/>\n<meta property=\"og:title\" content=\"Nd\u00ebrron jet\u00eb 29 vje\u00e7ari pas nj\u00eb aksidenti me moto\u00e7iklet\u00eb - Kosova Times\" \/>\n<meta property=\"og:description\" content=\"Nj\u00eb 29 vje\u00e7ar ka nd\u00ebrruar jet\u00eb mbr\u00ebmjen e sotme n\u00eb Klinik\u00ebn Emergjente, si pasoj\u00eb e l\u00ebndimeve t\u00eb r\u00ebnda t\u00eb marra n\u00eb nj\u00eb aksident trafiku n\u00eb fshatin Llukar t\u00eb Prishtin\u00ebs, ku u p\u00ebrfshin\u00eb nj\u00eb automjet dhe nj\u00eb moto\u00e7iklet\u00eb. Sipas mjekut, Naser Syla nga Klinika Emergjente, pacienti kishte p\u00ebsuar l\u00ebndime t\u00eb r\u00ebnda si pasoj\u00eb e rr\u00ebzimit nga [&hellip;]\" \/>\n<meta property=\"og:url\" content=\"https:\/\/kosovatimes.info\/index.php\/2026\/09\/02\/nderron-jete-29-vjecari-pas-nje-aksidenti-me-motociklete\/\" \/>\n<meta property=\"og:site_name\" content=\"Kosova Times\" \/>\n<meta property=\"article:published_time\" content=\"2026-09-02T20:26:00+00:00\" \/>\n<meta property=\"article:modified_time\" content=\"2026-09-02T21:38:35+00:00\" \/>\n<meta property=\"og:image\" content=\"https:\/\/kosovatimes.info\/wp-content\/uploads\/2026\/04\/Policia-4.jpg\" \/>\n\t<meta property=\"og:image:width\" content=\"780\" \/>\n\t<meta property=\"og:image:height\" content=\"500\" \/>\n\t<meta property=\"og:image:type\" content=\"image\/jpeg\" \/>\n<meta name=\"author\" content=\"i l\" \/>\n<meta name=\"twitter:card\" content=\"summary_large_image\" \/>\n<meta name=\"twitter:label1\" content=\"Written by\" \/>\n\t<meta name=\"twitter:data1\" content=\"i l\" \/>\n\t<meta name=\"twitter:label2\" content=\"Est. reading time\" \/>\n\t<meta name=\"twitter:data2\" content=\"2 minutes\" \/>\n<script type=\"application\/ld+json\" class=\"yoast-schema-graph\">{\"@context\":\"https:\\\/\\\/schema.org\",\"@graph\":[{\"@type\":\"Article\",\"@id\":\"https:\\\/\\\/kosovatimes.info\\\/index.php\\\/2026\\\/09\\\/02\\\/nderron-jete-29-vjecari-pas-nje-aksidenti-me-motociklete\\\/#article\",\"isPartOf\":{\"@id\":\"https:\\\/\\\/kosovatimes.info\\\/index.php\\\/2026\\\/09\\\/02\\\/nderron-jete-29-vjecari-pas-nje-aksidenti-me-motociklete\\\/\"},\"author\":{\"name\":\"i l\",\"@id\":\"https:\\\/\\\/kosovatimes.info\\\/#\\\/schema\\\/person\\\/7586712b9c512fe68085de007378c915\"},\"headline\":\"Nd\u00ebrron jet\u00eb 29 vje\u00e7ari pas nj\u00eb aksidenti me moto\u00e7iklet\u00eb\",\"datePublished\":\"2026-09-02T20:26:00+00:00\",\"dateModified\":\"2026-09-02T21:38:35+00:00\",\"mainEntityOfPage\":{\"@id\":\"https:\\\/\\\/kosovatimes.info\\\/index.php\\\/2026\\\/09\\\/02\\\/nderron-jete-29-vjecari-pas-nje-aksidenti-me-motociklete\\\/\"},\"wordCount\":308,\"commentCount\":0,\"image\":{\"@id\":\"https:\\\/\\\/kosovatimes.info\\\/index.php\\\/2026\\\/09\\\/02\\\/nderron-jete-29-vjecari-pas-nje-aksidenti-me-motociklete\\\/#primaryimage\"},\"thumbnailUrl\":\"https:\\\/\\\/kosovatimes.info\\\/wp-content\\\/uploads\\\/2026\\\/04\\\/Policia-4.jpg\",\"articleSection\":[\"Kosov\u00eb\",\"Lajme\"],\"inLanguage\":\"en-US\",\"potentialAction\":[{\"@type\":\"CommentAction\",\"name\":\"Comment\",\"target\":[\"https:\\\/\\\/kosovatimes.info\\\/index.php\\\/2026\\\/09\\\/02\\\/nderron-jete-29-vjecari-pas-nje-aksidenti-me-motociklete\\\/#respond\"]}]},{\"@type\":\"WebPage\",\"@id\":\"https:\\\/\\\/kosovatimes.info\\\/index.php\\\/2026\\\/09\\\/02\\\/nderron-jete-29-vjecari-pas-nje-aksidenti-me-motociklete\\\/\",\"url\":\"https:\\\/\\\/kosovatimes.info\\\/index.php\\\/2026\\\/09\\\/02\\\/nderron-jete-29-vjecari-pas-nje-aksidenti-me-motociklete\\\/\",\"name\":\"Nd\u00ebrron jet\u00eb 29 vje\u00e7ari pas nj\u00eb aksidenti me moto\u00e7iklet\u00eb - Kosova Times\",\"isPartOf\":{\"@id\":\"https:\\\/\\\/kosovatimes.info\\\/#website\"},\"primaryImageOfPage\":{\"@id\":\"https:\\\/\\\/kosovatimes.info\\\/index.php\\\/2026\\\/09\\\/02\\\/nderron-jete-29-vjecari-pas-nje-aksidenti-me-motociklete\\\/#primaryimage\"},\"image\":{\"@id\":\"https:\\\/\\\/kosovatimes.info\\\/index.php\\\/2026\\\/09\\\/02\\\/nderron-jete-29-vjecari-pas-nje-aksidenti-me-motociklete\\\/#primaryimage\"},\"thumbnailUrl\":\"https:\\\/\\\/kosovatimes.info\\\/wp-content\\\/uploads\\\/2026\\\/04\\\/Policia-4.jpg\",\"datePublished\":\"2026-09-02T20:26:00+00:00\",\"dateModified\":\"2026-09-02T21:38:35+00:00\",\"author\":{\"@id\":\"https:\\\/\\\/kosovatimes.info\\\/#\\\/schema\\\/person\\\/7586712b9c512fe68085de007378c915\"},\"breadcrumb\":{\"@id\":\"https:\\\/\\\/kosovatimes.info\\\/index.php\\\/2026\\\/09\\\/02\\\/nderron-jete-29-vjecari-pas-nje-aksidenti-me-motociklete\\\/#breadcrumb\"},\"inLanguage\":\"en-US\",\"potentialAction\":[{\"@type\":\"ReadAction\",\"target\":[\"https:\\\/\\\/kosovatimes.info\\\/index.php\\\/2026\\\/09\\\/02\\\/nderron-jete-29-vjecari-pas-nje-aksidenti-me-motociklete\\\/\"]}]},{\"@type\":\"ImageObject\",\"inLanguage\":\"en-US\",\"@id\":\"https:\\\/\\\/kosovatimes.info\\\/index.php\\\/2026\\\/09\\\/02\\\/nderron-jete-29-vjecari-pas-nje-aksidenti-me-motociklete\\\/#primaryimage\",\"url\":\"https:\\\/\\\/kosovatimes.info\\\/wp-content\\\/uploads\\\/2026\\\/04\\\/Policia-4.jpg\",\"contentUrl\":\"https:\\\/\\\/kosovatimes.info\\\/wp-content\\\/uploads\\\/2026\\\/04\\\/Policia-4.jpg\",\"width\":780,\"height\":500},{\"@type\":\"BreadcrumbList\",\"@id\":\"https:\\\/\\\/kosovatimes.info\\\/index.php\\\/2026\\\/09\\\/02\\\/nderron-jete-29-vjecari-pas-nje-aksidenti-me-motociklete\\\/#breadcrumb\",\"itemListElement\":[{\"@type\":\"ListItem\",\"position\":1,\"name\":\"Home\",\"item\":\"https:\\\/\\\/kosovatimes.info\\\/\"},{\"@type\":\"ListItem\",\"position\":2,\"name\":\"Nd\u00ebrron jet\u00eb 29 vje\u00e7ari pas nj\u00eb aksidenti me moto\u00e7iklet\u00eb\"}]},{\"@type\":\"WebSite\",\"@id\":\"https:\\\/\\\/kosovatimes.info\\\/#website\",\"url\":\"https:\\\/\\\/kosovatimes.info\\\/\",\"name\":\"Kosova Times\",\"description\":\"\",\"potentialAction\":[{\"@type\":\"SearchAction\",\"target\":{\"@type\":\"EntryPoint\",\"urlTemplate\":\"https:\\\/\\\/kosovatimes.info\\\/?s={search_term_string}\"},\"query-input\":{\"@type\":\"PropertyValueSpecification\",\"valueRequired\":true,\"valueName\":\"search_term_string\"}}],\"inLanguage\":\"en-US\"},{\"@type\":\"Person\",\"@id\":\"https:\\\/\\\/kosovatimes.info\\\/#\\\/schema\\\/person\\\/7586712b9c512fe68085de007378c915\",\"name\":\"i l\",\"image\":{\"@type\":\"ImageObject\",\"inLanguage\":\"en-US\",\"@id\":\"https:\\\/\\\/secure.gravatar.com\\\/avatar\\\/bad9296e02816160ae2e2435beda58222022298d5625d49fea74d18816fbb31d?s=96&d=mm&r=g\",\"url\":\"https:\\\/\\\/secure.gravatar.com\\\/avatar\\\/bad9296e02816160ae2e2435beda58222022298d5625d49fea74d18816fbb31d?s=96&d=mm&r=g\",\"contentUrl\":\"https:\\\/\\\/secure.gravatar.com\\\/avatar\\\/bad9296e02816160ae2e2435beda58222022298d5625d49fea74d18816fbb31d?s=96&d=mm&r=g\",\"caption\":\"i l\"},\"url\":\"https:\\\/\\\/kosovatimes.info\\\/index.php\\\/author\\\/iliri\\\/\"}]}<\/script>\n<!-- \/ Yoast SEO plugin. -->","yoast_head_json":{"title":"Nd\u00ebrron jet\u00eb 29 vje\u00e7ari pas nj\u00eb aksidenti me moto\u00e7iklet\u00eb - Kosova Times","robots":{"index":"index","follow":"follow","max-snippet":"max-snippet:-1","max-image-preview":"max-image-preview:large","max-video-preview":"max-video-preview:-1"},"canonical":"https:\/\/kosovatimes.info\/index.php\/2026\/09\/02\/nderron-jete-29-vjecari-pas-nje-aksidenti-me-motociklete\/","og_locale":"en_US","og_type":"article","og_title":"Nd\u00ebrron jet\u00eb 29 vje\u00e7ari pas nj\u00eb aksidenti me moto\u00e7iklet\u00eb - Kosova Times","og_description":"Nj\u00eb 29 vje\u00e7ar ka nd\u00ebrruar jet\u00eb mbr\u00ebmjen e sotme n\u00eb Klinik\u00ebn Emergjente, si pasoj\u00eb e l\u00ebndimeve t\u00eb r\u00ebnda t\u00eb marra n\u00eb nj\u00eb aksident trafiku n\u00eb fshatin Llukar t\u00eb Prishtin\u00ebs, ku u p\u00ebrfshin\u00eb nj\u00eb automjet dhe nj\u00eb moto\u00e7iklet\u00eb. Sipas mjekut, Naser Syla nga Klinika Emergjente, pacienti kishte p\u00ebsuar l\u00ebndime t\u00eb r\u00ebnda si pasoj\u00eb e rr\u00ebzimit nga [&hellip;]","og_url":"https:\/\/kosovatimes.info\/index.php\/2026\/09\/02\/nderron-jete-29-vjecari-pas-nje-aksidenti-me-motociklete\/","og_site_name":"Kosova Times","article_published_time":"2026-09-02T20:26:00+00:00","article_modified_time":"2026-09-02T21:38:35+00:00","og_image":[{"width":780,"height":500,"url":"https:\/\/kosovatimes.info\/wp-content\/uploads\/2026\/04\/Policia-4.jpg","type":"image\/jpeg"}],"author":"i l","twitter_card":"summary_large_image","twitter_misc":{"Written by":"i l","Est. reading time":"2 minutes"},"schema":{"@context":"https:\/\/schema.org","@graph":[{"@type":"Article","@id":"https:\/\/kosovatimes.info\/index.php\/2026\/09\/02\/nderron-jete-29-vjecari-pas-nje-aksidenti-me-motociklete\/#article","isPartOf":{"@id":"https:\/\/kosovatimes.info\/index.php\/2026\/09\/02\/nderron-jete-29-vjecari-pas-nje-aksidenti-me-motociklete\/"},"author":{"name":"i l","@id":"https:\/\/kosovatimes.info\/#\/schema\/person\/7586712b9c512fe68085de007378c915"},"headline":"Nd\u00ebrron jet\u00eb 29 vje\u00e7ari pas nj\u00eb aksidenti me moto\u00e7iklet\u00eb","datePublished":"2026-09-02T20:26:00+00:00","dateModified":"2026-09-02T21:38:35+00:00","mainEntityOfPage":{"@id":"https:\/\/kosovatimes.info\/index.php\/2026\/09\/02\/nderron-jete-29-vjecari-pas-nje-aksidenti-me-motociklete\/"},"wordCount":308,"commentCount":0,"image":{"@id":"https:\/\/kosovatimes.info\/index.php\/2026\/09\/02\/nderron-jete-29-vjecari-pas-nje-aksidenti-me-motociklete\/#primaryimage"},"thumbnailUrl":"https:\/\/kosovatimes.info\/wp-content\/uploads\/2026\/04\/Policia-4.jpg","articleSection":["Kosov\u00eb","Lajme"],"inLanguage":"en-US","potentialAction":[{"@type":"CommentAction","name":"Comment","target":["https:\/\/kosovatimes.info\/index.php\/2026\/09\/02\/nderron-jete-29-vjecari-pas-nje-aksidenti-me-motociklete\/#respond"]}]},{"@type":"WebPage","@id":"https:\/\/kosovatimes.info\/index.php\/2026\/09\/02\/nderron-jete-29-vjecari-pas-nje-aksidenti-me-motociklete\/","url":"https:\/\/kosovatimes.info\/index.php\/2026\/09\/02\/nderron-jete-29-vjecari-pas-nje-aksidenti-me-motociklete\/","name":"Nd\u00ebrron jet\u00eb 29 vje\u00e7ari pas nj\u00eb aksidenti me moto\u00e7iklet\u00eb - Kosova Times","isPartOf":{"@id":"https:\/\/kosovatimes.info\/#website"},"primaryImageOfPage":{"@id":"https:\/\/kosovatimes.info\/index.php\/2026\/09\/02\/nderron-jete-29-vjecari-pas-nje-aksidenti-me-motociklete\/#primaryimage"},"image":{"@id":"https:\/\/kosovatimes.info\/index.php\/2026\/09\/02\/nderron-jete-29-vjecari-pas-nje-aksidenti-me-motociklete\/#primaryimage"},"thumbnailUrl":"https:\/\/kosovatimes.info\/wp-content\/uploads\/2026\/04\/Policia-4.jpg","datePublished":"2026-09-02T20:26:00+00:00","dateModified":"2026-09-02T21:38:35+00:00","author":{"@id":"https:\/\/kosovatimes.info\/#\/schema\/person\/7586712b9c512fe68085de007378c915"},"breadcrumb":{"@id":"https:\/\/kosovatimes.info\/index.php\/2026\/09\/02\/nderron-jete-29-vjecari-pas-nje-aksidenti-me-motociklete\/#breadcrumb"},"inLanguage":"en-US","potentialAction":[{"@type":"ReadAction","target":["https:\/\/kosovatimes.info\/index.php\/2026\/09\/02\/nderron-jete-29-vjecari-pas-nje-aksidenti-me-motociklete\/"]}]},{"@type":"ImageObject","inLanguage":"en-US","@id":"https:\/\/kosovatimes.info\/index.php\/2026\/09\/02\/nderron-jete-29-vjecari-pas-nje-aksidenti-me-motociklete\/#primaryimage","url":"https:\/\/kosovatimes.info\/wp-content\/uploads\/2026\/04\/Policia-4.jpg","contentUrl":"https:\/\/kosovatimes.info\/wp-content\/uploads\/2026\/04\/Policia-4.jpg","width":780,"height":500},{"@type":"BreadcrumbList","@id":"https:\/\/kosovatimes.info\/index.php\/2026\/09\/02\/nderron-jete-29-vjecari-pas-nje-aksidenti-me-motociklete\/#breadcrumb","itemListElement":[{"@type":"ListItem","position":1,"name":"Home","item":"https:\/\/kosovatimes.info\/"},{"@type":"ListItem","position":2,"name":"Nd\u00ebrron jet\u00eb 29 vje\u00e7ari pas nj\u00eb aksidenti me moto\u00e7iklet\u00eb"}]},{"@type":"WebSite","@id":"https:\/\/kosovatimes.info\/#website","url":"https:\/\/kosovatimes.info\/","name":"Kosova Times","description":"","potentialAction":[{"@type":"SearchAction","target":{"@type":"EntryPoint","urlTemplate":"https:\/\/kosovatimes.info\/?s={search_term_string}"},"query-input":{"@type":"PropertyValueSpecification","valueRequired":true,"valueName":"search_term_string"}}],"inLanguage":"en-US"},{"@type":"Person","@id":"https:\/\/kosovatimes.info\/#\/schema\/person\/7586712b9c512fe68085de007378c915","name":"i l","image":{"@type":"ImageObject","inLanguage":"en-US","@id":"https:\/\/secure.gravatar.com\/avatar\/bad9296e02816160ae2e2435beda58222022298d5625d49fea74d18816fbb31d?s=96&d=mm&r=g","url":"https:\/\/secure.gravatar.com\/avatar\/bad9296e02816160ae2e2435beda58222022298d5625d49fea74d18816fbb31d?s=96&d=mm&r=g","contentUrl":"https:\/\/secure.gravatar.com\/avatar\/bad9296e02816160ae2e2435beda58222022298d5625d49fea74d18816fbb31d?s=96&d=mm&r=g","caption":"i l"},"url":"https:\/\/kosovatimes.info\/index.php\/author\/iliri\/"}]}},"_links":{"self":[{"href":"https:\/\/kosovatimes.info\/index.php\/wp-json\/wp\/v2\/posts\/30701","targetHints":{"allow":["GET"]}}],"collection":[{"href":"https:\/\/kosovatimes.info\/index.php\/wp-json\/wp\/v2\/posts"}],"about":[{"href":"https:\/\/kosovatimes.info\/index.php\/wp-json\/wp\/v2\/types\/post"}],"author":[{"embeddable":true,"href":"https:\/\/kosovatimes.info\/index.php\/wp-json\/wp\/v2\/users\/4"}],"replies":[{"embeddable":true,"href":"https:\/\/kosovatimes.info\/index.php\/wp-json\/wp\/v2\/comments?post=30701"}],"version-history":[{"count":1,"href":"https:\/\/kosovatimes.info\/index.php\/wp-json\/wp\/v2\/posts\/30701\/revisions"}],"predecessor-version":[{"id":30702,"href":"https:\/\/kosovatimes.info\/index.php\/wp-json\/wp\/v2\/posts\/30701\/revisions\/30702"}],"wp:featuredmedia":[{"embeddable":true,"href":"https:\/\/kosovatimes.info\/index.php\/wp-json\/wp\/v2\/media\/12578"}],"wp:attachment":[{"href":"https:\/\/kosovatimes.info\/index.php\/wp-json\/wp\/v2\/media?parent=30701"}],"wp:term":[{"taxonomy":"category","embeddable":true,"href":"https:\/\/kosovatimes.info\/index.php\/wp-json\/wp\/v2\/categories?post=30701"},{"taxonomy":"post_tag","embeddable":true,"href":"https:\/\/kosovatimes.info\/index.php\/wp-json\/wp\/v2\/tags?post=30701"}],"curies":[{"name":"wp","href":"https:\/\/api.w.org\/{rel}","templated":true}]}}