{"id":30705,"date":"2026-09-03T10:00:00","date_gmt":"2026-09-03T08:00:00","guid":{"rendered":"https:\/\/kosovatimes.info\/?p=30705"},"modified":"2026-09-02T23:46:51","modified_gmt":"2026-09-02T21:46:51","slug":"para-se-te-gatuani-shnicel-me-mish-vici-me-nxitim-pergatiteni-kete-shija-do-tju-kenaqe","status":"publish","type":"post","link":"https:\/\/kosovatimes.info\/index.php\/2026\/09\/03\/para-se-te-gatuani-shnicel-me-mish-vici-me-nxitim-pergatiteni-kete-shija-do-tju-kenaqe\/","title":{"rendered":"Para se t\u00eb gatuani shnicel me mish vi\u00e7i me nxitim, p\u00ebrgatiteni k\u00ebt\u00eb &#8211; shija do t&#8217;ju k\u00ebnaq\u00eb"},"content":{"rendered":"\n<p class=\"wp-block-paragraph\">Idealisht, mishi duhet t\u00eb marinohet n\u00eb k\u00ebt\u00eb marinad\u00eb gjat\u00eb gjith\u00eb nat\u00ebs &#8211; n\u00ebse nuk keni koh\u00eb p\u00ebr k\u00ebt\u00eb, l\u00ebreni t\u00eb pakt\u00ebn dy or\u00eb.<\/p>\n\n\n\n<p class=\"wp-block-paragraph\">Nj\u00eb marinad\u00eb e mir\u00eb \u00ebsht\u00eb \u00e7el\u00ebsi i shijes s\u00eb mishit t\u00eb pjekur n\u00eb skar\u00eb. Nj\u00eb cop\u00eb mishi cil\u00ebsore do t\u00eb jet\u00eb e shijshme dhe e marinuar me pak krip\u00eb dhe piper dhe e pjekur n\u00eb skar\u00eb n\u00eb pak gjalp\u00eb dhe vaj perimesh. N\u00ebse doni t&#8217;i jepni mishit nj\u00eb thell\u00ebsi shtes\u00eb shijeje, do t\u00eb ishte e k\u00ebshillueshme ta marinoni p\u00ebr disa or\u00eb.<\/p>\n\n\n\n<p class=\"wp-block-paragraph\">Ne sugjerojm\u00eb nj\u00eb marinad\u00eb t\u00eb shk\u00eblqyer t\u00eb bazuar n\u00eb vaj, salc\u00eb soje, l\u00ebng limoni Worcestershire, hudh\u00ebr, borzilok t\u00eb thar\u00eb dhe majdanoz t\u00eb thar\u00eb q\u00eb i jep mishit nj\u00eb shije t\u00eb jasht\u00ebzakonshme &#8211; pavar\u00ebsisht n\u00ebse e piqni m\u00eb von\u00eb n\u00eb skar\u00eb apo n\u00eb tigan.<\/p>\n\n\n\n<p class=\"wp-block-paragraph\">Idealisht, marinojeni mishin n\u00eb k\u00ebt\u00eb marinad\u00eb gjat\u00eb gjith\u00eb nat\u00ebs &#8211; n\u00ebse nuk keni koh\u00eb p\u00ebr k\u00ebt\u00eb, l\u00ebreni t\u00eb q\u00ebndroj\u00eb p\u00ebr t\u00eb pakt\u00ebn dy or\u00eb. Mund t\u00eb p\u00ebrdorni kat\u00ebr deri n\u00eb gjasht\u00eb biftek\u00eb vi\u00e7i p\u00ebr k\u00ebt\u00eb sasi marinate.<\/p>\n\n\n\n<h2 class=\"wp-block-heading\">Marinad\u00eb p\u00ebr biftek\u00eb vi\u00e7i &#8211; p\u00ebrb\u00ebr\u00ebsit:<\/h2>\n\n\n\n<ul class=\"wp-block-list\">\n<li>120 ml vaj perimesh<\/li>\n\n\n\n<li>80 ml salc\u00eb soje<\/li>\n\n\n\n<li>80 ml l\u00ebng limoni t\u00eb shtrydhur <\/li>\n\n\n\n<li>60 ml salc\u00eb Worcestershire<\/li>\n\n\n\n<li>2 lug\u00eb gjelle borzilok t\u00eb thar\u00eb<\/li>\n\n\n\n<li>2 lug\u00eb gjelle majdanoz t\u00eb thar\u00eb<\/li>\n\n\n\n<li>1 lug\u00eb gjelle sheqer kafe<\/li>\n\n\n\n<li>1 thelb hudh\u00ebr<\/li>\n\n\n\n<li>1 lug\u00eb \u00e7aji pluhur hudhre<\/li>\n\n\n\n<li>krip\u00eb dhe piper sipas d\u00ebshir\u00ebs<\/li>\n<\/ul>\n\n\n\n<h2 class=\"wp-block-heading\">Marinad\u00eb p\u00ebr biftek\u00eb vi\u00e7i &#8211; p\u00ebrgatitja:<\/h2>\n\n\n\n<ol class=\"wp-block-list\">\n<li>P\u00ebrzieni t\u00eb gjith\u00eb p\u00ebrb\u00ebr\u00ebsit e marinad\u00ebs: vajin, salc\u00ebn e soj\u00ebs, l\u00ebngun e limonit, djathin Worcestershire, borzilokun e thar\u00eb, majdanozin e thar\u00eb, sheqerin, thelbin e hudhr\u00ebs dhe pluhurin e hudhr\u00ebs, krip\u00ebn dhe piperin sipas shijes.<\/li>\n\n\n\n<li>Vendosni biftek\u00ebt e vi\u00e7it n\u00eb marinad\u00ebn q\u00eb rezulton dhe marinojini p\u00ebr t\u00eb pakt\u00ebn dy or\u00eb, idealisht gjat\u00eb gjith\u00eb nat\u00ebs.<\/li>\n\n\n\n<li>Hiqni biftek\u00ebt nga marinada dhe piqini n\u00eb skar\u00eb ose n\u00eb tigan \u2013 disa minuta nga secila an\u00eb, ose derisa t\u00eb jen\u00eb gatuar sipas d\u00ebshir\u00ebs. Sh\u00ebrbejini me nj\u00eb pjat\u00eb an\u00ebsore sipas d\u00ebshir\u00ebs. Shijojeni vaktin!<\/li>\n<\/ol>\n\n\n\n<p class=\"wp-block-paragraph\"><\/p>\n","protected":false},"excerpt":{"rendered":"<p>Idealisht, mishi duhet t\u00eb marinohet n\u00eb k\u00ebt\u00eb marinad\u00eb gjat\u00eb gjith\u00eb nat\u00ebs &#8211; n\u00ebse nuk keni koh\u00eb p\u00ebr k\u00ebt\u00eb, l\u00ebreni t\u00eb pakt\u00ebn dy or\u00eb. Nj\u00eb marinad\u00eb e mir\u00eb \u00ebsht\u00eb \u00e7el\u00ebsi i shijes s\u00eb mishit t\u00eb pjekur n\u00eb skar\u00eb. Nj\u00eb cop\u00eb mishi cil\u00ebsore do t\u00eb jet\u00eb e shijshme dhe e marinuar me pak krip\u00eb dhe piper dhe [&hellip;]<\/p>\n","protected":false},"author":4,"featured_media":30706,"comment_status":"open","ping_status":"open","sticky":false,"template":"","format":"standard","meta":{"footnotes":""},"categories":[39],"tags":[],"class_list":["post-30705","post","type-post","status-publish","format-standard","has-post-thumbnail","category-receta"],"yoast_head":"<!-- This site is optimized with the Yoast SEO plugin v27.4 - https:\/\/yoast.com\/product\/yoast-seo-wordpress\/ -->\n<title>Para se t\u00eb gatuani shnicel me mish vi\u00e7i me nxitim, p\u00ebrgatiteni k\u00ebt\u00eb - shija do t&#039;ju k\u00ebnaq\u00eb - Kosova Times<\/title>\n<meta name=\"robots\" content=\"index, follow, max-snippet:-1, max-image-preview:large, max-video-preview:-1\" \/>\n<link rel=\"canonical\" href=\"https:\/\/kosovatimes.info\/index.php\/2026\/09\/03\/para-se-te-gatuani-shnicel-me-mish-vici-me-nxitim-pergatiteni-kete-shija-do-tju-kenaqe\/\" \/>\n<meta property=\"og:locale\" content=\"en_US\" \/>\n<meta property=\"og:type\" content=\"article\" \/>\n<meta property=\"og:title\" content=\"Para se t\u00eb gatuani shnicel me mish vi\u00e7i me nxitim, p\u00ebrgatiteni k\u00ebt\u00eb - shija do t&#039;ju k\u00ebnaq\u00eb - Kosova Times\" \/>\n<meta property=\"og:description\" content=\"Idealisht, mishi duhet t\u00eb marinohet n\u00eb k\u00ebt\u00eb marinad\u00eb gjat\u00eb gjith\u00eb nat\u00ebs &#8211; n\u00ebse nuk keni koh\u00eb p\u00ebr k\u00ebt\u00eb, l\u00ebreni t\u00eb pakt\u00ebn dy or\u00eb. Nj\u00eb marinad\u00eb e mir\u00eb \u00ebsht\u00eb \u00e7el\u00ebsi i shijes s\u00eb mishit t\u00eb pjekur n\u00eb skar\u00eb. Nj\u00eb cop\u00eb mishi cil\u00ebsore do t\u00eb jet\u00eb e shijshme dhe e marinuar me pak krip\u00eb dhe piper dhe [&hellip;]\" \/>\n<meta property=\"og:url\" content=\"https:\/\/kosovatimes.info\/index.php\/2026\/09\/03\/para-se-te-gatuani-shnicel-me-mish-vici-me-nxitim-pergatiteni-kete-shija-do-tju-kenaqe\/\" \/>\n<meta property=\"og:site_name\" content=\"Kosova Times\" \/>\n<meta property=\"article:published_time\" content=\"2026-09-03T08:00:00+00:00\" \/>\n<meta property=\"og:image\" content=\"https:\/\/kosovatimes.info\/wp-content\/uploads\/2026\/09\/shnicla.jpg\" \/>\n\t<meta property=\"og:image:width\" content=\"920\" \/>\n\t<meta property=\"og:image:height\" content=\"695\" \/>\n\t<meta property=\"og:image:type\" content=\"image\/jpeg\" \/>\n<meta name=\"author\" content=\"i l\" \/>\n<meta name=\"twitter:card\" content=\"summary_large_image\" \/>\n<meta name=\"twitter:label1\" content=\"Written by\" \/>\n\t<meta name=\"twitter:data1\" content=\"i l\" \/>\n\t<meta name=\"twitter:label2\" content=\"Est. reading time\" \/>\n\t<meta name=\"twitter:data2\" content=\"2 minutes\" \/>\n<script type=\"application\/ld+json\" class=\"yoast-schema-graph\">{\"@context\":\"https:\\\/\\\/schema.org\",\"@graph\":[{\"@type\":\"Article\",\"@id\":\"https:\\\/\\\/kosovatimes.info\\\/index.php\\\/2026\\\/09\\\/03\\\/para-se-te-gatuani-shnicel-me-mish-vici-me-nxitim-pergatiteni-kete-shija-do-tju-kenaqe\\\/#article\",\"isPartOf\":{\"@id\":\"https:\\\/\\\/kosovatimes.info\\\/index.php\\\/2026\\\/09\\\/03\\\/para-se-te-gatuani-shnicel-me-mish-vici-me-nxitim-pergatiteni-kete-shija-do-tju-kenaqe\\\/\"},\"author\":{\"name\":\"i l\",\"@id\":\"https:\\\/\\\/kosovatimes.info\\\/#\\\/schema\\\/person\\\/7586712b9c512fe68085de007378c915\"},\"headline\":\"Para se t\u00eb gatuani shnicel me mish vi\u00e7i me nxitim, p\u00ebrgatiteni k\u00ebt\u00eb &#8211; shija do t&#8217;ju k\u00ebnaq\u00eb\",\"datePublished\":\"2026-09-03T08:00:00+00:00\",\"mainEntityOfPage\":{\"@id\":\"https:\\\/\\\/kosovatimes.info\\\/index.php\\\/2026\\\/09\\\/03\\\/para-se-te-gatuani-shnicel-me-mish-vici-me-nxitim-pergatiteni-kete-shija-do-tju-kenaqe\\\/\"},\"wordCount\":392,\"commentCount\":0,\"image\":{\"@id\":\"https:\\\/\\\/kosovatimes.info\\\/index.php\\\/2026\\\/09\\\/03\\\/para-se-te-gatuani-shnicel-me-mish-vici-me-nxitim-pergatiteni-kete-shija-do-tju-kenaqe\\\/#primaryimage\"},\"thumbnailUrl\":\"https:\\\/\\\/kosovatimes.info\\\/wp-content\\\/uploads\\\/2026\\\/09\\\/shnicla.jpg\",\"articleSection\":[\"Receta\"],\"inLanguage\":\"en-US\",\"potentialAction\":[{\"@type\":\"CommentAction\",\"name\":\"Comment\",\"target\":[\"https:\\\/\\\/kosovatimes.info\\\/index.php\\\/2026\\\/09\\\/03\\\/para-se-te-gatuani-shnicel-me-mish-vici-me-nxitim-pergatiteni-kete-shija-do-tju-kenaqe\\\/#respond\"]}]},{\"@type\":\"WebPage\",\"@id\":\"https:\\\/\\\/kosovatimes.info\\\/index.php\\\/2026\\\/09\\\/03\\\/para-se-te-gatuani-shnicel-me-mish-vici-me-nxitim-pergatiteni-kete-shija-do-tju-kenaqe\\\/\",\"url\":\"https:\\\/\\\/kosovatimes.info\\\/index.php\\\/2026\\\/09\\\/03\\\/para-se-te-gatuani-shnicel-me-mish-vici-me-nxitim-pergatiteni-kete-shija-do-tju-kenaqe\\\/\",\"name\":\"Para se t\u00eb gatuani shnicel me mish vi\u00e7i me nxitim, p\u00ebrgatiteni k\u00ebt\u00eb - shija do t'ju k\u00ebnaq\u00eb - Kosova Times\",\"isPartOf\":{\"@id\":\"https:\\\/\\\/kosovatimes.info\\\/#website\"},\"primaryImageOfPage\":{\"@id\":\"https:\\\/\\\/kosovatimes.info\\\/index.php\\\/2026\\\/09\\\/03\\\/para-se-te-gatuani-shnicel-me-mish-vici-me-nxitim-pergatiteni-kete-shija-do-tju-kenaqe\\\/#primaryimage\"},\"image\":{\"@id\":\"https:\\\/\\\/kosovatimes.info\\\/index.php\\\/2026\\\/09\\\/03\\\/para-se-te-gatuani-shnicel-me-mish-vici-me-nxitim-pergatiteni-kete-shija-do-tju-kenaqe\\\/#primaryimage\"},\"thumbnailUrl\":\"https:\\\/\\\/kosovatimes.info\\\/wp-content\\\/uploads\\\/2026\\\/09\\\/shnicla.jpg\",\"datePublished\":\"2026-09-03T08:00:00+00:00\",\"author\":{\"@id\":\"https:\\\/\\\/kosovatimes.info\\\/#\\\/schema\\\/person\\\/7586712b9c512fe68085de007378c915\"},\"breadcrumb\":{\"@id\":\"https:\\\/\\\/kosovatimes.info\\\/index.php\\\/2026\\\/09\\\/03\\\/para-se-te-gatuani-shnicel-me-mish-vici-me-nxitim-pergatiteni-kete-shija-do-tju-kenaqe\\\/#breadcrumb\"},\"inLanguage\":\"en-US\",\"potentialAction\":[{\"@type\":\"ReadAction\",\"target\":[\"https:\\\/\\\/kosovatimes.info\\\/index.php\\\/2026\\\/09\\\/03\\\/para-se-te-gatuani-shnicel-me-mish-vici-me-nxitim-pergatiteni-kete-shija-do-tju-kenaqe\\\/\"]}]},{\"@type\":\"ImageObject\",\"inLanguage\":\"en-US\",\"@id\":\"https:\\\/\\\/kosovatimes.info\\\/index.php\\\/2026\\\/09\\\/03\\\/para-se-te-gatuani-shnicel-me-mish-vici-me-nxitim-pergatiteni-kete-shija-do-tju-kenaqe\\\/#primaryimage\",\"url\":\"https:\\\/\\\/kosovatimes.info\\\/wp-content\\\/uploads\\\/2026\\\/09\\\/shnicla.jpg\",\"contentUrl\":\"https:\\\/\\\/kosovatimes.info\\\/wp-content\\\/uploads\\\/2026\\\/09\\\/shnicla.jpg\",\"width\":920,\"height\":695},{\"@type\":\"BreadcrumbList\",\"@id\":\"https:\\\/\\\/kosovatimes.info\\\/index.php\\\/2026\\\/09\\\/03\\\/para-se-te-gatuani-shnicel-me-mish-vici-me-nxitim-pergatiteni-kete-shija-do-tju-kenaqe\\\/#breadcrumb\",\"itemListElement\":[{\"@type\":\"ListItem\",\"position\":1,\"name\":\"Home\",\"item\":\"https:\\\/\\\/kosovatimes.info\\\/\"},{\"@type\":\"ListItem\",\"position\":2,\"name\":\"Para se t\u00eb gatuani shnicel me mish vi\u00e7i me nxitim, p\u00ebrgatiteni k\u00ebt\u00eb &#8211; shija do t&#8217;ju k\u00ebnaq\u00eb\"}]},{\"@type\":\"WebSite\",\"@id\":\"https:\\\/\\\/kosovatimes.info\\\/#website\",\"url\":\"https:\\\/\\\/kosovatimes.info\\\/\",\"name\":\"Kosova Times\",\"description\":\"\",\"potentialAction\":[{\"@type\":\"SearchAction\",\"target\":{\"@type\":\"EntryPoint\",\"urlTemplate\":\"https:\\\/\\\/kosovatimes.info\\\/?s={search_term_string}\"},\"query-input\":{\"@type\":\"PropertyValueSpecification\",\"valueRequired\":true,\"valueName\":\"search_term_string\"}}],\"inLanguage\":\"en-US\"},{\"@type\":\"Person\",\"@id\":\"https:\\\/\\\/kosovatimes.info\\\/#\\\/schema\\\/person\\\/7586712b9c512fe68085de007378c915\",\"name\":\"i l\",\"image\":{\"@type\":\"ImageObject\",\"inLanguage\":\"en-US\",\"@id\":\"https:\\\/\\\/secure.gravatar.com\\\/avatar\\\/bad9296e02816160ae2e2435beda58222022298d5625d49fea74d18816fbb31d?s=96&d=mm&r=g\",\"url\":\"https:\\\/\\\/secure.gravatar.com\\\/avatar\\\/bad9296e02816160ae2e2435beda58222022298d5625d49fea74d18816fbb31d?s=96&d=mm&r=g\",\"contentUrl\":\"https:\\\/\\\/secure.gravatar.com\\\/avatar\\\/bad9296e02816160ae2e2435beda58222022298d5625d49fea74d18816fbb31d?s=96&d=mm&r=g\",\"caption\":\"i l\"},\"url\":\"https:\\\/\\\/kosovatimes.info\\\/index.php\\\/author\\\/iliri\\\/\"}]}<\/script>\n<!-- \/ Yoast SEO plugin. -->","yoast_head_json":{"title":"Para se t\u00eb gatuani shnicel me mish vi\u00e7i me nxitim, p\u00ebrgatiteni k\u00ebt\u00eb - shija do t'ju k\u00ebnaq\u00eb - Kosova Times","robots":{"index":"index","follow":"follow","max-snippet":"max-snippet:-1","max-image-preview":"max-image-preview:large","max-video-preview":"max-video-preview:-1"},"canonical":"https:\/\/kosovatimes.info\/index.php\/2026\/09\/03\/para-se-te-gatuani-shnicel-me-mish-vici-me-nxitim-pergatiteni-kete-shija-do-tju-kenaqe\/","og_locale":"en_US","og_type":"article","og_title":"Para se t\u00eb gatuani shnicel me mish vi\u00e7i me nxitim, p\u00ebrgatiteni k\u00ebt\u00eb - shija do t'ju k\u00ebnaq\u00eb - Kosova Times","og_description":"Idealisht, mishi duhet t\u00eb marinohet n\u00eb k\u00ebt\u00eb marinad\u00eb gjat\u00eb gjith\u00eb nat\u00ebs &#8211; n\u00ebse nuk keni koh\u00eb p\u00ebr k\u00ebt\u00eb, l\u00ebreni t\u00eb pakt\u00ebn dy or\u00eb. Nj\u00eb marinad\u00eb e mir\u00eb \u00ebsht\u00eb \u00e7el\u00ebsi i shijes s\u00eb mishit t\u00eb pjekur n\u00eb skar\u00eb. Nj\u00eb cop\u00eb mishi cil\u00ebsore do t\u00eb jet\u00eb e shijshme dhe e marinuar me pak krip\u00eb dhe piper dhe [&hellip;]","og_url":"https:\/\/kosovatimes.info\/index.php\/2026\/09\/03\/para-se-te-gatuani-shnicel-me-mish-vici-me-nxitim-pergatiteni-kete-shija-do-tju-kenaqe\/","og_site_name":"Kosova Times","article_published_time":"2026-09-03T08:00:00+00:00","og_image":[{"width":920,"height":695,"url":"https:\/\/kosovatimes.info\/wp-content\/uploads\/2026\/09\/shnicla.jpg","type":"image\/jpeg"}],"author":"i l","twitter_card":"summary_large_image","twitter_misc":{"Written by":"i l","Est. reading time":"2 minutes"},"schema":{"@context":"https:\/\/schema.org","@graph":[{"@type":"Article","@id":"https:\/\/kosovatimes.info\/index.php\/2026\/09\/03\/para-se-te-gatuani-shnicel-me-mish-vici-me-nxitim-pergatiteni-kete-shija-do-tju-kenaqe\/#article","isPartOf":{"@id":"https:\/\/kosovatimes.info\/index.php\/2026\/09\/03\/para-se-te-gatuani-shnicel-me-mish-vici-me-nxitim-pergatiteni-kete-shija-do-tju-kenaqe\/"},"author":{"name":"i l","@id":"https:\/\/kosovatimes.info\/#\/schema\/person\/7586712b9c512fe68085de007378c915"},"headline":"Para se t\u00eb gatuani shnicel me mish vi\u00e7i me nxitim, p\u00ebrgatiteni k\u00ebt\u00eb &#8211; shija do t&#8217;ju k\u00ebnaq\u00eb","datePublished":"2026-09-03T08:00:00+00:00","mainEntityOfPage":{"@id":"https:\/\/kosovatimes.info\/index.php\/2026\/09\/03\/para-se-te-gatuani-shnicel-me-mish-vici-me-nxitim-pergatiteni-kete-shija-do-tju-kenaqe\/"},"wordCount":392,"commentCount":0,"image":{"@id":"https:\/\/kosovatimes.info\/index.php\/2026\/09\/03\/para-se-te-gatuani-shnicel-me-mish-vici-me-nxitim-pergatiteni-kete-shija-do-tju-kenaqe\/#primaryimage"},"thumbnailUrl":"https:\/\/kosovatimes.info\/wp-content\/uploads\/2026\/09\/shnicla.jpg","articleSection":["Receta"],"inLanguage":"en-US","potentialAction":[{"@type":"CommentAction","name":"Comment","target":["https:\/\/kosovatimes.info\/index.php\/2026\/09\/03\/para-se-te-gatuani-shnicel-me-mish-vici-me-nxitim-pergatiteni-kete-shija-do-tju-kenaqe\/#respond"]}]},{"@type":"WebPage","@id":"https:\/\/kosovatimes.info\/index.php\/2026\/09\/03\/para-se-te-gatuani-shnicel-me-mish-vici-me-nxitim-pergatiteni-kete-shija-do-tju-kenaqe\/","url":"https:\/\/kosovatimes.info\/index.php\/2026\/09\/03\/para-se-te-gatuani-shnicel-me-mish-vici-me-nxitim-pergatiteni-kete-shija-do-tju-kenaqe\/","name":"Para se t\u00eb gatuani shnicel me mish vi\u00e7i me nxitim, p\u00ebrgatiteni k\u00ebt\u00eb - shija do t'ju k\u00ebnaq\u00eb - Kosova Times","isPartOf":{"@id":"https:\/\/kosovatimes.info\/#website"},"primaryImageOfPage":{"@id":"https:\/\/kosovatimes.info\/index.php\/2026\/09\/03\/para-se-te-gatuani-shnicel-me-mish-vici-me-nxitim-pergatiteni-kete-shija-do-tju-kenaqe\/#primaryimage"},"image":{"@id":"https:\/\/kosovatimes.info\/index.php\/2026\/09\/03\/para-se-te-gatuani-shnicel-me-mish-vici-me-nxitim-pergatiteni-kete-shija-do-tju-kenaqe\/#primaryimage"},"thumbnailUrl":"https:\/\/kosovatimes.info\/wp-content\/uploads\/2026\/09\/shnicla.jpg","datePublished":"2026-09-03T08:00:00+00:00","author":{"@id":"https:\/\/kosovatimes.info\/#\/schema\/person\/7586712b9c512fe68085de007378c915"},"breadcrumb":{"@id":"https:\/\/kosovatimes.info\/index.php\/2026\/09\/03\/para-se-te-gatuani-shnicel-me-mish-vici-me-nxitim-pergatiteni-kete-shija-do-tju-kenaqe\/#breadcrumb"},"inLanguage":"en-US","potentialAction":[{"@type":"ReadAction","target":["https:\/\/kosovatimes.info\/index.php\/2026\/09\/03\/para-se-te-gatuani-shnicel-me-mish-vici-me-nxitim-pergatiteni-kete-shija-do-tju-kenaqe\/"]}]},{"@type":"ImageObject","inLanguage":"en-US","@id":"https:\/\/kosovatimes.info\/index.php\/2026\/09\/03\/para-se-te-gatuani-shnicel-me-mish-vici-me-nxitim-pergatiteni-kete-shija-do-tju-kenaqe\/#primaryimage","url":"https:\/\/kosovatimes.info\/wp-content\/uploads\/2026\/09\/shnicla.jpg","contentUrl":"https:\/\/kosovatimes.info\/wp-content\/uploads\/2026\/09\/shnicla.jpg","width":920,"height":695},{"@type":"BreadcrumbList","@id":"https:\/\/kosovatimes.info\/index.php\/2026\/09\/03\/para-se-te-gatuani-shnicel-me-mish-vici-me-nxitim-pergatiteni-kete-shija-do-tju-kenaqe\/#breadcrumb","itemListElement":[{"@type":"ListItem","position":1,"name":"Home","item":"https:\/\/kosovatimes.info\/"},{"@type":"ListItem","position":2,"name":"Para se t\u00eb gatuani shnicel me mish vi\u00e7i me nxitim, p\u00ebrgatiteni k\u00ebt\u00eb &#8211; shija do t&#8217;ju k\u00ebnaq\u00eb"}]},{"@type":"WebSite","@id":"https:\/\/kosovatimes.info\/#website","url":"https:\/\/kosovatimes.info\/","name":"Kosova Times","description":"","potentialAction":[{"@type":"SearchAction","target":{"@type":"EntryPoint","urlTemplate":"https:\/\/kosovatimes.info\/?s={search_term_string}"},"query-input":{"@type":"PropertyValueSpecification","valueRequired":true,"valueName":"search_term_string"}}],"inLanguage":"en-US"},{"@type":"Person","@id":"https:\/\/kosovatimes.info\/#\/schema\/person\/7586712b9c512fe68085de007378c915","name":"i l","image":{"@type":"ImageObject","inLanguage":"en-US","@id":"https:\/\/secure.gravatar.com\/avatar\/bad9296e02816160ae2e2435beda58222022298d5625d49fea74d18816fbb31d?s=96&d=mm&r=g","url":"https:\/\/secure.gravatar.com\/avatar\/bad9296e02816160ae2e2435beda58222022298d5625d49fea74d18816fbb31d?s=96&d=mm&r=g","contentUrl":"https:\/\/secure.gravatar.com\/avatar\/bad9296e02816160ae2e2435beda58222022298d5625d49fea74d18816fbb31d?s=96&d=mm&r=g","caption":"i l"},"url":"https:\/\/kosovatimes.info\/index.php\/author\/iliri\/"}]}},"_links":{"self":[{"href":"https:\/\/kosovatimes.info\/index.php\/wp-json\/wp\/v2\/posts\/30705","targetHints":{"allow":["GET"]}}],"collection":[{"href":"https:\/\/kosovatimes.info\/index.php\/wp-json\/wp\/v2\/posts"}],"about":[{"href":"https:\/\/kosovatimes.info\/index.php\/wp-json\/wp\/v2\/types\/post"}],"author":[{"embeddable":true,"href":"https:\/\/kosovatimes.info\/index.php\/wp-json\/wp\/v2\/users\/4"}],"replies":[{"embeddable":true,"href":"https:\/\/kosovatimes.info\/index.php\/wp-json\/wp\/v2\/comments?post=30705"}],"version-history":[{"count":1,"href":"https:\/\/kosovatimes.info\/index.php\/wp-json\/wp\/v2\/posts\/30705\/revisions"}],"predecessor-version":[{"id":30707,"href":"https:\/\/kosovatimes.info\/index.php\/wp-json\/wp\/v2\/posts\/30705\/revisions\/30707"}],"wp:featuredmedia":[{"embeddable":true,"href":"https:\/\/kosovatimes.info\/index.php\/wp-json\/wp\/v2\/media\/30706"}],"wp:attachment":[{"href":"https:\/\/kosovatimes.info\/index.php\/wp-json\/wp\/v2\/media?parent=30705"}],"wp:term":[{"taxonomy":"category","embeddable":true,"href":"https:\/\/kosovatimes.info\/index.php\/wp-json\/wp\/v2\/categories?post=30705"},{"taxonomy":"post_tag","embeddable":true,"href":"https:\/\/kosovatimes.info\/index.php\/wp-json\/wp\/v2\/tags?post=30705"}],"curies":[{"name":"wp","href":"https:\/\/api.w.org\/{rel}","templated":true}]}}