{"id":30746,"date":"2026-09-03T08:41:51","date_gmt":"2026-09-03T06:41:51","guid":{"rendered":"https:\/\/kosovatimes.info\/?p=30746"},"modified":"2026-09-03T08:41:52","modified_gmt":"2026-09-03T06:41:52","slug":"burgasi-pret-festivalin-e-peshkut-dhe-veres","status":"publish","type":"post","link":"https:\/\/kosovatimes.info\/index.php\/2026\/09\/03\/burgasi-pret-festivalin-e-peshkut-dhe-veres\/","title":{"rendered":"Burgasi pret Festivalin e Peshkut dhe Ver\u00ebs"},"content":{"rendered":"\n<p class=\"wp-block-paragraph\">Pes\u00eb dit\u00eb me muzik\u00eb, kulinari, ver\u00eb, valle, arg\u00ebtim dhe aktivitete p\u00ebr t\u00eb gjith\u00eb familjen i presin banor\u00ebt dhe vizitor\u00ebt e qytetit bregdetar t\u00eb Burgasit. Nga&nbsp;3 deri m\u00eb 7 shtator, p\u00ebrpara Qendr\u00ebs s\u00eb Ekspozitave&nbsp;\u201cFlora\u201d, n\u00eb Kopshtin e Detit, do t\u00eb zhvillohet Festivali, tashm\u00eb tradicional,&nbsp; i Peshkut dhe Ver\u00ebs. Hyrja \u00ebsht\u00eb falas p\u00ebr t\u00eb gjith\u00eb.<\/p>\n\n\n\n<p class=\"wp-block-paragraph\">Programi nis&nbsp;t\u00eb enjten m\u00eb 3 shtator, n\u00eb or\u00ebn 18:00, me prezantimin e ver\u00ebrave dhe loj\u00ebn me publikun&nbsp;\u201cIn Vino Veritas\u201d, loj\u00ebra p\u00ebr f\u00ebmij\u00ebt m\u00eb t\u00eb vegj\u00ebl dhe nj\u00eb program koncertesh.<\/p>\n\n\n\n<p class=\"wp-block-paragraph\">M\u00eb&nbsp;4 shtator, nd\u00ebr artist\u00ebt q\u00eb do t\u00eb performojn\u00eb n\u00eb programin muzikor do t\u00eb jet\u00eb edhe&nbsp;FADIVI MUSIC&nbsp;nga Ukraina.<\/p>\n\n\n\n<p class=\"wp-block-paragraph\">Nj\u00eb nga pikat kryesore t\u00eb programit m\u00eb&nbsp;5 shtator&nbsp;do t\u00eb jet\u00eb nj\u00eb demonstrim gatimi, i cili do t\u00eb nis\u00eb n\u00eb or\u00ebn&nbsp;17:00. Ai do t\u00eb prezantohet nga kampioni komb\u00ebtar i pael\u00ebs,&nbsp;Nikollaj Gen\u00e7ev, s\u00eb bashku me partnerin e tij t\u00eb ekipit. T\u00eb dy do t\u00eb p\u00ebrfaq\u00ebsojn\u00eb Bullgarin\u00eb n\u00eb&nbsp;Kampionatin Bot\u00ebror t\u00eb Pael\u00ebs, q\u00eb do t\u00eb zhvillohet n\u00eb Valencia m\u00eb&nbsp;20 shtator 2026.<\/p>\n\n\n\n<p class=\"wp-block-paragraph\">Festivali do t\u00eb p\u00ebrmbyllet m\u00eb&nbsp;7 shtator&nbsp;me nj\u00eb koncert t\u00eb&nbsp;Boney M Experience.<\/p>\n","protected":false},"excerpt":{"rendered":"<p>Pes\u00eb dit\u00eb me muzik\u00eb, kulinari, ver\u00eb, valle, arg\u00ebtim dhe aktivitete p\u00ebr t\u00eb gjith\u00eb familjen i presin banor\u00ebt dhe vizitor\u00ebt e qytetit bregdetar t\u00eb Burgasit. Nga&nbsp;3 deri m\u00eb 7 shtator, p\u00ebrpara Qendr\u00ebs s\u00eb Ekspozitave&nbsp;\u201cFlora\u201d, n\u00eb Kopshtin e Detit, do t\u00eb zhvillohet Festivali, tashm\u00eb tradicional,&nbsp; i Peshkut dhe Ver\u00ebs. Hyrja \u00ebsht\u00eb falas p\u00ebr t\u00eb gjith\u00eb. Programi nis&nbsp;t\u00eb [&hellip;]<\/p>\n","protected":false},"author":4,"featured_media":30747,"comment_status":"open","ping_status":"open","sticky":false,"template":"","format":"standard","meta":{"footnotes":""},"categories":[43],"tags":[],"class_list":["post-30746","post","type-post","status-publish","format-standard","has-post-thumbnail","category-turizem"],"yoast_head":"<!-- This site is optimized with the Yoast SEO plugin v27.4 - https:\/\/yoast.com\/product\/yoast-seo-wordpress\/ -->\n<title>Burgasi pret Festivalin e Peshkut dhe Ver\u00ebs - Kosova Times<\/title>\n<meta name=\"robots\" content=\"index, follow, max-snippet:-1, max-image-preview:large, max-video-preview:-1\" \/>\n<link rel=\"canonical\" href=\"https:\/\/kosovatimes.info\/index.php\/2026\/09\/03\/burgasi-pret-festivalin-e-peshkut-dhe-veres\/\" \/>\n<meta property=\"og:locale\" content=\"en_US\" \/>\n<meta property=\"og:type\" content=\"article\" \/>\n<meta property=\"og:title\" content=\"Burgasi pret Festivalin e Peshkut dhe Ver\u00ebs - Kosova Times\" \/>\n<meta property=\"og:description\" content=\"Pes\u00eb dit\u00eb me muzik\u00eb, kulinari, ver\u00eb, valle, arg\u00ebtim dhe aktivitete p\u00ebr t\u00eb gjith\u00eb familjen i presin banor\u00ebt dhe vizitor\u00ebt e qytetit bregdetar t\u00eb Burgasit. Nga&nbsp;3 deri m\u00eb 7 shtator, p\u00ebrpara Qendr\u00ebs s\u00eb Ekspozitave&nbsp;\u201cFlora\u201d, n\u00eb Kopshtin e Detit, do t\u00eb zhvillohet Festivali, tashm\u00eb tradicional,&nbsp; i Peshkut dhe Ver\u00ebs. Hyrja \u00ebsht\u00eb falas p\u00ebr t\u00eb gjith\u00eb. Programi nis&nbsp;t\u00eb [&hellip;]\" \/>\n<meta property=\"og:url\" content=\"https:\/\/kosovatimes.info\/index.php\/2026\/09\/03\/burgasi-pret-festivalin-e-peshkut-dhe-veres\/\" \/>\n<meta property=\"og:site_name\" content=\"Kosova Times\" \/>\n<meta property=\"article:published_time\" content=\"2026-09-03T06:41:51+00:00\" \/>\n<meta property=\"article:modified_time\" content=\"2026-09-03T06:41:52+00:00\" \/>\n<meta property=\"og:image\" content=\"https:\/\/kosovatimes.info\/wp-content\/uploads\/2026\/09\/Peshk.jpeg\" \/>\n\t<meta property=\"og:image:width\" content=\"1152\" \/>\n\t<meta property=\"og:image:height\" content=\"648\" \/>\n\t<meta property=\"og:image:type\" content=\"image\/jpeg\" \/>\n<meta name=\"author\" content=\"i l\" \/>\n<meta name=\"twitter:card\" content=\"summary_large_image\" \/>\n<meta name=\"twitter:label1\" content=\"Written by\" \/>\n\t<meta name=\"twitter:data1\" content=\"i l\" \/>\n\t<meta name=\"twitter:label2\" content=\"Est. reading time\" \/>\n\t<meta name=\"twitter:data2\" content=\"1 minute\" \/>\n<script type=\"application\/ld+json\" class=\"yoast-schema-graph\">{\"@context\":\"https:\\\/\\\/schema.org\",\"@graph\":[{\"@type\":\"Article\",\"@id\":\"https:\\\/\\\/kosovatimes.info\\\/index.php\\\/2026\\\/09\\\/03\\\/burgasi-pret-festivalin-e-peshkut-dhe-veres\\\/#article\",\"isPartOf\":{\"@id\":\"https:\\\/\\\/kosovatimes.info\\\/index.php\\\/2026\\\/09\\\/03\\\/burgasi-pret-festivalin-e-peshkut-dhe-veres\\\/\"},\"author\":{\"name\":\"i l\",\"@id\":\"https:\\\/\\\/kosovatimes.info\\\/#\\\/schema\\\/person\\\/7586712b9c512fe68085de007378c915\"},\"headline\":\"Burgasi pret Festivalin e Peshkut dhe Ver\u00ebs\",\"datePublished\":\"2026-09-03T06:41:51+00:00\",\"dateModified\":\"2026-09-03T06:41:52+00:00\",\"mainEntityOfPage\":{\"@id\":\"https:\\\/\\\/kosovatimes.info\\\/index.php\\\/2026\\\/09\\\/03\\\/burgasi-pret-festivalin-e-peshkut-dhe-veres\\\/\"},\"wordCount\":225,\"commentCount\":0,\"image\":{\"@id\":\"https:\\\/\\\/kosovatimes.info\\\/index.php\\\/2026\\\/09\\\/03\\\/burgasi-pret-festivalin-e-peshkut-dhe-veres\\\/#primaryimage\"},\"thumbnailUrl\":\"https:\\\/\\\/kosovatimes.info\\\/wp-content\\\/uploads\\\/2026\\\/09\\\/Peshk.jpeg\",\"articleSection\":[\"Turiz\u00ebm\"],\"inLanguage\":\"en-US\",\"potentialAction\":[{\"@type\":\"CommentAction\",\"name\":\"Comment\",\"target\":[\"https:\\\/\\\/kosovatimes.info\\\/index.php\\\/2026\\\/09\\\/03\\\/burgasi-pret-festivalin-e-peshkut-dhe-veres\\\/#respond\"]}]},{\"@type\":\"WebPage\",\"@id\":\"https:\\\/\\\/kosovatimes.info\\\/index.php\\\/2026\\\/09\\\/03\\\/burgasi-pret-festivalin-e-peshkut-dhe-veres\\\/\",\"url\":\"https:\\\/\\\/kosovatimes.info\\\/index.php\\\/2026\\\/09\\\/03\\\/burgasi-pret-festivalin-e-peshkut-dhe-veres\\\/\",\"name\":\"Burgasi pret Festivalin e Peshkut dhe Ver\u00ebs - Kosova Times\",\"isPartOf\":{\"@id\":\"https:\\\/\\\/kosovatimes.info\\\/#website\"},\"primaryImageOfPage\":{\"@id\":\"https:\\\/\\\/kosovatimes.info\\\/index.php\\\/2026\\\/09\\\/03\\\/burgasi-pret-festivalin-e-peshkut-dhe-veres\\\/#primaryimage\"},\"image\":{\"@id\":\"https:\\\/\\\/kosovatimes.info\\\/index.php\\\/2026\\\/09\\\/03\\\/burgasi-pret-festivalin-e-peshkut-dhe-veres\\\/#primaryimage\"},\"thumbnailUrl\":\"https:\\\/\\\/kosovatimes.info\\\/wp-content\\\/uploads\\\/2026\\\/09\\\/Peshk.jpeg\",\"datePublished\":\"2026-09-03T06:41:51+00:00\",\"dateModified\":\"2026-09-03T06:41:52+00:00\",\"author\":{\"@id\":\"https:\\\/\\\/kosovatimes.info\\\/#\\\/schema\\\/person\\\/7586712b9c512fe68085de007378c915\"},\"breadcrumb\":{\"@id\":\"https:\\\/\\\/kosovatimes.info\\\/index.php\\\/2026\\\/09\\\/03\\\/burgasi-pret-festivalin-e-peshkut-dhe-veres\\\/#breadcrumb\"},\"inLanguage\":\"en-US\",\"potentialAction\":[{\"@type\":\"ReadAction\",\"target\":[\"https:\\\/\\\/kosovatimes.info\\\/index.php\\\/2026\\\/09\\\/03\\\/burgasi-pret-festivalin-e-peshkut-dhe-veres\\\/\"]}]},{\"@type\":\"ImageObject\",\"inLanguage\":\"en-US\",\"@id\":\"https:\\\/\\\/kosovatimes.info\\\/index.php\\\/2026\\\/09\\\/03\\\/burgasi-pret-festivalin-e-peshkut-dhe-veres\\\/#primaryimage\",\"url\":\"https:\\\/\\\/kosovatimes.info\\\/wp-content\\\/uploads\\\/2026\\\/09\\\/Peshk.jpeg\",\"contentUrl\":\"https:\\\/\\\/kosovatimes.info\\\/wp-content\\\/uploads\\\/2026\\\/09\\\/Peshk.jpeg\",\"width\":1152,\"height\":648},{\"@type\":\"BreadcrumbList\",\"@id\":\"https:\\\/\\\/kosovatimes.info\\\/index.php\\\/2026\\\/09\\\/03\\\/burgasi-pret-festivalin-e-peshkut-dhe-veres\\\/#breadcrumb\",\"itemListElement\":[{\"@type\":\"ListItem\",\"position\":1,\"name\":\"Home\",\"item\":\"https:\\\/\\\/kosovatimes.info\\\/\"},{\"@type\":\"ListItem\",\"position\":2,\"name\":\"Burgasi pret Festivalin e Peshkut dhe Ver\u00ebs\"}]},{\"@type\":\"WebSite\",\"@id\":\"https:\\\/\\\/kosovatimes.info\\\/#website\",\"url\":\"https:\\\/\\\/kosovatimes.info\\\/\",\"name\":\"Kosova Times\",\"description\":\"\",\"potentialAction\":[{\"@type\":\"SearchAction\",\"target\":{\"@type\":\"EntryPoint\",\"urlTemplate\":\"https:\\\/\\\/kosovatimes.info\\\/?s={search_term_string}\"},\"query-input\":{\"@type\":\"PropertyValueSpecification\",\"valueRequired\":true,\"valueName\":\"search_term_string\"}}],\"inLanguage\":\"en-US\"},{\"@type\":\"Person\",\"@id\":\"https:\\\/\\\/kosovatimes.info\\\/#\\\/schema\\\/person\\\/7586712b9c512fe68085de007378c915\",\"name\":\"i l\",\"image\":{\"@type\":\"ImageObject\",\"inLanguage\":\"en-US\",\"@id\":\"https:\\\/\\\/secure.gravatar.com\\\/avatar\\\/bad9296e02816160ae2e2435beda58222022298d5625d49fea74d18816fbb31d?s=96&d=mm&r=g\",\"url\":\"https:\\\/\\\/secure.gravatar.com\\\/avatar\\\/bad9296e02816160ae2e2435beda58222022298d5625d49fea74d18816fbb31d?s=96&d=mm&r=g\",\"contentUrl\":\"https:\\\/\\\/secure.gravatar.com\\\/avatar\\\/bad9296e02816160ae2e2435beda58222022298d5625d49fea74d18816fbb31d?s=96&d=mm&r=g\",\"caption\":\"i l\"},\"url\":\"https:\\\/\\\/kosovatimes.info\\\/index.php\\\/author\\\/iliri\\\/\"}]}<\/script>\n<!-- \/ Yoast SEO plugin. -->","yoast_head_json":{"title":"Burgasi pret Festivalin e Peshkut dhe Ver\u00ebs - Kosova Times","robots":{"index":"index","follow":"follow","max-snippet":"max-snippet:-1","max-image-preview":"max-image-preview:large","max-video-preview":"max-video-preview:-1"},"canonical":"https:\/\/kosovatimes.info\/index.php\/2026\/09\/03\/burgasi-pret-festivalin-e-peshkut-dhe-veres\/","og_locale":"en_US","og_type":"article","og_title":"Burgasi pret Festivalin e Peshkut dhe Ver\u00ebs - Kosova Times","og_description":"Pes\u00eb dit\u00eb me muzik\u00eb, kulinari, ver\u00eb, valle, arg\u00ebtim dhe aktivitete p\u00ebr t\u00eb gjith\u00eb familjen i presin banor\u00ebt dhe vizitor\u00ebt e qytetit bregdetar t\u00eb Burgasit. Nga&nbsp;3 deri m\u00eb 7 shtator, p\u00ebrpara Qendr\u00ebs s\u00eb Ekspozitave&nbsp;\u201cFlora\u201d, n\u00eb Kopshtin e Detit, do t\u00eb zhvillohet Festivali, tashm\u00eb tradicional,&nbsp; i Peshkut dhe Ver\u00ebs. Hyrja \u00ebsht\u00eb falas p\u00ebr t\u00eb gjith\u00eb. Programi nis&nbsp;t\u00eb [&hellip;]","og_url":"https:\/\/kosovatimes.info\/index.php\/2026\/09\/03\/burgasi-pret-festivalin-e-peshkut-dhe-veres\/","og_site_name":"Kosova Times","article_published_time":"2026-09-03T06:41:51+00:00","article_modified_time":"2026-09-03T06:41:52+00:00","og_image":[{"width":1152,"height":648,"url":"https:\/\/kosovatimes.info\/wp-content\/uploads\/2026\/09\/Peshk.jpeg","type":"image\/jpeg"}],"author":"i l","twitter_card":"summary_large_image","twitter_misc":{"Written by":"i l","Est. reading time":"1 minute"},"schema":{"@context":"https:\/\/schema.org","@graph":[{"@type":"Article","@id":"https:\/\/kosovatimes.info\/index.php\/2026\/09\/03\/burgasi-pret-festivalin-e-peshkut-dhe-veres\/#article","isPartOf":{"@id":"https:\/\/kosovatimes.info\/index.php\/2026\/09\/03\/burgasi-pret-festivalin-e-peshkut-dhe-veres\/"},"author":{"name":"i l","@id":"https:\/\/kosovatimes.info\/#\/schema\/person\/7586712b9c512fe68085de007378c915"},"headline":"Burgasi pret Festivalin e Peshkut dhe Ver\u00ebs","datePublished":"2026-09-03T06:41:51+00:00","dateModified":"2026-09-03T06:41:52+00:00","mainEntityOfPage":{"@id":"https:\/\/kosovatimes.info\/index.php\/2026\/09\/03\/burgasi-pret-festivalin-e-peshkut-dhe-veres\/"},"wordCount":225,"commentCount":0,"image":{"@id":"https:\/\/kosovatimes.info\/index.php\/2026\/09\/03\/burgasi-pret-festivalin-e-peshkut-dhe-veres\/#primaryimage"},"thumbnailUrl":"https:\/\/kosovatimes.info\/wp-content\/uploads\/2026\/09\/Peshk.jpeg","articleSection":["Turiz\u00ebm"],"inLanguage":"en-US","potentialAction":[{"@type":"CommentAction","name":"Comment","target":["https:\/\/kosovatimes.info\/index.php\/2026\/09\/03\/burgasi-pret-festivalin-e-peshkut-dhe-veres\/#respond"]}]},{"@type":"WebPage","@id":"https:\/\/kosovatimes.info\/index.php\/2026\/09\/03\/burgasi-pret-festivalin-e-peshkut-dhe-veres\/","url":"https:\/\/kosovatimes.info\/index.php\/2026\/09\/03\/burgasi-pret-festivalin-e-peshkut-dhe-veres\/","name":"Burgasi pret Festivalin e Peshkut dhe Ver\u00ebs - Kosova Times","isPartOf":{"@id":"https:\/\/kosovatimes.info\/#website"},"primaryImageOfPage":{"@id":"https:\/\/kosovatimes.info\/index.php\/2026\/09\/03\/burgasi-pret-festivalin-e-peshkut-dhe-veres\/#primaryimage"},"image":{"@id":"https:\/\/kosovatimes.info\/index.php\/2026\/09\/03\/burgasi-pret-festivalin-e-peshkut-dhe-veres\/#primaryimage"},"thumbnailUrl":"https:\/\/kosovatimes.info\/wp-content\/uploads\/2026\/09\/Peshk.jpeg","datePublished":"2026-09-03T06:41:51+00:00","dateModified":"2026-09-03T06:41:52+00:00","author":{"@id":"https:\/\/kosovatimes.info\/#\/schema\/person\/7586712b9c512fe68085de007378c915"},"breadcrumb":{"@id":"https:\/\/kosovatimes.info\/index.php\/2026\/09\/03\/burgasi-pret-festivalin-e-peshkut-dhe-veres\/#breadcrumb"},"inLanguage":"en-US","potentialAction":[{"@type":"ReadAction","target":["https:\/\/kosovatimes.info\/index.php\/2026\/09\/03\/burgasi-pret-festivalin-e-peshkut-dhe-veres\/"]}]},{"@type":"ImageObject","inLanguage":"en-US","@id":"https:\/\/kosovatimes.info\/index.php\/2026\/09\/03\/burgasi-pret-festivalin-e-peshkut-dhe-veres\/#primaryimage","url":"https:\/\/kosovatimes.info\/wp-content\/uploads\/2026\/09\/Peshk.jpeg","contentUrl":"https:\/\/kosovatimes.info\/wp-content\/uploads\/2026\/09\/Peshk.jpeg","width":1152,"height":648},{"@type":"BreadcrumbList","@id":"https:\/\/kosovatimes.info\/index.php\/2026\/09\/03\/burgasi-pret-festivalin-e-peshkut-dhe-veres\/#breadcrumb","itemListElement":[{"@type":"ListItem","position":1,"name":"Home","item":"https:\/\/kosovatimes.info\/"},{"@type":"ListItem","position":2,"name":"Burgasi pret Festivalin e Peshkut dhe Ver\u00ebs"}]},{"@type":"WebSite","@id":"https:\/\/kosovatimes.info\/#website","url":"https:\/\/kosovatimes.info\/","name":"Kosova Times","description":"","potentialAction":[{"@type":"SearchAction","target":{"@type":"EntryPoint","urlTemplate":"https:\/\/kosovatimes.info\/?s={search_term_string}"},"query-input":{"@type":"PropertyValueSpecification","valueRequired":true,"valueName":"search_term_string"}}],"inLanguage":"en-US"},{"@type":"Person","@id":"https:\/\/kosovatimes.info\/#\/schema\/person\/7586712b9c512fe68085de007378c915","name":"i l","image":{"@type":"ImageObject","inLanguage":"en-US","@id":"https:\/\/secure.gravatar.com\/avatar\/bad9296e02816160ae2e2435beda58222022298d5625d49fea74d18816fbb31d?s=96&d=mm&r=g","url":"https:\/\/secure.gravatar.com\/avatar\/bad9296e02816160ae2e2435beda58222022298d5625d49fea74d18816fbb31d?s=96&d=mm&r=g","contentUrl":"https:\/\/secure.gravatar.com\/avatar\/bad9296e02816160ae2e2435beda58222022298d5625d49fea74d18816fbb31d?s=96&d=mm&r=g","caption":"i l"},"url":"https:\/\/kosovatimes.info\/index.php\/author\/iliri\/"}]}},"_links":{"self":[{"href":"https:\/\/kosovatimes.info\/index.php\/wp-json\/wp\/v2\/posts\/30746","targetHints":{"allow":["GET"]}}],"collection":[{"href":"https:\/\/kosovatimes.info\/index.php\/wp-json\/wp\/v2\/posts"}],"about":[{"href":"https:\/\/kosovatimes.info\/index.php\/wp-json\/wp\/v2\/types\/post"}],"author":[{"embeddable":true,"href":"https:\/\/kosovatimes.info\/index.php\/wp-json\/wp\/v2\/users\/4"}],"replies":[{"embeddable":true,"href":"https:\/\/kosovatimes.info\/index.php\/wp-json\/wp\/v2\/comments?post=30746"}],"version-history":[{"count":1,"href":"https:\/\/kosovatimes.info\/index.php\/wp-json\/wp\/v2\/posts\/30746\/revisions"}],"predecessor-version":[{"id":30748,"href":"https:\/\/kosovatimes.info\/index.php\/wp-json\/wp\/v2\/posts\/30746\/revisions\/30748"}],"wp:featuredmedia":[{"embeddable":true,"href":"https:\/\/kosovatimes.info\/index.php\/wp-json\/wp\/v2\/media\/30747"}],"wp:attachment":[{"href":"https:\/\/kosovatimes.info\/index.php\/wp-json\/wp\/v2\/media?parent=30746"}],"wp:term":[{"taxonomy":"category","embeddable":true,"href":"https:\/\/kosovatimes.info\/index.php\/wp-json\/wp\/v2\/categories?post=30746"},{"taxonomy":"post_tag","embeddable":true,"href":"https:\/\/kosovatimes.info\/index.php\/wp-json\/wp\/v2\/tags?post=30746"}],"curies":[{"name":"wp","href":"https:\/\/api.w.org\/{rel}","templated":true}]}}