{"id":30755,"date":"2026-09-03T08:49:00","date_gmt":"2026-09-03T06:49:00","guid":{"rendered":"https:\/\/kosovatimes.info\/?p=30755"},"modified":"2026-09-03T08:56:31","modified_gmt":"2026-09-03T06:56:31","slug":"pdk-dhe-aleanca-kerkojne-konstituimin-e-kuvendit-kosova-ndodhet-ne-bllokade","status":"publish","type":"post","link":"https:\/\/kosovatimes.info\/index.php\/2026\/09\/03\/pdk-dhe-aleanca-kerkojne-konstituimin-e-kuvendit-kosova-ndodhet-ne-bllokade\/","title":{"rendered":"PDK dhe Aleanca k\u00ebrkojn\u00eb konstituimin e Kuvendit: Kosova ndodhet n\u00eb bllokad\u00eb"},"content":{"rendered":"\n<p class=\"wp-block-paragraph\"><strong>Deputet\u00eb t\u00eb Partis\u00eb Demokratike t\u00eb Kosov\u00ebs (PDK) dhe t\u00eb Aleanc\u00ebs, s\u00eb bashku me disa asamblist\u00eb t\u00eb Komun\u00ebs s\u00eb Prishtin\u00ebs, kan\u00eb zhvilluar s\u00ebrish nj\u00eb aksion para nd\u00ebrtes\u00ebs s\u00eb Qeveris\u00eb s\u00eb Kosov\u00ebs, duke k\u00ebrkuar konstituimin e Kuvendit dhe funksionalizimin e institucioneve.<\/strong><\/p>\n\n\n\n<p class=\"wp-block-paragraph\">Pjes\u00ebmarr\u00ebsit e aksionit kan\u00eb kritikuar kryeministrin n\u00eb detyr\u00eb, Albin Kurti, duke e b\u00ebr\u00eb p\u00ebrgjegj\u00ebs p\u00ebr, si\u00e7 kan\u00eb th\u00ebn\u00eb, bllokad\u00ebn institucionale n\u00eb vend.<\/p>\n\n\n\n<p class=\"wp-block-paragraph\">Asamblisti i Prishtin\u00ebs, Yll Muriqi, tha se mungesa e funksionimit t\u00eb institucioneve po ndikon drejtp\u00ebrdrejt te qytetar\u00ebt.<\/p>\n\n\n\n<p class=\"wp-block-paragraph\">\u201cS\u00ebrish jemi mbledhur para jush p\u00ebr t\u00eb k\u00ebrkuar llogari nga deputeti Albin Kurti, i cili e ka sjell\u00eb vendin n\u00eb bllokad\u00eb totale. Ne e dim\u00eb q\u00eb institucionet nuk po funksionojn\u00eb, vendi \u00ebsht\u00eb paralizuar dhe t\u00eb gjitha k\u00ebto probleme qytetare vet\u00ebm po vijn\u00eb duke u grumbulluar. N\u00eb vend q\u00eb n\u00eb k\u00ebt\u00eb koh\u00eb institucionet t\u00eb funksionojn\u00eb, ne kemi komplet situat\u00ebn e paralizuar dhe n\u00eb vend q\u00eb t\u00eb kemi p\u00ebrgjegj\u00ebsi, ne kemi arsyetime. N\u00eb vend t\u00eb zgjidhjeve, ne kemi dometh\u00ebn\u00eb vet\u00ebm propagand\u00eb. Kosova nuk mund t\u00eb mbahet peng nga paaft\u00ebsia e nj\u00eb njeriu kok\u00ebfort\u00eb si\u00e7 \u00ebsht\u00eb Albin Kurti, i cili nuk di t\u00eb qeveris\u00eb\u201c, tha Muriqi.<\/p>\n\n\n\n<p class=\"wp-block-paragraph\">Deputeti i PDK-s\u00eb, Artan Behrami, e cil\u00ebsoi situat\u00ebn aktuale si kriz\u00eb t\u00eb shum\u00ebfisht\u00eb, duke p\u00ebrmendur kriz\u00ebn kushtetuese, politike dhe ekonomike.<\/p>\n\n\n\n<p class=\"wp-block-paragraph\">\u201cEdhe sot bashk\u00eb me koleg\u00ebt e Partis\u00eb Demokratike t\u00eb Kosov\u00ebs, t\u00eb Aleanc\u00ebs dhe asamblist\u00eb kemi ardhur p\u00ebr t\u00eb dal\u00eb s\u00ebrish para nd\u00ebrtes\u00ebs s\u00eb Qeveris\u00eb s\u00eb Republik\u00ebs s\u00eb Kosov\u00ebs dhe p\u00ebr t\u00eb p\u00ebr\u00e7uar mesazhin te qytetar\u00ebt e Kosov\u00ebs se kjo nd\u00ebrtes\u00eb e qeveris\u00eb \u00ebsht\u00eb uzurpuar, \u00ebsht\u00eb okupuar nga nj\u00eb deputet i cili q\u00eb nga viti 2025 e mban Kosov\u00ebn peng, e mban Kosov\u00ebn n\u00eb kriza t\u00eb vazhdueshme dhe kriza \u00ebsht\u00eb e shumefisht\u00eb\u201d, tha ai.<\/p>\n\n\n\n<p class=\"wp-block-paragraph\">Behrami tha se vendi, sipas tij, po p\u00ebrballet me nj\u00eb kriz\u00eb t\u00eb thell\u00eb institucionale dhe ekonomike, nd\u00ebrsa ngriti edhe pyetje lidhur me shpenzimin e buxhetit.<\/p>\n\n\n\n<p class=\"wp-block-paragraph\">\u201cJemi n\u00eb nj\u00eb kriz\u00eb kushtetuese m\u00eb t\u00eb thell\u00ebn q\u00eb nga historia e Kosov\u00ebs, jemi n\u00eb nj\u00eb kriz\u00eb politike m\u00eb t\u00eb thell\u00ebn q\u00eb nga paslufta n\u00eb Republik\u00ebn e Kosov\u00ebs, jemi n\u00eb nj\u00eb kriz\u00eb ekonomike, n\u00eb nj\u00eb kriz\u00eb edhe me aleat\u00ebt tan\u00eb. Qeveria e Kosov\u00ebs e ka pasur nj\u00eb buxhet prej 4 miliard\u00eb euro. Sot jemi n\u00eb shtator. Ku jan\u00eb k\u00ebto para? Ku kan\u00eb shkuar k\u00ebto para? Pra nuk kemi asnj\u00eb projekt, nuk kemi asnj\u00eb projekt n\u00eb sh\u00ebndet\u00ebsi, asnj\u00eb projekt n\u00eb infrastruktur\u00eb, asnj\u00eb projekt n\u00eb fush\u00ebn e arsimit dhe jemi n\u00eb nj\u00eb kolaps total\u201d, theksoi ai.<\/p>\n\n\n\n<p class=\"wp-block-paragraph\">Ai k\u00ebrkoi q\u00eb deputet\u00ebt t\u00eb rikthehen n\u00eb Kuvend dhe t\u00eb procedohet me konstituimin e institucioneve.<\/p>\n\n\n\n<p class=\"wp-block-paragraph\">\u201cPrandaj thirrja jon\u00eb edhe nj\u00eb her\u00eb \u00ebsht\u00eb q\u00eb t\u00eb rikthehemi n\u00eb Kuvend, t\u00eb konstituojm\u00eb institucionet e Republik\u00ebs s\u00eb Kosov\u00ebs dhe q\u00eb t\u00eb vazhdojm\u00eb t\u2019i adresojm\u00eb sfidat e brendshme dhe t\u00eb jashtme q\u00eb i presin Republik\u00ebn e Kosov\u00ebs. Kjo p\u00ebrpjekje e zot\u00ebri Kurtit, k\u00ebto tundime p\u00ebr t\u2019u shnd\u00ebrruar n\u00eb nj\u00eb autokrat do t\u00eb d\u00ebshtojn\u00eb sepse ne, edhe si parti politike, edhe n\u00eb parlament do t\u00eb b\u00ebjm\u00eb \u00e7do gj\u00eb p\u00ebr t\u00eb parandaluar di\u00e7ka t\u00eb till\u00eb dhe p\u00ebr t\u00eb rikthyer edhe nj\u00eb her\u00eb Kosov\u00ebn n\u00eb binar\u00ebt kushtetues\u201c, tha Behrami.<\/p>\n\n\n\n<p class=\"wp-block-paragraph\">N\u00eb aksion u p\u00ebrfshi edhe deputetja e Aleanc\u00ebs, Time Kadrijaj, e cila tha se daljet para Qeveris\u00eb synojn\u00eb t\u00eb t\u00ebrheqin v\u00ebmendjen e opinionit publik p\u00ebr gjendjen institucionale.<\/p>\n\n\n\n<p class=\"wp-block-paragraph\">\u201cAshtu si\u00e7 e tha edhe kolegu yn\u00eb, bashk\u00eb me deputet\u00ebt e PDK-s\u00eb dhe ne Aleanca, po dalim \u00e7do dit\u00eb k\u00ebtu n\u00eb aksione simbolike p\u00ebr t\u00eb marr\u00eb v\u00ebmendje dhe p\u00ebr t\u00eb k\u00ebrkuar q\u00eb t\u2019i kthehemi institucioneve, q\u00eb t\u2019i kthehemi kushtetutshm\u00ebris\u00eb\u201d, theksoi ajo.<\/p>\n\n\n\n<p class=\"wp-block-paragraph\">Kadrijaj p\u00ebrmendi edhe probleme q\u00eb, sipas saj, jan\u00eb shfaqur n\u00eb arsim dhe sh\u00ebndet\u00ebsi.<\/p>\n\n\n\n<p class=\"wp-block-paragraph\">\u201cP\u00ebrderisa n\u00eb \u00e7do sektor kemi ngecje, ne duhet t\u00eb ballafaqohemi me probleme t\u00eb tjera sepse njeriu i cili ka fituar zgjedhjet nuk i kthehet institucioneve, nuk e konstituon Kuvendin dhe e ka \u00e7uar vendin n\u00eb nj\u00eb bllokad\u00eb\u201d, tha ajo.<\/p>\n\n\n\n<p class=\"wp-block-paragraph\">Ajo foli p\u00ebr \u00e7\u00ebshtje q\u00eb lidhen me procesin arsimor, furnizimin me barna dhe specializimet n\u00eb sektorin sh\u00ebndet\u00ebsor.<\/p>\n\n\n\n<p class=\"wp-block-paragraph\">\u201cP\u00ebrderisa f\u00ebmij\u00ebt ballafaqohen me sigurin\u00eb e testeve shkollore, me komplikimin q\u00eb e ka b\u00ebr\u00eb Ministria e Arsimit, p\u00ebrderisa shkollat kan\u00eb filluar procesin m\u00ebsimor pa ditar\u00eb n\u00eb shkolla, p\u00ebrderisa t\u00eb s\u00ebmur\u00ebt dhe pacient\u00ebt na drejtohen p\u00ebr shkak se nuk ka barna n\u00eb onkologji dhe n\u00eb sektor\u00ebt e tjer\u00eb dhe detyrohen t\u2019i blejn\u00eb&nbsp;dhe e dim\u00eb q\u00eb e kan\u00eb nj\u00eb kosto t\u00eb lart\u00eb buxhetore, p\u00ebrderisa Ministria e Sh\u00ebndet\u00ebsis\u00eb ka vite q\u00eb s\u2019ka hap\u00eb konkurs p\u00ebr pranimin e specijalizant\u00ebve t\u00eb cil\u00ebt k\u00ebrkojn\u00eb q\u00eb t\u00eb avancohen n\u00eb sh\u00ebndet\u00ebsi n\u00eb drejtimet p\u00ebrkat\u00ebse, dometh\u00ebn\u00eb e kemi nj\u00eb bllokad\u00eb totale\u201d, tha ajo.<\/p>\n\n\n\n<p class=\"wp-block-paragraph\">N\u00eb fund, Kadrijaj tha se k\u00ebrkesa e tyre \u00ebsht\u00eb zhbllokimi i institucioneve dhe faj\u00ebsoi Kurtin p\u00ebr situat\u00ebn aktuale.<\/p>\n\n\n\n<p class=\"wp-block-paragraph\">\u201cE kemi nj\u00eb bllokad\u00eb totale dhe arsyeja q\u00eb po dalim, k\u00ebrkojm\u00eb q\u00eb ta zhbllokojm\u00eb k\u00ebt\u00eb bllokad\u00eb t\u00eb cil\u00ebn q\u00ebllimsh\u00ebm po e shkakton Albin Kurti. Adresa e k\u00ebsaj bllokade, adresa e s\u00eb keqes s\u00eb k\u00ebtij vendi \u00ebsht\u00eb Albin Kurti\u201c, tha Kadrijaj.<\/p>\n","protected":false},"excerpt":{"rendered":"<p>Deputet\u00eb t\u00eb Partis\u00eb Demokratike t\u00eb Kosov\u00ebs (PDK) dhe t\u00eb Aleanc\u00ebs, s\u00eb bashku me disa asamblist\u00eb t\u00eb Komun\u00ebs s\u00eb Prishtin\u00ebs, kan\u00eb zhvilluar s\u00ebrish nj\u00eb aksion para nd\u00ebrtes\u00ebs s\u00eb Qeveris\u00eb s\u00eb Kosov\u00ebs, duke k\u00ebrkuar konstituimin e Kuvendit dhe funksionalizimin e institucioneve. Pjes\u00ebmarr\u00ebsit e aksionit kan\u00eb kritikuar kryeministrin n\u00eb detyr\u00eb, Albin Kurti, duke e b\u00ebr\u00eb p\u00ebrgjegj\u00ebs p\u00ebr, si\u00e7 [&hellip;]<\/p>\n","protected":false},"author":4,"featured_media":30756,"comment_status":"open","ping_status":"open","sticky":false,"template":"","format":"standard","meta":{"footnotes":""},"categories":[31,30],"tags":[],"class_list":["post-30755","post","type-post","status-publish","format-standard","has-post-thumbnail","category-kosove","category-lajme"],"yoast_head":"<!-- This site is optimized with the Yoast SEO plugin v27.4 - https:\/\/yoast.com\/product\/yoast-seo-wordpress\/ -->\n<title>PDK dhe Aleanca k\u00ebrkojn\u00eb konstituimin e Kuvendit: Kosova ndodhet n\u00eb bllokad\u00eb - Kosova Times<\/title>\n<meta name=\"robots\" content=\"index, follow, max-snippet:-1, max-image-preview:large, max-video-preview:-1\" \/>\n<link rel=\"canonical\" href=\"https:\/\/kosovatimes.info\/index.php\/2026\/09\/03\/pdk-dhe-aleanca-kerkojne-konstituimin-e-kuvendit-kosova-ndodhet-ne-bllokade\/\" \/>\n<meta property=\"og:locale\" content=\"en_US\" \/>\n<meta property=\"og:type\" content=\"article\" \/>\n<meta property=\"og:title\" content=\"PDK dhe Aleanca k\u00ebrkojn\u00eb konstituimin e Kuvendit: Kosova ndodhet n\u00eb bllokad\u00eb - Kosova Times\" \/>\n<meta property=\"og:description\" content=\"Deputet\u00eb t\u00eb Partis\u00eb Demokratike t\u00eb Kosov\u00ebs (PDK) dhe t\u00eb Aleanc\u00ebs, s\u00eb bashku me disa asamblist\u00eb t\u00eb Komun\u00ebs s\u00eb Prishtin\u00ebs, kan\u00eb zhvilluar s\u00ebrish nj\u00eb aksion para nd\u00ebrtes\u00ebs s\u00eb Qeveris\u00eb s\u00eb Kosov\u00ebs, duke k\u00ebrkuar konstituimin e Kuvendit dhe funksionalizimin e institucioneve. Pjes\u00ebmarr\u00ebsit e aksionit kan\u00eb kritikuar kryeministrin n\u00eb detyr\u00eb, Albin Kurti, duke e b\u00ebr\u00eb p\u00ebrgjegj\u00ebs p\u00ebr, si\u00e7 [&hellip;]\" \/>\n<meta property=\"og:url\" content=\"https:\/\/kosovatimes.info\/index.php\/2026\/09\/03\/pdk-dhe-aleanca-kerkojne-konstituimin-e-kuvendit-kosova-ndodhet-ne-bllokade\/\" \/>\n<meta property=\"og:site_name\" content=\"Kosova Times\" \/>\n<meta property=\"article:published_time\" content=\"2026-09-03T06:49:00+00:00\" \/>\n<meta property=\"article:modified_time\" content=\"2026-09-03T06:56:31+00:00\" \/>\n<meta property=\"og:image\" content=\"https:\/\/kosovatimes.info\/wp-content\/uploads\/2026\/09\/PDk-AAK.jpg\" \/>\n\t<meta property=\"og:image:width\" content=\"780\" \/>\n\t<meta property=\"og:image:height\" content=\"500\" \/>\n\t<meta property=\"og:image:type\" content=\"image\/jpeg\" \/>\n<meta name=\"author\" content=\"i l\" \/>\n<meta name=\"twitter:card\" content=\"summary_large_image\" \/>\n<meta name=\"twitter:label1\" content=\"Written by\" \/>\n\t<meta name=\"twitter:data1\" content=\"i l\" \/>\n\t<meta name=\"twitter:label2\" content=\"Est. reading time\" \/>\n\t<meta name=\"twitter:data2\" content=\"4 minutes\" \/>\n<script type=\"application\/ld+json\" class=\"yoast-schema-graph\">{\"@context\":\"https:\\\/\\\/schema.org\",\"@graph\":[{\"@type\":\"Article\",\"@id\":\"https:\\\/\\\/kosovatimes.info\\\/index.php\\\/2026\\\/09\\\/03\\\/pdk-dhe-aleanca-kerkojne-konstituimin-e-kuvendit-kosova-ndodhet-ne-bllokade\\\/#article\",\"isPartOf\":{\"@id\":\"https:\\\/\\\/kosovatimes.info\\\/index.php\\\/2026\\\/09\\\/03\\\/pdk-dhe-aleanca-kerkojne-konstituimin-e-kuvendit-kosova-ndodhet-ne-bllokade\\\/\"},\"author\":{\"name\":\"i l\",\"@id\":\"https:\\\/\\\/kosovatimes.info\\\/#\\\/schema\\\/person\\\/7586712b9c512fe68085de007378c915\"},\"headline\":\"PDK dhe Aleanca k\u00ebrkojn\u00eb konstituimin e Kuvendit: Kosova ndodhet n\u00eb bllokad\u00eb\",\"datePublished\":\"2026-09-03T06:49:00+00:00\",\"dateModified\":\"2026-09-03T06:56:31+00:00\",\"mainEntityOfPage\":{\"@id\":\"https:\\\/\\\/kosovatimes.info\\\/index.php\\\/2026\\\/09\\\/03\\\/pdk-dhe-aleanca-kerkojne-konstituimin-e-kuvendit-kosova-ndodhet-ne-bllokade\\\/\"},\"wordCount\":942,\"commentCount\":0,\"image\":{\"@id\":\"https:\\\/\\\/kosovatimes.info\\\/index.php\\\/2026\\\/09\\\/03\\\/pdk-dhe-aleanca-kerkojne-konstituimin-e-kuvendit-kosova-ndodhet-ne-bllokade\\\/#primaryimage\"},\"thumbnailUrl\":\"https:\\\/\\\/kosovatimes.info\\\/wp-content\\\/uploads\\\/2026\\\/09\\\/PDk-AAK.jpg\",\"articleSection\":[\"Kosov\u00eb\",\"Lajme\"],\"inLanguage\":\"en-US\",\"potentialAction\":[{\"@type\":\"CommentAction\",\"name\":\"Comment\",\"target\":[\"https:\\\/\\\/kosovatimes.info\\\/index.php\\\/2026\\\/09\\\/03\\\/pdk-dhe-aleanca-kerkojne-konstituimin-e-kuvendit-kosova-ndodhet-ne-bllokade\\\/#respond\"]}]},{\"@type\":\"WebPage\",\"@id\":\"https:\\\/\\\/kosovatimes.info\\\/index.php\\\/2026\\\/09\\\/03\\\/pdk-dhe-aleanca-kerkojne-konstituimin-e-kuvendit-kosova-ndodhet-ne-bllokade\\\/\",\"url\":\"https:\\\/\\\/kosovatimes.info\\\/index.php\\\/2026\\\/09\\\/03\\\/pdk-dhe-aleanca-kerkojne-konstituimin-e-kuvendit-kosova-ndodhet-ne-bllokade\\\/\",\"name\":\"PDK dhe Aleanca k\u00ebrkojn\u00eb konstituimin e Kuvendit: Kosova ndodhet n\u00eb bllokad\u00eb - Kosova Times\",\"isPartOf\":{\"@id\":\"https:\\\/\\\/kosovatimes.info\\\/#website\"},\"primaryImageOfPage\":{\"@id\":\"https:\\\/\\\/kosovatimes.info\\\/index.php\\\/2026\\\/09\\\/03\\\/pdk-dhe-aleanca-kerkojne-konstituimin-e-kuvendit-kosova-ndodhet-ne-bllokade\\\/#primaryimage\"},\"image\":{\"@id\":\"https:\\\/\\\/kosovatimes.info\\\/index.php\\\/2026\\\/09\\\/03\\\/pdk-dhe-aleanca-kerkojne-konstituimin-e-kuvendit-kosova-ndodhet-ne-bllokade\\\/#primaryimage\"},\"thumbnailUrl\":\"https:\\\/\\\/kosovatimes.info\\\/wp-content\\\/uploads\\\/2026\\\/09\\\/PDk-AAK.jpg\",\"datePublished\":\"2026-09-03T06:49:00+00:00\",\"dateModified\":\"2026-09-03T06:56:31+00:00\",\"author\":{\"@id\":\"https:\\\/\\\/kosovatimes.info\\\/#\\\/schema\\\/person\\\/7586712b9c512fe68085de007378c915\"},\"breadcrumb\":{\"@id\":\"https:\\\/\\\/kosovatimes.info\\\/index.php\\\/2026\\\/09\\\/03\\\/pdk-dhe-aleanca-kerkojne-konstituimin-e-kuvendit-kosova-ndodhet-ne-bllokade\\\/#breadcrumb\"},\"inLanguage\":\"en-US\",\"potentialAction\":[{\"@type\":\"ReadAction\",\"target\":[\"https:\\\/\\\/kosovatimes.info\\\/index.php\\\/2026\\\/09\\\/03\\\/pdk-dhe-aleanca-kerkojne-konstituimin-e-kuvendit-kosova-ndodhet-ne-bllokade\\\/\"]}]},{\"@type\":\"ImageObject\",\"inLanguage\":\"en-US\",\"@id\":\"https:\\\/\\\/kosovatimes.info\\\/index.php\\\/2026\\\/09\\\/03\\\/pdk-dhe-aleanca-kerkojne-konstituimin-e-kuvendit-kosova-ndodhet-ne-bllokade\\\/#primaryimage\",\"url\":\"https:\\\/\\\/kosovatimes.info\\\/wp-content\\\/uploads\\\/2026\\\/09\\\/PDk-AAK.jpg\",\"contentUrl\":\"https:\\\/\\\/kosovatimes.info\\\/wp-content\\\/uploads\\\/2026\\\/09\\\/PDk-AAK.jpg\",\"width\":780,\"height\":500},{\"@type\":\"BreadcrumbList\",\"@id\":\"https:\\\/\\\/kosovatimes.info\\\/index.php\\\/2026\\\/09\\\/03\\\/pdk-dhe-aleanca-kerkojne-konstituimin-e-kuvendit-kosova-ndodhet-ne-bllokade\\\/#breadcrumb\",\"itemListElement\":[{\"@type\":\"ListItem\",\"position\":1,\"name\":\"Home\",\"item\":\"https:\\\/\\\/kosovatimes.info\\\/\"},{\"@type\":\"ListItem\",\"position\":2,\"name\":\"PDK dhe Aleanca k\u00ebrkojn\u00eb konstituimin e Kuvendit: Kosova ndodhet n\u00eb bllokad\u00eb\"}]},{\"@type\":\"WebSite\",\"@id\":\"https:\\\/\\\/kosovatimes.info\\\/#website\",\"url\":\"https:\\\/\\\/kosovatimes.info\\\/\",\"name\":\"Kosova Times\",\"description\":\"\",\"potentialAction\":[{\"@type\":\"SearchAction\",\"target\":{\"@type\":\"EntryPoint\",\"urlTemplate\":\"https:\\\/\\\/kosovatimes.info\\\/?s={search_term_string}\"},\"query-input\":{\"@type\":\"PropertyValueSpecification\",\"valueRequired\":true,\"valueName\":\"search_term_string\"}}],\"inLanguage\":\"en-US\"},{\"@type\":\"Person\",\"@id\":\"https:\\\/\\\/kosovatimes.info\\\/#\\\/schema\\\/person\\\/7586712b9c512fe68085de007378c915\",\"name\":\"i l\",\"image\":{\"@type\":\"ImageObject\",\"inLanguage\":\"en-US\",\"@id\":\"https:\\\/\\\/secure.gravatar.com\\\/avatar\\\/bad9296e02816160ae2e2435beda58222022298d5625d49fea74d18816fbb31d?s=96&d=mm&r=g\",\"url\":\"https:\\\/\\\/secure.gravatar.com\\\/avatar\\\/bad9296e02816160ae2e2435beda58222022298d5625d49fea74d18816fbb31d?s=96&d=mm&r=g\",\"contentUrl\":\"https:\\\/\\\/secure.gravatar.com\\\/avatar\\\/bad9296e02816160ae2e2435beda58222022298d5625d49fea74d18816fbb31d?s=96&d=mm&r=g\",\"caption\":\"i l\"},\"url\":\"https:\\\/\\\/kosovatimes.info\\\/index.php\\\/author\\\/iliri\\\/\"}]}<\/script>\n<!-- \/ Yoast SEO plugin. -->","yoast_head_json":{"title":"PDK dhe Aleanca k\u00ebrkojn\u00eb konstituimin e Kuvendit: Kosova ndodhet n\u00eb bllokad\u00eb - Kosova Times","robots":{"index":"index","follow":"follow","max-snippet":"max-snippet:-1","max-image-preview":"max-image-preview:large","max-video-preview":"max-video-preview:-1"},"canonical":"https:\/\/kosovatimes.info\/index.php\/2026\/09\/03\/pdk-dhe-aleanca-kerkojne-konstituimin-e-kuvendit-kosova-ndodhet-ne-bllokade\/","og_locale":"en_US","og_type":"article","og_title":"PDK dhe Aleanca k\u00ebrkojn\u00eb konstituimin e Kuvendit: Kosova ndodhet n\u00eb bllokad\u00eb - Kosova Times","og_description":"Deputet\u00eb t\u00eb Partis\u00eb Demokratike t\u00eb Kosov\u00ebs (PDK) dhe t\u00eb Aleanc\u00ebs, s\u00eb bashku me disa asamblist\u00eb t\u00eb Komun\u00ebs s\u00eb Prishtin\u00ebs, kan\u00eb zhvilluar s\u00ebrish nj\u00eb aksion para nd\u00ebrtes\u00ebs s\u00eb Qeveris\u00eb s\u00eb Kosov\u00ebs, duke k\u00ebrkuar konstituimin e Kuvendit dhe funksionalizimin e institucioneve. Pjes\u00ebmarr\u00ebsit e aksionit kan\u00eb kritikuar kryeministrin n\u00eb detyr\u00eb, Albin Kurti, duke e b\u00ebr\u00eb p\u00ebrgjegj\u00ebs p\u00ebr, si\u00e7 [&hellip;]","og_url":"https:\/\/kosovatimes.info\/index.php\/2026\/09\/03\/pdk-dhe-aleanca-kerkojne-konstituimin-e-kuvendit-kosova-ndodhet-ne-bllokade\/","og_site_name":"Kosova Times","article_published_time":"2026-09-03T06:49:00+00:00","article_modified_time":"2026-09-03T06:56:31+00:00","og_image":[{"width":780,"height":500,"url":"https:\/\/kosovatimes.info\/wp-content\/uploads\/2026\/09\/PDk-AAK.jpg","type":"image\/jpeg"}],"author":"i l","twitter_card":"summary_large_image","twitter_misc":{"Written by":"i l","Est. reading time":"4 minutes"},"schema":{"@context":"https:\/\/schema.org","@graph":[{"@type":"Article","@id":"https:\/\/kosovatimes.info\/index.php\/2026\/09\/03\/pdk-dhe-aleanca-kerkojne-konstituimin-e-kuvendit-kosova-ndodhet-ne-bllokade\/#article","isPartOf":{"@id":"https:\/\/kosovatimes.info\/index.php\/2026\/09\/03\/pdk-dhe-aleanca-kerkojne-konstituimin-e-kuvendit-kosova-ndodhet-ne-bllokade\/"},"author":{"name":"i l","@id":"https:\/\/kosovatimes.info\/#\/schema\/person\/7586712b9c512fe68085de007378c915"},"headline":"PDK dhe Aleanca k\u00ebrkojn\u00eb konstituimin e Kuvendit: Kosova ndodhet n\u00eb bllokad\u00eb","datePublished":"2026-09-03T06:49:00+00:00","dateModified":"2026-09-03T06:56:31+00:00","mainEntityOfPage":{"@id":"https:\/\/kosovatimes.info\/index.php\/2026\/09\/03\/pdk-dhe-aleanca-kerkojne-konstituimin-e-kuvendit-kosova-ndodhet-ne-bllokade\/"},"wordCount":942,"commentCount":0,"image":{"@id":"https:\/\/kosovatimes.info\/index.php\/2026\/09\/03\/pdk-dhe-aleanca-kerkojne-konstituimin-e-kuvendit-kosova-ndodhet-ne-bllokade\/#primaryimage"},"thumbnailUrl":"https:\/\/kosovatimes.info\/wp-content\/uploads\/2026\/09\/PDk-AAK.jpg","articleSection":["Kosov\u00eb","Lajme"],"inLanguage":"en-US","potentialAction":[{"@type":"CommentAction","name":"Comment","target":["https:\/\/kosovatimes.info\/index.php\/2026\/09\/03\/pdk-dhe-aleanca-kerkojne-konstituimin-e-kuvendit-kosova-ndodhet-ne-bllokade\/#respond"]}]},{"@type":"WebPage","@id":"https:\/\/kosovatimes.info\/index.php\/2026\/09\/03\/pdk-dhe-aleanca-kerkojne-konstituimin-e-kuvendit-kosova-ndodhet-ne-bllokade\/","url":"https:\/\/kosovatimes.info\/index.php\/2026\/09\/03\/pdk-dhe-aleanca-kerkojne-konstituimin-e-kuvendit-kosova-ndodhet-ne-bllokade\/","name":"PDK dhe Aleanca k\u00ebrkojn\u00eb konstituimin e Kuvendit: Kosova ndodhet n\u00eb bllokad\u00eb - Kosova Times","isPartOf":{"@id":"https:\/\/kosovatimes.info\/#website"},"primaryImageOfPage":{"@id":"https:\/\/kosovatimes.info\/index.php\/2026\/09\/03\/pdk-dhe-aleanca-kerkojne-konstituimin-e-kuvendit-kosova-ndodhet-ne-bllokade\/#primaryimage"},"image":{"@id":"https:\/\/kosovatimes.info\/index.php\/2026\/09\/03\/pdk-dhe-aleanca-kerkojne-konstituimin-e-kuvendit-kosova-ndodhet-ne-bllokade\/#primaryimage"},"thumbnailUrl":"https:\/\/kosovatimes.info\/wp-content\/uploads\/2026\/09\/PDk-AAK.jpg","datePublished":"2026-09-03T06:49:00+00:00","dateModified":"2026-09-03T06:56:31+00:00","author":{"@id":"https:\/\/kosovatimes.info\/#\/schema\/person\/7586712b9c512fe68085de007378c915"},"breadcrumb":{"@id":"https:\/\/kosovatimes.info\/index.php\/2026\/09\/03\/pdk-dhe-aleanca-kerkojne-konstituimin-e-kuvendit-kosova-ndodhet-ne-bllokade\/#breadcrumb"},"inLanguage":"en-US","potentialAction":[{"@type":"ReadAction","target":["https:\/\/kosovatimes.info\/index.php\/2026\/09\/03\/pdk-dhe-aleanca-kerkojne-konstituimin-e-kuvendit-kosova-ndodhet-ne-bllokade\/"]}]},{"@type":"ImageObject","inLanguage":"en-US","@id":"https:\/\/kosovatimes.info\/index.php\/2026\/09\/03\/pdk-dhe-aleanca-kerkojne-konstituimin-e-kuvendit-kosova-ndodhet-ne-bllokade\/#primaryimage","url":"https:\/\/kosovatimes.info\/wp-content\/uploads\/2026\/09\/PDk-AAK.jpg","contentUrl":"https:\/\/kosovatimes.info\/wp-content\/uploads\/2026\/09\/PDk-AAK.jpg","width":780,"height":500},{"@type":"BreadcrumbList","@id":"https:\/\/kosovatimes.info\/index.php\/2026\/09\/03\/pdk-dhe-aleanca-kerkojne-konstituimin-e-kuvendit-kosova-ndodhet-ne-bllokade\/#breadcrumb","itemListElement":[{"@type":"ListItem","position":1,"name":"Home","item":"https:\/\/kosovatimes.info\/"},{"@type":"ListItem","position":2,"name":"PDK dhe Aleanca k\u00ebrkojn\u00eb konstituimin e Kuvendit: Kosova ndodhet n\u00eb bllokad\u00eb"}]},{"@type":"WebSite","@id":"https:\/\/kosovatimes.info\/#website","url":"https:\/\/kosovatimes.info\/","name":"Kosova Times","description":"","potentialAction":[{"@type":"SearchAction","target":{"@type":"EntryPoint","urlTemplate":"https:\/\/kosovatimes.info\/?s={search_term_string}"},"query-input":{"@type":"PropertyValueSpecification","valueRequired":true,"valueName":"search_term_string"}}],"inLanguage":"en-US"},{"@type":"Person","@id":"https:\/\/kosovatimes.info\/#\/schema\/person\/7586712b9c512fe68085de007378c915","name":"i l","image":{"@type":"ImageObject","inLanguage":"en-US","@id":"https:\/\/secure.gravatar.com\/avatar\/bad9296e02816160ae2e2435beda58222022298d5625d49fea74d18816fbb31d?s=96&d=mm&r=g","url":"https:\/\/secure.gravatar.com\/avatar\/bad9296e02816160ae2e2435beda58222022298d5625d49fea74d18816fbb31d?s=96&d=mm&r=g","contentUrl":"https:\/\/secure.gravatar.com\/avatar\/bad9296e02816160ae2e2435beda58222022298d5625d49fea74d18816fbb31d?s=96&d=mm&r=g","caption":"i l"},"url":"https:\/\/kosovatimes.info\/index.php\/author\/iliri\/"}]}},"_links":{"self":[{"href":"https:\/\/kosovatimes.info\/index.php\/wp-json\/wp\/v2\/posts\/30755","targetHints":{"allow":["GET"]}}],"collection":[{"href":"https:\/\/kosovatimes.info\/index.php\/wp-json\/wp\/v2\/posts"}],"about":[{"href":"https:\/\/kosovatimes.info\/index.php\/wp-json\/wp\/v2\/types\/post"}],"author":[{"embeddable":true,"href":"https:\/\/kosovatimes.info\/index.php\/wp-json\/wp\/v2\/users\/4"}],"replies":[{"embeddable":true,"href":"https:\/\/kosovatimes.info\/index.php\/wp-json\/wp\/v2\/comments?post=30755"}],"version-history":[{"count":1,"href":"https:\/\/kosovatimes.info\/index.php\/wp-json\/wp\/v2\/posts\/30755\/revisions"}],"predecessor-version":[{"id":30757,"href":"https:\/\/kosovatimes.info\/index.php\/wp-json\/wp\/v2\/posts\/30755\/revisions\/30757"}],"wp:featuredmedia":[{"embeddable":true,"href":"https:\/\/kosovatimes.info\/index.php\/wp-json\/wp\/v2\/media\/30756"}],"wp:attachment":[{"href":"https:\/\/kosovatimes.info\/index.php\/wp-json\/wp\/v2\/media?parent=30755"}],"wp:term":[{"taxonomy":"category","embeddable":true,"href":"https:\/\/kosovatimes.info\/index.php\/wp-json\/wp\/v2\/categories?post=30755"},{"taxonomy":"post_tag","embeddable":true,"href":"https:\/\/kosovatimes.info\/index.php\/wp-json\/wp\/v2\/tags?post=30755"}],"curies":[{"name":"wp","href":"https:\/\/api.w.org\/{rel}","templated":true}]}}