{"id":30758,"date":"2026-09-03T09:00:26","date_gmt":"2026-09-03T07:00:26","guid":{"rendered":"https:\/\/kosovatimes.info\/?p=30758"},"modified":"2026-09-03T09:00:28","modified_gmt":"2026-09-03T07:00:28","slug":"nente-vjet-dita-e-bamjes-si-specialiteti-i-ulqinit-u-be-nje-arsye-per-te-shetitur-neper-qytetin-e-vjeter","status":"publish","type":"post","link":"https:\/\/kosovatimes.info\/index.php\/2026\/09\/03\/nente-vjet-dita-e-bamjes-si-specialiteti-i-ulqinit-u-be-nje-arsye-per-te-shetitur-neper-qytetin-e-vjeter\/","title":{"rendered":"N\u00ebnt\u00eb vjet &#8220;Dita e Bamjes&#8221;: Si specialiteti i Ulqinit u b\u00eb nj\u00eb arsye p\u00ebr t\u00eb sh\u00ebtitur n\u00ebp\u00ebr Qytetin e Vjet\u00ebr"},"content":{"rendered":"\n<p class=\"wp-block-paragraph\">Dita e n\u00ebnt\u00eb e bamjes edhe k\u00ebt\u00eb vit mblodhi vizitor\u00eb, turist\u00eb dhe vendas t\u00eb shumt\u00eb n\u00eb Qytetin e Vjet\u00ebr t\u00eb Ulqinit, ku gastronomis\u00eb tradicionale iu dha nj\u00eb vend i ve\u00e7ant\u00eb n\u00eb nj\u00eb mbr\u00ebmje t\u00eb mbushur me muzik\u00eb, specialitete lokale dhe kultura t\u00eb ndryshme.<\/p>\n\n\n\n<p class=\"wp-block-paragraph\">Ajo q\u00eb filloi n\u00ebnt\u00eb vjet m\u00eb par\u00eb n\u00eb hotelin Palata Venezia, sot \u00ebsht\u00eb shnd\u00ebrruar n\u00eb nj\u00eb pjes\u00eb t\u00eb dallueshme t\u00eb ofert\u00ebs turistike dhe kulturore t\u00eb Ulqinit. &#8220;Dita e Bamjes&#8221; nuk \u00ebsht\u00eb m\u00eb e lidhur me nj\u00eb vend, por k\u00ebt\u00eb vit p\u00ebrfshiu t\u00eb gjith\u00eb Qytetin e Vjet\u00ebr, sheshet, portat dhe objektet e hoteleris\u00eb t\u00eb s\u00eb cil\u00ebs u b\u00ebn\u00eb pjes\u00eb e programit t\u00eb p\u00ebrbashk\u00ebt.<\/p>\n\n\n\n<p class=\"wp-block-paragraph\">Gjat\u00eb mbr\u00ebmjes, vizitor\u00ebt pat\u00ebn mund\u00ebsi t\u00eb sh\u00ebtisnin n\u00ebp\u00ebr qendr\u00ebn historike t\u00eb qytetit, t\u00eb ndalonin n\u00eb pika t\u00eb ndryshme, t\u00eb shijonin muzik\u00ebn dhe nj\u00ebkoh\u00ebsisht t\u00eb njiheshin me ofert\u00ebn gastronomike t\u00eb restaurator\u00ebve t\u00eb Ulqinit. U organizuan kat\u00ebr programe muzikore n\u00eb vende t\u00eb ndryshme, t\u00eb cilat i dhan\u00eb Qytetit t\u00eb Vjet\u00ebr dinamiz\u00ebm shtes\u00eb dhe e shnd\u00ebrruan at\u00eb n\u00eb nj\u00eb lloj skene t\u00eb hapur.<\/p>\n\n\n\n<p class=\"wp-block-paragraph\">N\u00eb qend\u00ebr t\u00eb v\u00ebmendjes, sigurisht, ishte bamja. Gatimet tradicionale sh\u00ebrbeheshin n\u00eb disa pika, nd\u00ebrsa restorantet dhe ofruesit e tjer\u00eb t\u00eb sh\u00ebrbimit t\u00eb ushqimit n\u00eb Qytetin e Vjet\u00ebr e p\u00ebrgatitnin bamjen sipas recetave t\u00eb tyre dhe n\u00eb m\u00ebnyra t\u00eb ndryshme. K\u00ebshtu, vizitor\u00ebt pat\u00ebn mund\u00ebsin\u00eb ta provonin k\u00ebt\u00eb specialitet n\u00eb disa vende, por edhe t\u00eb zbulonin shijet dhe traditat e ndryshme q\u00eb jan\u00eb pjes\u00eb e Ulqinit p\u00ebrmes gastronomis\u00eb.<\/p>\n\n\n\n<p class=\"wp-block-paragraph\">Organizata Turistike e Ulqinit e ka mb\u00ebshtetur &#8220;Dit\u00ebn e Bamjes&#8221; q\u00eb nga edicioni i saj i par\u00eb, duke njohur q\u00eb n\u00eb fillim potencialin e k\u00ebtij manifestimi p\u00ebr ta shnd\u00ebrruar tradit\u00ebn lokale n\u00eb nj\u00eb p\u00ebrmbajtje t\u00ebrheq\u00ebse turistike.<\/p>\n\n\n\n<p class=\"wp-block-paragraph\">P\u00ebr Ulqinin, bamja nuk \u00ebsht\u00eb thjesht nj\u00eb artikull ushqimor. Ajo \u00ebsht\u00eb pjes\u00eb e trash\u00ebgimis\u00eb gastronomike, tradit\u00ebs dhe identitetit t\u00eb qytetit. Nj\u00eb vler\u00eb e shtuar \u00ebsht\u00eb fakti q\u00eb bamja e p\u00ebrgatitur n\u00eb m\u00ebnyr\u00ebn e Ulqinit mbrohet si nj\u00eb specialitet tradicional i garantuar, duke konfirmuar k\u00ebshtu r\u00ebnd\u00ebsin\u00eb e ruajtjes dhe promovimit t\u00eb saj.<\/p>\n\n\n\n<p class=\"wp-block-paragraph\">Edicioni i k\u00ebtij viti tregoi gjithashtu se historia e bamjes ka shkuar prej koh\u00ebsh p\u00ebrtej kufijve lokal\u00eb. T\u00eb ftuar dhe pjes\u00ebmarr\u00ebs nga vende t\u00eb ndryshme t\u00eb bot\u00ebs mor\u00ebn pjes\u00eb n\u00eb program, dhe vizitor\u00ebt mund t\u00eb provonin bamje t\u00eb p\u00ebrgatitura n\u00eb m\u00ebnyr\u00ebn e Ulqinit, Turqis\u00eb dhe Bangladeshit. \u00cbsht\u00eb ky kombinim i traditave t\u00eb ndryshme gastronomike q\u00eb thekson m\u00eb tej at\u00eb q\u00eb e b\u00ebn Ulqinin t\u00eb dalluesh\u00ebm, si nj\u00eb qytet t\u00eb diversitetit, takimit t\u00eb kulturave dhe trash\u00ebgimis\u00eb s\u00eb pasur.<\/p>\n\n\n\n<p class=\"wp-block-paragraph\">Organizata Turistike e Ulqinit thekson se mb\u00ebshtetja e &#8220;Dit\u00ebs s\u00eb Bamjes&#8221; p\u00ebrfaq\u00ebson nj\u00eb investim n\u00eb ruajtjen e traditave lokale, por edhe n\u00eb krijimin e p\u00ebrmbajtjes q\u00eb e paraqet qytetin si nj\u00eb destinacion q\u00eb, p\u00ebrve\u00e7 detit dhe diellit, ofron p\u00ebrvoja autentike kulturore dhe gastronomike.<\/p>\n\n\n\n<p class=\"wp-block-paragraph\">N\u00ebnt\u00eb vitet e k\u00ebtij manifestimi nuk jan\u00eb vet\u00ebm n\u00ebnt\u00eb edicione t\u00eb mbajtura. Jan\u00eb gjithashtu n\u00ebnt\u00eb vjet p\u00ebrpjekjesh p\u00ebr t\u00eb ruajtur, prezantuar dhe sjell\u00eb p\u00ebr vizitor\u00ebt nga vendi dhe bota at\u00eb q\u00eb i p\u00ebrket Ulqinit.<\/p>\n","protected":false},"excerpt":{"rendered":"<p>Dita e n\u00ebnt\u00eb e bamjes edhe k\u00ebt\u00eb vit mblodhi vizitor\u00eb, turist\u00eb dhe vendas t\u00eb shumt\u00eb n\u00eb Qytetin e Vjet\u00ebr t\u00eb Ulqinit, ku gastronomis\u00eb tradicionale iu dha nj\u00eb vend i ve\u00e7ant\u00eb n\u00eb nj\u00eb mbr\u00ebmje t\u00eb mbushur me muzik\u00eb, specialitete lokale dhe kultura t\u00eb ndryshme. Ajo q\u00eb filloi n\u00ebnt\u00eb vjet m\u00eb par\u00eb n\u00eb hotelin Palata Venezia, sot [&hellip;]<\/p>\n","protected":false},"author":4,"featured_media":30759,"comment_status":"open","ping_status":"open","sticky":false,"template":"","format":"standard","meta":{"footnotes":""},"categories":[43],"tags":[],"class_list":["post-30758","post","type-post","status-publish","format-standard","has-post-thumbnail","category-turizem"],"yoast_head":"<!-- This site is optimized with the Yoast SEO plugin v27.4 - https:\/\/yoast.com\/product\/yoast-seo-wordpress\/ -->\n<title>N\u00ebnt\u00eb vjet &quot;Dita e Bamjes&quot;: Si specialiteti i Ulqinit u b\u00eb nj\u00eb arsye p\u00ebr t\u00eb sh\u00ebtitur n\u00ebp\u00ebr Qytetin e Vjet\u00ebr - Kosova Times<\/title>\n<meta name=\"robots\" content=\"index, follow, max-snippet:-1, max-image-preview:large, max-video-preview:-1\" \/>\n<link rel=\"canonical\" href=\"https:\/\/kosovatimes.info\/index.php\/2026\/09\/03\/nente-vjet-dita-e-bamjes-si-specialiteti-i-ulqinit-u-be-nje-arsye-per-te-shetitur-neper-qytetin-e-vjeter\/\" \/>\n<meta property=\"og:locale\" content=\"en_US\" \/>\n<meta property=\"og:type\" content=\"article\" \/>\n<meta property=\"og:title\" content=\"N\u00ebnt\u00eb vjet &quot;Dita e Bamjes&quot;: Si specialiteti i Ulqinit u b\u00eb nj\u00eb arsye p\u00ebr t\u00eb sh\u00ebtitur n\u00ebp\u00ebr Qytetin e Vjet\u00ebr - Kosova Times\" \/>\n<meta property=\"og:description\" content=\"Dita e n\u00ebnt\u00eb e bamjes edhe k\u00ebt\u00eb vit mblodhi vizitor\u00eb, turist\u00eb dhe vendas t\u00eb shumt\u00eb n\u00eb Qytetin e Vjet\u00ebr t\u00eb Ulqinit, ku gastronomis\u00eb tradicionale iu dha nj\u00eb vend i ve\u00e7ant\u00eb n\u00eb nj\u00eb mbr\u00ebmje t\u00eb mbushur me muzik\u00eb, specialitete lokale dhe kultura t\u00eb ndryshme. Ajo q\u00eb filloi n\u00ebnt\u00eb vjet m\u00eb par\u00eb n\u00eb hotelin Palata Venezia, sot [&hellip;]\" \/>\n<meta property=\"og:url\" content=\"https:\/\/kosovatimes.info\/index.php\/2026\/09\/03\/nente-vjet-dita-e-bamjes-si-specialiteti-i-ulqinit-u-be-nje-arsye-per-te-shetitur-neper-qytetin-e-vjeter\/\" \/>\n<meta property=\"og:site_name\" content=\"Kosova Times\" \/>\n<meta property=\"article:published_time\" content=\"2026-09-03T07:00:26+00:00\" \/>\n<meta property=\"article:modified_time\" content=\"2026-09-03T07:00:28+00:00\" \/>\n<meta property=\"og:image\" content=\"https:\/\/kosovatimes.info\/wp-content\/uploads\/2026\/09\/Ulqin.webp\" \/>\n\t<meta property=\"og:image:width\" content=\"1720\" \/>\n\t<meta property=\"og:image:height\" content=\"966\" \/>\n\t<meta property=\"og:image:type\" content=\"image\/webp\" \/>\n<meta name=\"author\" content=\"i l\" \/>\n<meta name=\"twitter:card\" content=\"summary_large_image\" \/>\n<meta name=\"twitter:label1\" content=\"Written by\" \/>\n\t<meta name=\"twitter:data1\" content=\"i l\" \/>\n\t<meta name=\"twitter:label2\" content=\"Est. reading time\" \/>\n\t<meta name=\"twitter:data2\" content=\"3 minutes\" \/>\n<script type=\"application\/ld+json\" class=\"yoast-schema-graph\">{\"@context\":\"https:\\\/\\\/schema.org\",\"@graph\":[{\"@type\":\"Article\",\"@id\":\"https:\\\/\\\/kosovatimes.info\\\/index.php\\\/2026\\\/09\\\/03\\\/nente-vjet-dita-e-bamjes-si-specialiteti-i-ulqinit-u-be-nje-arsye-per-te-shetitur-neper-qytetin-e-vjeter\\\/#article\",\"isPartOf\":{\"@id\":\"https:\\\/\\\/kosovatimes.info\\\/index.php\\\/2026\\\/09\\\/03\\\/nente-vjet-dita-e-bamjes-si-specialiteti-i-ulqinit-u-be-nje-arsye-per-te-shetitur-neper-qytetin-e-vjeter\\\/\"},\"author\":{\"name\":\"i l\",\"@id\":\"https:\\\/\\\/kosovatimes.info\\\/#\\\/schema\\\/person\\\/7586712b9c512fe68085de007378c915\"},\"headline\":\"N\u00ebnt\u00eb vjet &#8220;Dita e Bamjes&#8221;: Si specialiteti i Ulqinit u b\u00eb nj\u00eb arsye p\u00ebr t\u00eb sh\u00ebtitur n\u00ebp\u00ebr Qytetin e Vjet\u00ebr\",\"datePublished\":\"2026-09-03T07:00:26+00:00\",\"dateModified\":\"2026-09-03T07:00:28+00:00\",\"mainEntityOfPage\":{\"@id\":\"https:\\\/\\\/kosovatimes.info\\\/index.php\\\/2026\\\/09\\\/03\\\/nente-vjet-dita-e-bamjes-si-specialiteti-i-ulqinit-u-be-nje-arsye-per-te-shetitur-neper-qytetin-e-vjeter\\\/\"},\"wordCount\":593,\"commentCount\":0,\"image\":{\"@id\":\"https:\\\/\\\/kosovatimes.info\\\/index.php\\\/2026\\\/09\\\/03\\\/nente-vjet-dita-e-bamjes-si-specialiteti-i-ulqinit-u-be-nje-arsye-per-te-shetitur-neper-qytetin-e-vjeter\\\/#primaryimage\"},\"thumbnailUrl\":\"https:\\\/\\\/kosovatimes.info\\\/wp-content\\\/uploads\\\/2026\\\/09\\\/Ulqin.webp\",\"articleSection\":[\"Turiz\u00ebm\"],\"inLanguage\":\"en-US\",\"potentialAction\":[{\"@type\":\"CommentAction\",\"name\":\"Comment\",\"target\":[\"https:\\\/\\\/kosovatimes.info\\\/index.php\\\/2026\\\/09\\\/03\\\/nente-vjet-dita-e-bamjes-si-specialiteti-i-ulqinit-u-be-nje-arsye-per-te-shetitur-neper-qytetin-e-vjeter\\\/#respond\"]}]},{\"@type\":\"WebPage\",\"@id\":\"https:\\\/\\\/kosovatimes.info\\\/index.php\\\/2026\\\/09\\\/03\\\/nente-vjet-dita-e-bamjes-si-specialiteti-i-ulqinit-u-be-nje-arsye-per-te-shetitur-neper-qytetin-e-vjeter\\\/\",\"url\":\"https:\\\/\\\/kosovatimes.info\\\/index.php\\\/2026\\\/09\\\/03\\\/nente-vjet-dita-e-bamjes-si-specialiteti-i-ulqinit-u-be-nje-arsye-per-te-shetitur-neper-qytetin-e-vjeter\\\/\",\"name\":\"N\u00ebnt\u00eb vjet \\\"Dita e Bamjes\\\": Si specialiteti i Ulqinit u b\u00eb nj\u00eb arsye p\u00ebr t\u00eb sh\u00ebtitur n\u00ebp\u00ebr Qytetin e Vjet\u00ebr - Kosova Times\",\"isPartOf\":{\"@id\":\"https:\\\/\\\/kosovatimes.info\\\/#website\"},\"primaryImageOfPage\":{\"@id\":\"https:\\\/\\\/kosovatimes.info\\\/index.php\\\/2026\\\/09\\\/03\\\/nente-vjet-dita-e-bamjes-si-specialiteti-i-ulqinit-u-be-nje-arsye-per-te-shetitur-neper-qytetin-e-vjeter\\\/#primaryimage\"},\"image\":{\"@id\":\"https:\\\/\\\/kosovatimes.info\\\/index.php\\\/2026\\\/09\\\/03\\\/nente-vjet-dita-e-bamjes-si-specialiteti-i-ulqinit-u-be-nje-arsye-per-te-shetitur-neper-qytetin-e-vjeter\\\/#primaryimage\"},\"thumbnailUrl\":\"https:\\\/\\\/kosovatimes.info\\\/wp-content\\\/uploads\\\/2026\\\/09\\\/Ulqin.webp\",\"datePublished\":\"2026-09-03T07:00:26+00:00\",\"dateModified\":\"2026-09-03T07:00:28+00:00\",\"author\":{\"@id\":\"https:\\\/\\\/kosovatimes.info\\\/#\\\/schema\\\/person\\\/7586712b9c512fe68085de007378c915\"},\"breadcrumb\":{\"@id\":\"https:\\\/\\\/kosovatimes.info\\\/index.php\\\/2026\\\/09\\\/03\\\/nente-vjet-dita-e-bamjes-si-specialiteti-i-ulqinit-u-be-nje-arsye-per-te-shetitur-neper-qytetin-e-vjeter\\\/#breadcrumb\"},\"inLanguage\":\"en-US\",\"potentialAction\":[{\"@type\":\"ReadAction\",\"target\":[\"https:\\\/\\\/kosovatimes.info\\\/index.php\\\/2026\\\/09\\\/03\\\/nente-vjet-dita-e-bamjes-si-specialiteti-i-ulqinit-u-be-nje-arsye-per-te-shetitur-neper-qytetin-e-vjeter\\\/\"]}]},{\"@type\":\"ImageObject\",\"inLanguage\":\"en-US\",\"@id\":\"https:\\\/\\\/kosovatimes.info\\\/index.php\\\/2026\\\/09\\\/03\\\/nente-vjet-dita-e-bamjes-si-specialiteti-i-ulqinit-u-be-nje-arsye-per-te-shetitur-neper-qytetin-e-vjeter\\\/#primaryimage\",\"url\":\"https:\\\/\\\/kosovatimes.info\\\/wp-content\\\/uploads\\\/2026\\\/09\\\/Ulqin.webp\",\"contentUrl\":\"https:\\\/\\\/kosovatimes.info\\\/wp-content\\\/uploads\\\/2026\\\/09\\\/Ulqin.webp\",\"width\":1720,\"height\":966},{\"@type\":\"BreadcrumbList\",\"@id\":\"https:\\\/\\\/kosovatimes.info\\\/index.php\\\/2026\\\/09\\\/03\\\/nente-vjet-dita-e-bamjes-si-specialiteti-i-ulqinit-u-be-nje-arsye-per-te-shetitur-neper-qytetin-e-vjeter\\\/#breadcrumb\",\"itemListElement\":[{\"@type\":\"ListItem\",\"position\":1,\"name\":\"Home\",\"item\":\"https:\\\/\\\/kosovatimes.info\\\/\"},{\"@type\":\"ListItem\",\"position\":2,\"name\":\"N\u00ebnt\u00eb vjet &#8220;Dita e Bamjes&#8221;: Si specialiteti i Ulqinit u b\u00eb nj\u00eb arsye p\u00ebr t\u00eb sh\u00ebtitur n\u00ebp\u00ebr Qytetin e Vjet\u00ebr\"}]},{\"@type\":\"WebSite\",\"@id\":\"https:\\\/\\\/kosovatimes.info\\\/#website\",\"url\":\"https:\\\/\\\/kosovatimes.info\\\/\",\"name\":\"Kosova Times\",\"description\":\"\",\"potentialAction\":[{\"@type\":\"SearchAction\",\"target\":{\"@type\":\"EntryPoint\",\"urlTemplate\":\"https:\\\/\\\/kosovatimes.info\\\/?s={search_term_string}\"},\"query-input\":{\"@type\":\"PropertyValueSpecification\",\"valueRequired\":true,\"valueName\":\"search_term_string\"}}],\"inLanguage\":\"en-US\"},{\"@type\":\"Person\",\"@id\":\"https:\\\/\\\/kosovatimes.info\\\/#\\\/schema\\\/person\\\/7586712b9c512fe68085de007378c915\",\"name\":\"i l\",\"image\":{\"@type\":\"ImageObject\",\"inLanguage\":\"en-US\",\"@id\":\"https:\\\/\\\/secure.gravatar.com\\\/avatar\\\/bad9296e02816160ae2e2435beda58222022298d5625d49fea74d18816fbb31d?s=96&d=mm&r=g\",\"url\":\"https:\\\/\\\/secure.gravatar.com\\\/avatar\\\/bad9296e02816160ae2e2435beda58222022298d5625d49fea74d18816fbb31d?s=96&d=mm&r=g\",\"contentUrl\":\"https:\\\/\\\/secure.gravatar.com\\\/avatar\\\/bad9296e02816160ae2e2435beda58222022298d5625d49fea74d18816fbb31d?s=96&d=mm&r=g\",\"caption\":\"i l\"},\"url\":\"https:\\\/\\\/kosovatimes.info\\\/index.php\\\/author\\\/iliri\\\/\"}]}<\/script>\n<!-- \/ Yoast SEO plugin. -->","yoast_head_json":{"title":"N\u00ebnt\u00eb vjet \"Dita e Bamjes\": Si specialiteti i Ulqinit u b\u00eb nj\u00eb arsye p\u00ebr t\u00eb sh\u00ebtitur n\u00ebp\u00ebr Qytetin e Vjet\u00ebr - Kosova Times","robots":{"index":"index","follow":"follow","max-snippet":"max-snippet:-1","max-image-preview":"max-image-preview:large","max-video-preview":"max-video-preview:-1"},"canonical":"https:\/\/kosovatimes.info\/index.php\/2026\/09\/03\/nente-vjet-dita-e-bamjes-si-specialiteti-i-ulqinit-u-be-nje-arsye-per-te-shetitur-neper-qytetin-e-vjeter\/","og_locale":"en_US","og_type":"article","og_title":"N\u00ebnt\u00eb vjet \"Dita e Bamjes\": Si specialiteti i Ulqinit u b\u00eb nj\u00eb arsye p\u00ebr t\u00eb sh\u00ebtitur n\u00ebp\u00ebr Qytetin e Vjet\u00ebr - Kosova Times","og_description":"Dita e n\u00ebnt\u00eb e bamjes edhe k\u00ebt\u00eb vit mblodhi vizitor\u00eb, turist\u00eb dhe vendas t\u00eb shumt\u00eb n\u00eb Qytetin e Vjet\u00ebr t\u00eb Ulqinit, ku gastronomis\u00eb tradicionale iu dha nj\u00eb vend i ve\u00e7ant\u00eb n\u00eb nj\u00eb mbr\u00ebmje t\u00eb mbushur me muzik\u00eb, specialitete lokale dhe kultura t\u00eb ndryshme. Ajo q\u00eb filloi n\u00ebnt\u00eb vjet m\u00eb par\u00eb n\u00eb hotelin Palata Venezia, sot [&hellip;]","og_url":"https:\/\/kosovatimes.info\/index.php\/2026\/09\/03\/nente-vjet-dita-e-bamjes-si-specialiteti-i-ulqinit-u-be-nje-arsye-per-te-shetitur-neper-qytetin-e-vjeter\/","og_site_name":"Kosova Times","article_published_time":"2026-09-03T07:00:26+00:00","article_modified_time":"2026-09-03T07:00:28+00:00","og_image":[{"width":1720,"height":966,"url":"https:\/\/kosovatimes.info\/wp-content\/uploads\/2026\/09\/Ulqin.webp","type":"image\/webp"}],"author":"i l","twitter_card":"summary_large_image","twitter_misc":{"Written by":"i l","Est. reading time":"3 minutes"},"schema":{"@context":"https:\/\/schema.org","@graph":[{"@type":"Article","@id":"https:\/\/kosovatimes.info\/index.php\/2026\/09\/03\/nente-vjet-dita-e-bamjes-si-specialiteti-i-ulqinit-u-be-nje-arsye-per-te-shetitur-neper-qytetin-e-vjeter\/#article","isPartOf":{"@id":"https:\/\/kosovatimes.info\/index.php\/2026\/09\/03\/nente-vjet-dita-e-bamjes-si-specialiteti-i-ulqinit-u-be-nje-arsye-per-te-shetitur-neper-qytetin-e-vjeter\/"},"author":{"name":"i l","@id":"https:\/\/kosovatimes.info\/#\/schema\/person\/7586712b9c512fe68085de007378c915"},"headline":"N\u00ebnt\u00eb vjet &#8220;Dita e Bamjes&#8221;: Si specialiteti i Ulqinit u b\u00eb nj\u00eb arsye p\u00ebr t\u00eb sh\u00ebtitur n\u00ebp\u00ebr Qytetin e Vjet\u00ebr","datePublished":"2026-09-03T07:00:26+00:00","dateModified":"2026-09-03T07:00:28+00:00","mainEntityOfPage":{"@id":"https:\/\/kosovatimes.info\/index.php\/2026\/09\/03\/nente-vjet-dita-e-bamjes-si-specialiteti-i-ulqinit-u-be-nje-arsye-per-te-shetitur-neper-qytetin-e-vjeter\/"},"wordCount":593,"commentCount":0,"image":{"@id":"https:\/\/kosovatimes.info\/index.php\/2026\/09\/03\/nente-vjet-dita-e-bamjes-si-specialiteti-i-ulqinit-u-be-nje-arsye-per-te-shetitur-neper-qytetin-e-vjeter\/#primaryimage"},"thumbnailUrl":"https:\/\/kosovatimes.info\/wp-content\/uploads\/2026\/09\/Ulqin.webp","articleSection":["Turiz\u00ebm"],"inLanguage":"en-US","potentialAction":[{"@type":"CommentAction","name":"Comment","target":["https:\/\/kosovatimes.info\/index.php\/2026\/09\/03\/nente-vjet-dita-e-bamjes-si-specialiteti-i-ulqinit-u-be-nje-arsye-per-te-shetitur-neper-qytetin-e-vjeter\/#respond"]}]},{"@type":"WebPage","@id":"https:\/\/kosovatimes.info\/index.php\/2026\/09\/03\/nente-vjet-dita-e-bamjes-si-specialiteti-i-ulqinit-u-be-nje-arsye-per-te-shetitur-neper-qytetin-e-vjeter\/","url":"https:\/\/kosovatimes.info\/index.php\/2026\/09\/03\/nente-vjet-dita-e-bamjes-si-specialiteti-i-ulqinit-u-be-nje-arsye-per-te-shetitur-neper-qytetin-e-vjeter\/","name":"N\u00ebnt\u00eb vjet \"Dita e Bamjes\": Si specialiteti i Ulqinit u b\u00eb nj\u00eb arsye p\u00ebr t\u00eb sh\u00ebtitur n\u00ebp\u00ebr Qytetin e Vjet\u00ebr - Kosova Times","isPartOf":{"@id":"https:\/\/kosovatimes.info\/#website"},"primaryImageOfPage":{"@id":"https:\/\/kosovatimes.info\/index.php\/2026\/09\/03\/nente-vjet-dita-e-bamjes-si-specialiteti-i-ulqinit-u-be-nje-arsye-per-te-shetitur-neper-qytetin-e-vjeter\/#primaryimage"},"image":{"@id":"https:\/\/kosovatimes.info\/index.php\/2026\/09\/03\/nente-vjet-dita-e-bamjes-si-specialiteti-i-ulqinit-u-be-nje-arsye-per-te-shetitur-neper-qytetin-e-vjeter\/#primaryimage"},"thumbnailUrl":"https:\/\/kosovatimes.info\/wp-content\/uploads\/2026\/09\/Ulqin.webp","datePublished":"2026-09-03T07:00:26+00:00","dateModified":"2026-09-03T07:00:28+00:00","author":{"@id":"https:\/\/kosovatimes.info\/#\/schema\/person\/7586712b9c512fe68085de007378c915"},"breadcrumb":{"@id":"https:\/\/kosovatimes.info\/index.php\/2026\/09\/03\/nente-vjet-dita-e-bamjes-si-specialiteti-i-ulqinit-u-be-nje-arsye-per-te-shetitur-neper-qytetin-e-vjeter\/#breadcrumb"},"inLanguage":"en-US","potentialAction":[{"@type":"ReadAction","target":["https:\/\/kosovatimes.info\/index.php\/2026\/09\/03\/nente-vjet-dita-e-bamjes-si-specialiteti-i-ulqinit-u-be-nje-arsye-per-te-shetitur-neper-qytetin-e-vjeter\/"]}]},{"@type":"ImageObject","inLanguage":"en-US","@id":"https:\/\/kosovatimes.info\/index.php\/2026\/09\/03\/nente-vjet-dita-e-bamjes-si-specialiteti-i-ulqinit-u-be-nje-arsye-per-te-shetitur-neper-qytetin-e-vjeter\/#primaryimage","url":"https:\/\/kosovatimes.info\/wp-content\/uploads\/2026\/09\/Ulqin.webp","contentUrl":"https:\/\/kosovatimes.info\/wp-content\/uploads\/2026\/09\/Ulqin.webp","width":1720,"height":966},{"@type":"BreadcrumbList","@id":"https:\/\/kosovatimes.info\/index.php\/2026\/09\/03\/nente-vjet-dita-e-bamjes-si-specialiteti-i-ulqinit-u-be-nje-arsye-per-te-shetitur-neper-qytetin-e-vjeter\/#breadcrumb","itemListElement":[{"@type":"ListItem","position":1,"name":"Home","item":"https:\/\/kosovatimes.info\/"},{"@type":"ListItem","position":2,"name":"N\u00ebnt\u00eb vjet &#8220;Dita e Bamjes&#8221;: Si specialiteti i Ulqinit u b\u00eb nj\u00eb arsye p\u00ebr t\u00eb sh\u00ebtitur n\u00ebp\u00ebr Qytetin e Vjet\u00ebr"}]},{"@type":"WebSite","@id":"https:\/\/kosovatimes.info\/#website","url":"https:\/\/kosovatimes.info\/","name":"Kosova Times","description":"","potentialAction":[{"@type":"SearchAction","target":{"@type":"EntryPoint","urlTemplate":"https:\/\/kosovatimes.info\/?s={search_term_string}"},"query-input":{"@type":"PropertyValueSpecification","valueRequired":true,"valueName":"search_term_string"}}],"inLanguage":"en-US"},{"@type":"Person","@id":"https:\/\/kosovatimes.info\/#\/schema\/person\/7586712b9c512fe68085de007378c915","name":"i l","image":{"@type":"ImageObject","inLanguage":"en-US","@id":"https:\/\/secure.gravatar.com\/avatar\/bad9296e02816160ae2e2435beda58222022298d5625d49fea74d18816fbb31d?s=96&d=mm&r=g","url":"https:\/\/secure.gravatar.com\/avatar\/bad9296e02816160ae2e2435beda58222022298d5625d49fea74d18816fbb31d?s=96&d=mm&r=g","contentUrl":"https:\/\/secure.gravatar.com\/avatar\/bad9296e02816160ae2e2435beda58222022298d5625d49fea74d18816fbb31d?s=96&d=mm&r=g","caption":"i l"},"url":"https:\/\/kosovatimes.info\/index.php\/author\/iliri\/"}]}},"_links":{"self":[{"href":"https:\/\/kosovatimes.info\/index.php\/wp-json\/wp\/v2\/posts\/30758","targetHints":{"allow":["GET"]}}],"collection":[{"href":"https:\/\/kosovatimes.info\/index.php\/wp-json\/wp\/v2\/posts"}],"about":[{"href":"https:\/\/kosovatimes.info\/index.php\/wp-json\/wp\/v2\/types\/post"}],"author":[{"embeddable":true,"href":"https:\/\/kosovatimes.info\/index.php\/wp-json\/wp\/v2\/users\/4"}],"replies":[{"embeddable":true,"href":"https:\/\/kosovatimes.info\/index.php\/wp-json\/wp\/v2\/comments?post=30758"}],"version-history":[{"count":1,"href":"https:\/\/kosovatimes.info\/index.php\/wp-json\/wp\/v2\/posts\/30758\/revisions"}],"predecessor-version":[{"id":30760,"href":"https:\/\/kosovatimes.info\/index.php\/wp-json\/wp\/v2\/posts\/30758\/revisions\/30760"}],"wp:featuredmedia":[{"embeddable":true,"href":"https:\/\/kosovatimes.info\/index.php\/wp-json\/wp\/v2\/media\/30759"}],"wp:attachment":[{"href":"https:\/\/kosovatimes.info\/index.php\/wp-json\/wp\/v2\/media?parent=30758"}],"wp:term":[{"taxonomy":"category","embeddable":true,"href":"https:\/\/kosovatimes.info\/index.php\/wp-json\/wp\/v2\/categories?post=30758"},{"taxonomy":"post_tag","embeddable":true,"href":"https:\/\/kosovatimes.info\/index.php\/wp-json\/wp\/v2\/tags?post=30758"}],"curies":[{"name":"wp","href":"https:\/\/api.w.org\/{rel}","templated":true}]}}