{"id":30761,"date":"2026-09-03T09:08:13","date_gmt":"2026-09-03T07:08:13","guid":{"rendered":"https:\/\/kosovatimes.info\/?p=30761"},"modified":"2026-09-03T09:08:15","modified_gmt":"2026-09-03T07:08:15","slug":"influencuesja-britanike-dha-5-arsye-pse-u-pendua-qe-udhetoi-ne-mali-i-zi","status":"publish","type":"post","link":"https:\/\/kosovatimes.info\/index.php\/2026\/09\/03\/influencuesja-britanike-dha-5-arsye-pse-u-pendua-qe-udhetoi-ne-mali-i-zi\/","title":{"rendered":"Influencuesja britanike dha 5 arsye pse u pendua q\u00eb udh\u00ebtoi n\u00eb Mali i Zi"},"content":{"rendered":"\n<p class=\"wp-block-paragraph\">Mali i Zi konsiderohet si nj\u00eb nga destinacionet m\u00eb t\u00eb njohura verore n\u00eb Ballkan, por&nbsp;<strong><a href=\"https:\/\/www.tiktok.com\/@mazandmel\" target=\"_blank\" rel=\"noopener\">influencuesja britanike<\/a><\/strong>&nbsp;Mel Roselyn u kthye nga pushimet e saj n\u00eb k\u00ebt\u00eb vend me p\u00ebrshtypje krejt\u00ebsisht t\u00eb ndryshme.<\/p>\n\n\n\n<p class=\"wp-block-paragraph\">Pasi udh\u00ebtoi me motr\u00ebn e saj, ajo postoi nj\u00eb video n\u00eb t\u00eb cil\u00ebn e p\u00ebrshkroi&nbsp;<strong><a href=\"https:\/\/citymagazine.danas.rs\/scena\/drustvene-mreze\/influenserka-ogorcena-cenama-na-jadranu-ovo-nisam-videla-ni-na-sejselima-ni-na-fidziju\/\">Malin e Zi<\/a><\/strong>&nbsp;si vendin e saj m\u00eb pak t\u00eb preferuar n\u00eb Evrop\u00eb dhe t\u00eb dytin m\u00eb pak t\u00eb preferuar n\u00eb t\u00eb gjith\u00eb bot\u00ebn.<\/p>\n\n\n\n<p class=\"wp-block-paragraph\">Megjithat\u00eb, ajo menj\u00ebher\u00eb b\u00ebri nj\u00eb ndryshim t\u00eb r\u00ebnd\u00ebsish\u00ebm &#8211; asaj i p\u00eblqeu shum\u00eb natyra dhe pamja e vendit.<\/p>\n\n\n\n<p class=\"wp-block-paragraph\">&#8220;Mendoj se vet\u00eb vendi \u00ebsht\u00eb absolutisht i bukur, por kaq \u00ebsht\u00eb gjith\u00e7ka&#8221;, tha Mel, duke shtuar se sistemet, infrastruktura dhe q\u00ebndrimi i njer\u00ebzve ndaj turist\u00ebve ia prish\u00ebn udh\u00ebtimin.<\/p>\n\n\n\n<p class=\"wp-block-paragraph\">Ajo theksoi se kishte dashur t\u00eb vizitonte Malin e Zi prej koh\u00ebsh dhe se, pik\u00ebrisht p\u00ebr shkak t\u00eb postimeve t\u00eb shumta pozitive q\u00eb kishte par\u00eb m\u00eb par\u00eb n\u00eb rrjetet sociale, priste nj\u00eb p\u00ebrvoj\u00eb krejt\u00ebsisht t\u00eb ndryshme.<\/p>\n\n\n\n<p class=\"wp-block-paragraph\">&#8220;Isha aq e emocionuar p\u00ebr vizit\u00ebn saq\u00eb sinqerisht nuk mund ta besoja se do t\u00eb kishim nj\u00eb p\u00ebrvoj\u00eb negative&#8221;, deklaroi ajo.<\/p>\n\n\n\n<h3 class=\"wp-block-heading\">1. Raciz\u00ebm t\u00eb cilin, si\u00e7 pretendon ajo, nuk e priste<\/h3>\n\n\n\n<p class=\"wp-block-paragraph\">Mel, e cila \u00ebsht\u00eb britanike me ngjyr\u00eb, foli konkretisht p\u00ebr marr\u00ebdh\u00ebnien q\u00eb ajo dhe motra e saj pretenduan se kishin p\u00ebrjetuar gjat\u00eb q\u00ebndrimit t\u00eb tyre.<\/p>\n\n\n\n<p class=\"wp-block-paragraph\">Ajo thot\u00eb se Mali i Zi ishte vendi i par\u00eb ku ajo &#8220;p\u00ebrjetoi v\u00ebrtet raciz\u00ebm t\u00eb hapur&#8221; gjat\u00eb udh\u00ebtimeve t\u00eb saj jasht\u00eb vendit. Ata pretendojn\u00eb se disa njer\u00ebz i injoruan, refuzuan t&#8217;u sh\u00ebrbenin dhe b\u00ebn\u00eb komente raciste.<\/p>\n\n\n\n<p class=\"wp-block-paragraph\">&#8220;Popullsia vendase n\u00eb Mal t\u00eb Zi definitivisht nuk i p\u00eblqen turist\u00ebt, gj\u00eb q\u00eb \u00ebsht\u00eb n\u00eb rregull, por ata definitivisht nuk i p\u00eblqejn\u00eb turist\u00ebt me ngjyr\u00eb. Kjo m\u00eb habiti mjaft sepse shoh kaq shum\u00eb njer\u00ebz me ngjyr\u00eb q\u00eb shkojn\u00eb n\u00eb Mal t\u00eb Zi dhe thon\u00eb se sa shum\u00eb e kan\u00eb shijuar at\u00eb vend&#8221;, tha ajo.<\/p>\n\n\n\n<p class=\"wp-block-paragraph\">Nj\u00ebkoh\u00ebsisht, ajo theksoi se po flet vet\u00ebm p\u00ebr p\u00ebrvoj\u00ebn e saj dhe se \u00ebsht\u00eb e vet\u00ebdijshme q\u00eb shum\u00eb turist\u00eb t\u00eb tjer\u00eb kan\u00eb p\u00ebrshtypje krejt\u00ebsisht t\u00eb ndryshme.<\/p>\n\n\n\n<h3 class=\"wp-block-heading\">2. Autobus\u00eb q\u00eb, si\u00e7 pretendon ai, i lan\u00eb t\u00eb prisnin<\/h3>\n\n\n\n<p class=\"wp-block-paragraph\">Transporti publik ishte gjithashtu n\u00eb list\u00ebn e problemeve t\u00eb saj.<\/p>\n\n\n\n<p class=\"wp-block-paragraph\">Sipas saj, autobus\u00ebt ose nuk erdh\u00ebn ose u vonuan t\u00eb pakt\u00ebn gjysm\u00eb ore. Ajo ve\u00e7oi ve\u00e7an\u00ebrisht rrug\u00ebn nga Budva n\u00eb Kotor, kur, si\u00e7 pohon ajo, ata e prit\u00ebn autobusin p\u00ebr rreth nj\u00eb or\u00eb e 20 minuta, vet\u00ebm p\u00ebr t\u00eb kuptuar n\u00eb fund se ai nuk do t\u00eb vinte.<\/p>\n\n\n\n<p class=\"wp-block-paragraph\">N\u00eb postimet e saj, ajo p\u00ebrshkroi edhe shqet\u00ebsime t\u00eb tjera gjat\u00eb udh\u00ebtimit, p\u00ebrfshir\u00eb nj\u00eb situat\u00eb n\u00eb t\u00eb cil\u00ebn, sipas pretendimeve t\u00eb saj, i nxor\u00ebn nga autobusi.<\/p>\n\n\n\n<h3 class=\"wp-block-heading\">3. Anulimi i anijes dhe probleme t\u00eb tjera me organizat\u00ebn<\/h3>\n\n\n\n<p class=\"wp-block-paragraph\">Transporti detar, sipas versionit t\u00eb saj t\u00eb ngjarjeve, nuk shkoi shum\u00eb m\u00eb mir\u00eb. Nj\u00eb nga gj\u00ebrat q\u00eb ajo p\u00ebrmendi si arsye p\u00ebr pak\u00ebnaq\u00ebsi ishte anulimi i anijes, gj\u00eb q\u00eb ua prishi m\u00eb tej planet.<\/p>\n\n\n\n<p class=\"wp-block-paragraph\">P\u00ebr shkak t\u00eb gjith\u00eb k\u00ebsaj, ajo q\u00eb supozohej t\u00eb ishte nj\u00eb pushim i shum\u00ebpritur u shnd\u00ebrrua, si\u00e7 thot\u00eb ajo, n\u00eb nj\u00eb s\u00ebr\u00eb situatash q\u00eb i lan\u00eb nj\u00eb p\u00ebrshtypje shum\u00eb t\u00eb keqe.<\/p>\n\n\n\n<h3 class=\"wp-block-heading\">4. Flirtimi, filmimi dhe v\u00ebmendja e pak\u00ebndshme nga burrat<\/h3>\n\n\n\n<p class=\"wp-block-paragraph\">Nj\u00eb pjes\u00eb e ve\u00e7ant\u00eb e historis\u00eb s\u00eb saj i referohet sjelljes s\u00eb disa burrave.<\/p>\n\n\n\n<p class=\"wp-block-paragraph\">Si\u00e7 tha ajo, burrat u hodh\u00ebn gj\u00ebra nga makina, i filmuan fshehurazi dhe nj\u00ebri prej tyre dyshohet se i ndoqi pasi u larguan nga plazhi.<\/p>\n\n\n\n<p class=\"wp-block-paragraph\">Sipas deklaratave t\u00eb saj shtes\u00eb, kishte shum\u00eb shqet\u00ebsime t\u00eb tjera t\u00eb drejtp\u00ebrdrejta &#8211; nga p\u00ebrpjekjet p\u00ebr ta fotografuar pa leje deri te nj\u00eb situat\u00eb n\u00eb t\u00eb cil\u00ebn nj\u00eb burr\u00eb, si\u00e7 pretendon ajo, i ofroi para p\u00ebr sh\u00ebrbime seksuale.<\/p>\n\n\n\n<h3 class=\"wp-block-heading\">5. Madje, si\u00e7 pretendon ai, ata u p\u00ebrpoq\u00ebn t\u2019u merrnin para p\u00ebr fotot<\/h3>\n\n\n\n<p class=\"wp-block-paragraph\">Nj\u00eb nga situatat m\u00eb t\u00eb \u00e7uditshme ndodhi gjat\u00eb udh\u00ebtimit t\u00eb tyre me vark\u00eb. Sipas rr\u00ebfimit t\u00eb saj, njer\u00ebzit q\u00eb i \u00e7uan me vark\u00eb u p\u00ebrpoq\u00ebn t\u2019ua merrnin telefonin dhe t\u2019i ngarkonin vet\u00eb p\u00ebr fotot q\u00eb b\u00ebnin, megjith\u00ebse nj\u00eb ngarkim i till\u00eb, si\u00e7 pretendon ajo, nuk ishte p\u00ebrmendur askund m\u00eb par\u00eb.<\/p>\n\n\n\n<p class=\"wp-block-paragraph\">P\u00ebr turisten q\u00eb ishte tashm\u00eb e pak\u00ebnaqur me organizimin e udh\u00ebtimit, nj\u00eb veprim i till\u00eb, sipas saj, ishte vet\u00ebm nj\u00eb arsye tjet\u00ebr p\u00ebr t\u00eb vendosur t\u00eb mos kthehej n\u00eb Mal t\u00eb Zi.<\/p>\n\n\n\n<h3 class=\"wp-block-heading\">&#8220;Kurr\u00eb m\u00eb&#8221;<\/h3>\n\n\n\n<p class=\"wp-block-paragraph\">N\u00eb fund t\u00eb videos s\u00eb par\u00eb, Mel ishte shum\u00eb i qart\u00eb.<\/p>\n\n\n\n<p class=\"wp-block-paragraph\">&#8220;Nuk do t\u00eb shkel m\u00eb kurr\u00eb n\u00eb Mal t\u00eb Zi&#8221;, tha ajo, duke shtuar se kur dikush e pyeti n\u00ebse e rekomandonte k\u00ebt\u00eb vend p\u00ebr udh\u00ebtime, p\u00ebrgjigjja e saj ishte &#8211; absolutisht jo.<\/p>\n\n\n\n<p class=\"wp-block-paragraph\">Megjithat\u00eb, disa dit\u00eb m\u00eb von\u00eb, ajo publikoi nj\u00eb video t\u00eb re n\u00eb t\u00eb cil\u00ebn zbuti q\u00ebndrimin e saj t\u00eb m\u00ebparsh\u00ebm. Ajo p\u00ebrs\u00ebriti se kishte pasur nj\u00eb p\u00ebrvoj\u00eb shum\u00eb t\u00eb keqe personale, por theksoi se shum\u00eb njer\u00ebz t\u00eb tjer\u00eb e adhurojn\u00eb Malin e Zi dhe se nuk \u00ebsht\u00eb q\u00ebllimi i saj t\u00eb dekurajoj\u00eb ask\u00ebnd q\u00eb t\u00eb vizitoj\u00eb at\u00eb vend.<\/p>\n\n\n\n<p class=\"wp-block-paragraph\">&#8220;Vet\u00eb Mali i Zi \u00ebsht\u00eb nj\u00eb vend i bukur, natyra dhe historia jan\u00eb shum\u00eb interesante. Por sinqerisht, kjo ishte e vetmja gj\u00eb p\u00ebr t\u00eb cil\u00ebn mund t\u00eb them di\u00e7ka pozitive personalisht kur b\u00ebhet fjal\u00eb p\u00ebr udh\u00ebtimin tim&#8221;, tha ajo.<\/p>\n\n\n\n<p class=\"wp-block-paragraph\">Ajo shtoi se e do Ballkanin dhe se solli kryesisht p\u00ebrshtypje pozitive nga vendet e tjera t\u00eb rajonit, si Greqia, Kroacia, Sllovenia dhe Shqip\u00ebria.<\/p>\n\n\n\n<p class=\"wp-block-paragraph\">Kjo \u00ebsht\u00eb arsyeja pse vler\u00ebsimi i saj p\u00ebr Malin e Zi, si\u00e7 thekson ajo, \u00ebsht\u00eb kryesisht&nbsp;<strong>nj\u00eb p\u00ebrshtypje personale pas nj\u00eb udh\u00ebtimi<\/strong>&nbsp;, dhe jo nj\u00eb gjykim universal p\u00ebr destinacionin. Megjithat\u00eb, historia e saj t\u00ebrhoqi v\u00ebmendjen pik\u00ebrisht sepse \u00ebsht\u00eb mjaft e ndryshme nga l\u00ebvdatat e zakonshme t\u00eb bregdetit malazez &#8211; p\u00ebr t\u00eb, peizazhet e bukura ishin pothuajse e vetmja pik\u00eb e ndritshme e pushimeve.<\/p>\n\n\n\n<figure class=\"wp-block-embed is-type-video is-provider-tiktok wp-block-embed-tiktok\"><div class=\"wp-block-embed__wrapper\">\n<blockquote class=\"tiktok-embed\" cite=\"https:\/\/www.tiktok.com\/@mazandmel\/video\/7673560933192453409\" data-video-id=\"7673560933192453409\" data-embed-from=\"oembed\" style=\"max-width:605px; min-width:325px;\"> <section> <a target=\"_blank\" title=\"@mazandmel\" href=\"https:\/\/www.tiktok.com\/@mazandmel?refer=embed\">@mazandmel<\/a> <p>Montenegro is easily my least favourite county I\u2019ve visited in Europe &#038; second least favourite in the whole world\u2026  I I think the country itself is absolutely stunning, but that is about it. In Montenegro, my experience was that the systems, the infrastructure, the people do not make for a good trip.  I was so excited to visit as Montenegro has been on my list for a long time and I hear so many good things about the country on social media so so I\u2019m not gonna lie I was completely shocked that we had a negative experience there.  I found it interesting because I actually love the Balkans and I\u2019ve been to many Balkan countries, but this was completely different.   Montenegro was the first time I\u2019ve TRULY experienced pure racism abroad. The people will completely dismiss you, not serve you and will mutter racist comments under their breath.  What I will say is the locals in Montenegro definitely don\u2019t like tourists which is fine, but they CERTAINLY do not like black tourists at all which I found really surprising because I see so many black people going to Montenegro and saying they enjoyed it? Nevertheless, again this was just OUR experience.  The buses in Montenegro either don\u2019t come or you are waiting at least half an hour for them. The longest we waited was around an hour and 20 minutes for a bus from Budva to Kotor and in the end in never came.  The men in Montenegro are also another factor which made our trip an unpleasant experience. They beep at you in their cars, secretly film you and one even followed us from the beach.  I will never step for him Montenegro again and if you were to ask me if I would recommend Montenegro to other people, I would say absolutely not.  <a title=\"montenegro\" target=\"_blank\" href=\"https:\/\/www.tiktok.com\/tag\/montenegro?refer=embed\">#montenegro<\/a> <a title=\"budva\" target=\"_blank\" href=\"https:\/\/www.tiktok.com\/tag\/budva?refer=embed\">#budva<\/a> <a title=\"kotor\" target=\"_blank\" href=\"https:\/\/www.tiktok.com\/tag\/kotor?refer=embed\">#kotor<\/a> <a title=\"balkan\" target=\"_blank\" href=\"https:\/\/www.tiktok.com\/tag\/balkan?refer=embed\">#balkan<\/a> <a title=\"travel\" target=\"_blank\" href=\"https:\/\/www.tiktok.com\/tag\/travel?refer=embed\">#travel<\/a>  Why I would never go back to Montenegro | racism in Montenegro | black girls in Montenegro<\/p> <a target=\"_blank\" title=\"\u266c BAD BUNNY MONACO SLOWED - allaboutmusic\" href=\"https:\/\/www.tiktok.com\/music\/BAD-BUNNY-MONACO-SLOWED-7298234705748200197?refer=embed\">\u266c BAD BUNNY MONACO SLOWED &#8211; allaboutmusic<\/a> <\/section> <\/blockquote> <script async src=\"https:\/\/www.tiktok.com\/embed.js\"><\/script>\n<\/div><\/figure>\n","protected":false},"excerpt":{"rendered":"<p>Mali i Zi konsiderohet si nj\u00eb nga destinacionet m\u00eb t\u00eb njohura verore n\u00eb Ballkan, por&nbsp;influencuesja britanike&nbsp;Mel Roselyn u kthye nga pushimet e saj n\u00eb k\u00ebt\u00eb vend me p\u00ebrshtypje krejt\u00ebsisht t\u00eb ndryshme. Pasi udh\u00ebtoi me motr\u00ebn e saj, ajo postoi nj\u00eb video n\u00eb t\u00eb cil\u00ebn e p\u00ebrshkroi&nbsp;Malin e Zi&nbsp;si vendin e saj m\u00eb pak t\u00eb preferuar [&hellip;]<\/p>\n","protected":false},"author":4,"featured_media":30762,"comment_status":"open","ping_status":"open","sticky":false,"template":"","format":"standard","meta":{"footnotes":""},"categories":[43],"tags":[],"class_list":["post-30761","post","type-post","status-publish","format-standard","has-post-thumbnail","category-turizem"],"yoast_head":"<!-- This site is optimized with the Yoast SEO plugin v27.4 - https:\/\/yoast.com\/product\/yoast-seo-wordpress\/ -->\n<title>Influencuesja britanike dha 5 arsye pse u pendua q\u00eb udh\u00ebtoi n\u00eb Mali i Zi - Kosova Times<\/title>\n<meta name=\"robots\" content=\"index, follow, max-snippet:-1, max-image-preview:large, max-video-preview:-1\" \/>\n<link rel=\"canonical\" href=\"https:\/\/kosovatimes.info\/index.php\/2026\/09\/03\/influencuesja-britanike-dha-5-arsye-pse-u-pendua-qe-udhetoi-ne-mali-i-zi\/\" \/>\n<meta property=\"og:locale\" content=\"en_US\" \/>\n<meta property=\"og:type\" content=\"article\" \/>\n<meta property=\"og:title\" content=\"Influencuesja britanike dha 5 arsye pse u pendua q\u00eb udh\u00ebtoi n\u00eb Mali i Zi - Kosova Times\" \/>\n<meta property=\"og:description\" content=\"Mali i Zi konsiderohet si nj\u00eb nga destinacionet m\u00eb t\u00eb njohura verore n\u00eb Ballkan, por&nbsp;influencuesja britanike&nbsp;Mel Roselyn u kthye nga pushimet e saj n\u00eb k\u00ebt\u00eb vend me p\u00ebrshtypje krejt\u00ebsisht t\u00eb ndryshme. Pasi udh\u00ebtoi me motr\u00ebn e saj, ajo postoi nj\u00eb video n\u00eb t\u00eb cil\u00ebn e p\u00ebrshkroi&nbsp;Malin e Zi&nbsp;si vendin e saj m\u00eb pak t\u00eb preferuar [&hellip;]\" \/>\n<meta property=\"og:url\" content=\"https:\/\/kosovatimes.info\/index.php\/2026\/09\/03\/influencuesja-britanike-dha-5-arsye-pse-u-pendua-qe-udhetoi-ne-mali-i-zi\/\" \/>\n<meta property=\"og:site_name\" content=\"Kosova Times\" \/>\n<meta property=\"article:published_time\" content=\"2026-09-03T07:08:13+00:00\" \/>\n<meta property=\"article:modified_time\" content=\"2026-09-03T07:08:15+00:00\" \/>\n<meta property=\"og:image\" content=\"https:\/\/kosovatimes.info\/wp-content\/uploads\/2026\/09\/Budva.webp\" \/>\n\t<meta property=\"og:image:width\" content=\"1400\" \/>\n\t<meta property=\"og:image:height\" content=\"937\" \/>\n\t<meta property=\"og:image:type\" content=\"image\/webp\" \/>\n<meta name=\"author\" content=\"i l\" \/>\n<meta name=\"twitter:card\" content=\"summary_large_image\" \/>\n<meta name=\"twitter:label1\" content=\"Written by\" \/>\n\t<meta name=\"twitter:data1\" content=\"i l\" \/>\n\t<meta name=\"twitter:label2\" content=\"Est. reading time\" \/>\n\t<meta name=\"twitter:data2\" content=\"5 minutes\" \/>\n<script type=\"application\/ld+json\" class=\"yoast-schema-graph\">{\"@context\":\"https:\\\/\\\/schema.org\",\"@graph\":[{\"@type\":\"Article\",\"@id\":\"https:\\\/\\\/kosovatimes.info\\\/index.php\\\/2026\\\/09\\\/03\\\/influencuesja-britanike-dha-5-arsye-pse-u-pendua-qe-udhetoi-ne-mali-i-zi\\\/#article\",\"isPartOf\":{\"@id\":\"https:\\\/\\\/kosovatimes.info\\\/index.php\\\/2026\\\/09\\\/03\\\/influencuesja-britanike-dha-5-arsye-pse-u-pendua-qe-udhetoi-ne-mali-i-zi\\\/\"},\"author\":{\"name\":\"i l\",\"@id\":\"https:\\\/\\\/kosovatimes.info\\\/#\\\/schema\\\/person\\\/7586712b9c512fe68085de007378c915\"},\"headline\":\"Influencuesja britanike dha 5 arsye pse u pendua q\u00eb udh\u00ebtoi n\u00eb Mali i Zi\",\"datePublished\":\"2026-09-03T07:08:13+00:00\",\"dateModified\":\"2026-09-03T07:08:15+00:00\",\"mainEntityOfPage\":{\"@id\":\"https:\\\/\\\/kosovatimes.info\\\/index.php\\\/2026\\\/09\\\/03\\\/influencuesja-britanike-dha-5-arsye-pse-u-pendua-qe-udhetoi-ne-mali-i-zi\\\/\"},\"wordCount\":1123,\"commentCount\":0,\"image\":{\"@id\":\"https:\\\/\\\/kosovatimes.info\\\/index.php\\\/2026\\\/09\\\/03\\\/influencuesja-britanike-dha-5-arsye-pse-u-pendua-qe-udhetoi-ne-mali-i-zi\\\/#primaryimage\"},\"thumbnailUrl\":\"https:\\\/\\\/kosovatimes.info\\\/wp-content\\\/uploads\\\/2026\\\/09\\\/Budva.webp\",\"articleSection\":[\"Turiz\u00ebm\"],\"inLanguage\":\"en-US\",\"potentialAction\":[{\"@type\":\"CommentAction\",\"name\":\"Comment\",\"target\":[\"https:\\\/\\\/kosovatimes.info\\\/index.php\\\/2026\\\/09\\\/03\\\/influencuesja-britanike-dha-5-arsye-pse-u-pendua-qe-udhetoi-ne-mali-i-zi\\\/#respond\"]}]},{\"@type\":\"WebPage\",\"@id\":\"https:\\\/\\\/kosovatimes.info\\\/index.php\\\/2026\\\/09\\\/03\\\/influencuesja-britanike-dha-5-arsye-pse-u-pendua-qe-udhetoi-ne-mali-i-zi\\\/\",\"url\":\"https:\\\/\\\/kosovatimes.info\\\/index.php\\\/2026\\\/09\\\/03\\\/influencuesja-britanike-dha-5-arsye-pse-u-pendua-qe-udhetoi-ne-mali-i-zi\\\/\",\"name\":\"Influencuesja britanike dha 5 arsye pse u pendua q\u00eb udh\u00ebtoi n\u00eb Mali i Zi - Kosova Times\",\"isPartOf\":{\"@id\":\"https:\\\/\\\/kosovatimes.info\\\/#website\"},\"primaryImageOfPage\":{\"@id\":\"https:\\\/\\\/kosovatimes.info\\\/index.php\\\/2026\\\/09\\\/03\\\/influencuesja-britanike-dha-5-arsye-pse-u-pendua-qe-udhetoi-ne-mali-i-zi\\\/#primaryimage\"},\"image\":{\"@id\":\"https:\\\/\\\/kosovatimes.info\\\/index.php\\\/2026\\\/09\\\/03\\\/influencuesja-britanike-dha-5-arsye-pse-u-pendua-qe-udhetoi-ne-mali-i-zi\\\/#primaryimage\"},\"thumbnailUrl\":\"https:\\\/\\\/kosovatimes.info\\\/wp-content\\\/uploads\\\/2026\\\/09\\\/Budva.webp\",\"datePublished\":\"2026-09-03T07:08:13+00:00\",\"dateModified\":\"2026-09-03T07:08:15+00:00\",\"author\":{\"@id\":\"https:\\\/\\\/kosovatimes.info\\\/#\\\/schema\\\/person\\\/7586712b9c512fe68085de007378c915\"},\"breadcrumb\":{\"@id\":\"https:\\\/\\\/kosovatimes.info\\\/index.php\\\/2026\\\/09\\\/03\\\/influencuesja-britanike-dha-5-arsye-pse-u-pendua-qe-udhetoi-ne-mali-i-zi\\\/#breadcrumb\"},\"inLanguage\":\"en-US\",\"potentialAction\":[{\"@type\":\"ReadAction\",\"target\":[\"https:\\\/\\\/kosovatimes.info\\\/index.php\\\/2026\\\/09\\\/03\\\/influencuesja-britanike-dha-5-arsye-pse-u-pendua-qe-udhetoi-ne-mali-i-zi\\\/\"]}]},{\"@type\":\"ImageObject\",\"inLanguage\":\"en-US\",\"@id\":\"https:\\\/\\\/kosovatimes.info\\\/index.php\\\/2026\\\/09\\\/03\\\/influencuesja-britanike-dha-5-arsye-pse-u-pendua-qe-udhetoi-ne-mali-i-zi\\\/#primaryimage\",\"url\":\"https:\\\/\\\/kosovatimes.info\\\/wp-content\\\/uploads\\\/2026\\\/09\\\/Budva.webp\",\"contentUrl\":\"https:\\\/\\\/kosovatimes.info\\\/wp-content\\\/uploads\\\/2026\\\/09\\\/Budva.webp\",\"width\":1400,\"height\":937},{\"@type\":\"BreadcrumbList\",\"@id\":\"https:\\\/\\\/kosovatimes.info\\\/index.php\\\/2026\\\/09\\\/03\\\/influencuesja-britanike-dha-5-arsye-pse-u-pendua-qe-udhetoi-ne-mali-i-zi\\\/#breadcrumb\",\"itemListElement\":[{\"@type\":\"ListItem\",\"position\":1,\"name\":\"Home\",\"item\":\"https:\\\/\\\/kosovatimes.info\\\/\"},{\"@type\":\"ListItem\",\"position\":2,\"name\":\"Influencuesja britanike dha 5 arsye pse u pendua q\u00eb udh\u00ebtoi n\u00eb Mali i Zi\"}]},{\"@type\":\"WebSite\",\"@id\":\"https:\\\/\\\/kosovatimes.info\\\/#website\",\"url\":\"https:\\\/\\\/kosovatimes.info\\\/\",\"name\":\"Kosova Times\",\"description\":\"\",\"potentialAction\":[{\"@type\":\"SearchAction\",\"target\":{\"@type\":\"EntryPoint\",\"urlTemplate\":\"https:\\\/\\\/kosovatimes.info\\\/?s={search_term_string}\"},\"query-input\":{\"@type\":\"PropertyValueSpecification\",\"valueRequired\":true,\"valueName\":\"search_term_string\"}}],\"inLanguage\":\"en-US\"},{\"@type\":\"Person\",\"@id\":\"https:\\\/\\\/kosovatimes.info\\\/#\\\/schema\\\/person\\\/7586712b9c512fe68085de007378c915\",\"name\":\"i l\",\"image\":{\"@type\":\"ImageObject\",\"inLanguage\":\"en-US\",\"@id\":\"https:\\\/\\\/secure.gravatar.com\\\/avatar\\\/bad9296e02816160ae2e2435beda58222022298d5625d49fea74d18816fbb31d?s=96&d=mm&r=g\",\"url\":\"https:\\\/\\\/secure.gravatar.com\\\/avatar\\\/bad9296e02816160ae2e2435beda58222022298d5625d49fea74d18816fbb31d?s=96&d=mm&r=g\",\"contentUrl\":\"https:\\\/\\\/secure.gravatar.com\\\/avatar\\\/bad9296e02816160ae2e2435beda58222022298d5625d49fea74d18816fbb31d?s=96&d=mm&r=g\",\"caption\":\"i l\"},\"url\":\"https:\\\/\\\/kosovatimes.info\\\/index.php\\\/author\\\/iliri\\\/\"}]}<\/script>\n<!-- \/ Yoast SEO plugin. -->","yoast_head_json":{"title":"Influencuesja britanike dha 5 arsye pse u pendua q\u00eb udh\u00ebtoi n\u00eb Mali i Zi - Kosova Times","robots":{"index":"index","follow":"follow","max-snippet":"max-snippet:-1","max-image-preview":"max-image-preview:large","max-video-preview":"max-video-preview:-1"},"canonical":"https:\/\/kosovatimes.info\/index.php\/2026\/09\/03\/influencuesja-britanike-dha-5-arsye-pse-u-pendua-qe-udhetoi-ne-mali-i-zi\/","og_locale":"en_US","og_type":"article","og_title":"Influencuesja britanike dha 5 arsye pse u pendua q\u00eb udh\u00ebtoi n\u00eb Mali i Zi - Kosova Times","og_description":"Mali i Zi konsiderohet si nj\u00eb nga destinacionet m\u00eb t\u00eb njohura verore n\u00eb Ballkan, por&nbsp;influencuesja britanike&nbsp;Mel Roselyn u kthye nga pushimet e saj n\u00eb k\u00ebt\u00eb vend me p\u00ebrshtypje krejt\u00ebsisht t\u00eb ndryshme. Pasi udh\u00ebtoi me motr\u00ebn e saj, ajo postoi nj\u00eb video n\u00eb t\u00eb cil\u00ebn e p\u00ebrshkroi&nbsp;Malin e Zi&nbsp;si vendin e saj m\u00eb pak t\u00eb preferuar [&hellip;]","og_url":"https:\/\/kosovatimes.info\/index.php\/2026\/09\/03\/influencuesja-britanike-dha-5-arsye-pse-u-pendua-qe-udhetoi-ne-mali-i-zi\/","og_site_name":"Kosova Times","article_published_time":"2026-09-03T07:08:13+00:00","article_modified_time":"2026-09-03T07:08:15+00:00","og_image":[{"width":1400,"height":937,"url":"https:\/\/kosovatimes.info\/wp-content\/uploads\/2026\/09\/Budva.webp","type":"image\/webp"}],"author":"i l","twitter_card":"summary_large_image","twitter_misc":{"Written by":"i l","Est. reading time":"5 minutes"},"schema":{"@context":"https:\/\/schema.org","@graph":[{"@type":"Article","@id":"https:\/\/kosovatimes.info\/index.php\/2026\/09\/03\/influencuesja-britanike-dha-5-arsye-pse-u-pendua-qe-udhetoi-ne-mali-i-zi\/#article","isPartOf":{"@id":"https:\/\/kosovatimes.info\/index.php\/2026\/09\/03\/influencuesja-britanike-dha-5-arsye-pse-u-pendua-qe-udhetoi-ne-mali-i-zi\/"},"author":{"name":"i l","@id":"https:\/\/kosovatimes.info\/#\/schema\/person\/7586712b9c512fe68085de007378c915"},"headline":"Influencuesja britanike dha 5 arsye pse u pendua q\u00eb udh\u00ebtoi n\u00eb Mali i Zi","datePublished":"2026-09-03T07:08:13+00:00","dateModified":"2026-09-03T07:08:15+00:00","mainEntityOfPage":{"@id":"https:\/\/kosovatimes.info\/index.php\/2026\/09\/03\/influencuesja-britanike-dha-5-arsye-pse-u-pendua-qe-udhetoi-ne-mali-i-zi\/"},"wordCount":1123,"commentCount":0,"image":{"@id":"https:\/\/kosovatimes.info\/index.php\/2026\/09\/03\/influencuesja-britanike-dha-5-arsye-pse-u-pendua-qe-udhetoi-ne-mali-i-zi\/#primaryimage"},"thumbnailUrl":"https:\/\/kosovatimes.info\/wp-content\/uploads\/2026\/09\/Budva.webp","articleSection":["Turiz\u00ebm"],"inLanguage":"en-US","potentialAction":[{"@type":"CommentAction","name":"Comment","target":["https:\/\/kosovatimes.info\/index.php\/2026\/09\/03\/influencuesja-britanike-dha-5-arsye-pse-u-pendua-qe-udhetoi-ne-mali-i-zi\/#respond"]}]},{"@type":"WebPage","@id":"https:\/\/kosovatimes.info\/index.php\/2026\/09\/03\/influencuesja-britanike-dha-5-arsye-pse-u-pendua-qe-udhetoi-ne-mali-i-zi\/","url":"https:\/\/kosovatimes.info\/index.php\/2026\/09\/03\/influencuesja-britanike-dha-5-arsye-pse-u-pendua-qe-udhetoi-ne-mali-i-zi\/","name":"Influencuesja britanike dha 5 arsye pse u pendua q\u00eb udh\u00ebtoi n\u00eb Mali i Zi - Kosova Times","isPartOf":{"@id":"https:\/\/kosovatimes.info\/#website"},"primaryImageOfPage":{"@id":"https:\/\/kosovatimes.info\/index.php\/2026\/09\/03\/influencuesja-britanike-dha-5-arsye-pse-u-pendua-qe-udhetoi-ne-mali-i-zi\/#primaryimage"},"image":{"@id":"https:\/\/kosovatimes.info\/index.php\/2026\/09\/03\/influencuesja-britanike-dha-5-arsye-pse-u-pendua-qe-udhetoi-ne-mali-i-zi\/#primaryimage"},"thumbnailUrl":"https:\/\/kosovatimes.info\/wp-content\/uploads\/2026\/09\/Budva.webp","datePublished":"2026-09-03T07:08:13+00:00","dateModified":"2026-09-03T07:08:15+00:00","author":{"@id":"https:\/\/kosovatimes.info\/#\/schema\/person\/7586712b9c512fe68085de007378c915"},"breadcrumb":{"@id":"https:\/\/kosovatimes.info\/index.php\/2026\/09\/03\/influencuesja-britanike-dha-5-arsye-pse-u-pendua-qe-udhetoi-ne-mali-i-zi\/#breadcrumb"},"inLanguage":"en-US","potentialAction":[{"@type":"ReadAction","target":["https:\/\/kosovatimes.info\/index.php\/2026\/09\/03\/influencuesja-britanike-dha-5-arsye-pse-u-pendua-qe-udhetoi-ne-mali-i-zi\/"]}]},{"@type":"ImageObject","inLanguage":"en-US","@id":"https:\/\/kosovatimes.info\/index.php\/2026\/09\/03\/influencuesja-britanike-dha-5-arsye-pse-u-pendua-qe-udhetoi-ne-mali-i-zi\/#primaryimage","url":"https:\/\/kosovatimes.info\/wp-content\/uploads\/2026\/09\/Budva.webp","contentUrl":"https:\/\/kosovatimes.info\/wp-content\/uploads\/2026\/09\/Budva.webp","width":1400,"height":937},{"@type":"BreadcrumbList","@id":"https:\/\/kosovatimes.info\/index.php\/2026\/09\/03\/influencuesja-britanike-dha-5-arsye-pse-u-pendua-qe-udhetoi-ne-mali-i-zi\/#breadcrumb","itemListElement":[{"@type":"ListItem","position":1,"name":"Home","item":"https:\/\/kosovatimes.info\/"},{"@type":"ListItem","position":2,"name":"Influencuesja britanike dha 5 arsye pse u pendua q\u00eb udh\u00ebtoi n\u00eb Mali i Zi"}]},{"@type":"WebSite","@id":"https:\/\/kosovatimes.info\/#website","url":"https:\/\/kosovatimes.info\/","name":"Kosova Times","description":"","potentialAction":[{"@type":"SearchAction","target":{"@type":"EntryPoint","urlTemplate":"https:\/\/kosovatimes.info\/?s={search_term_string}"},"query-input":{"@type":"PropertyValueSpecification","valueRequired":true,"valueName":"search_term_string"}}],"inLanguage":"en-US"},{"@type":"Person","@id":"https:\/\/kosovatimes.info\/#\/schema\/person\/7586712b9c512fe68085de007378c915","name":"i l","image":{"@type":"ImageObject","inLanguage":"en-US","@id":"https:\/\/secure.gravatar.com\/avatar\/bad9296e02816160ae2e2435beda58222022298d5625d49fea74d18816fbb31d?s=96&d=mm&r=g","url":"https:\/\/secure.gravatar.com\/avatar\/bad9296e02816160ae2e2435beda58222022298d5625d49fea74d18816fbb31d?s=96&d=mm&r=g","contentUrl":"https:\/\/secure.gravatar.com\/avatar\/bad9296e02816160ae2e2435beda58222022298d5625d49fea74d18816fbb31d?s=96&d=mm&r=g","caption":"i l"},"url":"https:\/\/kosovatimes.info\/index.php\/author\/iliri\/"}]}},"_links":{"self":[{"href":"https:\/\/kosovatimes.info\/index.php\/wp-json\/wp\/v2\/posts\/30761","targetHints":{"allow":["GET"]}}],"collection":[{"href":"https:\/\/kosovatimes.info\/index.php\/wp-json\/wp\/v2\/posts"}],"about":[{"href":"https:\/\/kosovatimes.info\/index.php\/wp-json\/wp\/v2\/types\/post"}],"author":[{"embeddable":true,"href":"https:\/\/kosovatimes.info\/index.php\/wp-json\/wp\/v2\/users\/4"}],"replies":[{"embeddable":true,"href":"https:\/\/kosovatimes.info\/index.php\/wp-json\/wp\/v2\/comments?post=30761"}],"version-history":[{"count":1,"href":"https:\/\/kosovatimes.info\/index.php\/wp-json\/wp\/v2\/posts\/30761\/revisions"}],"predecessor-version":[{"id":30763,"href":"https:\/\/kosovatimes.info\/index.php\/wp-json\/wp\/v2\/posts\/30761\/revisions\/30763"}],"wp:featuredmedia":[{"embeddable":true,"href":"https:\/\/kosovatimes.info\/index.php\/wp-json\/wp\/v2\/media\/30762"}],"wp:attachment":[{"href":"https:\/\/kosovatimes.info\/index.php\/wp-json\/wp\/v2\/media?parent=30761"}],"wp:term":[{"taxonomy":"category","embeddable":true,"href":"https:\/\/kosovatimes.info\/index.php\/wp-json\/wp\/v2\/categories?post=30761"},{"taxonomy":"post_tag","embeddable":true,"href":"https:\/\/kosovatimes.info\/index.php\/wp-json\/wp\/v2\/tags?post=30761"}],"curies":[{"name":"wp","href":"https:\/\/api.w.org\/{rel}","templated":true}]}}