{"id":30777,"date":"2026-09-03T10:25:41","date_gmt":"2026-09-03T08:25:41","guid":{"rendered":"https:\/\/kosovatimes.info\/?p=30777"},"modified":"2026-09-03T10:27:33","modified_gmt":"2026-09-03T08:27:33","slug":"dritan-pse-po-hesht-njeriun-qe-e-pergezove-po-shkon-ne-funeralin-e-mladicit","status":"publish","type":"post","link":"https:\/\/kosovatimes.info\/index.php\/2026\/09\/03\/dritan-pse-po-hesht-njeriun-qe-e-pergezove-po-shkon-ne-funeralin-e-mladicit\/","title":{"rendered":"Dritan pse po hesht? Njeriun q\u00eb e p\u00ebrg\u00ebzove anti pavar\u00ebsi t\u00eb Kosov\u00ebs po shkon edhe n\u00eb funeralin e Mladi\u00e7it"},"content":{"rendered":"\n<p class=\"wp-block-paragraph\">Kryetari i Bashkis\u00eb s\u00eb Banja Lluk\u00ebs, Dra\u0161ko Stanivukovi\u0107, njoftoi se do t\u00eb marr\u00eb pjes\u00eb n\u00eb funeralin e Ratko Mladi\u0107 dhe shpalli nj\u00eb dit\u00eb zie. Ai tha se nuk do t\u00eb heq\u00eb dor\u00eb nga pik\u00ebpamjet e tij dhe se nuk e konsideron shprehjen e ngush\u00ebllimeve dhe respektit p\u00ebr ushtar\u00ebt dhe gjeneral\u00ebt si glorifikim t\u00eb krimeve, raporton Tanjug.Stanivukoviqi i hodhi posht\u00eb akuzat p\u00ebr glorifikim t\u00eb kriminel\u00ebve t\u00eb luft\u00ebs. &#8220;\u00c7far\u00eb termi i pahijsh\u00ebm \u00ebsht\u00eb ky, \u00e7far\u00eb lloj glorifikimi? \u00c7far\u00eb dometh\u00ebnie ka p\u00ebr ta? Ne thjesht tham\u00eb t\u00eb v\u00ebrtet\u00ebn. Ratko Mladiqi ishte nj\u00eb gjeneral q\u00eb nuk e zgjodhi profesionin e tij, por n\u00eb koh\u00ebt m\u00eb t\u00eb k\u00ebqija, profesioni e zgjodhi at\u00eb p\u00ebr t\u00eb mbrojtur atdheun dhe vendin ton\u00eb&#8221;, tha Stanivukoviqi.<\/p>\n\n\n\n<p class=\"wp-block-paragraph\">Ai konfirmoi se do t\u00eb jet\u00eb n\u00eb funeral sepse e konsideron t\u00eb natyrshme respektimin e viktimave t\u00eb an\u00ebtar\u00ebve t\u00eb Ushtris\u00eb s\u00eb Republik\u00ebs Srpska. Ai shprehu gjithashtu pritjen q\u00eb dita e varrimit t\u00eb Mladi\u0107-it t\u00eb shpallet dit\u00eb zie n\u00eb t\u00eb gjitha vendet serbe.<\/p>\n\n\n\n<h3 class=\"wp-block-heading\">&#8220;E gjith\u00eb bota ka komplotuar kund\u00ebr nesh&#8221;<\/h3>\n\n\n\n<p class=\"wp-block-paragraph\">Stanivukovi\u0107 komentoi gjithashtu pasojat e mundshme ligjore t\u00eb deklaratave t\u00eb tij. &#8220;Meqen\u00ebse shpreh\u00ebm ngush\u00ebllimet tona dhe tham\u00eb se do t\u00eb ishim n\u00eb funeral, gj\u00eb q\u00eb \u00ebsht\u00eb logjike, tani dikush po na ndjek penalisht. Nuk m\u00eb intereson fare kjo. Ajo q\u00eb di se \u00ebsht\u00eb e v\u00ebrtet\u00eb mbetet e v\u00ebrtet\u00eb&#8221;, tha ai.<\/p>\n\n\n\n<p class=\"wp-block-paragraph\"><strong>Dritan Abazoviqi<\/strong> e kishte uruar Stanivukoviqin pas fitores n\u00eb zgjedhjet lokale t\u00eb vitit <strong>2020<\/strong>, kur ai u zgjodh kryetar i Banjalluk\u00ebs.M\u00eb<br><strong>15 n\u00ebntor 2020<\/strong> , pas zgjedhjeve lokale n\u00eb Bosnj\u00eb-Hercegovin\u00eb dhe fitores s\u00eb Dra\u0161ko Stanivukovi\u0107it n\u00eb Banjalluk\u00eb,<br>Dritan Abazovi\u0107t\u00eb publikuara n\u00eb Twitter:\u201cVala e shum\u00eb ndryshimeve nga Mali i Zi\ud83c\uddf2\ud83c\uddea u p\u00ebrhap n\u00eb Bosnj\u00eb-Hercegovin\u00eb \ud83c\udde7\ud83c\udde6. Rajoni meriton m\u00eb shum\u00eb. Te gjithe duam vlera te reja, njerez dhe shpresa te reja. Uroj! Qytetare-merrni lirine!<\/p>\n\n\n\n<p class=\"wp-block-paragraph\">Stanivukovi\u0107i ka mbajtur nj\u00eb q\u00ebndrim <strong>t\u00eb qart\u00eb pro-serb dhe kund\u00ebr njohjes s\u00eb pavar\u00ebsis\u00eb s\u00eb Kosov\u00ebs<\/strong> .N\u00eb n\u00ebntor 2020, Stanivukovi\u0107i deklaroi se <strong>Kosova dhe Metohija jan\u00eb \u201cdjepi i popullit serb\u201d<\/strong> dhe se <strong>Serbia nuk do ta njoh\u00eb kurr\u00eb pavar\u00ebsin\u00eb e Kosov\u00ebs<\/strong> .M\u00eb pas, n\u00eb vitin 2021, ai e p\u00ebrs\u00ebriti k\u00ebt\u00eb q\u00ebndrim duke th\u00ebn\u00eb se, kur disa media n\u00eb Federat\u00ebn e Bosnj\u00ebs n\u00eb m\u00ebnyr\u00eb t\u00eb pavarur e thon vet\u00ebm \u201cKosov\u00eb\u201d, ai thot\u00eb <strong>\u201cKosov\u00eb dhe Metohi\u201d<\/strong> ,<\/p>\n\n\n\n<p class=\"wp-block-paragraph\"><\/p>\n","protected":false},"excerpt":{"rendered":"<p>Kryetari i Bashkis\u00eb s\u00eb Banja Lluk\u00ebs, Dra\u0161ko Stanivukovi\u0107, njoftoi se do t\u00eb marr\u00eb pjes\u00eb n\u00eb funeralin e Ratko Mladi\u0107 dhe shpalli nj\u00eb dit\u00eb zie. Ai tha se nuk do t\u00eb heq\u00eb dor\u00eb nga pik\u00ebpamjet e tij dhe se nuk e konsideron shprehjen e ngush\u00ebllimeve dhe respektit p\u00ebr ushtar\u00ebt dhe gjeneral\u00ebt si glorifikim t\u00eb krimeve, raporton [&hellip;]<\/p>\n","protected":false},"author":4,"featured_media":30778,"comment_status":"open","ping_status":"open","sticky":false,"template":"","format":"standard","meta":{"footnotes":""},"categories":[30,32],"tags":[],"class_list":["post-30777","post","type-post","status-publish","format-standard","has-post-thumbnail","category-lajme","category-rajon"],"yoast_head":"<!-- This site is optimized with the Yoast SEO plugin v27.4 - https:\/\/yoast.com\/product\/yoast-seo-wordpress\/ -->\n<title>Dritan pse po hesht? Njeriun q\u00eb e p\u00ebrg\u00ebzove anti pavar\u00ebsi t\u00eb Kosov\u00ebs po shkon edhe n\u00eb funeralin e Mladi\u00e7it - Kosova Times<\/title>\n<meta name=\"robots\" content=\"index, follow, max-snippet:-1, max-image-preview:large, max-video-preview:-1\" \/>\n<link rel=\"canonical\" href=\"https:\/\/kosovatimes.info\/index.php\/2026\/09\/03\/dritan-pse-po-hesht-njeriun-qe-e-pergezove-po-shkon-ne-funeralin-e-mladicit\/\" \/>\n<meta property=\"og:locale\" content=\"en_US\" \/>\n<meta property=\"og:type\" content=\"article\" \/>\n<meta property=\"og:title\" content=\"Dritan pse po hesht? Njeriun q\u00eb e p\u00ebrg\u00ebzove anti pavar\u00ebsi t\u00eb Kosov\u00ebs po shkon edhe n\u00eb funeralin e Mladi\u00e7it - Kosova Times\" \/>\n<meta property=\"og:description\" content=\"Kryetari i Bashkis\u00eb s\u00eb Banja Lluk\u00ebs, Dra\u0161ko Stanivukovi\u0107, njoftoi se do t\u00eb marr\u00eb pjes\u00eb n\u00eb funeralin e Ratko Mladi\u0107 dhe shpalli nj\u00eb dit\u00eb zie. Ai tha se nuk do t\u00eb heq\u00eb dor\u00eb nga pik\u00ebpamjet e tij dhe se nuk e konsideron shprehjen e ngush\u00ebllimeve dhe respektit p\u00ebr ushtar\u00ebt dhe gjeneral\u00ebt si glorifikim t\u00eb krimeve, raporton [&hellip;]\" \/>\n<meta property=\"og:url\" content=\"https:\/\/kosovatimes.info\/index.php\/2026\/09\/03\/dritan-pse-po-hesht-njeriun-qe-e-pergezove-po-shkon-ne-funeralin-e-mladicit\/\" \/>\n<meta property=\"og:site_name\" content=\"Kosova Times\" \/>\n<meta property=\"article:published_time\" content=\"2026-09-03T08:25:41+00:00\" \/>\n<meta property=\"article:modified_time\" content=\"2026-09-03T08:27:33+00:00\" \/>\n<meta property=\"og:image\" content=\"https:\/\/kosovatimes.info\/wp-content\/uploads\/2026\/09\/Stanivukoviq.webp\" \/>\n\t<meta property=\"og:image:width\" content=\"765\" \/>\n\t<meta property=\"og:image:height\" content=\"765\" \/>\n\t<meta property=\"og:image:type\" content=\"image\/webp\" \/>\n<meta name=\"author\" content=\"i l\" \/>\n<meta name=\"twitter:card\" content=\"summary_large_image\" \/>\n<meta name=\"twitter:label1\" content=\"Written by\" \/>\n\t<meta name=\"twitter:data1\" content=\"i l\" \/>\n\t<meta name=\"twitter:label2\" content=\"Est. reading time\" \/>\n\t<meta name=\"twitter:data2\" content=\"2 minutes\" \/>\n<script type=\"application\/ld+json\" class=\"yoast-schema-graph\">{\"@context\":\"https:\\\/\\\/schema.org\",\"@graph\":[{\"@type\":\"Article\",\"@id\":\"https:\\\/\\\/kosovatimes.info\\\/index.php\\\/2026\\\/09\\\/03\\\/dritan-pse-po-hesht-njeriun-qe-e-pergezove-po-shkon-ne-funeralin-e-mladicit\\\/#article\",\"isPartOf\":{\"@id\":\"https:\\\/\\\/kosovatimes.info\\\/index.php\\\/2026\\\/09\\\/03\\\/dritan-pse-po-hesht-njeriun-qe-e-pergezove-po-shkon-ne-funeralin-e-mladicit\\\/\"},\"author\":{\"name\":\"i l\",\"@id\":\"https:\\\/\\\/kosovatimes.info\\\/#\\\/schema\\\/person\\\/7586712b9c512fe68085de007378c915\"},\"headline\":\"Dritan pse po hesht? Njeriun q\u00eb e p\u00ebrg\u00ebzove anti pavar\u00ebsi t\u00eb Kosov\u00ebs po shkon edhe n\u00eb funeralin e Mladi\u00e7it\",\"datePublished\":\"2026-09-03T08:25:41+00:00\",\"dateModified\":\"2026-09-03T08:27:33+00:00\",\"mainEntityOfPage\":{\"@id\":\"https:\\\/\\\/kosovatimes.info\\\/index.php\\\/2026\\\/09\\\/03\\\/dritan-pse-po-hesht-njeriun-qe-e-pergezove-po-shkon-ne-funeralin-e-mladicit\\\/\"},\"wordCount\":434,\"commentCount\":0,\"image\":{\"@id\":\"https:\\\/\\\/kosovatimes.info\\\/index.php\\\/2026\\\/09\\\/03\\\/dritan-pse-po-hesht-njeriun-qe-e-pergezove-po-shkon-ne-funeralin-e-mladicit\\\/#primaryimage\"},\"thumbnailUrl\":\"https:\\\/\\\/kosovatimes.info\\\/wp-content\\\/uploads\\\/2026\\\/09\\\/Stanivukoviq.webp\",\"articleSection\":[\"Lajme\",\"Rajon\"],\"inLanguage\":\"en-US\",\"potentialAction\":[{\"@type\":\"CommentAction\",\"name\":\"Comment\",\"target\":[\"https:\\\/\\\/kosovatimes.info\\\/index.php\\\/2026\\\/09\\\/03\\\/dritan-pse-po-hesht-njeriun-qe-e-pergezove-po-shkon-ne-funeralin-e-mladicit\\\/#respond\"]}]},{\"@type\":\"WebPage\",\"@id\":\"https:\\\/\\\/kosovatimes.info\\\/index.php\\\/2026\\\/09\\\/03\\\/dritan-pse-po-hesht-njeriun-qe-e-pergezove-po-shkon-ne-funeralin-e-mladicit\\\/\",\"url\":\"https:\\\/\\\/kosovatimes.info\\\/index.php\\\/2026\\\/09\\\/03\\\/dritan-pse-po-hesht-njeriun-qe-e-pergezove-po-shkon-ne-funeralin-e-mladicit\\\/\",\"name\":\"Dritan pse po hesht? Njeriun q\u00eb e p\u00ebrg\u00ebzove anti pavar\u00ebsi t\u00eb Kosov\u00ebs po shkon edhe n\u00eb funeralin e Mladi\u00e7it - Kosova Times\",\"isPartOf\":{\"@id\":\"https:\\\/\\\/kosovatimes.info\\\/#website\"},\"primaryImageOfPage\":{\"@id\":\"https:\\\/\\\/kosovatimes.info\\\/index.php\\\/2026\\\/09\\\/03\\\/dritan-pse-po-hesht-njeriun-qe-e-pergezove-po-shkon-ne-funeralin-e-mladicit\\\/#primaryimage\"},\"image\":{\"@id\":\"https:\\\/\\\/kosovatimes.info\\\/index.php\\\/2026\\\/09\\\/03\\\/dritan-pse-po-hesht-njeriun-qe-e-pergezove-po-shkon-ne-funeralin-e-mladicit\\\/#primaryimage\"},\"thumbnailUrl\":\"https:\\\/\\\/kosovatimes.info\\\/wp-content\\\/uploads\\\/2026\\\/09\\\/Stanivukoviq.webp\",\"datePublished\":\"2026-09-03T08:25:41+00:00\",\"dateModified\":\"2026-09-03T08:27:33+00:00\",\"author\":{\"@id\":\"https:\\\/\\\/kosovatimes.info\\\/#\\\/schema\\\/person\\\/7586712b9c512fe68085de007378c915\"},\"breadcrumb\":{\"@id\":\"https:\\\/\\\/kosovatimes.info\\\/index.php\\\/2026\\\/09\\\/03\\\/dritan-pse-po-hesht-njeriun-qe-e-pergezove-po-shkon-ne-funeralin-e-mladicit\\\/#breadcrumb\"},\"inLanguage\":\"en-US\",\"potentialAction\":[{\"@type\":\"ReadAction\",\"target\":[\"https:\\\/\\\/kosovatimes.info\\\/index.php\\\/2026\\\/09\\\/03\\\/dritan-pse-po-hesht-njeriun-qe-e-pergezove-po-shkon-ne-funeralin-e-mladicit\\\/\"]}]},{\"@type\":\"ImageObject\",\"inLanguage\":\"en-US\",\"@id\":\"https:\\\/\\\/kosovatimes.info\\\/index.php\\\/2026\\\/09\\\/03\\\/dritan-pse-po-hesht-njeriun-qe-e-pergezove-po-shkon-ne-funeralin-e-mladicit\\\/#primaryimage\",\"url\":\"https:\\\/\\\/kosovatimes.info\\\/wp-content\\\/uploads\\\/2026\\\/09\\\/Stanivukoviq.webp\",\"contentUrl\":\"https:\\\/\\\/kosovatimes.info\\\/wp-content\\\/uploads\\\/2026\\\/09\\\/Stanivukoviq.webp\",\"width\":765,\"height\":765},{\"@type\":\"BreadcrumbList\",\"@id\":\"https:\\\/\\\/kosovatimes.info\\\/index.php\\\/2026\\\/09\\\/03\\\/dritan-pse-po-hesht-njeriun-qe-e-pergezove-po-shkon-ne-funeralin-e-mladicit\\\/#breadcrumb\",\"itemListElement\":[{\"@type\":\"ListItem\",\"position\":1,\"name\":\"Home\",\"item\":\"https:\\\/\\\/kosovatimes.info\\\/\"},{\"@type\":\"ListItem\",\"position\":2,\"name\":\"Dritan pse po hesht? Njeriun q\u00eb e p\u00ebrg\u00ebzove anti pavar\u00ebsi t\u00eb Kosov\u00ebs po shkon edhe n\u00eb funeralin e Mladi\u00e7it\"}]},{\"@type\":\"WebSite\",\"@id\":\"https:\\\/\\\/kosovatimes.info\\\/#website\",\"url\":\"https:\\\/\\\/kosovatimes.info\\\/\",\"name\":\"Kosova Times\",\"description\":\"\",\"potentialAction\":[{\"@type\":\"SearchAction\",\"target\":{\"@type\":\"EntryPoint\",\"urlTemplate\":\"https:\\\/\\\/kosovatimes.info\\\/?s={search_term_string}\"},\"query-input\":{\"@type\":\"PropertyValueSpecification\",\"valueRequired\":true,\"valueName\":\"search_term_string\"}}],\"inLanguage\":\"en-US\"},{\"@type\":\"Person\",\"@id\":\"https:\\\/\\\/kosovatimes.info\\\/#\\\/schema\\\/person\\\/7586712b9c512fe68085de007378c915\",\"name\":\"i l\",\"image\":{\"@type\":\"ImageObject\",\"inLanguage\":\"en-US\",\"@id\":\"https:\\\/\\\/secure.gravatar.com\\\/avatar\\\/bad9296e02816160ae2e2435beda58222022298d5625d49fea74d18816fbb31d?s=96&d=mm&r=g\",\"url\":\"https:\\\/\\\/secure.gravatar.com\\\/avatar\\\/bad9296e02816160ae2e2435beda58222022298d5625d49fea74d18816fbb31d?s=96&d=mm&r=g\",\"contentUrl\":\"https:\\\/\\\/secure.gravatar.com\\\/avatar\\\/bad9296e02816160ae2e2435beda58222022298d5625d49fea74d18816fbb31d?s=96&d=mm&r=g\",\"caption\":\"i l\"},\"url\":\"https:\\\/\\\/kosovatimes.info\\\/index.php\\\/author\\\/iliri\\\/\"}]}<\/script>\n<!-- \/ Yoast SEO plugin. -->","yoast_head_json":{"title":"Dritan pse po hesht? Njeriun q\u00eb e p\u00ebrg\u00ebzove anti pavar\u00ebsi t\u00eb Kosov\u00ebs po shkon edhe n\u00eb funeralin e Mladi\u00e7it - Kosova Times","robots":{"index":"index","follow":"follow","max-snippet":"max-snippet:-1","max-image-preview":"max-image-preview:large","max-video-preview":"max-video-preview:-1"},"canonical":"https:\/\/kosovatimes.info\/index.php\/2026\/09\/03\/dritan-pse-po-hesht-njeriun-qe-e-pergezove-po-shkon-ne-funeralin-e-mladicit\/","og_locale":"en_US","og_type":"article","og_title":"Dritan pse po hesht? Njeriun q\u00eb e p\u00ebrg\u00ebzove anti pavar\u00ebsi t\u00eb Kosov\u00ebs po shkon edhe n\u00eb funeralin e Mladi\u00e7it - Kosova Times","og_description":"Kryetari i Bashkis\u00eb s\u00eb Banja Lluk\u00ebs, Dra\u0161ko Stanivukovi\u0107, njoftoi se do t\u00eb marr\u00eb pjes\u00eb n\u00eb funeralin e Ratko Mladi\u0107 dhe shpalli nj\u00eb dit\u00eb zie. Ai tha se nuk do t\u00eb heq\u00eb dor\u00eb nga pik\u00ebpamjet e tij dhe se nuk e konsideron shprehjen e ngush\u00ebllimeve dhe respektit p\u00ebr ushtar\u00ebt dhe gjeneral\u00ebt si glorifikim t\u00eb krimeve, raporton [&hellip;]","og_url":"https:\/\/kosovatimes.info\/index.php\/2026\/09\/03\/dritan-pse-po-hesht-njeriun-qe-e-pergezove-po-shkon-ne-funeralin-e-mladicit\/","og_site_name":"Kosova Times","article_published_time":"2026-09-03T08:25:41+00:00","article_modified_time":"2026-09-03T08:27:33+00:00","og_image":[{"width":765,"height":765,"url":"https:\/\/kosovatimes.info\/wp-content\/uploads\/2026\/09\/Stanivukoviq.webp","type":"image\/webp"}],"author":"i l","twitter_card":"summary_large_image","twitter_misc":{"Written by":"i l","Est. reading time":"2 minutes"},"schema":{"@context":"https:\/\/schema.org","@graph":[{"@type":"Article","@id":"https:\/\/kosovatimes.info\/index.php\/2026\/09\/03\/dritan-pse-po-hesht-njeriun-qe-e-pergezove-po-shkon-ne-funeralin-e-mladicit\/#article","isPartOf":{"@id":"https:\/\/kosovatimes.info\/index.php\/2026\/09\/03\/dritan-pse-po-hesht-njeriun-qe-e-pergezove-po-shkon-ne-funeralin-e-mladicit\/"},"author":{"name":"i l","@id":"https:\/\/kosovatimes.info\/#\/schema\/person\/7586712b9c512fe68085de007378c915"},"headline":"Dritan pse po hesht? Njeriun q\u00eb e p\u00ebrg\u00ebzove anti pavar\u00ebsi t\u00eb Kosov\u00ebs po shkon edhe n\u00eb funeralin e Mladi\u00e7it","datePublished":"2026-09-03T08:25:41+00:00","dateModified":"2026-09-03T08:27:33+00:00","mainEntityOfPage":{"@id":"https:\/\/kosovatimes.info\/index.php\/2026\/09\/03\/dritan-pse-po-hesht-njeriun-qe-e-pergezove-po-shkon-ne-funeralin-e-mladicit\/"},"wordCount":434,"commentCount":0,"image":{"@id":"https:\/\/kosovatimes.info\/index.php\/2026\/09\/03\/dritan-pse-po-hesht-njeriun-qe-e-pergezove-po-shkon-ne-funeralin-e-mladicit\/#primaryimage"},"thumbnailUrl":"https:\/\/kosovatimes.info\/wp-content\/uploads\/2026\/09\/Stanivukoviq.webp","articleSection":["Lajme","Rajon"],"inLanguage":"en-US","potentialAction":[{"@type":"CommentAction","name":"Comment","target":["https:\/\/kosovatimes.info\/index.php\/2026\/09\/03\/dritan-pse-po-hesht-njeriun-qe-e-pergezove-po-shkon-ne-funeralin-e-mladicit\/#respond"]}]},{"@type":"WebPage","@id":"https:\/\/kosovatimes.info\/index.php\/2026\/09\/03\/dritan-pse-po-hesht-njeriun-qe-e-pergezove-po-shkon-ne-funeralin-e-mladicit\/","url":"https:\/\/kosovatimes.info\/index.php\/2026\/09\/03\/dritan-pse-po-hesht-njeriun-qe-e-pergezove-po-shkon-ne-funeralin-e-mladicit\/","name":"Dritan pse po hesht? Njeriun q\u00eb e p\u00ebrg\u00ebzove anti pavar\u00ebsi t\u00eb Kosov\u00ebs po shkon edhe n\u00eb funeralin e Mladi\u00e7it - Kosova Times","isPartOf":{"@id":"https:\/\/kosovatimes.info\/#website"},"primaryImageOfPage":{"@id":"https:\/\/kosovatimes.info\/index.php\/2026\/09\/03\/dritan-pse-po-hesht-njeriun-qe-e-pergezove-po-shkon-ne-funeralin-e-mladicit\/#primaryimage"},"image":{"@id":"https:\/\/kosovatimes.info\/index.php\/2026\/09\/03\/dritan-pse-po-hesht-njeriun-qe-e-pergezove-po-shkon-ne-funeralin-e-mladicit\/#primaryimage"},"thumbnailUrl":"https:\/\/kosovatimes.info\/wp-content\/uploads\/2026\/09\/Stanivukoviq.webp","datePublished":"2026-09-03T08:25:41+00:00","dateModified":"2026-09-03T08:27:33+00:00","author":{"@id":"https:\/\/kosovatimes.info\/#\/schema\/person\/7586712b9c512fe68085de007378c915"},"breadcrumb":{"@id":"https:\/\/kosovatimes.info\/index.php\/2026\/09\/03\/dritan-pse-po-hesht-njeriun-qe-e-pergezove-po-shkon-ne-funeralin-e-mladicit\/#breadcrumb"},"inLanguage":"en-US","potentialAction":[{"@type":"ReadAction","target":["https:\/\/kosovatimes.info\/index.php\/2026\/09\/03\/dritan-pse-po-hesht-njeriun-qe-e-pergezove-po-shkon-ne-funeralin-e-mladicit\/"]}]},{"@type":"ImageObject","inLanguage":"en-US","@id":"https:\/\/kosovatimes.info\/index.php\/2026\/09\/03\/dritan-pse-po-hesht-njeriun-qe-e-pergezove-po-shkon-ne-funeralin-e-mladicit\/#primaryimage","url":"https:\/\/kosovatimes.info\/wp-content\/uploads\/2026\/09\/Stanivukoviq.webp","contentUrl":"https:\/\/kosovatimes.info\/wp-content\/uploads\/2026\/09\/Stanivukoviq.webp","width":765,"height":765},{"@type":"BreadcrumbList","@id":"https:\/\/kosovatimes.info\/index.php\/2026\/09\/03\/dritan-pse-po-hesht-njeriun-qe-e-pergezove-po-shkon-ne-funeralin-e-mladicit\/#breadcrumb","itemListElement":[{"@type":"ListItem","position":1,"name":"Home","item":"https:\/\/kosovatimes.info\/"},{"@type":"ListItem","position":2,"name":"Dritan pse po hesht? Njeriun q\u00eb e p\u00ebrg\u00ebzove anti pavar\u00ebsi t\u00eb Kosov\u00ebs po shkon edhe n\u00eb funeralin e Mladi\u00e7it"}]},{"@type":"WebSite","@id":"https:\/\/kosovatimes.info\/#website","url":"https:\/\/kosovatimes.info\/","name":"Kosova Times","description":"","potentialAction":[{"@type":"SearchAction","target":{"@type":"EntryPoint","urlTemplate":"https:\/\/kosovatimes.info\/?s={search_term_string}"},"query-input":{"@type":"PropertyValueSpecification","valueRequired":true,"valueName":"search_term_string"}}],"inLanguage":"en-US"},{"@type":"Person","@id":"https:\/\/kosovatimes.info\/#\/schema\/person\/7586712b9c512fe68085de007378c915","name":"i l","image":{"@type":"ImageObject","inLanguage":"en-US","@id":"https:\/\/secure.gravatar.com\/avatar\/bad9296e02816160ae2e2435beda58222022298d5625d49fea74d18816fbb31d?s=96&d=mm&r=g","url":"https:\/\/secure.gravatar.com\/avatar\/bad9296e02816160ae2e2435beda58222022298d5625d49fea74d18816fbb31d?s=96&d=mm&r=g","contentUrl":"https:\/\/secure.gravatar.com\/avatar\/bad9296e02816160ae2e2435beda58222022298d5625d49fea74d18816fbb31d?s=96&d=mm&r=g","caption":"i l"},"url":"https:\/\/kosovatimes.info\/index.php\/author\/iliri\/"}]}},"_links":{"self":[{"href":"https:\/\/kosovatimes.info\/index.php\/wp-json\/wp\/v2\/posts\/30777","targetHints":{"allow":["GET"]}}],"collection":[{"href":"https:\/\/kosovatimes.info\/index.php\/wp-json\/wp\/v2\/posts"}],"about":[{"href":"https:\/\/kosovatimes.info\/index.php\/wp-json\/wp\/v2\/types\/post"}],"author":[{"embeddable":true,"href":"https:\/\/kosovatimes.info\/index.php\/wp-json\/wp\/v2\/users\/4"}],"replies":[{"embeddable":true,"href":"https:\/\/kosovatimes.info\/index.php\/wp-json\/wp\/v2\/comments?post=30777"}],"version-history":[{"count":2,"href":"https:\/\/kosovatimes.info\/index.php\/wp-json\/wp\/v2\/posts\/30777\/revisions"}],"predecessor-version":[{"id":30781,"href":"https:\/\/kosovatimes.info\/index.php\/wp-json\/wp\/v2\/posts\/30777\/revisions\/30781"}],"wp:featuredmedia":[{"embeddable":true,"href":"https:\/\/kosovatimes.info\/index.php\/wp-json\/wp\/v2\/media\/30778"}],"wp:attachment":[{"href":"https:\/\/kosovatimes.info\/index.php\/wp-json\/wp\/v2\/media?parent=30777"}],"wp:term":[{"taxonomy":"category","embeddable":true,"href":"https:\/\/kosovatimes.info\/index.php\/wp-json\/wp\/v2\/categories?post=30777"},{"taxonomy":"post_tag","embeddable":true,"href":"https:\/\/kosovatimes.info\/index.php\/wp-json\/wp\/v2\/tags?post=30777"}],"curies":[{"name":"wp","href":"https:\/\/api.w.org\/{rel}","templated":true}]}}