{"id":30785,"date":"2026-09-03T10:50:00","date_gmt":"2026-09-03T08:50:00","guid":{"rendered":"https:\/\/kosovatimes.info\/?p=30785"},"modified":"2026-09-03T11:23:58","modified_gmt":"2026-09-03T09:23:58","slug":"avokati-i-popullit-kundershton-kriteret-e-qeverise-per-pagen-e-13-te","status":"publish","type":"post","link":"https:\/\/kosovatimes.info\/index.php\/2026\/09\/03\/avokati-i-popullit-kundershton-kriteret-e-qeverise-per-pagen-e-13-te\/","title":{"rendered":"Avokati i Popullit kund\u00ebrshton kriteret e Qeveris\u00eb p\u00ebr pag\u00ebn e 13-t\u00eb"},"content":{"rendered":"\n<p class=\"wp-block-paragraph\"><strong>Avokati i Popullit ka publikuar Opinionin lidhur me kriteret e p\u00ebrcaktuara n\u00eb vendimin e Qeveris\u00eb s\u00eb Kosov\u00ebs p\u00ebr dh\u00ebnien e pag\u00ebs s\u00eb 13-t\u00eb p\u00ebr t\u00eb pun\u00ebsuarit q\u00eb marrin pag\u00eb nga Buxheti i Republik\u00ebs s\u00eb Kosov\u00ebs.<\/strong><\/p>\n\n\n\n<p class=\"wp-block-paragraph\">Institucioni i Avokatit t\u00eb Popullit thekson se rregullimi i pag\u00ebs s\u00eb 13-t\u00eb duhet t\u00eb siguroj\u00eb trajtim t\u00eb barabart\u00eb p\u00ebr t\u00eb gjith\u00eb p\u00ebrfituesit, p\u00ebrmes kritereve t\u00eb qarta dhe t\u00eb arsyeshme ligjore, t\u00eb cilat nuk e cenojn\u00eb q\u00ebllimin p\u00ebr t\u00eb cilin \u00ebsht\u00eb p\u00ebrcaktuar kjo pag\u00eb.<\/p>\n\n\n\n<p class=\"wp-block-paragraph\">N\u00eb opinion, Avokati i Popullit ka analizuar Vendimin nr. 02\/07 t\u00eb Qeveris\u00eb p\u00ebr dh\u00ebnien e pag\u00ebs s\u00eb tremb\u00ebdhjet\u00eb dhe efektet e zbatimit t\u00eb tij, duke e vler\u00ebsuar at\u00eb n\u00eb raport me parimet e barazis\u00eb, proporcionalitetit, pritshm\u00ebris\u00eb legjitime, siguris\u00eb juridike dhe mbrojtjes s\u00eb t\u00eb drejtave pasurore.<\/p>\n\n\n\n<p class=\"wp-block-paragraph\">Sipas Avokatit t\u00eb Popullit, p\u00ebrcaktimi i pag\u00ebs s\u00eb 13-t\u00eb n\u00eb Ligjin nr. 10\/L-001 p\u00ebr Ndarjet Buxhetore p\u00ebr Buxhetin e Republik\u00ebs s\u00eb Kosov\u00ebs p\u00ebr vitin 2026, konkretisht n\u00eb nenin 32, paragrafi 1, krijon pritshm\u00ebri legjitime p\u00ebr realizimin e saj si e drejt\u00eb subjektive me karakter pasuror.<\/p>\n\n\n\n<p class=\"wp-block-paragraph\">Avokati i Popullit vler\u00ebson se kjo e drejt\u00eb lidhet drejtp\u00ebrdrejt edhe me nenin 1 t\u00eb Protokollit nr. 1 t\u00eb Konvent\u00ebs Evropiane p\u00ebr t\u00eb Drejtat e Njeriut, q\u00eb garanton mbrojtjen e pron\u00ebs.<\/p>\n\n\n\n<p class=\"wp-block-paragraph\">N\u00eb Opinion thuhet se vendimet dhe kriteret administrative t\u00eb nxjerra p\u00ebr zbatimin e nj\u00eb norme ligjore nuk mund t&#8217;i zvog\u00eblojn\u00eb t\u00eb drejtat e p\u00ebrcaktuara shprehimisht me ligj.<\/p>\n\n\n\n<p class=\"wp-block-paragraph\">\u201cVendimet dhe kriteret administrative, t\u00eb cilat nxirren p\u00ebr ta jet\u00ebsuar nj\u00eb norm\u00eb juridike, nuk mund t\u2019i zvog\u00eblojn\u00eb t\u00eb drejtat t\u00eb cilat jan\u00eb t\u00eb p\u00ebrcaktuara shprehimisht me ligj\u201d, thuhet n\u00eb Opinion.<\/p>\n\n\n\n<p class=\"wp-block-paragraph\">Sipas Avokatit t\u00eb Popullit, vendosja e kritereve shtes\u00eb p\u00ebrmes Vendimit nr. 02\/07 t\u00eb Qeveris\u00eb u cenon punonj\u00ebsve q\u00eb marrin pag\u00eb nga buxheti i shtetit pritshm\u00ebrin\u00eb legjitime dhe sigurin\u00eb juridike, t\u00eb cilat konsiderohen elemente t\u00eb r\u00ebnd\u00ebsishme t\u00eb sundimit t\u00eb ligjit.<\/p>\n\n\n\n<p class=\"wp-block-paragraph\">N\u00eb fund, Avokati i Popullit thot\u00eb se Opinioni mund t&#8217;i sh\u00ebrbej\u00eb si k\u00ebshill\u00eb Qeveris\u00eb dhe Kuvendit t\u00eb Kosov\u00ebs gjat\u00eb miratimit t\u00eb akteve q\u00eb lidhen me pag\u00ebn e 13-t\u00eb, duke u k\u00ebrkuar q\u00eb t\u00eb ken\u00eb parasysh gjith\u00ebp\u00ebrfshirjen dhe trajtimin e barabart\u00eb t\u00eb t\u00eb gjith\u00eb punonj\u00ebsve q\u00eb i kan\u00eb plot\u00ebsuar kushtet ligjore p\u00ebr p\u00ebrfitimin e saj.<\/p>\n","protected":false},"excerpt":{"rendered":"<p>Avokati i Popullit ka publikuar Opinionin lidhur me kriteret e p\u00ebrcaktuara n\u00eb vendimin e Qeveris\u00eb s\u00eb Kosov\u00ebs p\u00ebr dh\u00ebnien e pag\u00ebs s\u00eb 13-t\u00eb p\u00ebr t\u00eb pun\u00ebsuarit q\u00eb marrin pag\u00eb nga Buxheti i Republik\u00ebs s\u00eb Kosov\u00ebs. Institucioni i Avokatit t\u00eb Popullit thekson se rregullimi i pag\u00ebs s\u00eb 13-t\u00eb duhet t\u00eb siguroj\u00eb trajtim t\u00eb barabart\u00eb p\u00ebr t\u00eb [&hellip;]<\/p>\n","protected":false},"author":4,"featured_media":30786,"comment_status":"open","ping_status":"open","sticky":false,"template":"","format":"standard","meta":{"footnotes":""},"categories":[31,30],"tags":[],"class_list":["post-30785","post","type-post","status-publish","format-standard","has-post-thumbnail","category-kosove","category-lajme"],"yoast_head":"<!-- This site is optimized with the Yoast SEO plugin v27.4 - https:\/\/yoast.com\/product\/yoast-seo-wordpress\/ -->\n<title>Avokati i Popullit kund\u00ebrshton kriteret e Qeveris\u00eb p\u00ebr pag\u00ebn e 13-t\u00eb - Kosova Times<\/title>\n<meta name=\"robots\" content=\"index, follow, max-snippet:-1, max-image-preview:large, max-video-preview:-1\" \/>\n<link rel=\"canonical\" href=\"https:\/\/kosovatimes.info\/index.php\/2026\/09\/03\/avokati-i-popullit-kundershton-kriteret-e-qeverise-per-pagen-e-13-te\/\" \/>\n<meta property=\"og:locale\" content=\"en_US\" \/>\n<meta property=\"og:type\" content=\"article\" \/>\n<meta property=\"og:title\" content=\"Avokati i Popullit kund\u00ebrshton kriteret e Qeveris\u00eb p\u00ebr pag\u00ebn e 13-t\u00eb - Kosova Times\" \/>\n<meta property=\"og:description\" content=\"Avokati i Popullit ka publikuar Opinionin lidhur me kriteret e p\u00ebrcaktuara n\u00eb vendimin e Qeveris\u00eb s\u00eb Kosov\u00ebs p\u00ebr dh\u00ebnien e pag\u00ebs s\u00eb 13-t\u00eb p\u00ebr t\u00eb pun\u00ebsuarit q\u00eb marrin pag\u00eb nga Buxheti i Republik\u00ebs s\u00eb Kosov\u00ebs. Institucioni i Avokatit t\u00eb Popullit thekson se rregullimi i pag\u00ebs s\u00eb 13-t\u00eb duhet t\u00eb siguroj\u00eb trajtim t\u00eb barabart\u00eb p\u00ebr t\u00eb [&hellip;]\" \/>\n<meta property=\"og:url\" content=\"https:\/\/kosovatimes.info\/index.php\/2026\/09\/03\/avokati-i-popullit-kundershton-kriteret-e-qeverise-per-pagen-e-13-te\/\" \/>\n<meta property=\"og:site_name\" content=\"Kosova Times\" \/>\n<meta property=\"article:published_time\" content=\"2026-09-03T08:50:00+00:00\" \/>\n<meta property=\"article:modified_time\" content=\"2026-09-03T09:23:58+00:00\" \/>\n<meta property=\"og:image\" content=\"https:\/\/kosovatimes.info\/wp-content\/uploads\/2026\/09\/Avokati.jpg\" \/>\n\t<meta property=\"og:image:width\" content=\"780\" \/>\n\t<meta property=\"og:image:height\" content=\"500\" \/>\n\t<meta property=\"og:image:type\" content=\"image\/jpeg\" \/>\n<meta name=\"author\" content=\"i l\" \/>\n<meta name=\"twitter:card\" content=\"summary_large_image\" \/>\n<meta name=\"twitter:label1\" content=\"Written by\" \/>\n\t<meta name=\"twitter:data1\" content=\"i l\" \/>\n\t<meta name=\"twitter:label2\" content=\"Est. reading time\" \/>\n\t<meta name=\"twitter:data2\" content=\"2 minutes\" \/>\n<script type=\"application\/ld+json\" class=\"yoast-schema-graph\">{\"@context\":\"https:\\\/\\\/schema.org\",\"@graph\":[{\"@type\":\"Article\",\"@id\":\"https:\\\/\\\/kosovatimes.info\\\/index.php\\\/2026\\\/09\\\/03\\\/avokati-i-popullit-kundershton-kriteret-e-qeverise-per-pagen-e-13-te\\\/#article\",\"isPartOf\":{\"@id\":\"https:\\\/\\\/kosovatimes.info\\\/index.php\\\/2026\\\/09\\\/03\\\/avokati-i-popullit-kundershton-kriteret-e-qeverise-per-pagen-e-13-te\\\/\"},\"author\":{\"name\":\"i l\",\"@id\":\"https:\\\/\\\/kosovatimes.info\\\/#\\\/schema\\\/person\\\/7586712b9c512fe68085de007378c915\"},\"headline\":\"Avokati i Popullit kund\u00ebrshton kriteret e Qeveris\u00eb p\u00ebr pag\u00ebn e 13-t\u00eb\",\"datePublished\":\"2026-09-03T08:50:00+00:00\",\"dateModified\":\"2026-09-03T09:23:58+00:00\",\"mainEntityOfPage\":{\"@id\":\"https:\\\/\\\/kosovatimes.info\\\/index.php\\\/2026\\\/09\\\/03\\\/avokati-i-popullit-kundershton-kriteret-e-qeverise-per-pagen-e-13-te\\\/\"},\"wordCount\":418,\"commentCount\":0,\"image\":{\"@id\":\"https:\\\/\\\/kosovatimes.info\\\/index.php\\\/2026\\\/09\\\/03\\\/avokati-i-popullit-kundershton-kriteret-e-qeverise-per-pagen-e-13-te\\\/#primaryimage\"},\"thumbnailUrl\":\"https:\\\/\\\/kosovatimes.info\\\/wp-content\\\/uploads\\\/2026\\\/09\\\/Avokati.jpg\",\"articleSection\":[\"Kosov\u00eb\",\"Lajme\"],\"inLanguage\":\"en-US\",\"potentialAction\":[{\"@type\":\"CommentAction\",\"name\":\"Comment\",\"target\":[\"https:\\\/\\\/kosovatimes.info\\\/index.php\\\/2026\\\/09\\\/03\\\/avokati-i-popullit-kundershton-kriteret-e-qeverise-per-pagen-e-13-te\\\/#respond\"]}]},{\"@type\":\"WebPage\",\"@id\":\"https:\\\/\\\/kosovatimes.info\\\/index.php\\\/2026\\\/09\\\/03\\\/avokati-i-popullit-kundershton-kriteret-e-qeverise-per-pagen-e-13-te\\\/\",\"url\":\"https:\\\/\\\/kosovatimes.info\\\/index.php\\\/2026\\\/09\\\/03\\\/avokati-i-popullit-kundershton-kriteret-e-qeverise-per-pagen-e-13-te\\\/\",\"name\":\"Avokati i Popullit kund\u00ebrshton kriteret e Qeveris\u00eb p\u00ebr pag\u00ebn e 13-t\u00eb - Kosova Times\",\"isPartOf\":{\"@id\":\"https:\\\/\\\/kosovatimes.info\\\/#website\"},\"primaryImageOfPage\":{\"@id\":\"https:\\\/\\\/kosovatimes.info\\\/index.php\\\/2026\\\/09\\\/03\\\/avokati-i-popullit-kundershton-kriteret-e-qeverise-per-pagen-e-13-te\\\/#primaryimage\"},\"image\":{\"@id\":\"https:\\\/\\\/kosovatimes.info\\\/index.php\\\/2026\\\/09\\\/03\\\/avokati-i-popullit-kundershton-kriteret-e-qeverise-per-pagen-e-13-te\\\/#primaryimage\"},\"thumbnailUrl\":\"https:\\\/\\\/kosovatimes.info\\\/wp-content\\\/uploads\\\/2026\\\/09\\\/Avokati.jpg\",\"datePublished\":\"2026-09-03T08:50:00+00:00\",\"dateModified\":\"2026-09-03T09:23:58+00:00\",\"author\":{\"@id\":\"https:\\\/\\\/kosovatimes.info\\\/#\\\/schema\\\/person\\\/7586712b9c512fe68085de007378c915\"},\"breadcrumb\":{\"@id\":\"https:\\\/\\\/kosovatimes.info\\\/index.php\\\/2026\\\/09\\\/03\\\/avokati-i-popullit-kundershton-kriteret-e-qeverise-per-pagen-e-13-te\\\/#breadcrumb\"},\"inLanguage\":\"en-US\",\"potentialAction\":[{\"@type\":\"ReadAction\",\"target\":[\"https:\\\/\\\/kosovatimes.info\\\/index.php\\\/2026\\\/09\\\/03\\\/avokati-i-popullit-kundershton-kriteret-e-qeverise-per-pagen-e-13-te\\\/\"]}]},{\"@type\":\"ImageObject\",\"inLanguage\":\"en-US\",\"@id\":\"https:\\\/\\\/kosovatimes.info\\\/index.php\\\/2026\\\/09\\\/03\\\/avokati-i-popullit-kundershton-kriteret-e-qeverise-per-pagen-e-13-te\\\/#primaryimage\",\"url\":\"https:\\\/\\\/kosovatimes.info\\\/wp-content\\\/uploads\\\/2026\\\/09\\\/Avokati.jpg\",\"contentUrl\":\"https:\\\/\\\/kosovatimes.info\\\/wp-content\\\/uploads\\\/2026\\\/09\\\/Avokati.jpg\",\"width\":780,\"height\":500},{\"@type\":\"BreadcrumbList\",\"@id\":\"https:\\\/\\\/kosovatimes.info\\\/index.php\\\/2026\\\/09\\\/03\\\/avokati-i-popullit-kundershton-kriteret-e-qeverise-per-pagen-e-13-te\\\/#breadcrumb\",\"itemListElement\":[{\"@type\":\"ListItem\",\"position\":1,\"name\":\"Home\",\"item\":\"https:\\\/\\\/kosovatimes.info\\\/\"},{\"@type\":\"ListItem\",\"position\":2,\"name\":\"Avokati i Popullit kund\u00ebrshton kriteret e Qeveris\u00eb p\u00ebr pag\u00ebn e 13-t\u00eb\"}]},{\"@type\":\"WebSite\",\"@id\":\"https:\\\/\\\/kosovatimes.info\\\/#website\",\"url\":\"https:\\\/\\\/kosovatimes.info\\\/\",\"name\":\"Kosova Times\",\"description\":\"\",\"potentialAction\":[{\"@type\":\"SearchAction\",\"target\":{\"@type\":\"EntryPoint\",\"urlTemplate\":\"https:\\\/\\\/kosovatimes.info\\\/?s={search_term_string}\"},\"query-input\":{\"@type\":\"PropertyValueSpecification\",\"valueRequired\":true,\"valueName\":\"search_term_string\"}}],\"inLanguage\":\"en-US\"},{\"@type\":\"Person\",\"@id\":\"https:\\\/\\\/kosovatimes.info\\\/#\\\/schema\\\/person\\\/7586712b9c512fe68085de007378c915\",\"name\":\"i l\",\"image\":{\"@type\":\"ImageObject\",\"inLanguage\":\"en-US\",\"@id\":\"https:\\\/\\\/secure.gravatar.com\\\/avatar\\\/bad9296e02816160ae2e2435beda58222022298d5625d49fea74d18816fbb31d?s=96&d=mm&r=g\",\"url\":\"https:\\\/\\\/secure.gravatar.com\\\/avatar\\\/bad9296e02816160ae2e2435beda58222022298d5625d49fea74d18816fbb31d?s=96&d=mm&r=g\",\"contentUrl\":\"https:\\\/\\\/secure.gravatar.com\\\/avatar\\\/bad9296e02816160ae2e2435beda58222022298d5625d49fea74d18816fbb31d?s=96&d=mm&r=g\",\"caption\":\"i l\"},\"url\":\"https:\\\/\\\/kosovatimes.info\\\/index.php\\\/author\\\/iliri\\\/\"}]}<\/script>\n<!-- \/ Yoast SEO plugin. -->","yoast_head_json":{"title":"Avokati i Popullit kund\u00ebrshton kriteret e Qeveris\u00eb p\u00ebr pag\u00ebn e 13-t\u00eb - Kosova Times","robots":{"index":"index","follow":"follow","max-snippet":"max-snippet:-1","max-image-preview":"max-image-preview:large","max-video-preview":"max-video-preview:-1"},"canonical":"https:\/\/kosovatimes.info\/index.php\/2026\/09\/03\/avokati-i-popullit-kundershton-kriteret-e-qeverise-per-pagen-e-13-te\/","og_locale":"en_US","og_type":"article","og_title":"Avokati i Popullit kund\u00ebrshton kriteret e Qeveris\u00eb p\u00ebr pag\u00ebn e 13-t\u00eb - Kosova Times","og_description":"Avokati i Popullit ka publikuar Opinionin lidhur me kriteret e p\u00ebrcaktuara n\u00eb vendimin e Qeveris\u00eb s\u00eb Kosov\u00ebs p\u00ebr dh\u00ebnien e pag\u00ebs s\u00eb 13-t\u00eb p\u00ebr t\u00eb pun\u00ebsuarit q\u00eb marrin pag\u00eb nga Buxheti i Republik\u00ebs s\u00eb Kosov\u00ebs. Institucioni i Avokatit t\u00eb Popullit thekson se rregullimi i pag\u00ebs s\u00eb 13-t\u00eb duhet t\u00eb siguroj\u00eb trajtim t\u00eb barabart\u00eb p\u00ebr t\u00eb [&hellip;]","og_url":"https:\/\/kosovatimes.info\/index.php\/2026\/09\/03\/avokati-i-popullit-kundershton-kriteret-e-qeverise-per-pagen-e-13-te\/","og_site_name":"Kosova Times","article_published_time":"2026-09-03T08:50:00+00:00","article_modified_time":"2026-09-03T09:23:58+00:00","og_image":[{"width":780,"height":500,"url":"https:\/\/kosovatimes.info\/wp-content\/uploads\/2026\/09\/Avokati.jpg","type":"image\/jpeg"}],"author":"i l","twitter_card":"summary_large_image","twitter_misc":{"Written by":"i l","Est. reading time":"2 minutes"},"schema":{"@context":"https:\/\/schema.org","@graph":[{"@type":"Article","@id":"https:\/\/kosovatimes.info\/index.php\/2026\/09\/03\/avokati-i-popullit-kundershton-kriteret-e-qeverise-per-pagen-e-13-te\/#article","isPartOf":{"@id":"https:\/\/kosovatimes.info\/index.php\/2026\/09\/03\/avokati-i-popullit-kundershton-kriteret-e-qeverise-per-pagen-e-13-te\/"},"author":{"name":"i l","@id":"https:\/\/kosovatimes.info\/#\/schema\/person\/7586712b9c512fe68085de007378c915"},"headline":"Avokati i Popullit kund\u00ebrshton kriteret e Qeveris\u00eb p\u00ebr pag\u00ebn e 13-t\u00eb","datePublished":"2026-09-03T08:50:00+00:00","dateModified":"2026-09-03T09:23:58+00:00","mainEntityOfPage":{"@id":"https:\/\/kosovatimes.info\/index.php\/2026\/09\/03\/avokati-i-popullit-kundershton-kriteret-e-qeverise-per-pagen-e-13-te\/"},"wordCount":418,"commentCount":0,"image":{"@id":"https:\/\/kosovatimes.info\/index.php\/2026\/09\/03\/avokati-i-popullit-kundershton-kriteret-e-qeverise-per-pagen-e-13-te\/#primaryimage"},"thumbnailUrl":"https:\/\/kosovatimes.info\/wp-content\/uploads\/2026\/09\/Avokati.jpg","articleSection":["Kosov\u00eb","Lajme"],"inLanguage":"en-US","potentialAction":[{"@type":"CommentAction","name":"Comment","target":["https:\/\/kosovatimes.info\/index.php\/2026\/09\/03\/avokati-i-popullit-kundershton-kriteret-e-qeverise-per-pagen-e-13-te\/#respond"]}]},{"@type":"WebPage","@id":"https:\/\/kosovatimes.info\/index.php\/2026\/09\/03\/avokati-i-popullit-kundershton-kriteret-e-qeverise-per-pagen-e-13-te\/","url":"https:\/\/kosovatimes.info\/index.php\/2026\/09\/03\/avokati-i-popullit-kundershton-kriteret-e-qeverise-per-pagen-e-13-te\/","name":"Avokati i Popullit kund\u00ebrshton kriteret e Qeveris\u00eb p\u00ebr pag\u00ebn e 13-t\u00eb - Kosova Times","isPartOf":{"@id":"https:\/\/kosovatimes.info\/#website"},"primaryImageOfPage":{"@id":"https:\/\/kosovatimes.info\/index.php\/2026\/09\/03\/avokati-i-popullit-kundershton-kriteret-e-qeverise-per-pagen-e-13-te\/#primaryimage"},"image":{"@id":"https:\/\/kosovatimes.info\/index.php\/2026\/09\/03\/avokati-i-popullit-kundershton-kriteret-e-qeverise-per-pagen-e-13-te\/#primaryimage"},"thumbnailUrl":"https:\/\/kosovatimes.info\/wp-content\/uploads\/2026\/09\/Avokati.jpg","datePublished":"2026-09-03T08:50:00+00:00","dateModified":"2026-09-03T09:23:58+00:00","author":{"@id":"https:\/\/kosovatimes.info\/#\/schema\/person\/7586712b9c512fe68085de007378c915"},"breadcrumb":{"@id":"https:\/\/kosovatimes.info\/index.php\/2026\/09\/03\/avokati-i-popullit-kundershton-kriteret-e-qeverise-per-pagen-e-13-te\/#breadcrumb"},"inLanguage":"en-US","potentialAction":[{"@type":"ReadAction","target":["https:\/\/kosovatimes.info\/index.php\/2026\/09\/03\/avokati-i-popullit-kundershton-kriteret-e-qeverise-per-pagen-e-13-te\/"]}]},{"@type":"ImageObject","inLanguage":"en-US","@id":"https:\/\/kosovatimes.info\/index.php\/2026\/09\/03\/avokati-i-popullit-kundershton-kriteret-e-qeverise-per-pagen-e-13-te\/#primaryimage","url":"https:\/\/kosovatimes.info\/wp-content\/uploads\/2026\/09\/Avokati.jpg","contentUrl":"https:\/\/kosovatimes.info\/wp-content\/uploads\/2026\/09\/Avokati.jpg","width":780,"height":500},{"@type":"BreadcrumbList","@id":"https:\/\/kosovatimes.info\/index.php\/2026\/09\/03\/avokati-i-popullit-kundershton-kriteret-e-qeverise-per-pagen-e-13-te\/#breadcrumb","itemListElement":[{"@type":"ListItem","position":1,"name":"Home","item":"https:\/\/kosovatimes.info\/"},{"@type":"ListItem","position":2,"name":"Avokati i Popullit kund\u00ebrshton kriteret e Qeveris\u00eb p\u00ebr pag\u00ebn e 13-t\u00eb"}]},{"@type":"WebSite","@id":"https:\/\/kosovatimes.info\/#website","url":"https:\/\/kosovatimes.info\/","name":"Kosova Times","description":"","potentialAction":[{"@type":"SearchAction","target":{"@type":"EntryPoint","urlTemplate":"https:\/\/kosovatimes.info\/?s={search_term_string}"},"query-input":{"@type":"PropertyValueSpecification","valueRequired":true,"valueName":"search_term_string"}}],"inLanguage":"en-US"},{"@type":"Person","@id":"https:\/\/kosovatimes.info\/#\/schema\/person\/7586712b9c512fe68085de007378c915","name":"i l","image":{"@type":"ImageObject","inLanguage":"en-US","@id":"https:\/\/secure.gravatar.com\/avatar\/bad9296e02816160ae2e2435beda58222022298d5625d49fea74d18816fbb31d?s=96&d=mm&r=g","url":"https:\/\/secure.gravatar.com\/avatar\/bad9296e02816160ae2e2435beda58222022298d5625d49fea74d18816fbb31d?s=96&d=mm&r=g","contentUrl":"https:\/\/secure.gravatar.com\/avatar\/bad9296e02816160ae2e2435beda58222022298d5625d49fea74d18816fbb31d?s=96&d=mm&r=g","caption":"i l"},"url":"https:\/\/kosovatimes.info\/index.php\/author\/iliri\/"}]}},"_links":{"self":[{"href":"https:\/\/kosovatimes.info\/index.php\/wp-json\/wp\/v2\/posts\/30785","targetHints":{"allow":["GET"]}}],"collection":[{"href":"https:\/\/kosovatimes.info\/index.php\/wp-json\/wp\/v2\/posts"}],"about":[{"href":"https:\/\/kosovatimes.info\/index.php\/wp-json\/wp\/v2\/types\/post"}],"author":[{"embeddable":true,"href":"https:\/\/kosovatimes.info\/index.php\/wp-json\/wp\/v2\/users\/4"}],"replies":[{"embeddable":true,"href":"https:\/\/kosovatimes.info\/index.php\/wp-json\/wp\/v2\/comments?post=30785"}],"version-history":[{"count":1,"href":"https:\/\/kosovatimes.info\/index.php\/wp-json\/wp\/v2\/posts\/30785\/revisions"}],"predecessor-version":[{"id":30787,"href":"https:\/\/kosovatimes.info\/index.php\/wp-json\/wp\/v2\/posts\/30785\/revisions\/30787"}],"wp:featuredmedia":[{"embeddable":true,"href":"https:\/\/kosovatimes.info\/index.php\/wp-json\/wp\/v2\/media\/30786"}],"wp:attachment":[{"href":"https:\/\/kosovatimes.info\/index.php\/wp-json\/wp\/v2\/media?parent=30785"}],"wp:term":[{"taxonomy":"category","embeddable":true,"href":"https:\/\/kosovatimes.info\/index.php\/wp-json\/wp\/v2\/categories?post=30785"},{"taxonomy":"post_tag","embeddable":true,"href":"https:\/\/kosovatimes.info\/index.php\/wp-json\/wp\/v2\/tags?post=30785"}],"curies":[{"name":"wp","href":"https:\/\/api.w.org\/{rel}","templated":true}]}}