{"id":30805,"date":"2026-09-03T11:58:00","date_gmt":"2026-09-03T09:58:00","guid":{"rendered":"https:\/\/kosovatimes.info\/?p=30805"},"modified":"2026-09-03T14:44:35","modified_gmt":"2026-09-03T12:44:35","slug":"aktakuze-ndaj-te-dyshuarit-qe-shkaktoi-aksident-me-fatalitet-2","status":"publish","type":"post","link":"https:\/\/kosovatimes.info\/index.php\/2026\/09\/03\/aktakuze-ndaj-te-dyshuarit-qe-shkaktoi-aksident-me-fatalitet-2\/","title":{"rendered":"Aktakuz\u00eb ndaj t\u00eb dyshuarit q\u00eb shkaktoi aksident me fatalitet"},"content":{"rendered":"\n<p class=\"wp-block-paragraph\"><strong>Prokuroria Themelore n\u00eb Mitrovic\u00eb ka ngritur aktakuz\u00eb ndaj N.S., i dyshuar se m\u00eb 23 korrik 2026, duke drejtuar automjetin pa patent\u00eb shoferi dhe n\u00ebn ndikimin e alkoolit, shkaktoi nj\u00eb aksident trafiku me pasoja fatale.<\/strong><\/p>\n\n\n\n<p class=\"wp-block-paragraph\">Prokuroria Themelore n\u00eb Mitrovic\u00eb \u2013 Departamenti i Krimeve t\u00eb R\u00ebnda, ka ngritur aktakuz\u00eb n\u00eb Gjykat\u00ebn Themelore n\u00eb Mitrovic\u00eb ndaj t\u00eb pandehurit N.S., p\u00ebr shkak t\u00eb vepr\u00ebs penale&nbsp;\u201cNgasja n\u00eb gjendje t\u00eb paaft\u00eb apo t\u00eb dehur\u201d.<\/p>\n\n\n\n<p class=\"wp-block-paragraph\">Sipas njoftimit t\u00eb Prokuroris\u00eb, aksidenti ka ndodhur m\u00eb 23 korrik 2026, n\u00eb rrug\u00ebn nacionale Mitrovic\u00eb\u2013Prishtin\u00eb.<\/p>\n\n\n\n<p class=\"wp-block-paragraph\">I pandehuri, sipas aktakuz\u00ebs, ishte duke drejtuar automjetin&nbsp;pa patent\u00eb shofer&nbsp;dhe n\u00ebn ndikimin e alkoolit, nd\u00ebrsa dyshohet se kishte kaluar n\u00eb krahun dhe shiritin e kund\u00ebrt t\u00eb rrug\u00ebs, ku \u00ebsht\u00eb p\u00ebrplasur me nj\u00eb automjet q\u00eb po l\u00ebvizte n\u00eb drejtimin e rregullt.<\/p>\n\n\n\n<p class=\"wp-block-paragraph\">&#8220;Si pasoj\u00eb e aksidentit, ka nd\u00ebrruar jet\u00eb pasagjerja M.V., nd\u00ebrsa tre pasagjer\u00eb t\u00eb tjer\u00eb kan\u00eb p\u00ebsuar l\u00ebndime trupore.Po ashtu, jan\u00eb shkaktuar d\u00ebme materiale n\u00eb automjete dhe n\u00eb mbrojt\u00ebset e rrug\u00ebs&#8221;,&nbsp;thuhet n\u00eb njoftim.<\/p>\n\n\n\n<p class=\"wp-block-paragraph\">Prokuroria Themelore n\u00eb Mitrovic\u00eb ka k\u00ebrkuar nga Gjykata q\u00eb t\u00eb pandehurin ta shpall\u00eb fajtor p\u00ebr vepr\u00ebn penale p\u00ebr t\u00eb cil\u00ebn akuzohet dhe t\u2019i shqiptoj\u00eb&nbsp;d\u00ebnim meritor, n\u00eb p\u00ebrputhje me ligjin.<\/p>\n","protected":false},"excerpt":{"rendered":"<p>Prokuroria Themelore n\u00eb Mitrovic\u00eb ka ngritur aktakuz\u00eb ndaj N.S., i dyshuar se m\u00eb 23 korrik 2026, duke drejtuar automjetin pa patent\u00eb shoferi dhe n\u00ebn ndikimin e alkoolit, shkaktoi nj\u00eb aksident trafiku me pasoja fatale. Prokuroria Themelore n\u00eb Mitrovic\u00eb \u2013 Departamenti i Krimeve t\u00eb R\u00ebnda, ka ngritur aktakuz\u00eb n\u00eb Gjykat\u00ebn Themelore n\u00eb Mitrovic\u00eb ndaj t\u00eb pandehurit [&hellip;]<\/p>\n","protected":false},"author":4,"featured_media":27562,"comment_status":"open","ping_status":"open","sticky":false,"template":"","format":"standard","meta":{"footnotes":""},"categories":[31,30],"tags":[],"class_list":["post-30805","post","type-post","status-publish","format-standard","has-post-thumbnail","category-kosove","category-lajme"],"yoast_head":"<!-- This site is optimized with the Yoast SEO plugin v27.4 - https:\/\/yoast.com\/product\/yoast-seo-wordpress\/ -->\n<title>Aktakuz\u00eb ndaj t\u00eb dyshuarit q\u00eb shkaktoi aksident me fatalitet - Kosova Times<\/title>\n<meta name=\"robots\" content=\"index, follow, max-snippet:-1, max-image-preview:large, max-video-preview:-1\" \/>\n<link rel=\"canonical\" href=\"https:\/\/kosovatimes.info\/index.php\/2026\/09\/03\/aktakuze-ndaj-te-dyshuarit-qe-shkaktoi-aksident-me-fatalitet-2\/\" \/>\n<meta property=\"og:locale\" content=\"en_US\" \/>\n<meta property=\"og:type\" content=\"article\" \/>\n<meta property=\"og:title\" content=\"Aktakuz\u00eb ndaj t\u00eb dyshuarit q\u00eb shkaktoi aksident me fatalitet - Kosova Times\" \/>\n<meta property=\"og:description\" content=\"Prokuroria Themelore n\u00eb Mitrovic\u00eb ka ngritur aktakuz\u00eb ndaj N.S., i dyshuar se m\u00eb 23 korrik 2026, duke drejtuar automjetin pa patent\u00eb shoferi dhe n\u00ebn ndikimin e alkoolit, shkaktoi nj\u00eb aksident trafiku me pasoja fatale. Prokuroria Themelore n\u00eb Mitrovic\u00eb \u2013 Departamenti i Krimeve t\u00eb R\u00ebnda, ka ngritur aktakuz\u00eb n\u00eb Gjykat\u00ebn Themelore n\u00eb Mitrovic\u00eb ndaj t\u00eb pandehurit [&hellip;]\" \/>\n<meta property=\"og:url\" content=\"https:\/\/kosovatimes.info\/index.php\/2026\/09\/03\/aktakuze-ndaj-te-dyshuarit-qe-shkaktoi-aksident-me-fatalitet-2\/\" \/>\n<meta property=\"og:site_name\" content=\"Kosova Times\" \/>\n<meta property=\"article:published_time\" content=\"2026-09-03T09:58:00+00:00\" \/>\n<meta property=\"article:modified_time\" content=\"2026-09-03T12:44:35+00:00\" \/>\n<meta property=\"og:image\" content=\"https:\/\/kosovatimes.info\/wp-content\/uploads\/2026\/08\/Mitrovice-1.jpg\" \/>\n\t<meta property=\"og:image:width\" content=\"780\" \/>\n\t<meta property=\"og:image:height\" content=\"500\" \/>\n\t<meta property=\"og:image:type\" content=\"image\/jpeg\" \/>\n<meta name=\"author\" content=\"i l\" \/>\n<meta name=\"twitter:card\" content=\"summary_large_image\" \/>\n<meta name=\"twitter:label1\" content=\"Written by\" \/>\n\t<meta name=\"twitter:data1\" content=\"i l\" \/>\n\t<meta name=\"twitter:label2\" content=\"Est. reading time\" \/>\n\t<meta name=\"twitter:data2\" content=\"1 minute\" \/>\n<script type=\"application\/ld+json\" class=\"yoast-schema-graph\">{\"@context\":\"https:\\\/\\\/schema.org\",\"@graph\":[{\"@type\":\"Article\",\"@id\":\"https:\\\/\\\/kosovatimes.info\\\/index.php\\\/2026\\\/09\\\/03\\\/aktakuze-ndaj-te-dyshuarit-qe-shkaktoi-aksident-me-fatalitet-2\\\/#article\",\"isPartOf\":{\"@id\":\"https:\\\/\\\/kosovatimes.info\\\/index.php\\\/2026\\\/09\\\/03\\\/aktakuze-ndaj-te-dyshuarit-qe-shkaktoi-aksident-me-fatalitet-2\\\/\"},\"author\":{\"name\":\"i l\",\"@id\":\"https:\\\/\\\/kosovatimes.info\\\/#\\\/schema\\\/person\\\/7586712b9c512fe68085de007378c915\"},\"headline\":\"Aktakuz\u00eb ndaj t\u00eb dyshuarit q\u00eb shkaktoi aksident me fatalitet\",\"datePublished\":\"2026-09-03T09:58:00+00:00\",\"dateModified\":\"2026-09-03T12:44:35+00:00\",\"mainEntityOfPage\":{\"@id\":\"https:\\\/\\\/kosovatimes.info\\\/index.php\\\/2026\\\/09\\\/03\\\/aktakuze-ndaj-te-dyshuarit-qe-shkaktoi-aksident-me-fatalitet-2\\\/\"},\"wordCount\":231,\"commentCount\":0,\"image\":{\"@id\":\"https:\\\/\\\/kosovatimes.info\\\/index.php\\\/2026\\\/09\\\/03\\\/aktakuze-ndaj-te-dyshuarit-qe-shkaktoi-aksident-me-fatalitet-2\\\/#primaryimage\"},\"thumbnailUrl\":\"https:\\\/\\\/kosovatimes.info\\\/wp-content\\\/uploads\\\/2026\\\/08\\\/Mitrovice-1.jpg\",\"articleSection\":[\"Kosov\u00eb\",\"Lajme\"],\"inLanguage\":\"en-US\",\"potentialAction\":[{\"@type\":\"CommentAction\",\"name\":\"Comment\",\"target\":[\"https:\\\/\\\/kosovatimes.info\\\/index.php\\\/2026\\\/09\\\/03\\\/aktakuze-ndaj-te-dyshuarit-qe-shkaktoi-aksident-me-fatalitet-2\\\/#respond\"]}]},{\"@type\":\"WebPage\",\"@id\":\"https:\\\/\\\/kosovatimes.info\\\/index.php\\\/2026\\\/09\\\/03\\\/aktakuze-ndaj-te-dyshuarit-qe-shkaktoi-aksident-me-fatalitet-2\\\/\",\"url\":\"https:\\\/\\\/kosovatimes.info\\\/index.php\\\/2026\\\/09\\\/03\\\/aktakuze-ndaj-te-dyshuarit-qe-shkaktoi-aksident-me-fatalitet-2\\\/\",\"name\":\"Aktakuz\u00eb ndaj t\u00eb dyshuarit q\u00eb shkaktoi aksident me fatalitet - Kosova Times\",\"isPartOf\":{\"@id\":\"https:\\\/\\\/kosovatimes.info\\\/#website\"},\"primaryImageOfPage\":{\"@id\":\"https:\\\/\\\/kosovatimes.info\\\/index.php\\\/2026\\\/09\\\/03\\\/aktakuze-ndaj-te-dyshuarit-qe-shkaktoi-aksident-me-fatalitet-2\\\/#primaryimage\"},\"image\":{\"@id\":\"https:\\\/\\\/kosovatimes.info\\\/index.php\\\/2026\\\/09\\\/03\\\/aktakuze-ndaj-te-dyshuarit-qe-shkaktoi-aksident-me-fatalitet-2\\\/#primaryimage\"},\"thumbnailUrl\":\"https:\\\/\\\/kosovatimes.info\\\/wp-content\\\/uploads\\\/2026\\\/08\\\/Mitrovice-1.jpg\",\"datePublished\":\"2026-09-03T09:58:00+00:00\",\"dateModified\":\"2026-09-03T12:44:35+00:00\",\"author\":{\"@id\":\"https:\\\/\\\/kosovatimes.info\\\/#\\\/schema\\\/person\\\/7586712b9c512fe68085de007378c915\"},\"breadcrumb\":{\"@id\":\"https:\\\/\\\/kosovatimes.info\\\/index.php\\\/2026\\\/09\\\/03\\\/aktakuze-ndaj-te-dyshuarit-qe-shkaktoi-aksident-me-fatalitet-2\\\/#breadcrumb\"},\"inLanguage\":\"en-US\",\"potentialAction\":[{\"@type\":\"ReadAction\",\"target\":[\"https:\\\/\\\/kosovatimes.info\\\/index.php\\\/2026\\\/09\\\/03\\\/aktakuze-ndaj-te-dyshuarit-qe-shkaktoi-aksident-me-fatalitet-2\\\/\"]}]},{\"@type\":\"ImageObject\",\"inLanguage\":\"en-US\",\"@id\":\"https:\\\/\\\/kosovatimes.info\\\/index.php\\\/2026\\\/09\\\/03\\\/aktakuze-ndaj-te-dyshuarit-qe-shkaktoi-aksident-me-fatalitet-2\\\/#primaryimage\",\"url\":\"https:\\\/\\\/kosovatimes.info\\\/wp-content\\\/uploads\\\/2026\\\/08\\\/Mitrovice-1.jpg\",\"contentUrl\":\"https:\\\/\\\/kosovatimes.info\\\/wp-content\\\/uploads\\\/2026\\\/08\\\/Mitrovice-1.jpg\",\"width\":780,\"height\":500},{\"@type\":\"BreadcrumbList\",\"@id\":\"https:\\\/\\\/kosovatimes.info\\\/index.php\\\/2026\\\/09\\\/03\\\/aktakuze-ndaj-te-dyshuarit-qe-shkaktoi-aksident-me-fatalitet-2\\\/#breadcrumb\",\"itemListElement\":[{\"@type\":\"ListItem\",\"position\":1,\"name\":\"Home\",\"item\":\"https:\\\/\\\/kosovatimes.info\\\/\"},{\"@type\":\"ListItem\",\"position\":2,\"name\":\"Aktakuz\u00eb ndaj t\u00eb dyshuarit q\u00eb shkaktoi aksident me fatalitet\"}]},{\"@type\":\"WebSite\",\"@id\":\"https:\\\/\\\/kosovatimes.info\\\/#website\",\"url\":\"https:\\\/\\\/kosovatimes.info\\\/\",\"name\":\"Kosova Times\",\"description\":\"\",\"potentialAction\":[{\"@type\":\"SearchAction\",\"target\":{\"@type\":\"EntryPoint\",\"urlTemplate\":\"https:\\\/\\\/kosovatimes.info\\\/?s={search_term_string}\"},\"query-input\":{\"@type\":\"PropertyValueSpecification\",\"valueRequired\":true,\"valueName\":\"search_term_string\"}}],\"inLanguage\":\"en-US\"},{\"@type\":\"Person\",\"@id\":\"https:\\\/\\\/kosovatimes.info\\\/#\\\/schema\\\/person\\\/7586712b9c512fe68085de007378c915\",\"name\":\"i l\",\"image\":{\"@type\":\"ImageObject\",\"inLanguage\":\"en-US\",\"@id\":\"https:\\\/\\\/secure.gravatar.com\\\/avatar\\\/bad9296e02816160ae2e2435beda58222022298d5625d49fea74d18816fbb31d?s=96&d=mm&r=g\",\"url\":\"https:\\\/\\\/secure.gravatar.com\\\/avatar\\\/bad9296e02816160ae2e2435beda58222022298d5625d49fea74d18816fbb31d?s=96&d=mm&r=g\",\"contentUrl\":\"https:\\\/\\\/secure.gravatar.com\\\/avatar\\\/bad9296e02816160ae2e2435beda58222022298d5625d49fea74d18816fbb31d?s=96&d=mm&r=g\",\"caption\":\"i l\"},\"url\":\"https:\\\/\\\/kosovatimes.info\\\/index.php\\\/author\\\/iliri\\\/\"}]}<\/script>\n<!-- \/ Yoast SEO plugin. -->","yoast_head_json":{"title":"Aktakuz\u00eb ndaj t\u00eb dyshuarit q\u00eb shkaktoi aksident me fatalitet - Kosova Times","robots":{"index":"index","follow":"follow","max-snippet":"max-snippet:-1","max-image-preview":"max-image-preview:large","max-video-preview":"max-video-preview:-1"},"canonical":"https:\/\/kosovatimes.info\/index.php\/2026\/09\/03\/aktakuze-ndaj-te-dyshuarit-qe-shkaktoi-aksident-me-fatalitet-2\/","og_locale":"en_US","og_type":"article","og_title":"Aktakuz\u00eb ndaj t\u00eb dyshuarit q\u00eb shkaktoi aksident me fatalitet - Kosova Times","og_description":"Prokuroria Themelore n\u00eb Mitrovic\u00eb ka ngritur aktakuz\u00eb ndaj N.S., i dyshuar se m\u00eb 23 korrik 2026, duke drejtuar automjetin pa patent\u00eb shoferi dhe n\u00ebn ndikimin e alkoolit, shkaktoi nj\u00eb aksident trafiku me pasoja fatale. Prokuroria Themelore n\u00eb Mitrovic\u00eb \u2013 Departamenti i Krimeve t\u00eb R\u00ebnda, ka ngritur aktakuz\u00eb n\u00eb Gjykat\u00ebn Themelore n\u00eb Mitrovic\u00eb ndaj t\u00eb pandehurit [&hellip;]","og_url":"https:\/\/kosovatimes.info\/index.php\/2026\/09\/03\/aktakuze-ndaj-te-dyshuarit-qe-shkaktoi-aksident-me-fatalitet-2\/","og_site_name":"Kosova Times","article_published_time":"2026-09-03T09:58:00+00:00","article_modified_time":"2026-09-03T12:44:35+00:00","og_image":[{"width":780,"height":500,"url":"https:\/\/kosovatimes.info\/wp-content\/uploads\/2026\/08\/Mitrovice-1.jpg","type":"image\/jpeg"}],"author":"i l","twitter_card":"summary_large_image","twitter_misc":{"Written by":"i l","Est. reading time":"1 minute"},"schema":{"@context":"https:\/\/schema.org","@graph":[{"@type":"Article","@id":"https:\/\/kosovatimes.info\/index.php\/2026\/09\/03\/aktakuze-ndaj-te-dyshuarit-qe-shkaktoi-aksident-me-fatalitet-2\/#article","isPartOf":{"@id":"https:\/\/kosovatimes.info\/index.php\/2026\/09\/03\/aktakuze-ndaj-te-dyshuarit-qe-shkaktoi-aksident-me-fatalitet-2\/"},"author":{"name":"i l","@id":"https:\/\/kosovatimes.info\/#\/schema\/person\/7586712b9c512fe68085de007378c915"},"headline":"Aktakuz\u00eb ndaj t\u00eb dyshuarit q\u00eb shkaktoi aksident me fatalitet","datePublished":"2026-09-03T09:58:00+00:00","dateModified":"2026-09-03T12:44:35+00:00","mainEntityOfPage":{"@id":"https:\/\/kosovatimes.info\/index.php\/2026\/09\/03\/aktakuze-ndaj-te-dyshuarit-qe-shkaktoi-aksident-me-fatalitet-2\/"},"wordCount":231,"commentCount":0,"image":{"@id":"https:\/\/kosovatimes.info\/index.php\/2026\/09\/03\/aktakuze-ndaj-te-dyshuarit-qe-shkaktoi-aksident-me-fatalitet-2\/#primaryimage"},"thumbnailUrl":"https:\/\/kosovatimes.info\/wp-content\/uploads\/2026\/08\/Mitrovice-1.jpg","articleSection":["Kosov\u00eb","Lajme"],"inLanguage":"en-US","potentialAction":[{"@type":"CommentAction","name":"Comment","target":["https:\/\/kosovatimes.info\/index.php\/2026\/09\/03\/aktakuze-ndaj-te-dyshuarit-qe-shkaktoi-aksident-me-fatalitet-2\/#respond"]}]},{"@type":"WebPage","@id":"https:\/\/kosovatimes.info\/index.php\/2026\/09\/03\/aktakuze-ndaj-te-dyshuarit-qe-shkaktoi-aksident-me-fatalitet-2\/","url":"https:\/\/kosovatimes.info\/index.php\/2026\/09\/03\/aktakuze-ndaj-te-dyshuarit-qe-shkaktoi-aksident-me-fatalitet-2\/","name":"Aktakuz\u00eb ndaj t\u00eb dyshuarit q\u00eb shkaktoi aksident me fatalitet - Kosova Times","isPartOf":{"@id":"https:\/\/kosovatimes.info\/#website"},"primaryImageOfPage":{"@id":"https:\/\/kosovatimes.info\/index.php\/2026\/09\/03\/aktakuze-ndaj-te-dyshuarit-qe-shkaktoi-aksident-me-fatalitet-2\/#primaryimage"},"image":{"@id":"https:\/\/kosovatimes.info\/index.php\/2026\/09\/03\/aktakuze-ndaj-te-dyshuarit-qe-shkaktoi-aksident-me-fatalitet-2\/#primaryimage"},"thumbnailUrl":"https:\/\/kosovatimes.info\/wp-content\/uploads\/2026\/08\/Mitrovice-1.jpg","datePublished":"2026-09-03T09:58:00+00:00","dateModified":"2026-09-03T12:44:35+00:00","author":{"@id":"https:\/\/kosovatimes.info\/#\/schema\/person\/7586712b9c512fe68085de007378c915"},"breadcrumb":{"@id":"https:\/\/kosovatimes.info\/index.php\/2026\/09\/03\/aktakuze-ndaj-te-dyshuarit-qe-shkaktoi-aksident-me-fatalitet-2\/#breadcrumb"},"inLanguage":"en-US","potentialAction":[{"@type":"ReadAction","target":["https:\/\/kosovatimes.info\/index.php\/2026\/09\/03\/aktakuze-ndaj-te-dyshuarit-qe-shkaktoi-aksident-me-fatalitet-2\/"]}]},{"@type":"ImageObject","inLanguage":"en-US","@id":"https:\/\/kosovatimes.info\/index.php\/2026\/09\/03\/aktakuze-ndaj-te-dyshuarit-qe-shkaktoi-aksident-me-fatalitet-2\/#primaryimage","url":"https:\/\/kosovatimes.info\/wp-content\/uploads\/2026\/08\/Mitrovice-1.jpg","contentUrl":"https:\/\/kosovatimes.info\/wp-content\/uploads\/2026\/08\/Mitrovice-1.jpg","width":780,"height":500},{"@type":"BreadcrumbList","@id":"https:\/\/kosovatimes.info\/index.php\/2026\/09\/03\/aktakuze-ndaj-te-dyshuarit-qe-shkaktoi-aksident-me-fatalitet-2\/#breadcrumb","itemListElement":[{"@type":"ListItem","position":1,"name":"Home","item":"https:\/\/kosovatimes.info\/"},{"@type":"ListItem","position":2,"name":"Aktakuz\u00eb ndaj t\u00eb dyshuarit q\u00eb shkaktoi aksident me fatalitet"}]},{"@type":"WebSite","@id":"https:\/\/kosovatimes.info\/#website","url":"https:\/\/kosovatimes.info\/","name":"Kosova Times","description":"","potentialAction":[{"@type":"SearchAction","target":{"@type":"EntryPoint","urlTemplate":"https:\/\/kosovatimes.info\/?s={search_term_string}"},"query-input":{"@type":"PropertyValueSpecification","valueRequired":true,"valueName":"search_term_string"}}],"inLanguage":"en-US"},{"@type":"Person","@id":"https:\/\/kosovatimes.info\/#\/schema\/person\/7586712b9c512fe68085de007378c915","name":"i l","image":{"@type":"ImageObject","inLanguage":"en-US","@id":"https:\/\/secure.gravatar.com\/avatar\/bad9296e02816160ae2e2435beda58222022298d5625d49fea74d18816fbb31d?s=96&d=mm&r=g","url":"https:\/\/secure.gravatar.com\/avatar\/bad9296e02816160ae2e2435beda58222022298d5625d49fea74d18816fbb31d?s=96&d=mm&r=g","contentUrl":"https:\/\/secure.gravatar.com\/avatar\/bad9296e02816160ae2e2435beda58222022298d5625d49fea74d18816fbb31d?s=96&d=mm&r=g","caption":"i l"},"url":"https:\/\/kosovatimes.info\/index.php\/author\/iliri\/"}]}},"_links":{"self":[{"href":"https:\/\/kosovatimes.info\/index.php\/wp-json\/wp\/v2\/posts\/30805","targetHints":{"allow":["GET"]}}],"collection":[{"href":"https:\/\/kosovatimes.info\/index.php\/wp-json\/wp\/v2\/posts"}],"about":[{"href":"https:\/\/kosovatimes.info\/index.php\/wp-json\/wp\/v2\/types\/post"}],"author":[{"embeddable":true,"href":"https:\/\/kosovatimes.info\/index.php\/wp-json\/wp\/v2\/users\/4"}],"replies":[{"embeddable":true,"href":"https:\/\/kosovatimes.info\/index.php\/wp-json\/wp\/v2\/comments?post=30805"}],"version-history":[{"count":1,"href":"https:\/\/kosovatimes.info\/index.php\/wp-json\/wp\/v2\/posts\/30805\/revisions"}],"predecessor-version":[{"id":30806,"href":"https:\/\/kosovatimes.info\/index.php\/wp-json\/wp\/v2\/posts\/30805\/revisions\/30806"}],"wp:featuredmedia":[{"embeddable":true,"href":"https:\/\/kosovatimes.info\/index.php\/wp-json\/wp\/v2\/media\/27562"}],"wp:attachment":[{"href":"https:\/\/kosovatimes.info\/index.php\/wp-json\/wp\/v2\/media?parent=30805"}],"wp:term":[{"taxonomy":"category","embeddable":true,"href":"https:\/\/kosovatimes.info\/index.php\/wp-json\/wp\/v2\/categories?post=30805"},{"taxonomy":"post_tag","embeddable":true,"href":"https:\/\/kosovatimes.info\/index.php\/wp-json\/wp\/v2\/tags?post=30805"}],"curies":[{"name":"wp","href":"https:\/\/api.w.org\/{rel}","templated":true}]}}