{"id":30807,"date":"2026-09-03T11:30:00","date_gmt":"2026-09-03T09:30:00","guid":{"rendered":"https:\/\/kosovatimes.info\/?p=30807"},"modified":"2026-09-03T14:45:25","modified_gmt":"2026-09-03T12:45:25","slug":"kurti-marreveshja-me-ldk-ne-mori-goditje-te-rende-por-ende-eshte-ne-fuqi","status":"publish","type":"post","link":"https:\/\/kosovatimes.info\/index.php\/2026\/09\/03\/kurti-marreveshja-me-ldk-ne-mori-goditje-te-rende-por-ende-eshte-ne-fuqi\/","title":{"rendered":"Kurti: Marr\u00ebveshja me LDK-n\u00eb mori goditje t\u00eb r\u00ebnd\u00eb, por ende \u00ebsht\u00eb n\u00eb fuqi"},"content":{"rendered":"\n<p class=\"wp-block-paragraph\"><strong>Kryeministri n\u00eb detyr\u00eb i Kosov\u00ebs, Albin Kurti, ka deklaruar se marr\u00ebveshja politike mes L\u00ebvizjes Vet\u00ebvendosje dhe Lidhjes Demokratike t\u00eb Kosov\u00ebs p\u00ebr kandidatur\u00ebn e Bekim Sejdiut p\u00ebr president ka p\u00ebsuar nj\u00eb goditje, por sipas tij, ajo ende mbetet n\u00eb fuqi.<\/strong><\/p>\n\n\n\n<p class=\"wp-block-paragraph\">N\u00eb nj\u00eb prononcim p\u00ebr \u201cEkonomia Online\u201d, Kurti tha se marr\u00ebveshja paraqet nj\u00eb arritje t\u00eb r\u00ebnd\u00ebsishme p\u00ebr t\u00eb dy subjektet politike dhe se ende ekziston mund\u00ebsia q\u00eb t\u00eb shmangen zgjedhjet e reja.<\/p>\n\n\n\n<p class=\"wp-block-paragraph\">\u201cMarr\u00ebveshja politike q\u00eb kemi arritur ka marr\u00eb nj\u00eb goditje t\u00eb r\u00ebnd\u00eb, mir\u00ebpo nuk \u00ebsht\u00eb zhvler\u00ebsuar. \u00cbsht\u00eb sukses i madh i dy subjekteve tona politike dhe ata q\u00eb e duan stabilitetin institucional, evitimin e zgjedhjeve, forcimin e shtetit e kan\u00eb shansin. E kjo \u00ebsht\u00eb, emri i p\u00ebrve\u00e7\u00ebm q\u00eb ka dal\u00eb nga marr\u00ebveshja politike, p\u00ebrkat\u00ebsisht Profesor Bekim Sejdiu\u201d, ka th\u00ebn\u00eb Kurti.<\/p>\n\n\n\n<p class=\"wp-block-paragraph\">Kurti nuk ka dh\u00ebn\u00eb nj\u00eb p\u00ebrgjigje t\u00eb qart\u00eb n\u00ebse, n\u00eb rast t\u00eb d\u00ebshtimit t\u00eb kandidatur\u00ebs s\u00eb Sejdiut, do t\u00eb propozohet nj\u00eb em\u00ebr tjet\u00ebr p\u00ebr postin e presidentit.<\/p>\n\n\n\n<p class=\"wp-block-paragraph\">Marr\u00ebveshja VV-LDK p\u00ebr Bekim Sejdiun nuk e ka siguruar mb\u00ebshtetjen e plot\u00eb t\u00eb deputet\u00ebve t\u00eb LDK-s\u00eb. Gjasht\u00eb deputet\u00eb t\u00eb k\u00ebsaj partie kan\u00eb dal\u00eb kund\u00ebr marr\u00ebveshjes, duke e b\u00ebr\u00eb t\u00eb pasigurt sigurimin e votave t\u00eb nevojshme p\u00ebr zgjedhjen e presidentit.<\/p>\n\n\n\n<p class=\"wp-block-paragraph\">Aktualisht, besohet se kandidatura e Sejdiut mund t\u00eb ket\u00eb rreth 74 vota, nd\u00ebrsa p\u00ebr dy rundet e para t\u00eb votimit k\u00ebrkohen 80 vota, q\u00eb p\u00ebrb\u00ebjn\u00eb kuorumin e nevojsh\u00ebm.<\/p>\n\n\n\n<p class=\"wp-block-paragraph\">Nd\u00ebrkoh\u00eb, marr\u00ebveshja nuk \u00ebsht\u00eb mb\u00ebshtetur as nga Partia Demokratike e Kosov\u00ebs dhe Aleanca p\u00ebr Ardhm\u00ebrin\u00eb e Kosov\u00ebs, t\u00eb cilat s\u00eb bashku kan\u00eb 29 deputet\u00eb shqiptar\u00eb.<\/p>\n","protected":false},"excerpt":{"rendered":"<p>Kryeministri n\u00eb detyr\u00eb i Kosov\u00ebs, Albin Kurti, ka deklaruar se marr\u00ebveshja politike mes L\u00ebvizjes Vet\u00ebvendosje dhe Lidhjes Demokratike t\u00eb Kosov\u00ebs p\u00ebr kandidatur\u00ebn e Bekim Sejdiut p\u00ebr president ka p\u00ebsuar nj\u00eb goditje, por sipas tij, ajo ende mbetet n\u00eb fuqi. N\u00eb nj\u00eb prononcim p\u00ebr \u201cEkonomia Online\u201d, Kurti tha se marr\u00ebveshja paraqet nj\u00eb arritje t\u00eb r\u00ebnd\u00ebsishme p\u00ebr [&hellip;]<\/p>\n","protected":false},"author":4,"featured_media":30808,"comment_status":"open","ping_status":"open","sticky":false,"template":"","format":"standard","meta":{"footnotes":""},"categories":[31,30],"tags":[],"class_list":["post-30807","post","type-post","status-publish","format-standard","has-post-thumbnail","category-kosove","category-lajme"],"yoast_head":"<!-- This site is optimized with the Yoast SEO plugin v27.4 - https:\/\/yoast.com\/product\/yoast-seo-wordpress\/ -->\n<title>Kurti: Marr\u00ebveshja me LDK-n\u00eb mori goditje t\u00eb r\u00ebnd\u00eb, por ende \u00ebsht\u00eb n\u00eb fuqi - Kosova Times<\/title>\n<meta name=\"robots\" content=\"index, follow, max-snippet:-1, max-image-preview:large, max-video-preview:-1\" \/>\n<link rel=\"canonical\" href=\"https:\/\/kosovatimes.info\/index.php\/2026\/09\/03\/kurti-marreveshja-me-ldk-ne-mori-goditje-te-rende-por-ende-eshte-ne-fuqi\/\" \/>\n<meta property=\"og:locale\" content=\"en_US\" \/>\n<meta property=\"og:type\" content=\"article\" \/>\n<meta property=\"og:title\" content=\"Kurti: Marr\u00ebveshja me LDK-n\u00eb mori goditje t\u00eb r\u00ebnd\u00eb, por ende \u00ebsht\u00eb n\u00eb fuqi - Kosova Times\" \/>\n<meta property=\"og:description\" content=\"Kryeministri n\u00eb detyr\u00eb i Kosov\u00ebs, Albin Kurti, ka deklaruar se marr\u00ebveshja politike mes L\u00ebvizjes Vet\u00ebvendosje dhe Lidhjes Demokratike t\u00eb Kosov\u00ebs p\u00ebr kandidatur\u00ebn e Bekim Sejdiut p\u00ebr president ka p\u00ebsuar nj\u00eb goditje, por sipas tij, ajo ende mbetet n\u00eb fuqi. N\u00eb nj\u00eb prononcim p\u00ebr \u201cEkonomia Online\u201d, Kurti tha se marr\u00ebveshja paraqet nj\u00eb arritje t\u00eb r\u00ebnd\u00ebsishme p\u00ebr [&hellip;]\" \/>\n<meta property=\"og:url\" content=\"https:\/\/kosovatimes.info\/index.php\/2026\/09\/03\/kurti-marreveshja-me-ldk-ne-mori-goditje-te-rende-por-ende-eshte-ne-fuqi\/\" \/>\n<meta property=\"og:site_name\" content=\"Kosova Times\" \/>\n<meta property=\"article:published_time\" content=\"2026-09-03T09:30:00+00:00\" \/>\n<meta property=\"article:modified_time\" content=\"2026-09-03T12:45:25+00:00\" \/>\n<meta property=\"og:image\" content=\"https:\/\/kosovatimes.info\/wp-content\/uploads\/2026\/09\/Kurti-2.jpg\" \/>\n\t<meta property=\"og:image:width\" content=\"780\" \/>\n\t<meta property=\"og:image:height\" content=\"500\" \/>\n\t<meta property=\"og:image:type\" content=\"image\/jpeg\" \/>\n<meta name=\"author\" content=\"i l\" \/>\n<meta name=\"twitter:card\" content=\"summary_large_image\" \/>\n<meta name=\"twitter:label1\" content=\"Written by\" \/>\n\t<meta name=\"twitter:data1\" content=\"i l\" \/>\n\t<meta name=\"twitter:label2\" content=\"Est. reading time\" \/>\n\t<meta name=\"twitter:data2\" content=\"2 minutes\" \/>\n<script type=\"application\/ld+json\" class=\"yoast-schema-graph\">{\"@context\":\"https:\\\/\\\/schema.org\",\"@graph\":[{\"@type\":\"Article\",\"@id\":\"https:\\\/\\\/kosovatimes.info\\\/index.php\\\/2026\\\/09\\\/03\\\/kurti-marreveshja-me-ldk-ne-mori-goditje-te-rende-por-ende-eshte-ne-fuqi\\\/#article\",\"isPartOf\":{\"@id\":\"https:\\\/\\\/kosovatimes.info\\\/index.php\\\/2026\\\/09\\\/03\\\/kurti-marreveshja-me-ldk-ne-mori-goditje-te-rende-por-ende-eshte-ne-fuqi\\\/\"},\"author\":{\"name\":\"i l\",\"@id\":\"https:\\\/\\\/kosovatimes.info\\\/#\\\/schema\\\/person\\\/7586712b9c512fe68085de007378c915\"},\"headline\":\"Kurti: Marr\u00ebveshja me LDK-n\u00eb mori goditje t\u00eb r\u00ebnd\u00eb, por ende \u00ebsht\u00eb n\u00eb fuqi\",\"datePublished\":\"2026-09-03T09:30:00+00:00\",\"dateModified\":\"2026-09-03T12:45:25+00:00\",\"mainEntityOfPage\":{\"@id\":\"https:\\\/\\\/kosovatimes.info\\\/index.php\\\/2026\\\/09\\\/03\\\/kurti-marreveshja-me-ldk-ne-mori-goditje-te-rende-por-ende-eshte-ne-fuqi\\\/\"},\"wordCount\":315,\"commentCount\":0,\"image\":{\"@id\":\"https:\\\/\\\/kosovatimes.info\\\/index.php\\\/2026\\\/09\\\/03\\\/kurti-marreveshja-me-ldk-ne-mori-goditje-te-rende-por-ende-eshte-ne-fuqi\\\/#primaryimage\"},\"thumbnailUrl\":\"https:\\\/\\\/kosovatimes.info\\\/wp-content\\\/uploads\\\/2026\\\/09\\\/Kurti-2.jpg\",\"articleSection\":[\"Kosov\u00eb\",\"Lajme\"],\"inLanguage\":\"en-US\",\"potentialAction\":[{\"@type\":\"CommentAction\",\"name\":\"Comment\",\"target\":[\"https:\\\/\\\/kosovatimes.info\\\/index.php\\\/2026\\\/09\\\/03\\\/kurti-marreveshja-me-ldk-ne-mori-goditje-te-rende-por-ende-eshte-ne-fuqi\\\/#respond\"]}]},{\"@type\":\"WebPage\",\"@id\":\"https:\\\/\\\/kosovatimes.info\\\/index.php\\\/2026\\\/09\\\/03\\\/kurti-marreveshja-me-ldk-ne-mori-goditje-te-rende-por-ende-eshte-ne-fuqi\\\/\",\"url\":\"https:\\\/\\\/kosovatimes.info\\\/index.php\\\/2026\\\/09\\\/03\\\/kurti-marreveshja-me-ldk-ne-mori-goditje-te-rende-por-ende-eshte-ne-fuqi\\\/\",\"name\":\"Kurti: Marr\u00ebveshja me LDK-n\u00eb mori goditje t\u00eb r\u00ebnd\u00eb, por ende \u00ebsht\u00eb n\u00eb fuqi - Kosova Times\",\"isPartOf\":{\"@id\":\"https:\\\/\\\/kosovatimes.info\\\/#website\"},\"primaryImageOfPage\":{\"@id\":\"https:\\\/\\\/kosovatimes.info\\\/index.php\\\/2026\\\/09\\\/03\\\/kurti-marreveshja-me-ldk-ne-mori-goditje-te-rende-por-ende-eshte-ne-fuqi\\\/#primaryimage\"},\"image\":{\"@id\":\"https:\\\/\\\/kosovatimes.info\\\/index.php\\\/2026\\\/09\\\/03\\\/kurti-marreveshja-me-ldk-ne-mori-goditje-te-rende-por-ende-eshte-ne-fuqi\\\/#primaryimage\"},\"thumbnailUrl\":\"https:\\\/\\\/kosovatimes.info\\\/wp-content\\\/uploads\\\/2026\\\/09\\\/Kurti-2.jpg\",\"datePublished\":\"2026-09-03T09:30:00+00:00\",\"dateModified\":\"2026-09-03T12:45:25+00:00\",\"author\":{\"@id\":\"https:\\\/\\\/kosovatimes.info\\\/#\\\/schema\\\/person\\\/7586712b9c512fe68085de007378c915\"},\"breadcrumb\":{\"@id\":\"https:\\\/\\\/kosovatimes.info\\\/index.php\\\/2026\\\/09\\\/03\\\/kurti-marreveshja-me-ldk-ne-mori-goditje-te-rende-por-ende-eshte-ne-fuqi\\\/#breadcrumb\"},\"inLanguage\":\"en-US\",\"potentialAction\":[{\"@type\":\"ReadAction\",\"target\":[\"https:\\\/\\\/kosovatimes.info\\\/index.php\\\/2026\\\/09\\\/03\\\/kurti-marreveshja-me-ldk-ne-mori-goditje-te-rende-por-ende-eshte-ne-fuqi\\\/\"]}]},{\"@type\":\"ImageObject\",\"inLanguage\":\"en-US\",\"@id\":\"https:\\\/\\\/kosovatimes.info\\\/index.php\\\/2026\\\/09\\\/03\\\/kurti-marreveshja-me-ldk-ne-mori-goditje-te-rende-por-ende-eshte-ne-fuqi\\\/#primaryimage\",\"url\":\"https:\\\/\\\/kosovatimes.info\\\/wp-content\\\/uploads\\\/2026\\\/09\\\/Kurti-2.jpg\",\"contentUrl\":\"https:\\\/\\\/kosovatimes.info\\\/wp-content\\\/uploads\\\/2026\\\/09\\\/Kurti-2.jpg\",\"width\":780,\"height\":500},{\"@type\":\"BreadcrumbList\",\"@id\":\"https:\\\/\\\/kosovatimes.info\\\/index.php\\\/2026\\\/09\\\/03\\\/kurti-marreveshja-me-ldk-ne-mori-goditje-te-rende-por-ende-eshte-ne-fuqi\\\/#breadcrumb\",\"itemListElement\":[{\"@type\":\"ListItem\",\"position\":1,\"name\":\"Home\",\"item\":\"https:\\\/\\\/kosovatimes.info\\\/\"},{\"@type\":\"ListItem\",\"position\":2,\"name\":\"Kurti: Marr\u00ebveshja me LDK-n\u00eb mori goditje t\u00eb r\u00ebnd\u00eb, por ende \u00ebsht\u00eb n\u00eb fuqi\"}]},{\"@type\":\"WebSite\",\"@id\":\"https:\\\/\\\/kosovatimes.info\\\/#website\",\"url\":\"https:\\\/\\\/kosovatimes.info\\\/\",\"name\":\"Kosova Times\",\"description\":\"\",\"potentialAction\":[{\"@type\":\"SearchAction\",\"target\":{\"@type\":\"EntryPoint\",\"urlTemplate\":\"https:\\\/\\\/kosovatimes.info\\\/?s={search_term_string}\"},\"query-input\":{\"@type\":\"PropertyValueSpecification\",\"valueRequired\":true,\"valueName\":\"search_term_string\"}}],\"inLanguage\":\"en-US\"},{\"@type\":\"Person\",\"@id\":\"https:\\\/\\\/kosovatimes.info\\\/#\\\/schema\\\/person\\\/7586712b9c512fe68085de007378c915\",\"name\":\"i l\",\"image\":{\"@type\":\"ImageObject\",\"inLanguage\":\"en-US\",\"@id\":\"https:\\\/\\\/secure.gravatar.com\\\/avatar\\\/bad9296e02816160ae2e2435beda58222022298d5625d49fea74d18816fbb31d?s=96&d=mm&r=g\",\"url\":\"https:\\\/\\\/secure.gravatar.com\\\/avatar\\\/bad9296e02816160ae2e2435beda58222022298d5625d49fea74d18816fbb31d?s=96&d=mm&r=g\",\"contentUrl\":\"https:\\\/\\\/secure.gravatar.com\\\/avatar\\\/bad9296e02816160ae2e2435beda58222022298d5625d49fea74d18816fbb31d?s=96&d=mm&r=g\",\"caption\":\"i l\"},\"url\":\"https:\\\/\\\/kosovatimes.info\\\/index.php\\\/author\\\/iliri\\\/\"}]}<\/script>\n<!-- \/ Yoast SEO plugin. -->","yoast_head_json":{"title":"Kurti: Marr\u00ebveshja me LDK-n\u00eb mori goditje t\u00eb r\u00ebnd\u00eb, por ende \u00ebsht\u00eb n\u00eb fuqi - Kosova Times","robots":{"index":"index","follow":"follow","max-snippet":"max-snippet:-1","max-image-preview":"max-image-preview:large","max-video-preview":"max-video-preview:-1"},"canonical":"https:\/\/kosovatimes.info\/index.php\/2026\/09\/03\/kurti-marreveshja-me-ldk-ne-mori-goditje-te-rende-por-ende-eshte-ne-fuqi\/","og_locale":"en_US","og_type":"article","og_title":"Kurti: Marr\u00ebveshja me LDK-n\u00eb mori goditje t\u00eb r\u00ebnd\u00eb, por ende \u00ebsht\u00eb n\u00eb fuqi - Kosova Times","og_description":"Kryeministri n\u00eb detyr\u00eb i Kosov\u00ebs, Albin Kurti, ka deklaruar se marr\u00ebveshja politike mes L\u00ebvizjes Vet\u00ebvendosje dhe Lidhjes Demokratike t\u00eb Kosov\u00ebs p\u00ebr kandidatur\u00ebn e Bekim Sejdiut p\u00ebr president ka p\u00ebsuar nj\u00eb goditje, por sipas tij, ajo ende mbetet n\u00eb fuqi. N\u00eb nj\u00eb prononcim p\u00ebr \u201cEkonomia Online\u201d, Kurti tha se marr\u00ebveshja paraqet nj\u00eb arritje t\u00eb r\u00ebnd\u00ebsishme p\u00ebr [&hellip;]","og_url":"https:\/\/kosovatimes.info\/index.php\/2026\/09\/03\/kurti-marreveshja-me-ldk-ne-mori-goditje-te-rende-por-ende-eshte-ne-fuqi\/","og_site_name":"Kosova Times","article_published_time":"2026-09-03T09:30:00+00:00","article_modified_time":"2026-09-03T12:45:25+00:00","og_image":[{"width":780,"height":500,"url":"https:\/\/kosovatimes.info\/wp-content\/uploads\/2026\/09\/Kurti-2.jpg","type":"image\/jpeg"}],"author":"i l","twitter_card":"summary_large_image","twitter_misc":{"Written by":"i l","Est. reading time":"2 minutes"},"schema":{"@context":"https:\/\/schema.org","@graph":[{"@type":"Article","@id":"https:\/\/kosovatimes.info\/index.php\/2026\/09\/03\/kurti-marreveshja-me-ldk-ne-mori-goditje-te-rende-por-ende-eshte-ne-fuqi\/#article","isPartOf":{"@id":"https:\/\/kosovatimes.info\/index.php\/2026\/09\/03\/kurti-marreveshja-me-ldk-ne-mori-goditje-te-rende-por-ende-eshte-ne-fuqi\/"},"author":{"name":"i l","@id":"https:\/\/kosovatimes.info\/#\/schema\/person\/7586712b9c512fe68085de007378c915"},"headline":"Kurti: Marr\u00ebveshja me LDK-n\u00eb mori goditje t\u00eb r\u00ebnd\u00eb, por ende \u00ebsht\u00eb n\u00eb fuqi","datePublished":"2026-09-03T09:30:00+00:00","dateModified":"2026-09-03T12:45:25+00:00","mainEntityOfPage":{"@id":"https:\/\/kosovatimes.info\/index.php\/2026\/09\/03\/kurti-marreveshja-me-ldk-ne-mori-goditje-te-rende-por-ende-eshte-ne-fuqi\/"},"wordCount":315,"commentCount":0,"image":{"@id":"https:\/\/kosovatimes.info\/index.php\/2026\/09\/03\/kurti-marreveshja-me-ldk-ne-mori-goditje-te-rende-por-ende-eshte-ne-fuqi\/#primaryimage"},"thumbnailUrl":"https:\/\/kosovatimes.info\/wp-content\/uploads\/2026\/09\/Kurti-2.jpg","articleSection":["Kosov\u00eb","Lajme"],"inLanguage":"en-US","potentialAction":[{"@type":"CommentAction","name":"Comment","target":["https:\/\/kosovatimes.info\/index.php\/2026\/09\/03\/kurti-marreveshja-me-ldk-ne-mori-goditje-te-rende-por-ende-eshte-ne-fuqi\/#respond"]}]},{"@type":"WebPage","@id":"https:\/\/kosovatimes.info\/index.php\/2026\/09\/03\/kurti-marreveshja-me-ldk-ne-mori-goditje-te-rende-por-ende-eshte-ne-fuqi\/","url":"https:\/\/kosovatimes.info\/index.php\/2026\/09\/03\/kurti-marreveshja-me-ldk-ne-mori-goditje-te-rende-por-ende-eshte-ne-fuqi\/","name":"Kurti: Marr\u00ebveshja me LDK-n\u00eb mori goditje t\u00eb r\u00ebnd\u00eb, por ende \u00ebsht\u00eb n\u00eb fuqi - Kosova Times","isPartOf":{"@id":"https:\/\/kosovatimes.info\/#website"},"primaryImageOfPage":{"@id":"https:\/\/kosovatimes.info\/index.php\/2026\/09\/03\/kurti-marreveshja-me-ldk-ne-mori-goditje-te-rende-por-ende-eshte-ne-fuqi\/#primaryimage"},"image":{"@id":"https:\/\/kosovatimes.info\/index.php\/2026\/09\/03\/kurti-marreveshja-me-ldk-ne-mori-goditje-te-rende-por-ende-eshte-ne-fuqi\/#primaryimage"},"thumbnailUrl":"https:\/\/kosovatimes.info\/wp-content\/uploads\/2026\/09\/Kurti-2.jpg","datePublished":"2026-09-03T09:30:00+00:00","dateModified":"2026-09-03T12:45:25+00:00","author":{"@id":"https:\/\/kosovatimes.info\/#\/schema\/person\/7586712b9c512fe68085de007378c915"},"breadcrumb":{"@id":"https:\/\/kosovatimes.info\/index.php\/2026\/09\/03\/kurti-marreveshja-me-ldk-ne-mori-goditje-te-rende-por-ende-eshte-ne-fuqi\/#breadcrumb"},"inLanguage":"en-US","potentialAction":[{"@type":"ReadAction","target":["https:\/\/kosovatimes.info\/index.php\/2026\/09\/03\/kurti-marreveshja-me-ldk-ne-mori-goditje-te-rende-por-ende-eshte-ne-fuqi\/"]}]},{"@type":"ImageObject","inLanguage":"en-US","@id":"https:\/\/kosovatimes.info\/index.php\/2026\/09\/03\/kurti-marreveshja-me-ldk-ne-mori-goditje-te-rende-por-ende-eshte-ne-fuqi\/#primaryimage","url":"https:\/\/kosovatimes.info\/wp-content\/uploads\/2026\/09\/Kurti-2.jpg","contentUrl":"https:\/\/kosovatimes.info\/wp-content\/uploads\/2026\/09\/Kurti-2.jpg","width":780,"height":500},{"@type":"BreadcrumbList","@id":"https:\/\/kosovatimes.info\/index.php\/2026\/09\/03\/kurti-marreveshja-me-ldk-ne-mori-goditje-te-rende-por-ende-eshte-ne-fuqi\/#breadcrumb","itemListElement":[{"@type":"ListItem","position":1,"name":"Home","item":"https:\/\/kosovatimes.info\/"},{"@type":"ListItem","position":2,"name":"Kurti: Marr\u00ebveshja me LDK-n\u00eb mori goditje t\u00eb r\u00ebnd\u00eb, por ende \u00ebsht\u00eb n\u00eb fuqi"}]},{"@type":"WebSite","@id":"https:\/\/kosovatimes.info\/#website","url":"https:\/\/kosovatimes.info\/","name":"Kosova Times","description":"","potentialAction":[{"@type":"SearchAction","target":{"@type":"EntryPoint","urlTemplate":"https:\/\/kosovatimes.info\/?s={search_term_string}"},"query-input":{"@type":"PropertyValueSpecification","valueRequired":true,"valueName":"search_term_string"}}],"inLanguage":"en-US"},{"@type":"Person","@id":"https:\/\/kosovatimes.info\/#\/schema\/person\/7586712b9c512fe68085de007378c915","name":"i l","image":{"@type":"ImageObject","inLanguage":"en-US","@id":"https:\/\/secure.gravatar.com\/avatar\/bad9296e02816160ae2e2435beda58222022298d5625d49fea74d18816fbb31d?s=96&d=mm&r=g","url":"https:\/\/secure.gravatar.com\/avatar\/bad9296e02816160ae2e2435beda58222022298d5625d49fea74d18816fbb31d?s=96&d=mm&r=g","contentUrl":"https:\/\/secure.gravatar.com\/avatar\/bad9296e02816160ae2e2435beda58222022298d5625d49fea74d18816fbb31d?s=96&d=mm&r=g","caption":"i l"},"url":"https:\/\/kosovatimes.info\/index.php\/author\/iliri\/"}]}},"_links":{"self":[{"href":"https:\/\/kosovatimes.info\/index.php\/wp-json\/wp\/v2\/posts\/30807","targetHints":{"allow":["GET"]}}],"collection":[{"href":"https:\/\/kosovatimes.info\/index.php\/wp-json\/wp\/v2\/posts"}],"about":[{"href":"https:\/\/kosovatimes.info\/index.php\/wp-json\/wp\/v2\/types\/post"}],"author":[{"embeddable":true,"href":"https:\/\/kosovatimes.info\/index.php\/wp-json\/wp\/v2\/users\/4"}],"replies":[{"embeddable":true,"href":"https:\/\/kosovatimes.info\/index.php\/wp-json\/wp\/v2\/comments?post=30807"}],"version-history":[{"count":1,"href":"https:\/\/kosovatimes.info\/index.php\/wp-json\/wp\/v2\/posts\/30807\/revisions"}],"predecessor-version":[{"id":30809,"href":"https:\/\/kosovatimes.info\/index.php\/wp-json\/wp\/v2\/posts\/30807\/revisions\/30809"}],"wp:featuredmedia":[{"embeddable":true,"href":"https:\/\/kosovatimes.info\/index.php\/wp-json\/wp\/v2\/media\/30808"}],"wp:attachment":[{"href":"https:\/\/kosovatimes.info\/index.php\/wp-json\/wp\/v2\/media?parent=30807"}],"wp:term":[{"taxonomy":"category","embeddable":true,"href":"https:\/\/kosovatimes.info\/index.php\/wp-json\/wp\/v2\/categories?post=30807"},{"taxonomy":"post_tag","embeddable":true,"href":"https:\/\/kosovatimes.info\/index.php\/wp-json\/wp\/v2\/tags?post=30807"}],"curies":[{"name":"wp","href":"https:\/\/api.w.org\/{rel}","templated":true}]}}