{"id":30810,"date":"2026-09-03T11:04:00","date_gmt":"2026-09-03T09:04:00","guid":{"rendered":"https:\/\/kosovatimes.info\/?p=30810"},"modified":"2026-09-03T14:47:25","modified_gmt":"2026-09-03T12:47:25","slug":"gruda-kushtetuta-nuk-mund-te-imponohet-lvv-po-bllokon-kosoven","status":"publish","type":"post","link":"https:\/\/kosovatimes.info\/index.php\/2026\/09\/03\/gruda-kushtetuta-nuk-mund-te-imponohet-lvv-po-bllokon-kosoven\/","title":{"rendered":"Gruda: Kushtetuta nuk mund t\u00eb imponohet, LVV po bllokon Kosov\u00ebn"},"content":{"rendered":"\n<p class=\"wp-block-paragraph\"><a target=\"_blank\" href=\"https:\/\/www.linkedin.com\/shareArticle?mini=true&amp;url=https%3A%2F%2Fwww.rtklive.com%2Fsq%2Fnews-single.php%3FID%3D732837\" rel=\"noopener\"><\/a><\/p>\n\n\n\n<p class=\"wp-block-paragraph\"><strong>Partia Demokratike e Kosov\u00ebs s\u00eb bashku me Aleanc\u00ebn kan\u00eb b\u00ebr\u00eb s\u00ebrish thirrje p\u00ebr mbajtjen e seanc\u00ebs konstituive t\u00eb Kuvendit t\u00eb Kosov\u00ebs.<\/strong><\/p>\n\n\n\n<p class=\"wp-block-paragraph\">Deputeti i PDK-s\u00eb, P\u00ebrparim Gruda, ka th\u00ebn\u00eb se LVV pavar\u00ebsisht q\u00eb ka shumic\u00ebn parlamentare, po bllokon Kosov\u00ebn duke mos vazhduar me proceset politike.<\/p>\n\n\n\n<p class=\"wp-block-paragraph\">\u201cKushtetuta e Kosov\u00ebs nuk \u00ebsht\u00eb statuti i L\u00ebvizjes Vet\u00ebvendosje, as nuk mund t\u00eb imponohet si rregull e p\u00ebrgjithshme e shoq\u00ebris\u00eb. Kushtetuta e Kosov\u00ebs \u00ebsht\u00eb akti m\u00eb i lart\u00eb juridik dhe ashtu duhet t\u00eb mbetet, dhe prandaj ne kemi ardhur s\u00ebrish n\u00eb vazhdimin e seanc\u00ebs konstituive p\u00ebr t\u00eb shprehur q\u00ebndrimet tona. T\u00eb gjith\u00eb kemi qen\u00eb d\u00ebshmitar\u00eb gjat\u00eb krejt vitit 2025 t\u00eb nj\u00eb bllokade t\u00eb papar\u00eb n\u00eb k\u00ebt\u00eb Kuvend, ku partia q\u00eb nuk kishte shumic\u00ebn p\u00ebr ta zgjedhur kryetarin e Kuvendit vinte dhe propozonte \u00e7do 48 or\u00eb. Sot, t\u00eb nderuar deputet\u00eb, partia q\u00eb ka shumic\u00ebn nuk vjen me propozua emra. Logjika \u00ebsht\u00eb e nj\u00ebjt\u00eb: me e blloku Kosov\u00ebn. Edhe imagjinojeni, nuk i kishte votat, vinte me propozua. Sot q\u00eb i ka votat, nuk vjen me propozua fare\u201d, tha ai.<\/p>\n\n\n\n<p class=\"wp-block-paragraph\">Ai m\u00eb tej tha se afatet kushtetuese jan\u00eb pjes\u00eb thelb\u00ebsore e \u00e7do norme, dhe si t\u00eb tilla duhen respektuar.<\/p>\n\n\n\n<p class=\"wp-block-paragraph\">\u201cKy Kuvend \u00ebsht\u00eb modeli i p\u00ebrsosur p\u00ebr krejt shoq\u00ebrin\u00eb kosovare. Kur k\u00ebtu nuk respektohen afatet, si mund t\u00eb presim q\u00eb nj\u00eb shoq\u00ebri mund t\u00eb funksionoj\u00eb si shoq\u00ebri e bazuar n\u00eb ligj dhe n\u00eb rregulla?\u201d, deklaroi ai n\u00eb foltoren e Kuvendit t\u00eb Kosov\u00ebs.<\/p>\n\n\n\n<p class=\"wp-block-paragraph\">Gruda tha se Kushtetuta ekziston p\u00ebr t\u00eb kornizuar pushtetin dhe se<\/p>\n","protected":false},"excerpt":{"rendered":"<p>Partia Demokratike e Kosov\u00ebs s\u00eb bashku me Aleanc\u00ebn kan\u00eb b\u00ebr\u00eb s\u00ebrish thirrje p\u00ebr mbajtjen e seanc\u00ebs konstituive t\u00eb Kuvendit t\u00eb Kosov\u00ebs. Deputeti i PDK-s\u00eb, P\u00ebrparim Gruda, ka th\u00ebn\u00eb se LVV pavar\u00ebsisht q\u00eb ka shumic\u00ebn parlamentare, po bllokon Kosov\u00ebn duke mos vazhduar me proceset politike. \u201cKushtetuta e Kosov\u00ebs nuk \u00ebsht\u00eb statuti i L\u00ebvizjes Vet\u00ebvendosje, as nuk [&hellip;]<\/p>\n","protected":false},"author":4,"featured_media":30811,"comment_status":"open","ping_status":"open","sticky":false,"template":"","format":"standard","meta":{"footnotes":""},"categories":[31,30],"tags":[],"class_list":["post-30810","post","type-post","status-publish","format-standard","has-post-thumbnail","category-kosove","category-lajme"],"yoast_head":"<!-- This site is optimized with the Yoast SEO plugin v27.4 - https:\/\/yoast.com\/product\/yoast-seo-wordpress\/ -->\n<title>Gruda: Kushtetuta nuk mund t\u00eb imponohet, LVV po bllokon Kosov\u00ebn - Kosova Times<\/title>\n<meta name=\"robots\" content=\"index, follow, max-snippet:-1, max-image-preview:large, max-video-preview:-1\" \/>\n<link rel=\"canonical\" href=\"https:\/\/kosovatimes.info\/index.php\/2026\/09\/03\/gruda-kushtetuta-nuk-mund-te-imponohet-lvv-po-bllokon-kosoven\/\" \/>\n<meta property=\"og:locale\" content=\"en_US\" \/>\n<meta property=\"og:type\" content=\"article\" \/>\n<meta property=\"og:title\" content=\"Gruda: Kushtetuta nuk mund t\u00eb imponohet, LVV po bllokon Kosov\u00ebn - Kosova Times\" \/>\n<meta property=\"og:description\" content=\"Partia Demokratike e Kosov\u00ebs s\u00eb bashku me Aleanc\u00ebn kan\u00eb b\u00ebr\u00eb s\u00ebrish thirrje p\u00ebr mbajtjen e seanc\u00ebs konstituive t\u00eb Kuvendit t\u00eb Kosov\u00ebs. Deputeti i PDK-s\u00eb, P\u00ebrparim Gruda, ka th\u00ebn\u00eb se LVV pavar\u00ebsisht q\u00eb ka shumic\u00ebn parlamentare, po bllokon Kosov\u00ebn duke mos vazhduar me proceset politike. \u201cKushtetuta e Kosov\u00ebs nuk \u00ebsht\u00eb statuti i L\u00ebvizjes Vet\u00ebvendosje, as nuk [&hellip;]\" \/>\n<meta property=\"og:url\" content=\"https:\/\/kosovatimes.info\/index.php\/2026\/09\/03\/gruda-kushtetuta-nuk-mund-te-imponohet-lvv-po-bllokon-kosoven\/\" \/>\n<meta property=\"og:site_name\" content=\"Kosova Times\" \/>\n<meta property=\"article:published_time\" content=\"2026-09-03T09:04:00+00:00\" \/>\n<meta property=\"article:modified_time\" content=\"2026-09-03T12:47:25+00:00\" \/>\n<meta property=\"og:image\" content=\"https:\/\/kosovatimes.info\/wp-content\/uploads\/2026\/09\/Gruda.png\" \/>\n\t<meta property=\"og:image:width\" content=\"669\" \/>\n\t<meta property=\"og:image:height\" content=\"478\" \/>\n\t<meta property=\"og:image:type\" content=\"image\/png\" \/>\n<meta name=\"author\" content=\"i l\" \/>\n<meta name=\"twitter:card\" content=\"summary_large_image\" \/>\n<meta name=\"twitter:label1\" content=\"Written by\" \/>\n\t<meta name=\"twitter:data1\" content=\"i l\" \/>\n\t<meta name=\"twitter:label2\" content=\"Est. reading time\" \/>\n\t<meta name=\"twitter:data2\" content=\"2 minutes\" \/>\n<script type=\"application\/ld+json\" class=\"yoast-schema-graph\">{\"@context\":\"https:\\\/\\\/schema.org\",\"@graph\":[{\"@type\":\"Article\",\"@id\":\"https:\\\/\\\/kosovatimes.info\\\/index.php\\\/2026\\\/09\\\/03\\\/gruda-kushtetuta-nuk-mund-te-imponohet-lvv-po-bllokon-kosoven\\\/#article\",\"isPartOf\":{\"@id\":\"https:\\\/\\\/kosovatimes.info\\\/index.php\\\/2026\\\/09\\\/03\\\/gruda-kushtetuta-nuk-mund-te-imponohet-lvv-po-bllokon-kosoven\\\/\"},\"author\":{\"name\":\"i l\",\"@id\":\"https:\\\/\\\/kosovatimes.info\\\/#\\\/schema\\\/person\\\/7586712b9c512fe68085de007378c915\"},\"headline\":\"Gruda: Kushtetuta nuk mund t\u00eb imponohet, LVV po bllokon Kosov\u00ebn\",\"datePublished\":\"2026-09-03T09:04:00+00:00\",\"dateModified\":\"2026-09-03T12:47:25+00:00\",\"mainEntityOfPage\":{\"@id\":\"https:\\\/\\\/kosovatimes.info\\\/index.php\\\/2026\\\/09\\\/03\\\/gruda-kushtetuta-nuk-mund-te-imponohet-lvv-po-bllokon-kosoven\\\/\"},\"wordCount\":290,\"commentCount\":0,\"image\":{\"@id\":\"https:\\\/\\\/kosovatimes.info\\\/index.php\\\/2026\\\/09\\\/03\\\/gruda-kushtetuta-nuk-mund-te-imponohet-lvv-po-bllokon-kosoven\\\/#primaryimage\"},\"thumbnailUrl\":\"https:\\\/\\\/kosovatimes.info\\\/wp-content\\\/uploads\\\/2026\\\/09\\\/Gruda.png\",\"articleSection\":[\"Kosov\u00eb\",\"Lajme\"],\"inLanguage\":\"en-US\",\"potentialAction\":[{\"@type\":\"CommentAction\",\"name\":\"Comment\",\"target\":[\"https:\\\/\\\/kosovatimes.info\\\/index.php\\\/2026\\\/09\\\/03\\\/gruda-kushtetuta-nuk-mund-te-imponohet-lvv-po-bllokon-kosoven\\\/#respond\"]}]},{\"@type\":\"WebPage\",\"@id\":\"https:\\\/\\\/kosovatimes.info\\\/index.php\\\/2026\\\/09\\\/03\\\/gruda-kushtetuta-nuk-mund-te-imponohet-lvv-po-bllokon-kosoven\\\/\",\"url\":\"https:\\\/\\\/kosovatimes.info\\\/index.php\\\/2026\\\/09\\\/03\\\/gruda-kushtetuta-nuk-mund-te-imponohet-lvv-po-bllokon-kosoven\\\/\",\"name\":\"Gruda: Kushtetuta nuk mund t\u00eb imponohet, LVV po bllokon Kosov\u00ebn - Kosova Times\",\"isPartOf\":{\"@id\":\"https:\\\/\\\/kosovatimes.info\\\/#website\"},\"primaryImageOfPage\":{\"@id\":\"https:\\\/\\\/kosovatimes.info\\\/index.php\\\/2026\\\/09\\\/03\\\/gruda-kushtetuta-nuk-mund-te-imponohet-lvv-po-bllokon-kosoven\\\/#primaryimage\"},\"image\":{\"@id\":\"https:\\\/\\\/kosovatimes.info\\\/index.php\\\/2026\\\/09\\\/03\\\/gruda-kushtetuta-nuk-mund-te-imponohet-lvv-po-bllokon-kosoven\\\/#primaryimage\"},\"thumbnailUrl\":\"https:\\\/\\\/kosovatimes.info\\\/wp-content\\\/uploads\\\/2026\\\/09\\\/Gruda.png\",\"datePublished\":\"2026-09-03T09:04:00+00:00\",\"dateModified\":\"2026-09-03T12:47:25+00:00\",\"author\":{\"@id\":\"https:\\\/\\\/kosovatimes.info\\\/#\\\/schema\\\/person\\\/7586712b9c512fe68085de007378c915\"},\"breadcrumb\":{\"@id\":\"https:\\\/\\\/kosovatimes.info\\\/index.php\\\/2026\\\/09\\\/03\\\/gruda-kushtetuta-nuk-mund-te-imponohet-lvv-po-bllokon-kosoven\\\/#breadcrumb\"},\"inLanguage\":\"en-US\",\"potentialAction\":[{\"@type\":\"ReadAction\",\"target\":[\"https:\\\/\\\/kosovatimes.info\\\/index.php\\\/2026\\\/09\\\/03\\\/gruda-kushtetuta-nuk-mund-te-imponohet-lvv-po-bllokon-kosoven\\\/\"]}]},{\"@type\":\"ImageObject\",\"inLanguage\":\"en-US\",\"@id\":\"https:\\\/\\\/kosovatimes.info\\\/index.php\\\/2026\\\/09\\\/03\\\/gruda-kushtetuta-nuk-mund-te-imponohet-lvv-po-bllokon-kosoven\\\/#primaryimage\",\"url\":\"https:\\\/\\\/kosovatimes.info\\\/wp-content\\\/uploads\\\/2026\\\/09\\\/Gruda.png\",\"contentUrl\":\"https:\\\/\\\/kosovatimes.info\\\/wp-content\\\/uploads\\\/2026\\\/09\\\/Gruda.png\",\"width\":669,\"height\":478},{\"@type\":\"BreadcrumbList\",\"@id\":\"https:\\\/\\\/kosovatimes.info\\\/index.php\\\/2026\\\/09\\\/03\\\/gruda-kushtetuta-nuk-mund-te-imponohet-lvv-po-bllokon-kosoven\\\/#breadcrumb\",\"itemListElement\":[{\"@type\":\"ListItem\",\"position\":1,\"name\":\"Home\",\"item\":\"https:\\\/\\\/kosovatimes.info\\\/\"},{\"@type\":\"ListItem\",\"position\":2,\"name\":\"Gruda: Kushtetuta nuk mund t\u00eb imponohet, LVV po bllokon Kosov\u00ebn\"}]},{\"@type\":\"WebSite\",\"@id\":\"https:\\\/\\\/kosovatimes.info\\\/#website\",\"url\":\"https:\\\/\\\/kosovatimes.info\\\/\",\"name\":\"Kosova Times\",\"description\":\"\",\"potentialAction\":[{\"@type\":\"SearchAction\",\"target\":{\"@type\":\"EntryPoint\",\"urlTemplate\":\"https:\\\/\\\/kosovatimes.info\\\/?s={search_term_string}\"},\"query-input\":{\"@type\":\"PropertyValueSpecification\",\"valueRequired\":true,\"valueName\":\"search_term_string\"}}],\"inLanguage\":\"en-US\"},{\"@type\":\"Person\",\"@id\":\"https:\\\/\\\/kosovatimes.info\\\/#\\\/schema\\\/person\\\/7586712b9c512fe68085de007378c915\",\"name\":\"i l\",\"image\":{\"@type\":\"ImageObject\",\"inLanguage\":\"en-US\",\"@id\":\"https:\\\/\\\/secure.gravatar.com\\\/avatar\\\/bad9296e02816160ae2e2435beda58222022298d5625d49fea74d18816fbb31d?s=96&d=mm&r=g\",\"url\":\"https:\\\/\\\/secure.gravatar.com\\\/avatar\\\/bad9296e02816160ae2e2435beda58222022298d5625d49fea74d18816fbb31d?s=96&d=mm&r=g\",\"contentUrl\":\"https:\\\/\\\/secure.gravatar.com\\\/avatar\\\/bad9296e02816160ae2e2435beda58222022298d5625d49fea74d18816fbb31d?s=96&d=mm&r=g\",\"caption\":\"i l\"},\"url\":\"https:\\\/\\\/kosovatimes.info\\\/index.php\\\/author\\\/iliri\\\/\"}]}<\/script>\n<!-- \/ Yoast SEO plugin. -->","yoast_head_json":{"title":"Gruda: Kushtetuta nuk mund t\u00eb imponohet, LVV po bllokon Kosov\u00ebn - Kosova Times","robots":{"index":"index","follow":"follow","max-snippet":"max-snippet:-1","max-image-preview":"max-image-preview:large","max-video-preview":"max-video-preview:-1"},"canonical":"https:\/\/kosovatimes.info\/index.php\/2026\/09\/03\/gruda-kushtetuta-nuk-mund-te-imponohet-lvv-po-bllokon-kosoven\/","og_locale":"en_US","og_type":"article","og_title":"Gruda: Kushtetuta nuk mund t\u00eb imponohet, LVV po bllokon Kosov\u00ebn - Kosova Times","og_description":"Partia Demokratike e Kosov\u00ebs s\u00eb bashku me Aleanc\u00ebn kan\u00eb b\u00ebr\u00eb s\u00ebrish thirrje p\u00ebr mbajtjen e seanc\u00ebs konstituive t\u00eb Kuvendit t\u00eb Kosov\u00ebs. Deputeti i PDK-s\u00eb, P\u00ebrparim Gruda, ka th\u00ebn\u00eb se LVV pavar\u00ebsisht q\u00eb ka shumic\u00ebn parlamentare, po bllokon Kosov\u00ebn duke mos vazhduar me proceset politike. \u201cKushtetuta e Kosov\u00ebs nuk \u00ebsht\u00eb statuti i L\u00ebvizjes Vet\u00ebvendosje, as nuk [&hellip;]","og_url":"https:\/\/kosovatimes.info\/index.php\/2026\/09\/03\/gruda-kushtetuta-nuk-mund-te-imponohet-lvv-po-bllokon-kosoven\/","og_site_name":"Kosova Times","article_published_time":"2026-09-03T09:04:00+00:00","article_modified_time":"2026-09-03T12:47:25+00:00","og_image":[{"width":669,"height":478,"url":"https:\/\/kosovatimes.info\/wp-content\/uploads\/2026\/09\/Gruda.png","type":"image\/png"}],"author":"i l","twitter_card":"summary_large_image","twitter_misc":{"Written by":"i l","Est. reading time":"2 minutes"},"schema":{"@context":"https:\/\/schema.org","@graph":[{"@type":"Article","@id":"https:\/\/kosovatimes.info\/index.php\/2026\/09\/03\/gruda-kushtetuta-nuk-mund-te-imponohet-lvv-po-bllokon-kosoven\/#article","isPartOf":{"@id":"https:\/\/kosovatimes.info\/index.php\/2026\/09\/03\/gruda-kushtetuta-nuk-mund-te-imponohet-lvv-po-bllokon-kosoven\/"},"author":{"name":"i l","@id":"https:\/\/kosovatimes.info\/#\/schema\/person\/7586712b9c512fe68085de007378c915"},"headline":"Gruda: Kushtetuta nuk mund t\u00eb imponohet, LVV po bllokon Kosov\u00ebn","datePublished":"2026-09-03T09:04:00+00:00","dateModified":"2026-09-03T12:47:25+00:00","mainEntityOfPage":{"@id":"https:\/\/kosovatimes.info\/index.php\/2026\/09\/03\/gruda-kushtetuta-nuk-mund-te-imponohet-lvv-po-bllokon-kosoven\/"},"wordCount":290,"commentCount":0,"image":{"@id":"https:\/\/kosovatimes.info\/index.php\/2026\/09\/03\/gruda-kushtetuta-nuk-mund-te-imponohet-lvv-po-bllokon-kosoven\/#primaryimage"},"thumbnailUrl":"https:\/\/kosovatimes.info\/wp-content\/uploads\/2026\/09\/Gruda.png","articleSection":["Kosov\u00eb","Lajme"],"inLanguage":"en-US","potentialAction":[{"@type":"CommentAction","name":"Comment","target":["https:\/\/kosovatimes.info\/index.php\/2026\/09\/03\/gruda-kushtetuta-nuk-mund-te-imponohet-lvv-po-bllokon-kosoven\/#respond"]}]},{"@type":"WebPage","@id":"https:\/\/kosovatimes.info\/index.php\/2026\/09\/03\/gruda-kushtetuta-nuk-mund-te-imponohet-lvv-po-bllokon-kosoven\/","url":"https:\/\/kosovatimes.info\/index.php\/2026\/09\/03\/gruda-kushtetuta-nuk-mund-te-imponohet-lvv-po-bllokon-kosoven\/","name":"Gruda: Kushtetuta nuk mund t\u00eb imponohet, LVV po bllokon Kosov\u00ebn - Kosova Times","isPartOf":{"@id":"https:\/\/kosovatimes.info\/#website"},"primaryImageOfPage":{"@id":"https:\/\/kosovatimes.info\/index.php\/2026\/09\/03\/gruda-kushtetuta-nuk-mund-te-imponohet-lvv-po-bllokon-kosoven\/#primaryimage"},"image":{"@id":"https:\/\/kosovatimes.info\/index.php\/2026\/09\/03\/gruda-kushtetuta-nuk-mund-te-imponohet-lvv-po-bllokon-kosoven\/#primaryimage"},"thumbnailUrl":"https:\/\/kosovatimes.info\/wp-content\/uploads\/2026\/09\/Gruda.png","datePublished":"2026-09-03T09:04:00+00:00","dateModified":"2026-09-03T12:47:25+00:00","author":{"@id":"https:\/\/kosovatimes.info\/#\/schema\/person\/7586712b9c512fe68085de007378c915"},"breadcrumb":{"@id":"https:\/\/kosovatimes.info\/index.php\/2026\/09\/03\/gruda-kushtetuta-nuk-mund-te-imponohet-lvv-po-bllokon-kosoven\/#breadcrumb"},"inLanguage":"en-US","potentialAction":[{"@type":"ReadAction","target":["https:\/\/kosovatimes.info\/index.php\/2026\/09\/03\/gruda-kushtetuta-nuk-mund-te-imponohet-lvv-po-bllokon-kosoven\/"]}]},{"@type":"ImageObject","inLanguage":"en-US","@id":"https:\/\/kosovatimes.info\/index.php\/2026\/09\/03\/gruda-kushtetuta-nuk-mund-te-imponohet-lvv-po-bllokon-kosoven\/#primaryimage","url":"https:\/\/kosovatimes.info\/wp-content\/uploads\/2026\/09\/Gruda.png","contentUrl":"https:\/\/kosovatimes.info\/wp-content\/uploads\/2026\/09\/Gruda.png","width":669,"height":478},{"@type":"BreadcrumbList","@id":"https:\/\/kosovatimes.info\/index.php\/2026\/09\/03\/gruda-kushtetuta-nuk-mund-te-imponohet-lvv-po-bllokon-kosoven\/#breadcrumb","itemListElement":[{"@type":"ListItem","position":1,"name":"Home","item":"https:\/\/kosovatimes.info\/"},{"@type":"ListItem","position":2,"name":"Gruda: Kushtetuta nuk mund t\u00eb imponohet, LVV po bllokon Kosov\u00ebn"}]},{"@type":"WebSite","@id":"https:\/\/kosovatimes.info\/#website","url":"https:\/\/kosovatimes.info\/","name":"Kosova Times","description":"","potentialAction":[{"@type":"SearchAction","target":{"@type":"EntryPoint","urlTemplate":"https:\/\/kosovatimes.info\/?s={search_term_string}"},"query-input":{"@type":"PropertyValueSpecification","valueRequired":true,"valueName":"search_term_string"}}],"inLanguage":"en-US"},{"@type":"Person","@id":"https:\/\/kosovatimes.info\/#\/schema\/person\/7586712b9c512fe68085de007378c915","name":"i l","image":{"@type":"ImageObject","inLanguage":"en-US","@id":"https:\/\/secure.gravatar.com\/avatar\/bad9296e02816160ae2e2435beda58222022298d5625d49fea74d18816fbb31d?s=96&d=mm&r=g","url":"https:\/\/secure.gravatar.com\/avatar\/bad9296e02816160ae2e2435beda58222022298d5625d49fea74d18816fbb31d?s=96&d=mm&r=g","contentUrl":"https:\/\/secure.gravatar.com\/avatar\/bad9296e02816160ae2e2435beda58222022298d5625d49fea74d18816fbb31d?s=96&d=mm&r=g","caption":"i l"},"url":"https:\/\/kosovatimes.info\/index.php\/author\/iliri\/"}]}},"_links":{"self":[{"href":"https:\/\/kosovatimes.info\/index.php\/wp-json\/wp\/v2\/posts\/30810","targetHints":{"allow":["GET"]}}],"collection":[{"href":"https:\/\/kosovatimes.info\/index.php\/wp-json\/wp\/v2\/posts"}],"about":[{"href":"https:\/\/kosovatimes.info\/index.php\/wp-json\/wp\/v2\/types\/post"}],"author":[{"embeddable":true,"href":"https:\/\/kosovatimes.info\/index.php\/wp-json\/wp\/v2\/users\/4"}],"replies":[{"embeddable":true,"href":"https:\/\/kosovatimes.info\/index.php\/wp-json\/wp\/v2\/comments?post=30810"}],"version-history":[{"count":1,"href":"https:\/\/kosovatimes.info\/index.php\/wp-json\/wp\/v2\/posts\/30810\/revisions"}],"predecessor-version":[{"id":30812,"href":"https:\/\/kosovatimes.info\/index.php\/wp-json\/wp\/v2\/posts\/30810\/revisions\/30812"}],"wp:featuredmedia":[{"embeddable":true,"href":"https:\/\/kosovatimes.info\/index.php\/wp-json\/wp\/v2\/media\/30811"}],"wp:attachment":[{"href":"https:\/\/kosovatimes.info\/index.php\/wp-json\/wp\/v2\/media?parent=30810"}],"wp:term":[{"taxonomy":"category","embeddable":true,"href":"https:\/\/kosovatimes.info\/index.php\/wp-json\/wp\/v2\/categories?post=30810"},{"taxonomy":"post_tag","embeddable":true,"href":"https:\/\/kosovatimes.info\/index.php\/wp-json\/wp\/v2\/tags?post=30810"}],"curies":[{"name":"wp","href":"https:\/\/api.w.org\/{rel}","templated":true}]}}