{"id":30816,"date":"2026-09-03T14:52:23","date_gmt":"2026-09-03T12:52:23","guid":{"rendered":"https:\/\/kosovatimes.info\/?p=30816"},"modified":"2026-09-03T14:52:24","modified_gmt":"2026-09-03T12:52:24","slug":"serbia-merr-trupin-e-kriminelit-te-luftes-ratko-mladic","status":"publish","type":"post","link":"https:\/\/kosovatimes.info\/index.php\/2026\/09\/03\/serbia-merr-trupin-e-kriminelit-te-luftes-ratko-mladic\/","title":{"rendered":"Serbia merr trupin e kriminelit t\u00eb luft\u00ebs Ratko Mladi\u00e7"},"content":{"rendered":"\n<p class=\"wp-block-paragraph\">Trupi i kriminelit t\u00eb luft\u00ebs Ratko Mladi\u0107, i cili vdiq n\u00eb burgun e Hag\u00ebs, \u00ebsht\u00eb marr  dhe duhet t\u00eb mb\u00ebrrij\u00eb n\u00eb Serbi n\u00eb or\u00ebt e vona t\u00eb pasdites.K\u00ebt\u00eb e konfirmoi Presidenti i Serbis\u00eb, Aleksandar Vu\u00e7i\u00e7, duke th\u00ebn\u00eb se n\u00eb dit\u00ebt n\u00eb vijim familja duhet t\u00eb njoftoj\u00eb detajet e asaj q\u00eb d\u00ebshiron n\u00eb lidhje me organizimin e funeralit dhe procedurat e tjera.<\/p>\n\n\n\n<p class=\"wp-block-paragraph\">&#8220;Mendoj se familja do t\u00eb d\u00ebrgoj\u00eb nj\u00eb njoftim, por p\u00ebr aq sa di un\u00eb, trupi \u00ebsht\u00eb marr\u00eb dhe duhet t\u00eb mb\u00ebrrij\u00eb n\u00eb Serbi n\u00eb fund t\u00eb pasdites. Mendoj se djali i tij, Darko, do t&#8217;i informoj\u00eb t\u00eb gjith\u00eb p\u00ebr at\u00eb q\u00eb d\u00ebshiron familja n\u00eb dit\u00ebt n\u00eb vijim&#8221;, tha Vu\u00e7i\u00e7.<\/p>\n\n\n\n<p class=\"wp-block-paragraph\">Ai shtoi se sh\u00ebrbimet shtet\u00ebrore serbe do t&#8217;i ofrojn\u00eb familjes mb\u00ebshtetje logjistike dhe transporti, por gjithashtu do t\u00eb marrin masa p\u00ebr t\u00eb siguruar rendin publik, paqen dhe sigurin\u00eb.<\/p>\n\n\n\n<p class=\"wp-block-paragraph\">&#8220;Ne do t\u00eb jemi atje p\u00ebr t\u00eb ofruar t\u00eb gjitha llojet e mb\u00ebshtetjes logjistike dhe transportit p\u00ebr t\u00eb ruajtur rendin publik, paqen dhe sigurin\u00eb. \u00cbsht\u00eb shum\u00eb e v\u00ebshtir\u00eb t\u00eb sigurohet dhe garantohet siguria p\u00ebr t\u00eb gjith\u00eb&#8221;, tha Presidenti i Serbis\u00eb.<\/p>\n\n\n\n<p class=\"wp-block-paragraph\">Sipas tij, vler\u00ebsimet e Agjencis\u00eb s\u00eb Siguris\u00eb dhe Informacionit (BIA), Agjencis\u00eb s\u00eb Inteligjenc\u00ebs Ushtarake dhe Ministris\u00eb s\u00eb Pun\u00ebve t\u00eb Brendshme t\u00eb Serbis\u00eb tregojn\u00eb p\u00ebr pranin\u00eb e mundshme t\u00eb dhjet\u00ebra mij\u00ebra njer\u00ebzve.<\/p>\n\n\n\n<p class=\"wp-block-paragraph\">\u201cDo t\u00eb jet\u00eb shum\u00eb e r\u00ebnd\u00ebsishme, duke pasur parasysh vler\u00ebsimet e BIA-s dhe agjencis\u00eb ushtarake, MUP-it, t\u00eb cilat jan\u00eb t\u00eb pranishme me dhjet\u00ebra mij\u00ebra, k\u00ebshtu q\u00eb ne duhet t\u00eb sigurojm\u00eb gjith\u00e7ka. Nj\u00eb pun\u00eb e v\u00ebshtir\u00eb \u00ebsht\u00eb p\u00ebrpara sh\u00ebrbimeve tona dhe ne do t\u00eb p\u00ebrdorim gjith\u00e7ka p\u00ebr ta siguruar at\u00eb\u201d, tha Vu\u00e7i\u00e7.<\/p>\n","protected":false},"excerpt":{"rendered":"<p>Trupi i kriminelit t\u00eb luft\u00ebs Ratko Mladi\u0107, i cili vdiq n\u00eb burgun e Hag\u00ebs, \u00ebsht\u00eb marr dhe duhet t\u00eb mb\u00ebrrij\u00eb n\u00eb Serbi n\u00eb or\u00ebt e vona t\u00eb pasdites.K\u00ebt\u00eb e konfirmoi Presidenti i Serbis\u00eb, Aleksandar Vu\u00e7i\u00e7, duke th\u00ebn\u00eb se n\u00eb dit\u00ebt n\u00eb vijim familja duhet t\u00eb njoftoj\u00eb detajet e asaj q\u00eb d\u00ebshiron n\u00eb lidhje me organizimin [&hellip;]<\/p>\n","protected":false},"author":4,"featured_media":30817,"comment_status":"open","ping_status":"open","sticky":false,"template":"","format":"standard","meta":{"footnotes":""},"categories":[30,32],"tags":[],"class_list":["post-30816","post","type-post","status-publish","format-standard","has-post-thumbnail","category-lajme","category-rajon"],"yoast_head":"<!-- This site is optimized with the Yoast SEO plugin v27.4 - https:\/\/yoast.com\/product\/yoast-seo-wordpress\/ -->\n<title>Serbia merr trupin e kriminelit t\u00eb luft\u00ebs Ratko Mladi\u00e7 - Kosova Times<\/title>\n<meta name=\"robots\" content=\"index, follow, max-snippet:-1, max-image-preview:large, max-video-preview:-1\" \/>\n<link rel=\"canonical\" href=\"https:\/\/kosovatimes.info\/index.php\/2026\/09\/03\/serbia-merr-trupin-e-kriminelit-te-luftes-ratko-mladic\/\" \/>\n<meta property=\"og:locale\" content=\"en_US\" \/>\n<meta property=\"og:type\" content=\"article\" \/>\n<meta property=\"og:title\" content=\"Serbia merr trupin e kriminelit t\u00eb luft\u00ebs Ratko Mladi\u00e7 - Kosova Times\" \/>\n<meta property=\"og:description\" content=\"Trupi i kriminelit t\u00eb luft\u00ebs Ratko Mladi\u0107, i cili vdiq n\u00eb burgun e Hag\u00ebs, \u00ebsht\u00eb marr dhe duhet t\u00eb mb\u00ebrrij\u00eb n\u00eb Serbi n\u00eb or\u00ebt e vona t\u00eb pasdites.K\u00ebt\u00eb e konfirmoi Presidenti i Serbis\u00eb, Aleksandar Vu\u00e7i\u00e7, duke th\u00ebn\u00eb se n\u00eb dit\u00ebt n\u00eb vijim familja duhet t\u00eb njoftoj\u00eb detajet e asaj q\u00eb d\u00ebshiron n\u00eb lidhje me organizimin [&hellip;]\" \/>\n<meta property=\"og:url\" content=\"https:\/\/kosovatimes.info\/index.php\/2026\/09\/03\/serbia-merr-trupin-e-kriminelit-te-luftes-ratko-mladic\/\" \/>\n<meta property=\"og:site_name\" content=\"Kosova Times\" \/>\n<meta property=\"article:published_time\" content=\"2026-09-03T12:52:23+00:00\" \/>\n<meta property=\"article:modified_time\" content=\"2026-09-03T12:52:24+00:00\" \/>\n<meta property=\"og:image\" content=\"https:\/\/kosovatimes.info\/wp-content\/uploads\/2026\/09\/Vuciq.webp\" \/>\n\t<meta property=\"og:image:width\" content=\"800\" \/>\n\t<meta property=\"og:image:height\" content=\"533\" \/>\n\t<meta property=\"og:image:type\" content=\"image\/webp\" \/>\n<meta name=\"author\" content=\"i l\" \/>\n<meta name=\"twitter:card\" content=\"summary_large_image\" \/>\n<meta name=\"twitter:label1\" content=\"Written by\" \/>\n\t<meta name=\"twitter:data1\" content=\"i l\" \/>\n\t<meta name=\"twitter:label2\" content=\"Est. reading time\" \/>\n\t<meta name=\"twitter:data2\" content=\"2 minutes\" \/>\n<script type=\"application\/ld+json\" class=\"yoast-schema-graph\">{\"@context\":\"https:\\\/\\\/schema.org\",\"@graph\":[{\"@type\":\"Article\",\"@id\":\"https:\\\/\\\/kosovatimes.info\\\/index.php\\\/2026\\\/09\\\/03\\\/serbia-merr-trupin-e-kriminelit-te-luftes-ratko-mladic\\\/#article\",\"isPartOf\":{\"@id\":\"https:\\\/\\\/kosovatimes.info\\\/index.php\\\/2026\\\/09\\\/03\\\/serbia-merr-trupin-e-kriminelit-te-luftes-ratko-mladic\\\/\"},\"author\":{\"name\":\"i l\",\"@id\":\"https:\\\/\\\/kosovatimes.info\\\/#\\\/schema\\\/person\\\/7586712b9c512fe68085de007378c915\"},\"headline\":\"Serbia merr trupin e kriminelit t\u00eb luft\u00ebs Ratko Mladi\u00e7\",\"datePublished\":\"2026-09-03T12:52:23+00:00\",\"dateModified\":\"2026-09-03T12:52:24+00:00\",\"mainEntityOfPage\":{\"@id\":\"https:\\\/\\\/kosovatimes.info\\\/index.php\\\/2026\\\/09\\\/03\\\/serbia-merr-trupin-e-kriminelit-te-luftes-ratko-mladic\\\/\"},\"wordCount\":319,\"commentCount\":0,\"image\":{\"@id\":\"https:\\\/\\\/kosovatimes.info\\\/index.php\\\/2026\\\/09\\\/03\\\/serbia-merr-trupin-e-kriminelit-te-luftes-ratko-mladic\\\/#primaryimage\"},\"thumbnailUrl\":\"https:\\\/\\\/kosovatimes.info\\\/wp-content\\\/uploads\\\/2026\\\/09\\\/Vuciq.webp\",\"articleSection\":[\"Lajme\",\"Rajon\"],\"inLanguage\":\"en-US\",\"potentialAction\":[{\"@type\":\"CommentAction\",\"name\":\"Comment\",\"target\":[\"https:\\\/\\\/kosovatimes.info\\\/index.php\\\/2026\\\/09\\\/03\\\/serbia-merr-trupin-e-kriminelit-te-luftes-ratko-mladic\\\/#respond\"]}]},{\"@type\":\"WebPage\",\"@id\":\"https:\\\/\\\/kosovatimes.info\\\/index.php\\\/2026\\\/09\\\/03\\\/serbia-merr-trupin-e-kriminelit-te-luftes-ratko-mladic\\\/\",\"url\":\"https:\\\/\\\/kosovatimes.info\\\/index.php\\\/2026\\\/09\\\/03\\\/serbia-merr-trupin-e-kriminelit-te-luftes-ratko-mladic\\\/\",\"name\":\"Serbia merr trupin e kriminelit t\u00eb luft\u00ebs Ratko Mladi\u00e7 - Kosova Times\",\"isPartOf\":{\"@id\":\"https:\\\/\\\/kosovatimes.info\\\/#website\"},\"primaryImageOfPage\":{\"@id\":\"https:\\\/\\\/kosovatimes.info\\\/index.php\\\/2026\\\/09\\\/03\\\/serbia-merr-trupin-e-kriminelit-te-luftes-ratko-mladic\\\/#primaryimage\"},\"image\":{\"@id\":\"https:\\\/\\\/kosovatimes.info\\\/index.php\\\/2026\\\/09\\\/03\\\/serbia-merr-trupin-e-kriminelit-te-luftes-ratko-mladic\\\/#primaryimage\"},\"thumbnailUrl\":\"https:\\\/\\\/kosovatimes.info\\\/wp-content\\\/uploads\\\/2026\\\/09\\\/Vuciq.webp\",\"datePublished\":\"2026-09-03T12:52:23+00:00\",\"dateModified\":\"2026-09-03T12:52:24+00:00\",\"author\":{\"@id\":\"https:\\\/\\\/kosovatimes.info\\\/#\\\/schema\\\/person\\\/7586712b9c512fe68085de007378c915\"},\"breadcrumb\":{\"@id\":\"https:\\\/\\\/kosovatimes.info\\\/index.php\\\/2026\\\/09\\\/03\\\/serbia-merr-trupin-e-kriminelit-te-luftes-ratko-mladic\\\/#breadcrumb\"},\"inLanguage\":\"en-US\",\"potentialAction\":[{\"@type\":\"ReadAction\",\"target\":[\"https:\\\/\\\/kosovatimes.info\\\/index.php\\\/2026\\\/09\\\/03\\\/serbia-merr-trupin-e-kriminelit-te-luftes-ratko-mladic\\\/\"]}]},{\"@type\":\"ImageObject\",\"inLanguage\":\"en-US\",\"@id\":\"https:\\\/\\\/kosovatimes.info\\\/index.php\\\/2026\\\/09\\\/03\\\/serbia-merr-trupin-e-kriminelit-te-luftes-ratko-mladic\\\/#primaryimage\",\"url\":\"https:\\\/\\\/kosovatimes.info\\\/wp-content\\\/uploads\\\/2026\\\/09\\\/Vuciq.webp\",\"contentUrl\":\"https:\\\/\\\/kosovatimes.info\\\/wp-content\\\/uploads\\\/2026\\\/09\\\/Vuciq.webp\",\"width\":800,\"height\":533},{\"@type\":\"BreadcrumbList\",\"@id\":\"https:\\\/\\\/kosovatimes.info\\\/index.php\\\/2026\\\/09\\\/03\\\/serbia-merr-trupin-e-kriminelit-te-luftes-ratko-mladic\\\/#breadcrumb\",\"itemListElement\":[{\"@type\":\"ListItem\",\"position\":1,\"name\":\"Home\",\"item\":\"https:\\\/\\\/kosovatimes.info\\\/\"},{\"@type\":\"ListItem\",\"position\":2,\"name\":\"Serbia merr trupin e kriminelit t\u00eb luft\u00ebs Ratko Mladi\u00e7\"}]},{\"@type\":\"WebSite\",\"@id\":\"https:\\\/\\\/kosovatimes.info\\\/#website\",\"url\":\"https:\\\/\\\/kosovatimes.info\\\/\",\"name\":\"Kosova Times\",\"description\":\"\",\"potentialAction\":[{\"@type\":\"SearchAction\",\"target\":{\"@type\":\"EntryPoint\",\"urlTemplate\":\"https:\\\/\\\/kosovatimes.info\\\/?s={search_term_string}\"},\"query-input\":{\"@type\":\"PropertyValueSpecification\",\"valueRequired\":true,\"valueName\":\"search_term_string\"}}],\"inLanguage\":\"en-US\"},{\"@type\":\"Person\",\"@id\":\"https:\\\/\\\/kosovatimes.info\\\/#\\\/schema\\\/person\\\/7586712b9c512fe68085de007378c915\",\"name\":\"i l\",\"image\":{\"@type\":\"ImageObject\",\"inLanguage\":\"en-US\",\"@id\":\"https:\\\/\\\/secure.gravatar.com\\\/avatar\\\/bad9296e02816160ae2e2435beda58222022298d5625d49fea74d18816fbb31d?s=96&d=mm&r=g\",\"url\":\"https:\\\/\\\/secure.gravatar.com\\\/avatar\\\/bad9296e02816160ae2e2435beda58222022298d5625d49fea74d18816fbb31d?s=96&d=mm&r=g\",\"contentUrl\":\"https:\\\/\\\/secure.gravatar.com\\\/avatar\\\/bad9296e02816160ae2e2435beda58222022298d5625d49fea74d18816fbb31d?s=96&d=mm&r=g\",\"caption\":\"i l\"},\"url\":\"https:\\\/\\\/kosovatimes.info\\\/index.php\\\/author\\\/iliri\\\/\"}]}<\/script>\n<!-- \/ Yoast SEO plugin. -->","yoast_head_json":{"title":"Serbia merr trupin e kriminelit t\u00eb luft\u00ebs Ratko Mladi\u00e7 - Kosova Times","robots":{"index":"index","follow":"follow","max-snippet":"max-snippet:-1","max-image-preview":"max-image-preview:large","max-video-preview":"max-video-preview:-1"},"canonical":"https:\/\/kosovatimes.info\/index.php\/2026\/09\/03\/serbia-merr-trupin-e-kriminelit-te-luftes-ratko-mladic\/","og_locale":"en_US","og_type":"article","og_title":"Serbia merr trupin e kriminelit t\u00eb luft\u00ebs Ratko Mladi\u00e7 - Kosova Times","og_description":"Trupi i kriminelit t\u00eb luft\u00ebs Ratko Mladi\u0107, i cili vdiq n\u00eb burgun e Hag\u00ebs, \u00ebsht\u00eb marr dhe duhet t\u00eb mb\u00ebrrij\u00eb n\u00eb Serbi n\u00eb or\u00ebt e vona t\u00eb pasdites.K\u00ebt\u00eb e konfirmoi Presidenti i Serbis\u00eb, Aleksandar Vu\u00e7i\u00e7, duke th\u00ebn\u00eb se n\u00eb dit\u00ebt n\u00eb vijim familja duhet t\u00eb njoftoj\u00eb detajet e asaj q\u00eb d\u00ebshiron n\u00eb lidhje me organizimin [&hellip;]","og_url":"https:\/\/kosovatimes.info\/index.php\/2026\/09\/03\/serbia-merr-trupin-e-kriminelit-te-luftes-ratko-mladic\/","og_site_name":"Kosova Times","article_published_time":"2026-09-03T12:52:23+00:00","article_modified_time":"2026-09-03T12:52:24+00:00","og_image":[{"width":800,"height":533,"url":"https:\/\/kosovatimes.info\/wp-content\/uploads\/2026\/09\/Vuciq.webp","type":"image\/webp"}],"author":"i l","twitter_card":"summary_large_image","twitter_misc":{"Written by":"i l","Est. reading time":"2 minutes"},"schema":{"@context":"https:\/\/schema.org","@graph":[{"@type":"Article","@id":"https:\/\/kosovatimes.info\/index.php\/2026\/09\/03\/serbia-merr-trupin-e-kriminelit-te-luftes-ratko-mladic\/#article","isPartOf":{"@id":"https:\/\/kosovatimes.info\/index.php\/2026\/09\/03\/serbia-merr-trupin-e-kriminelit-te-luftes-ratko-mladic\/"},"author":{"name":"i l","@id":"https:\/\/kosovatimes.info\/#\/schema\/person\/7586712b9c512fe68085de007378c915"},"headline":"Serbia merr trupin e kriminelit t\u00eb luft\u00ebs Ratko Mladi\u00e7","datePublished":"2026-09-03T12:52:23+00:00","dateModified":"2026-09-03T12:52:24+00:00","mainEntityOfPage":{"@id":"https:\/\/kosovatimes.info\/index.php\/2026\/09\/03\/serbia-merr-trupin-e-kriminelit-te-luftes-ratko-mladic\/"},"wordCount":319,"commentCount":0,"image":{"@id":"https:\/\/kosovatimes.info\/index.php\/2026\/09\/03\/serbia-merr-trupin-e-kriminelit-te-luftes-ratko-mladic\/#primaryimage"},"thumbnailUrl":"https:\/\/kosovatimes.info\/wp-content\/uploads\/2026\/09\/Vuciq.webp","articleSection":["Lajme","Rajon"],"inLanguage":"en-US","potentialAction":[{"@type":"CommentAction","name":"Comment","target":["https:\/\/kosovatimes.info\/index.php\/2026\/09\/03\/serbia-merr-trupin-e-kriminelit-te-luftes-ratko-mladic\/#respond"]}]},{"@type":"WebPage","@id":"https:\/\/kosovatimes.info\/index.php\/2026\/09\/03\/serbia-merr-trupin-e-kriminelit-te-luftes-ratko-mladic\/","url":"https:\/\/kosovatimes.info\/index.php\/2026\/09\/03\/serbia-merr-trupin-e-kriminelit-te-luftes-ratko-mladic\/","name":"Serbia merr trupin e kriminelit t\u00eb luft\u00ebs Ratko Mladi\u00e7 - Kosova Times","isPartOf":{"@id":"https:\/\/kosovatimes.info\/#website"},"primaryImageOfPage":{"@id":"https:\/\/kosovatimes.info\/index.php\/2026\/09\/03\/serbia-merr-trupin-e-kriminelit-te-luftes-ratko-mladic\/#primaryimage"},"image":{"@id":"https:\/\/kosovatimes.info\/index.php\/2026\/09\/03\/serbia-merr-trupin-e-kriminelit-te-luftes-ratko-mladic\/#primaryimage"},"thumbnailUrl":"https:\/\/kosovatimes.info\/wp-content\/uploads\/2026\/09\/Vuciq.webp","datePublished":"2026-09-03T12:52:23+00:00","dateModified":"2026-09-03T12:52:24+00:00","author":{"@id":"https:\/\/kosovatimes.info\/#\/schema\/person\/7586712b9c512fe68085de007378c915"},"breadcrumb":{"@id":"https:\/\/kosovatimes.info\/index.php\/2026\/09\/03\/serbia-merr-trupin-e-kriminelit-te-luftes-ratko-mladic\/#breadcrumb"},"inLanguage":"en-US","potentialAction":[{"@type":"ReadAction","target":["https:\/\/kosovatimes.info\/index.php\/2026\/09\/03\/serbia-merr-trupin-e-kriminelit-te-luftes-ratko-mladic\/"]}]},{"@type":"ImageObject","inLanguage":"en-US","@id":"https:\/\/kosovatimes.info\/index.php\/2026\/09\/03\/serbia-merr-trupin-e-kriminelit-te-luftes-ratko-mladic\/#primaryimage","url":"https:\/\/kosovatimes.info\/wp-content\/uploads\/2026\/09\/Vuciq.webp","contentUrl":"https:\/\/kosovatimes.info\/wp-content\/uploads\/2026\/09\/Vuciq.webp","width":800,"height":533},{"@type":"BreadcrumbList","@id":"https:\/\/kosovatimes.info\/index.php\/2026\/09\/03\/serbia-merr-trupin-e-kriminelit-te-luftes-ratko-mladic\/#breadcrumb","itemListElement":[{"@type":"ListItem","position":1,"name":"Home","item":"https:\/\/kosovatimes.info\/"},{"@type":"ListItem","position":2,"name":"Serbia merr trupin e kriminelit t\u00eb luft\u00ebs Ratko Mladi\u00e7"}]},{"@type":"WebSite","@id":"https:\/\/kosovatimes.info\/#website","url":"https:\/\/kosovatimes.info\/","name":"Kosova Times","description":"","potentialAction":[{"@type":"SearchAction","target":{"@type":"EntryPoint","urlTemplate":"https:\/\/kosovatimes.info\/?s={search_term_string}"},"query-input":{"@type":"PropertyValueSpecification","valueRequired":true,"valueName":"search_term_string"}}],"inLanguage":"en-US"},{"@type":"Person","@id":"https:\/\/kosovatimes.info\/#\/schema\/person\/7586712b9c512fe68085de007378c915","name":"i l","image":{"@type":"ImageObject","inLanguage":"en-US","@id":"https:\/\/secure.gravatar.com\/avatar\/bad9296e02816160ae2e2435beda58222022298d5625d49fea74d18816fbb31d?s=96&d=mm&r=g","url":"https:\/\/secure.gravatar.com\/avatar\/bad9296e02816160ae2e2435beda58222022298d5625d49fea74d18816fbb31d?s=96&d=mm&r=g","contentUrl":"https:\/\/secure.gravatar.com\/avatar\/bad9296e02816160ae2e2435beda58222022298d5625d49fea74d18816fbb31d?s=96&d=mm&r=g","caption":"i l"},"url":"https:\/\/kosovatimes.info\/index.php\/author\/iliri\/"}]}},"_links":{"self":[{"href":"https:\/\/kosovatimes.info\/index.php\/wp-json\/wp\/v2\/posts\/30816","targetHints":{"allow":["GET"]}}],"collection":[{"href":"https:\/\/kosovatimes.info\/index.php\/wp-json\/wp\/v2\/posts"}],"about":[{"href":"https:\/\/kosovatimes.info\/index.php\/wp-json\/wp\/v2\/types\/post"}],"author":[{"embeddable":true,"href":"https:\/\/kosovatimes.info\/index.php\/wp-json\/wp\/v2\/users\/4"}],"replies":[{"embeddable":true,"href":"https:\/\/kosovatimes.info\/index.php\/wp-json\/wp\/v2\/comments?post=30816"}],"version-history":[{"count":1,"href":"https:\/\/kosovatimes.info\/index.php\/wp-json\/wp\/v2\/posts\/30816\/revisions"}],"predecessor-version":[{"id":30818,"href":"https:\/\/kosovatimes.info\/index.php\/wp-json\/wp\/v2\/posts\/30816\/revisions\/30818"}],"wp:featuredmedia":[{"embeddable":true,"href":"https:\/\/kosovatimes.info\/index.php\/wp-json\/wp\/v2\/media\/30817"}],"wp:attachment":[{"href":"https:\/\/kosovatimes.info\/index.php\/wp-json\/wp\/v2\/media?parent=30816"}],"wp:term":[{"taxonomy":"category","embeddable":true,"href":"https:\/\/kosovatimes.info\/index.php\/wp-json\/wp\/v2\/categories?post=30816"},{"taxonomy":"post_tag","embeddable":true,"href":"https:\/\/kosovatimes.info\/index.php\/wp-json\/wp\/v2\/tags?post=30816"}],"curies":[{"name":"wp","href":"https:\/\/api.w.org\/{rel}","templated":true}]}}