{"id":30819,"date":"2026-09-03T14:54:06","date_gmt":"2026-09-03T12:54:06","guid":{"rendered":"https:\/\/kosovatimes.info\/?p=30819"},"modified":"2026-09-03T14:54:08","modified_gmt":"2026-09-03T12:54:08","slug":"lavderimi-i-nje-krimineli-u-kushtoi-shtrenjte-kater-shtetas-te-bih-u-arrestuan-ne-dubrovnik-per-lavderimin-e-ratko-mladicit","status":"publish","type":"post","link":"https:\/\/kosovatimes.info\/index.php\/2026\/09\/03\/lavderimi-i-nje-krimineli-u-kushtoi-shtrenjte-kater-shtetas-te-bih-u-arrestuan-ne-dubrovnik-per-lavderimin-e-ratko-mladicit\/","title":{"rendered":"Lavd\u00ebrimi i nj\u00eb krimineli u kushtoi shtrenjt\u00eb: Kat\u00ebr shtetas t\u00eb BiH u arrestuan n\u00eb Dubrovnik p\u00ebr lavd\u00ebrimin e Ratko Mladi\u00e7it"},"content":{"rendered":"\n<p class=\"wp-block-paragraph\">Policia e Dubrovnikut-Neretv\u00ebs arrestoi pes\u00eb burra p\u00ebr publikimin e p\u00ebrmbajtjes q\u00eb lavd\u00ebronte kriminelin e d\u00ebnuar t\u00eb luft\u00ebs Ratko Mladi\u00e7 pas vdekjes s\u00eb tij.<\/p>\n\n\n\n<p class=\"wp-block-paragraph\">B\u00ebhet fjal\u00eb p\u00ebr kat\u00ebr shtetas t\u00eb Bosnj\u00ebs dhe Hercegovin\u00ebs q\u00eb banojn\u00eb p\u00ebrkoh\u00ebsisht n\u00eb Kroaci, t\u00eb mosh\u00ebs 31, 30, 25 dhe 25 vje\u00e7, dhe nj\u00eb shtetas kroat 35-vje\u00e7ar.<\/p>\n\n\n\n<p class=\"wp-block-paragraph\">Policia kreu nj\u00eb hetim penal nga 28 gushti deri m\u00eb 2 shtator, pasi mori raportime t\u00eb shumta nga qytetar\u00ebt.<\/p>\n\n\n\n<p class=\"wp-block-paragraph\">U p\u00ebrcaktua se burrat postuan imazhe, simbole, poema dhe tekste n\u00eb profile t\u00eb hapura publikisht n\u00eb mediat sociale, duke i b\u00ebr\u00eb homazhe dhe duke i shprehur mir\u00ebnjohje Mladi\u00e7it.<\/p>\n\n\n\n<p class=\"wp-block-paragraph\">Policia pretendon se postime t\u00eb tilla shkaktuan ankth, shqet\u00ebsim dhe ndjenj\u00eb l\u00ebndimi tek qytetar\u00ebt dhe ofenduan ndjenjat e tyre komb\u00ebtare. Ata akuzohen p\u00ebr shkelje sipas Nenit 5 t\u00eb Ligjit p\u00ebr Veprat Kund\u00ebr Rendit dhe Qet\u00ebsis\u00eb Publike.<\/p>\n\n\n\n<p class=\"wp-block-paragraph\">T\u00eb pes\u00eb u arrestuan. Nj\u00eb burr\u00eb u gjet n\u00eb zon\u00ebn e Zhupa Dubrova\u00e7k\u00ebs dhe kat\u00ebr n\u00eb zon\u00ebn e Dubrovnikut.<\/p>\n\n\n\n<p class=\"wp-block-paragraph\">Tre shtetas t\u00eb Bosnj\u00ebs dhe Hercegovin\u00ebs jan\u00eb sjell\u00eb tashm\u00eb n\u00eb Gjykat\u00ebn Komunale n\u00eb Dubrovnik, ku u shpall\u00ebn fajtor\u00eb pa vendim p\u00ebrfundimtar dhe u gjobit\u00ebn. Pas k\u00ebsaj, lejet e tyre t\u00eb q\u00ebndrimit dhe t\u00eb pun\u00ebs do t\u00eb revokohen, q\u00ebndrimi i tyre afatshkurt\u00ebr n\u00eb Kroaci do t\u00eb anulohet dhe do t&#8217;u ndalohet hyrja n\u00eb vend p\u00ebr tre muaj.<\/p>\n\n\n\n<p class=\"wp-block-paragraph\">Ata gjithashtu i jan\u00eb n\u00ebnshtruar procedurave t\u00eb d\u00ebbimit nga Zona Ekonomike Evropiane dhe nj\u00eb ndalimi hyrjeje dy-vje\u00e7ar. Kjo mas\u00eb do t\u00eb hyj\u00eb n\u00eb fuqi sapo vendimet t\u00eb b\u00ebhen t\u00eb plotfuqishme. Nj\u00eb shtetas i kat\u00ebrt i BiH dhe nj\u00eb shtetas kroat 35-vje\u00e7ar do t\u00eb sillen gjithashtu para Gjykat\u00ebs Komunale n\u00eb Dubrovnik.<\/p>\n","protected":false},"excerpt":{"rendered":"<p>Policia e Dubrovnikut-Neretv\u00ebs arrestoi pes\u00eb burra p\u00ebr publikimin e p\u00ebrmbajtjes q\u00eb lavd\u00ebronte kriminelin e d\u00ebnuar t\u00eb luft\u00ebs Ratko Mladi\u00e7 pas vdekjes s\u00eb tij. B\u00ebhet fjal\u00eb p\u00ebr kat\u00ebr shtetas t\u00eb Bosnj\u00ebs dhe Hercegovin\u00ebs q\u00eb banojn\u00eb p\u00ebrkoh\u00ebsisht n\u00eb Kroaci, t\u00eb mosh\u00ebs 31, 30, 25 dhe 25 vje\u00e7, dhe nj\u00eb shtetas kroat 35-vje\u00e7ar. Policia kreu nj\u00eb hetim penal [&hellip;]<\/p>\n","protected":false},"author":4,"featured_media":30820,"comment_status":"open","ping_status":"open","sticky":false,"template":"","format":"standard","meta":{"footnotes":""},"categories":[30,32],"tags":[],"class_list":["post-30819","post","type-post","status-publish","format-standard","has-post-thumbnail","category-lajme","category-rajon"],"yoast_head":"<!-- This site is optimized with the Yoast SEO plugin v27.4 - https:\/\/yoast.com\/product\/yoast-seo-wordpress\/ -->\n<title>Lavd\u00ebrimi i nj\u00eb krimineli u kushtoi shtrenjt\u00eb: Kat\u00ebr shtetas t\u00eb BiH u arrestuan n\u00eb Dubrovnik p\u00ebr lavd\u00ebrimin e Ratko Mladi\u00e7it - Kosova Times<\/title>\n<meta name=\"robots\" content=\"index, follow, max-snippet:-1, max-image-preview:large, max-video-preview:-1\" \/>\n<link rel=\"canonical\" href=\"https:\/\/kosovatimes.info\/index.php\/2026\/09\/03\/lavderimi-i-nje-krimineli-u-kushtoi-shtrenjte-kater-shtetas-te-bih-u-arrestuan-ne-dubrovnik-per-lavderimin-e-ratko-mladicit\/\" \/>\n<meta property=\"og:locale\" content=\"en_US\" \/>\n<meta property=\"og:type\" content=\"article\" \/>\n<meta property=\"og:title\" content=\"Lavd\u00ebrimi i nj\u00eb krimineli u kushtoi shtrenjt\u00eb: Kat\u00ebr shtetas t\u00eb BiH u arrestuan n\u00eb Dubrovnik p\u00ebr lavd\u00ebrimin e Ratko Mladi\u00e7it - Kosova Times\" \/>\n<meta property=\"og:description\" content=\"Policia e Dubrovnikut-Neretv\u00ebs arrestoi pes\u00eb burra p\u00ebr publikimin e p\u00ebrmbajtjes q\u00eb lavd\u00ebronte kriminelin e d\u00ebnuar t\u00eb luft\u00ebs Ratko Mladi\u00e7 pas vdekjes s\u00eb tij. B\u00ebhet fjal\u00eb p\u00ebr kat\u00ebr shtetas t\u00eb Bosnj\u00ebs dhe Hercegovin\u00ebs q\u00eb banojn\u00eb p\u00ebrkoh\u00ebsisht n\u00eb Kroaci, t\u00eb mosh\u00ebs 31, 30, 25 dhe 25 vje\u00e7, dhe nj\u00eb shtetas kroat 35-vje\u00e7ar. Policia kreu nj\u00eb hetim penal [&hellip;]\" \/>\n<meta property=\"og:url\" content=\"https:\/\/kosovatimes.info\/index.php\/2026\/09\/03\/lavderimi-i-nje-krimineli-u-kushtoi-shtrenjte-kater-shtetas-te-bih-u-arrestuan-ne-dubrovnik-per-lavderimin-e-ratko-mladicit\/\" \/>\n<meta property=\"og:site_name\" content=\"Kosova Times\" \/>\n<meta property=\"article:published_time\" content=\"2026-09-03T12:54:06+00:00\" \/>\n<meta property=\"article:modified_time\" content=\"2026-09-03T12:54:08+00:00\" \/>\n<meta property=\"og:image\" content=\"https:\/\/kosovatimes.info\/wp-content\/uploads\/2026\/09\/Dubrovnik.webp\" \/>\n\t<meta property=\"og:image:width\" content=\"800\" \/>\n\t<meta property=\"og:image:height\" content=\"533\" \/>\n\t<meta property=\"og:image:type\" content=\"image\/webp\" \/>\n<meta name=\"author\" content=\"i l\" \/>\n<meta name=\"twitter:card\" content=\"summary_large_image\" \/>\n<meta name=\"twitter:label1\" content=\"Written by\" \/>\n\t<meta name=\"twitter:data1\" content=\"i l\" \/>\n\t<meta name=\"twitter:label2\" content=\"Est. reading time\" \/>\n\t<meta name=\"twitter:data2\" content=\"2 minutes\" \/>\n<script type=\"application\/ld+json\" class=\"yoast-schema-graph\">{\"@context\":\"https:\\\/\\\/schema.org\",\"@graph\":[{\"@type\":\"Article\",\"@id\":\"https:\\\/\\\/kosovatimes.info\\\/index.php\\\/2026\\\/09\\\/03\\\/lavderimi-i-nje-krimineli-u-kushtoi-shtrenjte-kater-shtetas-te-bih-u-arrestuan-ne-dubrovnik-per-lavderimin-e-ratko-mladicit\\\/#article\",\"isPartOf\":{\"@id\":\"https:\\\/\\\/kosovatimes.info\\\/index.php\\\/2026\\\/09\\\/03\\\/lavderimi-i-nje-krimineli-u-kushtoi-shtrenjte-kater-shtetas-te-bih-u-arrestuan-ne-dubrovnik-per-lavderimin-e-ratko-mladicit\\\/\"},\"author\":{\"name\":\"i l\",\"@id\":\"https:\\\/\\\/kosovatimes.info\\\/#\\\/schema\\\/person\\\/7586712b9c512fe68085de007378c915\"},\"headline\":\"Lavd\u00ebrimi i nj\u00eb krimineli u kushtoi shtrenjt\u00eb: Kat\u00ebr shtetas t\u00eb BiH u arrestuan n\u00eb Dubrovnik p\u00ebr lavd\u00ebrimin e Ratko Mladi\u00e7it\",\"datePublished\":\"2026-09-03T12:54:06+00:00\",\"dateModified\":\"2026-09-03T12:54:08+00:00\",\"mainEntityOfPage\":{\"@id\":\"https:\\\/\\\/kosovatimes.info\\\/index.php\\\/2026\\\/09\\\/03\\\/lavderimi-i-nje-krimineli-u-kushtoi-shtrenjte-kater-shtetas-te-bih-u-arrestuan-ne-dubrovnik-per-lavderimin-e-ratko-mladicit\\\/\"},\"wordCount\":329,\"commentCount\":0,\"image\":{\"@id\":\"https:\\\/\\\/kosovatimes.info\\\/index.php\\\/2026\\\/09\\\/03\\\/lavderimi-i-nje-krimineli-u-kushtoi-shtrenjte-kater-shtetas-te-bih-u-arrestuan-ne-dubrovnik-per-lavderimin-e-ratko-mladicit\\\/#primaryimage\"},\"thumbnailUrl\":\"https:\\\/\\\/kosovatimes.info\\\/wp-content\\\/uploads\\\/2026\\\/09\\\/Dubrovnik.webp\",\"articleSection\":[\"Lajme\",\"Rajon\"],\"inLanguage\":\"en-US\",\"potentialAction\":[{\"@type\":\"CommentAction\",\"name\":\"Comment\",\"target\":[\"https:\\\/\\\/kosovatimes.info\\\/index.php\\\/2026\\\/09\\\/03\\\/lavderimi-i-nje-krimineli-u-kushtoi-shtrenjte-kater-shtetas-te-bih-u-arrestuan-ne-dubrovnik-per-lavderimin-e-ratko-mladicit\\\/#respond\"]}]},{\"@type\":\"WebPage\",\"@id\":\"https:\\\/\\\/kosovatimes.info\\\/index.php\\\/2026\\\/09\\\/03\\\/lavderimi-i-nje-krimineli-u-kushtoi-shtrenjte-kater-shtetas-te-bih-u-arrestuan-ne-dubrovnik-per-lavderimin-e-ratko-mladicit\\\/\",\"url\":\"https:\\\/\\\/kosovatimes.info\\\/index.php\\\/2026\\\/09\\\/03\\\/lavderimi-i-nje-krimineli-u-kushtoi-shtrenjte-kater-shtetas-te-bih-u-arrestuan-ne-dubrovnik-per-lavderimin-e-ratko-mladicit\\\/\",\"name\":\"Lavd\u00ebrimi i nj\u00eb krimineli u kushtoi shtrenjt\u00eb: Kat\u00ebr shtetas t\u00eb BiH u arrestuan n\u00eb Dubrovnik p\u00ebr lavd\u00ebrimin e Ratko Mladi\u00e7it - Kosova Times\",\"isPartOf\":{\"@id\":\"https:\\\/\\\/kosovatimes.info\\\/#website\"},\"primaryImageOfPage\":{\"@id\":\"https:\\\/\\\/kosovatimes.info\\\/index.php\\\/2026\\\/09\\\/03\\\/lavderimi-i-nje-krimineli-u-kushtoi-shtrenjte-kater-shtetas-te-bih-u-arrestuan-ne-dubrovnik-per-lavderimin-e-ratko-mladicit\\\/#primaryimage\"},\"image\":{\"@id\":\"https:\\\/\\\/kosovatimes.info\\\/index.php\\\/2026\\\/09\\\/03\\\/lavderimi-i-nje-krimineli-u-kushtoi-shtrenjte-kater-shtetas-te-bih-u-arrestuan-ne-dubrovnik-per-lavderimin-e-ratko-mladicit\\\/#primaryimage\"},\"thumbnailUrl\":\"https:\\\/\\\/kosovatimes.info\\\/wp-content\\\/uploads\\\/2026\\\/09\\\/Dubrovnik.webp\",\"datePublished\":\"2026-09-03T12:54:06+00:00\",\"dateModified\":\"2026-09-03T12:54:08+00:00\",\"author\":{\"@id\":\"https:\\\/\\\/kosovatimes.info\\\/#\\\/schema\\\/person\\\/7586712b9c512fe68085de007378c915\"},\"breadcrumb\":{\"@id\":\"https:\\\/\\\/kosovatimes.info\\\/index.php\\\/2026\\\/09\\\/03\\\/lavderimi-i-nje-krimineli-u-kushtoi-shtrenjte-kater-shtetas-te-bih-u-arrestuan-ne-dubrovnik-per-lavderimin-e-ratko-mladicit\\\/#breadcrumb\"},\"inLanguage\":\"en-US\",\"potentialAction\":[{\"@type\":\"ReadAction\",\"target\":[\"https:\\\/\\\/kosovatimes.info\\\/index.php\\\/2026\\\/09\\\/03\\\/lavderimi-i-nje-krimineli-u-kushtoi-shtrenjte-kater-shtetas-te-bih-u-arrestuan-ne-dubrovnik-per-lavderimin-e-ratko-mladicit\\\/\"]}]},{\"@type\":\"ImageObject\",\"inLanguage\":\"en-US\",\"@id\":\"https:\\\/\\\/kosovatimes.info\\\/index.php\\\/2026\\\/09\\\/03\\\/lavderimi-i-nje-krimineli-u-kushtoi-shtrenjte-kater-shtetas-te-bih-u-arrestuan-ne-dubrovnik-per-lavderimin-e-ratko-mladicit\\\/#primaryimage\",\"url\":\"https:\\\/\\\/kosovatimes.info\\\/wp-content\\\/uploads\\\/2026\\\/09\\\/Dubrovnik.webp\",\"contentUrl\":\"https:\\\/\\\/kosovatimes.info\\\/wp-content\\\/uploads\\\/2026\\\/09\\\/Dubrovnik.webp\",\"width\":800,\"height\":533},{\"@type\":\"BreadcrumbList\",\"@id\":\"https:\\\/\\\/kosovatimes.info\\\/index.php\\\/2026\\\/09\\\/03\\\/lavderimi-i-nje-krimineli-u-kushtoi-shtrenjte-kater-shtetas-te-bih-u-arrestuan-ne-dubrovnik-per-lavderimin-e-ratko-mladicit\\\/#breadcrumb\",\"itemListElement\":[{\"@type\":\"ListItem\",\"position\":1,\"name\":\"Home\",\"item\":\"https:\\\/\\\/kosovatimes.info\\\/\"},{\"@type\":\"ListItem\",\"position\":2,\"name\":\"Lavd\u00ebrimi i nj\u00eb krimineli u kushtoi shtrenjt\u00eb: Kat\u00ebr shtetas t\u00eb BiH u arrestuan n\u00eb Dubrovnik p\u00ebr lavd\u00ebrimin e Ratko Mladi\u00e7it\"}]},{\"@type\":\"WebSite\",\"@id\":\"https:\\\/\\\/kosovatimes.info\\\/#website\",\"url\":\"https:\\\/\\\/kosovatimes.info\\\/\",\"name\":\"Kosova Times\",\"description\":\"\",\"potentialAction\":[{\"@type\":\"SearchAction\",\"target\":{\"@type\":\"EntryPoint\",\"urlTemplate\":\"https:\\\/\\\/kosovatimes.info\\\/?s={search_term_string}\"},\"query-input\":{\"@type\":\"PropertyValueSpecification\",\"valueRequired\":true,\"valueName\":\"search_term_string\"}}],\"inLanguage\":\"en-US\"},{\"@type\":\"Person\",\"@id\":\"https:\\\/\\\/kosovatimes.info\\\/#\\\/schema\\\/person\\\/7586712b9c512fe68085de007378c915\",\"name\":\"i l\",\"image\":{\"@type\":\"ImageObject\",\"inLanguage\":\"en-US\",\"@id\":\"https:\\\/\\\/secure.gravatar.com\\\/avatar\\\/bad9296e02816160ae2e2435beda58222022298d5625d49fea74d18816fbb31d?s=96&d=mm&r=g\",\"url\":\"https:\\\/\\\/secure.gravatar.com\\\/avatar\\\/bad9296e02816160ae2e2435beda58222022298d5625d49fea74d18816fbb31d?s=96&d=mm&r=g\",\"contentUrl\":\"https:\\\/\\\/secure.gravatar.com\\\/avatar\\\/bad9296e02816160ae2e2435beda58222022298d5625d49fea74d18816fbb31d?s=96&d=mm&r=g\",\"caption\":\"i l\"},\"url\":\"https:\\\/\\\/kosovatimes.info\\\/index.php\\\/author\\\/iliri\\\/\"}]}<\/script>\n<!-- \/ Yoast SEO plugin. -->","yoast_head_json":{"title":"Lavd\u00ebrimi i nj\u00eb krimineli u kushtoi shtrenjt\u00eb: Kat\u00ebr shtetas t\u00eb BiH u arrestuan n\u00eb Dubrovnik p\u00ebr lavd\u00ebrimin e Ratko Mladi\u00e7it - Kosova Times","robots":{"index":"index","follow":"follow","max-snippet":"max-snippet:-1","max-image-preview":"max-image-preview:large","max-video-preview":"max-video-preview:-1"},"canonical":"https:\/\/kosovatimes.info\/index.php\/2026\/09\/03\/lavderimi-i-nje-krimineli-u-kushtoi-shtrenjte-kater-shtetas-te-bih-u-arrestuan-ne-dubrovnik-per-lavderimin-e-ratko-mladicit\/","og_locale":"en_US","og_type":"article","og_title":"Lavd\u00ebrimi i nj\u00eb krimineli u kushtoi shtrenjt\u00eb: Kat\u00ebr shtetas t\u00eb BiH u arrestuan n\u00eb Dubrovnik p\u00ebr lavd\u00ebrimin e Ratko Mladi\u00e7it - Kosova Times","og_description":"Policia e Dubrovnikut-Neretv\u00ebs arrestoi pes\u00eb burra p\u00ebr publikimin e p\u00ebrmbajtjes q\u00eb lavd\u00ebronte kriminelin e d\u00ebnuar t\u00eb luft\u00ebs Ratko Mladi\u00e7 pas vdekjes s\u00eb tij. B\u00ebhet fjal\u00eb p\u00ebr kat\u00ebr shtetas t\u00eb Bosnj\u00ebs dhe Hercegovin\u00ebs q\u00eb banojn\u00eb p\u00ebrkoh\u00ebsisht n\u00eb Kroaci, t\u00eb mosh\u00ebs 31, 30, 25 dhe 25 vje\u00e7, dhe nj\u00eb shtetas kroat 35-vje\u00e7ar. Policia kreu nj\u00eb hetim penal [&hellip;]","og_url":"https:\/\/kosovatimes.info\/index.php\/2026\/09\/03\/lavderimi-i-nje-krimineli-u-kushtoi-shtrenjte-kater-shtetas-te-bih-u-arrestuan-ne-dubrovnik-per-lavderimin-e-ratko-mladicit\/","og_site_name":"Kosova Times","article_published_time":"2026-09-03T12:54:06+00:00","article_modified_time":"2026-09-03T12:54:08+00:00","og_image":[{"width":800,"height":533,"url":"https:\/\/kosovatimes.info\/wp-content\/uploads\/2026\/09\/Dubrovnik.webp","type":"image\/webp"}],"author":"i l","twitter_card":"summary_large_image","twitter_misc":{"Written by":"i l","Est. reading time":"2 minutes"},"schema":{"@context":"https:\/\/schema.org","@graph":[{"@type":"Article","@id":"https:\/\/kosovatimes.info\/index.php\/2026\/09\/03\/lavderimi-i-nje-krimineli-u-kushtoi-shtrenjte-kater-shtetas-te-bih-u-arrestuan-ne-dubrovnik-per-lavderimin-e-ratko-mladicit\/#article","isPartOf":{"@id":"https:\/\/kosovatimes.info\/index.php\/2026\/09\/03\/lavderimi-i-nje-krimineli-u-kushtoi-shtrenjte-kater-shtetas-te-bih-u-arrestuan-ne-dubrovnik-per-lavderimin-e-ratko-mladicit\/"},"author":{"name":"i l","@id":"https:\/\/kosovatimes.info\/#\/schema\/person\/7586712b9c512fe68085de007378c915"},"headline":"Lavd\u00ebrimi i nj\u00eb krimineli u kushtoi shtrenjt\u00eb: Kat\u00ebr shtetas t\u00eb BiH u arrestuan n\u00eb Dubrovnik p\u00ebr lavd\u00ebrimin e Ratko Mladi\u00e7it","datePublished":"2026-09-03T12:54:06+00:00","dateModified":"2026-09-03T12:54:08+00:00","mainEntityOfPage":{"@id":"https:\/\/kosovatimes.info\/index.php\/2026\/09\/03\/lavderimi-i-nje-krimineli-u-kushtoi-shtrenjte-kater-shtetas-te-bih-u-arrestuan-ne-dubrovnik-per-lavderimin-e-ratko-mladicit\/"},"wordCount":329,"commentCount":0,"image":{"@id":"https:\/\/kosovatimes.info\/index.php\/2026\/09\/03\/lavderimi-i-nje-krimineli-u-kushtoi-shtrenjte-kater-shtetas-te-bih-u-arrestuan-ne-dubrovnik-per-lavderimin-e-ratko-mladicit\/#primaryimage"},"thumbnailUrl":"https:\/\/kosovatimes.info\/wp-content\/uploads\/2026\/09\/Dubrovnik.webp","articleSection":["Lajme","Rajon"],"inLanguage":"en-US","potentialAction":[{"@type":"CommentAction","name":"Comment","target":["https:\/\/kosovatimes.info\/index.php\/2026\/09\/03\/lavderimi-i-nje-krimineli-u-kushtoi-shtrenjte-kater-shtetas-te-bih-u-arrestuan-ne-dubrovnik-per-lavderimin-e-ratko-mladicit\/#respond"]}]},{"@type":"WebPage","@id":"https:\/\/kosovatimes.info\/index.php\/2026\/09\/03\/lavderimi-i-nje-krimineli-u-kushtoi-shtrenjte-kater-shtetas-te-bih-u-arrestuan-ne-dubrovnik-per-lavderimin-e-ratko-mladicit\/","url":"https:\/\/kosovatimes.info\/index.php\/2026\/09\/03\/lavderimi-i-nje-krimineli-u-kushtoi-shtrenjte-kater-shtetas-te-bih-u-arrestuan-ne-dubrovnik-per-lavderimin-e-ratko-mladicit\/","name":"Lavd\u00ebrimi i nj\u00eb krimineli u kushtoi shtrenjt\u00eb: Kat\u00ebr shtetas t\u00eb BiH u arrestuan n\u00eb Dubrovnik p\u00ebr lavd\u00ebrimin e Ratko Mladi\u00e7it - Kosova Times","isPartOf":{"@id":"https:\/\/kosovatimes.info\/#website"},"primaryImageOfPage":{"@id":"https:\/\/kosovatimes.info\/index.php\/2026\/09\/03\/lavderimi-i-nje-krimineli-u-kushtoi-shtrenjte-kater-shtetas-te-bih-u-arrestuan-ne-dubrovnik-per-lavderimin-e-ratko-mladicit\/#primaryimage"},"image":{"@id":"https:\/\/kosovatimes.info\/index.php\/2026\/09\/03\/lavderimi-i-nje-krimineli-u-kushtoi-shtrenjte-kater-shtetas-te-bih-u-arrestuan-ne-dubrovnik-per-lavderimin-e-ratko-mladicit\/#primaryimage"},"thumbnailUrl":"https:\/\/kosovatimes.info\/wp-content\/uploads\/2026\/09\/Dubrovnik.webp","datePublished":"2026-09-03T12:54:06+00:00","dateModified":"2026-09-03T12:54:08+00:00","author":{"@id":"https:\/\/kosovatimes.info\/#\/schema\/person\/7586712b9c512fe68085de007378c915"},"breadcrumb":{"@id":"https:\/\/kosovatimes.info\/index.php\/2026\/09\/03\/lavderimi-i-nje-krimineli-u-kushtoi-shtrenjte-kater-shtetas-te-bih-u-arrestuan-ne-dubrovnik-per-lavderimin-e-ratko-mladicit\/#breadcrumb"},"inLanguage":"en-US","potentialAction":[{"@type":"ReadAction","target":["https:\/\/kosovatimes.info\/index.php\/2026\/09\/03\/lavderimi-i-nje-krimineli-u-kushtoi-shtrenjte-kater-shtetas-te-bih-u-arrestuan-ne-dubrovnik-per-lavderimin-e-ratko-mladicit\/"]}]},{"@type":"ImageObject","inLanguage":"en-US","@id":"https:\/\/kosovatimes.info\/index.php\/2026\/09\/03\/lavderimi-i-nje-krimineli-u-kushtoi-shtrenjte-kater-shtetas-te-bih-u-arrestuan-ne-dubrovnik-per-lavderimin-e-ratko-mladicit\/#primaryimage","url":"https:\/\/kosovatimes.info\/wp-content\/uploads\/2026\/09\/Dubrovnik.webp","contentUrl":"https:\/\/kosovatimes.info\/wp-content\/uploads\/2026\/09\/Dubrovnik.webp","width":800,"height":533},{"@type":"BreadcrumbList","@id":"https:\/\/kosovatimes.info\/index.php\/2026\/09\/03\/lavderimi-i-nje-krimineli-u-kushtoi-shtrenjte-kater-shtetas-te-bih-u-arrestuan-ne-dubrovnik-per-lavderimin-e-ratko-mladicit\/#breadcrumb","itemListElement":[{"@type":"ListItem","position":1,"name":"Home","item":"https:\/\/kosovatimes.info\/"},{"@type":"ListItem","position":2,"name":"Lavd\u00ebrimi i nj\u00eb krimineli u kushtoi shtrenjt\u00eb: Kat\u00ebr shtetas t\u00eb BiH u arrestuan n\u00eb Dubrovnik p\u00ebr lavd\u00ebrimin e Ratko Mladi\u00e7it"}]},{"@type":"WebSite","@id":"https:\/\/kosovatimes.info\/#website","url":"https:\/\/kosovatimes.info\/","name":"Kosova Times","description":"","potentialAction":[{"@type":"SearchAction","target":{"@type":"EntryPoint","urlTemplate":"https:\/\/kosovatimes.info\/?s={search_term_string}"},"query-input":{"@type":"PropertyValueSpecification","valueRequired":true,"valueName":"search_term_string"}}],"inLanguage":"en-US"},{"@type":"Person","@id":"https:\/\/kosovatimes.info\/#\/schema\/person\/7586712b9c512fe68085de007378c915","name":"i l","image":{"@type":"ImageObject","inLanguage":"en-US","@id":"https:\/\/secure.gravatar.com\/avatar\/bad9296e02816160ae2e2435beda58222022298d5625d49fea74d18816fbb31d?s=96&d=mm&r=g","url":"https:\/\/secure.gravatar.com\/avatar\/bad9296e02816160ae2e2435beda58222022298d5625d49fea74d18816fbb31d?s=96&d=mm&r=g","contentUrl":"https:\/\/secure.gravatar.com\/avatar\/bad9296e02816160ae2e2435beda58222022298d5625d49fea74d18816fbb31d?s=96&d=mm&r=g","caption":"i l"},"url":"https:\/\/kosovatimes.info\/index.php\/author\/iliri\/"}]}},"_links":{"self":[{"href":"https:\/\/kosovatimes.info\/index.php\/wp-json\/wp\/v2\/posts\/30819","targetHints":{"allow":["GET"]}}],"collection":[{"href":"https:\/\/kosovatimes.info\/index.php\/wp-json\/wp\/v2\/posts"}],"about":[{"href":"https:\/\/kosovatimes.info\/index.php\/wp-json\/wp\/v2\/types\/post"}],"author":[{"embeddable":true,"href":"https:\/\/kosovatimes.info\/index.php\/wp-json\/wp\/v2\/users\/4"}],"replies":[{"embeddable":true,"href":"https:\/\/kosovatimes.info\/index.php\/wp-json\/wp\/v2\/comments?post=30819"}],"version-history":[{"count":1,"href":"https:\/\/kosovatimes.info\/index.php\/wp-json\/wp\/v2\/posts\/30819\/revisions"}],"predecessor-version":[{"id":30821,"href":"https:\/\/kosovatimes.info\/index.php\/wp-json\/wp\/v2\/posts\/30819\/revisions\/30821"}],"wp:featuredmedia":[{"embeddable":true,"href":"https:\/\/kosovatimes.info\/index.php\/wp-json\/wp\/v2\/media\/30820"}],"wp:attachment":[{"href":"https:\/\/kosovatimes.info\/index.php\/wp-json\/wp\/v2\/media?parent=30819"}],"wp:term":[{"taxonomy":"category","embeddable":true,"href":"https:\/\/kosovatimes.info\/index.php\/wp-json\/wp\/v2\/categories?post=30819"},{"taxonomy":"post_tag","embeddable":true,"href":"https:\/\/kosovatimes.info\/index.php\/wp-json\/wp\/v2\/tags?post=30819"}],"curies":[{"name":"wp","href":"https:\/\/api.w.org\/{rel}","templated":true}]}}