{"id":30829,"date":"2026-09-03T11:25:00","date_gmt":"2026-09-03T09:25:00","guid":{"rendered":"https:\/\/kosovatimes.info\/?p=30829"},"modified":"2026-09-03T15:09:16","modified_gmt":"2026-09-03T13:09:16","slug":"publikohen-emrat-e-serbeve-te-lidhur-me-sulmin-ne-leipzig-te-kapur-me-eksplozive","status":"publish","type":"post","link":"https:\/\/kosovatimes.info\/index.php\/2026\/09\/03\/publikohen-emrat-e-serbeve-te-lidhur-me-sulmin-ne-leipzig-te-kapur-me-eksplozive\/","title":{"rendered":"Publikohen emrat e serb\u00ebve t\u00eb lidhur me sulmin n\u00eb Leipzig. T\u00eb kapur me eksploziv\u00eb"},"content":{"rendered":"\n<p class=\"wp-block-paragraph\">Hetuesit gjerman\u00eb kan\u00eb zbuluar detaje t\u00eb reja rreth tentativ\u00ebs s\u00eb sulmit me dron ndaj nj\u00eb aeroplani mallrash ukrainas n\u00eb aeroportin e Leipzigut dhe t\u00eb dh\u00ebna ky\u00e7e \u00e7ojn\u00eb direkt n\u00eb Serbi, shkruan e p\u00ebrjavshmja gjermane Spiegel, duke cituar burime n\u00eb qarqet lokale t\u00eb siguris\u00eb.<\/p>\n\n\n\n<p class=\"wp-block-paragraph\">Nj\u00eb nga t\u00eb dyshuarit n\u00eb sulmin n\u00eb Leipzig \u00ebsht\u00eb i lidhur me nj\u00eb burr\u00eb q\u00eb u arrestua n\u00eb Serbi n\u00eb qershor p\u00ebr posedim eksploziv\u00ebsh. Sipas Spiegel, policia serbe ndaloi dy makina q\u00eb po shkonin drejt Bashkimit Evropian pran\u00eb kufirit hungarez m\u00eb 11 qershor. Ata ishin Danilo B., i cili mban shtet\u00ebsi serbe dhe ruse, dhe Slobodan D., nj\u00eb shtetas serb.<\/p>\n\n\n\n<h3 class=\"wp-block-heading\">Drone dhe eksploziv\u00eb n\u00eb kana\u00e7e: &#8220;Serbia \u00ebsht\u00eb nj\u00eb pik\u00eb e nxeht\u00eb p\u00ebr sabotimin rus&#8221;<\/h3>\n\n\n\n<p class=\"wp-block-paragraph\">N\u00eb makin\u00ebn e par\u00eb, policia gjeti pjes\u00eb t\u00eb nj\u00eb droni t\u00eb modifikuar dhe qarqe kontrolli, nd\u00ebrsa n\u00eb t\u00eb dyt\u00ebn, n\u00eb nj\u00eb ndarje t\u00eb fshehur, ata zbuluan kana\u00e7e t\u00eb mbushura me eksploziv\u00eb. T\u00eb dy kan\u00eb qen\u00eb n\u00eb paraburgim q\u00eb nga qershori dhe autoritetet gjermane tani po verifikojn\u00eb lidhjen e tyre t\u00eb drejtp\u00ebrdrejt\u00eb me t\u00eb dyshuarit n\u00eb aksionin n\u00eb Leipzig &#8211; nj\u00eb bjellorus dhe nj\u00eb me shtet\u00ebsi t\u00eb dyfisht\u00eb ruse dhe letoneze.<\/p>\n\n\n\n<p class=\"wp-block-paragraph\">P\u00ebrve\u00e7 k\u00ebsaj, hetuesit rind\u00ebrtuan l\u00ebvizjet e t\u00eb dyshuarve dhe zbuluan se nj\u00ebri prej tyre iku n\u00eb Rusi pas operacionit n\u00ebp\u00ebrmjet rrug\u00ebs p\u00ebrmes Serbis\u00eb dhe Stambollit. P\u00ebr shkak t\u00eb gjith\u00eb k\u00ebsaj, sh\u00ebrbimet evropiane t\u00eb inteligjenc\u00ebs e sh\u00ebnojn\u00eb Serbin\u00eb si nj\u00eb &#8220;pik\u00eb t\u00eb nxeht\u00eb&#8221; p\u00ebr sabotimin rus n\u00eb t\u00eb gjith\u00eb Evrop\u00ebn, duke deklaruar se sh\u00ebrbimet ruse atje rekrutojn\u00eb dhe trajnojn\u00eb operativ\u00eb p\u00ebr operacione n\u00eb terren.<\/p>\n\n\n\n<p class=\"wp-block-paragraph\">Hetuesit u habit\u00ebn menj\u00ebher\u00eb nga metoda identike e prodhimit t\u00eb pajisjes. N\u00eb Leipzig, rreth 600 gram\u00eb t\u00eb eksplozivit plastik jasht\u00ebzakonisht shkat\u00ebrrues Semtex, i cili p\u00ebrdoret edhe nga ushtria, u vendos\u00ebn n\u00eb nj\u00eb kana\u00e7e metalike t\u00eb bashkangjitur n\u00eb aeroplan, sakt\u00ebsisht e nj\u00ebjta gj\u00eb me kana\u00e7et e sekuestruara n\u00eb kufirin serb.<\/p>\n\n\n\n<h3 class=\"wp-block-heading\">Si d\u00ebshtoi sulmi n\u00eb Leipzig<\/h3>\n\n\n\n<p class=\"wp-block-paragraph\">Sulmi n\u00eb Leipzig ndodhi m\u00eb 4 gusht dhe vet\u00ebm nj\u00eb kombinim rrethanash shmangu katastrof\u00ebn. Nj\u00eb dron q\u00eb mbante eksploziv\u00eb fluturoi mbi aeroplan\u00ebt e parkuar ukrainas t\u00eb mallrave Antonov dhe goditi krahun e nj\u00ebrit prej aeroplan\u00ebve, por pajisja shp\u00ebrthyese nuk arriti t\u00eb shp\u00ebrthente p\u00ebr shkak t\u00eb nj\u00eb sigurese t\u00eb d\u00ebmtuar. Aeroplani i goditur kishte rezervuar\u00eb karburanti plot dhe vet\u00ebm nj\u00eb dit\u00eb m\u00eb par\u00eb, ai kishte qen\u00eb duke transportuar ndihm\u00eb ushtarake dhe municione n\u00eb Ukrain\u00eb.<\/p>\n\n\n\n<p class=\"wp-block-paragraph\">Aeroporti i Leipzig\/Halle \u00ebsht\u00eb nj\u00eb qend\u00ebr ky\u00e7e logjistike p\u00ebr operacionet e NATO-s dhe d\u00ebrgimin e arm\u00ebve n\u00eb Kiev. Hetuesit zbuluan se droni i rr\u00ebzuar ishte modifikuar shum\u00eb: kishte nj\u00eb bateri shtes\u00eb p\u00ebr rreze m\u00eb t\u00eb gjat\u00eb veprimi, nj\u00eb kamera, nj\u00eb router 5G dhe dy karta SIM, nuk kishte drita t\u00eb jashtme dhe mund t\u00eb kontrollohej nga nj\u00eb distanc\u00eb e gjat\u00eb n\u00ebp\u00ebrmjet nj\u00eb rrjeti celular. Nj\u00eb anten\u00eb e ve\u00e7ant\u00eb u gjet gjithashtu n\u00eb nj\u00eb pem\u00eb aty pran\u00eb, e cila sh\u00ebrbente si p\u00ebrforcues sinjali.<\/p>\n\n\n\n<figure class=\"wp-block-embed is-type-rich is-provider-x wp-block-embed-x\"><div class=\"wp-block-embed__wrapper\">\n<blockquote class=\"twitter-tweet\" data-width=\"550\" data-dnt=\"true\"><p lang=\"en\" dir=\"ltr\">U.S. intelligence has reportedly linked the explosive-laden drone discovered at Germany&#39;s Leipzig\/Halle Airport this week to the Russian government, according to The Wall Street Journal.<br><br>The drone was discovered Tuesday night inside a secure area of the airport, just meters from\u2026 <a href=\"https:\/\/t.co\/4w5KulzYMm\">pic.twitter.com\/4w5KulzYMm<\/a><\/p>&mdash; OSINTdefender (@sentdefender) <a href=\"https:\/\/x.com\/sentdefender\/status\/2085863772292317561?ref_src=twsrc%5Etfw\">August 7, 2026<\/a><\/blockquote><script async src=\"https:\/\/platform.x.com\/widgets.js\" charset=\"utf-8\"><\/script>\n<\/div><\/figure>\n\n\n\n<h3 class=\"wp-block-heading\">Gjurm\u00ebt e ADN-s\u00eb dhe zjarrv\u00ebnia n\u00eb Poloni<\/h3>\n\n\n\n<p class=\"wp-block-paragraph\">Pika e kthes\u00ebs n\u00eb hetim u soll nga gjurm\u00ebt e ADN-s\u00eb t\u00eb izoluara nga droni, antena dhe kana\u00e7ja q\u00eb p\u00ebrmbante Semtex, t\u00eb cilat u p\u00ebrputh\u00ebn p\u00ebrmes bazave t\u00eb t\u00eb dh\u00ebnave n\u00eb Lituani dhe Finland\u00eb. Hetuesit gjithashtu lidhin nj\u00ebrin prej t\u00eb dyshuarve me nj\u00eb sabotim t\u00eb m\u00ebparsh\u00ebm n\u00eb qytetin polak t\u00eb \u0141\u00f3d\u017a, ku n\u00eb korrik 2024 u vu zjarri n\u00eb dyqanin e madh t\u00eb materialeve t\u00eb nd\u00ebrtimit Leroy Merlin. Edhe pse n\u00eb fillim u mendua se ishin ndezur insekticide, zyra e prokurorit polak m\u00eb von\u00eb v\u00ebrtetoi se ishte sabotim rus.<\/p>\n\n\n\n<p class=\"wp-block-paragraph\">Sipas vler\u00ebsimeve t\u00eb inteligjenc\u00ebs nga disa sh\u00ebrbime evropiane, t\u00eb pakt\u00ebn kat\u00ebr rrjete sabotator\u00ebsh n\u00ebn kontrollin e drejtp\u00ebrdrejt\u00eb t\u00eb Mosk\u00ebs jan\u00eb aktualisht aktiv\u00eb n\u00eb tok\u00ebn e Bashkimit Evropian, dhe policia po heton n\u00ebse avion\u00eb t\u00eb tjer\u00eb ishin t\u00eb p\u00ebrfshir\u00eb n\u00eb operacionin e Leipzigut. Konkretisht, po at\u00eb nat\u00eb, nj\u00eb aeroplan mallrash i DHL goditi nj\u00eb objekt fluturues t\u00eb paidentifikuar gjat\u00eb uljes.<\/p>\n\n\n\n<p class=\"wp-block-paragraph\">P\u00ebr shkak t\u00eb gjith\u00eb \u00e7\u00ebshtjes, Ministri i Brendsh\u00ebm gjerman, Alexander Dobrindt, njoftoi publikisht se strukturat shtet\u00ebrore ruse ishin direkt pas sulmit. Si shenj\u00eb hakmarrjeje, Berlini urdh\u00ebroi mbylljen e konsullat\u00ebs ruse n\u00eb Bon dhe d\u00ebbimin e stafit t\u00eb saj, si dhe nd\u00ebrpreu kontrat\u00ebn me Sht\u00ebpin\u00eb Ruse n\u00eb Berlin. Moska u hakmor duke pretenduar se ishte nj\u00eb gjyq i montuar dhe nj\u00eb provokim dhe mbylli Institutet Gjermane Goethe dhe konsullat\u00ebn n\u00eb Sh\u00ebn Petersburg.<\/p>\n","protected":false},"excerpt":{"rendered":"<p>Hetuesit gjerman\u00eb kan\u00eb zbuluar detaje t\u00eb reja rreth tentativ\u00ebs s\u00eb sulmit me dron ndaj nj\u00eb aeroplani mallrash ukrainas n\u00eb aeroportin e Leipzigut dhe t\u00eb dh\u00ebna ky\u00e7e \u00e7ojn\u00eb direkt n\u00eb Serbi, shkruan e p\u00ebrjavshmja gjermane Spiegel, duke cituar burime n\u00eb qarqet lokale t\u00eb siguris\u00eb. Nj\u00eb nga t\u00eb dyshuarit n\u00eb sulmin n\u00eb Leipzig \u00ebsht\u00eb i lidhur me [&hellip;]<\/p>\n","protected":false},"author":4,"featured_media":30830,"comment_status":"open","ping_status":"open","sticky":false,"template":"","format":"standard","meta":{"footnotes":""},"categories":[33,30],"tags":[],"class_list":["post-30829","post","type-post","status-publish","format-standard","has-post-thumbnail","category-bote","category-lajme"],"yoast_head":"<!-- This site is optimized with the Yoast SEO plugin v27.4 - https:\/\/yoast.com\/product\/yoast-seo-wordpress\/ -->\n<title>Publikohen emrat e serb\u00ebve t\u00eb lidhur me sulmin n\u00eb Leipzig. T\u00eb kapur me eksploziv\u00eb - Kosova Times<\/title>\n<meta name=\"robots\" content=\"index, follow, max-snippet:-1, max-image-preview:large, max-video-preview:-1\" \/>\n<link rel=\"canonical\" href=\"https:\/\/kosovatimes.info\/index.php\/2026\/09\/03\/publikohen-emrat-e-serbeve-te-lidhur-me-sulmin-ne-leipzig-te-kapur-me-eksplozive\/\" \/>\n<meta property=\"og:locale\" content=\"en_US\" \/>\n<meta property=\"og:type\" content=\"article\" \/>\n<meta property=\"og:title\" content=\"Publikohen emrat e serb\u00ebve t\u00eb lidhur me sulmin n\u00eb Leipzig. T\u00eb kapur me eksploziv\u00eb - Kosova Times\" \/>\n<meta property=\"og:description\" content=\"Hetuesit gjerman\u00eb kan\u00eb zbuluar detaje t\u00eb reja rreth tentativ\u00ebs s\u00eb sulmit me dron ndaj nj\u00eb aeroplani mallrash ukrainas n\u00eb aeroportin e Leipzigut dhe t\u00eb dh\u00ebna ky\u00e7e \u00e7ojn\u00eb direkt n\u00eb Serbi, shkruan e p\u00ebrjavshmja gjermane Spiegel, duke cituar burime n\u00eb qarqet lokale t\u00eb siguris\u00eb. Nj\u00eb nga t\u00eb dyshuarit n\u00eb sulmin n\u00eb Leipzig \u00ebsht\u00eb i lidhur me [&hellip;]\" \/>\n<meta property=\"og:url\" content=\"https:\/\/kosovatimes.info\/index.php\/2026\/09\/03\/publikohen-emrat-e-serbeve-te-lidhur-me-sulmin-ne-leipzig-te-kapur-me-eksplozive\/\" \/>\n<meta property=\"og:site_name\" content=\"Kosova Times\" \/>\n<meta property=\"article:published_time\" content=\"2026-09-03T09:25:00+00:00\" \/>\n<meta property=\"article:modified_time\" content=\"2026-09-03T13:09:16+00:00\" \/>\n<meta property=\"og:image\" content=\"https:\/\/kosovatimes.info\/wp-content\/uploads\/2026\/09\/dron.webp\" \/>\n\t<meta property=\"og:image:width\" content=\"953\" \/>\n\t<meta property=\"og:image:height\" content=\"660\" \/>\n\t<meta property=\"og:image:type\" content=\"image\/webp\" \/>\n<meta name=\"author\" content=\"i l\" \/>\n<meta name=\"twitter:card\" content=\"summary_large_image\" \/>\n<meta name=\"twitter:label1\" content=\"Written by\" \/>\n\t<meta name=\"twitter:data1\" content=\"i l\" \/>\n\t<meta name=\"twitter:label2\" content=\"Est. reading time\" \/>\n\t<meta name=\"twitter:data2\" content=\"4 minutes\" \/>\n<script type=\"application\/ld+json\" class=\"yoast-schema-graph\">{\"@context\":\"https:\\\/\\\/schema.org\",\"@graph\":[{\"@type\":\"Article\",\"@id\":\"https:\\\/\\\/kosovatimes.info\\\/index.php\\\/2026\\\/09\\\/03\\\/publikohen-emrat-e-serbeve-te-lidhur-me-sulmin-ne-leipzig-te-kapur-me-eksplozive\\\/#article\",\"isPartOf\":{\"@id\":\"https:\\\/\\\/kosovatimes.info\\\/index.php\\\/2026\\\/09\\\/03\\\/publikohen-emrat-e-serbeve-te-lidhur-me-sulmin-ne-leipzig-te-kapur-me-eksplozive\\\/\"},\"author\":{\"name\":\"i l\",\"@id\":\"https:\\\/\\\/kosovatimes.info\\\/#\\\/schema\\\/person\\\/7586712b9c512fe68085de007378c915\"},\"headline\":\"Publikohen emrat e serb\u00ebve t\u00eb lidhur me sulmin n\u00eb Leipzig. T\u00eb kapur me eksploziv\u00eb\",\"datePublished\":\"2026-09-03T09:25:00+00:00\",\"dateModified\":\"2026-09-03T13:09:16+00:00\",\"mainEntityOfPage\":{\"@id\":\"https:\\\/\\\/kosovatimes.info\\\/index.php\\\/2026\\\/09\\\/03\\\/publikohen-emrat-e-serbeve-te-lidhur-me-sulmin-ne-leipzig-te-kapur-me-eksplozive\\\/\"},\"wordCount\":843,\"commentCount\":0,\"image\":{\"@id\":\"https:\\\/\\\/kosovatimes.info\\\/index.php\\\/2026\\\/09\\\/03\\\/publikohen-emrat-e-serbeve-te-lidhur-me-sulmin-ne-leipzig-te-kapur-me-eksplozive\\\/#primaryimage\"},\"thumbnailUrl\":\"https:\\\/\\\/kosovatimes.info\\\/wp-content\\\/uploads\\\/2026\\\/09\\\/dron.webp\",\"articleSection\":[\"Bot\u00eb\",\"Lajme\"],\"inLanguage\":\"en-US\",\"potentialAction\":[{\"@type\":\"CommentAction\",\"name\":\"Comment\",\"target\":[\"https:\\\/\\\/kosovatimes.info\\\/index.php\\\/2026\\\/09\\\/03\\\/publikohen-emrat-e-serbeve-te-lidhur-me-sulmin-ne-leipzig-te-kapur-me-eksplozive\\\/#respond\"]}]},{\"@type\":\"WebPage\",\"@id\":\"https:\\\/\\\/kosovatimes.info\\\/index.php\\\/2026\\\/09\\\/03\\\/publikohen-emrat-e-serbeve-te-lidhur-me-sulmin-ne-leipzig-te-kapur-me-eksplozive\\\/\",\"url\":\"https:\\\/\\\/kosovatimes.info\\\/index.php\\\/2026\\\/09\\\/03\\\/publikohen-emrat-e-serbeve-te-lidhur-me-sulmin-ne-leipzig-te-kapur-me-eksplozive\\\/\",\"name\":\"Publikohen emrat e serb\u00ebve t\u00eb lidhur me sulmin n\u00eb Leipzig. T\u00eb kapur me eksploziv\u00eb - Kosova Times\",\"isPartOf\":{\"@id\":\"https:\\\/\\\/kosovatimes.info\\\/#website\"},\"primaryImageOfPage\":{\"@id\":\"https:\\\/\\\/kosovatimes.info\\\/index.php\\\/2026\\\/09\\\/03\\\/publikohen-emrat-e-serbeve-te-lidhur-me-sulmin-ne-leipzig-te-kapur-me-eksplozive\\\/#primaryimage\"},\"image\":{\"@id\":\"https:\\\/\\\/kosovatimes.info\\\/index.php\\\/2026\\\/09\\\/03\\\/publikohen-emrat-e-serbeve-te-lidhur-me-sulmin-ne-leipzig-te-kapur-me-eksplozive\\\/#primaryimage\"},\"thumbnailUrl\":\"https:\\\/\\\/kosovatimes.info\\\/wp-content\\\/uploads\\\/2026\\\/09\\\/dron.webp\",\"datePublished\":\"2026-09-03T09:25:00+00:00\",\"dateModified\":\"2026-09-03T13:09:16+00:00\",\"author\":{\"@id\":\"https:\\\/\\\/kosovatimes.info\\\/#\\\/schema\\\/person\\\/7586712b9c512fe68085de007378c915\"},\"breadcrumb\":{\"@id\":\"https:\\\/\\\/kosovatimes.info\\\/index.php\\\/2026\\\/09\\\/03\\\/publikohen-emrat-e-serbeve-te-lidhur-me-sulmin-ne-leipzig-te-kapur-me-eksplozive\\\/#breadcrumb\"},\"inLanguage\":\"en-US\",\"potentialAction\":[{\"@type\":\"ReadAction\",\"target\":[\"https:\\\/\\\/kosovatimes.info\\\/index.php\\\/2026\\\/09\\\/03\\\/publikohen-emrat-e-serbeve-te-lidhur-me-sulmin-ne-leipzig-te-kapur-me-eksplozive\\\/\"]}]},{\"@type\":\"ImageObject\",\"inLanguage\":\"en-US\",\"@id\":\"https:\\\/\\\/kosovatimes.info\\\/index.php\\\/2026\\\/09\\\/03\\\/publikohen-emrat-e-serbeve-te-lidhur-me-sulmin-ne-leipzig-te-kapur-me-eksplozive\\\/#primaryimage\",\"url\":\"https:\\\/\\\/kosovatimes.info\\\/wp-content\\\/uploads\\\/2026\\\/09\\\/dron.webp\",\"contentUrl\":\"https:\\\/\\\/kosovatimes.info\\\/wp-content\\\/uploads\\\/2026\\\/09\\\/dron.webp\",\"width\":953,\"height\":660},{\"@type\":\"BreadcrumbList\",\"@id\":\"https:\\\/\\\/kosovatimes.info\\\/index.php\\\/2026\\\/09\\\/03\\\/publikohen-emrat-e-serbeve-te-lidhur-me-sulmin-ne-leipzig-te-kapur-me-eksplozive\\\/#breadcrumb\",\"itemListElement\":[{\"@type\":\"ListItem\",\"position\":1,\"name\":\"Home\",\"item\":\"https:\\\/\\\/kosovatimes.info\\\/\"},{\"@type\":\"ListItem\",\"position\":2,\"name\":\"Publikohen emrat e serb\u00ebve t\u00eb lidhur me sulmin n\u00eb Leipzig. T\u00eb kapur me eksploziv\u00eb\"}]},{\"@type\":\"WebSite\",\"@id\":\"https:\\\/\\\/kosovatimes.info\\\/#website\",\"url\":\"https:\\\/\\\/kosovatimes.info\\\/\",\"name\":\"Kosova Times\",\"description\":\"\",\"potentialAction\":[{\"@type\":\"SearchAction\",\"target\":{\"@type\":\"EntryPoint\",\"urlTemplate\":\"https:\\\/\\\/kosovatimes.info\\\/?s={search_term_string}\"},\"query-input\":{\"@type\":\"PropertyValueSpecification\",\"valueRequired\":true,\"valueName\":\"search_term_string\"}}],\"inLanguage\":\"en-US\"},{\"@type\":\"Person\",\"@id\":\"https:\\\/\\\/kosovatimes.info\\\/#\\\/schema\\\/person\\\/7586712b9c512fe68085de007378c915\",\"name\":\"i l\",\"image\":{\"@type\":\"ImageObject\",\"inLanguage\":\"en-US\",\"@id\":\"https:\\\/\\\/secure.gravatar.com\\\/avatar\\\/bad9296e02816160ae2e2435beda58222022298d5625d49fea74d18816fbb31d?s=96&d=mm&r=g\",\"url\":\"https:\\\/\\\/secure.gravatar.com\\\/avatar\\\/bad9296e02816160ae2e2435beda58222022298d5625d49fea74d18816fbb31d?s=96&d=mm&r=g\",\"contentUrl\":\"https:\\\/\\\/secure.gravatar.com\\\/avatar\\\/bad9296e02816160ae2e2435beda58222022298d5625d49fea74d18816fbb31d?s=96&d=mm&r=g\",\"caption\":\"i l\"},\"url\":\"https:\\\/\\\/kosovatimes.info\\\/index.php\\\/author\\\/iliri\\\/\"}]}<\/script>\n<!-- \/ Yoast SEO plugin. -->","yoast_head_json":{"title":"Publikohen emrat e serb\u00ebve t\u00eb lidhur me sulmin n\u00eb Leipzig. T\u00eb kapur me eksploziv\u00eb - Kosova Times","robots":{"index":"index","follow":"follow","max-snippet":"max-snippet:-1","max-image-preview":"max-image-preview:large","max-video-preview":"max-video-preview:-1"},"canonical":"https:\/\/kosovatimes.info\/index.php\/2026\/09\/03\/publikohen-emrat-e-serbeve-te-lidhur-me-sulmin-ne-leipzig-te-kapur-me-eksplozive\/","og_locale":"en_US","og_type":"article","og_title":"Publikohen emrat e serb\u00ebve t\u00eb lidhur me sulmin n\u00eb Leipzig. T\u00eb kapur me eksploziv\u00eb - Kosova Times","og_description":"Hetuesit gjerman\u00eb kan\u00eb zbuluar detaje t\u00eb reja rreth tentativ\u00ebs s\u00eb sulmit me dron ndaj nj\u00eb aeroplani mallrash ukrainas n\u00eb aeroportin e Leipzigut dhe t\u00eb dh\u00ebna ky\u00e7e \u00e7ojn\u00eb direkt n\u00eb Serbi, shkruan e p\u00ebrjavshmja gjermane Spiegel, duke cituar burime n\u00eb qarqet lokale t\u00eb siguris\u00eb. Nj\u00eb nga t\u00eb dyshuarit n\u00eb sulmin n\u00eb Leipzig \u00ebsht\u00eb i lidhur me [&hellip;]","og_url":"https:\/\/kosovatimes.info\/index.php\/2026\/09\/03\/publikohen-emrat-e-serbeve-te-lidhur-me-sulmin-ne-leipzig-te-kapur-me-eksplozive\/","og_site_name":"Kosova Times","article_published_time":"2026-09-03T09:25:00+00:00","article_modified_time":"2026-09-03T13:09:16+00:00","og_image":[{"width":953,"height":660,"url":"https:\/\/kosovatimes.info\/wp-content\/uploads\/2026\/09\/dron.webp","type":"image\/webp"}],"author":"i l","twitter_card":"summary_large_image","twitter_misc":{"Written by":"i l","Est. reading time":"4 minutes"},"schema":{"@context":"https:\/\/schema.org","@graph":[{"@type":"Article","@id":"https:\/\/kosovatimes.info\/index.php\/2026\/09\/03\/publikohen-emrat-e-serbeve-te-lidhur-me-sulmin-ne-leipzig-te-kapur-me-eksplozive\/#article","isPartOf":{"@id":"https:\/\/kosovatimes.info\/index.php\/2026\/09\/03\/publikohen-emrat-e-serbeve-te-lidhur-me-sulmin-ne-leipzig-te-kapur-me-eksplozive\/"},"author":{"name":"i l","@id":"https:\/\/kosovatimes.info\/#\/schema\/person\/7586712b9c512fe68085de007378c915"},"headline":"Publikohen emrat e serb\u00ebve t\u00eb lidhur me sulmin n\u00eb Leipzig. T\u00eb kapur me eksploziv\u00eb","datePublished":"2026-09-03T09:25:00+00:00","dateModified":"2026-09-03T13:09:16+00:00","mainEntityOfPage":{"@id":"https:\/\/kosovatimes.info\/index.php\/2026\/09\/03\/publikohen-emrat-e-serbeve-te-lidhur-me-sulmin-ne-leipzig-te-kapur-me-eksplozive\/"},"wordCount":843,"commentCount":0,"image":{"@id":"https:\/\/kosovatimes.info\/index.php\/2026\/09\/03\/publikohen-emrat-e-serbeve-te-lidhur-me-sulmin-ne-leipzig-te-kapur-me-eksplozive\/#primaryimage"},"thumbnailUrl":"https:\/\/kosovatimes.info\/wp-content\/uploads\/2026\/09\/dron.webp","articleSection":["Bot\u00eb","Lajme"],"inLanguage":"en-US","potentialAction":[{"@type":"CommentAction","name":"Comment","target":["https:\/\/kosovatimes.info\/index.php\/2026\/09\/03\/publikohen-emrat-e-serbeve-te-lidhur-me-sulmin-ne-leipzig-te-kapur-me-eksplozive\/#respond"]}]},{"@type":"WebPage","@id":"https:\/\/kosovatimes.info\/index.php\/2026\/09\/03\/publikohen-emrat-e-serbeve-te-lidhur-me-sulmin-ne-leipzig-te-kapur-me-eksplozive\/","url":"https:\/\/kosovatimes.info\/index.php\/2026\/09\/03\/publikohen-emrat-e-serbeve-te-lidhur-me-sulmin-ne-leipzig-te-kapur-me-eksplozive\/","name":"Publikohen emrat e serb\u00ebve t\u00eb lidhur me sulmin n\u00eb Leipzig. T\u00eb kapur me eksploziv\u00eb - Kosova Times","isPartOf":{"@id":"https:\/\/kosovatimes.info\/#website"},"primaryImageOfPage":{"@id":"https:\/\/kosovatimes.info\/index.php\/2026\/09\/03\/publikohen-emrat-e-serbeve-te-lidhur-me-sulmin-ne-leipzig-te-kapur-me-eksplozive\/#primaryimage"},"image":{"@id":"https:\/\/kosovatimes.info\/index.php\/2026\/09\/03\/publikohen-emrat-e-serbeve-te-lidhur-me-sulmin-ne-leipzig-te-kapur-me-eksplozive\/#primaryimage"},"thumbnailUrl":"https:\/\/kosovatimes.info\/wp-content\/uploads\/2026\/09\/dron.webp","datePublished":"2026-09-03T09:25:00+00:00","dateModified":"2026-09-03T13:09:16+00:00","author":{"@id":"https:\/\/kosovatimes.info\/#\/schema\/person\/7586712b9c512fe68085de007378c915"},"breadcrumb":{"@id":"https:\/\/kosovatimes.info\/index.php\/2026\/09\/03\/publikohen-emrat-e-serbeve-te-lidhur-me-sulmin-ne-leipzig-te-kapur-me-eksplozive\/#breadcrumb"},"inLanguage":"en-US","potentialAction":[{"@type":"ReadAction","target":["https:\/\/kosovatimes.info\/index.php\/2026\/09\/03\/publikohen-emrat-e-serbeve-te-lidhur-me-sulmin-ne-leipzig-te-kapur-me-eksplozive\/"]}]},{"@type":"ImageObject","inLanguage":"en-US","@id":"https:\/\/kosovatimes.info\/index.php\/2026\/09\/03\/publikohen-emrat-e-serbeve-te-lidhur-me-sulmin-ne-leipzig-te-kapur-me-eksplozive\/#primaryimage","url":"https:\/\/kosovatimes.info\/wp-content\/uploads\/2026\/09\/dron.webp","contentUrl":"https:\/\/kosovatimes.info\/wp-content\/uploads\/2026\/09\/dron.webp","width":953,"height":660},{"@type":"BreadcrumbList","@id":"https:\/\/kosovatimes.info\/index.php\/2026\/09\/03\/publikohen-emrat-e-serbeve-te-lidhur-me-sulmin-ne-leipzig-te-kapur-me-eksplozive\/#breadcrumb","itemListElement":[{"@type":"ListItem","position":1,"name":"Home","item":"https:\/\/kosovatimes.info\/"},{"@type":"ListItem","position":2,"name":"Publikohen emrat e serb\u00ebve t\u00eb lidhur me sulmin n\u00eb Leipzig. T\u00eb kapur me eksploziv\u00eb"}]},{"@type":"WebSite","@id":"https:\/\/kosovatimes.info\/#website","url":"https:\/\/kosovatimes.info\/","name":"Kosova Times","description":"","potentialAction":[{"@type":"SearchAction","target":{"@type":"EntryPoint","urlTemplate":"https:\/\/kosovatimes.info\/?s={search_term_string}"},"query-input":{"@type":"PropertyValueSpecification","valueRequired":true,"valueName":"search_term_string"}}],"inLanguage":"en-US"},{"@type":"Person","@id":"https:\/\/kosovatimes.info\/#\/schema\/person\/7586712b9c512fe68085de007378c915","name":"i l","image":{"@type":"ImageObject","inLanguage":"en-US","@id":"https:\/\/secure.gravatar.com\/avatar\/bad9296e02816160ae2e2435beda58222022298d5625d49fea74d18816fbb31d?s=96&d=mm&r=g","url":"https:\/\/secure.gravatar.com\/avatar\/bad9296e02816160ae2e2435beda58222022298d5625d49fea74d18816fbb31d?s=96&d=mm&r=g","contentUrl":"https:\/\/secure.gravatar.com\/avatar\/bad9296e02816160ae2e2435beda58222022298d5625d49fea74d18816fbb31d?s=96&d=mm&r=g","caption":"i l"},"url":"https:\/\/kosovatimes.info\/index.php\/author\/iliri\/"}]}},"_links":{"self":[{"href":"https:\/\/kosovatimes.info\/index.php\/wp-json\/wp\/v2\/posts\/30829","targetHints":{"allow":["GET"]}}],"collection":[{"href":"https:\/\/kosovatimes.info\/index.php\/wp-json\/wp\/v2\/posts"}],"about":[{"href":"https:\/\/kosovatimes.info\/index.php\/wp-json\/wp\/v2\/types\/post"}],"author":[{"embeddable":true,"href":"https:\/\/kosovatimes.info\/index.php\/wp-json\/wp\/v2\/users\/4"}],"replies":[{"embeddable":true,"href":"https:\/\/kosovatimes.info\/index.php\/wp-json\/wp\/v2\/comments?post=30829"}],"version-history":[{"count":1,"href":"https:\/\/kosovatimes.info\/index.php\/wp-json\/wp\/v2\/posts\/30829\/revisions"}],"predecessor-version":[{"id":30831,"href":"https:\/\/kosovatimes.info\/index.php\/wp-json\/wp\/v2\/posts\/30829\/revisions\/30831"}],"wp:featuredmedia":[{"embeddable":true,"href":"https:\/\/kosovatimes.info\/index.php\/wp-json\/wp\/v2\/media\/30830"}],"wp:attachment":[{"href":"https:\/\/kosovatimes.info\/index.php\/wp-json\/wp\/v2\/media?parent=30829"}],"wp:term":[{"taxonomy":"category","embeddable":true,"href":"https:\/\/kosovatimes.info\/index.php\/wp-json\/wp\/v2\/categories?post=30829"},{"taxonomy":"post_tag","embeddable":true,"href":"https:\/\/kosovatimes.info\/index.php\/wp-json\/wp\/v2\/tags?post=30829"}],"curies":[{"name":"wp","href":"https:\/\/api.w.org\/{rel}","templated":true}]}}