{"id":30832,"date":"2026-09-03T19:07:00","date_gmt":"2026-09-03T17:07:00","guid":{"rendered":"https:\/\/kosovatimes.info\/?p=30832"},"modified":"2026-09-03T19:44:35","modified_gmt":"2026-09-03T17:44:35","slug":"neser-fillon-hardh-fest-tri-dite-feste-e-rrushit-dhe-veres-ne-rahovec","status":"publish","type":"post","link":"https:\/\/kosovatimes.info\/index.php\/2026\/09\/03\/neser-fillon-hardh-fest-tri-dite-feste-e-rrushit-dhe-veres-ne-rahovec\/","title":{"rendered":"Nes\u00ebr fillon Hardh Fest, tri dit\u00eb fest\u00eb e rrushit dhe ver\u00ebs n\u00eb Rahovec"},"content":{"rendered":"\n<p class=\"wp-block-paragraph\"><strong>Nes\u00ebr, m\u00eb 4 shtator, n\u00eb Rahovec fillon edicioni i sivjet\u00ebm i Hardh Fest, festivalit m\u00eb t\u00eb madh t\u00eb vjeljes s\u00eb rrushit n\u00eb Kosov\u00eb, i cili do t\u00eb zgjas\u00eb deri t\u00eb diel\u00ebn, m\u00eb 6 shtator.<\/strong><\/p>\n\n\n\n<p class=\"wp-block-paragraph\">Festivali hapet n\u00eb or\u00ebn 11:00 me Karnavalin e Vreshtar\u00ebve, parakalimin tradicional t\u00eb vreshtar\u00ebve dhe mekanizmave bujq\u00ebsor\u00eb n\u00ebp\u00ebr qytet, i ndjekur nga prerja ceremoniale e kalaveshit t\u00eb par\u00eb t\u00eb rrushit, q\u00eb sh\u00ebnon fillimin zyrtar t\u00eb vjeljes n\u00eb Rahovec.<\/p>\n\n\n\n<p class=\"wp-block-paragraph\">Po at\u00eb dit\u00eb hapet edhe Hardh Panairi, panairi i rrushit, ver\u00ebs, rakis\u00eb dhe gastronomis\u00eb me prodhues nga e gjith\u00eb Kosova, nd\u00ebrsa programi vazhdon me garat tradicionale t\u00eb vjeljes s\u00eb rrushit, Hardh Cut, dhe gar\u00ebn Vrapo me Ven\u2019.<\/p>\n\n\n\n<p class=\"wp-block-paragraph\">Programi artistik i nat\u00ebs s\u00eb par\u00eb nis me Mjeshtrin e Madh Vendim Kapaj dhe ISO Polifonin\u00eb, tingujt e iso-polifonis\u00eb shqiptare q\u00eb jan\u00eb pjes\u00eb e kolon\u00ebs zanore t\u00eb filmit \u201cThe Odyssey\u201d t\u00eb Christopher Nolan.<\/p>\n\n\n\n<p class=\"wp-block-paragraph\">Kulmi i nat\u00ebs \u00ebsht\u00eb koncerti i Modern Talking me Thomas Anders &amp; Band, q\u00eb performojn\u00eb p\u00ebr her\u00eb t\u00eb par\u00eb n\u00eb Kosov\u00eb, nd\u00ebrsa nata plot\u00ebsohet me Vedat Ademin dhe DJ 029.<\/p>\n\n\n\n<p class=\"wp-block-paragraph\">T\u00eb shtun\u00ebn, m\u00eb 5 shtator, n\u00eb sken\u00ebn e Hardh Fest ngjiten Naser Berisha, Tuna, Era Istrefi dhe DJ Maarvel, nd\u00ebrsa t\u00eb diel\u00ebn, m\u00eb 6 shtator, festivali mbyllet me Endri &amp; Stefi Priftin, Anxhela Peristerin, Xhensila Myrtezajn dhe DJ Enndzin.<\/p>\n\n\n\n<p class=\"wp-block-paragraph\">Gjat\u00eb tri dit\u00ebve, vizitor\u00ebt do t\u00eb mund t\u00eb marrin pjes\u00eb n\u00eb Hardh Tour, turin e udh\u00ebhequr n\u00ebp\u00ebr vreshta dhe trash\u00ebgimin\u00eb kulturore t\u00eb Rahovecit, t\u00eb shtun\u00ebn dhe t\u00eb diel\u00ebn nga ora 17:00, n\u00eb garat Hardh Sprint dhe Hardh Eks, n\u00eb aktivitetet p\u00ebr f\u00ebmij\u00eb Hardh Kids, si dhe n\u00eb Hardh Expo.<\/p>\n\n\n\n<p class=\"wp-block-paragraph\">Nikoqir i Festivalit p\u00ebr edicionin 2026 \u00ebsht\u00eb futbollisti i Komb\u00ebtares s\u00eb Kosov\u00ebs, Lumbardh Dellova, i lindur n\u00eb Krush\u00eb t\u00eb Madhe, nd\u00ebrsa Ambasador Nderi i Hardh Fest \u00ebsht\u00eb Antonio Pomillo, kryetar i Komun\u00ebs s\u00eb Vaccarizzo Albanese (Vakarici), fshat arb\u00ebresh n\u00eb Kalabri, me t\u00eb cilin Komuna e Rahovecit n\u00ebnshkroi s\u00eb fundmi Paktin e Miq\u00ebsis\u00eb.<\/p>\n\n\n\n<p class=\"wp-block-paragraph\">Hardh Fest nd\u00ebr vite \u00ebsht\u00eb shnd\u00ebrruar n\u00eb nj\u00eb nga ngjarjet m\u00eb t\u00eb r\u00ebnd\u00ebsishme kulturore dhe turistike n\u00eb vend, duke t\u00ebrhequr \u00e7do vit vizitor\u00eb nga Kosova, rajoni, diaspora dhe mbar\u00eb bota, dhe duke e promovuar Rahovecin si qend\u00ebr t\u00eb ver\u00ebs dhe mikpritjes.<\/p>\n\n\n\n<p class=\"wp-block-paragraph\">Hardh Fest 2026, me sloganin \u201cP\u00ebr kok\u00ebrr t\u2019qefit\u201d, mbahet n\u00ebn patronatin e Kryetarit t\u00eb Komun\u00ebs s\u00eb Rahovecit, Smajl Latifi, me p\u00ebrkrahjen e Ministris\u00eb s\u00eb Kultur\u00ebs dhe Turizmit, Bank\u00ebs p\u00ebr Biznes \u2013 Sponsor Gjeneral, dhe sponsor\u00ebve t\u00eb tjer\u00eb.&nbsp;<img decoding=\"async\" alt=\"\" src=\"https:\/\/www.rtklive.com\/sq\/gallery\/news_hidden_inside\/732876\/1.jpg\"><img decoding=\"async\" alt=\"\" src=\"https:\/\/www.rtklive.com\/sq\/gallery\/news_hidden_inside\/732876\/2.jpg\"><img decoding=\"async\" alt=\"\" src=\"https:\/\/www.rtklive.com\/sq\/gallery\/news_hidden_inside\/732876\/3.jpg\"><img decoding=\"async\" alt=\"\" src=\"https:\/\/www.rtklive.com\/sq\/gallery\/news_hidden_inside\/732876\/4.jpg\"><\/p>\n\n\n\n<h4 class=\"wp-block-heading\">T\u00cb FUNDIT<\/h4>\n\n\n\n<p class=\"wp-block-paragraph\"><a href=\"https:\/\/www.rtklive.com\/sq\/news-single.php?ID=732876\"><\/a><\/p>\n\n\n\n<figure class=\"wp-block-image\"><a href=\"https:\/\/www.rtklive.com\/sq\/news-single.php?ID=732876\"><img decoding=\"async\" src=\"https:\/\/www.rtklive.com\/sq\/gallery\/news_original\/732876-4Os2or7cev.jpg\" alt=\"Nes\u00ebr fillon Hardh Fest, tri dit\u00eb fest\u00eb e rrushit dhe ver\u00ebs n\u00eb Rahovec\"\/><\/a><\/figure>\n\n\n\n<h4 class=\"wp-block-heading\"><a href=\"https:\/\/www.rtklive.com\/sq\/news-single.php?ID=732876\">Nes\u00ebr fillon Hardh Fest, tri dit\u00eb fest\u00eb e rrushit dhe ver\u00ebs n\u00eb Rahovec<\/a><\/h4>\n\n\n\n<p class=\"wp-block-paragraph\"><a href=\"https:\/\/www.rtklive.com\/sq\/news-single.php?ID=732875\"><img decoding=\"async\" alt=\"Nes\u00ebr nuk do t\u00eb ket\u00eb kufizim t\u00eb qarkullimit p\u00ebr automjetet mbi 20 ton\u00eb\" src=\"https:\/\/www.rtklive.com\/sq\/gallery\/news_original\/732875-SRtSYCHTbS.png\">Nes\u00ebr nuk do t\u00eb ket\u00eb kufizim t\u00eb qarkullimit p\u00ebr automjetet mbi 20 ton\u00eb<\/a><a href=\"https:\/\/www.rtklive.com\/sq\/news-single.php?ID=732863\"><img decoding=\"async\" alt=\"Komandanti i KFOR-it n\u00eb Pej\u00eb takon kryetarin Muhaxheri\" src=\"https:\/\/www.rtklive.com\/sq\/gallery\/news_original\/732863-DrDuAg3KXa.png\">Komandanti i KFOR-it n\u00eb Pej\u00eb takon kryetarin Muhaxheri<\/a><a href=\"https:\/\/www.rtklive.com\/sq\/news-single.php?ID=732861\"><img decoding=\"async\" alt=\"Rruga Livadhet e Istogut\u2013Mokna drejt p\u00ebrfundimit\" src=\"https:\/\/www.rtklive.com\/sq\/gallery\/news_original\/732861-SJZ9YiycRm.png\">Rruga Livadhet e Istogut\u2013Mokna drejt p\u00ebrfundimit<\/a><\/p>\n\n\n\n<h4 class=\"wp-block-heading\">VIDEO<\/h4>\n\n\n\n<p class=\"wp-block-paragraph\"><a href=\"https:\/\/www.rtklive.com\/sq\/multimedia-emission.php?ID=22&amp;EID=48283\"><\/a><\/p>\n\n\n\n<figure class=\"wp-block-image is-resized\"><a href=\"https:\/\/www.rtklive.com\/sq\/multimedia-emission.php?ID=22&amp;EID=48283\"><img decoding=\"async\" src=\"https:\/\/img.youtube.com\/vi\/VJH7V6aSYH0\/mqdefault.jpg\" alt=\"Lajme 15:00 22.07.2026\" style=\"aspect-ratio:1.5384615384615385;width:100px;height:auto\"\/><\/a><\/figure>\n\n\n\n<h4 class=\"wp-block-heading\"><a href=\"https:\/\/www.rtklive.com\/sq\/multimedia-emission.php?ID=22&amp;EID=48283\">Lajme 15:00 22.07.2026<\/a><\/h4>\n\n\n\n<p class=\"wp-block-paragraph\"><a href=\"https:\/\/www.rtklive.com\/sq\/multimedia-emission.php?ID=22&amp;EID=48282\"><img loading=\"lazy\" decoding=\"async\" alt=\"Lajme 13:00 22.07.2026\" src=\"https:\/\/img.youtube.com\/vi\/jK-tY4nrZ1o\/mqdefault.jpg\" width=\"100\" height=\"65\">Lajme 13:00 22.07.2026<\/a><a href=\"https:\/\/www.rtklive.com\/sq\/multimedia-emission.php?ID=22&amp;EID=48281\"><img loading=\"lazy\" decoding=\"async\" alt=\"Lajme 11:00 22.07.2026\" src=\"https:\/\/img.youtube.com\/vi\/_mTd8r6Fu28\/mqdefault.jpg\" width=\"100\" height=\"65\">Lajme 11:00 22.07.2026<\/a><a href=\"https:\/\/www.rtklive.com\/sq\/multimedia-emission.php?ID=21&amp;EID=48280\"><img loading=\"lazy\" decoding=\"async\" alt=\"Artane Rizvanolli - ministre n\u00eb detyr\u00eb e Ekonomis\u00eb - Mir\u00ebm\u00ebngjesi Kosov\u00eb 22.07.2026\" src=\"https:\/\/img.youtube.com\/vi\/0pdIH9ULIo4\/mqdefault.jpg\" width=\"100\" height=\"65\">Artane Rizvanolli &#8211; ministre n\u00eb detyr\u00eb e Ekonomis\u00eb &#8211; Mir\u00ebm\u00ebngjesi Kosov\u00eb 22.07.2026<\/a><\/p>\n\n\n\n<figure class=\"wp-block-embed\"><div class=\"wp-block-embed__wrapper\">\nhttps:\/\/www.facebook.com\/plugins\/likebox.php?href=https%3A%2F%2Fwww.facebook.com%2Frtklivecom&#038;width=310&#038;height=258&#038;colorscheme=light&#038;show_faces=true&#038;header=false&#038;stream=false&#038;show_border=true&#038;appId=204692056261245\n<\/div><\/figure>\n","protected":false},"excerpt":{"rendered":"<p>Nes\u00ebr, m\u00eb 4 shtator, n\u00eb Rahovec fillon edicioni i sivjet\u00ebm i Hardh Fest, festivalit m\u00eb t\u00eb madh t\u00eb vjeljes s\u00eb rrushit n\u00eb Kosov\u00eb, i cili do t\u00eb zgjas\u00eb deri t\u00eb diel\u00ebn, m\u00eb 6 shtator. Festivali hapet n\u00eb or\u00ebn 11:00 me Karnavalin e Vreshtar\u00ebve, parakalimin tradicional t\u00eb vreshtar\u00ebve dhe mekanizmave bujq\u00ebsor\u00eb n\u00ebp\u00ebr qytet, i ndjekur nga [&hellip;]<\/p>\n","protected":false},"author":4,"featured_media":30833,"comment_status":"open","ping_status":"open","sticky":false,"template":"","format":"standard","meta":{"footnotes":""},"categories":[31,30],"tags":[],"class_list":["post-30832","post","type-post","status-publish","format-standard","has-post-thumbnail","category-kosove","category-lajme"],"yoast_head":"<!-- This site is optimized with the Yoast SEO plugin v27.4 - https:\/\/yoast.com\/product\/yoast-seo-wordpress\/ -->\n<title>Nes\u00ebr fillon Hardh Fest, tri dit\u00eb fest\u00eb e rrushit dhe ver\u00ebs n\u00eb Rahovec - Kosova Times<\/title>\n<meta name=\"robots\" content=\"index, follow, max-snippet:-1, max-image-preview:large, max-video-preview:-1\" \/>\n<link rel=\"canonical\" href=\"https:\/\/kosovatimes.info\/index.php\/2026\/09\/03\/neser-fillon-hardh-fest-tri-dite-feste-e-rrushit-dhe-veres-ne-rahovec\/\" \/>\n<meta property=\"og:locale\" content=\"en_US\" \/>\n<meta property=\"og:type\" content=\"article\" \/>\n<meta property=\"og:title\" content=\"Nes\u00ebr fillon Hardh Fest, tri dit\u00eb fest\u00eb e rrushit dhe ver\u00ebs n\u00eb Rahovec - Kosova Times\" \/>\n<meta property=\"og:description\" content=\"Nes\u00ebr, m\u00eb 4 shtator, n\u00eb Rahovec fillon edicioni i sivjet\u00ebm i Hardh Fest, festivalit m\u00eb t\u00eb madh t\u00eb vjeljes s\u00eb rrushit n\u00eb Kosov\u00eb, i cili do t\u00eb zgjas\u00eb deri t\u00eb diel\u00ebn, m\u00eb 6 shtator. Festivali hapet n\u00eb or\u00ebn 11:00 me Karnavalin e Vreshtar\u00ebve, parakalimin tradicional t\u00eb vreshtar\u00ebve dhe mekanizmave bujq\u00ebsor\u00eb n\u00ebp\u00ebr qytet, i ndjekur nga [&hellip;]\" \/>\n<meta property=\"og:url\" content=\"https:\/\/kosovatimes.info\/index.php\/2026\/09\/03\/neser-fillon-hardh-fest-tri-dite-feste-e-rrushit-dhe-veres-ne-rahovec\/\" \/>\n<meta property=\"og:site_name\" content=\"Kosova Times\" \/>\n<meta property=\"article:published_time\" content=\"2026-09-03T17:07:00+00:00\" \/>\n<meta property=\"article:modified_time\" content=\"2026-09-03T17:44:35+00:00\" \/>\n<meta property=\"og:image\" content=\"https:\/\/kosovatimes.info\/wp-content\/uploads\/2026\/09\/Fest.jpg\" \/>\n\t<meta property=\"og:image:width\" content=\"780\" \/>\n\t<meta property=\"og:image:height\" content=\"500\" \/>\n\t<meta property=\"og:image:type\" content=\"image\/jpeg\" \/>\n<meta name=\"author\" content=\"i l\" \/>\n<meta name=\"twitter:card\" content=\"summary_large_image\" \/>\n<meta name=\"twitter:label1\" content=\"Written by\" \/>\n\t<meta name=\"twitter:data1\" content=\"i l\" \/>\n\t<meta name=\"twitter:label2\" content=\"Est. reading time\" \/>\n\t<meta name=\"twitter:data2\" content=\"5 minutes\" \/>\n<script type=\"application\/ld+json\" class=\"yoast-schema-graph\">{\"@context\":\"https:\\\/\\\/schema.org\",\"@graph\":[{\"@type\":\"Article\",\"@id\":\"https:\\\/\\\/kosovatimes.info\\\/index.php\\\/2026\\\/09\\\/03\\\/neser-fillon-hardh-fest-tri-dite-feste-e-rrushit-dhe-veres-ne-rahovec\\\/#article\",\"isPartOf\":{\"@id\":\"https:\\\/\\\/kosovatimes.info\\\/index.php\\\/2026\\\/09\\\/03\\\/neser-fillon-hardh-fest-tri-dite-feste-e-rrushit-dhe-veres-ne-rahovec\\\/\"},\"author\":{\"name\":\"i l\",\"@id\":\"https:\\\/\\\/kosovatimes.info\\\/#\\\/schema\\\/person\\\/7586712b9c512fe68085de007378c915\"},\"headline\":\"Nes\u00ebr fillon Hardh Fest, tri dit\u00eb fest\u00eb e rrushit dhe ver\u00ebs n\u00eb Rahovec\",\"datePublished\":\"2026-09-03T17:07:00+00:00\",\"dateModified\":\"2026-09-03T17:44:35+00:00\",\"mainEntityOfPage\":{\"@id\":\"https:\\\/\\\/kosovatimes.info\\\/index.php\\\/2026\\\/09\\\/03\\\/neser-fillon-hardh-fest-tri-dite-feste-e-rrushit-dhe-veres-ne-rahovec\\\/\"},\"wordCount\":555,\"commentCount\":0,\"image\":{\"@id\":\"https:\\\/\\\/kosovatimes.info\\\/index.php\\\/2026\\\/09\\\/03\\\/neser-fillon-hardh-fest-tri-dite-feste-e-rrushit-dhe-veres-ne-rahovec\\\/#primaryimage\"},\"thumbnailUrl\":\"https:\\\/\\\/kosovatimes.info\\\/wp-content\\\/uploads\\\/2026\\\/09\\\/Fest.jpg\",\"articleSection\":[\"Kosov\u00eb\",\"Lajme\"],\"inLanguage\":\"en-US\",\"potentialAction\":[{\"@type\":\"CommentAction\",\"name\":\"Comment\",\"target\":[\"https:\\\/\\\/kosovatimes.info\\\/index.php\\\/2026\\\/09\\\/03\\\/neser-fillon-hardh-fest-tri-dite-feste-e-rrushit-dhe-veres-ne-rahovec\\\/#respond\"]}]},{\"@type\":\"WebPage\",\"@id\":\"https:\\\/\\\/kosovatimes.info\\\/index.php\\\/2026\\\/09\\\/03\\\/neser-fillon-hardh-fest-tri-dite-feste-e-rrushit-dhe-veres-ne-rahovec\\\/\",\"url\":\"https:\\\/\\\/kosovatimes.info\\\/index.php\\\/2026\\\/09\\\/03\\\/neser-fillon-hardh-fest-tri-dite-feste-e-rrushit-dhe-veres-ne-rahovec\\\/\",\"name\":\"Nes\u00ebr fillon Hardh Fest, tri dit\u00eb fest\u00eb e rrushit dhe ver\u00ebs n\u00eb Rahovec - Kosova Times\",\"isPartOf\":{\"@id\":\"https:\\\/\\\/kosovatimes.info\\\/#website\"},\"primaryImageOfPage\":{\"@id\":\"https:\\\/\\\/kosovatimes.info\\\/index.php\\\/2026\\\/09\\\/03\\\/neser-fillon-hardh-fest-tri-dite-feste-e-rrushit-dhe-veres-ne-rahovec\\\/#primaryimage\"},\"image\":{\"@id\":\"https:\\\/\\\/kosovatimes.info\\\/index.php\\\/2026\\\/09\\\/03\\\/neser-fillon-hardh-fest-tri-dite-feste-e-rrushit-dhe-veres-ne-rahovec\\\/#primaryimage\"},\"thumbnailUrl\":\"https:\\\/\\\/kosovatimes.info\\\/wp-content\\\/uploads\\\/2026\\\/09\\\/Fest.jpg\",\"datePublished\":\"2026-09-03T17:07:00+00:00\",\"dateModified\":\"2026-09-03T17:44:35+00:00\",\"author\":{\"@id\":\"https:\\\/\\\/kosovatimes.info\\\/#\\\/schema\\\/person\\\/7586712b9c512fe68085de007378c915\"},\"breadcrumb\":{\"@id\":\"https:\\\/\\\/kosovatimes.info\\\/index.php\\\/2026\\\/09\\\/03\\\/neser-fillon-hardh-fest-tri-dite-feste-e-rrushit-dhe-veres-ne-rahovec\\\/#breadcrumb\"},\"inLanguage\":\"en-US\",\"potentialAction\":[{\"@type\":\"ReadAction\",\"target\":[\"https:\\\/\\\/kosovatimes.info\\\/index.php\\\/2026\\\/09\\\/03\\\/neser-fillon-hardh-fest-tri-dite-feste-e-rrushit-dhe-veres-ne-rahovec\\\/\"]}]},{\"@type\":\"ImageObject\",\"inLanguage\":\"en-US\",\"@id\":\"https:\\\/\\\/kosovatimes.info\\\/index.php\\\/2026\\\/09\\\/03\\\/neser-fillon-hardh-fest-tri-dite-feste-e-rrushit-dhe-veres-ne-rahovec\\\/#primaryimage\",\"url\":\"https:\\\/\\\/kosovatimes.info\\\/wp-content\\\/uploads\\\/2026\\\/09\\\/Fest.jpg\",\"contentUrl\":\"https:\\\/\\\/kosovatimes.info\\\/wp-content\\\/uploads\\\/2026\\\/09\\\/Fest.jpg\",\"width\":780,\"height\":500},{\"@type\":\"BreadcrumbList\",\"@id\":\"https:\\\/\\\/kosovatimes.info\\\/index.php\\\/2026\\\/09\\\/03\\\/neser-fillon-hardh-fest-tri-dite-feste-e-rrushit-dhe-veres-ne-rahovec\\\/#breadcrumb\",\"itemListElement\":[{\"@type\":\"ListItem\",\"position\":1,\"name\":\"Home\",\"item\":\"https:\\\/\\\/kosovatimes.info\\\/\"},{\"@type\":\"ListItem\",\"position\":2,\"name\":\"Nes\u00ebr fillon Hardh Fest, tri dit\u00eb fest\u00eb e rrushit dhe ver\u00ebs n\u00eb Rahovec\"}]},{\"@type\":\"WebSite\",\"@id\":\"https:\\\/\\\/kosovatimes.info\\\/#website\",\"url\":\"https:\\\/\\\/kosovatimes.info\\\/\",\"name\":\"Kosova Times\",\"description\":\"\",\"potentialAction\":[{\"@type\":\"SearchAction\",\"target\":{\"@type\":\"EntryPoint\",\"urlTemplate\":\"https:\\\/\\\/kosovatimes.info\\\/?s={search_term_string}\"},\"query-input\":{\"@type\":\"PropertyValueSpecification\",\"valueRequired\":true,\"valueName\":\"search_term_string\"}}],\"inLanguage\":\"en-US\"},{\"@type\":\"Person\",\"@id\":\"https:\\\/\\\/kosovatimes.info\\\/#\\\/schema\\\/person\\\/7586712b9c512fe68085de007378c915\",\"name\":\"i l\",\"image\":{\"@type\":\"ImageObject\",\"inLanguage\":\"en-US\",\"@id\":\"https:\\\/\\\/secure.gravatar.com\\\/avatar\\\/bad9296e02816160ae2e2435beda58222022298d5625d49fea74d18816fbb31d?s=96&d=mm&r=g\",\"url\":\"https:\\\/\\\/secure.gravatar.com\\\/avatar\\\/bad9296e02816160ae2e2435beda58222022298d5625d49fea74d18816fbb31d?s=96&d=mm&r=g\",\"contentUrl\":\"https:\\\/\\\/secure.gravatar.com\\\/avatar\\\/bad9296e02816160ae2e2435beda58222022298d5625d49fea74d18816fbb31d?s=96&d=mm&r=g\",\"caption\":\"i l\"},\"url\":\"https:\\\/\\\/kosovatimes.info\\\/index.php\\\/author\\\/iliri\\\/\"}]}<\/script>\n<!-- \/ Yoast SEO plugin. -->","yoast_head_json":{"title":"Nes\u00ebr fillon Hardh Fest, tri dit\u00eb fest\u00eb e rrushit dhe ver\u00ebs n\u00eb Rahovec - Kosova Times","robots":{"index":"index","follow":"follow","max-snippet":"max-snippet:-1","max-image-preview":"max-image-preview:large","max-video-preview":"max-video-preview:-1"},"canonical":"https:\/\/kosovatimes.info\/index.php\/2026\/09\/03\/neser-fillon-hardh-fest-tri-dite-feste-e-rrushit-dhe-veres-ne-rahovec\/","og_locale":"en_US","og_type":"article","og_title":"Nes\u00ebr fillon Hardh Fest, tri dit\u00eb fest\u00eb e rrushit dhe ver\u00ebs n\u00eb Rahovec - Kosova Times","og_description":"Nes\u00ebr, m\u00eb 4 shtator, n\u00eb Rahovec fillon edicioni i sivjet\u00ebm i Hardh Fest, festivalit m\u00eb t\u00eb madh t\u00eb vjeljes s\u00eb rrushit n\u00eb Kosov\u00eb, i cili do t\u00eb zgjas\u00eb deri t\u00eb diel\u00ebn, m\u00eb 6 shtator. Festivali hapet n\u00eb or\u00ebn 11:00 me Karnavalin e Vreshtar\u00ebve, parakalimin tradicional t\u00eb vreshtar\u00ebve dhe mekanizmave bujq\u00ebsor\u00eb n\u00ebp\u00ebr qytet, i ndjekur nga [&hellip;]","og_url":"https:\/\/kosovatimes.info\/index.php\/2026\/09\/03\/neser-fillon-hardh-fest-tri-dite-feste-e-rrushit-dhe-veres-ne-rahovec\/","og_site_name":"Kosova Times","article_published_time":"2026-09-03T17:07:00+00:00","article_modified_time":"2026-09-03T17:44:35+00:00","og_image":[{"width":780,"height":500,"url":"https:\/\/kosovatimes.info\/wp-content\/uploads\/2026\/09\/Fest.jpg","type":"image\/jpeg"}],"author":"i l","twitter_card":"summary_large_image","twitter_misc":{"Written by":"i l","Est. reading time":"5 minutes"},"schema":{"@context":"https:\/\/schema.org","@graph":[{"@type":"Article","@id":"https:\/\/kosovatimes.info\/index.php\/2026\/09\/03\/neser-fillon-hardh-fest-tri-dite-feste-e-rrushit-dhe-veres-ne-rahovec\/#article","isPartOf":{"@id":"https:\/\/kosovatimes.info\/index.php\/2026\/09\/03\/neser-fillon-hardh-fest-tri-dite-feste-e-rrushit-dhe-veres-ne-rahovec\/"},"author":{"name":"i l","@id":"https:\/\/kosovatimes.info\/#\/schema\/person\/7586712b9c512fe68085de007378c915"},"headline":"Nes\u00ebr fillon Hardh Fest, tri dit\u00eb fest\u00eb e rrushit dhe ver\u00ebs n\u00eb Rahovec","datePublished":"2026-09-03T17:07:00+00:00","dateModified":"2026-09-03T17:44:35+00:00","mainEntityOfPage":{"@id":"https:\/\/kosovatimes.info\/index.php\/2026\/09\/03\/neser-fillon-hardh-fest-tri-dite-feste-e-rrushit-dhe-veres-ne-rahovec\/"},"wordCount":555,"commentCount":0,"image":{"@id":"https:\/\/kosovatimes.info\/index.php\/2026\/09\/03\/neser-fillon-hardh-fest-tri-dite-feste-e-rrushit-dhe-veres-ne-rahovec\/#primaryimage"},"thumbnailUrl":"https:\/\/kosovatimes.info\/wp-content\/uploads\/2026\/09\/Fest.jpg","articleSection":["Kosov\u00eb","Lajme"],"inLanguage":"en-US","potentialAction":[{"@type":"CommentAction","name":"Comment","target":["https:\/\/kosovatimes.info\/index.php\/2026\/09\/03\/neser-fillon-hardh-fest-tri-dite-feste-e-rrushit-dhe-veres-ne-rahovec\/#respond"]}]},{"@type":"WebPage","@id":"https:\/\/kosovatimes.info\/index.php\/2026\/09\/03\/neser-fillon-hardh-fest-tri-dite-feste-e-rrushit-dhe-veres-ne-rahovec\/","url":"https:\/\/kosovatimes.info\/index.php\/2026\/09\/03\/neser-fillon-hardh-fest-tri-dite-feste-e-rrushit-dhe-veres-ne-rahovec\/","name":"Nes\u00ebr fillon Hardh Fest, tri dit\u00eb fest\u00eb e rrushit dhe ver\u00ebs n\u00eb Rahovec - Kosova Times","isPartOf":{"@id":"https:\/\/kosovatimes.info\/#website"},"primaryImageOfPage":{"@id":"https:\/\/kosovatimes.info\/index.php\/2026\/09\/03\/neser-fillon-hardh-fest-tri-dite-feste-e-rrushit-dhe-veres-ne-rahovec\/#primaryimage"},"image":{"@id":"https:\/\/kosovatimes.info\/index.php\/2026\/09\/03\/neser-fillon-hardh-fest-tri-dite-feste-e-rrushit-dhe-veres-ne-rahovec\/#primaryimage"},"thumbnailUrl":"https:\/\/kosovatimes.info\/wp-content\/uploads\/2026\/09\/Fest.jpg","datePublished":"2026-09-03T17:07:00+00:00","dateModified":"2026-09-03T17:44:35+00:00","author":{"@id":"https:\/\/kosovatimes.info\/#\/schema\/person\/7586712b9c512fe68085de007378c915"},"breadcrumb":{"@id":"https:\/\/kosovatimes.info\/index.php\/2026\/09\/03\/neser-fillon-hardh-fest-tri-dite-feste-e-rrushit-dhe-veres-ne-rahovec\/#breadcrumb"},"inLanguage":"en-US","potentialAction":[{"@type":"ReadAction","target":["https:\/\/kosovatimes.info\/index.php\/2026\/09\/03\/neser-fillon-hardh-fest-tri-dite-feste-e-rrushit-dhe-veres-ne-rahovec\/"]}]},{"@type":"ImageObject","inLanguage":"en-US","@id":"https:\/\/kosovatimes.info\/index.php\/2026\/09\/03\/neser-fillon-hardh-fest-tri-dite-feste-e-rrushit-dhe-veres-ne-rahovec\/#primaryimage","url":"https:\/\/kosovatimes.info\/wp-content\/uploads\/2026\/09\/Fest.jpg","contentUrl":"https:\/\/kosovatimes.info\/wp-content\/uploads\/2026\/09\/Fest.jpg","width":780,"height":500},{"@type":"BreadcrumbList","@id":"https:\/\/kosovatimes.info\/index.php\/2026\/09\/03\/neser-fillon-hardh-fest-tri-dite-feste-e-rrushit-dhe-veres-ne-rahovec\/#breadcrumb","itemListElement":[{"@type":"ListItem","position":1,"name":"Home","item":"https:\/\/kosovatimes.info\/"},{"@type":"ListItem","position":2,"name":"Nes\u00ebr fillon Hardh Fest, tri dit\u00eb fest\u00eb e rrushit dhe ver\u00ebs n\u00eb Rahovec"}]},{"@type":"WebSite","@id":"https:\/\/kosovatimes.info\/#website","url":"https:\/\/kosovatimes.info\/","name":"Kosova Times","description":"","potentialAction":[{"@type":"SearchAction","target":{"@type":"EntryPoint","urlTemplate":"https:\/\/kosovatimes.info\/?s={search_term_string}"},"query-input":{"@type":"PropertyValueSpecification","valueRequired":true,"valueName":"search_term_string"}}],"inLanguage":"en-US"},{"@type":"Person","@id":"https:\/\/kosovatimes.info\/#\/schema\/person\/7586712b9c512fe68085de007378c915","name":"i l","image":{"@type":"ImageObject","inLanguage":"en-US","@id":"https:\/\/secure.gravatar.com\/avatar\/bad9296e02816160ae2e2435beda58222022298d5625d49fea74d18816fbb31d?s=96&d=mm&r=g","url":"https:\/\/secure.gravatar.com\/avatar\/bad9296e02816160ae2e2435beda58222022298d5625d49fea74d18816fbb31d?s=96&d=mm&r=g","contentUrl":"https:\/\/secure.gravatar.com\/avatar\/bad9296e02816160ae2e2435beda58222022298d5625d49fea74d18816fbb31d?s=96&d=mm&r=g","caption":"i l"},"url":"https:\/\/kosovatimes.info\/index.php\/author\/iliri\/"}]}},"_links":{"self":[{"href":"https:\/\/kosovatimes.info\/index.php\/wp-json\/wp\/v2\/posts\/30832","targetHints":{"allow":["GET"]}}],"collection":[{"href":"https:\/\/kosovatimes.info\/index.php\/wp-json\/wp\/v2\/posts"}],"about":[{"href":"https:\/\/kosovatimes.info\/index.php\/wp-json\/wp\/v2\/types\/post"}],"author":[{"embeddable":true,"href":"https:\/\/kosovatimes.info\/index.php\/wp-json\/wp\/v2\/users\/4"}],"replies":[{"embeddable":true,"href":"https:\/\/kosovatimes.info\/index.php\/wp-json\/wp\/v2\/comments?post=30832"}],"version-history":[{"count":1,"href":"https:\/\/kosovatimes.info\/index.php\/wp-json\/wp\/v2\/posts\/30832\/revisions"}],"predecessor-version":[{"id":30834,"href":"https:\/\/kosovatimes.info\/index.php\/wp-json\/wp\/v2\/posts\/30832\/revisions\/30834"}],"wp:featuredmedia":[{"embeddable":true,"href":"https:\/\/kosovatimes.info\/index.php\/wp-json\/wp\/v2\/media\/30833"}],"wp:attachment":[{"href":"https:\/\/kosovatimes.info\/index.php\/wp-json\/wp\/v2\/media?parent=30832"}],"wp:term":[{"taxonomy":"category","embeddable":true,"href":"https:\/\/kosovatimes.info\/index.php\/wp-json\/wp\/v2\/categories?post=30832"},{"taxonomy":"post_tag","embeddable":true,"href":"https:\/\/kosovatimes.info\/index.php\/wp-json\/wp\/v2\/tags?post=30832"}],"curies":[{"name":"wp","href":"https:\/\/api.w.org\/{rel}","templated":true}]}}