{"id":30838,"date":"2026-09-03T18:01:00","date_gmt":"2026-09-03T16:01:00","guid":{"rendered":"https:\/\/kosovatimes.info\/?p=30838"},"modified":"2026-09-03T19:48:32","modified_gmt":"2026-09-03T17:48:32","slug":"hoxha-me-kos-ne-dublin-shqiperia-ruan-ritmin-drejt-be-se","status":"publish","type":"post","link":"https:\/\/kosovatimes.info\/index.php\/2026\/09\/03\/hoxha-me-kos-ne-dublin-shqiperia-ruan-ritmin-drejt-be-se\/","title":{"rendered":"Hoxha me Kos n\u00eb Dublin: Shqip\u00ebria ruan ritmin drejt BE-s\u00eb"},"content":{"rendered":"\n<p class=\"wp-block-paragraph\"><strong>Ministri p\u00ebr Evrop\u00ebn dhe Pun\u00ebt e Jashtme t\u00eb Shqip\u00ebris\u00eb, Ferit Hoxha, zhvilloi nj\u00eb takim me Komisioneren e BE-s\u00eb p\u00ebr Zgjerimin, Marta Kos, n\u00eb margjinat e K\u00ebshillit t\u00eb \u00c7\u00ebshtjeve t\u00eb P\u00ebrgjithshme q\u00eb po mbahet n\u00eb Dublin.<\/strong><\/p>\n\n\n\n<p class=\"wp-block-paragraph\">\u201cK\u00ebnaq\u00ebsi t\u00eb takohem dhe t\u00eb bisedoj me Komisioneren e BE-s\u00eb p\u00ebr Zgjerimin, Marta Kos, n\u00eb margjinat e K\u00ebshillit t\u00eb \u00c7\u00ebshtjeve t\u00eb P\u00ebrgjithshme, q\u00eb zhvillohet gjat\u00eb k\u00ebtyre dy dit\u00ebve n\u00eb Dublin. Nuk do t\u00eb humbasim kurr\u00eb asnj\u00eb shans p\u00ebr t\u00eb qen\u00eb t\u00eb pranish\u00ebm kudo q\u00eb flitet p\u00ebr zgjerimin, p\u00ebr t\u00eb paraqitur modelin e Shqip\u00ebris\u00eb; dhe kudo q\u00eb zgjerimi \u00ebsht\u00eb n\u00eb axhend\u00eb, Marta Kos \u00ebsht\u00eb aty p\u00ebr ta \u00e7uar procesin p\u00ebrpara\u201d, u shpreh Hoxha n\u00eb nj\u00eb postim n\u00eb X.<\/p>\n\n\n\n<p class=\"wp-block-paragraph\">Gjat\u00eb takimit, u shk\u00ebmbyen mendime mbi dinamik\u00ebn aktuale t\u00eb procesit t\u00eb an\u00ebtar\u00ebsimit, perspektivat e tij dhe r\u00ebnd\u00ebsin\u00eb e ruajtjes s\u00eb ritmit dhe momentumit t\u00eb negociatave.<\/p>\n\n\n\n<p class=\"wp-block-paragraph\">\u201cP\u00ebr Shqip\u00ebrin\u00eb, objektivi mbetet i qart\u00eb: t\u00eb ecim p\u00ebrpara me vendosm\u00ebri dhe t\u00eb mbyllim sa m\u00eb shum\u00eb kapituj negociues t\u00eb jet\u00eb e mundur k\u00ebt\u00eb vit, duke vazhduar t\u00eb zbatojm\u00eb reformat dhe angazhimet. Ne mbetemi plot\u00ebsisht t\u00eb p\u00ebrqendruar n\u00eb pun\u00ebn p\u00ebrpara dhe t\u00eb vendosur p\u00ebr t\u00eb ruajtur ritmin e negociatave\u201d, theksoi ministri.<\/p>\n\n\n\n<p class=\"wp-block-paragraph\">Ai n\u00ebnvizoi se zgjerimi ka t\u00eb b\u00ebj\u00eb me \u201cmerit\u00ebn, momentumin dhe rezultatin\u201d, duke shtuar se \u201cShqip\u00ebria \u00ebsht\u00eb gati p\u00ebr t\u00eb treja\u201d.<\/p>\n\n\n\n<p class=\"wp-block-paragraph\">Takimi n\u00eb Dublin u cil\u00ebsua si nj\u00eb mund\u00ebsi e r\u00ebnd\u00ebsishme p\u00ebr t\u00eb riafirmuar angazhimin e Shqip\u00ebris\u00eb n\u00eb procesin e integrimit evropian dhe p\u00ebr t\u00eb theksuar vendosm\u00ebrin\u00eb p\u00ebr t\u00eb ruajtur ritmin e negociatave t\u00eb an\u00ebtar\u00ebsimit.<\/p>\n","protected":false},"excerpt":{"rendered":"<p>Ministri p\u00ebr Evrop\u00ebn dhe Pun\u00ebt e Jashtme t\u00eb Shqip\u00ebris\u00eb, Ferit Hoxha, zhvilloi nj\u00eb takim me Komisioneren e BE-s\u00eb p\u00ebr Zgjerimin, Marta Kos, n\u00eb margjinat e K\u00ebshillit t\u00eb \u00c7\u00ebshtjeve t\u00eb P\u00ebrgjithshme q\u00eb po mbahet n\u00eb Dublin. \u201cK\u00ebnaq\u00ebsi t\u00eb takohem dhe t\u00eb bisedoj me Komisioneren e BE-s\u00eb p\u00ebr Zgjerimin, Marta Kos, n\u00eb margjinat e K\u00ebshillit t\u00eb \u00c7\u00ebshtjeve [&hellip;]<\/p>\n","protected":false},"author":4,"featured_media":0,"comment_status":"open","ping_status":"open","sticky":false,"template":"","format":"standard","meta":{"footnotes":""},"categories":[31,30],"tags":[],"class_list":["post-30838","post","type-post","status-publish","format-standard","category-kosove","category-lajme"],"yoast_head":"<!-- This site is optimized with the Yoast SEO plugin v27.4 - https:\/\/yoast.com\/product\/yoast-seo-wordpress\/ -->\n<title>Hoxha me Kos n\u00eb Dublin: Shqip\u00ebria ruan ritmin drejt BE-s\u00eb - Kosova Times<\/title>\n<meta name=\"robots\" content=\"index, follow, max-snippet:-1, max-image-preview:large, max-video-preview:-1\" \/>\n<link rel=\"canonical\" href=\"https:\/\/kosovatimes.info\/index.php\/2026\/09\/03\/hoxha-me-kos-ne-dublin-shqiperia-ruan-ritmin-drejt-be-se\/\" \/>\n<meta property=\"og:locale\" content=\"en_US\" \/>\n<meta property=\"og:type\" content=\"article\" \/>\n<meta property=\"og:title\" content=\"Hoxha me Kos n\u00eb Dublin: Shqip\u00ebria ruan ritmin drejt BE-s\u00eb - Kosova Times\" \/>\n<meta property=\"og:description\" content=\"Ministri p\u00ebr Evrop\u00ebn dhe Pun\u00ebt e Jashtme t\u00eb Shqip\u00ebris\u00eb, Ferit Hoxha, zhvilloi nj\u00eb takim me Komisioneren e BE-s\u00eb p\u00ebr Zgjerimin, Marta Kos, n\u00eb margjinat e K\u00ebshillit t\u00eb \u00c7\u00ebshtjeve t\u00eb P\u00ebrgjithshme q\u00eb po mbahet n\u00eb Dublin. \u201cK\u00ebnaq\u00ebsi t\u00eb takohem dhe t\u00eb bisedoj me Komisioneren e BE-s\u00eb p\u00ebr Zgjerimin, Marta Kos, n\u00eb margjinat e K\u00ebshillit t\u00eb \u00c7\u00ebshtjeve [&hellip;]\" \/>\n<meta property=\"og:url\" content=\"https:\/\/kosovatimes.info\/index.php\/2026\/09\/03\/hoxha-me-kos-ne-dublin-shqiperia-ruan-ritmin-drejt-be-se\/\" \/>\n<meta property=\"og:site_name\" content=\"Kosova Times\" \/>\n<meta property=\"article:published_time\" content=\"2026-09-03T16:01:00+00:00\" \/>\n<meta property=\"article:modified_time\" content=\"2026-09-03T17:48:32+00:00\" \/>\n<meta name=\"author\" content=\"i l\" \/>\n<meta name=\"twitter:card\" content=\"summary_large_image\" \/>\n<meta name=\"twitter:label1\" content=\"Written by\" \/>\n\t<meta name=\"twitter:data1\" content=\"i l\" \/>\n\t<meta name=\"twitter:label2\" content=\"Est. reading time\" \/>\n\t<meta name=\"twitter:data2\" content=\"2 minutes\" \/>\n<script type=\"application\/ld+json\" class=\"yoast-schema-graph\">{\"@context\":\"https:\\\/\\\/schema.org\",\"@graph\":[{\"@type\":\"Article\",\"@id\":\"https:\\\/\\\/kosovatimes.info\\\/index.php\\\/2026\\\/09\\\/03\\\/hoxha-me-kos-ne-dublin-shqiperia-ruan-ritmin-drejt-be-se\\\/#article\",\"isPartOf\":{\"@id\":\"https:\\\/\\\/kosovatimes.info\\\/index.php\\\/2026\\\/09\\\/03\\\/hoxha-me-kos-ne-dublin-shqiperia-ruan-ritmin-drejt-be-se\\\/\"},\"author\":{\"name\":\"i l\",\"@id\":\"https:\\\/\\\/kosovatimes.info\\\/#\\\/schema\\\/person\\\/7586712b9c512fe68085de007378c915\"},\"headline\":\"Hoxha me Kos n\u00eb Dublin: Shqip\u00ebria ruan ritmin drejt BE-s\u00eb\",\"datePublished\":\"2026-09-03T16:01:00+00:00\",\"dateModified\":\"2026-09-03T17:48:32+00:00\",\"mainEntityOfPage\":{\"@id\":\"https:\\\/\\\/kosovatimes.info\\\/index.php\\\/2026\\\/09\\\/03\\\/hoxha-me-kos-ne-dublin-shqiperia-ruan-ritmin-drejt-be-se\\\/\"},\"wordCount\":307,\"commentCount\":0,\"articleSection\":[\"Kosov\u00eb\",\"Lajme\"],\"inLanguage\":\"en-US\",\"potentialAction\":[{\"@type\":\"CommentAction\",\"name\":\"Comment\",\"target\":[\"https:\\\/\\\/kosovatimes.info\\\/index.php\\\/2026\\\/09\\\/03\\\/hoxha-me-kos-ne-dublin-shqiperia-ruan-ritmin-drejt-be-se\\\/#respond\"]}]},{\"@type\":\"WebPage\",\"@id\":\"https:\\\/\\\/kosovatimes.info\\\/index.php\\\/2026\\\/09\\\/03\\\/hoxha-me-kos-ne-dublin-shqiperia-ruan-ritmin-drejt-be-se\\\/\",\"url\":\"https:\\\/\\\/kosovatimes.info\\\/index.php\\\/2026\\\/09\\\/03\\\/hoxha-me-kos-ne-dublin-shqiperia-ruan-ritmin-drejt-be-se\\\/\",\"name\":\"Hoxha me Kos n\u00eb Dublin: Shqip\u00ebria ruan ritmin drejt BE-s\u00eb - Kosova Times\",\"isPartOf\":{\"@id\":\"https:\\\/\\\/kosovatimes.info\\\/#website\"},\"datePublished\":\"2026-09-03T16:01:00+00:00\",\"dateModified\":\"2026-09-03T17:48:32+00:00\",\"author\":{\"@id\":\"https:\\\/\\\/kosovatimes.info\\\/#\\\/schema\\\/person\\\/7586712b9c512fe68085de007378c915\"},\"breadcrumb\":{\"@id\":\"https:\\\/\\\/kosovatimes.info\\\/index.php\\\/2026\\\/09\\\/03\\\/hoxha-me-kos-ne-dublin-shqiperia-ruan-ritmin-drejt-be-se\\\/#breadcrumb\"},\"inLanguage\":\"en-US\",\"potentialAction\":[{\"@type\":\"ReadAction\",\"target\":[\"https:\\\/\\\/kosovatimes.info\\\/index.php\\\/2026\\\/09\\\/03\\\/hoxha-me-kos-ne-dublin-shqiperia-ruan-ritmin-drejt-be-se\\\/\"]}]},{\"@type\":\"BreadcrumbList\",\"@id\":\"https:\\\/\\\/kosovatimes.info\\\/index.php\\\/2026\\\/09\\\/03\\\/hoxha-me-kos-ne-dublin-shqiperia-ruan-ritmin-drejt-be-se\\\/#breadcrumb\",\"itemListElement\":[{\"@type\":\"ListItem\",\"position\":1,\"name\":\"Home\",\"item\":\"https:\\\/\\\/kosovatimes.info\\\/\"},{\"@type\":\"ListItem\",\"position\":2,\"name\":\"Hoxha me Kos n\u00eb Dublin: Shqip\u00ebria ruan ritmin drejt BE-s\u00eb\"}]},{\"@type\":\"WebSite\",\"@id\":\"https:\\\/\\\/kosovatimes.info\\\/#website\",\"url\":\"https:\\\/\\\/kosovatimes.info\\\/\",\"name\":\"Kosova Times\",\"description\":\"\",\"potentialAction\":[{\"@type\":\"SearchAction\",\"target\":{\"@type\":\"EntryPoint\",\"urlTemplate\":\"https:\\\/\\\/kosovatimes.info\\\/?s={search_term_string}\"},\"query-input\":{\"@type\":\"PropertyValueSpecification\",\"valueRequired\":true,\"valueName\":\"search_term_string\"}}],\"inLanguage\":\"en-US\"},{\"@type\":\"Person\",\"@id\":\"https:\\\/\\\/kosovatimes.info\\\/#\\\/schema\\\/person\\\/7586712b9c512fe68085de007378c915\",\"name\":\"i l\",\"image\":{\"@type\":\"ImageObject\",\"inLanguage\":\"en-US\",\"@id\":\"https:\\\/\\\/secure.gravatar.com\\\/avatar\\\/bad9296e02816160ae2e2435beda58222022298d5625d49fea74d18816fbb31d?s=96&d=mm&r=g\",\"url\":\"https:\\\/\\\/secure.gravatar.com\\\/avatar\\\/bad9296e02816160ae2e2435beda58222022298d5625d49fea74d18816fbb31d?s=96&d=mm&r=g\",\"contentUrl\":\"https:\\\/\\\/secure.gravatar.com\\\/avatar\\\/bad9296e02816160ae2e2435beda58222022298d5625d49fea74d18816fbb31d?s=96&d=mm&r=g\",\"caption\":\"i l\"},\"url\":\"https:\\\/\\\/kosovatimes.info\\\/index.php\\\/author\\\/iliri\\\/\"}]}<\/script>\n<!-- \/ Yoast SEO plugin. -->","yoast_head_json":{"title":"Hoxha me Kos n\u00eb Dublin: Shqip\u00ebria ruan ritmin drejt BE-s\u00eb - Kosova Times","robots":{"index":"index","follow":"follow","max-snippet":"max-snippet:-1","max-image-preview":"max-image-preview:large","max-video-preview":"max-video-preview:-1"},"canonical":"https:\/\/kosovatimes.info\/index.php\/2026\/09\/03\/hoxha-me-kos-ne-dublin-shqiperia-ruan-ritmin-drejt-be-se\/","og_locale":"en_US","og_type":"article","og_title":"Hoxha me Kos n\u00eb Dublin: Shqip\u00ebria ruan ritmin drejt BE-s\u00eb - Kosova Times","og_description":"Ministri p\u00ebr Evrop\u00ebn dhe Pun\u00ebt e Jashtme t\u00eb Shqip\u00ebris\u00eb, Ferit Hoxha, zhvilloi nj\u00eb takim me Komisioneren e BE-s\u00eb p\u00ebr Zgjerimin, Marta Kos, n\u00eb margjinat e K\u00ebshillit t\u00eb \u00c7\u00ebshtjeve t\u00eb P\u00ebrgjithshme q\u00eb po mbahet n\u00eb Dublin. \u201cK\u00ebnaq\u00ebsi t\u00eb takohem dhe t\u00eb bisedoj me Komisioneren e BE-s\u00eb p\u00ebr Zgjerimin, Marta Kos, n\u00eb margjinat e K\u00ebshillit t\u00eb \u00c7\u00ebshtjeve [&hellip;]","og_url":"https:\/\/kosovatimes.info\/index.php\/2026\/09\/03\/hoxha-me-kos-ne-dublin-shqiperia-ruan-ritmin-drejt-be-se\/","og_site_name":"Kosova Times","article_published_time":"2026-09-03T16:01:00+00:00","article_modified_time":"2026-09-03T17:48:32+00:00","author":"i l","twitter_card":"summary_large_image","twitter_misc":{"Written by":"i l","Est. reading time":"2 minutes"},"schema":{"@context":"https:\/\/schema.org","@graph":[{"@type":"Article","@id":"https:\/\/kosovatimes.info\/index.php\/2026\/09\/03\/hoxha-me-kos-ne-dublin-shqiperia-ruan-ritmin-drejt-be-se\/#article","isPartOf":{"@id":"https:\/\/kosovatimes.info\/index.php\/2026\/09\/03\/hoxha-me-kos-ne-dublin-shqiperia-ruan-ritmin-drejt-be-se\/"},"author":{"name":"i l","@id":"https:\/\/kosovatimes.info\/#\/schema\/person\/7586712b9c512fe68085de007378c915"},"headline":"Hoxha me Kos n\u00eb Dublin: Shqip\u00ebria ruan ritmin drejt BE-s\u00eb","datePublished":"2026-09-03T16:01:00+00:00","dateModified":"2026-09-03T17:48:32+00:00","mainEntityOfPage":{"@id":"https:\/\/kosovatimes.info\/index.php\/2026\/09\/03\/hoxha-me-kos-ne-dublin-shqiperia-ruan-ritmin-drejt-be-se\/"},"wordCount":307,"commentCount":0,"articleSection":["Kosov\u00eb","Lajme"],"inLanguage":"en-US","potentialAction":[{"@type":"CommentAction","name":"Comment","target":["https:\/\/kosovatimes.info\/index.php\/2026\/09\/03\/hoxha-me-kos-ne-dublin-shqiperia-ruan-ritmin-drejt-be-se\/#respond"]}]},{"@type":"WebPage","@id":"https:\/\/kosovatimes.info\/index.php\/2026\/09\/03\/hoxha-me-kos-ne-dublin-shqiperia-ruan-ritmin-drejt-be-se\/","url":"https:\/\/kosovatimes.info\/index.php\/2026\/09\/03\/hoxha-me-kos-ne-dublin-shqiperia-ruan-ritmin-drejt-be-se\/","name":"Hoxha me Kos n\u00eb Dublin: Shqip\u00ebria ruan ritmin drejt BE-s\u00eb - Kosova Times","isPartOf":{"@id":"https:\/\/kosovatimes.info\/#website"},"datePublished":"2026-09-03T16:01:00+00:00","dateModified":"2026-09-03T17:48:32+00:00","author":{"@id":"https:\/\/kosovatimes.info\/#\/schema\/person\/7586712b9c512fe68085de007378c915"},"breadcrumb":{"@id":"https:\/\/kosovatimes.info\/index.php\/2026\/09\/03\/hoxha-me-kos-ne-dublin-shqiperia-ruan-ritmin-drejt-be-se\/#breadcrumb"},"inLanguage":"en-US","potentialAction":[{"@type":"ReadAction","target":["https:\/\/kosovatimes.info\/index.php\/2026\/09\/03\/hoxha-me-kos-ne-dublin-shqiperia-ruan-ritmin-drejt-be-se\/"]}]},{"@type":"BreadcrumbList","@id":"https:\/\/kosovatimes.info\/index.php\/2026\/09\/03\/hoxha-me-kos-ne-dublin-shqiperia-ruan-ritmin-drejt-be-se\/#breadcrumb","itemListElement":[{"@type":"ListItem","position":1,"name":"Home","item":"https:\/\/kosovatimes.info\/"},{"@type":"ListItem","position":2,"name":"Hoxha me Kos n\u00eb Dublin: Shqip\u00ebria ruan ritmin drejt BE-s\u00eb"}]},{"@type":"WebSite","@id":"https:\/\/kosovatimes.info\/#website","url":"https:\/\/kosovatimes.info\/","name":"Kosova Times","description":"","potentialAction":[{"@type":"SearchAction","target":{"@type":"EntryPoint","urlTemplate":"https:\/\/kosovatimes.info\/?s={search_term_string}"},"query-input":{"@type":"PropertyValueSpecification","valueRequired":true,"valueName":"search_term_string"}}],"inLanguage":"en-US"},{"@type":"Person","@id":"https:\/\/kosovatimes.info\/#\/schema\/person\/7586712b9c512fe68085de007378c915","name":"i l","image":{"@type":"ImageObject","inLanguage":"en-US","@id":"https:\/\/secure.gravatar.com\/avatar\/bad9296e02816160ae2e2435beda58222022298d5625d49fea74d18816fbb31d?s=96&d=mm&r=g","url":"https:\/\/secure.gravatar.com\/avatar\/bad9296e02816160ae2e2435beda58222022298d5625d49fea74d18816fbb31d?s=96&d=mm&r=g","contentUrl":"https:\/\/secure.gravatar.com\/avatar\/bad9296e02816160ae2e2435beda58222022298d5625d49fea74d18816fbb31d?s=96&d=mm&r=g","caption":"i l"},"url":"https:\/\/kosovatimes.info\/index.php\/author\/iliri\/"}]}},"_links":{"self":[{"href":"https:\/\/kosovatimes.info\/index.php\/wp-json\/wp\/v2\/posts\/30838","targetHints":{"allow":["GET"]}}],"collection":[{"href":"https:\/\/kosovatimes.info\/index.php\/wp-json\/wp\/v2\/posts"}],"about":[{"href":"https:\/\/kosovatimes.info\/index.php\/wp-json\/wp\/v2\/types\/post"}],"author":[{"embeddable":true,"href":"https:\/\/kosovatimes.info\/index.php\/wp-json\/wp\/v2\/users\/4"}],"replies":[{"embeddable":true,"href":"https:\/\/kosovatimes.info\/index.php\/wp-json\/wp\/v2\/comments?post=30838"}],"version-history":[{"count":1,"href":"https:\/\/kosovatimes.info\/index.php\/wp-json\/wp\/v2\/posts\/30838\/revisions"}],"predecessor-version":[{"id":30839,"href":"https:\/\/kosovatimes.info\/index.php\/wp-json\/wp\/v2\/posts\/30838\/revisions\/30839"}],"wp:attachment":[{"href":"https:\/\/kosovatimes.info\/index.php\/wp-json\/wp\/v2\/media?parent=30838"}],"wp:term":[{"taxonomy":"category","embeddable":true,"href":"https:\/\/kosovatimes.info\/index.php\/wp-json\/wp\/v2\/categories?post=30838"},{"taxonomy":"post_tag","embeddable":true,"href":"https:\/\/kosovatimes.info\/index.php\/wp-json\/wp\/v2\/tags?post=30838"}],"curies":[{"name":"wp","href":"https:\/\/api.w.org\/{rel}","templated":true}]}}