{"id":30840,"date":"2026-09-03T17:11:00","date_gmt":"2026-09-03T15:11:00","guid":{"rendered":"https:\/\/kosovatimes.info\/?p=30840"},"modified":"2026-09-03T19:50:46","modified_gmt":"2026-09-03T17:50:46","slug":"komandanti-i-kfor-it-ne-peje-takon-kryetarin-muhaxheri","status":"publish","type":"post","link":"https:\/\/kosovatimes.info\/index.php\/2026\/09\/03\/komandanti-i-kfor-it-ne-peje-takon-kryetarin-muhaxheri\/","title":{"rendered":"Komandanti i KFOR-it n\u00eb Pej\u00eb takon kryetarin Muhaxheri"},"content":{"rendered":"\n<p class=\"wp-block-paragraph\"><strong>Komandanti i Komand\u00ebs Rajonale-Per\u00ebndim (RC-W) t\u00eb KFOR-it, kolonel Giuseppe De Blasi, ka zhvilluar nj\u00eb takim me kryetarin e Komun\u00ebs s\u00eb Pej\u00ebs, Gazmend Muhaxheri, n\u00eb objektin e komun\u00ebs.<\/strong><\/p>\n\n\n\n<p class=\"wp-block-paragraph\">Takimi \u00ebsht\u00eb zhvilluar n\u00eb kuad\u00ebr t\u00eb angazhimeve t\u00eb rregullta t\u00eb KFOR-it me lider\u00ebt lokal\u00eb.<\/p>\n\n\n\n<p class=\"wp-block-paragraph\">Sipas njoftimit, gjat\u00eb takimit \u00ebsht\u00eb diskutuar p\u00ebr situat\u00ebn e siguris\u00eb dhe \u00e7\u00ebshtjet lokale.<\/p>\n\n\n\n<p class=\"wp-block-paragraph\">Kolonel De Blasi ka rikonfirmuar p\u00ebrkushtimin e KFOR-it p\u00ebr t\u00eb punuar ngusht\u00eb me institucionet lokale, me q\u00ebllim t\u00eb forcimit t\u00eb bashk\u00ebpunimit dhe kontributit p\u00ebr nj\u00eb mjedis t\u00eb sigurt dhe t\u00eb qet\u00eb p\u00ebr t\u00eb gjith\u00eb njer\u00ebzit q\u00eb jetojn\u00eb n\u00eb Kosov\u00eb.<\/p>\n\n\n\n<p class=\"wp-block-paragraph\">KFOR-i ka theksuar se k\u00ebt\u00eb angazhim e zhvillon n\u00eb m\u00ebnyr\u00eb t\u00eb paanshme dhe transparente.<\/p>\n","protected":false},"excerpt":{"rendered":"<p>Komandanti i Komand\u00ebs Rajonale-Per\u00ebndim (RC-W) t\u00eb KFOR-it, kolonel Giuseppe De Blasi, ka zhvilluar nj\u00eb takim me kryetarin e Komun\u00ebs s\u00eb Pej\u00ebs, Gazmend Muhaxheri, n\u00eb objektin e komun\u00ebs. Takimi \u00ebsht\u00eb zhvilluar n\u00eb kuad\u00ebr t\u00eb angazhimeve t\u00eb rregullta t\u00eb KFOR-it me lider\u00ebt lokal\u00eb. Sipas njoftimit, gjat\u00eb takimit \u00ebsht\u00eb diskutuar p\u00ebr situat\u00ebn e siguris\u00eb dhe \u00e7\u00ebshtjet lokale. Kolonel [&hellip;]<\/p>\n","protected":false},"author":4,"featured_media":30841,"comment_status":"open","ping_status":"open","sticky":false,"template":"","format":"standard","meta":{"footnotes":""},"categories":[31,30],"tags":[],"class_list":["post-30840","post","type-post","status-publish","format-standard","has-post-thumbnail","category-kosove","category-lajme"],"yoast_head":"<!-- This site is optimized with the Yoast SEO plugin v27.4 - https:\/\/yoast.com\/product\/yoast-seo-wordpress\/ -->\n<title>Komandanti i KFOR-it n\u00eb Pej\u00eb takon kryetarin Muhaxheri - Kosova Times<\/title>\n<meta name=\"robots\" content=\"index, follow, max-snippet:-1, max-image-preview:large, max-video-preview:-1\" \/>\n<link rel=\"canonical\" href=\"https:\/\/kosovatimes.info\/index.php\/2026\/09\/03\/komandanti-i-kfor-it-ne-peje-takon-kryetarin-muhaxheri\/\" \/>\n<meta property=\"og:locale\" content=\"en_US\" \/>\n<meta property=\"og:type\" content=\"article\" \/>\n<meta property=\"og:title\" content=\"Komandanti i KFOR-it n\u00eb Pej\u00eb takon kryetarin Muhaxheri - Kosova Times\" \/>\n<meta property=\"og:description\" content=\"Komandanti i Komand\u00ebs Rajonale-Per\u00ebndim (RC-W) t\u00eb KFOR-it, kolonel Giuseppe De Blasi, ka zhvilluar nj\u00eb takim me kryetarin e Komun\u00ebs s\u00eb Pej\u00ebs, Gazmend Muhaxheri, n\u00eb objektin e komun\u00ebs. Takimi \u00ebsht\u00eb zhvilluar n\u00eb kuad\u00ebr t\u00eb angazhimeve t\u00eb rregullta t\u00eb KFOR-it me lider\u00ebt lokal\u00eb. Sipas njoftimit, gjat\u00eb takimit \u00ebsht\u00eb diskutuar p\u00ebr situat\u00ebn e siguris\u00eb dhe \u00e7\u00ebshtjet lokale. Kolonel [&hellip;]\" \/>\n<meta property=\"og:url\" content=\"https:\/\/kosovatimes.info\/index.php\/2026\/09\/03\/komandanti-i-kfor-it-ne-peje-takon-kryetarin-muhaxheri\/\" \/>\n<meta property=\"og:site_name\" content=\"Kosova Times\" \/>\n<meta property=\"article:published_time\" content=\"2026-09-03T15:11:00+00:00\" \/>\n<meta property=\"article:modified_time\" content=\"2026-09-03T17:50:46+00:00\" \/>\n<meta property=\"og:image\" content=\"https:\/\/kosovatimes.info\/wp-content\/uploads\/2026\/09\/Muhaxheri.jpg\" \/>\n\t<meta property=\"og:image:width\" content=\"780\" \/>\n\t<meta property=\"og:image:height\" content=\"500\" \/>\n\t<meta property=\"og:image:type\" content=\"image\/jpeg\" \/>\n<meta name=\"author\" content=\"i l\" \/>\n<meta name=\"twitter:card\" content=\"summary_large_image\" \/>\n<meta name=\"twitter:label1\" content=\"Written by\" \/>\n\t<meta name=\"twitter:data1\" content=\"i l\" \/>\n\t<meta name=\"twitter:label2\" content=\"Est. reading time\" \/>\n\t<meta name=\"twitter:data2\" content=\"1 minute\" \/>\n<script type=\"application\/ld+json\" class=\"yoast-schema-graph\">{\"@context\":\"https:\\\/\\\/schema.org\",\"@graph\":[{\"@type\":\"Article\",\"@id\":\"https:\\\/\\\/kosovatimes.info\\\/index.php\\\/2026\\\/09\\\/03\\\/komandanti-i-kfor-it-ne-peje-takon-kryetarin-muhaxheri\\\/#article\",\"isPartOf\":{\"@id\":\"https:\\\/\\\/kosovatimes.info\\\/index.php\\\/2026\\\/09\\\/03\\\/komandanti-i-kfor-it-ne-peje-takon-kryetarin-muhaxheri\\\/\"},\"author\":{\"name\":\"i l\",\"@id\":\"https:\\\/\\\/kosovatimes.info\\\/#\\\/schema\\\/person\\\/7586712b9c512fe68085de007378c915\"},\"headline\":\"Komandanti i KFOR-it n\u00eb Pej\u00eb takon kryetarin Muhaxheri\",\"datePublished\":\"2026-09-03T15:11:00+00:00\",\"dateModified\":\"2026-09-03T17:50:46+00:00\",\"mainEntityOfPage\":{\"@id\":\"https:\\\/\\\/kosovatimes.info\\\/index.php\\\/2026\\\/09\\\/03\\\/komandanti-i-kfor-it-ne-peje-takon-kryetarin-muhaxheri\\\/\"},\"wordCount\":133,\"commentCount\":0,\"image\":{\"@id\":\"https:\\\/\\\/kosovatimes.info\\\/index.php\\\/2026\\\/09\\\/03\\\/komandanti-i-kfor-it-ne-peje-takon-kryetarin-muhaxheri\\\/#primaryimage\"},\"thumbnailUrl\":\"https:\\\/\\\/kosovatimes.info\\\/wp-content\\\/uploads\\\/2026\\\/09\\\/Muhaxheri.jpg\",\"articleSection\":[\"Kosov\u00eb\",\"Lajme\"],\"inLanguage\":\"en-US\",\"potentialAction\":[{\"@type\":\"CommentAction\",\"name\":\"Comment\",\"target\":[\"https:\\\/\\\/kosovatimes.info\\\/index.php\\\/2026\\\/09\\\/03\\\/komandanti-i-kfor-it-ne-peje-takon-kryetarin-muhaxheri\\\/#respond\"]}]},{\"@type\":\"WebPage\",\"@id\":\"https:\\\/\\\/kosovatimes.info\\\/index.php\\\/2026\\\/09\\\/03\\\/komandanti-i-kfor-it-ne-peje-takon-kryetarin-muhaxheri\\\/\",\"url\":\"https:\\\/\\\/kosovatimes.info\\\/index.php\\\/2026\\\/09\\\/03\\\/komandanti-i-kfor-it-ne-peje-takon-kryetarin-muhaxheri\\\/\",\"name\":\"Komandanti i KFOR-it n\u00eb Pej\u00eb takon kryetarin Muhaxheri - Kosova Times\",\"isPartOf\":{\"@id\":\"https:\\\/\\\/kosovatimes.info\\\/#website\"},\"primaryImageOfPage\":{\"@id\":\"https:\\\/\\\/kosovatimes.info\\\/index.php\\\/2026\\\/09\\\/03\\\/komandanti-i-kfor-it-ne-peje-takon-kryetarin-muhaxheri\\\/#primaryimage\"},\"image\":{\"@id\":\"https:\\\/\\\/kosovatimes.info\\\/index.php\\\/2026\\\/09\\\/03\\\/komandanti-i-kfor-it-ne-peje-takon-kryetarin-muhaxheri\\\/#primaryimage\"},\"thumbnailUrl\":\"https:\\\/\\\/kosovatimes.info\\\/wp-content\\\/uploads\\\/2026\\\/09\\\/Muhaxheri.jpg\",\"datePublished\":\"2026-09-03T15:11:00+00:00\",\"dateModified\":\"2026-09-03T17:50:46+00:00\",\"author\":{\"@id\":\"https:\\\/\\\/kosovatimes.info\\\/#\\\/schema\\\/person\\\/7586712b9c512fe68085de007378c915\"},\"breadcrumb\":{\"@id\":\"https:\\\/\\\/kosovatimes.info\\\/index.php\\\/2026\\\/09\\\/03\\\/komandanti-i-kfor-it-ne-peje-takon-kryetarin-muhaxheri\\\/#breadcrumb\"},\"inLanguage\":\"en-US\",\"potentialAction\":[{\"@type\":\"ReadAction\",\"target\":[\"https:\\\/\\\/kosovatimes.info\\\/index.php\\\/2026\\\/09\\\/03\\\/komandanti-i-kfor-it-ne-peje-takon-kryetarin-muhaxheri\\\/\"]}]},{\"@type\":\"ImageObject\",\"inLanguage\":\"en-US\",\"@id\":\"https:\\\/\\\/kosovatimes.info\\\/index.php\\\/2026\\\/09\\\/03\\\/komandanti-i-kfor-it-ne-peje-takon-kryetarin-muhaxheri\\\/#primaryimage\",\"url\":\"https:\\\/\\\/kosovatimes.info\\\/wp-content\\\/uploads\\\/2026\\\/09\\\/Muhaxheri.jpg\",\"contentUrl\":\"https:\\\/\\\/kosovatimes.info\\\/wp-content\\\/uploads\\\/2026\\\/09\\\/Muhaxheri.jpg\",\"width\":780,\"height\":500},{\"@type\":\"BreadcrumbList\",\"@id\":\"https:\\\/\\\/kosovatimes.info\\\/index.php\\\/2026\\\/09\\\/03\\\/komandanti-i-kfor-it-ne-peje-takon-kryetarin-muhaxheri\\\/#breadcrumb\",\"itemListElement\":[{\"@type\":\"ListItem\",\"position\":1,\"name\":\"Home\",\"item\":\"https:\\\/\\\/kosovatimes.info\\\/\"},{\"@type\":\"ListItem\",\"position\":2,\"name\":\"Komandanti i KFOR-it n\u00eb Pej\u00eb takon kryetarin Muhaxheri\"}]},{\"@type\":\"WebSite\",\"@id\":\"https:\\\/\\\/kosovatimes.info\\\/#website\",\"url\":\"https:\\\/\\\/kosovatimes.info\\\/\",\"name\":\"Kosova Times\",\"description\":\"\",\"potentialAction\":[{\"@type\":\"SearchAction\",\"target\":{\"@type\":\"EntryPoint\",\"urlTemplate\":\"https:\\\/\\\/kosovatimes.info\\\/?s={search_term_string}\"},\"query-input\":{\"@type\":\"PropertyValueSpecification\",\"valueRequired\":true,\"valueName\":\"search_term_string\"}}],\"inLanguage\":\"en-US\"},{\"@type\":\"Person\",\"@id\":\"https:\\\/\\\/kosovatimes.info\\\/#\\\/schema\\\/person\\\/7586712b9c512fe68085de007378c915\",\"name\":\"i l\",\"image\":{\"@type\":\"ImageObject\",\"inLanguage\":\"en-US\",\"@id\":\"https:\\\/\\\/secure.gravatar.com\\\/avatar\\\/bad9296e02816160ae2e2435beda58222022298d5625d49fea74d18816fbb31d?s=96&d=mm&r=g\",\"url\":\"https:\\\/\\\/secure.gravatar.com\\\/avatar\\\/bad9296e02816160ae2e2435beda58222022298d5625d49fea74d18816fbb31d?s=96&d=mm&r=g\",\"contentUrl\":\"https:\\\/\\\/secure.gravatar.com\\\/avatar\\\/bad9296e02816160ae2e2435beda58222022298d5625d49fea74d18816fbb31d?s=96&d=mm&r=g\",\"caption\":\"i l\"},\"url\":\"https:\\\/\\\/kosovatimes.info\\\/index.php\\\/author\\\/iliri\\\/\"}]}<\/script>\n<!-- \/ Yoast SEO plugin. -->","yoast_head_json":{"title":"Komandanti i KFOR-it n\u00eb Pej\u00eb takon kryetarin Muhaxheri - Kosova Times","robots":{"index":"index","follow":"follow","max-snippet":"max-snippet:-1","max-image-preview":"max-image-preview:large","max-video-preview":"max-video-preview:-1"},"canonical":"https:\/\/kosovatimes.info\/index.php\/2026\/09\/03\/komandanti-i-kfor-it-ne-peje-takon-kryetarin-muhaxheri\/","og_locale":"en_US","og_type":"article","og_title":"Komandanti i KFOR-it n\u00eb Pej\u00eb takon kryetarin Muhaxheri - Kosova Times","og_description":"Komandanti i Komand\u00ebs Rajonale-Per\u00ebndim (RC-W) t\u00eb KFOR-it, kolonel Giuseppe De Blasi, ka zhvilluar nj\u00eb takim me kryetarin e Komun\u00ebs s\u00eb Pej\u00ebs, Gazmend Muhaxheri, n\u00eb objektin e komun\u00ebs. Takimi \u00ebsht\u00eb zhvilluar n\u00eb kuad\u00ebr t\u00eb angazhimeve t\u00eb rregullta t\u00eb KFOR-it me lider\u00ebt lokal\u00eb. Sipas njoftimit, gjat\u00eb takimit \u00ebsht\u00eb diskutuar p\u00ebr situat\u00ebn e siguris\u00eb dhe \u00e7\u00ebshtjet lokale. Kolonel [&hellip;]","og_url":"https:\/\/kosovatimes.info\/index.php\/2026\/09\/03\/komandanti-i-kfor-it-ne-peje-takon-kryetarin-muhaxheri\/","og_site_name":"Kosova Times","article_published_time":"2026-09-03T15:11:00+00:00","article_modified_time":"2026-09-03T17:50:46+00:00","og_image":[{"width":780,"height":500,"url":"https:\/\/kosovatimes.info\/wp-content\/uploads\/2026\/09\/Muhaxheri.jpg","type":"image\/jpeg"}],"author":"i l","twitter_card":"summary_large_image","twitter_misc":{"Written by":"i l","Est. reading time":"1 minute"},"schema":{"@context":"https:\/\/schema.org","@graph":[{"@type":"Article","@id":"https:\/\/kosovatimes.info\/index.php\/2026\/09\/03\/komandanti-i-kfor-it-ne-peje-takon-kryetarin-muhaxheri\/#article","isPartOf":{"@id":"https:\/\/kosovatimes.info\/index.php\/2026\/09\/03\/komandanti-i-kfor-it-ne-peje-takon-kryetarin-muhaxheri\/"},"author":{"name":"i l","@id":"https:\/\/kosovatimes.info\/#\/schema\/person\/7586712b9c512fe68085de007378c915"},"headline":"Komandanti i KFOR-it n\u00eb Pej\u00eb takon kryetarin Muhaxheri","datePublished":"2026-09-03T15:11:00+00:00","dateModified":"2026-09-03T17:50:46+00:00","mainEntityOfPage":{"@id":"https:\/\/kosovatimes.info\/index.php\/2026\/09\/03\/komandanti-i-kfor-it-ne-peje-takon-kryetarin-muhaxheri\/"},"wordCount":133,"commentCount":0,"image":{"@id":"https:\/\/kosovatimes.info\/index.php\/2026\/09\/03\/komandanti-i-kfor-it-ne-peje-takon-kryetarin-muhaxheri\/#primaryimage"},"thumbnailUrl":"https:\/\/kosovatimes.info\/wp-content\/uploads\/2026\/09\/Muhaxheri.jpg","articleSection":["Kosov\u00eb","Lajme"],"inLanguage":"en-US","potentialAction":[{"@type":"CommentAction","name":"Comment","target":["https:\/\/kosovatimes.info\/index.php\/2026\/09\/03\/komandanti-i-kfor-it-ne-peje-takon-kryetarin-muhaxheri\/#respond"]}]},{"@type":"WebPage","@id":"https:\/\/kosovatimes.info\/index.php\/2026\/09\/03\/komandanti-i-kfor-it-ne-peje-takon-kryetarin-muhaxheri\/","url":"https:\/\/kosovatimes.info\/index.php\/2026\/09\/03\/komandanti-i-kfor-it-ne-peje-takon-kryetarin-muhaxheri\/","name":"Komandanti i KFOR-it n\u00eb Pej\u00eb takon kryetarin Muhaxheri - Kosova Times","isPartOf":{"@id":"https:\/\/kosovatimes.info\/#website"},"primaryImageOfPage":{"@id":"https:\/\/kosovatimes.info\/index.php\/2026\/09\/03\/komandanti-i-kfor-it-ne-peje-takon-kryetarin-muhaxheri\/#primaryimage"},"image":{"@id":"https:\/\/kosovatimes.info\/index.php\/2026\/09\/03\/komandanti-i-kfor-it-ne-peje-takon-kryetarin-muhaxheri\/#primaryimage"},"thumbnailUrl":"https:\/\/kosovatimes.info\/wp-content\/uploads\/2026\/09\/Muhaxheri.jpg","datePublished":"2026-09-03T15:11:00+00:00","dateModified":"2026-09-03T17:50:46+00:00","author":{"@id":"https:\/\/kosovatimes.info\/#\/schema\/person\/7586712b9c512fe68085de007378c915"},"breadcrumb":{"@id":"https:\/\/kosovatimes.info\/index.php\/2026\/09\/03\/komandanti-i-kfor-it-ne-peje-takon-kryetarin-muhaxheri\/#breadcrumb"},"inLanguage":"en-US","potentialAction":[{"@type":"ReadAction","target":["https:\/\/kosovatimes.info\/index.php\/2026\/09\/03\/komandanti-i-kfor-it-ne-peje-takon-kryetarin-muhaxheri\/"]}]},{"@type":"ImageObject","inLanguage":"en-US","@id":"https:\/\/kosovatimes.info\/index.php\/2026\/09\/03\/komandanti-i-kfor-it-ne-peje-takon-kryetarin-muhaxheri\/#primaryimage","url":"https:\/\/kosovatimes.info\/wp-content\/uploads\/2026\/09\/Muhaxheri.jpg","contentUrl":"https:\/\/kosovatimes.info\/wp-content\/uploads\/2026\/09\/Muhaxheri.jpg","width":780,"height":500},{"@type":"BreadcrumbList","@id":"https:\/\/kosovatimes.info\/index.php\/2026\/09\/03\/komandanti-i-kfor-it-ne-peje-takon-kryetarin-muhaxheri\/#breadcrumb","itemListElement":[{"@type":"ListItem","position":1,"name":"Home","item":"https:\/\/kosovatimes.info\/"},{"@type":"ListItem","position":2,"name":"Komandanti i KFOR-it n\u00eb Pej\u00eb takon kryetarin Muhaxheri"}]},{"@type":"WebSite","@id":"https:\/\/kosovatimes.info\/#website","url":"https:\/\/kosovatimes.info\/","name":"Kosova Times","description":"","potentialAction":[{"@type":"SearchAction","target":{"@type":"EntryPoint","urlTemplate":"https:\/\/kosovatimes.info\/?s={search_term_string}"},"query-input":{"@type":"PropertyValueSpecification","valueRequired":true,"valueName":"search_term_string"}}],"inLanguage":"en-US"},{"@type":"Person","@id":"https:\/\/kosovatimes.info\/#\/schema\/person\/7586712b9c512fe68085de007378c915","name":"i l","image":{"@type":"ImageObject","inLanguage":"en-US","@id":"https:\/\/secure.gravatar.com\/avatar\/bad9296e02816160ae2e2435beda58222022298d5625d49fea74d18816fbb31d?s=96&d=mm&r=g","url":"https:\/\/secure.gravatar.com\/avatar\/bad9296e02816160ae2e2435beda58222022298d5625d49fea74d18816fbb31d?s=96&d=mm&r=g","contentUrl":"https:\/\/secure.gravatar.com\/avatar\/bad9296e02816160ae2e2435beda58222022298d5625d49fea74d18816fbb31d?s=96&d=mm&r=g","caption":"i l"},"url":"https:\/\/kosovatimes.info\/index.php\/author\/iliri\/"}]}},"_links":{"self":[{"href":"https:\/\/kosovatimes.info\/index.php\/wp-json\/wp\/v2\/posts\/30840","targetHints":{"allow":["GET"]}}],"collection":[{"href":"https:\/\/kosovatimes.info\/index.php\/wp-json\/wp\/v2\/posts"}],"about":[{"href":"https:\/\/kosovatimes.info\/index.php\/wp-json\/wp\/v2\/types\/post"}],"author":[{"embeddable":true,"href":"https:\/\/kosovatimes.info\/index.php\/wp-json\/wp\/v2\/users\/4"}],"replies":[{"embeddable":true,"href":"https:\/\/kosovatimes.info\/index.php\/wp-json\/wp\/v2\/comments?post=30840"}],"version-history":[{"count":1,"href":"https:\/\/kosovatimes.info\/index.php\/wp-json\/wp\/v2\/posts\/30840\/revisions"}],"predecessor-version":[{"id":30842,"href":"https:\/\/kosovatimes.info\/index.php\/wp-json\/wp\/v2\/posts\/30840\/revisions\/30842"}],"wp:featuredmedia":[{"embeddable":true,"href":"https:\/\/kosovatimes.info\/index.php\/wp-json\/wp\/v2\/media\/30841"}],"wp:attachment":[{"href":"https:\/\/kosovatimes.info\/index.php\/wp-json\/wp\/v2\/media?parent=30840"}],"wp:term":[{"taxonomy":"category","embeddable":true,"href":"https:\/\/kosovatimes.info\/index.php\/wp-json\/wp\/v2\/categories?post=30840"},{"taxonomy":"post_tag","embeddable":true,"href":"https:\/\/kosovatimes.info\/index.php\/wp-json\/wp\/v2\/tags?post=30840"}],"curies":[{"name":"wp","href":"https:\/\/api.w.org\/{rel}","templated":true}]}}