{"id":30845,"date":"2026-09-03T23:00:00","date_gmt":"2026-09-03T21:00:00","guid":{"rendered":"https:\/\/kosovatimes.info\/?p=30845"},"modified":"2026-09-03T23:32:50","modified_gmt":"2026-09-03T21:32:50","slug":"sekuestrohen-11-motocikleta-ne-peje-per-kundervajtje-ne-komunikacion","status":"publish","type":"post","link":"https:\/\/kosovatimes.info\/index.php\/2026\/09\/03\/sekuestrohen-11-motocikleta-ne-peje-per-kundervajtje-ne-komunikacion\/","title":{"rendered":"Sekuestrohen 11 moto\u00e7ikleta n\u00eb Pej\u00eb p\u00ebr kund\u00ebrvajtje n\u00eb komunikacion"},"content":{"rendered":"\n<p class=\"wp-block-paragraph\"><a target=\"_blank\" href=\"https:\/\/www.linkedin.com\/shareArticle?mini=true&amp;url=https%3A%2F%2Fwww.rtklive.com%2Fsq%2Fnews-single.php%3FID%3D732891\" rel=\"noopener\"><\/a><\/p>\n\n\n\n<p class=\"wp-block-paragraph\"><strong>Stacioni Policor n\u00eb Pej\u00eb, b\u00ebn t\u00eb ditur se sot, m\u00eb 3 shtator, n\u00eb kuad\u00ebr t\u00eb planit operativ \u201cVera 2026\u201d, ka sekuestruar 11 moto\u00e7ikleta p\u00ebr kund\u00ebrvajtje n\u00eb komunikacion.<\/strong><\/p>\n\n\n\n<p class=\"wp-block-paragraph\">Sipas Policis\u00eb, moto\u00e7ikletat jan\u00eb sekuestruar p\u00ebr drejtim pa patent\u00eb shoferi, drejtim pa regjistrim dhe drejtim pa helmet\u00eb.<\/p>\n\n\n\n<p class=\"wp-block-paragraph\">Policia ka theksuar se do t\u00eb ket\u00eb zero toleranc\u00eb ndaj t\u00eb gjith\u00eb kund\u00ebrvajt\u00ebsve n\u00eb komunikacion.<\/p>\n\n\n\n<p class=\"wp-block-paragraph\">&#8220;Drejtoria Rajonale e Policis\u0451 n\u0451 Pej\u0451 do t\u0451 vazhdoj\u00eb me aktivitetet n\u0451 teren, me qellim t\u0451 parandalimit t\u0451 aksidenteve, derisa Policia do t\u0451 ket\u0451 zero toleranc\u0451 ndaj t\u0451 gjith\u0451 kund\u0451rvajt\u0451sve n\u0451 komunikacion&#8221;, thuhet n\u00eb njoftim.<\/p>\n","protected":false},"excerpt":{"rendered":"<p>Stacioni Policor n\u00eb Pej\u00eb, b\u00ebn t\u00eb ditur se sot, m\u00eb 3 shtator, n\u00eb kuad\u00ebr t\u00eb planit operativ \u201cVera 2026\u201d, ka sekuestruar 11 moto\u00e7ikleta p\u00ebr kund\u00ebrvajtje n\u00eb komunikacion. Sipas Policis\u00eb, moto\u00e7ikletat jan\u00eb sekuestruar p\u00ebr drejtim pa patent\u00eb shoferi, drejtim pa regjistrim dhe drejtim pa helmet\u00eb. Policia ka theksuar se do t\u00eb ket\u00eb zero toleranc\u00eb ndaj t\u00eb [&hellip;]<\/p>\n","protected":false},"author":4,"featured_media":30846,"comment_status":"open","ping_status":"open","sticky":false,"template":"","format":"standard","meta":{"footnotes":""},"categories":[31,30],"tags":[],"class_list":["post-30845","post","type-post","status-publish","format-standard","has-post-thumbnail","category-kosove","category-lajme"],"yoast_head":"<!-- This site is optimized with the Yoast SEO plugin v27.4 - https:\/\/yoast.com\/product\/yoast-seo-wordpress\/ -->\n<title>Sekuestrohen 11 moto\u00e7ikleta n\u00eb Pej\u00eb p\u00ebr kund\u00ebrvajtje n\u00eb komunikacion - Kosova Times<\/title>\n<meta name=\"robots\" content=\"index, follow, max-snippet:-1, max-image-preview:large, max-video-preview:-1\" \/>\n<link rel=\"canonical\" href=\"https:\/\/kosovatimes.info\/index.php\/2026\/09\/03\/sekuestrohen-11-motocikleta-ne-peje-per-kundervajtje-ne-komunikacion\/\" \/>\n<meta property=\"og:locale\" content=\"en_US\" \/>\n<meta property=\"og:type\" content=\"article\" \/>\n<meta property=\"og:title\" content=\"Sekuestrohen 11 moto\u00e7ikleta n\u00eb Pej\u00eb p\u00ebr kund\u00ebrvajtje n\u00eb komunikacion - Kosova Times\" \/>\n<meta property=\"og:description\" content=\"Stacioni Policor n\u00eb Pej\u00eb, b\u00ebn t\u00eb ditur se sot, m\u00eb 3 shtator, n\u00eb kuad\u00ebr t\u00eb planit operativ \u201cVera 2026\u201d, ka sekuestruar 11 moto\u00e7ikleta p\u00ebr kund\u00ebrvajtje n\u00eb komunikacion. Sipas Policis\u00eb, moto\u00e7ikletat jan\u00eb sekuestruar p\u00ebr drejtim pa patent\u00eb shoferi, drejtim pa regjistrim dhe drejtim pa helmet\u00eb. Policia ka theksuar se do t\u00eb ket\u00eb zero toleranc\u00eb ndaj t\u00eb [&hellip;]\" \/>\n<meta property=\"og:url\" content=\"https:\/\/kosovatimes.info\/index.php\/2026\/09\/03\/sekuestrohen-11-motocikleta-ne-peje-per-kundervajtje-ne-komunikacion\/\" \/>\n<meta property=\"og:site_name\" content=\"Kosova Times\" \/>\n<meta property=\"article:published_time\" content=\"2026-09-03T21:00:00+00:00\" \/>\n<meta property=\"article:modified_time\" content=\"2026-09-03T21:32:50+00:00\" \/>\n<meta property=\"og:image\" content=\"https:\/\/kosovatimes.info\/wp-content\/uploads\/2026\/09\/moo.jpg\" \/>\n\t<meta property=\"og:image:width\" content=\"780\" \/>\n\t<meta property=\"og:image:height\" content=\"500\" \/>\n\t<meta property=\"og:image:type\" content=\"image\/jpeg\" \/>\n<meta name=\"author\" content=\"i l\" \/>\n<meta name=\"twitter:card\" content=\"summary_large_image\" \/>\n<meta name=\"twitter:label1\" content=\"Written by\" \/>\n\t<meta name=\"twitter:data1\" content=\"i l\" \/>\n\t<meta name=\"twitter:label2\" content=\"Est. reading time\" \/>\n\t<meta name=\"twitter:data2\" content=\"1 minute\" \/>\n<script type=\"application\/ld+json\" class=\"yoast-schema-graph\">{\"@context\":\"https:\\\/\\\/schema.org\",\"@graph\":[{\"@type\":\"Article\",\"@id\":\"https:\\\/\\\/kosovatimes.info\\\/index.php\\\/2026\\\/09\\\/03\\\/sekuestrohen-11-motocikleta-ne-peje-per-kundervajtje-ne-komunikacion\\\/#article\",\"isPartOf\":{\"@id\":\"https:\\\/\\\/kosovatimes.info\\\/index.php\\\/2026\\\/09\\\/03\\\/sekuestrohen-11-motocikleta-ne-peje-per-kundervajtje-ne-komunikacion\\\/\"},\"author\":{\"name\":\"i l\",\"@id\":\"https:\\\/\\\/kosovatimes.info\\\/#\\\/schema\\\/person\\\/7586712b9c512fe68085de007378c915\"},\"headline\":\"Sekuestrohen 11 moto\u00e7ikleta n\u00eb Pej\u00eb p\u00ebr kund\u00ebrvajtje n\u00eb komunikacion\",\"datePublished\":\"2026-09-03T21:00:00+00:00\",\"dateModified\":\"2026-09-03T21:32:50+00:00\",\"mainEntityOfPage\":{\"@id\":\"https:\\\/\\\/kosovatimes.info\\\/index.php\\\/2026\\\/09\\\/03\\\/sekuestrohen-11-motocikleta-ne-peje-per-kundervajtje-ne-komunikacion\\\/\"},\"wordCount\":113,\"commentCount\":0,\"image\":{\"@id\":\"https:\\\/\\\/kosovatimes.info\\\/index.php\\\/2026\\\/09\\\/03\\\/sekuestrohen-11-motocikleta-ne-peje-per-kundervajtje-ne-komunikacion\\\/#primaryimage\"},\"thumbnailUrl\":\"https:\\\/\\\/kosovatimes.info\\\/wp-content\\\/uploads\\\/2026\\\/09\\\/moo.jpg\",\"articleSection\":[\"Kosov\u00eb\",\"Lajme\"],\"inLanguage\":\"en-US\",\"potentialAction\":[{\"@type\":\"CommentAction\",\"name\":\"Comment\",\"target\":[\"https:\\\/\\\/kosovatimes.info\\\/index.php\\\/2026\\\/09\\\/03\\\/sekuestrohen-11-motocikleta-ne-peje-per-kundervajtje-ne-komunikacion\\\/#respond\"]}]},{\"@type\":\"WebPage\",\"@id\":\"https:\\\/\\\/kosovatimes.info\\\/index.php\\\/2026\\\/09\\\/03\\\/sekuestrohen-11-motocikleta-ne-peje-per-kundervajtje-ne-komunikacion\\\/\",\"url\":\"https:\\\/\\\/kosovatimes.info\\\/index.php\\\/2026\\\/09\\\/03\\\/sekuestrohen-11-motocikleta-ne-peje-per-kundervajtje-ne-komunikacion\\\/\",\"name\":\"Sekuestrohen 11 moto\u00e7ikleta n\u00eb Pej\u00eb p\u00ebr kund\u00ebrvajtje n\u00eb komunikacion - Kosova Times\",\"isPartOf\":{\"@id\":\"https:\\\/\\\/kosovatimes.info\\\/#website\"},\"primaryImageOfPage\":{\"@id\":\"https:\\\/\\\/kosovatimes.info\\\/index.php\\\/2026\\\/09\\\/03\\\/sekuestrohen-11-motocikleta-ne-peje-per-kundervajtje-ne-komunikacion\\\/#primaryimage\"},\"image\":{\"@id\":\"https:\\\/\\\/kosovatimes.info\\\/index.php\\\/2026\\\/09\\\/03\\\/sekuestrohen-11-motocikleta-ne-peje-per-kundervajtje-ne-komunikacion\\\/#primaryimage\"},\"thumbnailUrl\":\"https:\\\/\\\/kosovatimes.info\\\/wp-content\\\/uploads\\\/2026\\\/09\\\/moo.jpg\",\"datePublished\":\"2026-09-03T21:00:00+00:00\",\"dateModified\":\"2026-09-03T21:32:50+00:00\",\"author\":{\"@id\":\"https:\\\/\\\/kosovatimes.info\\\/#\\\/schema\\\/person\\\/7586712b9c512fe68085de007378c915\"},\"breadcrumb\":{\"@id\":\"https:\\\/\\\/kosovatimes.info\\\/index.php\\\/2026\\\/09\\\/03\\\/sekuestrohen-11-motocikleta-ne-peje-per-kundervajtje-ne-komunikacion\\\/#breadcrumb\"},\"inLanguage\":\"en-US\",\"potentialAction\":[{\"@type\":\"ReadAction\",\"target\":[\"https:\\\/\\\/kosovatimes.info\\\/index.php\\\/2026\\\/09\\\/03\\\/sekuestrohen-11-motocikleta-ne-peje-per-kundervajtje-ne-komunikacion\\\/\"]}]},{\"@type\":\"ImageObject\",\"inLanguage\":\"en-US\",\"@id\":\"https:\\\/\\\/kosovatimes.info\\\/index.php\\\/2026\\\/09\\\/03\\\/sekuestrohen-11-motocikleta-ne-peje-per-kundervajtje-ne-komunikacion\\\/#primaryimage\",\"url\":\"https:\\\/\\\/kosovatimes.info\\\/wp-content\\\/uploads\\\/2026\\\/09\\\/moo.jpg\",\"contentUrl\":\"https:\\\/\\\/kosovatimes.info\\\/wp-content\\\/uploads\\\/2026\\\/09\\\/moo.jpg\",\"width\":780,\"height\":500},{\"@type\":\"BreadcrumbList\",\"@id\":\"https:\\\/\\\/kosovatimes.info\\\/index.php\\\/2026\\\/09\\\/03\\\/sekuestrohen-11-motocikleta-ne-peje-per-kundervajtje-ne-komunikacion\\\/#breadcrumb\",\"itemListElement\":[{\"@type\":\"ListItem\",\"position\":1,\"name\":\"Home\",\"item\":\"https:\\\/\\\/kosovatimes.info\\\/\"},{\"@type\":\"ListItem\",\"position\":2,\"name\":\"Sekuestrohen 11 moto\u00e7ikleta n\u00eb Pej\u00eb p\u00ebr kund\u00ebrvajtje n\u00eb komunikacion\"}]},{\"@type\":\"WebSite\",\"@id\":\"https:\\\/\\\/kosovatimes.info\\\/#website\",\"url\":\"https:\\\/\\\/kosovatimes.info\\\/\",\"name\":\"Kosova Times\",\"description\":\"\",\"potentialAction\":[{\"@type\":\"SearchAction\",\"target\":{\"@type\":\"EntryPoint\",\"urlTemplate\":\"https:\\\/\\\/kosovatimes.info\\\/?s={search_term_string}\"},\"query-input\":{\"@type\":\"PropertyValueSpecification\",\"valueRequired\":true,\"valueName\":\"search_term_string\"}}],\"inLanguage\":\"en-US\"},{\"@type\":\"Person\",\"@id\":\"https:\\\/\\\/kosovatimes.info\\\/#\\\/schema\\\/person\\\/7586712b9c512fe68085de007378c915\",\"name\":\"i l\",\"image\":{\"@type\":\"ImageObject\",\"inLanguage\":\"en-US\",\"@id\":\"https:\\\/\\\/secure.gravatar.com\\\/avatar\\\/bad9296e02816160ae2e2435beda58222022298d5625d49fea74d18816fbb31d?s=96&d=mm&r=g\",\"url\":\"https:\\\/\\\/secure.gravatar.com\\\/avatar\\\/bad9296e02816160ae2e2435beda58222022298d5625d49fea74d18816fbb31d?s=96&d=mm&r=g\",\"contentUrl\":\"https:\\\/\\\/secure.gravatar.com\\\/avatar\\\/bad9296e02816160ae2e2435beda58222022298d5625d49fea74d18816fbb31d?s=96&d=mm&r=g\",\"caption\":\"i l\"},\"url\":\"https:\\\/\\\/kosovatimes.info\\\/index.php\\\/author\\\/iliri\\\/\"}]}<\/script>\n<!-- \/ Yoast SEO plugin. -->","yoast_head_json":{"title":"Sekuestrohen 11 moto\u00e7ikleta n\u00eb Pej\u00eb p\u00ebr kund\u00ebrvajtje n\u00eb komunikacion - Kosova Times","robots":{"index":"index","follow":"follow","max-snippet":"max-snippet:-1","max-image-preview":"max-image-preview:large","max-video-preview":"max-video-preview:-1"},"canonical":"https:\/\/kosovatimes.info\/index.php\/2026\/09\/03\/sekuestrohen-11-motocikleta-ne-peje-per-kundervajtje-ne-komunikacion\/","og_locale":"en_US","og_type":"article","og_title":"Sekuestrohen 11 moto\u00e7ikleta n\u00eb Pej\u00eb p\u00ebr kund\u00ebrvajtje n\u00eb komunikacion - Kosova Times","og_description":"Stacioni Policor n\u00eb Pej\u00eb, b\u00ebn t\u00eb ditur se sot, m\u00eb 3 shtator, n\u00eb kuad\u00ebr t\u00eb planit operativ \u201cVera 2026\u201d, ka sekuestruar 11 moto\u00e7ikleta p\u00ebr kund\u00ebrvajtje n\u00eb komunikacion. Sipas Policis\u00eb, moto\u00e7ikletat jan\u00eb sekuestruar p\u00ebr drejtim pa patent\u00eb shoferi, drejtim pa regjistrim dhe drejtim pa helmet\u00eb. Policia ka theksuar se do t\u00eb ket\u00eb zero toleranc\u00eb ndaj t\u00eb [&hellip;]","og_url":"https:\/\/kosovatimes.info\/index.php\/2026\/09\/03\/sekuestrohen-11-motocikleta-ne-peje-per-kundervajtje-ne-komunikacion\/","og_site_name":"Kosova Times","article_published_time":"2026-09-03T21:00:00+00:00","article_modified_time":"2026-09-03T21:32:50+00:00","og_image":[{"width":780,"height":500,"url":"https:\/\/kosovatimes.info\/wp-content\/uploads\/2026\/09\/moo.jpg","type":"image\/jpeg"}],"author":"i l","twitter_card":"summary_large_image","twitter_misc":{"Written by":"i l","Est. reading time":"1 minute"},"schema":{"@context":"https:\/\/schema.org","@graph":[{"@type":"Article","@id":"https:\/\/kosovatimes.info\/index.php\/2026\/09\/03\/sekuestrohen-11-motocikleta-ne-peje-per-kundervajtje-ne-komunikacion\/#article","isPartOf":{"@id":"https:\/\/kosovatimes.info\/index.php\/2026\/09\/03\/sekuestrohen-11-motocikleta-ne-peje-per-kundervajtje-ne-komunikacion\/"},"author":{"name":"i l","@id":"https:\/\/kosovatimes.info\/#\/schema\/person\/7586712b9c512fe68085de007378c915"},"headline":"Sekuestrohen 11 moto\u00e7ikleta n\u00eb Pej\u00eb p\u00ebr kund\u00ebrvajtje n\u00eb komunikacion","datePublished":"2026-09-03T21:00:00+00:00","dateModified":"2026-09-03T21:32:50+00:00","mainEntityOfPage":{"@id":"https:\/\/kosovatimes.info\/index.php\/2026\/09\/03\/sekuestrohen-11-motocikleta-ne-peje-per-kundervajtje-ne-komunikacion\/"},"wordCount":113,"commentCount":0,"image":{"@id":"https:\/\/kosovatimes.info\/index.php\/2026\/09\/03\/sekuestrohen-11-motocikleta-ne-peje-per-kundervajtje-ne-komunikacion\/#primaryimage"},"thumbnailUrl":"https:\/\/kosovatimes.info\/wp-content\/uploads\/2026\/09\/moo.jpg","articleSection":["Kosov\u00eb","Lajme"],"inLanguage":"en-US","potentialAction":[{"@type":"CommentAction","name":"Comment","target":["https:\/\/kosovatimes.info\/index.php\/2026\/09\/03\/sekuestrohen-11-motocikleta-ne-peje-per-kundervajtje-ne-komunikacion\/#respond"]}]},{"@type":"WebPage","@id":"https:\/\/kosovatimes.info\/index.php\/2026\/09\/03\/sekuestrohen-11-motocikleta-ne-peje-per-kundervajtje-ne-komunikacion\/","url":"https:\/\/kosovatimes.info\/index.php\/2026\/09\/03\/sekuestrohen-11-motocikleta-ne-peje-per-kundervajtje-ne-komunikacion\/","name":"Sekuestrohen 11 moto\u00e7ikleta n\u00eb Pej\u00eb p\u00ebr kund\u00ebrvajtje n\u00eb komunikacion - Kosova Times","isPartOf":{"@id":"https:\/\/kosovatimes.info\/#website"},"primaryImageOfPage":{"@id":"https:\/\/kosovatimes.info\/index.php\/2026\/09\/03\/sekuestrohen-11-motocikleta-ne-peje-per-kundervajtje-ne-komunikacion\/#primaryimage"},"image":{"@id":"https:\/\/kosovatimes.info\/index.php\/2026\/09\/03\/sekuestrohen-11-motocikleta-ne-peje-per-kundervajtje-ne-komunikacion\/#primaryimage"},"thumbnailUrl":"https:\/\/kosovatimes.info\/wp-content\/uploads\/2026\/09\/moo.jpg","datePublished":"2026-09-03T21:00:00+00:00","dateModified":"2026-09-03T21:32:50+00:00","author":{"@id":"https:\/\/kosovatimes.info\/#\/schema\/person\/7586712b9c512fe68085de007378c915"},"breadcrumb":{"@id":"https:\/\/kosovatimes.info\/index.php\/2026\/09\/03\/sekuestrohen-11-motocikleta-ne-peje-per-kundervajtje-ne-komunikacion\/#breadcrumb"},"inLanguage":"en-US","potentialAction":[{"@type":"ReadAction","target":["https:\/\/kosovatimes.info\/index.php\/2026\/09\/03\/sekuestrohen-11-motocikleta-ne-peje-per-kundervajtje-ne-komunikacion\/"]}]},{"@type":"ImageObject","inLanguage":"en-US","@id":"https:\/\/kosovatimes.info\/index.php\/2026\/09\/03\/sekuestrohen-11-motocikleta-ne-peje-per-kundervajtje-ne-komunikacion\/#primaryimage","url":"https:\/\/kosovatimes.info\/wp-content\/uploads\/2026\/09\/moo.jpg","contentUrl":"https:\/\/kosovatimes.info\/wp-content\/uploads\/2026\/09\/moo.jpg","width":780,"height":500},{"@type":"BreadcrumbList","@id":"https:\/\/kosovatimes.info\/index.php\/2026\/09\/03\/sekuestrohen-11-motocikleta-ne-peje-per-kundervajtje-ne-komunikacion\/#breadcrumb","itemListElement":[{"@type":"ListItem","position":1,"name":"Home","item":"https:\/\/kosovatimes.info\/"},{"@type":"ListItem","position":2,"name":"Sekuestrohen 11 moto\u00e7ikleta n\u00eb Pej\u00eb p\u00ebr kund\u00ebrvajtje n\u00eb komunikacion"}]},{"@type":"WebSite","@id":"https:\/\/kosovatimes.info\/#website","url":"https:\/\/kosovatimes.info\/","name":"Kosova Times","description":"","potentialAction":[{"@type":"SearchAction","target":{"@type":"EntryPoint","urlTemplate":"https:\/\/kosovatimes.info\/?s={search_term_string}"},"query-input":{"@type":"PropertyValueSpecification","valueRequired":true,"valueName":"search_term_string"}}],"inLanguage":"en-US"},{"@type":"Person","@id":"https:\/\/kosovatimes.info\/#\/schema\/person\/7586712b9c512fe68085de007378c915","name":"i l","image":{"@type":"ImageObject","inLanguage":"en-US","@id":"https:\/\/secure.gravatar.com\/avatar\/bad9296e02816160ae2e2435beda58222022298d5625d49fea74d18816fbb31d?s=96&d=mm&r=g","url":"https:\/\/secure.gravatar.com\/avatar\/bad9296e02816160ae2e2435beda58222022298d5625d49fea74d18816fbb31d?s=96&d=mm&r=g","contentUrl":"https:\/\/secure.gravatar.com\/avatar\/bad9296e02816160ae2e2435beda58222022298d5625d49fea74d18816fbb31d?s=96&d=mm&r=g","caption":"i l"},"url":"https:\/\/kosovatimes.info\/index.php\/author\/iliri\/"}]}},"_links":{"self":[{"href":"https:\/\/kosovatimes.info\/index.php\/wp-json\/wp\/v2\/posts\/30845","targetHints":{"allow":["GET"]}}],"collection":[{"href":"https:\/\/kosovatimes.info\/index.php\/wp-json\/wp\/v2\/posts"}],"about":[{"href":"https:\/\/kosovatimes.info\/index.php\/wp-json\/wp\/v2\/types\/post"}],"author":[{"embeddable":true,"href":"https:\/\/kosovatimes.info\/index.php\/wp-json\/wp\/v2\/users\/4"}],"replies":[{"embeddable":true,"href":"https:\/\/kosovatimes.info\/index.php\/wp-json\/wp\/v2\/comments?post=30845"}],"version-history":[{"count":1,"href":"https:\/\/kosovatimes.info\/index.php\/wp-json\/wp\/v2\/posts\/30845\/revisions"}],"predecessor-version":[{"id":30847,"href":"https:\/\/kosovatimes.info\/index.php\/wp-json\/wp\/v2\/posts\/30845\/revisions\/30847"}],"wp:featuredmedia":[{"embeddable":true,"href":"https:\/\/kosovatimes.info\/index.php\/wp-json\/wp\/v2\/media\/30846"}],"wp:attachment":[{"href":"https:\/\/kosovatimes.info\/index.php\/wp-json\/wp\/v2\/media?parent=30845"}],"wp:term":[{"taxonomy":"category","embeddable":true,"href":"https:\/\/kosovatimes.info\/index.php\/wp-json\/wp\/v2\/categories?post=30845"},{"taxonomy":"post_tag","embeddable":true,"href":"https:\/\/kosovatimes.info\/index.php\/wp-json\/wp\/v2\/tags?post=30845"}],"curies":[{"name":"wp","href":"https:\/\/api.w.org\/{rel}","templated":true}]}}