{"id":30860,"date":"2026-09-04T08:03:00","date_gmt":"2026-09-04T06:03:00","guid":{"rendered":"https:\/\/kosovatimes.info\/?p=30860"},"modified":"2026-09-04T11:21:30","modified_gmt":"2026-09-04T09:21:30","slug":"rinovohen-kendet-e-lojerave-ne-prishtine-nderhyrjet-vazhdojne-ne-lagje-te-tjera","status":"publish","type":"post","link":"https:\/\/kosovatimes.info\/index.php\/2026\/09\/04\/rinovohen-kendet-e-lojerave-ne-prishtine-nderhyrjet-vazhdojne-ne-lagje-te-tjera\/","title":{"rendered":"Rinovohen k\u00ebndet e loj\u00ebrave n\u00eb Prishtin\u00eb, nd\u00ebrhyrjet vazhdojn\u00eb n\u00eb lagje t\u00eb tjera"},"content":{"rendered":"\n<p class=\"wp-block-paragraph\"><a target=\"_blank\" href=\"https:\/\/www.linkedin.com\/shareArticle?mini=true&amp;url=https%3A%2F%2Fwww.rtklive.com%2Fsq%2Fnews-single.php%3FID%3D732898\" rel=\"noopener\"><\/a><\/p>\n\n\n\n<p class=\"wp-block-paragraph\"><strong>F\u00ebmij\u00ebt e disa lagjeve t\u00eb Prishtin\u00ebs tashm\u00eb kan\u00eb hap\u00ebsira m\u00eb t\u00eb rregulluara p\u00ebr loj\u00eb. Komuna e Prishtin\u00ebs ka vazhduar pun\u00ebn p\u00ebr renovimin dhe p\u00ebrmir\u00ebsimin e k\u00ebndeve t\u00eb loj\u00ebrave n\u00eb zona t\u00eb ndryshme t\u00eb kryeqytetit.<\/strong><\/p>\n\n\n\n<p class=\"wp-block-paragraph\">N\u00ebnkryetarja e Komun\u00ebs s\u00eb Prishtin\u00ebs, Besian\u00eb Musmurati, ka b\u00ebr\u00eb t\u00eb ditur se punimet kan\u00eb p\u00ebrfunduar n\u00eb Parkun e Qytetit, n\u00eb Kolovic\u00eb dhe n\u00eb Breg t\u00eb Diellit.<\/p>\n\n\n\n<p class=\"wp-block-paragraph\">\u201cPo vazhdojm\u00eb me i rregullu lodrat n\u00ebp\u00ebr lagje\u201d, ka shkruar Musmurati, duke njoftuar se nd\u00ebrhyrjet nuk do t\u00eb ndalen me k\u00ebto zona.<\/p>\n\n\n\n<p class=\"wp-block-paragraph\">Sipas saj, edhe lagje t\u00eb tjera t\u00eb kryeqytetit do t\u00eb p\u00ebrfshihen n\u00eb k\u00ebt\u00eb proces, me synim q\u00eb f\u00ebmij\u00ebt t\u00eb ken\u00eb hap\u00ebsira m\u00eb t\u00eb sigurta, funksionale dhe t\u00eb p\u00ebrshtatshme p\u00ebr loj\u00eb dhe rekreacion.<\/p>\n\n\n\n<p class=\"wp-block-paragraph\">Punimet n\u00eb k\u00ebndet e loj\u00ebrave vijn\u00eb si pjes\u00eb e p\u00ebrpjekjeve p\u00ebr p\u00ebrmir\u00ebsimin e hap\u00ebsirave publike dhe krijimin e ambienteve m\u00eb miq\u00ebsore p\u00ebr familjet n\u00eb Prishtin\u00eb.<\/p>\n\n\n\n<iframe loading=\"lazy\" src=\"https:\/\/www.facebook.com\/plugins\/post.php?href=https%3A%2F%2Fwww.facebook.com%2Fbesiane.musmurati%2Fposts%2Fpfbid02zTq6k3EcWAH337ykfHj4pQmX1nr29fRNqkwK74E9cxc15UGkm7Y9cCpgNrqYmsrel&#038;show_text=true&#038;width=500\" width=\"500\" height=\"715\" style=\"border:none;overflow:hidden\" scrolling=\"no\" frameborder=\"0\" allowfullscreen=\"true\" allow=\"autoplay; clipboard-write; encrypted-media; picture-in-picture; web-share\"><\/iframe>\n","protected":false},"excerpt":{"rendered":"<p>F\u00ebmij\u00ebt e disa lagjeve t\u00eb Prishtin\u00ebs tashm\u00eb kan\u00eb hap\u00ebsira m\u00eb t\u00eb rregulluara p\u00ebr loj\u00eb. Komuna e Prishtin\u00ebs ka vazhduar pun\u00ebn p\u00ebr renovimin dhe p\u00ebrmir\u00ebsimin e k\u00ebndeve t\u00eb loj\u00ebrave n\u00eb zona t\u00eb ndryshme t\u00eb kryeqytetit. N\u00ebnkryetarja e Komun\u00ebs s\u00eb Prishtin\u00ebs, Besian\u00eb Musmurati, ka b\u00ebr\u00eb t\u00eb ditur se punimet kan\u00eb p\u00ebrfunduar n\u00eb Parkun e Qytetit, n\u00eb Kolovic\u00eb [&hellip;]<\/p>\n","protected":false},"author":4,"featured_media":30861,"comment_status":"open","ping_status":"open","sticky":false,"template":"","format":"standard","meta":{"footnotes":""},"categories":[31,30],"tags":[],"class_list":["post-30860","post","type-post","status-publish","format-standard","has-post-thumbnail","category-kosove","category-lajme"],"yoast_head":"<!-- This site is optimized with the Yoast SEO plugin v27.4 - https:\/\/yoast.com\/product\/yoast-seo-wordpress\/ -->\n<title>Rinovohen k\u00ebndet e loj\u00ebrave n\u00eb Prishtin\u00eb, nd\u00ebrhyrjet vazhdojn\u00eb n\u00eb lagje t\u00eb tjera - Kosova Times<\/title>\n<meta name=\"robots\" content=\"index, follow, max-snippet:-1, max-image-preview:large, max-video-preview:-1\" \/>\n<link rel=\"canonical\" href=\"https:\/\/kosovatimes.info\/index.php\/2026\/09\/04\/rinovohen-kendet-e-lojerave-ne-prishtine-nderhyrjet-vazhdojne-ne-lagje-te-tjera\/\" \/>\n<meta property=\"og:locale\" content=\"en_US\" \/>\n<meta property=\"og:type\" content=\"article\" \/>\n<meta property=\"og:title\" content=\"Rinovohen k\u00ebndet e loj\u00ebrave n\u00eb Prishtin\u00eb, nd\u00ebrhyrjet vazhdojn\u00eb n\u00eb lagje t\u00eb tjera - Kosova Times\" \/>\n<meta property=\"og:description\" content=\"F\u00ebmij\u00ebt e disa lagjeve t\u00eb Prishtin\u00ebs tashm\u00eb kan\u00eb hap\u00ebsira m\u00eb t\u00eb rregulluara p\u00ebr loj\u00eb. Komuna e Prishtin\u00ebs ka vazhduar pun\u00ebn p\u00ebr renovimin dhe p\u00ebrmir\u00ebsimin e k\u00ebndeve t\u00eb loj\u00ebrave n\u00eb zona t\u00eb ndryshme t\u00eb kryeqytetit. N\u00ebnkryetarja e Komun\u00ebs s\u00eb Prishtin\u00ebs, Besian\u00eb Musmurati, ka b\u00ebr\u00eb t\u00eb ditur se punimet kan\u00eb p\u00ebrfunduar n\u00eb Parkun e Qytetit, n\u00eb Kolovic\u00eb [&hellip;]\" \/>\n<meta property=\"og:url\" content=\"https:\/\/kosovatimes.info\/index.php\/2026\/09\/04\/rinovohen-kendet-e-lojerave-ne-prishtine-nderhyrjet-vazhdojne-ne-lagje-te-tjera\/\" \/>\n<meta property=\"og:site_name\" content=\"Kosova Times\" \/>\n<meta property=\"article:published_time\" content=\"2026-09-04T06:03:00+00:00\" \/>\n<meta property=\"article:modified_time\" content=\"2026-09-04T09:21:30+00:00\" \/>\n<meta property=\"og:image\" content=\"https:\/\/kosovatimes.info\/wp-content\/uploads\/2026\/09\/Lodrat.jpg\" \/>\n\t<meta property=\"og:image:width\" content=\"780\" \/>\n\t<meta property=\"og:image:height\" content=\"500\" \/>\n\t<meta property=\"og:image:type\" content=\"image\/jpeg\" \/>\n<meta name=\"author\" content=\"i l\" \/>\n<meta name=\"twitter:card\" content=\"summary_large_image\" \/>\n<meta name=\"twitter:label1\" content=\"Written by\" \/>\n\t<meta name=\"twitter:data1\" content=\"i l\" \/>\n\t<meta name=\"twitter:label2\" content=\"Est. reading time\" \/>\n\t<meta name=\"twitter:data2\" content=\"1 minute\" \/>\n<script type=\"application\/ld+json\" class=\"yoast-schema-graph\">{\"@context\":\"https:\\\/\\\/schema.org\",\"@graph\":[{\"@type\":\"Article\",\"@id\":\"https:\\\/\\\/kosovatimes.info\\\/index.php\\\/2026\\\/09\\\/04\\\/rinovohen-kendet-e-lojerave-ne-prishtine-nderhyrjet-vazhdojne-ne-lagje-te-tjera\\\/#article\",\"isPartOf\":{\"@id\":\"https:\\\/\\\/kosovatimes.info\\\/index.php\\\/2026\\\/09\\\/04\\\/rinovohen-kendet-e-lojerave-ne-prishtine-nderhyrjet-vazhdojne-ne-lagje-te-tjera\\\/\"},\"author\":{\"name\":\"i l\",\"@id\":\"https:\\\/\\\/kosovatimes.info\\\/#\\\/schema\\\/person\\\/7586712b9c512fe68085de007378c915\"},\"headline\":\"Rinovohen k\u00ebndet e loj\u00ebrave n\u00eb Prishtin\u00eb, nd\u00ebrhyrjet vazhdojn\u00eb n\u00eb lagje t\u00eb tjera\",\"datePublished\":\"2026-09-04T06:03:00+00:00\",\"dateModified\":\"2026-09-04T09:21:30+00:00\",\"mainEntityOfPage\":{\"@id\":\"https:\\\/\\\/kosovatimes.info\\\/index.php\\\/2026\\\/09\\\/04\\\/rinovohen-kendet-e-lojerave-ne-prishtine-nderhyrjet-vazhdojne-ne-lagje-te-tjera\\\/\"},\"wordCount\":191,\"commentCount\":0,\"image\":{\"@id\":\"https:\\\/\\\/kosovatimes.info\\\/index.php\\\/2026\\\/09\\\/04\\\/rinovohen-kendet-e-lojerave-ne-prishtine-nderhyrjet-vazhdojne-ne-lagje-te-tjera\\\/#primaryimage\"},\"thumbnailUrl\":\"https:\\\/\\\/kosovatimes.info\\\/wp-content\\\/uploads\\\/2026\\\/09\\\/Lodrat.jpg\",\"articleSection\":[\"Kosov\u00eb\",\"Lajme\"],\"inLanguage\":\"en-US\",\"potentialAction\":[{\"@type\":\"CommentAction\",\"name\":\"Comment\",\"target\":[\"https:\\\/\\\/kosovatimes.info\\\/index.php\\\/2026\\\/09\\\/04\\\/rinovohen-kendet-e-lojerave-ne-prishtine-nderhyrjet-vazhdojne-ne-lagje-te-tjera\\\/#respond\"]}]},{\"@type\":\"WebPage\",\"@id\":\"https:\\\/\\\/kosovatimes.info\\\/index.php\\\/2026\\\/09\\\/04\\\/rinovohen-kendet-e-lojerave-ne-prishtine-nderhyrjet-vazhdojne-ne-lagje-te-tjera\\\/\",\"url\":\"https:\\\/\\\/kosovatimes.info\\\/index.php\\\/2026\\\/09\\\/04\\\/rinovohen-kendet-e-lojerave-ne-prishtine-nderhyrjet-vazhdojne-ne-lagje-te-tjera\\\/\",\"name\":\"Rinovohen k\u00ebndet e loj\u00ebrave n\u00eb Prishtin\u00eb, nd\u00ebrhyrjet vazhdojn\u00eb n\u00eb lagje t\u00eb tjera - Kosova Times\",\"isPartOf\":{\"@id\":\"https:\\\/\\\/kosovatimes.info\\\/#website\"},\"primaryImageOfPage\":{\"@id\":\"https:\\\/\\\/kosovatimes.info\\\/index.php\\\/2026\\\/09\\\/04\\\/rinovohen-kendet-e-lojerave-ne-prishtine-nderhyrjet-vazhdojne-ne-lagje-te-tjera\\\/#primaryimage\"},\"image\":{\"@id\":\"https:\\\/\\\/kosovatimes.info\\\/index.php\\\/2026\\\/09\\\/04\\\/rinovohen-kendet-e-lojerave-ne-prishtine-nderhyrjet-vazhdojne-ne-lagje-te-tjera\\\/#primaryimage\"},\"thumbnailUrl\":\"https:\\\/\\\/kosovatimes.info\\\/wp-content\\\/uploads\\\/2026\\\/09\\\/Lodrat.jpg\",\"datePublished\":\"2026-09-04T06:03:00+00:00\",\"dateModified\":\"2026-09-04T09:21:30+00:00\",\"author\":{\"@id\":\"https:\\\/\\\/kosovatimes.info\\\/#\\\/schema\\\/person\\\/7586712b9c512fe68085de007378c915\"},\"breadcrumb\":{\"@id\":\"https:\\\/\\\/kosovatimes.info\\\/index.php\\\/2026\\\/09\\\/04\\\/rinovohen-kendet-e-lojerave-ne-prishtine-nderhyrjet-vazhdojne-ne-lagje-te-tjera\\\/#breadcrumb\"},\"inLanguage\":\"en-US\",\"potentialAction\":[{\"@type\":\"ReadAction\",\"target\":[\"https:\\\/\\\/kosovatimes.info\\\/index.php\\\/2026\\\/09\\\/04\\\/rinovohen-kendet-e-lojerave-ne-prishtine-nderhyrjet-vazhdojne-ne-lagje-te-tjera\\\/\"]}]},{\"@type\":\"ImageObject\",\"inLanguage\":\"en-US\",\"@id\":\"https:\\\/\\\/kosovatimes.info\\\/index.php\\\/2026\\\/09\\\/04\\\/rinovohen-kendet-e-lojerave-ne-prishtine-nderhyrjet-vazhdojne-ne-lagje-te-tjera\\\/#primaryimage\",\"url\":\"https:\\\/\\\/kosovatimes.info\\\/wp-content\\\/uploads\\\/2026\\\/09\\\/Lodrat.jpg\",\"contentUrl\":\"https:\\\/\\\/kosovatimes.info\\\/wp-content\\\/uploads\\\/2026\\\/09\\\/Lodrat.jpg\",\"width\":780,\"height\":500},{\"@type\":\"BreadcrumbList\",\"@id\":\"https:\\\/\\\/kosovatimes.info\\\/index.php\\\/2026\\\/09\\\/04\\\/rinovohen-kendet-e-lojerave-ne-prishtine-nderhyrjet-vazhdojne-ne-lagje-te-tjera\\\/#breadcrumb\",\"itemListElement\":[{\"@type\":\"ListItem\",\"position\":1,\"name\":\"Home\",\"item\":\"https:\\\/\\\/kosovatimes.info\\\/\"},{\"@type\":\"ListItem\",\"position\":2,\"name\":\"Rinovohen k\u00ebndet e loj\u00ebrave n\u00eb Prishtin\u00eb, nd\u00ebrhyrjet vazhdojn\u00eb n\u00eb lagje t\u00eb tjera\"}]},{\"@type\":\"WebSite\",\"@id\":\"https:\\\/\\\/kosovatimes.info\\\/#website\",\"url\":\"https:\\\/\\\/kosovatimes.info\\\/\",\"name\":\"Kosova Times\",\"description\":\"\",\"potentialAction\":[{\"@type\":\"SearchAction\",\"target\":{\"@type\":\"EntryPoint\",\"urlTemplate\":\"https:\\\/\\\/kosovatimes.info\\\/?s={search_term_string}\"},\"query-input\":{\"@type\":\"PropertyValueSpecification\",\"valueRequired\":true,\"valueName\":\"search_term_string\"}}],\"inLanguage\":\"en-US\"},{\"@type\":\"Person\",\"@id\":\"https:\\\/\\\/kosovatimes.info\\\/#\\\/schema\\\/person\\\/7586712b9c512fe68085de007378c915\",\"name\":\"i l\",\"image\":{\"@type\":\"ImageObject\",\"inLanguage\":\"en-US\",\"@id\":\"https:\\\/\\\/secure.gravatar.com\\\/avatar\\\/bad9296e02816160ae2e2435beda58222022298d5625d49fea74d18816fbb31d?s=96&d=mm&r=g\",\"url\":\"https:\\\/\\\/secure.gravatar.com\\\/avatar\\\/bad9296e02816160ae2e2435beda58222022298d5625d49fea74d18816fbb31d?s=96&d=mm&r=g\",\"contentUrl\":\"https:\\\/\\\/secure.gravatar.com\\\/avatar\\\/bad9296e02816160ae2e2435beda58222022298d5625d49fea74d18816fbb31d?s=96&d=mm&r=g\",\"caption\":\"i l\"},\"url\":\"https:\\\/\\\/kosovatimes.info\\\/index.php\\\/author\\\/iliri\\\/\"}]}<\/script>\n<!-- \/ Yoast SEO plugin. -->","yoast_head_json":{"title":"Rinovohen k\u00ebndet e loj\u00ebrave n\u00eb Prishtin\u00eb, nd\u00ebrhyrjet vazhdojn\u00eb n\u00eb lagje t\u00eb tjera - Kosova Times","robots":{"index":"index","follow":"follow","max-snippet":"max-snippet:-1","max-image-preview":"max-image-preview:large","max-video-preview":"max-video-preview:-1"},"canonical":"https:\/\/kosovatimes.info\/index.php\/2026\/09\/04\/rinovohen-kendet-e-lojerave-ne-prishtine-nderhyrjet-vazhdojne-ne-lagje-te-tjera\/","og_locale":"en_US","og_type":"article","og_title":"Rinovohen k\u00ebndet e loj\u00ebrave n\u00eb Prishtin\u00eb, nd\u00ebrhyrjet vazhdojn\u00eb n\u00eb lagje t\u00eb tjera - Kosova Times","og_description":"F\u00ebmij\u00ebt e disa lagjeve t\u00eb Prishtin\u00ebs tashm\u00eb kan\u00eb hap\u00ebsira m\u00eb t\u00eb rregulluara p\u00ebr loj\u00eb. Komuna e Prishtin\u00ebs ka vazhduar pun\u00ebn p\u00ebr renovimin dhe p\u00ebrmir\u00ebsimin e k\u00ebndeve t\u00eb loj\u00ebrave n\u00eb zona t\u00eb ndryshme t\u00eb kryeqytetit. N\u00ebnkryetarja e Komun\u00ebs s\u00eb Prishtin\u00ebs, Besian\u00eb Musmurati, ka b\u00ebr\u00eb t\u00eb ditur se punimet kan\u00eb p\u00ebrfunduar n\u00eb Parkun e Qytetit, n\u00eb Kolovic\u00eb [&hellip;]","og_url":"https:\/\/kosovatimes.info\/index.php\/2026\/09\/04\/rinovohen-kendet-e-lojerave-ne-prishtine-nderhyrjet-vazhdojne-ne-lagje-te-tjera\/","og_site_name":"Kosova Times","article_published_time":"2026-09-04T06:03:00+00:00","article_modified_time":"2026-09-04T09:21:30+00:00","og_image":[{"width":780,"height":500,"url":"https:\/\/kosovatimes.info\/wp-content\/uploads\/2026\/09\/Lodrat.jpg","type":"image\/jpeg"}],"author":"i l","twitter_card":"summary_large_image","twitter_misc":{"Written by":"i l","Est. reading time":"1 minute"},"schema":{"@context":"https:\/\/schema.org","@graph":[{"@type":"Article","@id":"https:\/\/kosovatimes.info\/index.php\/2026\/09\/04\/rinovohen-kendet-e-lojerave-ne-prishtine-nderhyrjet-vazhdojne-ne-lagje-te-tjera\/#article","isPartOf":{"@id":"https:\/\/kosovatimes.info\/index.php\/2026\/09\/04\/rinovohen-kendet-e-lojerave-ne-prishtine-nderhyrjet-vazhdojne-ne-lagje-te-tjera\/"},"author":{"name":"i l","@id":"https:\/\/kosovatimes.info\/#\/schema\/person\/7586712b9c512fe68085de007378c915"},"headline":"Rinovohen k\u00ebndet e loj\u00ebrave n\u00eb Prishtin\u00eb, nd\u00ebrhyrjet vazhdojn\u00eb n\u00eb lagje t\u00eb tjera","datePublished":"2026-09-04T06:03:00+00:00","dateModified":"2026-09-04T09:21:30+00:00","mainEntityOfPage":{"@id":"https:\/\/kosovatimes.info\/index.php\/2026\/09\/04\/rinovohen-kendet-e-lojerave-ne-prishtine-nderhyrjet-vazhdojne-ne-lagje-te-tjera\/"},"wordCount":191,"commentCount":0,"image":{"@id":"https:\/\/kosovatimes.info\/index.php\/2026\/09\/04\/rinovohen-kendet-e-lojerave-ne-prishtine-nderhyrjet-vazhdojne-ne-lagje-te-tjera\/#primaryimage"},"thumbnailUrl":"https:\/\/kosovatimes.info\/wp-content\/uploads\/2026\/09\/Lodrat.jpg","articleSection":["Kosov\u00eb","Lajme"],"inLanguage":"en-US","potentialAction":[{"@type":"CommentAction","name":"Comment","target":["https:\/\/kosovatimes.info\/index.php\/2026\/09\/04\/rinovohen-kendet-e-lojerave-ne-prishtine-nderhyrjet-vazhdojne-ne-lagje-te-tjera\/#respond"]}]},{"@type":"WebPage","@id":"https:\/\/kosovatimes.info\/index.php\/2026\/09\/04\/rinovohen-kendet-e-lojerave-ne-prishtine-nderhyrjet-vazhdojne-ne-lagje-te-tjera\/","url":"https:\/\/kosovatimes.info\/index.php\/2026\/09\/04\/rinovohen-kendet-e-lojerave-ne-prishtine-nderhyrjet-vazhdojne-ne-lagje-te-tjera\/","name":"Rinovohen k\u00ebndet e loj\u00ebrave n\u00eb Prishtin\u00eb, nd\u00ebrhyrjet vazhdojn\u00eb n\u00eb lagje t\u00eb tjera - Kosova Times","isPartOf":{"@id":"https:\/\/kosovatimes.info\/#website"},"primaryImageOfPage":{"@id":"https:\/\/kosovatimes.info\/index.php\/2026\/09\/04\/rinovohen-kendet-e-lojerave-ne-prishtine-nderhyrjet-vazhdojne-ne-lagje-te-tjera\/#primaryimage"},"image":{"@id":"https:\/\/kosovatimes.info\/index.php\/2026\/09\/04\/rinovohen-kendet-e-lojerave-ne-prishtine-nderhyrjet-vazhdojne-ne-lagje-te-tjera\/#primaryimage"},"thumbnailUrl":"https:\/\/kosovatimes.info\/wp-content\/uploads\/2026\/09\/Lodrat.jpg","datePublished":"2026-09-04T06:03:00+00:00","dateModified":"2026-09-04T09:21:30+00:00","author":{"@id":"https:\/\/kosovatimes.info\/#\/schema\/person\/7586712b9c512fe68085de007378c915"},"breadcrumb":{"@id":"https:\/\/kosovatimes.info\/index.php\/2026\/09\/04\/rinovohen-kendet-e-lojerave-ne-prishtine-nderhyrjet-vazhdojne-ne-lagje-te-tjera\/#breadcrumb"},"inLanguage":"en-US","potentialAction":[{"@type":"ReadAction","target":["https:\/\/kosovatimes.info\/index.php\/2026\/09\/04\/rinovohen-kendet-e-lojerave-ne-prishtine-nderhyrjet-vazhdojne-ne-lagje-te-tjera\/"]}]},{"@type":"ImageObject","inLanguage":"en-US","@id":"https:\/\/kosovatimes.info\/index.php\/2026\/09\/04\/rinovohen-kendet-e-lojerave-ne-prishtine-nderhyrjet-vazhdojne-ne-lagje-te-tjera\/#primaryimage","url":"https:\/\/kosovatimes.info\/wp-content\/uploads\/2026\/09\/Lodrat.jpg","contentUrl":"https:\/\/kosovatimes.info\/wp-content\/uploads\/2026\/09\/Lodrat.jpg","width":780,"height":500},{"@type":"BreadcrumbList","@id":"https:\/\/kosovatimes.info\/index.php\/2026\/09\/04\/rinovohen-kendet-e-lojerave-ne-prishtine-nderhyrjet-vazhdojne-ne-lagje-te-tjera\/#breadcrumb","itemListElement":[{"@type":"ListItem","position":1,"name":"Home","item":"https:\/\/kosovatimes.info\/"},{"@type":"ListItem","position":2,"name":"Rinovohen k\u00ebndet e loj\u00ebrave n\u00eb Prishtin\u00eb, nd\u00ebrhyrjet vazhdojn\u00eb n\u00eb lagje t\u00eb tjera"}]},{"@type":"WebSite","@id":"https:\/\/kosovatimes.info\/#website","url":"https:\/\/kosovatimes.info\/","name":"Kosova Times","description":"","potentialAction":[{"@type":"SearchAction","target":{"@type":"EntryPoint","urlTemplate":"https:\/\/kosovatimes.info\/?s={search_term_string}"},"query-input":{"@type":"PropertyValueSpecification","valueRequired":true,"valueName":"search_term_string"}}],"inLanguage":"en-US"},{"@type":"Person","@id":"https:\/\/kosovatimes.info\/#\/schema\/person\/7586712b9c512fe68085de007378c915","name":"i l","image":{"@type":"ImageObject","inLanguage":"en-US","@id":"https:\/\/secure.gravatar.com\/avatar\/bad9296e02816160ae2e2435beda58222022298d5625d49fea74d18816fbb31d?s=96&d=mm&r=g","url":"https:\/\/secure.gravatar.com\/avatar\/bad9296e02816160ae2e2435beda58222022298d5625d49fea74d18816fbb31d?s=96&d=mm&r=g","contentUrl":"https:\/\/secure.gravatar.com\/avatar\/bad9296e02816160ae2e2435beda58222022298d5625d49fea74d18816fbb31d?s=96&d=mm&r=g","caption":"i l"},"url":"https:\/\/kosovatimes.info\/index.php\/author\/iliri\/"}]}},"_links":{"self":[{"href":"https:\/\/kosovatimes.info\/index.php\/wp-json\/wp\/v2\/posts\/30860","targetHints":{"allow":["GET"]}}],"collection":[{"href":"https:\/\/kosovatimes.info\/index.php\/wp-json\/wp\/v2\/posts"}],"about":[{"href":"https:\/\/kosovatimes.info\/index.php\/wp-json\/wp\/v2\/types\/post"}],"author":[{"embeddable":true,"href":"https:\/\/kosovatimes.info\/index.php\/wp-json\/wp\/v2\/users\/4"}],"replies":[{"embeddable":true,"href":"https:\/\/kosovatimes.info\/index.php\/wp-json\/wp\/v2\/comments?post=30860"}],"version-history":[{"count":1,"href":"https:\/\/kosovatimes.info\/index.php\/wp-json\/wp\/v2\/posts\/30860\/revisions"}],"predecessor-version":[{"id":30862,"href":"https:\/\/kosovatimes.info\/index.php\/wp-json\/wp\/v2\/posts\/30860\/revisions\/30862"}],"wp:featuredmedia":[{"embeddable":true,"href":"https:\/\/kosovatimes.info\/index.php\/wp-json\/wp\/v2\/media\/30861"}],"wp:attachment":[{"href":"https:\/\/kosovatimes.info\/index.php\/wp-json\/wp\/v2\/media?parent=30860"}],"wp:term":[{"taxonomy":"category","embeddable":true,"href":"https:\/\/kosovatimes.info\/index.php\/wp-json\/wp\/v2\/categories?post=30860"},{"taxonomy":"post_tag","embeddable":true,"href":"https:\/\/kosovatimes.info\/index.php\/wp-json\/wp\/v2\/tags?post=30860"}],"curies":[{"name":"wp","href":"https:\/\/api.w.org\/{rel}","templated":true}]}}