{"id":30865,"date":"2026-09-04T11:30:49","date_gmt":"2026-09-04T09:30:49","guid":{"rendered":"https:\/\/kosovatimes.info\/?p=30865"},"modified":"2026-09-04T11:30:51","modified_gmt":"2026-09-04T09:30:51","slug":"ne-serbi-kane-rene-te-gjitha-maskat-bota-eshte-e-tronditur-nga-skenat-nga-beogradi-mosbesimi-ne-bruksel-ndalojeni-menjehere","status":"publish","type":"post","link":"https:\/\/kosovatimes.info\/index.php\/2026\/09\/04\/ne-serbi-kane-rene-te-gjitha-maskat-bota-eshte-e-tronditur-nga-skenat-nga-beogradi-mosbesimi-ne-bruksel-ndalojeni-menjehere\/","title":{"rendered":"N\u00eb Serbi kan\u00eb r\u00ebn\u00eb t\u00eb gjitha maskat, bota \u00ebsht\u00eb e tronditur nga skenat nga Beogradi, mosbesimi n\u00eb Bruksel: &#8216;Ndalojeni menj\u00ebher\u00eb!&#8217;"},"content":{"rendered":"\n<p class=\"wp-block-paragraph\">Serbia ka demonstruar edhe nj\u00eb her\u00eb r\u00ebnien e saj qytet\u00ebruese. Trupi i kriminelit t\u00eb luft\u00ebs&nbsp;<strong>Ratko Mladi\u0107<\/strong>&nbsp;, i cili vdiq n\u00eb Hag\u00eb m\u00eb 27 gusht n\u00eb mosh\u00ebn 85 vje\u00e7, u transportua n\u00eb Beograd t\u00eb enjten me nj\u00eb aeroplan qeveritar serb.<\/p>\n\n\n\n<figure class=\"wp-block-image\"><a class=\"se__anchor image-popup-vertical-fit open-gallery--photoswipe-embed photoswipe-event\" href=\"https:\/\/media.jutarnji.hr\/images\/slike\/2026\/09\/04\/39529068.jpg\"><img decoding=\"async\" src=\"https:\/\/media.jutarnji.hr\/images\/slike\/2026\/09\/04\/39529068.jpg?1788513441\" alt=\"imazh\"\/><\/a><\/figure>\n\n\n\n<p class=\"wp-block-paragraph\">Gjykata m\u00eb n\u00eb fund e ka d\u00ebnuar Mlladi\u00e7in me burgim t\u00eb p\u00ebrjetsh\u00ebm p\u00ebr gjenocidin n\u00eb Srebrenic\u00eb, terrorin kund\u00ebr qytetar\u00ebve t\u00eb Sarajev\u00ebs dhe krimet m\u00eb t\u00eb r\u00ebnda t\u00eb luft\u00ebs n\u00eb Bosnj\u00eb dhe Hercegovin\u00eb, dhe n\u00eb Serbi kthimi i tij n\u00eb arkivol \u00ebsht\u00eb shnd\u00ebrruar n\u00eb nj\u00eb spektak\u00ebl shtet\u00ebror dhe mediatik n\u00eb t\u00eb cilin xhelati festohet si hero.<\/p>\n\n\n\n<figure class=\"wp-block-image\"><a class=\"se__anchor image-popup-vertical-fit open-gallery--photoswipe-embed photoswipe-event\" href=\"https:\/\/media.jutarnji.hr\/images\/slike\/2026\/09\/04\/39529069.jpg\"><img decoding=\"async\" src=\"https:\/\/media.jutarnji.hr\/images\/slike\/2026\/09\/04\/39529069.jpg?1788513441\" alt=\"imazh\"\/><\/a><\/figure>\n\n\n\n<p class=\"wp-block-paragraph\">Sipas t\u00eb dh\u00ebnave nga sh\u00ebrbimi Flightradar24, fluturimi nga Haga ishte fluturimi m\u00eb i monitoruar n\u00eb bot\u00eb, dhe Ministri serb i Drejt\u00ebsis\u00eb&nbsp;<strong>Nenad Vuji\u0107<\/strong>&nbsp;ishte gjithashtu n\u00eb aeroplanin shtet\u00ebror, s\u00eb bashku me djalin dhe mbes\u00ebn e kriminelit t\u00eb ndjer\u00eb .<\/p>\n\n\n\n<p class=\"wp-block-paragraph\">Arkivoli u mor n\u00eb aeroportin Nikola Tesla t\u00eb Beogradit nga an\u00ebtar\u00eb t\u00eb Ushtris\u00eb Serbe dhe u transportua n\u00eb Akademin\u00eb Mjek\u00ebsore Ushtarake (VMA) p\u00ebr nj\u00eb autopsi, bazuar n\u00eb nj\u00eb let\u00ebr t\u00eb drejtp\u00ebrdrejt\u00eb nga Ministri i Drejt\u00ebsis\u00eb.<\/p>\n\n\n\n<figure class=\"wp-block-embed is-type-rich is-provider-x wp-block-embed-x\"><div class=\"wp-block-embed__wrapper\">\n<blockquote class=\"twitter-tweet\" data-width=\"550\" data-dnt=\"true\"><p lang=\"en\" dir=\"ltr\">A plane owned by the government of the Republic of Serbia today brought the body of war criminal Ratko Mladi\u0107 to Serbia.<br><br>Mladi\u0107 is expected to be buried with full state and military honors. The Mladi\u0107 family will make the final decision on the exact time and place of burial.\u2026 <a href=\"https:\/\/t.co\/YcIPq7MMXk\">pic.twitter.com\/YcIPq7MMXk<\/a><\/p>&mdash; Daily Croatia \ud83c\udded\ud83c\uddf7 (@DailyCroatia) <a href=\"https:\/\/x.com\/DailyCroatia\/status\/2095559981235843349?ref_src=twsrc%5Etfw\">September 3, 2026<\/a><\/blockquote><script async src=\"https:\/\/platform.x.com\/widgets.js\" charset=\"utf-8\"><\/script>\n<\/div><\/figure>\n\n\n\n<h3 class=\"wp-block-heading\">Banderola mbi autostrad\u00eb dhe p\u00ebrsh\u00ebndetje e kriminelit<\/h3>\n\n\n\n<p class=\"wp-block-paragraph\">P\u00ebrgjat\u00eb rrug\u00ebs s\u00eb konvojit t\u00eb shoq\u00ebruar nga policia, u regjistruan skena t\u00eb turpshme. N\u00eb mbikalimet mbi autostrad\u00eb u shfaq\u00ebn pankarta me mesazhe t\u00eb tilla si \u201cLavdi e p\u00ebrjetshme, gjeneral!\u201d dhe \u201cMir\u00eb se erdhe n\u00eb sht\u00ebpi, gjeneral\u201d, dhe video nga mediat sociale treguan qytetar\u00eb individual\u00eb q\u00eb p\u00ebrsh\u00ebndetnin arkivolin me pishtar\u00eb t\u00eb ndezur p\u00ebrgjat\u00eb rrug\u00ebs.<\/p>\n\n\n\n<figure class=\"wp-block-embed is-type-rich is-provider-x wp-block-embed-x\"><div class=\"wp-block-embed__wrapper\">\n<blockquote class=\"twitter-tweet\" data-width=\"550\" data-dnt=\"true\"><p lang=\"en\" dir=\"ltr\">\ud83c\uddf7\ud83c\uddf8 The body of war criminal Ratko Mladic was received and transported with Serbia\u2019s highest state honors.<br><br>Serbian soldiers and police officers saluted the former Serb general, who was convicted of genocide in Bosnia, as his body was transported.<br><br>In Belgrade, citizens gathered\u2026 <a href=\"https:\/\/t.co\/pFjyKgkjLB\">pic.twitter.com\/pFjyKgkjLB<\/a><\/p>&mdash; kos_data (@kos_data) <a href=\"https:\/\/x.com\/kos_data\/status\/2095579651489828928?ref_src=twsrc%5Etfw\">September 3, 2026<\/a><\/blockquote><script async src=\"https:\/\/platform.x.com\/widgets.js\" charset=\"utf-8\"><\/script>\n<\/div><\/figure>\n\n\n\n<p class=\"wp-block-paragraph\">Pritja solemne dhe prek\u00ebse p\u00ebr kriminelin do t\u00eb kulmoj\u00eb me nj\u00eb p\u00ebrkujtimore t\u00eb shtun\u00ebn, m\u00eb 5 shtator, n\u00eb Sall\u00ebn e Ushtris\u00eb n\u00eb Beograd. Trupi do t\u00eb prehet n\u00eb Kish\u00ebn e Sh\u00ebn Luk\u00ebs t\u00eb h\u00ebn\u00ebn, m\u00eb 7 shtator, e m\u00eb pas do t\u00eb mbahet nj\u00eb ceremoni p\u00ebrkujtimore dhe do t\u00eb varroset n\u00eb Varrezat e Top\u00e7iderit.<\/p>\n\n\n\n<figure class=\"wp-block-image\"><a class=\"se__anchor image-popup-vertical-fit open-gallery--photoswipe-embed photoswipe-event\" href=\"https:\/\/media.jutarnji.hr\/images\/slike\/2026\/09\/04\/39528895.jpg\"><img decoding=\"async\" src=\"https:\/\/media.jutarnji.hr\/images\/slike\/2026\/09\/04\/39528895.jpg?1788513441\" alt=\"imazh\"\/><\/a><\/figure>\n\n\n\n<p class=\"wp-block-paragraph\">Presidenti serb&nbsp;<strong>Aleksandar Vu\u00e7i\u00e7<\/strong>&nbsp;ka njoftuar tashm\u00eb se sh\u00ebrbimet e siguris\u00eb vler\u00ebsojn\u00eb se \u201cdhjet\u00ebra mij\u00ebra qytetar\u00eb\u201d do t\u00eb marrin pjes\u00eb n\u00eb funeral, duke th\u00ebn\u00eb se shteti do t\u00eb siguroj\u00eb t\u00eb gjitha kushtet p\u00ebr tubimin.<\/p>\n\n\n\n<h3 class=\"wp-block-heading\">D\u00ebnim i ashp\u00ebr nga Evropa: &#8216;Kjo \u00ebsht\u00eb nj\u00eb fyerje p\u00ebr viktimat&#8217;<\/h3>\n\n\n\n<p class=\"wp-block-paragraph\"><strong>Komisioneri i K\u00ebshillit t\u00eb Evrop\u00ebs p\u00ebr t\u00eb drejtat e njeriut, Michael O&#8217;Flaherty<\/strong>&nbsp;, reagoi ndaj k\u00ebtij glorifikimi publik,&nbsp;duke shprehur neverin\u00eb e tij t\u00eb thell\u00eb ndaj veprimeve n\u00eb Serbi dhe Republik\u00ebn Srpska.<\/p>\n\n\n\n<p class=\"wp-block-paragraph\">&#8211; Un\u00eb e urrej glorifikimin publik t\u00eb Ratko Mladi\u0107-it, nj\u00eb kriminel lufte i ndjer\u00eb i d\u00ebnuar p\u00ebr gjenocid n\u00eb Srebrenic\u00eb dhe krime kund\u00ebr njer\u00ebzimit, duke p\u00ebrfshir\u00eb deklaratat e zyrtar\u00ebve n\u00eb Republik\u00ebn Srpska dhe Serbi. Glorifikimi i nj\u00eb krimineli lufte t\u00eb d\u00ebnuar \u00ebsht\u00eb nj\u00eb fyerje p\u00ebr viktimat dhe nuk \u00ebsht\u00eb fjal\u00eb e lir\u00eb e mbrojtur nga Konventa Evropiane p\u00ebr t\u00eb Drejtat e Njeriut, tha O&#8217;Flaherty, duke kujtuar se glorifikimi i kriminel\u00ebve n\u00eb BiH \u00ebsht\u00eb gjithashtu nj\u00eb vep\u00ebr penale dhe duke u b\u00ebr\u00eb thirrje autoriteteve t\u00eb ndalojn\u00eb glorifikimin e xhelat\u00ebve.<\/p>\n\n\n\n<figure class=\"wp-block-image\"><a class=\"se__anchor image-popup-vertical-fit open-gallery--photoswipe-embed photoswipe-event\" href=\"https:\/\/media.jutarnji.hr\/images\/slike\/2026\/09\/04\/39529051.jpg\"><img decoding=\"async\" src=\"https:\/\/media.jutarnji.hr\/images\/slike\/2026\/09\/04\/39529051.jpg?1788513441\" alt=\"imazh\"\/><\/a><\/figure>\n\n\n\n<figure class=\"wp-block-image\"><a class=\"se__anchor image-popup-vertical-fit open-gallery--photoswipe-embed photoswipe-event\" href=\"https:\/\/media.jutarnji.hr\/images\/slike\/2026\/09\/04\/39528890.jpg\"><img decoding=\"async\" src=\"https:\/\/media.jutarnji.hr\/images\/slike\/2026\/09\/04\/39528890.jpg?1788513441\" alt=\"imazh\"\/><\/a><\/figure>\n\n\n\n<h3 class=\"wp-block-heading\">Kthesa e Medias: Nga P\u00ebrmbajtja Fillestare n\u00eb Festim t\u00eb Hapur<\/h3>\n\n\n\n<p class=\"wp-block-paragraph\">Transformimi i medias s\u00eb Beogradit \u00ebsht\u00eb ve\u00e7an\u00ebrisht i dhimbsh\u00ebm. Nd\u00ebrsa mediat serbe (me p\u00ebrjashtim t\u00eb gazet\u00ebs radikale Informer) reaguan fillimisht relativisht t\u00eb p\u00ebrmbajtur menj\u00ebher\u00eb pas lajmit p\u00ebr vdekjen e Mladi\u00e7it, mb\u00ebrritja e trupit n\u00eb Beograd i hoqi plot\u00ebsisht maskat. Titujt e gazetave t\u00eb sotme n\u00eb Serbi festojn\u00eb hapur arkitektin e gjenocidit.<\/p>\n\n\n\n<p class=\"wp-block-paragraph\">K\u00ebshtu, gazeta Informer mban nj\u00eb titull t\u00eb madh n\u00eb kopertin\u00ebn e saj, &#8216;GJENERALI M\u00cb N\u00cb FUND N\u00cb SERBI!&#8217;, duke e lart\u00ebsuar kriminelin dhe duke e akuzuar at\u00eb p\u00ebr vitet e supozuara t\u00eb tortur\u00ebs sistematike n\u00eb Hag\u00eb. Srpski Telegraf b\u00ebrtet n\u00eb t\u00eb gjith\u00eb faqen e saj, &#8216;SERBIA E MIR\u00cbPRIT GJENERALIT T\u00cb SAJ&#8217;, duke p\u00ebrfshir\u00eb foto t\u00eb nj\u00eb arkivoli t\u00eb mbuluar me flamurin serb dhe banderola nga nj\u00eb mbikalim.<\/p>\n\n\n\n<figure class=\"wp-block-image\"><a class=\"se__anchor image-popup-vertical-fit open-gallery--photoswipe-embed photoswipe-event\" href=\"https:\/\/media.jutarnji.hr\/images\/slike\/2026\/09\/04\/39532168.jpg?_gl=1*36ogx8*_ga*ODIzNzk1MjU2LjE3ODA3MzcyMjk.*_ga_0PCQNHB2ZD*czE3ODg1MTM3NTgkbzI4JGcxJHQxNzg4NTE0MDE2JGo2MCRsMCRoMA..#dmid=ff669f6b-4d15-4481-ae0d-c3a18f2aa033\"><img decoding=\"async\" src=\"https:\/\/media.jutarnji.hr\/images\/slike\/2026\/09\/04\/39532168.jpg?1788513441\" alt=\"imazh\"\/><\/a><\/figure>\n\n\n\n<figure class=\"wp-block-image\"><a class=\"se__anchor image-popup-vertical-fit open-gallery--photoswipe-embed photoswipe-event\" href=\"https:\/\/media.jutarnji.hr\/images\/slike\/2026\/09\/04\/39532169.jpg\"><img decoding=\"async\" src=\"https:\/\/media.jutarnji.hr\/images\/slike\/2026\/09\/04\/39532169.jpg?1788513441\" alt=\"imazh\"\/><\/a><\/figure>\n\n\n\n<figure class=\"wp-block-image\"><a class=\"se__anchor image-popup-vertical-fit open-gallery--photoswipe-embed photoswipe-event\" href=\"https:\/\/media.jutarnji.hr\/images\/slike\/2026\/09\/04\/39532172.jpg\"><img decoding=\"async\" src=\"https:\/\/media.jutarnji.hr\/images\/slike\/2026\/09\/04\/39532172.jpg?1788513441\" alt=\"imazh\"\/><\/a><\/figure>\n\n\n\n<p class=\"wp-block-paragraph\">Retorik\u00eb e ngjashme ndiqet nga Kurir, e cila njofton \u2018KTHIMIN E GJENERALIT\u2019 n\u00eb faqen e par\u00eb me nj\u00eb p\u00ebrshkrim t\u00eb detajuar t\u00eb fluturimit dhe pritjes, nd\u00ebrsa tabloidi Alo! n\u00eb t\u00eb gjith\u00eb faqen e par\u00eb, britma \u2018GJENERAL N\u00cb ATDHEU!\u2019<\/p>\n\n\n\n<figure class=\"wp-block-image\"><a class=\"se__anchor image-popup-vertical-fit open-gallery--photoswipe-embed photoswipe-event\" href=\"https:\/\/media.jutarnji.hr\/images\/slike\/2026\/09\/04\/39532170.jpg\"><img decoding=\"async\" src=\"https:\/\/media.jutarnji.hr\/images\/slike\/2026\/09\/04\/39532170.jpg?1788513441\" alt=\"imazh\"\/><\/a><\/figure>\n\n\n\n<p class=\"wp-block-paragraph\">Edhe gazetat tradicionalisht m\u00eb t\u00eb moderuara si Politika dhe Ve\u010dernje Novosti po i japin k\u00ebsaj ngjarjeje hap\u00ebsir\u00eb \u200b\u200bqendrore mediatike, duke shkruar p\u00ebr &#8216;fundin e tortur\u00ebs disamujore&#8217; t\u00eb gjykat\u00ebs s\u00eb Hag\u00ebs mbi kriminelin e luft\u00ebs t\u00eb ndjer\u00eb.<\/p>\n\n\n\n<figure class=\"wp-block-image\"><a class=\"se__anchor image-popup-vertical-fit open-gallery--photoswipe-embed photoswipe-event\" href=\"https:\/\/media.jutarnji.hr\/images\/slike\/2026\/09\/04\/39532171.jpg\"><img decoding=\"async\" src=\"https:\/\/media.jutarnji.hr\/images\/slike\/2026\/09\/04\/39532171.jpg?1788513441\" alt=\"imazh\"\/><\/a><\/figure>\n\n\n\n<figure class=\"wp-block-image\"><a class=\"se__anchor image-popup-vertical-fit open-gallery--photoswipe-embed photoswipe-event\" href=\"https:\/\/media.jutarnji.hr\/images\/slike\/2026\/09\/04\/39532173.jpg\"><img decoding=\"async\" src=\"https:\/\/media.jutarnji.hr\/images\/slike\/2026\/09\/04\/39532173.jpg?1788513441\" alt=\"imazh\"\/><\/a><\/figure>\n\n\n\n<p class=\"wp-block-paragraph\">Fakti q\u00eb po organizohen nj\u00eb aeroplan shtet\u00ebror dhe nderime ushtarake p\u00ebr njeriun p\u00ebrgjegj\u00ebs p\u00ebr krimet m\u00eb t\u00eb k\u00ebqija n\u00eb tok\u00ebn evropiane pas Luft\u00ebs s\u00eb Dyt\u00eb Bot\u00ebrore \u00ebsht\u00eb nj\u00eb tjet\u00ebr prov\u00eb tragjike se shoq\u00ebria serbe refuzon t\u00eb p\u00ebrballet me t\u00eb kaluar\u00ebn e saj, duke e shnd\u00ebrruar xhelatin n\u00eb nj\u00eb hero komb\u00ebtar.<\/p>\n","protected":false},"excerpt":{"rendered":"<p>Serbia ka demonstruar edhe nj\u00eb her\u00eb r\u00ebnien e saj qytet\u00ebruese. Trupi i kriminelit t\u00eb luft\u00ebs&nbsp;Ratko Mladi\u0107&nbsp;, i cili vdiq n\u00eb Hag\u00eb m\u00eb 27 gusht n\u00eb mosh\u00ebn 85 vje\u00e7, u transportua n\u00eb Beograd t\u00eb enjten me nj\u00eb aeroplan qeveritar serb. Gjykata m\u00eb n\u00eb fund e ka d\u00ebnuar Mlladi\u00e7in me burgim t\u00eb p\u00ebrjetsh\u00ebm p\u00ebr gjenocidin n\u00eb Srebrenic\u00eb, [&hellip;]<\/p>\n","protected":false},"author":4,"featured_media":30866,"comment_status":"open","ping_status":"open","sticky":false,"template":"","format":"standard","meta":{"footnotes":""},"categories":[30,32],"tags":[],"class_list":["post-30865","post","type-post","status-publish","format-standard","has-post-thumbnail","category-lajme","category-rajon"],"yoast_head":"<!-- This site is optimized with the Yoast SEO plugin v27.4 - https:\/\/yoast.com\/product\/yoast-seo-wordpress\/ -->\n<title>N\u00eb Serbi kan\u00eb r\u00ebn\u00eb t\u00eb gjitha maskat, bota \u00ebsht\u00eb e tronditur nga skenat nga Beogradi, mosbesimi n\u00eb Bruksel: &#039;Ndalojeni menj\u00ebher\u00eb!&#039; - Kosova Times<\/title>\n<meta name=\"robots\" content=\"index, follow, max-snippet:-1, max-image-preview:large, max-video-preview:-1\" \/>\n<link rel=\"canonical\" href=\"https:\/\/kosovatimes.info\/index.php\/2026\/09\/04\/ne-serbi-kane-rene-te-gjitha-maskat-bota-eshte-e-tronditur-nga-skenat-nga-beogradi-mosbesimi-ne-bruksel-ndalojeni-menjehere\/\" \/>\n<meta property=\"og:locale\" content=\"en_US\" \/>\n<meta property=\"og:type\" content=\"article\" \/>\n<meta property=\"og:title\" content=\"N\u00eb Serbi kan\u00eb r\u00ebn\u00eb t\u00eb gjitha maskat, bota \u00ebsht\u00eb e tronditur nga skenat nga Beogradi, mosbesimi n\u00eb Bruksel: &#039;Ndalojeni menj\u00ebher\u00eb!&#039; - Kosova Times\" \/>\n<meta property=\"og:description\" content=\"Serbia ka demonstruar edhe nj\u00eb her\u00eb r\u00ebnien e saj qytet\u00ebruese. Trupi i kriminelit t\u00eb luft\u00ebs&nbsp;Ratko Mladi\u0107&nbsp;, i cili vdiq n\u00eb Hag\u00eb m\u00eb 27 gusht n\u00eb mosh\u00ebn 85 vje\u00e7, u transportua n\u00eb Beograd t\u00eb enjten me nj\u00eb aeroplan qeveritar serb. Gjykata m\u00eb n\u00eb fund e ka d\u00ebnuar Mlladi\u00e7in me burgim t\u00eb p\u00ebrjetsh\u00ebm p\u00ebr gjenocidin n\u00eb Srebrenic\u00eb, [&hellip;]\" \/>\n<meta property=\"og:url\" content=\"https:\/\/kosovatimes.info\/index.php\/2026\/09\/04\/ne-serbi-kane-rene-te-gjitha-maskat-bota-eshte-e-tronditur-nga-skenat-nga-beogradi-mosbesimi-ne-bruksel-ndalojeni-menjehere\/\" \/>\n<meta property=\"og:site_name\" content=\"Kosova Times\" \/>\n<meta property=\"article:published_time\" content=\"2026-09-04T09:30:49+00:00\" \/>\n<meta property=\"article:modified_time\" content=\"2026-09-04T09:30:51+00:00\" \/>\n<meta property=\"og:image\" content=\"https:\/\/kosovatimes.info\/wp-content\/uploads\/2026\/09\/beogrd.jpg\" \/>\n\t<meta property=\"og:image:width\" content=\"1280\" \/>\n\t<meta property=\"og:image:height\" content=\"670\" \/>\n\t<meta property=\"og:image:type\" content=\"image\/jpeg\" \/>\n<meta name=\"author\" content=\"i l\" \/>\n<meta name=\"twitter:card\" content=\"summary_large_image\" \/>\n<meta name=\"twitter:label1\" content=\"Written by\" \/>\n\t<meta name=\"twitter:data1\" content=\"i l\" \/>\n\t<meta name=\"twitter:label2\" content=\"Est. reading time\" \/>\n\t<meta name=\"twitter:data2\" content=\"6 minutes\" \/>\n<script type=\"application\/ld+json\" class=\"yoast-schema-graph\">{\"@context\":\"https:\\\/\\\/schema.org\",\"@graph\":[{\"@type\":\"Article\",\"@id\":\"https:\\\/\\\/kosovatimes.info\\\/index.php\\\/2026\\\/09\\\/04\\\/ne-serbi-kane-rene-te-gjitha-maskat-bota-eshte-e-tronditur-nga-skenat-nga-beogradi-mosbesimi-ne-bruksel-ndalojeni-menjehere\\\/#article\",\"isPartOf\":{\"@id\":\"https:\\\/\\\/kosovatimes.info\\\/index.php\\\/2026\\\/09\\\/04\\\/ne-serbi-kane-rene-te-gjitha-maskat-bota-eshte-e-tronditur-nga-skenat-nga-beogradi-mosbesimi-ne-bruksel-ndalojeni-menjehere\\\/\"},\"author\":{\"name\":\"i l\",\"@id\":\"https:\\\/\\\/kosovatimes.info\\\/#\\\/schema\\\/person\\\/7586712b9c512fe68085de007378c915\"},\"headline\":\"N\u00eb Serbi kan\u00eb r\u00ebn\u00eb t\u00eb gjitha maskat, bota \u00ebsht\u00eb e tronditur nga skenat nga Beogradi, mosbesimi n\u00eb Bruksel: &#8216;Ndalojeni menj\u00ebher\u00eb!&#8217;\",\"datePublished\":\"2026-09-04T09:30:49+00:00\",\"dateModified\":\"2026-09-04T09:30:51+00:00\",\"mainEntityOfPage\":{\"@id\":\"https:\\\/\\\/kosovatimes.info\\\/index.php\\\/2026\\\/09\\\/04\\\/ne-serbi-kane-rene-te-gjitha-maskat-bota-eshte-e-tronditur-nga-skenat-nga-beogradi-mosbesimi-ne-bruksel-ndalojeni-menjehere\\\/\"},\"wordCount\":933,\"commentCount\":0,\"image\":{\"@id\":\"https:\\\/\\\/kosovatimes.info\\\/index.php\\\/2026\\\/09\\\/04\\\/ne-serbi-kane-rene-te-gjitha-maskat-bota-eshte-e-tronditur-nga-skenat-nga-beogradi-mosbesimi-ne-bruksel-ndalojeni-menjehere\\\/#primaryimage\"},\"thumbnailUrl\":\"https:\\\/\\\/kosovatimes.info\\\/wp-content\\\/uploads\\\/2026\\\/09\\\/beogrd.jpg\",\"articleSection\":[\"Lajme\",\"Rajon\"],\"inLanguage\":\"en-US\",\"potentialAction\":[{\"@type\":\"CommentAction\",\"name\":\"Comment\",\"target\":[\"https:\\\/\\\/kosovatimes.info\\\/index.php\\\/2026\\\/09\\\/04\\\/ne-serbi-kane-rene-te-gjitha-maskat-bota-eshte-e-tronditur-nga-skenat-nga-beogradi-mosbesimi-ne-bruksel-ndalojeni-menjehere\\\/#respond\"]}]},{\"@type\":\"WebPage\",\"@id\":\"https:\\\/\\\/kosovatimes.info\\\/index.php\\\/2026\\\/09\\\/04\\\/ne-serbi-kane-rene-te-gjitha-maskat-bota-eshte-e-tronditur-nga-skenat-nga-beogradi-mosbesimi-ne-bruksel-ndalojeni-menjehere\\\/\",\"url\":\"https:\\\/\\\/kosovatimes.info\\\/index.php\\\/2026\\\/09\\\/04\\\/ne-serbi-kane-rene-te-gjitha-maskat-bota-eshte-e-tronditur-nga-skenat-nga-beogradi-mosbesimi-ne-bruksel-ndalojeni-menjehere\\\/\",\"name\":\"N\u00eb Serbi kan\u00eb r\u00ebn\u00eb t\u00eb gjitha maskat, bota \u00ebsht\u00eb e tronditur nga skenat nga Beogradi, mosbesimi n\u00eb Bruksel: 'Ndalojeni menj\u00ebher\u00eb!' - Kosova Times\",\"isPartOf\":{\"@id\":\"https:\\\/\\\/kosovatimes.info\\\/#website\"},\"primaryImageOfPage\":{\"@id\":\"https:\\\/\\\/kosovatimes.info\\\/index.php\\\/2026\\\/09\\\/04\\\/ne-serbi-kane-rene-te-gjitha-maskat-bota-eshte-e-tronditur-nga-skenat-nga-beogradi-mosbesimi-ne-bruksel-ndalojeni-menjehere\\\/#primaryimage\"},\"image\":{\"@id\":\"https:\\\/\\\/kosovatimes.info\\\/index.php\\\/2026\\\/09\\\/04\\\/ne-serbi-kane-rene-te-gjitha-maskat-bota-eshte-e-tronditur-nga-skenat-nga-beogradi-mosbesimi-ne-bruksel-ndalojeni-menjehere\\\/#primaryimage\"},\"thumbnailUrl\":\"https:\\\/\\\/kosovatimes.info\\\/wp-content\\\/uploads\\\/2026\\\/09\\\/beogrd.jpg\",\"datePublished\":\"2026-09-04T09:30:49+00:00\",\"dateModified\":\"2026-09-04T09:30:51+00:00\",\"author\":{\"@id\":\"https:\\\/\\\/kosovatimes.info\\\/#\\\/schema\\\/person\\\/7586712b9c512fe68085de007378c915\"},\"breadcrumb\":{\"@id\":\"https:\\\/\\\/kosovatimes.info\\\/index.php\\\/2026\\\/09\\\/04\\\/ne-serbi-kane-rene-te-gjitha-maskat-bota-eshte-e-tronditur-nga-skenat-nga-beogradi-mosbesimi-ne-bruksel-ndalojeni-menjehere\\\/#breadcrumb\"},\"inLanguage\":\"en-US\",\"potentialAction\":[{\"@type\":\"ReadAction\",\"target\":[\"https:\\\/\\\/kosovatimes.info\\\/index.php\\\/2026\\\/09\\\/04\\\/ne-serbi-kane-rene-te-gjitha-maskat-bota-eshte-e-tronditur-nga-skenat-nga-beogradi-mosbesimi-ne-bruksel-ndalojeni-menjehere\\\/\"]}]},{\"@type\":\"ImageObject\",\"inLanguage\":\"en-US\",\"@id\":\"https:\\\/\\\/kosovatimes.info\\\/index.php\\\/2026\\\/09\\\/04\\\/ne-serbi-kane-rene-te-gjitha-maskat-bota-eshte-e-tronditur-nga-skenat-nga-beogradi-mosbesimi-ne-bruksel-ndalojeni-menjehere\\\/#primaryimage\",\"url\":\"https:\\\/\\\/kosovatimes.info\\\/wp-content\\\/uploads\\\/2026\\\/09\\\/beogrd.jpg\",\"contentUrl\":\"https:\\\/\\\/kosovatimes.info\\\/wp-content\\\/uploads\\\/2026\\\/09\\\/beogrd.jpg\",\"width\":1280,\"height\":670},{\"@type\":\"BreadcrumbList\",\"@id\":\"https:\\\/\\\/kosovatimes.info\\\/index.php\\\/2026\\\/09\\\/04\\\/ne-serbi-kane-rene-te-gjitha-maskat-bota-eshte-e-tronditur-nga-skenat-nga-beogradi-mosbesimi-ne-bruksel-ndalojeni-menjehere\\\/#breadcrumb\",\"itemListElement\":[{\"@type\":\"ListItem\",\"position\":1,\"name\":\"Home\",\"item\":\"https:\\\/\\\/kosovatimes.info\\\/\"},{\"@type\":\"ListItem\",\"position\":2,\"name\":\"N\u00eb Serbi kan\u00eb r\u00ebn\u00eb t\u00eb gjitha maskat, bota \u00ebsht\u00eb e tronditur nga skenat nga Beogradi, mosbesimi n\u00eb Bruksel: &#8216;Ndalojeni menj\u00ebher\u00eb!&#8217;\"}]},{\"@type\":\"WebSite\",\"@id\":\"https:\\\/\\\/kosovatimes.info\\\/#website\",\"url\":\"https:\\\/\\\/kosovatimes.info\\\/\",\"name\":\"Kosova Times\",\"description\":\"\",\"potentialAction\":[{\"@type\":\"SearchAction\",\"target\":{\"@type\":\"EntryPoint\",\"urlTemplate\":\"https:\\\/\\\/kosovatimes.info\\\/?s={search_term_string}\"},\"query-input\":{\"@type\":\"PropertyValueSpecification\",\"valueRequired\":true,\"valueName\":\"search_term_string\"}}],\"inLanguage\":\"en-US\"},{\"@type\":\"Person\",\"@id\":\"https:\\\/\\\/kosovatimes.info\\\/#\\\/schema\\\/person\\\/7586712b9c512fe68085de007378c915\",\"name\":\"i l\",\"image\":{\"@type\":\"ImageObject\",\"inLanguage\":\"en-US\",\"@id\":\"https:\\\/\\\/secure.gravatar.com\\\/avatar\\\/bad9296e02816160ae2e2435beda58222022298d5625d49fea74d18816fbb31d?s=96&d=mm&r=g\",\"url\":\"https:\\\/\\\/secure.gravatar.com\\\/avatar\\\/bad9296e02816160ae2e2435beda58222022298d5625d49fea74d18816fbb31d?s=96&d=mm&r=g\",\"contentUrl\":\"https:\\\/\\\/secure.gravatar.com\\\/avatar\\\/bad9296e02816160ae2e2435beda58222022298d5625d49fea74d18816fbb31d?s=96&d=mm&r=g\",\"caption\":\"i l\"},\"url\":\"https:\\\/\\\/kosovatimes.info\\\/index.php\\\/author\\\/iliri\\\/\"}]}<\/script>\n<!-- \/ Yoast SEO plugin. -->","yoast_head_json":{"title":"N\u00eb Serbi kan\u00eb r\u00ebn\u00eb t\u00eb gjitha maskat, bota \u00ebsht\u00eb e tronditur nga skenat nga Beogradi, mosbesimi n\u00eb Bruksel: 'Ndalojeni menj\u00ebher\u00eb!' - Kosova Times","robots":{"index":"index","follow":"follow","max-snippet":"max-snippet:-1","max-image-preview":"max-image-preview:large","max-video-preview":"max-video-preview:-1"},"canonical":"https:\/\/kosovatimes.info\/index.php\/2026\/09\/04\/ne-serbi-kane-rene-te-gjitha-maskat-bota-eshte-e-tronditur-nga-skenat-nga-beogradi-mosbesimi-ne-bruksel-ndalojeni-menjehere\/","og_locale":"en_US","og_type":"article","og_title":"N\u00eb Serbi kan\u00eb r\u00ebn\u00eb t\u00eb gjitha maskat, bota \u00ebsht\u00eb e tronditur nga skenat nga Beogradi, mosbesimi n\u00eb Bruksel: 'Ndalojeni menj\u00ebher\u00eb!' - Kosova Times","og_description":"Serbia ka demonstruar edhe nj\u00eb her\u00eb r\u00ebnien e saj qytet\u00ebruese. Trupi i kriminelit t\u00eb luft\u00ebs&nbsp;Ratko Mladi\u0107&nbsp;, i cili vdiq n\u00eb Hag\u00eb m\u00eb 27 gusht n\u00eb mosh\u00ebn 85 vje\u00e7, u transportua n\u00eb Beograd t\u00eb enjten me nj\u00eb aeroplan qeveritar serb. Gjykata m\u00eb n\u00eb fund e ka d\u00ebnuar Mlladi\u00e7in me burgim t\u00eb p\u00ebrjetsh\u00ebm p\u00ebr gjenocidin n\u00eb Srebrenic\u00eb, [&hellip;]","og_url":"https:\/\/kosovatimes.info\/index.php\/2026\/09\/04\/ne-serbi-kane-rene-te-gjitha-maskat-bota-eshte-e-tronditur-nga-skenat-nga-beogradi-mosbesimi-ne-bruksel-ndalojeni-menjehere\/","og_site_name":"Kosova Times","article_published_time":"2026-09-04T09:30:49+00:00","article_modified_time":"2026-09-04T09:30:51+00:00","og_image":[{"width":1280,"height":670,"url":"https:\/\/kosovatimes.info\/wp-content\/uploads\/2026\/09\/beogrd.jpg","type":"image\/jpeg"}],"author":"i l","twitter_card":"summary_large_image","twitter_misc":{"Written by":"i l","Est. reading time":"6 minutes"},"schema":{"@context":"https:\/\/schema.org","@graph":[{"@type":"Article","@id":"https:\/\/kosovatimes.info\/index.php\/2026\/09\/04\/ne-serbi-kane-rene-te-gjitha-maskat-bota-eshte-e-tronditur-nga-skenat-nga-beogradi-mosbesimi-ne-bruksel-ndalojeni-menjehere\/#article","isPartOf":{"@id":"https:\/\/kosovatimes.info\/index.php\/2026\/09\/04\/ne-serbi-kane-rene-te-gjitha-maskat-bota-eshte-e-tronditur-nga-skenat-nga-beogradi-mosbesimi-ne-bruksel-ndalojeni-menjehere\/"},"author":{"name":"i l","@id":"https:\/\/kosovatimes.info\/#\/schema\/person\/7586712b9c512fe68085de007378c915"},"headline":"N\u00eb Serbi kan\u00eb r\u00ebn\u00eb t\u00eb gjitha maskat, bota \u00ebsht\u00eb e tronditur nga skenat nga Beogradi, mosbesimi n\u00eb Bruksel: &#8216;Ndalojeni menj\u00ebher\u00eb!&#8217;","datePublished":"2026-09-04T09:30:49+00:00","dateModified":"2026-09-04T09:30:51+00:00","mainEntityOfPage":{"@id":"https:\/\/kosovatimes.info\/index.php\/2026\/09\/04\/ne-serbi-kane-rene-te-gjitha-maskat-bota-eshte-e-tronditur-nga-skenat-nga-beogradi-mosbesimi-ne-bruksel-ndalojeni-menjehere\/"},"wordCount":933,"commentCount":0,"image":{"@id":"https:\/\/kosovatimes.info\/index.php\/2026\/09\/04\/ne-serbi-kane-rene-te-gjitha-maskat-bota-eshte-e-tronditur-nga-skenat-nga-beogradi-mosbesimi-ne-bruksel-ndalojeni-menjehere\/#primaryimage"},"thumbnailUrl":"https:\/\/kosovatimes.info\/wp-content\/uploads\/2026\/09\/beogrd.jpg","articleSection":["Lajme","Rajon"],"inLanguage":"en-US","potentialAction":[{"@type":"CommentAction","name":"Comment","target":["https:\/\/kosovatimes.info\/index.php\/2026\/09\/04\/ne-serbi-kane-rene-te-gjitha-maskat-bota-eshte-e-tronditur-nga-skenat-nga-beogradi-mosbesimi-ne-bruksel-ndalojeni-menjehere\/#respond"]}]},{"@type":"WebPage","@id":"https:\/\/kosovatimes.info\/index.php\/2026\/09\/04\/ne-serbi-kane-rene-te-gjitha-maskat-bota-eshte-e-tronditur-nga-skenat-nga-beogradi-mosbesimi-ne-bruksel-ndalojeni-menjehere\/","url":"https:\/\/kosovatimes.info\/index.php\/2026\/09\/04\/ne-serbi-kane-rene-te-gjitha-maskat-bota-eshte-e-tronditur-nga-skenat-nga-beogradi-mosbesimi-ne-bruksel-ndalojeni-menjehere\/","name":"N\u00eb Serbi kan\u00eb r\u00ebn\u00eb t\u00eb gjitha maskat, bota \u00ebsht\u00eb e tronditur nga skenat nga Beogradi, mosbesimi n\u00eb Bruksel: 'Ndalojeni menj\u00ebher\u00eb!' - Kosova Times","isPartOf":{"@id":"https:\/\/kosovatimes.info\/#website"},"primaryImageOfPage":{"@id":"https:\/\/kosovatimes.info\/index.php\/2026\/09\/04\/ne-serbi-kane-rene-te-gjitha-maskat-bota-eshte-e-tronditur-nga-skenat-nga-beogradi-mosbesimi-ne-bruksel-ndalojeni-menjehere\/#primaryimage"},"image":{"@id":"https:\/\/kosovatimes.info\/index.php\/2026\/09\/04\/ne-serbi-kane-rene-te-gjitha-maskat-bota-eshte-e-tronditur-nga-skenat-nga-beogradi-mosbesimi-ne-bruksel-ndalojeni-menjehere\/#primaryimage"},"thumbnailUrl":"https:\/\/kosovatimes.info\/wp-content\/uploads\/2026\/09\/beogrd.jpg","datePublished":"2026-09-04T09:30:49+00:00","dateModified":"2026-09-04T09:30:51+00:00","author":{"@id":"https:\/\/kosovatimes.info\/#\/schema\/person\/7586712b9c512fe68085de007378c915"},"breadcrumb":{"@id":"https:\/\/kosovatimes.info\/index.php\/2026\/09\/04\/ne-serbi-kane-rene-te-gjitha-maskat-bota-eshte-e-tronditur-nga-skenat-nga-beogradi-mosbesimi-ne-bruksel-ndalojeni-menjehere\/#breadcrumb"},"inLanguage":"en-US","potentialAction":[{"@type":"ReadAction","target":["https:\/\/kosovatimes.info\/index.php\/2026\/09\/04\/ne-serbi-kane-rene-te-gjitha-maskat-bota-eshte-e-tronditur-nga-skenat-nga-beogradi-mosbesimi-ne-bruksel-ndalojeni-menjehere\/"]}]},{"@type":"ImageObject","inLanguage":"en-US","@id":"https:\/\/kosovatimes.info\/index.php\/2026\/09\/04\/ne-serbi-kane-rene-te-gjitha-maskat-bota-eshte-e-tronditur-nga-skenat-nga-beogradi-mosbesimi-ne-bruksel-ndalojeni-menjehere\/#primaryimage","url":"https:\/\/kosovatimes.info\/wp-content\/uploads\/2026\/09\/beogrd.jpg","contentUrl":"https:\/\/kosovatimes.info\/wp-content\/uploads\/2026\/09\/beogrd.jpg","width":1280,"height":670},{"@type":"BreadcrumbList","@id":"https:\/\/kosovatimes.info\/index.php\/2026\/09\/04\/ne-serbi-kane-rene-te-gjitha-maskat-bota-eshte-e-tronditur-nga-skenat-nga-beogradi-mosbesimi-ne-bruksel-ndalojeni-menjehere\/#breadcrumb","itemListElement":[{"@type":"ListItem","position":1,"name":"Home","item":"https:\/\/kosovatimes.info\/"},{"@type":"ListItem","position":2,"name":"N\u00eb Serbi kan\u00eb r\u00ebn\u00eb t\u00eb gjitha maskat, bota \u00ebsht\u00eb e tronditur nga skenat nga Beogradi, mosbesimi n\u00eb Bruksel: &#8216;Ndalojeni menj\u00ebher\u00eb!&#8217;"}]},{"@type":"WebSite","@id":"https:\/\/kosovatimes.info\/#website","url":"https:\/\/kosovatimes.info\/","name":"Kosova Times","description":"","potentialAction":[{"@type":"SearchAction","target":{"@type":"EntryPoint","urlTemplate":"https:\/\/kosovatimes.info\/?s={search_term_string}"},"query-input":{"@type":"PropertyValueSpecification","valueRequired":true,"valueName":"search_term_string"}}],"inLanguage":"en-US"},{"@type":"Person","@id":"https:\/\/kosovatimes.info\/#\/schema\/person\/7586712b9c512fe68085de007378c915","name":"i l","image":{"@type":"ImageObject","inLanguage":"en-US","@id":"https:\/\/secure.gravatar.com\/avatar\/bad9296e02816160ae2e2435beda58222022298d5625d49fea74d18816fbb31d?s=96&d=mm&r=g","url":"https:\/\/secure.gravatar.com\/avatar\/bad9296e02816160ae2e2435beda58222022298d5625d49fea74d18816fbb31d?s=96&d=mm&r=g","contentUrl":"https:\/\/secure.gravatar.com\/avatar\/bad9296e02816160ae2e2435beda58222022298d5625d49fea74d18816fbb31d?s=96&d=mm&r=g","caption":"i l"},"url":"https:\/\/kosovatimes.info\/index.php\/author\/iliri\/"}]}},"_links":{"self":[{"href":"https:\/\/kosovatimes.info\/index.php\/wp-json\/wp\/v2\/posts\/30865","targetHints":{"allow":["GET"]}}],"collection":[{"href":"https:\/\/kosovatimes.info\/index.php\/wp-json\/wp\/v2\/posts"}],"about":[{"href":"https:\/\/kosovatimes.info\/index.php\/wp-json\/wp\/v2\/types\/post"}],"author":[{"embeddable":true,"href":"https:\/\/kosovatimes.info\/index.php\/wp-json\/wp\/v2\/users\/4"}],"replies":[{"embeddable":true,"href":"https:\/\/kosovatimes.info\/index.php\/wp-json\/wp\/v2\/comments?post=30865"}],"version-history":[{"count":1,"href":"https:\/\/kosovatimes.info\/index.php\/wp-json\/wp\/v2\/posts\/30865\/revisions"}],"predecessor-version":[{"id":30867,"href":"https:\/\/kosovatimes.info\/index.php\/wp-json\/wp\/v2\/posts\/30865\/revisions\/30867"}],"wp:featuredmedia":[{"embeddable":true,"href":"https:\/\/kosovatimes.info\/index.php\/wp-json\/wp\/v2\/media\/30866"}],"wp:attachment":[{"href":"https:\/\/kosovatimes.info\/index.php\/wp-json\/wp\/v2\/media?parent=30865"}],"wp:term":[{"taxonomy":"category","embeddable":true,"href":"https:\/\/kosovatimes.info\/index.php\/wp-json\/wp\/v2\/categories?post=30865"},{"taxonomy":"post_tag","embeddable":true,"href":"https:\/\/kosovatimes.info\/index.php\/wp-json\/wp\/v2\/tags?post=30865"}],"curies":[{"name":"wp","href":"https:\/\/api.w.org\/{rel}","templated":true}]}}