{"id":30868,"date":"2026-09-04T11:33:51","date_gmt":"2026-09-04T09:33:51","guid":{"rendered":"https:\/\/kosovatimes.info\/?p=30868"},"modified":"2026-09-04T11:37:02","modified_gmt":"2026-09-04T09:37:02","slug":"kamion-nga-bosnja-dhe-hercegovina-i-perfshire-ne-nje-aksident-te-tmerrshem-ne-poloni-hekurudhat-publikojne-pamjet-e-aksidentit-si-paralajmerim","status":"publish","type":"post","link":"https:\/\/kosovatimes.info\/index.php\/2026\/09\/04\/kamion-nga-bosnja-dhe-hercegovina-i-perfshire-ne-nje-aksident-te-tmerrshem-ne-poloni-hekurudhat-publikojne-pamjet-e-aksidentit-si-paralajmerim\/","title":{"rendered":"Kamion nga Bosnja dhe Hercegovina i p\u00ebrfshir\u00eb n\u00eb nj\u00eb aksident t\u00eb tmerrsh\u00ebm n\u00eb Poloni: Hekurudhat publikojn\u00eb pamjet e aksidentit si paralajm\u00ebrim"},"content":{"rendered":"\n<p class=\"wp-block-paragraph\">Dje, n\u00eb kalimin hekurudhor n\u00eb Gda\u0144sk-Lipce t\u00eb Polonis\u00eb, nj\u00eb tren pasagjer\u00ebsh goditi nj\u00eb kamion nga Bosnja dhe Hercegovina.<\/p>\n\n\n\n<p class=\"wp-block-paragraph\">Pamjet nga kamerat e mbik\u00ebqyrjes zbuluan shkall\u00ebn e v\u00ebrtet\u00eb t\u00eb d\u00ebmit pasi treni shp\u00ebrtheu fjal\u00eb p\u00ebr fjal\u00eb rimorkion e kamionit q\u00eb ishte bllokuar n\u00eb shina. Pamjet dramatike t\u00eb publikuara nga Sh\u00ebrbimi Shtet\u00ebror i Zjarrfik\u00ebsve t\u00eb Gda\u0144sk tregojn\u00eb nj\u00eb kamion t\u00eb shkat\u00ebrruar plot\u00ebsisht dhe nj\u00eb makin\u00eb pasagjer\u00ebsh t\u00eb d\u00ebmtuar q\u00eb u ndal jo shum\u00eb larg stacionit Gda\u0144sk-Lipce.<\/p>\n\n\n\n<p class=\"wp-block-paragraph\">Departamenti i zjarrfik\u00ebsve tha se mori nj\u00eb raport p\u00ebr p\u00ebrplasjen rreth or\u00ebs 12:30 t\u00eb mesdit\u00ebs.<\/p>\n\n\n\n<p class=\"wp-block-paragraph\">&#8220;Rreth 300 persona udh\u00ebtonin n\u00eb trenin midis Gdynia dhe Zielona G\u00f3ra. Pasagjer\u00ebt dol\u00ebn nga treni t\u00eb vet\u00ebm, n\u00eb m\u00ebnyr\u00eb t\u00eb sigurt. N\u00eb vendngjarje, ekipi i urgjenc\u00ebs mjek\u00ebsore ekzaminoi kat\u00ebr persona &#8211; shoferin e kamionit, konduktorin dhe dy pasagjer\u00eb. N\u00eb fund, shoferi i kamionit u transportua n\u00eb spital&#8221;, than\u00eb zjarrfik\u00ebsit polak\u00eb.<\/p>\n\n\n\n<p class=\"wp-block-paragraph\">P\u00ebr shkak t\u00eb k\u00ebtij incidenti t\u00eb r\u00ebnd\u00eb rrugor, trafiku hekurudhor n\u00eb zon\u00ebn e aksidentit u pezullua plot\u00ebsisht. P\u00ebr pasagjer\u00ebt e trenit \u00ebsht\u00eb organizuar transport alternativ me autobus p\u00ebr n\u00eb qytetin e af\u00ebrt t\u00eb Tczew.<\/p>\n\n\n\n<p class=\"wp-block-paragraph\">Hekurudhat Shtet\u00ebrore Polake (Polake Railway Lines SA) vendos\u00ebn t\u00eb publikojn\u00eb pamjet e aksidentit nga kamerat CCTV si nj\u00eb paralajm\u00ebrim serioz p\u00ebr t\u00eb gjith\u00eb shofer\u00ebt. Ata u b\u00ebn\u00eb thirrje p\u00ebrdoruesve t\u00eb rrug\u00ebs q\u00eb, n\u00ebse e gjejn\u00eb veten n\u00eb nj\u00eb situat\u00eb kaq k\u00ebrc\u00ebnuese p\u00ebr jet\u00ebn dhe mbeten t\u00eb bllokuar midis rampave t\u00eb ulura, t\u00eb mos presin kurr\u00eb trenin.<\/p>\n\n\n\n<p class=\"wp-block-paragraph\">&#8220;Shtypni gazin, \u00e7ani ramp\u00ebn dhe largohuni menj\u00ebher\u00eb nga vendkalimi&#8221;, than\u00eb Hekurudhat Polake.<\/p>\n\n\n\n<iframe loading=\"lazy\" src=\"https:\/\/www.facebook.com\/plugins\/video.php?height=476&#038;href=https%3A%2F%2Fwww.facebook.com%2Freel%2F909446045201868%2F&#038;show_text=false&#038;width=267&#038;t=0\" width=\"267\" height=\"476\" style=\"border:none;overflow:hidden\" scrolling=\"no\" frameborder=\"0\" allowfullscreen=\"true\" allow=\"autoplay; clipboard-write; encrypted-media; picture-in-picture; web-share\" allowFullScreen=\"true\"><\/iframe>\n","protected":false},"excerpt":{"rendered":"<p>Dje, n\u00eb kalimin hekurudhor n\u00eb Gda\u0144sk-Lipce t\u00eb Polonis\u00eb, nj\u00eb tren pasagjer\u00ebsh goditi nj\u00eb kamion nga Bosnja dhe Hercegovina. Pamjet nga kamerat e mbik\u00ebqyrjes zbuluan shkall\u00ebn e v\u00ebrtet\u00eb t\u00eb d\u00ebmit pasi treni shp\u00ebrtheu fjal\u00eb p\u00ebr fjal\u00eb rimorkion e kamionit q\u00eb ishte bllokuar n\u00eb shina. Pamjet dramatike t\u00eb publikuara nga Sh\u00ebrbimi Shtet\u00ebror i Zjarrfik\u00ebsve t\u00eb Gda\u0144sk tregojn\u00eb [&hellip;]<\/p>\n","protected":false},"author":4,"featured_media":30869,"comment_status":"open","ping_status":"open","sticky":false,"template":"","format":"standard","meta":{"footnotes":""},"categories":[33,30],"tags":[],"class_list":["post-30868","post","type-post","status-publish","format-standard","has-post-thumbnail","category-bote","category-lajme"],"yoast_head":"<!-- This site is optimized with the Yoast SEO plugin v27.4 - https:\/\/yoast.com\/product\/yoast-seo-wordpress\/ -->\n<title>Kamion nga Bosnja dhe Hercegovina i p\u00ebrfshir\u00eb n\u00eb nj\u00eb aksident t\u00eb tmerrsh\u00ebm n\u00eb Poloni: Hekurudhat publikojn\u00eb pamjet e aksidentit si paralajm\u00ebrim - Kosova Times<\/title>\n<meta name=\"robots\" content=\"index, follow, max-snippet:-1, max-image-preview:large, max-video-preview:-1\" \/>\n<link rel=\"canonical\" href=\"https:\/\/kosovatimes.info\/index.php\/2026\/09\/04\/kamion-nga-bosnja-dhe-hercegovina-i-perfshire-ne-nje-aksident-te-tmerrshem-ne-poloni-hekurudhat-publikojne-pamjet-e-aksidentit-si-paralajmerim\/\" \/>\n<meta property=\"og:locale\" content=\"en_US\" \/>\n<meta property=\"og:type\" content=\"article\" \/>\n<meta property=\"og:title\" content=\"Kamion nga Bosnja dhe Hercegovina i p\u00ebrfshir\u00eb n\u00eb nj\u00eb aksident t\u00eb tmerrsh\u00ebm n\u00eb Poloni: Hekurudhat publikojn\u00eb pamjet e aksidentit si paralajm\u00ebrim - Kosova Times\" \/>\n<meta property=\"og:description\" content=\"Dje, n\u00eb kalimin hekurudhor n\u00eb Gda\u0144sk-Lipce t\u00eb Polonis\u00eb, nj\u00eb tren pasagjer\u00ebsh goditi nj\u00eb kamion nga Bosnja dhe Hercegovina. Pamjet nga kamerat e mbik\u00ebqyrjes zbuluan shkall\u00ebn e v\u00ebrtet\u00eb t\u00eb d\u00ebmit pasi treni shp\u00ebrtheu fjal\u00eb p\u00ebr fjal\u00eb rimorkion e kamionit q\u00eb ishte bllokuar n\u00eb shina. Pamjet dramatike t\u00eb publikuara nga Sh\u00ebrbimi Shtet\u00ebror i Zjarrfik\u00ebsve t\u00eb Gda\u0144sk tregojn\u00eb [&hellip;]\" \/>\n<meta property=\"og:url\" content=\"https:\/\/kosovatimes.info\/index.php\/2026\/09\/04\/kamion-nga-bosnja-dhe-hercegovina-i-perfshire-ne-nje-aksident-te-tmerrshem-ne-poloni-hekurudhat-publikojne-pamjet-e-aksidentit-si-paralajmerim\/\" \/>\n<meta property=\"og:site_name\" content=\"Kosova Times\" \/>\n<meta property=\"article:published_time\" content=\"2026-09-04T09:33:51+00:00\" \/>\n<meta property=\"article:modified_time\" content=\"2026-09-04T09:37:02+00:00\" \/>\n<meta property=\"og:image\" content=\"https:\/\/kosovatimes.info\/wp-content\/uploads\/2026\/09\/videoframe_21780.png\" \/>\n\t<meta property=\"og:image:width\" content=\"1456\" \/>\n\t<meta property=\"og:image:height\" content=\"1080\" \/>\n\t<meta property=\"og:image:type\" content=\"image\/png\" \/>\n<meta name=\"author\" content=\"i l\" \/>\n<meta name=\"twitter:card\" content=\"summary_large_image\" \/>\n<meta name=\"twitter:label1\" content=\"Written by\" \/>\n\t<meta name=\"twitter:data1\" content=\"i l\" \/>\n\t<meta name=\"twitter:label2\" content=\"Est. reading time\" \/>\n\t<meta name=\"twitter:data2\" content=\"2 minutes\" \/>\n<script type=\"application\/ld+json\" class=\"yoast-schema-graph\">{\"@context\":\"https:\\\/\\\/schema.org\",\"@graph\":[{\"@type\":\"Article\",\"@id\":\"https:\\\/\\\/kosovatimes.info\\\/index.php\\\/2026\\\/09\\\/04\\\/kamion-nga-bosnja-dhe-hercegovina-i-perfshire-ne-nje-aksident-te-tmerrshem-ne-poloni-hekurudhat-publikojne-pamjet-e-aksidentit-si-paralajmerim\\\/#article\",\"isPartOf\":{\"@id\":\"https:\\\/\\\/kosovatimes.info\\\/index.php\\\/2026\\\/09\\\/04\\\/kamion-nga-bosnja-dhe-hercegovina-i-perfshire-ne-nje-aksident-te-tmerrshem-ne-poloni-hekurudhat-publikojne-pamjet-e-aksidentit-si-paralajmerim\\\/\"},\"author\":{\"name\":\"i l\",\"@id\":\"https:\\\/\\\/kosovatimes.info\\\/#\\\/schema\\\/person\\\/7586712b9c512fe68085de007378c915\"},\"headline\":\"Kamion nga Bosnja dhe Hercegovina i p\u00ebrfshir\u00eb n\u00eb nj\u00eb aksident t\u00eb tmerrsh\u00ebm n\u00eb Poloni: Hekurudhat publikojn\u00eb pamjet e aksidentit si paralajm\u00ebrim\",\"datePublished\":\"2026-09-04T09:33:51+00:00\",\"dateModified\":\"2026-09-04T09:37:02+00:00\",\"mainEntityOfPage\":{\"@id\":\"https:\\\/\\\/kosovatimes.info\\\/index.php\\\/2026\\\/09\\\/04\\\/kamion-nga-bosnja-dhe-hercegovina-i-perfshire-ne-nje-aksident-te-tmerrshem-ne-poloni-hekurudhat-publikojne-pamjet-e-aksidentit-si-paralajmerim\\\/\"},\"wordCount\":319,\"commentCount\":0,\"image\":{\"@id\":\"https:\\\/\\\/kosovatimes.info\\\/index.php\\\/2026\\\/09\\\/04\\\/kamion-nga-bosnja-dhe-hercegovina-i-perfshire-ne-nje-aksident-te-tmerrshem-ne-poloni-hekurudhat-publikojne-pamjet-e-aksidentit-si-paralajmerim\\\/#primaryimage\"},\"thumbnailUrl\":\"https:\\\/\\\/kosovatimes.info\\\/wp-content\\\/uploads\\\/2026\\\/09\\\/videoframe_21780.png\",\"articleSection\":[\"Bot\u00eb\",\"Lajme\"],\"inLanguage\":\"en-US\",\"potentialAction\":[{\"@type\":\"CommentAction\",\"name\":\"Comment\",\"target\":[\"https:\\\/\\\/kosovatimes.info\\\/index.php\\\/2026\\\/09\\\/04\\\/kamion-nga-bosnja-dhe-hercegovina-i-perfshire-ne-nje-aksident-te-tmerrshem-ne-poloni-hekurudhat-publikojne-pamjet-e-aksidentit-si-paralajmerim\\\/#respond\"]}]},{\"@type\":\"WebPage\",\"@id\":\"https:\\\/\\\/kosovatimes.info\\\/index.php\\\/2026\\\/09\\\/04\\\/kamion-nga-bosnja-dhe-hercegovina-i-perfshire-ne-nje-aksident-te-tmerrshem-ne-poloni-hekurudhat-publikojne-pamjet-e-aksidentit-si-paralajmerim\\\/\",\"url\":\"https:\\\/\\\/kosovatimes.info\\\/index.php\\\/2026\\\/09\\\/04\\\/kamion-nga-bosnja-dhe-hercegovina-i-perfshire-ne-nje-aksident-te-tmerrshem-ne-poloni-hekurudhat-publikojne-pamjet-e-aksidentit-si-paralajmerim\\\/\",\"name\":\"Kamion nga Bosnja dhe Hercegovina i p\u00ebrfshir\u00eb n\u00eb nj\u00eb aksident t\u00eb tmerrsh\u00ebm n\u00eb Poloni: Hekurudhat publikojn\u00eb pamjet e aksidentit si paralajm\u00ebrim - Kosova Times\",\"isPartOf\":{\"@id\":\"https:\\\/\\\/kosovatimes.info\\\/#website\"},\"primaryImageOfPage\":{\"@id\":\"https:\\\/\\\/kosovatimes.info\\\/index.php\\\/2026\\\/09\\\/04\\\/kamion-nga-bosnja-dhe-hercegovina-i-perfshire-ne-nje-aksident-te-tmerrshem-ne-poloni-hekurudhat-publikojne-pamjet-e-aksidentit-si-paralajmerim\\\/#primaryimage\"},\"image\":{\"@id\":\"https:\\\/\\\/kosovatimes.info\\\/index.php\\\/2026\\\/09\\\/04\\\/kamion-nga-bosnja-dhe-hercegovina-i-perfshire-ne-nje-aksident-te-tmerrshem-ne-poloni-hekurudhat-publikojne-pamjet-e-aksidentit-si-paralajmerim\\\/#primaryimage\"},\"thumbnailUrl\":\"https:\\\/\\\/kosovatimes.info\\\/wp-content\\\/uploads\\\/2026\\\/09\\\/videoframe_21780.png\",\"datePublished\":\"2026-09-04T09:33:51+00:00\",\"dateModified\":\"2026-09-04T09:37:02+00:00\",\"author\":{\"@id\":\"https:\\\/\\\/kosovatimes.info\\\/#\\\/schema\\\/person\\\/7586712b9c512fe68085de007378c915\"},\"breadcrumb\":{\"@id\":\"https:\\\/\\\/kosovatimes.info\\\/index.php\\\/2026\\\/09\\\/04\\\/kamion-nga-bosnja-dhe-hercegovina-i-perfshire-ne-nje-aksident-te-tmerrshem-ne-poloni-hekurudhat-publikojne-pamjet-e-aksidentit-si-paralajmerim\\\/#breadcrumb\"},\"inLanguage\":\"en-US\",\"potentialAction\":[{\"@type\":\"ReadAction\",\"target\":[\"https:\\\/\\\/kosovatimes.info\\\/index.php\\\/2026\\\/09\\\/04\\\/kamion-nga-bosnja-dhe-hercegovina-i-perfshire-ne-nje-aksident-te-tmerrshem-ne-poloni-hekurudhat-publikojne-pamjet-e-aksidentit-si-paralajmerim\\\/\"]}]},{\"@type\":\"ImageObject\",\"inLanguage\":\"en-US\",\"@id\":\"https:\\\/\\\/kosovatimes.info\\\/index.php\\\/2026\\\/09\\\/04\\\/kamion-nga-bosnja-dhe-hercegovina-i-perfshire-ne-nje-aksident-te-tmerrshem-ne-poloni-hekurudhat-publikojne-pamjet-e-aksidentit-si-paralajmerim\\\/#primaryimage\",\"url\":\"https:\\\/\\\/kosovatimes.info\\\/wp-content\\\/uploads\\\/2026\\\/09\\\/videoframe_21780.png\",\"contentUrl\":\"https:\\\/\\\/kosovatimes.info\\\/wp-content\\\/uploads\\\/2026\\\/09\\\/videoframe_21780.png\",\"width\":1456,\"height\":1080},{\"@type\":\"BreadcrumbList\",\"@id\":\"https:\\\/\\\/kosovatimes.info\\\/index.php\\\/2026\\\/09\\\/04\\\/kamion-nga-bosnja-dhe-hercegovina-i-perfshire-ne-nje-aksident-te-tmerrshem-ne-poloni-hekurudhat-publikojne-pamjet-e-aksidentit-si-paralajmerim\\\/#breadcrumb\",\"itemListElement\":[{\"@type\":\"ListItem\",\"position\":1,\"name\":\"Home\",\"item\":\"https:\\\/\\\/kosovatimes.info\\\/\"},{\"@type\":\"ListItem\",\"position\":2,\"name\":\"Kamion nga Bosnja dhe Hercegovina i p\u00ebrfshir\u00eb n\u00eb nj\u00eb aksident t\u00eb tmerrsh\u00ebm n\u00eb Poloni: Hekurudhat publikojn\u00eb pamjet e aksidentit si paralajm\u00ebrim\"}]},{\"@type\":\"WebSite\",\"@id\":\"https:\\\/\\\/kosovatimes.info\\\/#website\",\"url\":\"https:\\\/\\\/kosovatimes.info\\\/\",\"name\":\"Kosova Times\",\"description\":\"\",\"potentialAction\":[{\"@type\":\"SearchAction\",\"target\":{\"@type\":\"EntryPoint\",\"urlTemplate\":\"https:\\\/\\\/kosovatimes.info\\\/?s={search_term_string}\"},\"query-input\":{\"@type\":\"PropertyValueSpecification\",\"valueRequired\":true,\"valueName\":\"search_term_string\"}}],\"inLanguage\":\"en-US\"},{\"@type\":\"Person\",\"@id\":\"https:\\\/\\\/kosovatimes.info\\\/#\\\/schema\\\/person\\\/7586712b9c512fe68085de007378c915\",\"name\":\"i l\",\"image\":{\"@type\":\"ImageObject\",\"inLanguage\":\"en-US\",\"@id\":\"https:\\\/\\\/secure.gravatar.com\\\/avatar\\\/bad9296e02816160ae2e2435beda58222022298d5625d49fea74d18816fbb31d?s=96&d=mm&r=g\",\"url\":\"https:\\\/\\\/secure.gravatar.com\\\/avatar\\\/bad9296e02816160ae2e2435beda58222022298d5625d49fea74d18816fbb31d?s=96&d=mm&r=g\",\"contentUrl\":\"https:\\\/\\\/secure.gravatar.com\\\/avatar\\\/bad9296e02816160ae2e2435beda58222022298d5625d49fea74d18816fbb31d?s=96&d=mm&r=g\",\"caption\":\"i l\"},\"url\":\"https:\\\/\\\/kosovatimes.info\\\/index.php\\\/author\\\/iliri\\\/\"}]}<\/script>\n<!-- \/ Yoast SEO plugin. -->","yoast_head_json":{"title":"Kamion nga Bosnja dhe Hercegovina i p\u00ebrfshir\u00eb n\u00eb nj\u00eb aksident t\u00eb tmerrsh\u00ebm n\u00eb Poloni: Hekurudhat publikojn\u00eb pamjet e aksidentit si paralajm\u00ebrim - Kosova Times","robots":{"index":"index","follow":"follow","max-snippet":"max-snippet:-1","max-image-preview":"max-image-preview:large","max-video-preview":"max-video-preview:-1"},"canonical":"https:\/\/kosovatimes.info\/index.php\/2026\/09\/04\/kamion-nga-bosnja-dhe-hercegovina-i-perfshire-ne-nje-aksident-te-tmerrshem-ne-poloni-hekurudhat-publikojne-pamjet-e-aksidentit-si-paralajmerim\/","og_locale":"en_US","og_type":"article","og_title":"Kamion nga Bosnja dhe Hercegovina i p\u00ebrfshir\u00eb n\u00eb nj\u00eb aksident t\u00eb tmerrsh\u00ebm n\u00eb Poloni: Hekurudhat publikojn\u00eb pamjet e aksidentit si paralajm\u00ebrim - Kosova Times","og_description":"Dje, n\u00eb kalimin hekurudhor n\u00eb Gda\u0144sk-Lipce t\u00eb Polonis\u00eb, nj\u00eb tren pasagjer\u00ebsh goditi nj\u00eb kamion nga Bosnja dhe Hercegovina. Pamjet nga kamerat e mbik\u00ebqyrjes zbuluan shkall\u00ebn e v\u00ebrtet\u00eb t\u00eb d\u00ebmit pasi treni shp\u00ebrtheu fjal\u00eb p\u00ebr fjal\u00eb rimorkion e kamionit q\u00eb ishte bllokuar n\u00eb shina. Pamjet dramatike t\u00eb publikuara nga Sh\u00ebrbimi Shtet\u00ebror i Zjarrfik\u00ebsve t\u00eb Gda\u0144sk tregojn\u00eb [&hellip;]","og_url":"https:\/\/kosovatimes.info\/index.php\/2026\/09\/04\/kamion-nga-bosnja-dhe-hercegovina-i-perfshire-ne-nje-aksident-te-tmerrshem-ne-poloni-hekurudhat-publikojne-pamjet-e-aksidentit-si-paralajmerim\/","og_site_name":"Kosova Times","article_published_time":"2026-09-04T09:33:51+00:00","article_modified_time":"2026-09-04T09:37:02+00:00","og_image":[{"width":1456,"height":1080,"url":"https:\/\/kosovatimes.info\/wp-content\/uploads\/2026\/09\/videoframe_21780.png","type":"image\/png"}],"author":"i l","twitter_card":"summary_large_image","twitter_misc":{"Written by":"i l","Est. reading time":"2 minutes"},"schema":{"@context":"https:\/\/schema.org","@graph":[{"@type":"Article","@id":"https:\/\/kosovatimes.info\/index.php\/2026\/09\/04\/kamion-nga-bosnja-dhe-hercegovina-i-perfshire-ne-nje-aksident-te-tmerrshem-ne-poloni-hekurudhat-publikojne-pamjet-e-aksidentit-si-paralajmerim\/#article","isPartOf":{"@id":"https:\/\/kosovatimes.info\/index.php\/2026\/09\/04\/kamion-nga-bosnja-dhe-hercegovina-i-perfshire-ne-nje-aksident-te-tmerrshem-ne-poloni-hekurudhat-publikojne-pamjet-e-aksidentit-si-paralajmerim\/"},"author":{"name":"i l","@id":"https:\/\/kosovatimes.info\/#\/schema\/person\/7586712b9c512fe68085de007378c915"},"headline":"Kamion nga Bosnja dhe Hercegovina i p\u00ebrfshir\u00eb n\u00eb nj\u00eb aksident t\u00eb tmerrsh\u00ebm n\u00eb Poloni: Hekurudhat publikojn\u00eb pamjet e aksidentit si paralajm\u00ebrim","datePublished":"2026-09-04T09:33:51+00:00","dateModified":"2026-09-04T09:37:02+00:00","mainEntityOfPage":{"@id":"https:\/\/kosovatimes.info\/index.php\/2026\/09\/04\/kamion-nga-bosnja-dhe-hercegovina-i-perfshire-ne-nje-aksident-te-tmerrshem-ne-poloni-hekurudhat-publikojne-pamjet-e-aksidentit-si-paralajmerim\/"},"wordCount":319,"commentCount":0,"image":{"@id":"https:\/\/kosovatimes.info\/index.php\/2026\/09\/04\/kamion-nga-bosnja-dhe-hercegovina-i-perfshire-ne-nje-aksident-te-tmerrshem-ne-poloni-hekurudhat-publikojne-pamjet-e-aksidentit-si-paralajmerim\/#primaryimage"},"thumbnailUrl":"https:\/\/kosovatimes.info\/wp-content\/uploads\/2026\/09\/videoframe_21780.png","articleSection":["Bot\u00eb","Lajme"],"inLanguage":"en-US","potentialAction":[{"@type":"CommentAction","name":"Comment","target":["https:\/\/kosovatimes.info\/index.php\/2026\/09\/04\/kamion-nga-bosnja-dhe-hercegovina-i-perfshire-ne-nje-aksident-te-tmerrshem-ne-poloni-hekurudhat-publikojne-pamjet-e-aksidentit-si-paralajmerim\/#respond"]}]},{"@type":"WebPage","@id":"https:\/\/kosovatimes.info\/index.php\/2026\/09\/04\/kamion-nga-bosnja-dhe-hercegovina-i-perfshire-ne-nje-aksident-te-tmerrshem-ne-poloni-hekurudhat-publikojne-pamjet-e-aksidentit-si-paralajmerim\/","url":"https:\/\/kosovatimes.info\/index.php\/2026\/09\/04\/kamion-nga-bosnja-dhe-hercegovina-i-perfshire-ne-nje-aksident-te-tmerrshem-ne-poloni-hekurudhat-publikojne-pamjet-e-aksidentit-si-paralajmerim\/","name":"Kamion nga Bosnja dhe Hercegovina i p\u00ebrfshir\u00eb n\u00eb nj\u00eb aksident t\u00eb tmerrsh\u00ebm n\u00eb Poloni: Hekurudhat publikojn\u00eb pamjet e aksidentit si paralajm\u00ebrim - Kosova Times","isPartOf":{"@id":"https:\/\/kosovatimes.info\/#website"},"primaryImageOfPage":{"@id":"https:\/\/kosovatimes.info\/index.php\/2026\/09\/04\/kamion-nga-bosnja-dhe-hercegovina-i-perfshire-ne-nje-aksident-te-tmerrshem-ne-poloni-hekurudhat-publikojne-pamjet-e-aksidentit-si-paralajmerim\/#primaryimage"},"image":{"@id":"https:\/\/kosovatimes.info\/index.php\/2026\/09\/04\/kamion-nga-bosnja-dhe-hercegovina-i-perfshire-ne-nje-aksident-te-tmerrshem-ne-poloni-hekurudhat-publikojne-pamjet-e-aksidentit-si-paralajmerim\/#primaryimage"},"thumbnailUrl":"https:\/\/kosovatimes.info\/wp-content\/uploads\/2026\/09\/videoframe_21780.png","datePublished":"2026-09-04T09:33:51+00:00","dateModified":"2026-09-04T09:37:02+00:00","author":{"@id":"https:\/\/kosovatimes.info\/#\/schema\/person\/7586712b9c512fe68085de007378c915"},"breadcrumb":{"@id":"https:\/\/kosovatimes.info\/index.php\/2026\/09\/04\/kamion-nga-bosnja-dhe-hercegovina-i-perfshire-ne-nje-aksident-te-tmerrshem-ne-poloni-hekurudhat-publikojne-pamjet-e-aksidentit-si-paralajmerim\/#breadcrumb"},"inLanguage":"en-US","potentialAction":[{"@type":"ReadAction","target":["https:\/\/kosovatimes.info\/index.php\/2026\/09\/04\/kamion-nga-bosnja-dhe-hercegovina-i-perfshire-ne-nje-aksident-te-tmerrshem-ne-poloni-hekurudhat-publikojne-pamjet-e-aksidentit-si-paralajmerim\/"]}]},{"@type":"ImageObject","inLanguage":"en-US","@id":"https:\/\/kosovatimes.info\/index.php\/2026\/09\/04\/kamion-nga-bosnja-dhe-hercegovina-i-perfshire-ne-nje-aksident-te-tmerrshem-ne-poloni-hekurudhat-publikojne-pamjet-e-aksidentit-si-paralajmerim\/#primaryimage","url":"https:\/\/kosovatimes.info\/wp-content\/uploads\/2026\/09\/videoframe_21780.png","contentUrl":"https:\/\/kosovatimes.info\/wp-content\/uploads\/2026\/09\/videoframe_21780.png","width":1456,"height":1080},{"@type":"BreadcrumbList","@id":"https:\/\/kosovatimes.info\/index.php\/2026\/09\/04\/kamion-nga-bosnja-dhe-hercegovina-i-perfshire-ne-nje-aksident-te-tmerrshem-ne-poloni-hekurudhat-publikojne-pamjet-e-aksidentit-si-paralajmerim\/#breadcrumb","itemListElement":[{"@type":"ListItem","position":1,"name":"Home","item":"https:\/\/kosovatimes.info\/"},{"@type":"ListItem","position":2,"name":"Kamion nga Bosnja dhe Hercegovina i p\u00ebrfshir\u00eb n\u00eb nj\u00eb aksident t\u00eb tmerrsh\u00ebm n\u00eb Poloni: Hekurudhat publikojn\u00eb pamjet e aksidentit si paralajm\u00ebrim"}]},{"@type":"WebSite","@id":"https:\/\/kosovatimes.info\/#website","url":"https:\/\/kosovatimes.info\/","name":"Kosova Times","description":"","potentialAction":[{"@type":"SearchAction","target":{"@type":"EntryPoint","urlTemplate":"https:\/\/kosovatimes.info\/?s={search_term_string}"},"query-input":{"@type":"PropertyValueSpecification","valueRequired":true,"valueName":"search_term_string"}}],"inLanguage":"en-US"},{"@type":"Person","@id":"https:\/\/kosovatimes.info\/#\/schema\/person\/7586712b9c512fe68085de007378c915","name":"i l","image":{"@type":"ImageObject","inLanguage":"en-US","@id":"https:\/\/secure.gravatar.com\/avatar\/bad9296e02816160ae2e2435beda58222022298d5625d49fea74d18816fbb31d?s=96&d=mm&r=g","url":"https:\/\/secure.gravatar.com\/avatar\/bad9296e02816160ae2e2435beda58222022298d5625d49fea74d18816fbb31d?s=96&d=mm&r=g","contentUrl":"https:\/\/secure.gravatar.com\/avatar\/bad9296e02816160ae2e2435beda58222022298d5625d49fea74d18816fbb31d?s=96&d=mm&r=g","caption":"i l"},"url":"https:\/\/kosovatimes.info\/index.php\/author\/iliri\/"}]}},"_links":{"self":[{"href":"https:\/\/kosovatimes.info\/index.php\/wp-json\/wp\/v2\/posts\/30868","targetHints":{"allow":["GET"]}}],"collection":[{"href":"https:\/\/kosovatimes.info\/index.php\/wp-json\/wp\/v2\/posts"}],"about":[{"href":"https:\/\/kosovatimes.info\/index.php\/wp-json\/wp\/v2\/types\/post"}],"author":[{"embeddable":true,"href":"https:\/\/kosovatimes.info\/index.php\/wp-json\/wp\/v2\/users\/4"}],"replies":[{"embeddable":true,"href":"https:\/\/kosovatimes.info\/index.php\/wp-json\/wp\/v2\/comments?post=30868"}],"version-history":[{"count":2,"href":"https:\/\/kosovatimes.info\/index.php\/wp-json\/wp\/v2\/posts\/30868\/revisions"}],"predecessor-version":[{"id":30871,"href":"https:\/\/kosovatimes.info\/index.php\/wp-json\/wp\/v2\/posts\/30868\/revisions\/30871"}],"wp:featuredmedia":[{"embeddable":true,"href":"https:\/\/kosovatimes.info\/index.php\/wp-json\/wp\/v2\/media\/30869"}],"wp:attachment":[{"href":"https:\/\/kosovatimes.info\/index.php\/wp-json\/wp\/v2\/media?parent=30868"}],"wp:term":[{"taxonomy":"category","embeddable":true,"href":"https:\/\/kosovatimes.info\/index.php\/wp-json\/wp\/v2\/categories?post=30868"},{"taxonomy":"post_tag","embeddable":true,"href":"https:\/\/kosovatimes.info\/index.php\/wp-json\/wp\/v2\/tags?post=30868"}],"curies":[{"name":"wp","href":"https:\/\/api.w.org\/{rel}","templated":true}]}}