{"id":30872,"date":"2026-09-04T11:42:59","date_gmt":"2026-09-04T09:42:59","guid":{"rendered":"https:\/\/kosovatimes.info\/?p=30872"},"modified":"2026-09-04T11:43:01","modified_gmt":"2026-09-04T09:43:01","slug":"ai-rrembeu-ish-te-dashuren-e-tij-e-futi-ne-bagazh-dhe-e-hodhi-nga-nje-ure","status":"publish","type":"post","link":"https:\/\/kosovatimes.info\/index.php\/2026\/09\/04\/ai-rrembeu-ish-te-dashuren-e-tij-e-futi-ne-bagazh-dhe-e-hodhi-nga-nje-ure\/","title":{"rendered":"Ai rr\u00ebmbeu ish-t\u00eb dashur\u00ebn e tij, e futi n\u00eb bagazh dhe e hodhi nga nj\u00eb ur\u00eb"},"content":{"rendered":"\n<p class=\"wp-block-paragraph\">Lorena Ischeri, 45 vje\u00e7, arriti t\u00eb telefononte 911 nd\u00ebrsa ishte e mbyllur n\u00eb bagazhin e makin\u00ebs s\u00eb saj. M\u00eb von\u00eb ajo u gjet e vdekur n\u00ebn nj\u00eb viadukt, s\u00eb bashku me ish-partnerin e saj 36-vje\u00e7ar.<\/p>\n\n\n\n<p class=\"wp-block-paragraph\">Nj\u00eb rast&nbsp;<a href=\"https:\/\/www.kathimerini.gr\/tag\/gynaikoktonia\/\" target=\"_blank\" rel=\"noopener\">femicidi<\/a>&nbsp;q\u00eb p\u00ebrfshin nj\u00eb grua 45-vje\u00e7are po hetohet nga autoritetet italiane n\u00eb Firence, duke u p\u00ebrpjekur t\u00eb rind\u00ebrtojn\u00eb minut\u00eb pas minute ngjarjet q\u00eb \u00e7uan n\u00eb&nbsp;<strong>vdekjen<\/strong>&nbsp;e Lorena Ischeri dhe&nbsp;<strong>vet\u00ebvrasjen<\/strong>&nbsp;e ish-partnerit t\u00eb saj, Federico Vela.<\/p>\n\n\n\n<p class=\"wp-block-paragraph\">Sipas asaj q\u00eb ka dal\u00eb deri m\u00eb tani nga hetimi i \u00e7\u00ebshtjes q\u00eb ka tronditur vendin fqinj, 36-vje\u00e7ari dyshohet se&nbsp;<strong>i ka z\u00ebn\u00eb prit\u00eb<\/strong>&nbsp;ish-partneres s\u00eb tij n\u00eb garazhin e sht\u00ebpis\u00eb s\u00eb saj,&nbsp;<strong>e ka rr\u00ebmbyer<\/strong>&nbsp;dhe m\u00eb pas&nbsp;<strong>e ka mbyllur n\u00eb bagazhin<\/strong>&nbsp;e makin\u00ebs s\u00eb tij. Ai ka ndjekur nj\u00eb rrug\u00eb q\u00eb p\u00ebrfundonte te viadukti Lora n\u00eb autostrad\u00ebn A1, nga ku e ka hedhur n\u00eb boshll\u00ebk. Pak m\u00eb pas, Vela i ka dh\u00ebn\u00eb fund jet\u00ebs s\u00eb tij,&nbsp;<strong>duke r\u00ebn\u00eb nga e nj\u00ebjta pik\u00eb<\/strong>&nbsp;.<\/p>\n\n\n\n<h2 class=\"wp-block-heading\">Prita n\u00eb garazh<\/h2>\n\n\n\n<p class=\"wp-block-paragraph\">Lorena Ischeri punonte si drejtuese e nj\u00eb kompanie n\u00eb Italin\u00eb veriore. Lidhja e saj me 36-vje\u00e7arin duket se&nbsp;<strong>ka mbaruar<\/strong>&nbsp;s\u00eb fundmi, si\u00e7 duket qart\u00eb nga postimet q\u00eb ai kishte b\u00ebr\u00eb n\u00eb rrjetet sociale.<\/p>\n\n\n\n<p class=\"wp-block-paragraph\">Hetimet deri m\u00eb tani kan\u00eb \u00e7uar n\u00eb vler\u00ebsimin se&nbsp;<strong>Vela po e priste 45-vje\u00e7aren n\u00eb garazhin e sht\u00ebpis\u00eb s\u00eb saj<\/strong>&nbsp;. Atje, ai dyshohet se e&nbsp;<strong>sulmoi<\/strong>&nbsp;dhe m\u00eb pas&nbsp;<strong>e mbylli n\u00eb bagazh<\/strong>&nbsp;, p\u00ebrpara se t\u00eb largohej me makin\u00eb. Autoritetet nuk kan\u00eb p\u00ebrcaktuar ende se cili ishte destinacioni i tij p\u00ebrfundimtar.<\/p>\n\n\n\n<figure class=\"wp-block-embed is-type-rich is-provider-x wp-block-embed-x\"><div class=\"wp-block-embed__wrapper\">\n<blockquote class=\"twitter-tweet\" data-width=\"550\" data-dnt=\"true\"><p lang=\"it\" dir=\"ltr\">La fuga e l\u2019orrore: Lorena Isceri rapita dall&#39;ex e poi gettata viva dal cavalcavia dell&#39;A1 <a href=\"https:\/\/t.co\/AqcOgd6mI1\">https:\/\/t.co\/AqcOgd6mI1<\/a><\/p>&mdash; Corriere della Sera (@Corriere) <a href=\"https:\/\/x.com\/Corriere\/status\/2095756113585025436?ref_src=twsrc%5Etfw\">September 4, 2026<\/a><\/blockquote><script async src=\"https:\/\/platform.x.com\/widgets.js\" charset=\"utf-8\"><\/script>\n<\/div><\/figure>\n\n\n\n<h2 class=\"wp-block-heading\">Thirrja n\u00eb 112<\/h2>\n\n\n\n<p class=\"wp-block-paragraph\">Sipas Agjencis\u00eb Italiane t\u00eb Lajmeve (ANSA), 36-vje\u00e7ari kishte l\u00ebn\u00eb \u00e7ant\u00ebn e shpin\u00ebs, e cila p\u00ebrmbante edhe telefonin&nbsp;<strong>celular<\/strong>&nbsp;, n\u00eb bagazh.<\/p>\n\n\n\n<p class=\"wp-block-paragraph\">Lorena arriti ta gjente pajisjen dhe t\u00eb th\u00ebrriste p\u00ebr ndihm\u00eb. Thuhet se ajo&nbsp;<strong>kontaktoi si numrin 112 ashtu edhe nj\u00eb shoqe<\/strong>&nbsp;, duke dh\u00ebn\u00eb k\u00ebshtu sinjalin e par\u00eb paralajm\u00ebrues p\u00ebr at\u00eb q\u00eb po ndodhte.<\/p>\n\n\n\n<p class=\"wp-block-paragraph\">Vela&nbsp;<strong>e kuptoi<\/strong>&nbsp;n\u00eb nj\u00eb moment se gruaja kishte p\u00ebrdorur telefonin e tij. Sipas rind\u00ebrtimit t\u00eb ngjarjeve deri m\u00eb tani, ai e ndaloi automjetin dhe&nbsp;<strong>ia rr\u00ebmbeu pajisjen<\/strong>&nbsp;. Nd\u00ebrkoh\u00eb, dhoma e operacioneve t\u00eb policis\u00eb s\u00eb Firences kishte dh\u00ebn\u00eb tashm\u00eb&nbsp;<strong>nj\u00eb urdh\u00ebr p\u00ebr t\u00eb gjetur makin\u00ebn<\/strong>&nbsp;n\u00eb rrjetin rrugor.<\/p>\n\n\n\n<figure class=\"wp-block-embed is-type-rich is-provider-x wp-block-embed-x\"><div class=\"wp-block-embed__wrapper\">\n<blockquote class=\"twitter-tweet\" data-width=\"550\" data-dnt=\"true\"><p lang=\"it\" dir=\"ltr\">\ud83d\udd35<a href=\"https:\/\/x.com\/hashtag\/Firenze?src=hash&amp;ref_src=twsrc%5Etfw\">#Firenze<\/a> Rapisce l\u2019ex nella sua abitazione, la chiude nel bagagliaio e la getta nel vuoto dal cavalcavia. Subito dopo si \u00e8 lanciato anche lui. Lei, Lorena Isceri, 46anni, aveva chiesto aiuto al 112. L\u2019autore, Federico Vella, 36anni, nel suo ultimo post \u201cAddio a tutti\u201d. <a href=\"https:\/\/t.co\/IFINNZ3L5v\">pic.twitter.com\/IFINNZ3L5v<\/a><\/p>&mdash; Rai Radio1 (@Radio1Rai) <a href=\"https:\/\/x.com\/Radio1Rai\/status\/2095754491551240598?ref_src=twsrc%5Etfw\">September 4, 2026<\/a><\/blockquote><script async src=\"https:\/\/platform.x.com\/widgets.js\" charset=\"utf-8\"><\/script>\n<\/div><\/figure>\n\n\n\n<p class=\"wp-block-paragraph\"><strong>Nj\u00eb makin\u00eb policie arriti t\u00eb mb\u00ebrrinte n\u00eb vendngjarje<\/strong>&nbsp;, por duket se ishte tep\u00ebr von\u00eb. Kur mb\u00ebrriti policia, 36-vje\u00e7ari ishte n\u00eb buz\u00eb t\u00eb ur\u00ebs. Policia u p\u00ebrpoq t&#8217;i afrohej, nd\u00ebrsa, sipas ANSA-s, ai po b\u00ebrtiste fraza t\u00eb pap\u00ebrputhshme. M\u00eb pas ai&nbsp;<strong>ra n\u00eb boshll\u00ebk<\/strong>&nbsp;.<\/p>\n\n\n\n<p class=\"wp-block-paragraph\">Trupi i Velas u&nbsp;<strong>gjet<\/strong>&nbsp;fillimisht n\u00eb zon\u00ebn posht\u00eb viaduktit , dhe pak m\u00eb von\u00eb, pak m\u00eb larg, ai i 45-vje\u00e7ares.<\/p>\n\n\n\n<p class=\"wp-block-paragraph\">Nj\u00eb nga \u00e7\u00ebshtjet kryesore q\u00eb autoritetet italiane duhet t\u00eb sqarojn\u00eb tani \u00ebsht\u00eb n\u00ebse Lorena Ischeri&nbsp;<strong>ishte ende gjall\u00eb<\/strong>&nbsp;n\u00eb momentin kur ra nga viadukti.<\/p>\n\n\n\n<p class=\"wp-block-paragraph\">Prokuroria ka urdh\u00ebruar tashm\u00eb nj\u00eb autopsi, nga e cila priten p\u00ebrgjigje kritike n\u00eb lidhje me koh\u00ebn dhe shkakun e sakt\u00eb t\u00eb vdekjes s\u00eb saj.<\/p>\n\n\n\n<h2 class=\"wp-block-heading\">Mesazhi i fundit n\u00eb Instagram<\/h2>\n\n\n\n<p class=\"wp-block-paragraph\">Nj\u00eb pjes\u00eb e r\u00ebnd\u00ebsishme e hetimit ka t\u00eb b\u00ebj\u00eb edhe me postimet e 36-vje\u00e7arit n\u00eb rrjetet sociale, pasi duket se&nbsp;<strong>ai po kishte v\u00ebshtir\u00ebsi t\u00eb pranonte fundin e marr\u00ebdh\u00ebnies<\/strong>&nbsp;.<\/p>\n\n\n\n<p class=\"wp-block-paragraph\">Pak para vdekjes s\u00eb tij, ai postoi mesazhin &#8220;Mirupafshim t\u00eb gjith\u00ebve&#8221; n\u00eb Instagram.<\/p>\n\n\n\n<p class=\"wp-block-paragraph\">Q\u00eb m\u00eb 12 gusht, ai kishte publikuar nj\u00eb video me foto t\u00eb p\u00ebrbashk\u00ebta t\u00eb \u00e7iftit dhe nj\u00eb mesazh n\u00eb t\u00eb cilin fliste p\u00ebr gruan q\u00eb e kishte dashur dhe humbur &#8220;p\u00ebr shkak t\u00eb marr\u00ebzis\u00eb s\u00eb tij&#8221;, duke n\u00ebnkuptuar se ende ndihej i lidhur me t\u00eb pavar\u00ebsisht ndarjes.<\/p>\n\n\n\n<p class=\"wp-block-paragraph\">Autoritetet tani po p\u00ebrpiqen t\u00eb p\u00ebrcaktojn\u00eb n\u00ebse k\u00ebto postime specifike, n\u00eb kombinim me gjetjet e tjera dixhitale, mund t\u00eb hedhin drit\u00eb mbi planifikimin dhe motivet e sulmit.<\/p>\n\n\n\n<p class=\"wp-block-paragraph\"><em>Me informacion nga ANSA<\/em><\/p>\n","protected":false},"excerpt":{"rendered":"<p>Lorena Ischeri, 45 vje\u00e7, arriti t\u00eb telefononte 911 nd\u00ebrsa ishte e mbyllur n\u00eb bagazhin e makin\u00ebs s\u00eb saj. M\u00eb von\u00eb ajo u gjet e vdekur n\u00ebn nj\u00eb viadukt, s\u00eb bashku me ish-partnerin e saj 36-vje\u00e7ar. Nj\u00eb rast&nbsp;femicidi&nbsp;q\u00eb p\u00ebrfshin nj\u00eb grua 45-vje\u00e7are po hetohet nga autoritetet italiane n\u00eb Firence, duke u p\u00ebrpjekur t\u00eb rind\u00ebrtojn\u00eb minut\u00eb pas [&hellip;]<\/p>\n","protected":false},"author":4,"featured_media":30873,"comment_status":"open","ping_status":"open","sticky":false,"template":"","format":"standard","meta":{"footnotes":""},"categories":[33,30],"tags":[],"class_list":["post-30872","post","type-post","status-publish","format-standard","has-post-thumbnail","category-bote","category-lajme"],"yoast_head":"<!-- This site is optimized with the Yoast SEO plugin v27.4 - https:\/\/yoast.com\/product\/yoast-seo-wordpress\/ -->\n<title>Ai rr\u00ebmbeu ish-t\u00eb dashur\u00ebn e tij, e futi n\u00eb bagazh dhe e hodhi nga nj\u00eb ur\u00eb - Kosova Times<\/title>\n<meta name=\"robots\" content=\"index, follow, max-snippet:-1, max-image-preview:large, max-video-preview:-1\" \/>\n<link rel=\"canonical\" href=\"https:\/\/kosovatimes.info\/index.php\/2026\/09\/04\/ai-rrembeu-ish-te-dashuren-e-tij-e-futi-ne-bagazh-dhe-e-hodhi-nga-nje-ure\/\" \/>\n<meta property=\"og:locale\" content=\"en_US\" \/>\n<meta property=\"og:type\" content=\"article\" \/>\n<meta property=\"og:title\" content=\"Ai rr\u00ebmbeu ish-t\u00eb dashur\u00ebn e tij, e futi n\u00eb bagazh dhe e hodhi nga nj\u00eb ur\u00eb - Kosova Times\" \/>\n<meta property=\"og:description\" content=\"Lorena Ischeri, 45 vje\u00e7, arriti t\u00eb telefononte 911 nd\u00ebrsa ishte e mbyllur n\u00eb bagazhin e makin\u00ebs s\u00eb saj. M\u00eb von\u00eb ajo u gjet e vdekur n\u00ebn nj\u00eb viadukt, s\u00eb bashku me ish-partnerin e saj 36-vje\u00e7ar. Nj\u00eb rast&nbsp;femicidi&nbsp;q\u00eb p\u00ebrfshin nj\u00eb grua 45-vje\u00e7are po hetohet nga autoritetet italiane n\u00eb Firence, duke u p\u00ebrpjekur t\u00eb rind\u00ebrtojn\u00eb minut\u00eb pas [&hellip;]\" \/>\n<meta property=\"og:url\" content=\"https:\/\/kosovatimes.info\/index.php\/2026\/09\/04\/ai-rrembeu-ish-te-dashuren-e-tij-e-futi-ne-bagazh-dhe-e-hodhi-nga-nje-ure\/\" \/>\n<meta property=\"og:site_name\" content=\"Kosova Times\" \/>\n<meta property=\"article:published_time\" content=\"2026-09-04T09:42:59+00:00\" \/>\n<meta property=\"article:modified_time\" content=\"2026-09-04T09:43:01+00:00\" \/>\n<meta property=\"og:image\" content=\"https:\/\/kosovatimes.info\/wp-content\/uploads\/2026\/09\/Lorena.jpg\" \/>\n\t<meta property=\"og:image:width\" content=\"2560\" \/>\n\t<meta property=\"og:image:height\" content=\"1440\" \/>\n\t<meta property=\"og:image:type\" content=\"image\/jpeg\" \/>\n<meta name=\"author\" content=\"i l\" \/>\n<meta name=\"twitter:card\" content=\"summary_large_image\" \/>\n<meta name=\"twitter:label1\" content=\"Written by\" \/>\n\t<meta name=\"twitter:data1\" content=\"i l\" \/>\n\t<meta name=\"twitter:label2\" content=\"Est. reading time\" \/>\n\t<meta name=\"twitter:data2\" content=\"3 minutes\" \/>\n<script type=\"application\/ld+json\" class=\"yoast-schema-graph\">{\"@context\":\"https:\\\/\\\/schema.org\",\"@graph\":[{\"@type\":\"Article\",\"@id\":\"https:\\\/\\\/kosovatimes.info\\\/index.php\\\/2026\\\/09\\\/04\\\/ai-rrembeu-ish-te-dashuren-e-tij-e-futi-ne-bagazh-dhe-e-hodhi-nga-nje-ure\\\/#article\",\"isPartOf\":{\"@id\":\"https:\\\/\\\/kosovatimes.info\\\/index.php\\\/2026\\\/09\\\/04\\\/ai-rrembeu-ish-te-dashuren-e-tij-e-futi-ne-bagazh-dhe-e-hodhi-nga-nje-ure\\\/\"},\"author\":{\"name\":\"i l\",\"@id\":\"https:\\\/\\\/kosovatimes.info\\\/#\\\/schema\\\/person\\\/7586712b9c512fe68085de007378c915\"},\"headline\":\"Ai rr\u00ebmbeu ish-t\u00eb dashur\u00ebn e tij, e futi n\u00eb bagazh dhe e hodhi nga nj\u00eb ur\u00eb\",\"datePublished\":\"2026-09-04T09:42:59+00:00\",\"dateModified\":\"2026-09-04T09:43:01+00:00\",\"mainEntityOfPage\":{\"@id\":\"https:\\\/\\\/kosovatimes.info\\\/index.php\\\/2026\\\/09\\\/04\\\/ai-rrembeu-ish-te-dashuren-e-tij-e-futi-ne-bagazh-dhe-e-hodhi-nga-nje-ure\\\/\"},\"wordCount\":807,\"commentCount\":0,\"image\":{\"@id\":\"https:\\\/\\\/kosovatimes.info\\\/index.php\\\/2026\\\/09\\\/04\\\/ai-rrembeu-ish-te-dashuren-e-tij-e-futi-ne-bagazh-dhe-e-hodhi-nga-nje-ure\\\/#primaryimage\"},\"thumbnailUrl\":\"https:\\\/\\\/kosovatimes.info\\\/wp-content\\\/uploads\\\/2026\\\/09\\\/Lorena.jpg\",\"articleSection\":[\"Bot\u00eb\",\"Lajme\"],\"inLanguage\":\"en-US\",\"potentialAction\":[{\"@type\":\"CommentAction\",\"name\":\"Comment\",\"target\":[\"https:\\\/\\\/kosovatimes.info\\\/index.php\\\/2026\\\/09\\\/04\\\/ai-rrembeu-ish-te-dashuren-e-tij-e-futi-ne-bagazh-dhe-e-hodhi-nga-nje-ure\\\/#respond\"]}]},{\"@type\":\"WebPage\",\"@id\":\"https:\\\/\\\/kosovatimes.info\\\/index.php\\\/2026\\\/09\\\/04\\\/ai-rrembeu-ish-te-dashuren-e-tij-e-futi-ne-bagazh-dhe-e-hodhi-nga-nje-ure\\\/\",\"url\":\"https:\\\/\\\/kosovatimes.info\\\/index.php\\\/2026\\\/09\\\/04\\\/ai-rrembeu-ish-te-dashuren-e-tij-e-futi-ne-bagazh-dhe-e-hodhi-nga-nje-ure\\\/\",\"name\":\"Ai rr\u00ebmbeu ish-t\u00eb dashur\u00ebn e tij, e futi n\u00eb bagazh dhe e hodhi nga nj\u00eb ur\u00eb - Kosova Times\",\"isPartOf\":{\"@id\":\"https:\\\/\\\/kosovatimes.info\\\/#website\"},\"primaryImageOfPage\":{\"@id\":\"https:\\\/\\\/kosovatimes.info\\\/index.php\\\/2026\\\/09\\\/04\\\/ai-rrembeu-ish-te-dashuren-e-tij-e-futi-ne-bagazh-dhe-e-hodhi-nga-nje-ure\\\/#primaryimage\"},\"image\":{\"@id\":\"https:\\\/\\\/kosovatimes.info\\\/index.php\\\/2026\\\/09\\\/04\\\/ai-rrembeu-ish-te-dashuren-e-tij-e-futi-ne-bagazh-dhe-e-hodhi-nga-nje-ure\\\/#primaryimage\"},\"thumbnailUrl\":\"https:\\\/\\\/kosovatimes.info\\\/wp-content\\\/uploads\\\/2026\\\/09\\\/Lorena.jpg\",\"datePublished\":\"2026-09-04T09:42:59+00:00\",\"dateModified\":\"2026-09-04T09:43:01+00:00\",\"author\":{\"@id\":\"https:\\\/\\\/kosovatimes.info\\\/#\\\/schema\\\/person\\\/7586712b9c512fe68085de007378c915\"},\"breadcrumb\":{\"@id\":\"https:\\\/\\\/kosovatimes.info\\\/index.php\\\/2026\\\/09\\\/04\\\/ai-rrembeu-ish-te-dashuren-e-tij-e-futi-ne-bagazh-dhe-e-hodhi-nga-nje-ure\\\/#breadcrumb\"},\"inLanguage\":\"en-US\",\"potentialAction\":[{\"@type\":\"ReadAction\",\"target\":[\"https:\\\/\\\/kosovatimes.info\\\/index.php\\\/2026\\\/09\\\/04\\\/ai-rrembeu-ish-te-dashuren-e-tij-e-futi-ne-bagazh-dhe-e-hodhi-nga-nje-ure\\\/\"]}]},{\"@type\":\"ImageObject\",\"inLanguage\":\"en-US\",\"@id\":\"https:\\\/\\\/kosovatimes.info\\\/index.php\\\/2026\\\/09\\\/04\\\/ai-rrembeu-ish-te-dashuren-e-tij-e-futi-ne-bagazh-dhe-e-hodhi-nga-nje-ure\\\/#primaryimage\",\"url\":\"https:\\\/\\\/kosovatimes.info\\\/wp-content\\\/uploads\\\/2026\\\/09\\\/Lorena.jpg\",\"contentUrl\":\"https:\\\/\\\/kosovatimes.info\\\/wp-content\\\/uploads\\\/2026\\\/09\\\/Lorena.jpg\",\"width\":2560,\"height\":1440},{\"@type\":\"BreadcrumbList\",\"@id\":\"https:\\\/\\\/kosovatimes.info\\\/index.php\\\/2026\\\/09\\\/04\\\/ai-rrembeu-ish-te-dashuren-e-tij-e-futi-ne-bagazh-dhe-e-hodhi-nga-nje-ure\\\/#breadcrumb\",\"itemListElement\":[{\"@type\":\"ListItem\",\"position\":1,\"name\":\"Home\",\"item\":\"https:\\\/\\\/kosovatimes.info\\\/\"},{\"@type\":\"ListItem\",\"position\":2,\"name\":\"Ai rr\u00ebmbeu ish-t\u00eb dashur\u00ebn e tij, e futi n\u00eb bagazh dhe e hodhi nga nj\u00eb ur\u00eb\"}]},{\"@type\":\"WebSite\",\"@id\":\"https:\\\/\\\/kosovatimes.info\\\/#website\",\"url\":\"https:\\\/\\\/kosovatimes.info\\\/\",\"name\":\"Kosova Times\",\"description\":\"\",\"potentialAction\":[{\"@type\":\"SearchAction\",\"target\":{\"@type\":\"EntryPoint\",\"urlTemplate\":\"https:\\\/\\\/kosovatimes.info\\\/?s={search_term_string}\"},\"query-input\":{\"@type\":\"PropertyValueSpecification\",\"valueRequired\":true,\"valueName\":\"search_term_string\"}}],\"inLanguage\":\"en-US\"},{\"@type\":\"Person\",\"@id\":\"https:\\\/\\\/kosovatimes.info\\\/#\\\/schema\\\/person\\\/7586712b9c512fe68085de007378c915\",\"name\":\"i l\",\"image\":{\"@type\":\"ImageObject\",\"inLanguage\":\"en-US\",\"@id\":\"https:\\\/\\\/secure.gravatar.com\\\/avatar\\\/bad9296e02816160ae2e2435beda58222022298d5625d49fea74d18816fbb31d?s=96&d=mm&r=g\",\"url\":\"https:\\\/\\\/secure.gravatar.com\\\/avatar\\\/bad9296e02816160ae2e2435beda58222022298d5625d49fea74d18816fbb31d?s=96&d=mm&r=g\",\"contentUrl\":\"https:\\\/\\\/secure.gravatar.com\\\/avatar\\\/bad9296e02816160ae2e2435beda58222022298d5625d49fea74d18816fbb31d?s=96&d=mm&r=g\",\"caption\":\"i l\"},\"url\":\"https:\\\/\\\/kosovatimes.info\\\/index.php\\\/author\\\/iliri\\\/\"}]}<\/script>\n<!-- \/ Yoast SEO plugin. -->","yoast_head_json":{"title":"Ai rr\u00ebmbeu ish-t\u00eb dashur\u00ebn e tij, e futi n\u00eb bagazh dhe e hodhi nga nj\u00eb ur\u00eb - Kosova Times","robots":{"index":"index","follow":"follow","max-snippet":"max-snippet:-1","max-image-preview":"max-image-preview:large","max-video-preview":"max-video-preview:-1"},"canonical":"https:\/\/kosovatimes.info\/index.php\/2026\/09\/04\/ai-rrembeu-ish-te-dashuren-e-tij-e-futi-ne-bagazh-dhe-e-hodhi-nga-nje-ure\/","og_locale":"en_US","og_type":"article","og_title":"Ai rr\u00ebmbeu ish-t\u00eb dashur\u00ebn e tij, e futi n\u00eb bagazh dhe e hodhi nga nj\u00eb ur\u00eb - Kosova Times","og_description":"Lorena Ischeri, 45 vje\u00e7, arriti t\u00eb telefononte 911 nd\u00ebrsa ishte e mbyllur n\u00eb bagazhin e makin\u00ebs s\u00eb saj. M\u00eb von\u00eb ajo u gjet e vdekur n\u00ebn nj\u00eb viadukt, s\u00eb bashku me ish-partnerin e saj 36-vje\u00e7ar. Nj\u00eb rast&nbsp;femicidi&nbsp;q\u00eb p\u00ebrfshin nj\u00eb grua 45-vje\u00e7are po hetohet nga autoritetet italiane n\u00eb Firence, duke u p\u00ebrpjekur t\u00eb rind\u00ebrtojn\u00eb minut\u00eb pas [&hellip;]","og_url":"https:\/\/kosovatimes.info\/index.php\/2026\/09\/04\/ai-rrembeu-ish-te-dashuren-e-tij-e-futi-ne-bagazh-dhe-e-hodhi-nga-nje-ure\/","og_site_name":"Kosova Times","article_published_time":"2026-09-04T09:42:59+00:00","article_modified_time":"2026-09-04T09:43:01+00:00","og_image":[{"width":2560,"height":1440,"url":"https:\/\/kosovatimes.info\/wp-content\/uploads\/2026\/09\/Lorena.jpg","type":"image\/jpeg"}],"author":"i l","twitter_card":"summary_large_image","twitter_misc":{"Written by":"i l","Est. reading time":"3 minutes"},"schema":{"@context":"https:\/\/schema.org","@graph":[{"@type":"Article","@id":"https:\/\/kosovatimes.info\/index.php\/2026\/09\/04\/ai-rrembeu-ish-te-dashuren-e-tij-e-futi-ne-bagazh-dhe-e-hodhi-nga-nje-ure\/#article","isPartOf":{"@id":"https:\/\/kosovatimes.info\/index.php\/2026\/09\/04\/ai-rrembeu-ish-te-dashuren-e-tij-e-futi-ne-bagazh-dhe-e-hodhi-nga-nje-ure\/"},"author":{"name":"i l","@id":"https:\/\/kosovatimes.info\/#\/schema\/person\/7586712b9c512fe68085de007378c915"},"headline":"Ai rr\u00ebmbeu ish-t\u00eb dashur\u00ebn e tij, e futi n\u00eb bagazh dhe e hodhi nga nj\u00eb ur\u00eb","datePublished":"2026-09-04T09:42:59+00:00","dateModified":"2026-09-04T09:43:01+00:00","mainEntityOfPage":{"@id":"https:\/\/kosovatimes.info\/index.php\/2026\/09\/04\/ai-rrembeu-ish-te-dashuren-e-tij-e-futi-ne-bagazh-dhe-e-hodhi-nga-nje-ure\/"},"wordCount":807,"commentCount":0,"image":{"@id":"https:\/\/kosovatimes.info\/index.php\/2026\/09\/04\/ai-rrembeu-ish-te-dashuren-e-tij-e-futi-ne-bagazh-dhe-e-hodhi-nga-nje-ure\/#primaryimage"},"thumbnailUrl":"https:\/\/kosovatimes.info\/wp-content\/uploads\/2026\/09\/Lorena.jpg","articleSection":["Bot\u00eb","Lajme"],"inLanguage":"en-US","potentialAction":[{"@type":"CommentAction","name":"Comment","target":["https:\/\/kosovatimes.info\/index.php\/2026\/09\/04\/ai-rrembeu-ish-te-dashuren-e-tij-e-futi-ne-bagazh-dhe-e-hodhi-nga-nje-ure\/#respond"]}]},{"@type":"WebPage","@id":"https:\/\/kosovatimes.info\/index.php\/2026\/09\/04\/ai-rrembeu-ish-te-dashuren-e-tij-e-futi-ne-bagazh-dhe-e-hodhi-nga-nje-ure\/","url":"https:\/\/kosovatimes.info\/index.php\/2026\/09\/04\/ai-rrembeu-ish-te-dashuren-e-tij-e-futi-ne-bagazh-dhe-e-hodhi-nga-nje-ure\/","name":"Ai rr\u00ebmbeu ish-t\u00eb dashur\u00ebn e tij, e futi n\u00eb bagazh dhe e hodhi nga nj\u00eb ur\u00eb - Kosova Times","isPartOf":{"@id":"https:\/\/kosovatimes.info\/#website"},"primaryImageOfPage":{"@id":"https:\/\/kosovatimes.info\/index.php\/2026\/09\/04\/ai-rrembeu-ish-te-dashuren-e-tij-e-futi-ne-bagazh-dhe-e-hodhi-nga-nje-ure\/#primaryimage"},"image":{"@id":"https:\/\/kosovatimes.info\/index.php\/2026\/09\/04\/ai-rrembeu-ish-te-dashuren-e-tij-e-futi-ne-bagazh-dhe-e-hodhi-nga-nje-ure\/#primaryimage"},"thumbnailUrl":"https:\/\/kosovatimes.info\/wp-content\/uploads\/2026\/09\/Lorena.jpg","datePublished":"2026-09-04T09:42:59+00:00","dateModified":"2026-09-04T09:43:01+00:00","author":{"@id":"https:\/\/kosovatimes.info\/#\/schema\/person\/7586712b9c512fe68085de007378c915"},"breadcrumb":{"@id":"https:\/\/kosovatimes.info\/index.php\/2026\/09\/04\/ai-rrembeu-ish-te-dashuren-e-tij-e-futi-ne-bagazh-dhe-e-hodhi-nga-nje-ure\/#breadcrumb"},"inLanguage":"en-US","potentialAction":[{"@type":"ReadAction","target":["https:\/\/kosovatimes.info\/index.php\/2026\/09\/04\/ai-rrembeu-ish-te-dashuren-e-tij-e-futi-ne-bagazh-dhe-e-hodhi-nga-nje-ure\/"]}]},{"@type":"ImageObject","inLanguage":"en-US","@id":"https:\/\/kosovatimes.info\/index.php\/2026\/09\/04\/ai-rrembeu-ish-te-dashuren-e-tij-e-futi-ne-bagazh-dhe-e-hodhi-nga-nje-ure\/#primaryimage","url":"https:\/\/kosovatimes.info\/wp-content\/uploads\/2026\/09\/Lorena.jpg","contentUrl":"https:\/\/kosovatimes.info\/wp-content\/uploads\/2026\/09\/Lorena.jpg","width":2560,"height":1440},{"@type":"BreadcrumbList","@id":"https:\/\/kosovatimes.info\/index.php\/2026\/09\/04\/ai-rrembeu-ish-te-dashuren-e-tij-e-futi-ne-bagazh-dhe-e-hodhi-nga-nje-ure\/#breadcrumb","itemListElement":[{"@type":"ListItem","position":1,"name":"Home","item":"https:\/\/kosovatimes.info\/"},{"@type":"ListItem","position":2,"name":"Ai rr\u00ebmbeu ish-t\u00eb dashur\u00ebn e tij, e futi n\u00eb bagazh dhe e hodhi nga nj\u00eb ur\u00eb"}]},{"@type":"WebSite","@id":"https:\/\/kosovatimes.info\/#website","url":"https:\/\/kosovatimes.info\/","name":"Kosova Times","description":"","potentialAction":[{"@type":"SearchAction","target":{"@type":"EntryPoint","urlTemplate":"https:\/\/kosovatimes.info\/?s={search_term_string}"},"query-input":{"@type":"PropertyValueSpecification","valueRequired":true,"valueName":"search_term_string"}}],"inLanguage":"en-US"},{"@type":"Person","@id":"https:\/\/kosovatimes.info\/#\/schema\/person\/7586712b9c512fe68085de007378c915","name":"i l","image":{"@type":"ImageObject","inLanguage":"en-US","@id":"https:\/\/secure.gravatar.com\/avatar\/bad9296e02816160ae2e2435beda58222022298d5625d49fea74d18816fbb31d?s=96&d=mm&r=g","url":"https:\/\/secure.gravatar.com\/avatar\/bad9296e02816160ae2e2435beda58222022298d5625d49fea74d18816fbb31d?s=96&d=mm&r=g","contentUrl":"https:\/\/secure.gravatar.com\/avatar\/bad9296e02816160ae2e2435beda58222022298d5625d49fea74d18816fbb31d?s=96&d=mm&r=g","caption":"i l"},"url":"https:\/\/kosovatimes.info\/index.php\/author\/iliri\/"}]}},"_links":{"self":[{"href":"https:\/\/kosovatimes.info\/index.php\/wp-json\/wp\/v2\/posts\/30872","targetHints":{"allow":["GET"]}}],"collection":[{"href":"https:\/\/kosovatimes.info\/index.php\/wp-json\/wp\/v2\/posts"}],"about":[{"href":"https:\/\/kosovatimes.info\/index.php\/wp-json\/wp\/v2\/types\/post"}],"author":[{"embeddable":true,"href":"https:\/\/kosovatimes.info\/index.php\/wp-json\/wp\/v2\/users\/4"}],"replies":[{"embeddable":true,"href":"https:\/\/kosovatimes.info\/index.php\/wp-json\/wp\/v2\/comments?post=30872"}],"version-history":[{"count":1,"href":"https:\/\/kosovatimes.info\/index.php\/wp-json\/wp\/v2\/posts\/30872\/revisions"}],"predecessor-version":[{"id":30874,"href":"https:\/\/kosovatimes.info\/index.php\/wp-json\/wp\/v2\/posts\/30872\/revisions\/30874"}],"wp:featuredmedia":[{"embeddable":true,"href":"https:\/\/kosovatimes.info\/index.php\/wp-json\/wp\/v2\/media\/30873"}],"wp:attachment":[{"href":"https:\/\/kosovatimes.info\/index.php\/wp-json\/wp\/v2\/media?parent=30872"}],"wp:term":[{"taxonomy":"category","embeddable":true,"href":"https:\/\/kosovatimes.info\/index.php\/wp-json\/wp\/v2\/categories?post=30872"},{"taxonomy":"post_tag","embeddable":true,"href":"https:\/\/kosovatimes.info\/index.php\/wp-json\/wp\/v2\/tags?post=30872"}],"curies":[{"name":"wp","href":"https:\/\/api.w.org\/{rel}","templated":true}]}}