{"id":30875,"date":"2026-09-04T11:47:12","date_gmt":"2026-09-04T09:47:12","guid":{"rendered":"https:\/\/kosovatimes.info\/?p=30875"},"modified":"2026-09-04T11:47:13","modified_gmt":"2026-09-04T09:47:13","slug":"blindohet-selaniku-nje-fortese-me-3500-oficere-policie-drone-dhe-60-skuadra","status":"publish","type":"post","link":"https:\/\/kosovatimes.info\/index.php\/2026\/09\/04\/blindohet-selaniku-nje-fortese-me-3500-oficere-policie-drone-dhe-60-skuadra\/","title":{"rendered":"Blindohet Selaniku nj\u00eb &#8220;fortes\u00eb&#8221; me 3,500 oficer\u00eb policie, dron\u00eb dhe 60 skuadra"},"content":{"rendered":"\n<p class=\"wp-block-paragraph\">Policia&nbsp;<a href=\"https:\/\/www.kathimerini.gr\/tag\/el-as\/\" target=\"_blank\" rel=\"noopener\">Helenike<\/a>&nbsp;\u00ebsht\u00eb n\u00eb&nbsp;<strong>gatishm\u00ebri t\u00eb shtuar operative<\/strong>&nbsp;n\u00eb prag t\u00eb hapjes s\u00eb&nbsp;<a href=\"https:\/\/www.kathimerini.gr\/tag\/deth\/\" target=\"_blank\" rel=\"noopener\">Panairit t\u00eb 90-t\u00eb Nd\u00ebrkomb\u00ebtar t\u00eb Selanikut<\/a>&nbsp;dhe tubimeve t\u00eb planifikuara n\u00eb qytet.<a href=\"https:\/\/www.kathimerini.gr\/tag\/el-as\/\" target=\"_blank\" rel=\"noopener\"><\/a><a href=\"https:\/\/www.kathimerini.gr\/tag\/deth\/\" target=\"_blank\" rel=\"noopener\"><\/a><\/p>\n\n\n\n<p class=\"wp-block-paragraph\">Sipas planit aktual,&nbsp;<strong>m\u00eb shum\u00eb se 3,500 oficer\u00eb policie<\/strong>&nbsp;do t\u00eb marrin pjes\u00eb n\u00eb masat e rendit, siguris\u00eb dhe policis\u00eb rrugore, t\u00eb cil\u00ebt do t\u00eb jen\u00eb t\u00eb vendosur plot\u00ebsisht t\u00eb shtun\u00ebn, dit\u00ebn e fjalimit t\u00eb Kryeministrit.&nbsp;<strong>Forca nga prefekturat fqinje jan\u00eb zhvendosur gjithashtu<\/strong>&nbsp;n\u00eb Selanik , nd\u00ebrsa plani operativ p\u00ebrfshin&nbsp;<strong>af\u00ebrsisht 60 toga t\u00eb Policis\u00eb Komb\u00ebtare<\/strong>&nbsp;dhe sh\u00ebrbimeve t\u00eb tjera p\u00ebrkat\u00ebse.<\/p>\n\n\n\n<p class=\"wp-block-paragraph\"><strong>Oficer\u00ebt e armatosur t\u00eb policis\u00eb speciale do t\u00eb jen\u00eb n\u00eb pikat ky\u00e7e, nd\u00ebrsa&nbsp;<\/strong><strong>Siguria e Shtetit<\/strong>&nbsp;dhe nj\u00ebsit\u00eb e tjera t\u00eb Policis\u00eb Helenike&nbsp;kan\u00eb marr\u00eb role t\u00eb ndara , var\u00ebsisht nga fusha e tyre e p\u00ebrgjegj\u00ebsis\u00eb. Theks i ve\u00e7ant\u00eb i \u00ebsht\u00eb kushtuar&nbsp;<strong>kontrolleve parandaluese para fillimit t\u00eb demonstratave<\/strong>&nbsp;, me q\u00ebllim identifikimin n\u00eb koh\u00eb t\u00eb individ\u00ebve q\u00eb mund t\u00eb mbajn\u00eb objekte q\u00eb mund t\u00eb p\u00ebrdoren n\u00eb incidente.<\/p>\n\n\n\n<figure class=\"wp-block-image is-resized\"><img decoding=\"async\" src=\"https:\/\/www.kathimerini.gr\/wp-content\/uploads\/2026\/09\/5305253-scaled-1-960x540.jpg?1788504200403\" alt=\"TIF i 90-t\u00eb: Selaniku nj\u00eb &quot;fortes\u00eb&quot; me 3,500 oficer\u00eb policie, dron\u00eb dhe 60 skuadra-1\" style=\"aspect-ratio:1.7777777777777777;width:960px;height:auto\"\/><\/figure>\n\n\n\n<p class=\"wp-block-paragraph\">N\u00eb t\u00eb nj\u00ebjt\u00ebn koh\u00eb,&nbsp;<strong>dron\u00ebt do t\u00eb monitorojn\u00eb tubimet nga ajri<\/strong>&nbsp;dhe do t\u00eb transmetojn\u00eb imazhe direkt n\u00eb&nbsp;<strong>Qendr\u00ebn Operacionale<\/strong>&nbsp;, e cila do t\u00eb operoj\u00eb n\u00eb Selin\u00eb Qendrore t\u00eb Policis\u00eb s\u00eb Selanikut. N\u00eb k\u00ebt\u00eb m\u00ebnyr\u00eb, Policia Helenike do t\u00eb ket\u00eb nj\u00eb pamje t\u00eb vazhdueshme t\u00eb l\u00ebvizjes s\u00eb demonstruesve dhe do t\u00eb jet\u00eb n\u00eb gjendje&nbsp;<strong>t\u00eb p\u00ebrshtat\u00eb vendosjen e forcave<\/strong>&nbsp;.<\/p>\n\n\n\n<p class=\"wp-block-paragraph\">Forca t\u00eb forta policore&nbsp;<strong>do t\u00eb vendosen p\u00ebrgjat\u00eb rrug\u00ebve<\/strong>&nbsp;q\u00eb pritet t\u00eb ndjekin marshimet. Kafaze dhe barriera metalike do t\u00eb vendosen rreth qendr\u00ebs s\u00eb konferencave &#8220;I. Vellidis&#8221;, me q\u00ebllim q\u00eb t\u00eb parandalohen protestuesit q\u00eb t&#8217;u afrohen ambienteve t\u00eb TIF-it. Gjithashtu, n\u00eb gatishm\u00ebri do t\u00eb jet\u00eb edhe automjeti me uj\u00eb i Policis\u00eb, n\u00eb m\u00ebnyr\u00eb q\u00eb t\u00eb mund t\u00eb p\u00ebrdoret n\u00ebse vler\u00ebsohet e nevojshme.<\/p>\n\n\n\n<p class=\"wp-block-paragraph\"><strong>Dy prokuror\u00eb<\/strong>&nbsp;do t\u00eb jen\u00eb t\u00eb pranish\u00ebm gjat\u00eb zbatimit t\u00eb masave&nbsp;. Nj\u00ebri do t\u00eb vendoset n\u00eb qend\u00ebr t\u00eb qytetit dhe i dyti n\u00eb Qendr\u00ebn Operacionale t\u00eb Policis\u00eb Helenike.<\/p>\n\n\n\n<h2 class=\"wp-block-heading\">Protestat e planifikuara<\/h2>\n\n\n\n<p class=\"wp-block-paragraph\"><strong>Protestat kan\u00eb filluar tashm\u00eb<\/strong>&nbsp;, me punonj\u00ebsit e spitaleve publike dhe institucioneve sh\u00ebndet\u00ebsore q\u00eb mblidhen n\u00eb &#8220;Ippokrateio&#8221; dhe marshojn\u00eb n\u00eb rrug\u00ebt qendrore.<\/p>\n\n\n\n<p class=\"wp-block-paragraph\"><strong>N\u00eb or\u00ebn 11.00, \u00ebsht\u00eb planifikuar nj\u00eb mbledhje&nbsp;<\/strong><strong>e punonj\u00ebsve t\u00eb EKAB<\/strong>&nbsp;n\u00eb Qendr\u00ebn Mjek\u00ebsore.<\/p>\n\n\n\n<p class=\"wp-block-paragraph\"><strong>N\u00eb or\u00ebn 18:00, federatat e Forcave t\u00eb Siguris\u00eb<\/strong>&nbsp;do t\u00eb mblidhen te Kulla e Bardh\u00eb, nd\u00ebrsa n\u00eb or\u00ebn 18:30, ENITH ka l\u00ebshuar nj\u00eb thirrje p\u00ebr mobilizim te porta e Spitalit &#8220;Papanicolaou&#8221;.<\/p>\n\n\n\n<p class=\"wp-block-paragraph\"><strong>Pjesa m\u00eb e madhe e demonstratave pritet t\u00eb ndodh\u00eb t\u00eb shtun\u00ebn.<\/strong><\/p>\n\n\n\n<p class=\"wp-block-paragraph\"><strong>N\u00eb or\u00ebn 11.30 do t\u00eb zhvillohet nj\u00eb mbledhje e n\u00ebpun\u00ebsve civil\u00eb<\/strong>&nbsp;n\u00eb Ministrin\u00eb e Inxhinieris\u00eb dhe Teknologjis\u00eb,&nbsp;<strong>e m\u00eb pas do t\u00eb mobilizohet Komiteti Panhelenik i Blloqeve<\/strong>&nbsp;n\u00eb Kull\u00ebn e Bardh\u00eb n\u00eb or\u00ebn 17.00.<\/p>\n\n\n\n<p class=\"wp-block-paragraph\"><strong>N\u00eb or\u00ebn 17:30, thirrja e PAME \u00ebsht\u00eb caktuar<\/strong>&nbsp;p\u00ebr n\u00eb Sheshin HANTH, ku \u00ebsht\u00eb planifikuar t\u00eb mblidhen edhe Shoqata e t\u00eb Familjeve t\u00eb Viktimave t\u00eb Tempit dhe organizatat e pensioneve.<\/p>\n\n\n\n<p class=\"wp-block-paragraph\"><strong>Gjysm\u00eb ore m\u00eb von\u00eb, n\u00eb or\u00ebn 18:00, GSEE, EKTH dhe ADEDY do t\u00eb mbajn\u00eb nj\u00eb tubim te Statuja e Venizelosit<\/strong>&nbsp;. N\u00eb t\u00eb nj\u00ebjt\u00ebn koh\u00eb, organizata t\u00eb s\u00eb majt\u00ebs jasht\u00ebparlamentare dhe individ\u00eb nga hap\u00ebsira antiautoritare do t\u00eb mblidhen te Kamara.<\/p>\n\n\n\n<figure class=\"wp-block-image is-resized\"><img decoding=\"async\" src=\"https:\/\/www.kathimerini.gr\/wp-content\/uploads\/2026\/09\/5305250-960x1443.jpg?1788504260092\" alt=\"TIF i 90-t\u00eb: Selaniku nj\u00eb &quot;fortes\u00eb&quot; me 3,500 oficer\u00eb policie, dron\u00eb dhe 60 skuadra-2\" style=\"aspect-ratio:0.6652806652806653;width:960px;height:auto\"\/><\/figure>\n\n\n\n<h2 class=\"wp-block-heading\">Rregullat e trafikut n\u00eb qend\u00ebr<\/h2>\n\n\n\n<p class=\"wp-block-paragraph\"><strong>Nga ora 15:00. Dit\u00ebn e shtun\u00eb qendra historike pritet t\u00eb mbyllet gradualisht<\/strong>&nbsp;p\u00ebr automjete, var\u00ebsisht nga zhvillimi i tubimeve. Kufizime do t\u00eb zbatohen, nd\u00ebr t\u00eb tjera, p\u00ebr rrug\u00ebt Stratou dhe Nikis, si dhe p\u00ebr 3 Septemvriou, Vasilissis Olga, Vasileos Georgiou, Kountouriotis, Konstantinou Karamanlis, Egnatia, Ethniki Amynis, Tsimiski, Agios Dimitrios, Agios Dimitrios, Agia Sofiilos, rrug\u00ebt e Andronikos.<\/p>\n\n\n\n<p class=\"wp-block-paragraph\"><strong>Trafiku do t\u00eb devijohet n\u00eb Unaz\u00ebn Rrugore<\/strong>&nbsp;dhe n\u00eb rrug\u00eb t\u00eb tjera t\u00eb disponueshme. Policia Rrugore do t\u00eb jet\u00eb n\u00eb vendngjarje me t\u00eb gjitha forcat e saj t\u00eb disponueshme, nd\u00ebrsa polic\u00eb trafiku do t\u00eb vendosen n\u00eb kryq\u00ebzimet m\u00eb t\u00eb r\u00ebnd\u00ebsishme.<\/p>\n\n\n\n<h2 class=\"wp-block-heading\">Cilat stacione metroje jan\u00eb t\u00eb mbyllura?<\/h2>\n\n\n\n<p class=\"wp-block-paragraph\"><strong>Nga ora 15:00 e s\u00eb shtun\u00ebs, funksionimi i tet\u00eb<\/strong>&nbsp;stacioneve t\u00eb metros\u00eb s\u00eb Selanikut do t\u00eb pezullohet p\u00ebrkoh\u00ebsisht: &#8221;&nbsp;<strong>Stacioni i Ri Hekurudhor<\/strong>&nbsp;&#8220;, &#8221;&nbsp;<strong>Dimokratias<\/strong>&nbsp;&#8220;, &#8221;&nbsp;<strong>Venizelou<\/strong>&nbsp;&#8220;, &#8221;&nbsp;<strong>Agias Sophias<\/strong>&nbsp;&#8220;, &#8221;&nbsp;<strong>Sintrivani<\/strong>&nbsp;&#8220;, &#8221;&nbsp;<strong>Pan\u00eamisos<\/strong>&nbsp;&#8220;, &#8221;&nbsp;<strong>Papafis<\/strong>&nbsp;&#8221; dhe &#8221;&nbsp;<strong>Euclid<\/strong>&nbsp;&#8220;.<\/p>\n\n\n\n<p class=\"wp-block-paragraph\">Ora e rihapjes s\u00eb tyre do t\u00eb p\u00ebrcaktohet n\u00eb baz\u00eb t\u00eb rrjedh\u00ebs s\u00eb protestave dhe kushteve q\u00eb mbizot\u00ebrojn\u00eb n\u00eb qend\u00ebr t\u00eb qytetit.<\/p>\n","protected":false},"excerpt":{"rendered":"<p>Policia&nbsp;Helenike&nbsp;\u00ebsht\u00eb n\u00eb&nbsp;gatishm\u00ebri t\u00eb shtuar operative&nbsp;n\u00eb prag t\u00eb hapjes s\u00eb&nbsp;Panairit t\u00eb 90-t\u00eb Nd\u00ebrkomb\u00ebtar t\u00eb Selanikut&nbsp;dhe tubimeve t\u00eb planifikuara n\u00eb qytet. Sipas planit aktual,&nbsp;m\u00eb shum\u00eb se 3,500 oficer\u00eb policie&nbsp;do t\u00eb marrin pjes\u00eb n\u00eb masat e rendit, siguris\u00eb dhe policis\u00eb rrugore, t\u00eb cil\u00ebt do t\u00eb jen\u00eb t\u00eb vendosur plot\u00ebsisht t\u00eb shtun\u00ebn, dit\u00ebn e fjalimit t\u00eb Kryeministrit.&nbsp;Forca nga prefekturat [&hellip;]<\/p>\n","protected":false},"author":4,"featured_media":30876,"comment_status":"open","ping_status":"open","sticky":false,"template":"","format":"standard","meta":{"footnotes":""},"categories":[30,32],"tags":[],"class_list":["post-30875","post","type-post","status-publish","format-standard","has-post-thumbnail","category-lajme","category-rajon"],"yoast_head":"<!-- This site is optimized with the Yoast SEO plugin v27.4 - https:\/\/yoast.com\/product\/yoast-seo-wordpress\/ -->\n<title>Blindohet Selaniku nj\u00eb &quot;fortes\u00eb&quot; me 3,500 oficer\u00eb policie, dron\u00eb dhe 60 skuadra - Kosova Times<\/title>\n<meta name=\"robots\" content=\"index, follow, max-snippet:-1, max-image-preview:large, max-video-preview:-1\" \/>\n<link rel=\"canonical\" href=\"https:\/\/kosovatimes.info\/index.php\/2026\/09\/04\/blindohet-selaniku-nje-fortese-me-3500-oficere-policie-drone-dhe-60-skuadra\/\" \/>\n<meta property=\"og:locale\" content=\"en_US\" \/>\n<meta property=\"og:type\" content=\"article\" \/>\n<meta property=\"og:title\" content=\"Blindohet Selaniku nj\u00eb &quot;fortes\u00eb&quot; me 3,500 oficer\u00eb policie, dron\u00eb dhe 60 skuadra - Kosova Times\" \/>\n<meta property=\"og:description\" content=\"Policia&nbsp;Helenike&nbsp;\u00ebsht\u00eb n\u00eb&nbsp;gatishm\u00ebri t\u00eb shtuar operative&nbsp;n\u00eb prag t\u00eb hapjes s\u00eb&nbsp;Panairit t\u00eb 90-t\u00eb Nd\u00ebrkomb\u00ebtar t\u00eb Selanikut&nbsp;dhe tubimeve t\u00eb planifikuara n\u00eb qytet. Sipas planit aktual,&nbsp;m\u00eb shum\u00eb se 3,500 oficer\u00eb policie&nbsp;do t\u00eb marrin pjes\u00eb n\u00eb masat e rendit, siguris\u00eb dhe policis\u00eb rrugore, t\u00eb cil\u00ebt do t\u00eb jen\u00eb t\u00eb vendosur plot\u00ebsisht t\u00eb shtun\u00ebn, dit\u00ebn e fjalimit t\u00eb Kryeministrit.&nbsp;Forca nga prefekturat [&hellip;]\" \/>\n<meta property=\"og:url\" content=\"https:\/\/kosovatimes.info\/index.php\/2026\/09\/04\/blindohet-selaniku-nje-fortese-me-3500-oficere-policie-drone-dhe-60-skuadra\/\" \/>\n<meta property=\"og:site_name\" content=\"Kosova Times\" \/>\n<meta property=\"article:published_time\" content=\"2026-09-04T09:47:12+00:00\" \/>\n<meta property=\"article:modified_time\" content=\"2026-09-04T09:47:13+00:00\" \/>\n<meta property=\"og:image\" content=\"https:\/\/kosovatimes.info\/wp-content\/uploads\/2026\/09\/Selaniku.jpg\" \/>\n\t<meta property=\"og:image:width\" content=\"2560\" \/>\n\t<meta property=\"og:image:height\" content=\"1440\" \/>\n\t<meta property=\"og:image:type\" content=\"image\/jpeg\" \/>\n<meta name=\"author\" content=\"i l\" \/>\n<meta name=\"twitter:card\" content=\"summary_large_image\" \/>\n<meta name=\"twitter:label1\" content=\"Written by\" \/>\n\t<meta name=\"twitter:data1\" content=\"i l\" \/>\n\t<meta name=\"twitter:label2\" content=\"Est. reading time\" \/>\n\t<meta name=\"twitter:data2\" content=\"4 minutes\" \/>\n<script type=\"application\/ld+json\" class=\"yoast-schema-graph\">{\"@context\":\"https:\\\/\\\/schema.org\",\"@graph\":[{\"@type\":\"Article\",\"@id\":\"https:\\\/\\\/kosovatimes.info\\\/index.php\\\/2026\\\/09\\\/04\\\/blindohet-selaniku-nje-fortese-me-3500-oficere-policie-drone-dhe-60-skuadra\\\/#article\",\"isPartOf\":{\"@id\":\"https:\\\/\\\/kosovatimes.info\\\/index.php\\\/2026\\\/09\\\/04\\\/blindohet-selaniku-nje-fortese-me-3500-oficere-policie-drone-dhe-60-skuadra\\\/\"},\"author\":{\"name\":\"i l\",\"@id\":\"https:\\\/\\\/kosovatimes.info\\\/#\\\/schema\\\/person\\\/7586712b9c512fe68085de007378c915\"},\"headline\":\"Blindohet Selaniku nj\u00eb &#8220;fortes\u00eb&#8221; me 3,500 oficer\u00eb policie, dron\u00eb dhe 60 skuadra\",\"datePublished\":\"2026-09-04T09:47:12+00:00\",\"dateModified\":\"2026-09-04T09:47:13+00:00\",\"mainEntityOfPage\":{\"@id\":\"https:\\\/\\\/kosovatimes.info\\\/index.php\\\/2026\\\/09\\\/04\\\/blindohet-selaniku-nje-fortese-me-3500-oficere-policie-drone-dhe-60-skuadra\\\/\"},\"wordCount\":791,\"commentCount\":0,\"image\":{\"@id\":\"https:\\\/\\\/kosovatimes.info\\\/index.php\\\/2026\\\/09\\\/04\\\/blindohet-selaniku-nje-fortese-me-3500-oficere-policie-drone-dhe-60-skuadra\\\/#primaryimage\"},\"thumbnailUrl\":\"https:\\\/\\\/kosovatimes.info\\\/wp-content\\\/uploads\\\/2026\\\/09\\\/Selaniku.jpg\",\"articleSection\":[\"Lajme\",\"Rajon\"],\"inLanguage\":\"en-US\",\"potentialAction\":[{\"@type\":\"CommentAction\",\"name\":\"Comment\",\"target\":[\"https:\\\/\\\/kosovatimes.info\\\/index.php\\\/2026\\\/09\\\/04\\\/blindohet-selaniku-nje-fortese-me-3500-oficere-policie-drone-dhe-60-skuadra\\\/#respond\"]}]},{\"@type\":\"WebPage\",\"@id\":\"https:\\\/\\\/kosovatimes.info\\\/index.php\\\/2026\\\/09\\\/04\\\/blindohet-selaniku-nje-fortese-me-3500-oficere-policie-drone-dhe-60-skuadra\\\/\",\"url\":\"https:\\\/\\\/kosovatimes.info\\\/index.php\\\/2026\\\/09\\\/04\\\/blindohet-selaniku-nje-fortese-me-3500-oficere-policie-drone-dhe-60-skuadra\\\/\",\"name\":\"Blindohet Selaniku nj\u00eb \\\"fortes\u00eb\\\" me 3,500 oficer\u00eb policie, dron\u00eb dhe 60 skuadra - Kosova Times\",\"isPartOf\":{\"@id\":\"https:\\\/\\\/kosovatimes.info\\\/#website\"},\"primaryImageOfPage\":{\"@id\":\"https:\\\/\\\/kosovatimes.info\\\/index.php\\\/2026\\\/09\\\/04\\\/blindohet-selaniku-nje-fortese-me-3500-oficere-policie-drone-dhe-60-skuadra\\\/#primaryimage\"},\"image\":{\"@id\":\"https:\\\/\\\/kosovatimes.info\\\/index.php\\\/2026\\\/09\\\/04\\\/blindohet-selaniku-nje-fortese-me-3500-oficere-policie-drone-dhe-60-skuadra\\\/#primaryimage\"},\"thumbnailUrl\":\"https:\\\/\\\/kosovatimes.info\\\/wp-content\\\/uploads\\\/2026\\\/09\\\/Selaniku.jpg\",\"datePublished\":\"2026-09-04T09:47:12+00:00\",\"dateModified\":\"2026-09-04T09:47:13+00:00\",\"author\":{\"@id\":\"https:\\\/\\\/kosovatimes.info\\\/#\\\/schema\\\/person\\\/7586712b9c512fe68085de007378c915\"},\"breadcrumb\":{\"@id\":\"https:\\\/\\\/kosovatimes.info\\\/index.php\\\/2026\\\/09\\\/04\\\/blindohet-selaniku-nje-fortese-me-3500-oficere-policie-drone-dhe-60-skuadra\\\/#breadcrumb\"},\"inLanguage\":\"en-US\",\"potentialAction\":[{\"@type\":\"ReadAction\",\"target\":[\"https:\\\/\\\/kosovatimes.info\\\/index.php\\\/2026\\\/09\\\/04\\\/blindohet-selaniku-nje-fortese-me-3500-oficere-policie-drone-dhe-60-skuadra\\\/\"]}]},{\"@type\":\"ImageObject\",\"inLanguage\":\"en-US\",\"@id\":\"https:\\\/\\\/kosovatimes.info\\\/index.php\\\/2026\\\/09\\\/04\\\/blindohet-selaniku-nje-fortese-me-3500-oficere-policie-drone-dhe-60-skuadra\\\/#primaryimage\",\"url\":\"https:\\\/\\\/kosovatimes.info\\\/wp-content\\\/uploads\\\/2026\\\/09\\\/Selaniku.jpg\",\"contentUrl\":\"https:\\\/\\\/kosovatimes.info\\\/wp-content\\\/uploads\\\/2026\\\/09\\\/Selaniku.jpg\",\"width\":2560,\"height\":1440},{\"@type\":\"BreadcrumbList\",\"@id\":\"https:\\\/\\\/kosovatimes.info\\\/index.php\\\/2026\\\/09\\\/04\\\/blindohet-selaniku-nje-fortese-me-3500-oficere-policie-drone-dhe-60-skuadra\\\/#breadcrumb\",\"itemListElement\":[{\"@type\":\"ListItem\",\"position\":1,\"name\":\"Home\",\"item\":\"https:\\\/\\\/kosovatimes.info\\\/\"},{\"@type\":\"ListItem\",\"position\":2,\"name\":\"Blindohet Selaniku nj\u00eb &#8220;fortes\u00eb&#8221; me 3,500 oficer\u00eb policie, dron\u00eb dhe 60 skuadra\"}]},{\"@type\":\"WebSite\",\"@id\":\"https:\\\/\\\/kosovatimes.info\\\/#website\",\"url\":\"https:\\\/\\\/kosovatimes.info\\\/\",\"name\":\"Kosova Times\",\"description\":\"\",\"potentialAction\":[{\"@type\":\"SearchAction\",\"target\":{\"@type\":\"EntryPoint\",\"urlTemplate\":\"https:\\\/\\\/kosovatimes.info\\\/?s={search_term_string}\"},\"query-input\":{\"@type\":\"PropertyValueSpecification\",\"valueRequired\":true,\"valueName\":\"search_term_string\"}}],\"inLanguage\":\"en-US\"},{\"@type\":\"Person\",\"@id\":\"https:\\\/\\\/kosovatimes.info\\\/#\\\/schema\\\/person\\\/7586712b9c512fe68085de007378c915\",\"name\":\"i l\",\"image\":{\"@type\":\"ImageObject\",\"inLanguage\":\"en-US\",\"@id\":\"https:\\\/\\\/secure.gravatar.com\\\/avatar\\\/bad9296e02816160ae2e2435beda58222022298d5625d49fea74d18816fbb31d?s=96&d=mm&r=g\",\"url\":\"https:\\\/\\\/secure.gravatar.com\\\/avatar\\\/bad9296e02816160ae2e2435beda58222022298d5625d49fea74d18816fbb31d?s=96&d=mm&r=g\",\"contentUrl\":\"https:\\\/\\\/secure.gravatar.com\\\/avatar\\\/bad9296e02816160ae2e2435beda58222022298d5625d49fea74d18816fbb31d?s=96&d=mm&r=g\",\"caption\":\"i l\"},\"url\":\"https:\\\/\\\/kosovatimes.info\\\/index.php\\\/author\\\/iliri\\\/\"}]}<\/script>\n<!-- \/ Yoast SEO plugin. -->","yoast_head_json":{"title":"Blindohet Selaniku nj\u00eb \"fortes\u00eb\" me 3,500 oficer\u00eb policie, dron\u00eb dhe 60 skuadra - Kosova Times","robots":{"index":"index","follow":"follow","max-snippet":"max-snippet:-1","max-image-preview":"max-image-preview:large","max-video-preview":"max-video-preview:-1"},"canonical":"https:\/\/kosovatimes.info\/index.php\/2026\/09\/04\/blindohet-selaniku-nje-fortese-me-3500-oficere-policie-drone-dhe-60-skuadra\/","og_locale":"en_US","og_type":"article","og_title":"Blindohet Selaniku nj\u00eb \"fortes\u00eb\" me 3,500 oficer\u00eb policie, dron\u00eb dhe 60 skuadra - Kosova Times","og_description":"Policia&nbsp;Helenike&nbsp;\u00ebsht\u00eb n\u00eb&nbsp;gatishm\u00ebri t\u00eb shtuar operative&nbsp;n\u00eb prag t\u00eb hapjes s\u00eb&nbsp;Panairit t\u00eb 90-t\u00eb Nd\u00ebrkomb\u00ebtar t\u00eb Selanikut&nbsp;dhe tubimeve t\u00eb planifikuara n\u00eb qytet. Sipas planit aktual,&nbsp;m\u00eb shum\u00eb se 3,500 oficer\u00eb policie&nbsp;do t\u00eb marrin pjes\u00eb n\u00eb masat e rendit, siguris\u00eb dhe policis\u00eb rrugore, t\u00eb cil\u00ebt do t\u00eb jen\u00eb t\u00eb vendosur plot\u00ebsisht t\u00eb shtun\u00ebn, dit\u00ebn e fjalimit t\u00eb Kryeministrit.&nbsp;Forca nga prefekturat [&hellip;]","og_url":"https:\/\/kosovatimes.info\/index.php\/2026\/09\/04\/blindohet-selaniku-nje-fortese-me-3500-oficere-policie-drone-dhe-60-skuadra\/","og_site_name":"Kosova Times","article_published_time":"2026-09-04T09:47:12+00:00","article_modified_time":"2026-09-04T09:47:13+00:00","og_image":[{"width":2560,"height":1440,"url":"https:\/\/kosovatimes.info\/wp-content\/uploads\/2026\/09\/Selaniku.jpg","type":"image\/jpeg"}],"author":"i l","twitter_card":"summary_large_image","twitter_misc":{"Written by":"i l","Est. reading time":"4 minutes"},"schema":{"@context":"https:\/\/schema.org","@graph":[{"@type":"Article","@id":"https:\/\/kosovatimes.info\/index.php\/2026\/09\/04\/blindohet-selaniku-nje-fortese-me-3500-oficere-policie-drone-dhe-60-skuadra\/#article","isPartOf":{"@id":"https:\/\/kosovatimes.info\/index.php\/2026\/09\/04\/blindohet-selaniku-nje-fortese-me-3500-oficere-policie-drone-dhe-60-skuadra\/"},"author":{"name":"i l","@id":"https:\/\/kosovatimes.info\/#\/schema\/person\/7586712b9c512fe68085de007378c915"},"headline":"Blindohet Selaniku nj\u00eb &#8220;fortes\u00eb&#8221; me 3,500 oficer\u00eb policie, dron\u00eb dhe 60 skuadra","datePublished":"2026-09-04T09:47:12+00:00","dateModified":"2026-09-04T09:47:13+00:00","mainEntityOfPage":{"@id":"https:\/\/kosovatimes.info\/index.php\/2026\/09\/04\/blindohet-selaniku-nje-fortese-me-3500-oficere-policie-drone-dhe-60-skuadra\/"},"wordCount":791,"commentCount":0,"image":{"@id":"https:\/\/kosovatimes.info\/index.php\/2026\/09\/04\/blindohet-selaniku-nje-fortese-me-3500-oficere-policie-drone-dhe-60-skuadra\/#primaryimage"},"thumbnailUrl":"https:\/\/kosovatimes.info\/wp-content\/uploads\/2026\/09\/Selaniku.jpg","articleSection":["Lajme","Rajon"],"inLanguage":"en-US","potentialAction":[{"@type":"CommentAction","name":"Comment","target":["https:\/\/kosovatimes.info\/index.php\/2026\/09\/04\/blindohet-selaniku-nje-fortese-me-3500-oficere-policie-drone-dhe-60-skuadra\/#respond"]}]},{"@type":"WebPage","@id":"https:\/\/kosovatimes.info\/index.php\/2026\/09\/04\/blindohet-selaniku-nje-fortese-me-3500-oficere-policie-drone-dhe-60-skuadra\/","url":"https:\/\/kosovatimes.info\/index.php\/2026\/09\/04\/blindohet-selaniku-nje-fortese-me-3500-oficere-policie-drone-dhe-60-skuadra\/","name":"Blindohet Selaniku nj\u00eb \"fortes\u00eb\" me 3,500 oficer\u00eb policie, dron\u00eb dhe 60 skuadra - Kosova Times","isPartOf":{"@id":"https:\/\/kosovatimes.info\/#website"},"primaryImageOfPage":{"@id":"https:\/\/kosovatimes.info\/index.php\/2026\/09\/04\/blindohet-selaniku-nje-fortese-me-3500-oficere-policie-drone-dhe-60-skuadra\/#primaryimage"},"image":{"@id":"https:\/\/kosovatimes.info\/index.php\/2026\/09\/04\/blindohet-selaniku-nje-fortese-me-3500-oficere-policie-drone-dhe-60-skuadra\/#primaryimage"},"thumbnailUrl":"https:\/\/kosovatimes.info\/wp-content\/uploads\/2026\/09\/Selaniku.jpg","datePublished":"2026-09-04T09:47:12+00:00","dateModified":"2026-09-04T09:47:13+00:00","author":{"@id":"https:\/\/kosovatimes.info\/#\/schema\/person\/7586712b9c512fe68085de007378c915"},"breadcrumb":{"@id":"https:\/\/kosovatimes.info\/index.php\/2026\/09\/04\/blindohet-selaniku-nje-fortese-me-3500-oficere-policie-drone-dhe-60-skuadra\/#breadcrumb"},"inLanguage":"en-US","potentialAction":[{"@type":"ReadAction","target":["https:\/\/kosovatimes.info\/index.php\/2026\/09\/04\/blindohet-selaniku-nje-fortese-me-3500-oficere-policie-drone-dhe-60-skuadra\/"]}]},{"@type":"ImageObject","inLanguage":"en-US","@id":"https:\/\/kosovatimes.info\/index.php\/2026\/09\/04\/blindohet-selaniku-nje-fortese-me-3500-oficere-policie-drone-dhe-60-skuadra\/#primaryimage","url":"https:\/\/kosovatimes.info\/wp-content\/uploads\/2026\/09\/Selaniku.jpg","contentUrl":"https:\/\/kosovatimes.info\/wp-content\/uploads\/2026\/09\/Selaniku.jpg","width":2560,"height":1440},{"@type":"BreadcrumbList","@id":"https:\/\/kosovatimes.info\/index.php\/2026\/09\/04\/blindohet-selaniku-nje-fortese-me-3500-oficere-policie-drone-dhe-60-skuadra\/#breadcrumb","itemListElement":[{"@type":"ListItem","position":1,"name":"Home","item":"https:\/\/kosovatimes.info\/"},{"@type":"ListItem","position":2,"name":"Blindohet Selaniku nj\u00eb &#8220;fortes\u00eb&#8221; me 3,500 oficer\u00eb policie, dron\u00eb dhe 60 skuadra"}]},{"@type":"WebSite","@id":"https:\/\/kosovatimes.info\/#website","url":"https:\/\/kosovatimes.info\/","name":"Kosova Times","description":"","potentialAction":[{"@type":"SearchAction","target":{"@type":"EntryPoint","urlTemplate":"https:\/\/kosovatimes.info\/?s={search_term_string}"},"query-input":{"@type":"PropertyValueSpecification","valueRequired":true,"valueName":"search_term_string"}}],"inLanguage":"en-US"},{"@type":"Person","@id":"https:\/\/kosovatimes.info\/#\/schema\/person\/7586712b9c512fe68085de007378c915","name":"i l","image":{"@type":"ImageObject","inLanguage":"en-US","@id":"https:\/\/secure.gravatar.com\/avatar\/bad9296e02816160ae2e2435beda58222022298d5625d49fea74d18816fbb31d?s=96&d=mm&r=g","url":"https:\/\/secure.gravatar.com\/avatar\/bad9296e02816160ae2e2435beda58222022298d5625d49fea74d18816fbb31d?s=96&d=mm&r=g","contentUrl":"https:\/\/secure.gravatar.com\/avatar\/bad9296e02816160ae2e2435beda58222022298d5625d49fea74d18816fbb31d?s=96&d=mm&r=g","caption":"i l"},"url":"https:\/\/kosovatimes.info\/index.php\/author\/iliri\/"}]}},"_links":{"self":[{"href":"https:\/\/kosovatimes.info\/index.php\/wp-json\/wp\/v2\/posts\/30875","targetHints":{"allow":["GET"]}}],"collection":[{"href":"https:\/\/kosovatimes.info\/index.php\/wp-json\/wp\/v2\/posts"}],"about":[{"href":"https:\/\/kosovatimes.info\/index.php\/wp-json\/wp\/v2\/types\/post"}],"author":[{"embeddable":true,"href":"https:\/\/kosovatimes.info\/index.php\/wp-json\/wp\/v2\/users\/4"}],"replies":[{"embeddable":true,"href":"https:\/\/kosovatimes.info\/index.php\/wp-json\/wp\/v2\/comments?post=30875"}],"version-history":[{"count":1,"href":"https:\/\/kosovatimes.info\/index.php\/wp-json\/wp\/v2\/posts\/30875\/revisions"}],"predecessor-version":[{"id":30877,"href":"https:\/\/kosovatimes.info\/index.php\/wp-json\/wp\/v2\/posts\/30875\/revisions\/30877"}],"wp:featuredmedia":[{"embeddable":true,"href":"https:\/\/kosovatimes.info\/index.php\/wp-json\/wp\/v2\/media\/30876"}],"wp:attachment":[{"href":"https:\/\/kosovatimes.info\/index.php\/wp-json\/wp\/v2\/media?parent=30875"}],"wp:term":[{"taxonomy":"category","embeddable":true,"href":"https:\/\/kosovatimes.info\/index.php\/wp-json\/wp\/v2\/categories?post=30875"},{"taxonomy":"post_tag","embeddable":true,"href":"https:\/\/kosovatimes.info\/index.php\/wp-json\/wp\/v2\/tags?post=30875"}],"curies":[{"name":"wp","href":"https:\/\/api.w.org\/{rel}","templated":true}]}}