{"id":30884,"date":"2026-09-04T12:01:08","date_gmt":"2026-09-04T10:01:08","guid":{"rendered":"https:\/\/kosovatimes.info\/?p=30884"},"modified":"2026-09-04T12:01:11","modified_gmt":"2026-09-04T10:01:11","slug":"witkoff-dhe-kushner-mund-te-vizitojne-mosken-dhe-kievin-me-5-6-shtator","status":"publish","type":"post","link":"https:\/\/kosovatimes.info\/index.php\/2026\/09\/04\/witkoff-dhe-kushner-mund-te-vizitojne-mosken-dhe-kievin-me-5-6-shtator\/","title":{"rendered":"Witkoff dhe Kushner mund t\u00eb vizitojn\u00eb Mosk\u00ebn dhe Kievin m\u00eb 5-6 shtator"},"content":{"rendered":"\n<p class=\"wp-block-paragraph\">T\u00eb d\u00ebrguarit e posa\u00e7\u00ebm presidencial\u00eb t\u00eb SHBA-s\u00eb, Steve Witkoff dhe Jared Kushner, planifikojn\u00eb t\u00eb vizitojn\u00eb Mosk\u00ebn dhe Kievin m\u00eb 5 dhe 6 shtator, sipas TASS dhe Kyiv Independent, si dhe deputetin e Verkhovna Rada ukrainase, Oleksiy Honcharenko. Datat zyrtare p\u00ebr udh\u00ebtimet e delegacionit amerikan nuk jan\u00eb konfirmuar ende.<\/p>\n\n\n\n<p class=\"wp-block-paragraph\">Sipas Goncharenkos, plani paraprak parashikon q\u00eb p\u00ebrfaq\u00ebsuesit amerikan\u00eb t\u00eb mb\u00ebrrijn\u00eb n\u00eb Mosk\u00eb t\u00eb shtun\u00ebn dhe n\u00eb Kiev t\u00eb diel\u00ebn. Deputeti pohon se delegacioni pritej t\u00eb fluturonte drejt kryeqytetit ukrainas me aeroplan dhe kjo rrug\u00eb ishte r\u00ebn\u00eb dakord me pal\u00ebn ruse.<\/p>\n\n\n\n<p class=\"wp-block-paragraph\">Sipas nj\u00eb burimi n\u00eb Kyiv Independent, planet mund t\u00eb ndryshojn\u00eb ende. Sipas burimit t\u00eb botimit, Witkoff \u00ebsht\u00eb i kujdessh\u00ebm p\u00ebr t\u00eb udh\u00ebtuar drejt Kievit pas paralajm\u00ebrimeve nga pala ruse p\u00ebr rreziqet e nj\u00eb vizite t\u00eb till\u00eb.<\/p>\n\n\n\n<p class=\"wp-block-paragraph\">Goncharenko deklaroi se m\u00eb 4 shtator, nj\u00eb dron rus sulmoi dy avion\u00eb t\u00eb vjet\u00ebr Yak-40 n\u00eb Aeroportin Zhuliany t\u00eb Kievit. Deputeti beson se sulmi ishte i q\u00ebllimsh\u00ebm, mes p\u00ebrgatitjeve p\u00ebr nj\u00eb vizit\u00eb t\u00eb mundshme nga nj\u00eb delegacion amerikan. Kievi ende nuk e ka konfirmuar k\u00ebt\u00eb informacion.<\/p>\n\n\n\n<p class=\"wp-block-paragraph\">M\u00eb par\u00eb, Presidenti ukrainas Volodymyr Zelenskyy njoftoi se Witkoff dhe Kushner mund t\u00eb mb\u00ebrrijn\u00eb &#8220;n\u00eb dit\u00ebt n\u00eb vijim&#8221;. Sipas Zelenskyy, ekzistojn\u00eb data t\u00eb p\u00ebrkohshme p\u00ebr vizitat dhe pala amerikane konfirmoi planet p\u00ebr t\u00eb zhvilluar takime si n\u00eb Mosk\u00eb ashtu edhe n\u00eb Kiev.<\/p>\n\n\n\n<p class=\"wp-block-paragraph\">M\u00eb par\u00eb, kreu i zyr\u00ebs presidenciale ukrainase, Kirill Budanov, tha se negociatat p\u00ebr t&#8217;i dh\u00ebn\u00eb fund luft\u00ebs mund t\u00eb rifillojn\u00eb n\u00eb shtator.<\/p>\n\n\n\n<p class=\"wp-block-paragraph\">M\u00eb 3 shtator, gjat\u00eb fjalimit t\u00eb tij n\u00eb nj\u00eb forum n\u00eb Vladivostok, Presidenti rus Vladimir Putin deklaroi se Rusia dhe Ukraina duhet para s\u00eb gjithash t\u00eb arrijn\u00eb nj\u00eb marr\u00ebveshje p\u00ebr t&#8217;i dh\u00ebn\u00eb fund luft\u00ebs, me Shtetet e Bashkuara dhe vende t\u00eb tjera t\u00eb afta p\u00ebr t\u00eb leht\u00ebsuar k\u00ebt\u00eb proces. Sipas Putinit, Moska vazhdon kontaktet me administrat\u00ebn amerikane dhe shpreson t\u00eb rivendos\u00eb marr\u00ebdh\u00ebniet e plota me Uashingtonin.<\/p>\n\n\n\n<p class=\"wp-block-paragraph\">Putini pohon gjithashtu se kontaktet me Ukrain\u00ebn po vazhdojn\u00eb, ve\u00e7an\u00ebrisht p\u00ebrmes sh\u00ebrbimeve t\u00eb inteligjenc\u00ebs. Megjithat\u00eb, presidenti pranoi se \u00ebsht\u00eb e v\u00ebshtir\u00eb t\u00eb vler\u00ebsohet n\u00ebse k\u00ebto kontakte do t\u00eb \u00e7ojn\u00eb n\u00eb nj\u00eb marr\u00ebveshje paqeje.<\/p>\n","protected":false},"excerpt":{"rendered":"<p>T\u00eb d\u00ebrguarit e posa\u00e7\u00ebm presidencial\u00eb t\u00eb SHBA-s\u00eb, Steve Witkoff dhe Jared Kushner, planifikojn\u00eb t\u00eb vizitojn\u00eb Mosk\u00ebn dhe Kievin m\u00eb 5 dhe 6 shtator, sipas TASS dhe Kyiv Independent, si dhe deputetin e Verkhovna Rada ukrainase, Oleksiy Honcharenko. Datat zyrtare p\u00ebr udh\u00ebtimet e delegacionit amerikan nuk jan\u00eb konfirmuar ende. Sipas Goncharenkos, plani paraprak parashikon q\u00eb p\u00ebrfaq\u00ebsuesit [&hellip;]<\/p>\n","protected":false},"author":4,"featured_media":30885,"comment_status":"open","ping_status":"open","sticky":false,"template":"","format":"standard","meta":{"footnotes":""},"categories":[33,30],"tags":[],"class_list":["post-30884","post","type-post","status-publish","format-standard","has-post-thumbnail","category-bote","category-lajme"],"yoast_head":"<!-- This site is optimized with the Yoast SEO plugin v27.4 - https:\/\/yoast.com\/product\/yoast-seo-wordpress\/ -->\n<title>Witkoff dhe Kushner mund t\u00eb vizitojn\u00eb Mosk\u00ebn dhe Kievin m\u00eb 5-6 shtator - Kosova Times<\/title>\n<meta name=\"robots\" content=\"index, follow, max-snippet:-1, max-image-preview:large, max-video-preview:-1\" \/>\n<link rel=\"canonical\" href=\"https:\/\/kosovatimes.info\/index.php\/2026\/09\/04\/witkoff-dhe-kushner-mund-te-vizitojne-mosken-dhe-kievin-me-5-6-shtator\/\" \/>\n<meta property=\"og:locale\" content=\"en_US\" \/>\n<meta property=\"og:type\" content=\"article\" \/>\n<meta property=\"og:title\" content=\"Witkoff dhe Kushner mund t\u00eb vizitojn\u00eb Mosk\u00ebn dhe Kievin m\u00eb 5-6 shtator - Kosova Times\" \/>\n<meta property=\"og:description\" content=\"T\u00eb d\u00ebrguarit e posa\u00e7\u00ebm presidencial\u00eb t\u00eb SHBA-s\u00eb, Steve Witkoff dhe Jared Kushner, planifikojn\u00eb t\u00eb vizitojn\u00eb Mosk\u00ebn dhe Kievin m\u00eb 5 dhe 6 shtator, sipas TASS dhe Kyiv Independent, si dhe deputetin e Verkhovna Rada ukrainase, Oleksiy Honcharenko. Datat zyrtare p\u00ebr udh\u00ebtimet e delegacionit amerikan nuk jan\u00eb konfirmuar ende. Sipas Goncharenkos, plani paraprak parashikon q\u00eb p\u00ebrfaq\u00ebsuesit [&hellip;]\" \/>\n<meta property=\"og:url\" content=\"https:\/\/kosovatimes.info\/index.php\/2026\/09\/04\/witkoff-dhe-kushner-mund-te-vizitojne-mosken-dhe-kievin-me-5-6-shtator\/\" \/>\n<meta property=\"og:site_name\" content=\"Kosova Times\" \/>\n<meta property=\"article:published_time\" content=\"2026-09-04T10:01:08+00:00\" \/>\n<meta property=\"article:modified_time\" content=\"2026-09-04T10:01:11+00:00\" \/>\n<meta name=\"author\" content=\"i l\" \/>\n<meta name=\"twitter:card\" content=\"summary_large_image\" \/>\n<meta name=\"twitter:label1\" content=\"Written by\" \/>\n\t<meta name=\"twitter:data1\" content=\"i l\" \/>\n\t<meta name=\"twitter:label2\" content=\"Est. reading time\" \/>\n\t<meta name=\"twitter:data2\" content=\"2 minutes\" \/>\n<script type=\"application\/ld+json\" class=\"yoast-schema-graph\">{\"@context\":\"https:\\\/\\\/schema.org\",\"@graph\":[{\"@type\":\"Article\",\"@id\":\"https:\\\/\\\/kosovatimes.info\\\/index.php\\\/2026\\\/09\\\/04\\\/witkoff-dhe-kushner-mund-te-vizitojne-mosken-dhe-kievin-me-5-6-shtator\\\/#article\",\"isPartOf\":{\"@id\":\"https:\\\/\\\/kosovatimes.info\\\/index.php\\\/2026\\\/09\\\/04\\\/witkoff-dhe-kushner-mund-te-vizitojne-mosken-dhe-kievin-me-5-6-shtator\\\/\"},\"author\":{\"name\":\"i l\",\"@id\":\"https:\\\/\\\/kosovatimes.info\\\/#\\\/schema\\\/person\\\/7586712b9c512fe68085de007378c915\"},\"headline\":\"Witkoff dhe Kushner mund t\u00eb vizitojn\u00eb Mosk\u00ebn dhe Kievin m\u00eb 5-6 shtator\",\"datePublished\":\"2026-09-04T10:01:08+00:00\",\"dateModified\":\"2026-09-04T10:01:11+00:00\",\"mainEntityOfPage\":{\"@id\":\"https:\\\/\\\/kosovatimes.info\\\/index.php\\\/2026\\\/09\\\/04\\\/witkoff-dhe-kushner-mund-te-vizitojne-mosken-dhe-kievin-me-5-6-shtator\\\/\"},\"wordCount\":397,\"commentCount\":0,\"image\":{\"@id\":\"https:\\\/\\\/kosovatimes.info\\\/index.php\\\/2026\\\/09\\\/04\\\/witkoff-dhe-kushner-mund-te-vizitojne-mosken-dhe-kievin-me-5-6-shtator\\\/#primaryimage\"},\"thumbnailUrl\":\"https:\\\/\\\/kosovatimes.info\\\/wp-content\\\/uploads\\\/2026\\\/09\\\/wikof.avif\",\"articleSection\":[\"Bot\u00eb\",\"Lajme\"],\"inLanguage\":\"en-US\",\"potentialAction\":[{\"@type\":\"CommentAction\",\"name\":\"Comment\",\"target\":[\"https:\\\/\\\/kosovatimes.info\\\/index.php\\\/2026\\\/09\\\/04\\\/witkoff-dhe-kushner-mund-te-vizitojne-mosken-dhe-kievin-me-5-6-shtator\\\/#respond\"]}]},{\"@type\":\"WebPage\",\"@id\":\"https:\\\/\\\/kosovatimes.info\\\/index.php\\\/2026\\\/09\\\/04\\\/witkoff-dhe-kushner-mund-te-vizitojne-mosken-dhe-kievin-me-5-6-shtator\\\/\",\"url\":\"https:\\\/\\\/kosovatimes.info\\\/index.php\\\/2026\\\/09\\\/04\\\/witkoff-dhe-kushner-mund-te-vizitojne-mosken-dhe-kievin-me-5-6-shtator\\\/\",\"name\":\"Witkoff dhe Kushner mund t\u00eb vizitojn\u00eb Mosk\u00ebn dhe Kievin m\u00eb 5-6 shtator - Kosova Times\",\"isPartOf\":{\"@id\":\"https:\\\/\\\/kosovatimes.info\\\/#website\"},\"primaryImageOfPage\":{\"@id\":\"https:\\\/\\\/kosovatimes.info\\\/index.php\\\/2026\\\/09\\\/04\\\/witkoff-dhe-kushner-mund-te-vizitojne-mosken-dhe-kievin-me-5-6-shtator\\\/#primaryimage\"},\"image\":{\"@id\":\"https:\\\/\\\/kosovatimes.info\\\/index.php\\\/2026\\\/09\\\/04\\\/witkoff-dhe-kushner-mund-te-vizitojne-mosken-dhe-kievin-me-5-6-shtator\\\/#primaryimage\"},\"thumbnailUrl\":\"https:\\\/\\\/kosovatimes.info\\\/wp-content\\\/uploads\\\/2026\\\/09\\\/wikof.avif\",\"datePublished\":\"2026-09-04T10:01:08+00:00\",\"dateModified\":\"2026-09-04T10:01:11+00:00\",\"author\":{\"@id\":\"https:\\\/\\\/kosovatimes.info\\\/#\\\/schema\\\/person\\\/7586712b9c512fe68085de007378c915\"},\"breadcrumb\":{\"@id\":\"https:\\\/\\\/kosovatimes.info\\\/index.php\\\/2026\\\/09\\\/04\\\/witkoff-dhe-kushner-mund-te-vizitojne-mosken-dhe-kievin-me-5-6-shtator\\\/#breadcrumb\"},\"inLanguage\":\"en-US\",\"potentialAction\":[{\"@type\":\"ReadAction\",\"target\":[\"https:\\\/\\\/kosovatimes.info\\\/index.php\\\/2026\\\/09\\\/04\\\/witkoff-dhe-kushner-mund-te-vizitojne-mosken-dhe-kievin-me-5-6-shtator\\\/\"]}]},{\"@type\":\"ImageObject\",\"inLanguage\":\"en-US\",\"@id\":\"https:\\\/\\\/kosovatimes.info\\\/index.php\\\/2026\\\/09\\\/04\\\/witkoff-dhe-kushner-mund-te-vizitojne-mosken-dhe-kievin-me-5-6-shtator\\\/#primaryimage\",\"url\":\"https:\\\/\\\/kosovatimes.info\\\/wp-content\\\/uploads\\\/2026\\\/09\\\/wikof.avif\",\"contentUrl\":\"https:\\\/\\\/kosovatimes.info\\\/wp-content\\\/uploads\\\/2026\\\/09\\\/wikof.avif\",\"width\":1023,\"height\":575},{\"@type\":\"BreadcrumbList\",\"@id\":\"https:\\\/\\\/kosovatimes.info\\\/index.php\\\/2026\\\/09\\\/04\\\/witkoff-dhe-kushner-mund-te-vizitojne-mosken-dhe-kievin-me-5-6-shtator\\\/#breadcrumb\",\"itemListElement\":[{\"@type\":\"ListItem\",\"position\":1,\"name\":\"Home\",\"item\":\"https:\\\/\\\/kosovatimes.info\\\/\"},{\"@type\":\"ListItem\",\"position\":2,\"name\":\"Witkoff dhe Kushner mund t\u00eb vizitojn\u00eb Mosk\u00ebn dhe Kievin m\u00eb 5-6 shtator\"}]},{\"@type\":\"WebSite\",\"@id\":\"https:\\\/\\\/kosovatimes.info\\\/#website\",\"url\":\"https:\\\/\\\/kosovatimes.info\\\/\",\"name\":\"Kosova Times\",\"description\":\"\",\"potentialAction\":[{\"@type\":\"SearchAction\",\"target\":{\"@type\":\"EntryPoint\",\"urlTemplate\":\"https:\\\/\\\/kosovatimes.info\\\/?s={search_term_string}\"},\"query-input\":{\"@type\":\"PropertyValueSpecification\",\"valueRequired\":true,\"valueName\":\"search_term_string\"}}],\"inLanguage\":\"en-US\"},{\"@type\":\"Person\",\"@id\":\"https:\\\/\\\/kosovatimes.info\\\/#\\\/schema\\\/person\\\/7586712b9c512fe68085de007378c915\",\"name\":\"i l\",\"image\":{\"@type\":\"ImageObject\",\"inLanguage\":\"en-US\",\"@id\":\"https:\\\/\\\/secure.gravatar.com\\\/avatar\\\/bad9296e02816160ae2e2435beda58222022298d5625d49fea74d18816fbb31d?s=96&d=mm&r=g\",\"url\":\"https:\\\/\\\/secure.gravatar.com\\\/avatar\\\/bad9296e02816160ae2e2435beda58222022298d5625d49fea74d18816fbb31d?s=96&d=mm&r=g\",\"contentUrl\":\"https:\\\/\\\/secure.gravatar.com\\\/avatar\\\/bad9296e02816160ae2e2435beda58222022298d5625d49fea74d18816fbb31d?s=96&d=mm&r=g\",\"caption\":\"i l\"},\"url\":\"https:\\\/\\\/kosovatimes.info\\\/index.php\\\/author\\\/iliri\\\/\"}]}<\/script>\n<!-- \/ Yoast SEO plugin. -->","yoast_head_json":{"title":"Witkoff dhe Kushner mund t\u00eb vizitojn\u00eb Mosk\u00ebn dhe Kievin m\u00eb 5-6 shtator - Kosova Times","robots":{"index":"index","follow":"follow","max-snippet":"max-snippet:-1","max-image-preview":"max-image-preview:large","max-video-preview":"max-video-preview:-1"},"canonical":"https:\/\/kosovatimes.info\/index.php\/2026\/09\/04\/witkoff-dhe-kushner-mund-te-vizitojne-mosken-dhe-kievin-me-5-6-shtator\/","og_locale":"en_US","og_type":"article","og_title":"Witkoff dhe Kushner mund t\u00eb vizitojn\u00eb Mosk\u00ebn dhe Kievin m\u00eb 5-6 shtator - Kosova Times","og_description":"T\u00eb d\u00ebrguarit e posa\u00e7\u00ebm presidencial\u00eb t\u00eb SHBA-s\u00eb, Steve Witkoff dhe Jared Kushner, planifikojn\u00eb t\u00eb vizitojn\u00eb Mosk\u00ebn dhe Kievin m\u00eb 5 dhe 6 shtator, sipas TASS dhe Kyiv Independent, si dhe deputetin e Verkhovna Rada ukrainase, Oleksiy Honcharenko. Datat zyrtare p\u00ebr udh\u00ebtimet e delegacionit amerikan nuk jan\u00eb konfirmuar ende. Sipas Goncharenkos, plani paraprak parashikon q\u00eb p\u00ebrfaq\u00ebsuesit [&hellip;]","og_url":"https:\/\/kosovatimes.info\/index.php\/2026\/09\/04\/witkoff-dhe-kushner-mund-te-vizitojne-mosken-dhe-kievin-me-5-6-shtator\/","og_site_name":"Kosova Times","article_published_time":"2026-09-04T10:01:08+00:00","article_modified_time":"2026-09-04T10:01:11+00:00","author":"i l","twitter_card":"summary_large_image","twitter_misc":{"Written by":"i l","Est. reading time":"2 minutes"},"schema":{"@context":"https:\/\/schema.org","@graph":[{"@type":"Article","@id":"https:\/\/kosovatimes.info\/index.php\/2026\/09\/04\/witkoff-dhe-kushner-mund-te-vizitojne-mosken-dhe-kievin-me-5-6-shtator\/#article","isPartOf":{"@id":"https:\/\/kosovatimes.info\/index.php\/2026\/09\/04\/witkoff-dhe-kushner-mund-te-vizitojne-mosken-dhe-kievin-me-5-6-shtator\/"},"author":{"name":"i l","@id":"https:\/\/kosovatimes.info\/#\/schema\/person\/7586712b9c512fe68085de007378c915"},"headline":"Witkoff dhe Kushner mund t\u00eb vizitojn\u00eb Mosk\u00ebn dhe Kievin m\u00eb 5-6 shtator","datePublished":"2026-09-04T10:01:08+00:00","dateModified":"2026-09-04T10:01:11+00:00","mainEntityOfPage":{"@id":"https:\/\/kosovatimes.info\/index.php\/2026\/09\/04\/witkoff-dhe-kushner-mund-te-vizitojne-mosken-dhe-kievin-me-5-6-shtator\/"},"wordCount":397,"commentCount":0,"image":{"@id":"https:\/\/kosovatimes.info\/index.php\/2026\/09\/04\/witkoff-dhe-kushner-mund-te-vizitojne-mosken-dhe-kievin-me-5-6-shtator\/#primaryimage"},"thumbnailUrl":"https:\/\/kosovatimes.info\/wp-content\/uploads\/2026\/09\/wikof.avif","articleSection":["Bot\u00eb","Lajme"],"inLanguage":"en-US","potentialAction":[{"@type":"CommentAction","name":"Comment","target":["https:\/\/kosovatimes.info\/index.php\/2026\/09\/04\/witkoff-dhe-kushner-mund-te-vizitojne-mosken-dhe-kievin-me-5-6-shtator\/#respond"]}]},{"@type":"WebPage","@id":"https:\/\/kosovatimes.info\/index.php\/2026\/09\/04\/witkoff-dhe-kushner-mund-te-vizitojne-mosken-dhe-kievin-me-5-6-shtator\/","url":"https:\/\/kosovatimes.info\/index.php\/2026\/09\/04\/witkoff-dhe-kushner-mund-te-vizitojne-mosken-dhe-kievin-me-5-6-shtator\/","name":"Witkoff dhe Kushner mund t\u00eb vizitojn\u00eb Mosk\u00ebn dhe Kievin m\u00eb 5-6 shtator - Kosova Times","isPartOf":{"@id":"https:\/\/kosovatimes.info\/#website"},"primaryImageOfPage":{"@id":"https:\/\/kosovatimes.info\/index.php\/2026\/09\/04\/witkoff-dhe-kushner-mund-te-vizitojne-mosken-dhe-kievin-me-5-6-shtator\/#primaryimage"},"image":{"@id":"https:\/\/kosovatimes.info\/index.php\/2026\/09\/04\/witkoff-dhe-kushner-mund-te-vizitojne-mosken-dhe-kievin-me-5-6-shtator\/#primaryimage"},"thumbnailUrl":"https:\/\/kosovatimes.info\/wp-content\/uploads\/2026\/09\/wikof.avif","datePublished":"2026-09-04T10:01:08+00:00","dateModified":"2026-09-04T10:01:11+00:00","author":{"@id":"https:\/\/kosovatimes.info\/#\/schema\/person\/7586712b9c512fe68085de007378c915"},"breadcrumb":{"@id":"https:\/\/kosovatimes.info\/index.php\/2026\/09\/04\/witkoff-dhe-kushner-mund-te-vizitojne-mosken-dhe-kievin-me-5-6-shtator\/#breadcrumb"},"inLanguage":"en-US","potentialAction":[{"@type":"ReadAction","target":["https:\/\/kosovatimes.info\/index.php\/2026\/09\/04\/witkoff-dhe-kushner-mund-te-vizitojne-mosken-dhe-kievin-me-5-6-shtator\/"]}]},{"@type":"ImageObject","inLanguage":"en-US","@id":"https:\/\/kosovatimes.info\/index.php\/2026\/09\/04\/witkoff-dhe-kushner-mund-te-vizitojne-mosken-dhe-kievin-me-5-6-shtator\/#primaryimage","url":"https:\/\/kosovatimes.info\/wp-content\/uploads\/2026\/09\/wikof.avif","contentUrl":"https:\/\/kosovatimes.info\/wp-content\/uploads\/2026\/09\/wikof.avif","width":1023,"height":575},{"@type":"BreadcrumbList","@id":"https:\/\/kosovatimes.info\/index.php\/2026\/09\/04\/witkoff-dhe-kushner-mund-te-vizitojne-mosken-dhe-kievin-me-5-6-shtator\/#breadcrumb","itemListElement":[{"@type":"ListItem","position":1,"name":"Home","item":"https:\/\/kosovatimes.info\/"},{"@type":"ListItem","position":2,"name":"Witkoff dhe Kushner mund t\u00eb vizitojn\u00eb Mosk\u00ebn dhe Kievin m\u00eb 5-6 shtator"}]},{"@type":"WebSite","@id":"https:\/\/kosovatimes.info\/#website","url":"https:\/\/kosovatimes.info\/","name":"Kosova Times","description":"","potentialAction":[{"@type":"SearchAction","target":{"@type":"EntryPoint","urlTemplate":"https:\/\/kosovatimes.info\/?s={search_term_string}"},"query-input":{"@type":"PropertyValueSpecification","valueRequired":true,"valueName":"search_term_string"}}],"inLanguage":"en-US"},{"@type":"Person","@id":"https:\/\/kosovatimes.info\/#\/schema\/person\/7586712b9c512fe68085de007378c915","name":"i l","image":{"@type":"ImageObject","inLanguage":"en-US","@id":"https:\/\/secure.gravatar.com\/avatar\/bad9296e02816160ae2e2435beda58222022298d5625d49fea74d18816fbb31d?s=96&d=mm&r=g","url":"https:\/\/secure.gravatar.com\/avatar\/bad9296e02816160ae2e2435beda58222022298d5625d49fea74d18816fbb31d?s=96&d=mm&r=g","contentUrl":"https:\/\/secure.gravatar.com\/avatar\/bad9296e02816160ae2e2435beda58222022298d5625d49fea74d18816fbb31d?s=96&d=mm&r=g","caption":"i l"},"url":"https:\/\/kosovatimes.info\/index.php\/author\/iliri\/"}]}},"_links":{"self":[{"href":"https:\/\/kosovatimes.info\/index.php\/wp-json\/wp\/v2\/posts\/30884","targetHints":{"allow":["GET"]}}],"collection":[{"href":"https:\/\/kosovatimes.info\/index.php\/wp-json\/wp\/v2\/posts"}],"about":[{"href":"https:\/\/kosovatimes.info\/index.php\/wp-json\/wp\/v2\/types\/post"}],"author":[{"embeddable":true,"href":"https:\/\/kosovatimes.info\/index.php\/wp-json\/wp\/v2\/users\/4"}],"replies":[{"embeddable":true,"href":"https:\/\/kosovatimes.info\/index.php\/wp-json\/wp\/v2\/comments?post=30884"}],"version-history":[{"count":1,"href":"https:\/\/kosovatimes.info\/index.php\/wp-json\/wp\/v2\/posts\/30884\/revisions"}],"predecessor-version":[{"id":30886,"href":"https:\/\/kosovatimes.info\/index.php\/wp-json\/wp\/v2\/posts\/30884\/revisions\/30886"}],"wp:featuredmedia":[{"embeddable":true,"href":"https:\/\/kosovatimes.info\/index.php\/wp-json\/wp\/v2\/media\/30885"}],"wp:attachment":[{"href":"https:\/\/kosovatimes.info\/index.php\/wp-json\/wp\/v2\/media?parent=30884"}],"wp:term":[{"taxonomy":"category","embeddable":true,"href":"https:\/\/kosovatimes.info\/index.php\/wp-json\/wp\/v2\/categories?post=30884"},{"taxonomy":"post_tag","embeddable":true,"href":"https:\/\/kosovatimes.info\/index.php\/wp-json\/wp\/v2\/tags?post=30884"}],"curies":[{"name":"wp","href":"https:\/\/api.w.org\/{rel}","templated":true}]}}