{"id":30887,"date":"2026-09-04T12:04:12","date_gmt":"2026-09-04T10:04:12","guid":{"rendered":"https:\/\/kosovatimes.info\/?p=30887"},"modified":"2026-09-04T12:04:14","modified_gmt":"2026-09-04T10:04:14","slug":"mobilizimi-mund-te-coje-ne-nje-brutalitet-me-te-madh-nga-cfare-frikesohet-kremlini","status":"publish","type":"post","link":"https:\/\/kosovatimes.info\/index.php\/2026\/09\/04\/mobilizimi-mund-te-coje-ne-nje-brutalitet-me-te-madh-nga-cfare-frikesohet-kremlini\/","title":{"rendered":"&#8220;Mobilizimi mund t\u00eb \u00e7oj\u00eb n\u00eb nj\u00eb brutalitet m\u00eb t\u00eb madh&#8221;: nga \u00e7far\u00eb frik\u00ebsohet Kremlini"},"content":{"rendered":"\n<p class=\"wp-block-paragraph\"><strong>N\u00eb fillim t\u00eb shtatorit, Vladimir Putin e hodhi posht\u00eb p\u00ebrs\u00ebri mund\u00ebsin\u00eb e nj\u00eb mobilizimi t\u00eb af\u00ebrt n\u00eb Rusi. Duke iu p\u00ebrgjigjur pyetjes s\u00eb nj\u00eb gazetari gjat\u00eb nj\u00eb konference p\u00ebr shtyp pas samitit t\u00eb Organizat\u00ebs s\u00eb Bashk\u00ebpunimit t\u00eb Shangait n\u00eb Bishkek, ai tha se ishte &#8220;absurditet i plot\u00eb&#8221; dhe nj\u00eb &#8220;sulm informativ ndaj Rusis\u00eb&#8221;. Pastaj, n\u00eb nj\u00eb takim t\u00eb Forumit Ekonomik Lindor, Putin komentoi p\u00ebrs\u00ebri mbi thashethemet p\u00ebr mobilizim, duke i quajtur ato &#8220;nj\u00eb sulm informativ nga armiku p\u00ebrpara zgjedhjeve t\u00eb Dum\u00ebs Shtet\u00ebrore, n\u00eb nj\u00eb p\u00ebrpjekje p\u00ebr t\u00eb ndikuar n\u00eb rezultat&#8221;.<\/strong><\/p>\n\n\n\n<p class=\"wp-block-paragraph\">N\u00eb fillim t\u00eb vitit 2022, Vladimir Putin deklaroi gjithashtu vazhdimisht se autoritetet nuk do t\u00eb mobilizonin ose th\u00ebrrisnin rezervist\u00ebt. Megjithat\u00eb, n\u00eb shtator 2022, nj\u00eb &#8220;mobilizim i pjessh\u00ebm&#8221; u shpall me nj\u00eb dekret t\u00eb posa\u00e7\u00ebm nga Putini. Tani, pavar\u00ebsisht deklaratave t\u00eb autoriteteve, n\u00eb Rusi po shfaqen shenja t\u00eb reja t\u00eb nj\u00eb mobilizimi t\u00eb ri t\u00eb mundsh\u00ebm: n\u00eb rajone, burrat po ndalohen n\u00eb rrug\u00eb dhe detyrohen t\u00eb n\u00ebnshkruajn\u00eb kontrata, dhe autoritetet po krijojn\u00eb&nbsp;nj\u00eb &#8220;regjist\u00ebr rekrut\u00ebsh&#8221;.Mediat per\u00ebndimore&nbsp;<a href=\"https:\/\/meduza.io\/news\/2026\/08\/23\/wsj-rossiyskie-voennye-provodyat-ucheniya-po-podgotovke-k-mobilizatsii?ysclid=mtb4bkb4e7842722340\" target=\"_blank\" rel=\"noopener\">po raportojn\u00eb<\/a>&nbsp;p\u00ebr ushtrime mobilizimi. Vala e par\u00eb e mobilizimit n\u00eb vitin 2022 shkaktoi nj\u00eb val\u00eb t\u00eb t\u00eb rinjve q\u00eb iknin nga vendi dhe shfaqjen e nj\u00eb l\u00ebvizjeje proteste nga grat\u00eb dhe n\u00ebnat e t\u00eb mobilizuarve, t\u00eb cil\u00ebn autoritetet deri m\u00eb tani nuk kan\u00eb arritur ta shtypin plot\u00ebsisht.<\/p>\n\n\n\n<p class=\"wp-block-paragraph\">Sipas nj\u00eb eksperti t\u00eb intervistuar nga Sibir.Realii, \u00ebsht\u00eb pik\u00ebrisht frika se njer\u00ebzit n\u00eb Rusi do ta p\u00ebrballojn\u00eb mobilizimin e hapur me nj\u00eb &#8220;eg\u00ebrsi&#8221; edhe m\u00eb t\u00eb madhe q\u00eb mund t&#8217;i pengoj\u00eb autoritetet t\u00eb marrin k\u00ebt\u00eb vendim. Por at\u00ebher\u00eb, mobilizimi i fsheht\u00eb ka t\u00eb ngjar\u00eb t\u00eb vazhdoj\u00eb n\u00eb vend.<\/p>\n\n\n\n<h3 class=\"wp-block-heading\">&#8220;Un\u00eb jam armiku m\u00eb i keq i vendit tim.&#8221;<\/h3>\n\n\n\n<p class=\"wp-block-paragraph\">M\u00eb 8 gusht 2026, Abakan, kryeqyteti i Khakassia-s, festoi 95-vjetorin e tij. Shaman&nbsp;po p\u00ebrgatitej t\u00eb performonte n\u00eb stadiumin lokal Sayany.(Jaroslav Dronov).<\/p>\n\n\n\n<p class=\"wp-block-paragraph\">Para koncertit, ai firmosi kitara p\u00ebr &#8220;d\u00ebrgimin te djemt\u00eb n\u00eb zon\u00ebn SVO&#8221;. N\u00eb t\u00eb nj\u00ebjt\u00ebn koh\u00eb, 60-vje\u00e7arja Elena Trofimova, nj\u00eb punonj\u00ebse e Fondit lokal t\u00eb Sigurimeve Shoq\u00ebrore, po protestonte pran\u00eb stadiumit. Ajo mbante nj\u00eb pankart\u00eb ku shkruhej: &#8220;M\u00eb ktheni djalin! Mobilizuar m\u00eb 26 shtator 2022&#8221;.<\/p>\n\n\n\n<p class=\"wp-block-paragraph\">Trofimova arriti t\u00eb q\u00ebndronte me k\u00ebt\u00eb poster p\u00ebr rreth 15 minuta, pas s\u00eb cil\u00ebs iu afruan njer\u00ebz nga &#8220;departamenti i antiterrorizmit&#8221; (&nbsp;<em>Trofimova nuk specifikoi n\u00ebse po i referoheshin Qendr\u00ebs E apo FSB-s\u00eb \u2013 SR<\/em>&nbsp;). Ata i than\u00eb Elen\u00ebs se k\u00ebrkohej leje p\u00ebr nj\u00eb protest\u00eb solo dhe se me problemet e saj, ajo po &#8220;ua prishte fest\u00ebn njer\u00ebzve&#8221;.<\/p>\n\n\n\n<figure class=\"wp-block-image is-resized\"><img decoding=\"async\" src=\"https:\/\/gdb.rferl.org\/dbd132f1-592f-4dd1-86eb-08decad17715_w250_r0_s.jpg\" alt=\"Elena Trofimova pas arrestimit t\u00eb saj\" style=\"aspect-ratio:0.7492877492877493;width:263px;height:auto\"\/><figcaption class=\"wp-element-caption\">Elena Trofimova pas arrestimit t\u00eb saj<\/figcaption><\/figure>\n\n\n\n<p class=\"wp-block-paragraph\">&#8220;Prit\u00ebm gjat\u00eb p\u00ebr oficerin e policis\u00eb lokale. Nd\u00ebrsa prisnim, m\u00eb than\u00eb se isha armiku m\u00eb i keq i vendit tim, se do t\u00eb m\u00eb \u00e7onin n\u00eb nj\u00eb spital psikiatrik, ku i p\u00ebrkiste, dhe se burgu po qante p\u00ebr mua p\u00ebr 25 vjet. Djali im do t\u00eb kthehej nga lufta dhe nuk do t\u00eb ishte n\u00eb gjendje ta shihte m\u00eb n\u00ebn\u00ebn e tij. Me sa duket, ata n\u00ebnkuptonin se ai nuk do t\u00eb jetonte deri n\u00eb 85 vje\u00e7 atje&#8221;, shkroi Trofimova n\u00eb rrjetet sociale.<\/p>\n\n\n\n<p class=\"wp-block-paragraph\">N\u00eb stacionin e policis\u00eb, ata konfiskuan nj\u00eb poster q\u00eb k\u00ebrkonte kthimin e djalit t\u00eb saj nga fronti, dhe tre or\u00eb m\u00eb von\u00eb e liruan pa nj\u00eb raport.<\/p>\n\n\n\n<p class=\"wp-block-paragraph\">&#8220;N\u00ebse merrni parasysh se k\u00eb po kap ekipi yn\u00eb antiterroriz\u00ebm (mua, n\u00ebna e nj\u00eb t\u00eb riu q\u00eb u mobilizua pothuajse kat\u00ebr vjet m\u00eb par\u00eb), b\u00ebhet pak m\u00eb e qart\u00eb pse shp\u00ebrthimet po gj\u00ebmojn\u00eb n\u00eb t\u00eb gjith\u00eb vendin dhe rafinerit\u00eb e naft\u00ebs po digjen&#8221;, shkroi Elena Trofimova.<\/p>\n\n\n\n<p class=\"wp-block-paragraph\">M\u00eb 7 korrik, ajo doli me nj\u00eb poster n\u00eb nd\u00ebrtes\u00ebn e zyr\u00ebs s\u00eb regjistrimit dhe rekrutimit ushtarak t\u00eb qytetit n\u00eb Abakan, dhe m\u00eb 26 shtator 2025 &#8211; n\u00eb p\u00ebrvjetorin e mobilizimit t\u00eb djalit t\u00eb saj &#8211; ajo q\u00ebndroi n\u00eb nj\u00eb kunj jasht\u00eb nd\u00ebrtes\u00ebs s\u00eb qeveris\u00eb s\u00eb Khakassia, punonj\u00ebsit e s\u00eb cil\u00ebs dol\u00ebn tek ajo vet\u00ebm p\u00ebr ta bindur t\u00eb largohej.<\/p>\n\n\n\n<p class=\"wp-block-paragraph\">&#8220;Ishte e r\u00ebnd\u00ebsishme p\u00ebr mua t\u00eb tregoja se jo t\u00eb gjith\u00eb, aspak t\u00eb gjith\u00eb, njer\u00ebzit i jan\u00eb n\u00ebnshtruar qeveris\u00eb. Ne e dim\u00eb q\u00eb Putin\u00ebt dhe Stalin\u00ebt vijn\u00eb e shkojn\u00eb, vdesin ose ikin p\u00ebr n\u00eb Per\u00ebndimin &#8216;n\u00eb kalbje&#8217;, por ne, populli, mbetemi. Ky \u00ebsht\u00eb vendi yn\u00eb, pavar\u00ebsisht se \u00e7far\u00eb kushtetute harton kushdo&#8221;, shkroi Trofimova.<\/p>\n\n\n\n<p class=\"wp-block-paragraph\">Ajo shprehu mb\u00ebshtetje p\u00ebr n\u00ebn\u00ebn e nj\u00eb ushtari tjet\u00ebr t\u00eb mobilizuar, Lidiya Egorova, e cila u ndalua n\u00eb Mosk\u00eb m\u00eb 21 shtator 2025, pas nj\u00eb proteste. Egorova m\u00eb pas u gjobit me 33,000 rubla p\u00ebr &#8220;diskreditim&#8221; t\u00eb ushtris\u00eb ruse dhe &#8220;mosbindje ndaj policis\u00eb&#8221;.<\/p>\n\n\n\n<figure class=\"wp-block-image is-resized\"><img decoding=\"async\" src=\"https:\/\/gdb.rferl.org\/093c2aa8-68be-465b-1ea9-08decad58b60_cx0_cy12_cw100_w650_r1_s.jpg\" alt=\"Nj\u00eb poster nga Elena Trofimova, t\u00eb cilin e b\u00ebri n\u00eb vitin 2025\" style=\"aspect-ratio:1.7735849056603774;width:658px;height:auto\"\/><figcaption class=\"wp-element-caption\">Nj\u00eb poster nga Elena Trofimova, t\u00eb cilin e b\u00ebri n\u00eb vitin 2025<\/figcaption><\/figure>\n\n\n\n<p class=\"wp-block-paragraph\">&#8220;Kam frik\u00eb kur nj\u00eb vajz\u00eb 20-vje\u00e7are thot\u00eb se ka frik\u00eb t\u00eb shoh\u00eb postimet e mia n\u00eb VK; ajo ka frik\u00eb p\u00ebr mua. Nj\u00eb 20-vje\u00e7are q\u00eb nuk e njeh ila\u00e7in nd\u00ebshkues t\u00eb Brezhnjevit, q\u00eb natyrisht nuk e njeh frik\u00ebn e nj\u00eb trokitjeje n\u00eb der\u00eb n\u00eb mesnat\u00eb n\u00ebn Stalinin, nj\u00eb person q\u00eb ka lindur dhe ka jetuar gjith\u00eb jet\u00ebn e tij n\u00ebn Putinin &#8211; ai person \u00ebsht\u00eb i frik\u00ebsuar!&#8221; shkruan Elena Trofimova.<\/p>\n\n\n\n<p class=\"wp-block-paragraph\">N\u00eb vitin 2024, ajo linte lule \u00e7do t\u00eb shtun\u00eb te Flaka e P\u00ebrjetshme n\u00eb Abakan, duke i lidhur ato me nj\u00eb fjongo me mbishkrimin &#8220;Grat\u00eb e Rusis\u00eb p\u00ebr Paqen&#8221;. Ajo vendosi buqeta me lule n\u00eb nd\u00ebrtes\u00ebn e zyr\u00ebs s\u00eb regjistrimit dhe rekrutimit ushtarak me sloganin &#8220;Kthejini t\u00eb gjall\u00eb ushtar\u00ebt e mobilizuar&#8221;. Pas nj\u00eb ngjarjeje t\u00eb till\u00eb, ajo u gjobit nga policia e trafikut p\u00ebr dyshimin se kishte nj\u00eb targ\u00eb t\u00eb ndyr\u00eb.<\/p>\n\n\n\n<p class=\"wp-block-paragraph\">Nj\u00eb dit\u00eb, tregon Trofimova, nj\u00eb burr\u00eb me rroba civile ia shqyeu nj\u00eb fjongo nj\u00ebr\u00ebs prej buqetave dhe m\u00eb pas, pa e treguar fytyr\u00ebn, eci drejt selis\u00eb lokale t\u00eb FSB-s\u00eb.<\/p>\n\n\n\n<h3 class=\"wp-block-heading\">&#8220;Po t\u00eb presim t\u00eb vish n\u00eb sht\u00ebpi.&#8221;<\/h3>\n\n\n\n<p class=\"wp-block-paragraph\">Mobilizimi i vitit 2022 shkaktoi jo vet\u00ebm nj\u00eb eksod masiv t\u00eb burrave n\u00eb mosh\u00eb rekrutimi nga vendi, por edhe protesta n\u00eb rrug\u00eb, t\u00eb rralla n\u00eb Rusin\u00eb e sotme. N\u00eb Kyzyl, rreth 100 gra&nbsp;<a href=\"https:\/\/www.svoboda.org\/a\/v-tuve-mirnyy-zhenskiy-protest-zakonchilsya-massovymi-zhestkimi-zaderzhaniyami\/32059828.html\">u mblodh\u00ebn<\/a>&nbsp;n\u00eb sheshin Arata n\u00eb qend\u00ebr t\u00eb qytetit p\u00ebr nj\u00eb protest\u00eb spontane; rreth 30 nga pjes\u00ebmarr\u00ebset u ndaluan nga policia. Protesta t\u00eb tilla nuk kan\u00eb ndodhur n\u00eb Tuva p\u00ebr shum\u00eb vite dhe rajoni konsiderohet si nj\u00eb nga m\u00eb pro-qeveritar\u00ebt: Rusia e Bashkuar dhe Putini zakonisht mbledhin rreth 90% t\u00eb votave n\u00eb rajon.<\/p>\n\n\n\n<p class=\"wp-block-paragraph\">N\u00eb shtator t\u00eb vitit 2022,&nbsp;<a href=\"https:\/\/meduza.io\/feature\/2022\/09\/25\/zhenschiny-v-dagestane-i-drugih-regionah-vyshli-protestovat-protiv-mobilizatsii?ysclid=mta5kq4eab649873889\">protesta<\/a>&nbsp;shp\u00ebrthyen edhe n\u00eb Makhachkala qendrore. Pjes\u00ebmarr\u00ebsit deklaruan hapur: &#8220;Rusia sulmoi Ukrain\u00ebn. Ne nuk jemi t\u00eb verb\u00ebr&#8221;. Banor\u00ebt e distriktit Khasavyurt iu bashkuan k\u00ebtyre protestave, por policia i shtypi ato duke p\u00ebrdorur arm\u00eb elektrike dhe sprej me piper.<\/p>\n\n\n\n<p class=\"wp-block-paragraph\">Sipas OVD-Info, n\u00eb pes\u00eb dit\u00ebt pas shpalljes s\u00eb mobilizimit, policia&nbsp;<a href=\"https:\/\/ovd.info\/news\/2022\/09\/25\/spiski-zaderzhannyh-v-svyazi-s-akciyami-protiv-mobilizacii-25-sentyabrya\">arrestoi<\/a>&nbsp;m\u00eb shum\u00eb se 2,000 persona n\u00eb m\u00eb shum\u00eb se 40 qytete ruse.<\/p>\n\n\n\n<p class=\"wp-block-paragraph\">Nj\u00eb val\u00eb e re protestash filloi n\u00eb ver\u00ebn e vitit 2023, kur u b\u00eb e qart\u00eb se autoritetet nuk kishin nd\u00ebrmend t\u00eb kthenin ushtar\u00ebt e mobilizuar n\u00eb sht\u00ebpi si pjes\u00eb e rotacionit. U shfaq\u00ebn disa l\u00ebvizje t\u00eb grave t\u00eb ushtar\u00ebve t\u00eb mobilizuar, m\u00eb e spikatura prej t\u00eb cilave quhej &#8220;Rruga p\u00ebr n\u00eb Sht\u00ebpi&#8221;. Pjes\u00ebmarr\u00ebsit e saj organizuan protesta t\u00eb heshtura n\u00eb Mosk\u00eb dhe qytete t\u00eb tjera dhe mor\u00ebn pjes\u00eb n\u00eb tubime t\u00eb autorizuara, t\u00eb tilla si ato t\u00eb Partis\u00eb Komuniste t\u00eb Federat\u00ebs Ruse. P\u00ebr nj\u00ebfar\u00eb kohe, autoritetet hezituan t\u00eb nd\u00ebrhynin tek aktivist\u00ebt. Megjithat\u00eb, n\u00eb maj 2024, &#8220;Rruga p\u00ebr n\u00eb Sht\u00ebpi&#8221; dhe aktivistja e saj, Maria Andreyeva,&nbsp;<a href=\"https:\/\/ru.themoscowtimes.com\/2024\/05\/31\/minyust-obyavil-inoagentom-dvizhenie-zhen-mobilizovannih-put-domoi-a132597\">u shpall\u00ebn<\/a>&nbsp;&#8220;agjent\u00eb t\u00eb huaj&#8221;. Pas k\u00ebsaj, Andreyeva hesht dhe protestat n\u00eb rrug\u00eb t\u00eb l\u00ebvizjes u shuan.<\/p>\n\n\n\n<figure class=\"wp-block-image is-resized\"><img decoding=\"async\" src=\"https:\/\/gdb.rferl.org\/01000000-0a00-0242-aa3f-08dc2a323bb6_w650_r1_s.jpg\" alt=\"Pjes\u00ebmarr\u00ebsit e l\u00ebvizjes &quot;Rruga p\u00ebr n\u00eb Sht\u00ebpi&quot; organizojn\u00eb nj\u00eb tubim n\u00eb Sh\u00ebn Petersburg.\" style=\"aspect-ratio:1.7735849056603774;width:658px;height:auto\"\/><figcaption class=\"wp-element-caption\">Pjes\u00ebmarr\u00ebsit e l\u00ebvizjes &#8220;Rruga p\u00ebr n\u00eb Sht\u00ebpi&#8221; organizojn\u00eb nj\u00eb tubim n\u00eb Sh\u00ebn Petersburg.<\/figcaption><\/figure>\n\n\n\n<p class=\"wp-block-paragraph\">Megjithat\u00eb, n\u00eb gusht t\u00eb vitit 2026, grat\u00eb e t\u00eb mobilizuarve&nbsp;<a href=\"https:\/\/t.me\/PauliaMobility\/1460\">nis\u00ebn<\/a>&nbsp;nj\u00eb fushat\u00eb p\u00ebr mbledhjen e fondeve p\u00ebr t\u00eb p\u00ebrgatitur nj\u00eb padi p\u00ebr t\u00eb sfiduar pranin\u00eb e vazhdueshme t\u00eb burrave t\u00eb mobilizuar n\u00eb front. Padia synon t\u00eb mbroj\u00eb &#8220;t\u00eb drejtat kushtetuese t\u00eb kufizuara n\u00eb m\u00ebnyr\u00eb t\u00eb pacaktuar&#8221; t\u00eb burrave t\u00eb mobilizuar. Grat\u00eb dhe t\u00eb af\u00ebrmit e burrave t\u00eb mobilizuar po shkruajn\u00eb peticione drejtuar autoriteteve t\u00eb ndryshme dhe po postojn\u00eb n\u00eb mediat sociale, duke k\u00ebrkuar q\u00eb t\u00eb dashurit e tyre t\u00eb kthehen n\u00eb sht\u00ebpi.<\/p>\n\n\n\n<p class=\"wp-block-paragraph\">&#8220;Ndonj\u00ebher\u00eb ripostoj postime ku n\u00ebnat k\u00ebrkojn\u00eb kthimin e bijve t\u00eb tyre&#8221;, thot\u00eb Irina, nj\u00eb banore e Novosibirskit (&nbsp;<em>po i mbajm\u00eb t\u00eb fsheht\u00eb emrat e t\u00eb intervistuarve p\u00ebr sigurin\u00eb e tyre)<\/em>&nbsp;, dh\u00ebndri i s\u00eb cil\u00ebs \u00ebsht\u00eb mobilizuar p\u00ebr luft\u00eb. &#8220;Nuk po m\u00eb shqet\u00ebsojn\u00eb ende. Nuk duket se u intereson p\u00ebr mua dhe un\u00eb nuk shkruaj asgj\u00eb kriminale. \u00cbsht\u00eb ende e frikshme, por vdekja e t\u00eb dashurve \u00ebsht\u00eb edhe m\u00eb e frikshme.&#8221;<\/p>\n\n\n\n<p class=\"wp-block-paragraph\">N\u00eb vitet 2025 dhe 2026, pati edhe protesta t\u00eb izoluara n\u00eb rrug\u00eb. P\u00ebr shembull, nj\u00eb gjykat\u00eb n\u00eb Rostov-mbi-Don&nbsp;<a href=\"https:\/\/www.svoboda.org\/a\/v-rostove-oshtrafovali-za-plakat-zhdyom-mobilizovannyh-domoy\/33711582.html\">gjobiti<\/a>&nbsp;banorin vendas Yuri Bogachev me 20,000 rubla p\u00ebr nj\u00eb protest\u00eb solo m\u00eb 26 shkurt 2026. Bogachev kishte ardhur n\u00eb Memorialin e Ushtar\u00ebve t\u00eb R\u00ebn\u00eb me nj\u00eb pankart\u00eb ku shkruhej: &#8220;Po presim q\u00eb ushtar\u00ebt e mobilizuar t\u00eb kthehen n\u00eb sht\u00ebpi&#8221;. M\u00eb 12 shkurt, t\u00eb af\u00ebrmit e t\u00eb mobilizuarve&nbsp;<a href=\"https:\/\/t.me\/PYTY_DOMOY\/1957\">mbajt\u00ebn<\/a>&nbsp;protesta n\u00eb qytetin Zverevo n\u00eb rajonin e Rostovit. Ata erdh\u00ebn n\u00eb memorialin lokal p\u00ebr t\u00eb vrar\u00ebt n\u00eb Ukrain\u00eb me pankarta ku shkruhej: &#8220;Po presim q\u00eb ju t\u00eb ktheheni n\u00eb sht\u00ebpi&#8221;.<\/p>\n\n\n\n<h3 class=\"wp-block-heading\">&#8220;Nj\u00eb protest\u00eb mund t\u00eb ndodh\u00eb.&#8221;<\/h3>\n\n\n\n<p class=\"wp-block-paragraph\">Nd\u00ebrkoh\u00eb, vazhdojn\u00eb t\u00eb flitet p\u00ebr nj\u00eb val\u00eb t\u00eb re mobilizimi n\u00eb Rusi.<\/p>\n\n\n\n<p class=\"wp-block-paragraph\">N\u00eb gusht, Wall Street Journal&nbsp;<a href=\"https:\/\/meduza.io\/news\/2026\/08\/23\/wsj-rossiyskie-voennye-provodyat-ucheniya-po-podgotovke-k-mobilizatsii?ysclid=mtb4bkb4e7842722340\" target=\"_blank\" rel=\"noopener\">raportoi<\/a>&nbsp;se n\u00eb rajonin e Kaliningradit u mbajt\u00ebn ushtrime mobilizimi. Grupi i haker\u00ebve Black Mirror&nbsp;<a href=\"https:\/\/t.me\/b8m_inf\/10444\">publikoi<\/a>&nbsp;nj\u00eb memo analitike t\u00eb Sberbank q\u00eb shqyrtonte skenar\u00ebt e mundsh\u00ebm p\u00ebr p\u00ebrfundimin e luft\u00ebs n\u00eb Ukrain\u00eb. Autor\u00ebt vler\u00ebsuan shanset e Putinit p\u00ebr t\u00eb pushtuar kat\u00ebr rajone ukrainase dhe p\u00ebr t\u00eb detyruar armikun t\u00eb p\u00ebrfundoj\u00eb paqen sipas kushteve t\u00eb tij (memoja \u00ebsht\u00eb e dat\u00ebs prill 2026) n\u00eb 7%. Analist\u00ebt besojn\u00eb se arritja e q\u00ebllimeve t\u00eb tilla n\u00eb nj\u00eb ose dy vitet e ardhshme \u00ebsht\u00eb e pamundur pa mobilizimin e 300,000-500,000 trupave.<\/p>\n\n\n\n<p class=\"wp-block-paragraph\">Megjithat\u00eb, analisti gjerman Janis Kluge&nbsp;<a href=\"https:\/\/t.me\/bbcrussian\/98140\">shkroi<\/a>&nbsp;n\u00eb gusht se&nbsp;shkalla e rekrutimit t\u00eb rekrut\u00ebve t\u00eb rinj n\u00eb ushtrin\u00eb ruse me kontrat\u00eb&nbsp;Numri i rekrut\u00ebve \u00ebsht\u00eb rikthyer n\u00eb 1,000 n\u00eb dit\u00eb, q\u00eb \u00ebsht\u00eb i mjaftuesh\u00ebm p\u00ebr t\u00eb zhvilluar nj\u00eb fushat\u00eb pa mobilizim masiv. Kluge llogarit numrin e rekrut\u00ebve t\u00eb rinj bazuar n\u00eb t\u00eb dh\u00ebnat e buxhetit, t\u00eb cilat pasqyrojn\u00eb pagesat n\u00eb para t\u00eb gatshme. N\u00eb fillim t\u00eb vitit, ai vuri re nj\u00eb r\u00ebnie t\u00eb ndjeshme t\u00eb rekrutimit &#8211; deri n\u00eb 800 n\u00eb dit\u00eb &#8211; por tani shkalla \u00ebsht\u00eb rikuperuar. Autoritetet rajonale&nbsp;<a href=\"https:\/\/t.me\/sibrealii\/38164\">vazhdojn\u00eb<\/a>&nbsp;t\u00eb rrisin pagesat p\u00ebr n\u00ebnshkrimin e kontratave dhe autoritetet vazhdojn\u00eb t\u00eb rekrutojn\u00eb student\u00eb n\u00eb &#8220;trupat me dron\u00eb&#8221;.<\/p>\n\n\n\n<figure class=\"wp-block-image is-resized\"><img decoding=\"async\" src=\"https:\/\/gdb.rferl.org\/0c530000-0aff-0242-34da-08da9e60e3d2_w650_r1_s.jpg\" alt=\"Protesta kund\u00ebr mobilizimit n\u00eb Mosk\u00eb, shtator 2022\" style=\"aspect-ratio:1.7735849056603774;width:658px;height:auto\"\/><figcaption class=\"wp-element-caption\">Protesta kund\u00ebr mobilizimit n\u00eb Mosk\u00eb, shtator 2022<\/figcaption><\/figure>\n\n\n\n<p class=\"wp-block-paragraph\">N\u00eb t\u00eb nj\u00ebjt\u00ebn koh\u00eb, autoritetet mund t\u00eb ken\u00eb ende nevoj\u00eb p\u00ebr rekrutim shtes\u00eb p\u00ebr t\u00eb forcuar ofensiv\u00ebn n\u00eb front,&nbsp;<a href=\"https:\/\/www.youtube.com\/watch?v=1-fIAvhCW6E&amp;t=1518s\">v\u00ebren<\/a>&nbsp;Grigory Sverdlin, themelues i &#8220;Go to the Forest&#8221;, duke vler\u00ebsuar mund\u00ebsin\u00eb e nj\u00eb vale t\u00eb dyt\u00eb mobilizimi n\u00eb af\u00ebrsisht 30%.<\/p>\n\n\n\n<p class=\"wp-block-paragraph\">Nj\u00eb mobilizim masiv nuk do t\u00eb ndodh\u00eb, por qeveria ka t\u00eb ngjar\u00eb t\u00eb intensifikoj\u00eb k\u00ebrkimin p\u00ebr rekrut\u00eb duke p\u00ebrdorur mjetet ekzistuese,&nbsp;<a href=\"https:\/\/www.youtube.com\/watch?v=rOSCkkcyHNo\">sipas themeluesit t\u00eb CIT, Ruslan Leviev. Ai beson se kjo do t\u00eb ndodh\u00eb sepse udh\u00ebheq\u00ebsit rajonal\u00eb do t\u00eb duhet t\u00eb raportojn\u00eb n\u00eb qendr\u00ebn federale mbi normat e rekrutimit deri n\u00eb fund t\u00eb vitit.&nbsp;<\/a>Rekrutimi i detyruar&nbsp;do t\u00eb zbatohet n\u00eb vitin 2026.\u00ebsht\u00eb b\u00ebr\u00eb praktikisht e zakonshme: nga 10 deri m\u00eb 18 gusht, projekti &#8220;Shko n\u00eb pyll&#8221;&nbsp;<a href=\"https:\/\/t.me\/iditelesom_help\/7886\">mori<\/a>&nbsp;14 raportime p\u00ebr ndalimin e burrave q\u00eb u detyruan t\u00eb n\u00ebnshkruanin kontrata me Ministrin\u00eb e Mbrojtjes.<\/p>\n\n\n\n<p class=\"wp-block-paragraph\">Sergei Krivenko, drejtor i grupit t\u00eb t\u00eb drejtave t\u00eb njeriut &#8220;Qytetari. Ushtria. Ligji&#8221;, v\u00ebren se shteti \u00ebsht\u00eb shum\u00eb m\u00eb i p\u00ebrgatitur p\u00ebr mobilizim masiv n\u00eb vitin 2026 sesa ishte kat\u00ebr vjet m\u00eb par\u00eb. Nj\u00eb &#8220;regjist\u00ebr thirrjesh&#8221; \u00ebsht\u00eb nisur n\u00eb t\u00eb gjith\u00eb vendin, me rekrut\u00ebt q\u00eb thirren n\u00eb zyrat e regjistrimit dhe rekrutimit ushtarak p\u00ebr verifikimin e t\u00eb dh\u00ebnave dhe l\u00ebshimin&nbsp;e urdhrave t\u00eb mobilizimit ., dhe disave u ndalohet t\u00eb largohen nga vendi.<\/p>\n\n\n\n<p class=\"wp-block-paragraph\">N\u00eb vitin 2022, autoritetet shpall\u00ebn mobilizimin hapur: thirrjet filluan t\u00eb shp\u00ebrndaheshin masivisht p\u00ebr ata q\u00eb ishin t\u00eb p\u00ebrshtatsh\u00ebm p\u00ebr sh\u00ebrbim ushtarak pas dekretit p\u00ebrkat\u00ebs presidencial. Tani, nj\u00eb skenar tjet\u00ebr \u00ebsht\u00eb teknikisht i mundur: p\u00ebrdorimi i sistemit ekzistues t\u00eb regjistrimit dixhital dhe thirrja graduale e njer\u00ebzve, duke shmangur ndjesin\u00eb e papritur t\u00eb nj\u00eb fushate t\u00eb re mobilizimi. P\u00ebr m\u00eb tep\u00ebr, dekreti presidencial i vitit 2022 dhe Ligji Federal Nr. 31-FZ mbi mobilizimin jan\u00eb ende n\u00eb fuqi, k\u00ebshtu q\u00eb shpallja zyrtare e tij \u00ebsht\u00eb e panevojshme.<\/p>\n\n\n\n<p class=\"wp-block-paragraph\">&#8220;Sistemi \u00ebsht\u00eb gati t\u00eb rekrutoj\u00eb deri n\u00eb 500,000 njer\u00ebz n\u00eb \u00e7do moment si pjes\u00eb e nj\u00eb mobilizimi. Por ne nuk e dim\u00eb se \u00e7far\u00eb po planifikojn\u00eb autoritetet, k\u00ebshtu q\u00eb do ta vler\u00ebsoja mund\u00ebsin\u00eb e nj\u00eb mobilizimi tjet\u00ebr n\u00eb 50\/50&#8221;, thot\u00eb eksperti. &#8220;Nga nj\u00ebra an\u00eb, mund t\u00eb k\u00ebrkohet veprim m\u00eb aktiv n\u00eb vij\u00ebn e par\u00eb, por nga ana tjet\u00ebr, sistemi aktual i rekrutimit ende po p\u00ebrballet. Vala e dyt\u00eb mund t\u00eb jet\u00eb m\u00eb e p\u00ebrhapur: thirrjet, p\u00ebr shembull, do t&#8217;u d\u00ebrgohen atyre q\u00eb kan\u00eb p\u00ebrdit\u00ebsuar s\u00eb fundmi t\u00eb dh\u00ebnat e zyr\u00ebs s\u00eb regjistrimit dhe rekrutimit ushtarak dhe atyre q\u00eb kan\u00eb nj\u00eb urdh\u00ebr mobilizimi. Me fjal\u00eb t\u00eb tjera, ata nuk do t\u00eb d\u00ebrgojn\u00eb thirrje masivisht n\u00eb nj\u00eb ngjarje t\u00eb vetme, n\u00eb m\u00ebnyr\u00eb q\u00eb t\u00eb shmangin perceptimin e nj\u00eb vale t\u00eb dyt\u00eb n\u00eb mesin e popullsis\u00eb. Ata me thirrje mund t\u00eb ndalohen t\u00eb largohen nga vendi, p\u00ebr shembull. Por njer\u00ebzit do t\u00eb ikin p\u00ebrs\u00ebri, sepse shum\u00eb thjesht nuk do t&#8217;i presin ato.&#8221;<\/p>\n\n\n\n<p class=\"wp-block-paragraph\">Ligji aktual&nbsp;<a href=\"https:\/\/www.svoboda.org\/a\/risk-perestal-bytj-teoreticheskim-zhdatj-li-novoy-mobilizatsii-v-rossii\/33794105.html\" target=\"_blank\" rel=\"noopener\">nuk<\/a>&nbsp;i ndalon rezervist\u00ebt q\u00eb mbajn\u00eb dokumente ushtarake t\u00eb largohen nga vendi, edhe n\u00ebse nuk paraqiten n\u00eb zyr\u00ebn e regjistrimit dhe rekrutimit ushtarak p\u00ebr verifikim. Gjobat p\u00ebr mosparaqitje n\u00eb mobilizim jan\u00eb rritur, por kjo ende nuk p\u00ebrb\u00ebn vep\u00ebr penale, thekson Krivenko.<\/p>\n\n\n\n<figure class=\"wp-block-image is-resized\"><img decoding=\"async\" src=\"https:\/\/gdb.rferl.org\/001a0000-0aff-0242-a577-08dabd96ea12_w650_r1_s.jpg\" alt=\"Sergej Krivenko\" style=\"aspect-ratio:1.7735849056603774;width:658px;height:auto\"\/><figcaption class=\"wp-element-caption\">Sergej Krivenko<\/figcaption><\/figure>\n\n\n\n<p class=\"wp-block-paragraph\">Sipas ekspertit, autoritetet ende kan\u00eb frik\u00eb nga protesta t\u00eb reja t\u00eb hapura.<\/p>\n\n\n\n<p class=\"wp-block-paragraph\">Kjo \u00ebsht\u00eb aktualisht pengesa kryesore e Kremlinit ndaj mobilizimit masiv. Ata po debatojn\u00eb n\u00ebse duhet t\u00eb kryejn\u00eb nj\u00eb eksperiment t\u00eb till\u00eb apo jo. Sidomos pasi njer\u00ebzit tani kan\u00eb p\u00ebrvoj\u00eb q\u00eb tregon se qeveria i ka mashtruar, duke i rekrutuar p\u00ebr disa vite pa asnj\u00eb fund n\u00eb horizont. Prandaj, pavar\u00ebsisht intensifikimit t\u00eb masave represive, mendoj se do t\u00eb ket\u00eb protesta n\u00eb rast mobilizimi, dhe mjaft t\u00eb p\u00ebrhapura, sepse nuk ka ku t\u00eb drejtohesh tjet\u00ebr. \u00cbsht\u00eb nj\u00eb gj\u00eb t\u00eb jetosh me shpres\u00ebn se do t\u00eb d\u00ebrgohesh p\u00ebr tre jav\u00eb, si nj\u00eb kamp st\u00ebrvitjeje ushtarake, si\u00e7 mendonin shum\u00eb n\u00eb vitin 2022. Qeveria at\u00ebher\u00eb projektoi imazhin se kampi i st\u00ebrvitjes do t\u00eb mbaronte dhe burrat do t\u00eb ktheheshin menj\u00ebher\u00eb. \u00cbsht\u00eb krejt tjet\u00ebr gj\u00eb tani, kur kjo nuk \u00ebsht\u00eb m\u00eb e mundur, se mobilizimi mund t\u00eb provokoj\u00eb nj\u00eb eg\u00ebrsi edhe m\u00eb t\u00eb madhe.<\/p>\n\n\n\n<p class=\"wp-block-paragraph\">Fjal\u00ebt e Krivenkos konfirmohen, n\u00eb ve\u00e7anti, nga reagimi ndaj bastisjeve&nbsp;<strong><\/strong>q\u00eb synonin detyrimin e burrave p\u00ebr t\u00eb marr\u00eb pjes\u00eb n\u00eb luft\u00ebn kund\u00ebr Ukrain\u00ebs n\u00eb Penza. Atje, banor\u00ebt vendas vendos\u00ebn&nbsp;<a href=\"https:\/\/www.svoboda.org\/a\/lyudi-skolotili-druzhinu-kak-rossiyane-otbivayut-muzhchin-u-verbovschikov\/33825337.html\" target=\"_blank\" rel=\"noopener\">t\u00eb formonin<\/a>&nbsp;milicit\u00eb p\u00ebr t\u00eb, si\u00e7 e than\u00eb ata, &#8220;luftuar burrat&#8221;.<\/p>\n\n\n\n<p class=\"wp-block-paragraph\"><strong>N\u00eb fillim t\u00eb shtatorit, Vladimir Putin e hodhi posht\u00eb p\u00ebrs\u00ebri mund\u00ebsin\u00eb e nj\u00eb mobilizimi t\u00eb af\u00ebrt n\u00eb Rusi. Duke iu p\u00ebrgjigjur pyetjes s\u00eb nj\u00eb gazetari gjat\u00eb nj\u00eb konference p\u00ebr shtyp pas samitit t\u00eb Organizat\u00ebs s\u00eb Bashk\u00ebpunimit t\u00eb Shangait n\u00eb Bishkek, ai tha se ishte &#8220;absurditet i plot\u00eb&#8221; dhe nj\u00eb &#8220;sulm informativ ndaj Rusis\u00eb&#8221;. Pastaj, n\u00eb nj\u00eb takim t\u00eb Forumit Ekonomik Lindor, Putin komentoi p\u00ebrs\u00ebri mbi thashethemet p\u00ebr mobilizim, duke i quajtur ato &#8220;nj\u00eb sulm informativ nga armiku p\u00ebrpara zgjedhjeve t\u00eb Dum\u00ebs Shtet\u00ebrore, n\u00eb nj\u00eb p\u00ebrpjekje p\u00ebr t\u00eb ndikuar n\u00eb rezultat&#8221;.<\/strong><\/p>\n\n\n\n<p class=\"wp-block-paragraph\">N\u00eb fillim t\u00eb vitit 2022, Vladimir Putin deklaroi gjithashtu vazhdimisht se autoritetet nuk do t\u00eb mobilizonin ose th\u00ebrrisnin rezervist\u00ebt. Megjithat\u00eb, n\u00eb shtator 2022, nj\u00eb &#8220;mobilizim i pjessh\u00ebm&#8221; u shpall me nj\u00eb dekret t\u00eb posa\u00e7\u00ebm nga Putini. Tani, pavar\u00ebsisht deklaratave t\u00eb autoriteteve, n\u00eb Rusi po shfaqen shenja t\u00eb reja t\u00eb nj\u00eb mobilizimi t\u00eb ri t\u00eb mundsh\u00ebm: n\u00eb rajone, burrat po ndalohen n\u00eb rrug\u00eb dhe detyrohen t\u00eb n\u00ebnshkruajn\u00eb kontrata, dhe autoritetet po krijojn\u00eb&nbsp;nj\u00eb &#8220;regjist\u00ebr rekrut\u00ebsh&#8221;.Mediat per\u00ebndimore&nbsp;<a href=\"https:\/\/meduza.io\/news\/2026\/08\/23\/wsj-rossiyskie-voennye-provodyat-ucheniya-po-podgotovke-k-mobilizatsii?ysclid=mtb4bkb4e7842722340\" target=\"_blank\" rel=\"noopener\">po raportojn\u00eb<\/a>&nbsp;p\u00ebr ushtrime mobilizimi. Vala e par\u00eb e mobilizimit n\u00eb vitin 2022 shkaktoi nj\u00eb val\u00eb t\u00eb t\u00eb rinjve q\u00eb iknin nga vendi dhe shfaqjen e nj\u00eb l\u00ebvizjeje proteste nga grat\u00eb dhe n\u00ebnat e t\u00eb mobilizuarve, t\u00eb cil\u00ebn autoritetet deri m\u00eb tani nuk kan\u00eb arritur ta shtypin plot\u00ebsisht.<\/p>\n\n\n\n<p class=\"wp-block-paragraph\">Sipas nj\u00eb eksperti t\u00eb intervistuar nga Sibir.Realii, \u00ebsht\u00eb pik\u00ebrisht frika se njer\u00ebzit n\u00eb Rusi do ta p\u00ebrballojn\u00eb mobilizimin e hapur me nj\u00eb &#8220;eg\u00ebrsi&#8221; edhe m\u00eb t\u00eb madhe q\u00eb mund t&#8217;i pengoj\u00eb autoritetet t\u00eb marrin k\u00ebt\u00eb vendim. Por at\u00ebher\u00eb, mobilizimi i fsheht\u00eb ka t\u00eb ngjar\u00eb t\u00eb vazhdoj\u00eb n\u00eb vend.<\/p>\n\n\n\n<h3 class=\"wp-block-heading\">&#8220;Un\u00eb jam armiku m\u00eb i keq i vendit tim.&#8221;<\/h3>\n\n\n\n<p class=\"wp-block-paragraph\">M\u00eb 8 gusht 2026, Abakan, kryeqyteti i Khakassia-s, festoi 95-vjetorin e tij. Shaman&nbsp;po p\u00ebrgatitej t\u00eb performonte n\u00eb stadiumin lokal Sayany.(Jaroslav Dronov).<\/p>\n\n\n\n<p class=\"wp-block-paragraph\">Para koncertit, ai firmosi kitara p\u00ebr &#8220;d\u00ebrgimin te djemt\u00eb n\u00eb zon\u00ebn SVO&#8221;. N\u00eb t\u00eb nj\u00ebjt\u00ebn koh\u00eb, 60-vje\u00e7arja Elena Trofimova, nj\u00eb punonj\u00ebse e Fondit lokal t\u00eb Sigurimeve Shoq\u00ebrore, po protestonte pran\u00eb stadiumit. Ajo mbante nj\u00eb pankart\u00eb ku shkruhej: &#8220;M\u00eb ktheni djalin! Mobilizuar m\u00eb 26 shtator 2022&#8221;.<\/p>\n\n\n\n<p class=\"wp-block-paragraph\">Trofimova arriti t\u00eb q\u00ebndronte me k\u00ebt\u00eb poster p\u00ebr rreth 15 minuta, pas s\u00eb cil\u00ebs iu afruan njer\u00ebz nga &#8220;departamenti i antiterrorizmit&#8221; (&nbsp;<em>Trofimova nuk specifikoi n\u00ebse po i referoheshin Qendr\u00ebs E apo FSB-s\u00eb \u2013 SR<\/em>&nbsp;). Ata i than\u00eb Elen\u00ebs se k\u00ebrkohej leje p\u00ebr nj\u00eb protest\u00eb solo dhe se me problemet e saj, ajo po &#8220;ua prishte fest\u00ebn njer\u00ebzve&#8221;.<\/p>\n\n\n\n<figure class=\"wp-block-image is-resized\"><img decoding=\"async\" src=\"https:\/\/gdb.rferl.org\/dbd132f1-592f-4dd1-86eb-08decad17715_w250_r0_s.jpg\" alt=\"Elena Trofimova pas arrestimit t\u00eb saj\" style=\"aspect-ratio:0.7492877492877493;width:263px;height:auto\"\/><figcaption class=\"wp-element-caption\">Elena Trofimova pas arrestimit t\u00eb saj<\/figcaption><\/figure>\n\n\n\n<p class=\"wp-block-paragraph\">&#8220;Prit\u00ebm gjat\u00eb p\u00ebr oficerin e policis\u00eb lokale. Nd\u00ebrsa prisnim, m\u00eb than\u00eb se isha armiku m\u00eb i keq i vendit tim, se do t\u00eb m\u00eb \u00e7onin n\u00eb nj\u00eb spital psikiatrik, ku i p\u00ebrkiste, dhe se burgu po qante p\u00ebr mua p\u00ebr 25 vjet. Djali im do t\u00eb kthehej nga lufta dhe nuk do t\u00eb ishte n\u00eb gjendje ta shihte m\u00eb n\u00ebn\u00ebn e tij. Me sa duket, ata n\u00ebnkuptonin se ai nuk do t\u00eb jetonte deri n\u00eb 85 vje\u00e7 atje&#8221;, shkroi Trofimova n\u00eb rrjetet sociale.<\/p>\n\n\n\n<p class=\"wp-block-paragraph\">N\u00eb stacionin e policis\u00eb, ata konfiskuan nj\u00eb poster q\u00eb k\u00ebrkonte kthimin e djalit t\u00eb saj nga fronti, dhe tre or\u00eb m\u00eb von\u00eb e liruan pa nj\u00eb raport.<\/p>\n\n\n\n<p class=\"wp-block-paragraph\">&#8220;N\u00ebse merrni parasysh se k\u00eb po kap ekipi yn\u00eb antiterroriz\u00ebm (mua, n\u00ebna e nj\u00eb t\u00eb riu q\u00eb u mobilizua pothuajse kat\u00ebr vjet m\u00eb par\u00eb), b\u00ebhet pak m\u00eb e qart\u00eb pse shp\u00ebrthimet po gj\u00ebmojn\u00eb n\u00eb t\u00eb gjith\u00eb vendin dhe rafinerit\u00eb e naft\u00ebs po digjen&#8221;, shkroi Elena Trofimova.<\/p>\n\n\n\n<p class=\"wp-block-paragraph\">M\u00eb 7 korrik, ajo doli me nj\u00eb poster n\u00eb nd\u00ebrtes\u00ebn e zyr\u00ebs s\u00eb regjistrimit dhe rekrutimit ushtarak t\u00eb qytetit n\u00eb Abakan, dhe m\u00eb 26 shtator 2025 &#8211; n\u00eb p\u00ebrvjetorin e mobilizimit t\u00eb djalit t\u00eb saj &#8211; ajo q\u00ebndroi n\u00eb nj\u00eb kunj jasht\u00eb nd\u00ebrtes\u00ebs s\u00eb qeveris\u00eb s\u00eb Khakassia, punonj\u00ebsit e s\u00eb cil\u00ebs dol\u00ebn tek ajo vet\u00ebm p\u00ebr ta bindur t\u00eb largohej.<\/p>\n\n\n\n<p class=\"wp-block-paragraph\">&#8220;Ishte e r\u00ebnd\u00ebsishme p\u00ebr mua t\u00eb tregoja se jo t\u00eb gjith\u00eb, aspak t\u00eb gjith\u00eb, njer\u00ebzit i jan\u00eb n\u00ebnshtruar qeveris\u00eb. Ne e dim\u00eb q\u00eb Putin\u00ebt dhe Stalin\u00ebt vijn\u00eb e shkojn\u00eb, vdesin ose ikin p\u00ebr n\u00eb Per\u00ebndimin &#8216;n\u00eb kalbje&#8217;, por ne, populli, mbetemi. Ky \u00ebsht\u00eb vendi yn\u00eb, pavar\u00ebsisht se \u00e7far\u00eb kushtetute harton kushdo&#8221;, shkroi Trofimova.<\/p>\n\n\n\n<p class=\"wp-block-paragraph\">Ajo shprehu mb\u00ebshtetje p\u00ebr n\u00ebn\u00ebn e nj\u00eb ushtari tjet\u00ebr t\u00eb mobilizuar, Lidiya Egorova, e cila u ndalua n\u00eb Mosk\u00eb m\u00eb 21 shtator 2025, pas nj\u00eb proteste. Egorova m\u00eb pas u gjobit me 33,000 rubla p\u00ebr &#8220;diskreditim&#8221; t\u00eb ushtris\u00eb ruse dhe &#8220;mosbindje ndaj policis\u00eb&#8221;.<\/p>\n\n\n\n<figure class=\"wp-block-image is-resized\"><img decoding=\"async\" src=\"https:\/\/gdb.rferl.org\/093c2aa8-68be-465b-1ea9-08decad58b60_cx0_cy12_cw100_w650_r1_s.jpg\" alt=\"Nj\u00eb poster nga Elena Trofimova, t\u00eb cilin e b\u00ebri n\u00eb vitin 2025\" style=\"aspect-ratio:1.7735849056603774;width:658px;height:auto\"\/><figcaption class=\"wp-element-caption\">Nj\u00eb poster nga Elena Trofimova, t\u00eb cilin e b\u00ebri n\u00eb vitin 2025<\/figcaption><\/figure>\n\n\n\n<p class=\"wp-block-paragraph\">&#8220;Kam frik\u00eb kur nj\u00eb vajz\u00eb 20-vje\u00e7are thot\u00eb se ka frik\u00eb t\u00eb shoh\u00eb postimet e mia n\u00eb VK; ajo ka frik\u00eb p\u00ebr mua. Nj\u00eb 20-vje\u00e7are q\u00eb nuk e njeh ila\u00e7in nd\u00ebshkues t\u00eb Brezhnjevit, q\u00eb natyrisht nuk e njeh frik\u00ebn e nj\u00eb trokitjeje n\u00eb der\u00eb n\u00eb mesnat\u00eb n\u00ebn Stalinin, nj\u00eb person q\u00eb ka lindur dhe ka jetuar gjith\u00eb jet\u00ebn e tij n\u00ebn Putinin &#8211; ai person \u00ebsht\u00eb i frik\u00ebsuar!&#8221; shkruan Elena Trofimova.<\/p>\n\n\n\n<p class=\"wp-block-paragraph\">N\u00eb vitin 2024, ajo linte lule \u00e7do t\u00eb shtun\u00eb te Flaka e P\u00ebrjetshme n\u00eb Abakan, duke i lidhur ato me nj\u00eb fjongo me mbishkrimin &#8220;Grat\u00eb e Rusis\u00eb p\u00ebr Paqen&#8221;. Ajo vendosi buqeta me lule n\u00eb nd\u00ebrtes\u00ebn e zyr\u00ebs s\u00eb regjistrimit dhe rekrutimit ushtarak me sloganin &#8220;Kthejini t\u00eb gjall\u00eb ushtar\u00ebt e mobilizuar&#8221;. Pas nj\u00eb ngjarjeje t\u00eb till\u00eb, ajo u gjobit nga policia e trafikut p\u00ebr dyshimin se kishte nj\u00eb targ\u00eb t\u00eb ndyr\u00eb.<\/p>\n\n\n\n<p class=\"wp-block-paragraph\">Nj\u00eb dit\u00eb, tregon Trofimova, nj\u00eb burr\u00eb me rroba civile ia shqyeu nj\u00eb fjongo nj\u00ebr\u00ebs prej buqetave dhe m\u00eb pas, pa e treguar fytyr\u00ebn, eci drejt selis\u00eb lokale t\u00eb FSB-s\u00eb.<\/p>\n\n\n\n<h3 class=\"wp-block-heading\">&#8220;Po t\u00eb presim t\u00eb vish n\u00eb sht\u00ebpi.&#8221;<\/h3>\n\n\n\n<p class=\"wp-block-paragraph\">Mobilizimi i vitit 2022 shkaktoi jo vet\u00ebm nj\u00eb eksod masiv t\u00eb burrave n\u00eb mosh\u00eb rekrutimi nga vendi, por edhe protesta n\u00eb rrug\u00eb, t\u00eb rralla n\u00eb Rusin\u00eb e sotme. N\u00eb Kyzyl, rreth 100 gra&nbsp;<a href=\"https:\/\/www.svoboda.org\/a\/v-tuve-mirnyy-zhenskiy-protest-zakonchilsya-massovymi-zhestkimi-zaderzhaniyami\/32059828.html\">u mblodh\u00ebn<\/a>&nbsp;n\u00eb sheshin Arata n\u00eb qend\u00ebr t\u00eb qytetit p\u00ebr nj\u00eb protest\u00eb spontane; rreth 30 nga pjes\u00ebmarr\u00ebset u ndaluan nga policia. Protesta t\u00eb tilla nuk kan\u00eb ndodhur n\u00eb Tuva p\u00ebr shum\u00eb vite dhe rajoni konsiderohet si nj\u00eb nga m\u00eb pro-qeveritar\u00ebt: Rusia e Bashkuar dhe Putini zakonisht mbledhin rreth 90% t\u00eb votave n\u00eb rajon.<\/p>\n\n\n\n<p class=\"wp-block-paragraph\">N\u00eb shtator t\u00eb vitit 2022,&nbsp;<a href=\"https:\/\/meduza.io\/feature\/2022\/09\/25\/zhenschiny-v-dagestane-i-drugih-regionah-vyshli-protestovat-protiv-mobilizatsii?ysclid=mta5kq4eab649873889\">protesta<\/a>&nbsp;shp\u00ebrthyen edhe n\u00eb Makhachkala qendrore. Pjes\u00ebmarr\u00ebsit deklaruan hapur: &#8220;Rusia sulmoi Ukrain\u00ebn. Ne nuk jemi t\u00eb verb\u00ebr&#8221;. Banor\u00ebt e distriktit Khasavyurt iu bashkuan k\u00ebtyre protestave, por policia i shtypi ato duke p\u00ebrdorur arm\u00eb elektrike dhe sprej me piper.<\/p>\n\n\n\n<p class=\"wp-block-paragraph\">Sipas OVD-Info, n\u00eb pes\u00eb dit\u00ebt pas shpalljes s\u00eb mobilizimit, policia&nbsp;<a href=\"https:\/\/ovd.info\/news\/2022\/09\/25\/spiski-zaderzhannyh-v-svyazi-s-akciyami-protiv-mobilizacii-25-sentyabrya\">arrestoi<\/a>&nbsp;m\u00eb shum\u00eb se 2,000 persona n\u00eb m\u00eb shum\u00eb se 40 qytete ruse.<\/p>\n\n\n\n<p class=\"wp-block-paragraph\">Nj\u00eb val\u00eb e re protestash filloi n\u00eb ver\u00ebn e vitit 2023, kur u b\u00eb e qart\u00eb se autoritetet nuk kishin nd\u00ebrmend t\u00eb kthenin ushtar\u00ebt e mobilizuar n\u00eb sht\u00ebpi si pjes\u00eb e rotacionit. U shfaq\u00ebn disa l\u00ebvizje t\u00eb grave t\u00eb ushtar\u00ebve t\u00eb mobilizuar, m\u00eb e spikatura prej t\u00eb cilave quhej &#8220;Rruga p\u00ebr n\u00eb Sht\u00ebpi&#8221;. Pjes\u00ebmarr\u00ebsit e saj organizuan protesta t\u00eb heshtura n\u00eb Mosk\u00eb dhe qytete t\u00eb tjera dhe mor\u00ebn pjes\u00eb n\u00eb tubime t\u00eb autorizuara, t\u00eb tilla si ato t\u00eb Partis\u00eb Komuniste t\u00eb Federat\u00ebs Ruse. P\u00ebr nj\u00ebfar\u00eb kohe, autoritetet hezituan t\u00eb nd\u00ebrhynin tek aktivist\u00ebt. Megjithat\u00eb, n\u00eb maj 2024, &#8220;Rruga p\u00ebr n\u00eb Sht\u00ebpi&#8221; dhe aktivistja e saj, Maria Andreyeva,&nbsp;<a href=\"https:\/\/ru.themoscowtimes.com\/2024\/05\/31\/minyust-obyavil-inoagentom-dvizhenie-zhen-mobilizovannih-put-domoi-a132597\">u shpall\u00ebn<\/a>&nbsp;&#8220;agjent\u00eb t\u00eb huaj&#8221;. Pas k\u00ebsaj, Andreyeva hesht dhe protestat n\u00eb rrug\u00eb t\u00eb l\u00ebvizjes u shuan.<\/p>\n\n\n\n<figure class=\"wp-block-image is-resized\"><img decoding=\"async\" src=\"https:\/\/gdb.rferl.org\/01000000-0a00-0242-aa3f-08dc2a323bb6_w650_r1_s.jpg\" alt=\"Pjes\u00ebmarr\u00ebsit e l\u00ebvizjes &quot;Rruga p\u00ebr n\u00eb Sht\u00ebpi&quot; organizojn\u00eb nj\u00eb tubim n\u00eb Sh\u00ebn Petersburg.\" style=\"aspect-ratio:1.7735849056603774;width:658px;height:auto\"\/><figcaption class=\"wp-element-caption\">Pjes\u00ebmarr\u00ebsit e l\u00ebvizjes &#8220;Rruga p\u00ebr n\u00eb Sht\u00ebpi&#8221; organizojn\u00eb nj\u00eb tubim n\u00eb Sh\u00ebn Petersburg.<\/figcaption><\/figure>\n\n\n\n<p class=\"wp-block-paragraph\">Megjithat\u00eb, n\u00eb gusht t\u00eb vitit 2026, grat\u00eb e t\u00eb mobilizuarve&nbsp;<a href=\"https:\/\/t.me\/PauliaMobility\/1460\">nis\u00ebn<\/a>&nbsp;nj\u00eb fushat\u00eb p\u00ebr mbledhjen e fondeve p\u00ebr t\u00eb p\u00ebrgatitur nj\u00eb padi p\u00ebr t\u00eb sfiduar pranin\u00eb e vazhdueshme t\u00eb burrave t\u00eb mobilizuar n\u00eb front. Padia synon t\u00eb mbroj\u00eb &#8220;t\u00eb drejtat kushtetuese t\u00eb kufizuara n\u00eb m\u00ebnyr\u00eb t\u00eb pacaktuar&#8221; t\u00eb burrave t\u00eb mobilizuar. Grat\u00eb dhe t\u00eb af\u00ebrmit e burrave t\u00eb mobilizuar po shkruajn\u00eb peticione drejtuar autoriteteve t\u00eb ndryshme dhe po postojn\u00eb n\u00eb mediat sociale, duke k\u00ebrkuar q\u00eb t\u00eb dashurit e tyre t\u00eb kthehen n\u00eb sht\u00ebpi.<\/p>\n\n\n\n<p class=\"wp-block-paragraph\">&#8220;Ndonj\u00ebher\u00eb ripostoj postime ku n\u00ebnat k\u00ebrkojn\u00eb kthimin e bijve t\u00eb tyre&#8221;, thot\u00eb Irina, nj\u00eb banore e Novosibirskit (&nbsp;<em>po i mbajm\u00eb t\u00eb fsheht\u00eb emrat e t\u00eb intervistuarve p\u00ebr sigurin\u00eb e tyre)<\/em>&nbsp;, dh\u00ebndri i s\u00eb cil\u00ebs \u00ebsht\u00eb mobilizuar p\u00ebr luft\u00eb. &#8220;Nuk po m\u00eb shqet\u00ebsojn\u00eb ende. Nuk duket se u intereson p\u00ebr mua dhe un\u00eb nuk shkruaj asgj\u00eb kriminale. \u00cbsht\u00eb ende e frikshme, por vdekja e t\u00eb dashurve \u00ebsht\u00eb edhe m\u00eb e frikshme.&#8221;<\/p>\n\n\n\n<p class=\"wp-block-paragraph\">N\u00eb vitet 2025 dhe 2026, pati edhe protesta t\u00eb izoluara n\u00eb rrug\u00eb. P\u00ebr shembull, nj\u00eb gjykat\u00eb n\u00eb Rostov-mbi-Don&nbsp;<a href=\"https:\/\/www.svoboda.org\/a\/v-rostove-oshtrafovali-za-plakat-zhdyom-mobilizovannyh-domoy\/33711582.html\">gjobiti<\/a>&nbsp;banorin vendas Yuri Bogachev me 20,000 rubla p\u00ebr nj\u00eb protest\u00eb solo m\u00eb 26 shkurt 2026. Bogachev kishte ardhur n\u00eb Memorialin e Ushtar\u00ebve t\u00eb R\u00ebn\u00eb me nj\u00eb pankart\u00eb ku shkruhej: &#8220;Po presim q\u00eb ushtar\u00ebt e mobilizuar t\u00eb kthehen n\u00eb sht\u00ebpi&#8221;. M\u00eb 12 shkurt, t\u00eb af\u00ebrmit e t\u00eb mobilizuarve&nbsp;<a href=\"https:\/\/t.me\/PYTY_DOMOY\/1957\">mbajt\u00ebn<\/a>&nbsp;protesta n\u00eb qytetin Zverevo n\u00eb rajonin e Rostovit. Ata erdh\u00ebn n\u00eb memorialin lokal p\u00ebr t\u00eb vrar\u00ebt n\u00eb Ukrain\u00eb me pankarta ku shkruhej: &#8220;Po presim q\u00eb ju t\u00eb ktheheni n\u00eb sht\u00ebpi&#8221;.<\/p>\n\n\n\n<h3 class=\"wp-block-heading\">&#8220;Nj\u00eb protest\u00eb mund t\u00eb ndodh\u00eb.&#8221;<\/h3>\n\n\n\n<p class=\"wp-block-paragraph\">Nd\u00ebrkoh\u00eb, vazhdojn\u00eb t\u00eb flitet p\u00ebr nj\u00eb val\u00eb t\u00eb re mobilizimi n\u00eb Rusi.<\/p>\n\n\n\n<p class=\"wp-block-paragraph\">N\u00eb gusht, Wall Street Journal&nbsp;<a href=\"https:\/\/meduza.io\/news\/2026\/08\/23\/wsj-rossiyskie-voennye-provodyat-ucheniya-po-podgotovke-k-mobilizatsii?ysclid=mtb4bkb4e7842722340\" target=\"_blank\" rel=\"noopener\">raportoi<\/a>&nbsp;se n\u00eb rajonin e Kaliningradit u mbajt\u00ebn ushtrime mobilizimi. Grupi i haker\u00ebve Black Mirror&nbsp;<a href=\"https:\/\/t.me\/b8m_inf\/10444\">publikoi<\/a>&nbsp;nj\u00eb memo analitike t\u00eb Sberbank q\u00eb shqyrtonte skenar\u00ebt e mundsh\u00ebm p\u00ebr p\u00ebrfundimin e luft\u00ebs n\u00eb Ukrain\u00eb. Autor\u00ebt vler\u00ebsuan shanset e Putinit p\u00ebr t\u00eb pushtuar kat\u00ebr rajone ukrainase dhe p\u00ebr t\u00eb detyruar armikun t\u00eb p\u00ebrfundoj\u00eb paqen sipas kushteve t\u00eb tij (memoja \u00ebsht\u00eb e dat\u00ebs prill 2026) n\u00eb 7%. Analist\u00ebt besojn\u00eb se arritja e q\u00ebllimeve t\u00eb tilla n\u00eb nj\u00eb ose dy vitet e ardhshme \u00ebsht\u00eb e pamundur pa mobilizimin e 300,000-500,000 trupave.<\/p>\n\n\n\n<p class=\"wp-block-paragraph\">Megjithat\u00eb, analisti gjerman Janis Kluge&nbsp;<a href=\"https:\/\/t.me\/bbcrussian\/98140\">shkroi<\/a>&nbsp;n\u00eb gusht se&nbsp;shkalla e rekrutimit t\u00eb rekrut\u00ebve t\u00eb rinj n\u00eb ushtrin\u00eb ruse me kontrat\u00eb&nbsp;Numri i rekrut\u00ebve \u00ebsht\u00eb rikthyer n\u00eb 1,000 n\u00eb dit\u00eb, q\u00eb \u00ebsht\u00eb i mjaftuesh\u00ebm p\u00ebr t\u00eb zhvilluar nj\u00eb fushat\u00eb pa mobilizim masiv. Kluge llogarit numrin e rekrut\u00ebve t\u00eb rinj bazuar n\u00eb t\u00eb dh\u00ebnat e buxhetit, t\u00eb cilat pasqyrojn\u00eb pagesat n\u00eb para t\u00eb gatshme. N\u00eb fillim t\u00eb vitit, ai vuri re nj\u00eb r\u00ebnie t\u00eb ndjeshme t\u00eb rekrutimit &#8211; deri n\u00eb 800 n\u00eb dit\u00eb &#8211; por tani shkalla \u00ebsht\u00eb rikuperuar. Autoritetet rajonale&nbsp;<a href=\"https:\/\/t.me\/sibrealii\/38164\">vazhdojn\u00eb<\/a>&nbsp;t\u00eb rrisin pagesat p\u00ebr n\u00ebnshkrimin e kontratave dhe autoritetet vazhdojn\u00eb t\u00eb rekrutojn\u00eb student\u00eb n\u00eb &#8220;trupat me dron\u00eb&#8221;.<\/p>\n\n\n\n<figure class=\"wp-block-image is-resized\"><img decoding=\"async\" src=\"https:\/\/gdb.rferl.org\/0c530000-0aff-0242-34da-08da9e60e3d2_w650_r1_s.jpg\" alt=\"Protesta kund\u00ebr mobilizimit n\u00eb Mosk\u00eb, shtator 2022\" style=\"aspect-ratio:1.7735849056603774;width:658px;height:auto\"\/><figcaption class=\"wp-element-caption\">Protesta kund\u00ebr mobilizimit n\u00eb Mosk\u00eb, shtator 2022<\/figcaption><\/figure>\n\n\n\n<p class=\"wp-block-paragraph\">N\u00eb t\u00eb nj\u00ebjt\u00ebn koh\u00eb, autoritetet mund t\u00eb ken\u00eb ende nevoj\u00eb p\u00ebr rekrutim shtes\u00eb p\u00ebr t\u00eb forcuar ofensiv\u00ebn n\u00eb front,&nbsp;<a href=\"https:\/\/www.youtube.com\/watch?v=1-fIAvhCW6E&amp;t=1518s\">v\u00ebren<\/a>&nbsp;Grigory Sverdlin, themelues i &#8220;Go to the Forest&#8221;, duke vler\u00ebsuar mund\u00ebsin\u00eb e nj\u00eb vale t\u00eb dyt\u00eb mobilizimi n\u00eb af\u00ebrsisht 30%.<\/p>\n\n\n\n<p class=\"wp-block-paragraph\">Nj\u00eb mobilizim masiv nuk do t\u00eb ndodh\u00eb, por qeveria ka t\u00eb ngjar\u00eb t\u00eb intensifikoj\u00eb k\u00ebrkimin p\u00ebr rekrut\u00eb duke p\u00ebrdorur mjetet ekzistuese,&nbsp;<a href=\"https:\/\/www.youtube.com\/watch?v=rOSCkkcyHNo\">sipas themeluesit t\u00eb CIT, Ruslan Leviev. Ai beson se kjo do t\u00eb ndodh\u00eb sepse udh\u00ebheq\u00ebsit rajonal\u00eb do t\u00eb duhet t\u00eb raportojn\u00eb n\u00eb qendr\u00ebn federale mbi normat e rekrutimit deri n\u00eb fund t\u00eb vitit.&nbsp;<\/a>Rekrutimi i detyruar&nbsp;do t\u00eb zbatohet n\u00eb vitin 2026.\u00ebsht\u00eb b\u00ebr\u00eb praktikisht e zakonshme: nga 10 deri m\u00eb 18 gusht, projekti &#8220;Shko n\u00eb pyll&#8221;&nbsp;<a href=\"https:\/\/t.me\/iditelesom_help\/7886\">mori<\/a>&nbsp;14 raportime p\u00ebr ndalimin e burrave q\u00eb u detyruan t\u00eb n\u00ebnshkruanin kontrata me Ministrin\u00eb e Mbrojtjes.<\/p>\n\n\n\n<p class=\"wp-block-paragraph\">Sergei Krivenko, drejtor i grupit t\u00eb t\u00eb drejtave t\u00eb njeriut &#8220;Qytetari. Ushtria. Ligji&#8221;, v\u00ebren se shteti \u00ebsht\u00eb shum\u00eb m\u00eb i p\u00ebrgatitur p\u00ebr mobilizim masiv n\u00eb vitin 2026 sesa ishte kat\u00ebr vjet m\u00eb par\u00eb. Nj\u00eb &#8220;regjist\u00ebr thirrjesh&#8221; \u00ebsht\u00eb nisur n\u00eb t\u00eb gjith\u00eb vendin, me rekrut\u00ebt q\u00eb thirren n\u00eb zyrat e regjistrimit dhe rekrutimit ushtarak p\u00ebr verifikimin e t\u00eb dh\u00ebnave dhe l\u00ebshimin&nbsp;e urdhrave t\u00eb mobilizimit ., dhe disave u ndalohet t\u00eb largohen nga vendi.<\/p>\n\n\n\n<p class=\"wp-block-paragraph\">N\u00eb vitin 2022, autoritetet shpall\u00ebn mobilizimin hapur: thirrjet filluan t\u00eb shp\u00ebrndaheshin masivisht p\u00ebr ata q\u00eb ishin t\u00eb p\u00ebrshtatsh\u00ebm p\u00ebr sh\u00ebrbim ushtarak pas dekretit p\u00ebrkat\u00ebs presidencial. Tani, nj\u00eb skenar tjet\u00ebr \u00ebsht\u00eb teknikisht i mundur: p\u00ebrdorimi i sistemit ekzistues t\u00eb regjistrimit dixhital dhe thirrja graduale e njer\u00ebzve, duke shmangur ndjesin\u00eb e papritur t\u00eb nj\u00eb fushate t\u00eb re mobilizimi. P\u00ebr m\u00eb tep\u00ebr, dekreti presidencial i vitit 2022 dhe Ligji Federal Nr. 31-FZ mbi mobilizimin jan\u00eb ende n\u00eb fuqi, k\u00ebshtu q\u00eb shpallja zyrtare e tij \u00ebsht\u00eb e panevojshme.<\/p>\n\n\n\n<p class=\"wp-block-paragraph\">&#8220;Sistemi \u00ebsht\u00eb gati t\u00eb rekrutoj\u00eb deri n\u00eb 500,000 njer\u00ebz n\u00eb \u00e7do moment si pjes\u00eb e nj\u00eb mobilizimi. Por ne nuk e dim\u00eb se \u00e7far\u00eb po planifikojn\u00eb autoritetet, k\u00ebshtu q\u00eb do ta vler\u00ebsoja mund\u00ebsin\u00eb e nj\u00eb mobilizimi tjet\u00ebr n\u00eb 50\/50&#8221;, thot\u00eb eksperti. &#8220;Nga nj\u00ebra an\u00eb, mund t\u00eb k\u00ebrkohet veprim m\u00eb aktiv n\u00eb vij\u00ebn e par\u00eb, por nga ana tjet\u00ebr, sistemi aktual i rekrutimit ende po p\u00ebrballet. Vala e dyt\u00eb mund t\u00eb jet\u00eb m\u00eb e p\u00ebrhapur: thirrjet, p\u00ebr shembull, do t&#8217;u d\u00ebrgohen atyre q\u00eb kan\u00eb p\u00ebrdit\u00ebsuar s\u00eb fundmi t\u00eb dh\u00ebnat e zyr\u00ebs s\u00eb regjistrimit dhe rekrutimit ushtarak dhe atyre q\u00eb kan\u00eb nj\u00eb urdh\u00ebr mobilizimi. Me fjal\u00eb t\u00eb tjera, ata nuk do t\u00eb d\u00ebrgojn\u00eb thirrje masivisht n\u00eb nj\u00eb ngjarje t\u00eb vetme, n\u00eb m\u00ebnyr\u00eb q\u00eb t\u00eb shmangin perceptimin e nj\u00eb vale t\u00eb dyt\u00eb n\u00eb mesin e popullsis\u00eb. Ata me thirrje mund t\u00eb ndalohen t\u00eb largohen nga vendi, p\u00ebr shembull. Por njer\u00ebzit do t\u00eb ikin p\u00ebrs\u00ebri, sepse shum\u00eb thjesht nuk do t&#8217;i presin ato.&#8221;<\/p>\n\n\n\n<p class=\"wp-block-paragraph\">Ligji aktual&nbsp;<a href=\"https:\/\/www.svoboda.org\/a\/risk-perestal-bytj-teoreticheskim-zhdatj-li-novoy-mobilizatsii-v-rossii\/33794105.html\" target=\"_blank\" rel=\"noopener\">nuk<\/a>&nbsp;i ndalon rezervist\u00ebt q\u00eb mbajn\u00eb dokumente ushtarake t\u00eb largohen nga vendi, edhe n\u00ebse nuk paraqiten n\u00eb zyr\u00ebn e regjistrimit dhe rekrutimit ushtarak p\u00ebr verifikim. Gjobat p\u00ebr mosparaqitje n\u00eb mobilizim jan\u00eb rritur, por kjo ende nuk p\u00ebrb\u00ebn vep\u00ebr penale, thekson Krivenko.<\/p>\n\n\n\n<figure class=\"wp-block-image is-resized\"><img decoding=\"async\" src=\"https:\/\/gdb.rferl.org\/001a0000-0aff-0242-a577-08dabd96ea12_w650_r1_s.jpg\" alt=\"Sergej Krivenko\" style=\"aspect-ratio:1.7735849056603774;width:658px;height:auto\"\/><figcaption class=\"wp-element-caption\">Sergej Krivenko<\/figcaption><\/figure>\n\n\n\n<p class=\"wp-block-paragraph\">Sipas ekspertit, autoritetet ende kan\u00eb frik\u00eb nga protesta t\u00eb reja t\u00eb hapura.<\/p>\n\n\n\n<p class=\"wp-block-paragraph\">Kjo \u00ebsht\u00eb aktualisht pengesa kryesore e Kremlinit ndaj mobilizimit masiv. Ata po debatojn\u00eb n\u00ebse duhet t\u00eb kryejn\u00eb nj\u00eb eksperiment t\u00eb till\u00eb apo jo. Sidomos pasi njer\u00ebzit tani kan\u00eb p\u00ebrvoj\u00eb q\u00eb tregon se qeveria i ka mashtruar, duke i rekrutuar p\u00ebr disa vite pa asnj\u00eb fund n\u00eb horizont. Prandaj, pavar\u00ebsisht intensifikimit t\u00eb masave represive, mendoj se do t\u00eb ket\u00eb protesta n\u00eb rast mobilizimi, dhe mjaft t\u00eb p\u00ebrhapura, sepse nuk ka ku t\u00eb drejtohesh tjet\u00ebr. \u00cbsht\u00eb nj\u00eb gj\u00eb t\u00eb jetosh me shpres\u00ebn se do t\u00eb d\u00ebrgohesh p\u00ebr tre jav\u00eb, si nj\u00eb kamp st\u00ebrvitjeje ushtarake, si\u00e7 mendonin shum\u00eb n\u00eb vitin 2022. Qeveria at\u00ebher\u00eb projektoi imazhin se kampi i st\u00ebrvitjes do t\u00eb mbaronte dhe burrat do t\u00eb ktheheshin menj\u00ebher\u00eb. \u00cbsht\u00eb krejt tjet\u00ebr gj\u00eb tani, kur kjo nuk \u00ebsht\u00eb m\u00eb e mundur, se mobilizimi mund t\u00eb provokoj\u00eb nj\u00eb eg\u00ebrsi edhe m\u00eb t\u00eb madhe.<\/p>\n\n\n\n<p class=\"wp-block-paragraph\">Fjal\u00ebt e Krivenkos konfirmohen, n\u00eb ve\u00e7anti, nga reagimi ndaj bastisjeve&nbsp;<strong><\/strong>q\u00eb synonin detyrimin e burrave p\u00ebr t\u00eb marr\u00eb pjes\u00eb n\u00eb luft\u00ebn kund\u00ebr Ukrain\u00ebs n\u00eb Penza. Atje, banor\u00ebt vendas vendos\u00ebn&nbsp;<a href=\"https:\/\/www.svoboda.org\/a\/lyudi-skolotili-druzhinu-kak-rossiyane-otbivayut-muzhchin-u-verbovschikov\/33825337.html\" target=\"_blank\" rel=\"noopener\">t\u00eb formonin<\/a>&nbsp;milicit\u00eb p\u00ebr t\u00eb, si\u00e7 e than\u00eb ata, &#8220;luftuar burrat&#8221;.<\/p>\n","protected":false},"excerpt":{"rendered":"<p>N\u00eb fillim t\u00eb shtatorit, Vladimir Putin e hodhi posht\u00eb p\u00ebrs\u00ebri mund\u00ebsin\u00eb e nj\u00eb mobilizimi t\u00eb af\u00ebrt n\u00eb Rusi. Duke iu p\u00ebrgjigjur pyetjes s\u00eb nj\u00eb gazetari gjat\u00eb nj\u00eb konference p\u00ebr shtyp pas samitit t\u00eb Organizat\u00ebs s\u00eb Bashk\u00ebpunimit t\u00eb Shangait n\u00eb Bishkek, ai tha se ishte &#8220;absurditet i plot\u00eb&#8221; dhe nj\u00eb &#8220;sulm informativ ndaj Rusis\u00eb&#8221;. Pastaj, n\u00eb [&hellip;]<\/p>\n","protected":false},"author":4,"featured_media":30888,"comment_status":"open","ping_status":"open","sticky":false,"template":"","format":"standard","meta":{"footnotes":""},"categories":[33,30],"tags":[],"class_list":["post-30887","post","type-post","status-publish","format-standard","has-post-thumbnail","category-bote","category-lajme"],"yoast_head":"<!-- This site is optimized with the Yoast SEO plugin v27.4 - https:\/\/yoast.com\/product\/yoast-seo-wordpress\/ -->\n<title>&quot;Mobilizimi mund t\u00eb \u00e7oj\u00eb n\u00eb nj\u00eb brutalitet m\u00eb t\u00eb madh&quot;: nga \u00e7far\u00eb frik\u00ebsohet Kremlini - Kosova Times<\/title>\n<meta name=\"robots\" content=\"index, follow, max-snippet:-1, max-image-preview:large, max-video-preview:-1\" \/>\n<link rel=\"canonical\" href=\"https:\/\/kosovatimes.info\/index.php\/2026\/09\/04\/mobilizimi-mund-te-coje-ne-nje-brutalitet-me-te-madh-nga-cfare-frikesohet-kremlini\/\" \/>\n<meta property=\"og:locale\" content=\"en_US\" \/>\n<meta property=\"og:type\" content=\"article\" \/>\n<meta property=\"og:title\" content=\"&quot;Mobilizimi mund t\u00eb \u00e7oj\u00eb n\u00eb nj\u00eb brutalitet m\u00eb t\u00eb madh&quot;: nga \u00e7far\u00eb frik\u00ebsohet Kremlini - Kosova Times\" \/>\n<meta property=\"og:description\" content=\"N\u00eb fillim t\u00eb shtatorit, Vladimir Putin e hodhi posht\u00eb p\u00ebrs\u00ebri mund\u00ebsin\u00eb e nj\u00eb mobilizimi t\u00eb af\u00ebrt n\u00eb Rusi. Duke iu p\u00ebrgjigjur pyetjes s\u00eb nj\u00eb gazetari gjat\u00eb nj\u00eb konference p\u00ebr shtyp pas samitit t\u00eb Organizat\u00ebs s\u00eb Bashk\u00ebpunimit t\u00eb Shangait n\u00eb Bishkek, ai tha se ishte &#8220;absurditet i plot\u00eb&#8221; dhe nj\u00eb &#8220;sulm informativ ndaj Rusis\u00eb&#8221;. Pastaj, n\u00eb [&hellip;]\" \/>\n<meta property=\"og:url\" content=\"https:\/\/kosovatimes.info\/index.php\/2026\/09\/04\/mobilizimi-mund-te-coje-ne-nje-brutalitet-me-te-madh-nga-cfare-frikesohet-kremlini\/\" \/>\n<meta property=\"og:site_name\" content=\"Kosova Times\" \/>\n<meta property=\"article:published_time\" content=\"2026-09-04T10:04:12+00:00\" \/>\n<meta property=\"article:modified_time\" content=\"2026-09-04T10:04:14+00:00\" \/>\n<meta name=\"author\" content=\"i l\" \/>\n<meta name=\"twitter:card\" content=\"summary_large_image\" \/>\n<meta name=\"twitter:label1\" content=\"Written by\" \/>\n\t<meta name=\"twitter:data1\" content=\"i l\" \/>\n\t<meta name=\"twitter:label2\" content=\"Est. reading time\" \/>\n\t<meta name=\"twitter:data2\" content=\"23 minutes\" \/>\n<script type=\"application\/ld+json\" class=\"yoast-schema-graph\">{\"@context\":\"https:\\\/\\\/schema.org\",\"@graph\":[{\"@type\":\"Article\",\"@id\":\"https:\\\/\\\/kosovatimes.info\\\/index.php\\\/2026\\\/09\\\/04\\\/mobilizimi-mund-te-coje-ne-nje-brutalitet-me-te-madh-nga-cfare-frikesohet-kremlini\\\/#article\",\"isPartOf\":{\"@id\":\"https:\\\/\\\/kosovatimes.info\\\/index.php\\\/2026\\\/09\\\/04\\\/mobilizimi-mund-te-coje-ne-nje-brutalitet-me-te-madh-nga-cfare-frikesohet-kremlini\\\/\"},\"author\":{\"name\":\"i l\",\"@id\":\"https:\\\/\\\/kosovatimes.info\\\/#\\\/schema\\\/person\\\/7586712b9c512fe68085de007378c915\"},\"headline\":\"&#8220;Mobilizimi mund t\u00eb \u00e7oj\u00eb n\u00eb nj\u00eb brutalitet m\u00eb t\u00eb madh&#8221;: nga \u00e7far\u00eb frik\u00ebsohet Kremlini\",\"datePublished\":\"2026-09-04T10:04:12+00:00\",\"dateModified\":\"2026-09-04T10:04:14+00:00\",\"mainEntityOfPage\":{\"@id\":\"https:\\\/\\\/kosovatimes.info\\\/index.php\\\/2026\\\/09\\\/04\\\/mobilizimi-mund-te-coje-ne-nje-brutalitet-me-te-madh-nga-cfare-frikesohet-kremlini\\\/\"},\"wordCount\":5365,\"commentCount\":0,\"image\":{\"@id\":\"https:\\\/\\\/kosovatimes.info\\\/index.php\\\/2026\\\/09\\\/04\\\/mobilizimi-mund-te-coje-ne-nje-brutalitet-me-te-madh-nga-cfare-frikesohet-kremlini\\\/#primaryimage\"},\"thumbnailUrl\":\"https:\\\/\\\/kosovatimes.info\\\/wp-content\\\/uploads\\\/2026\\\/09\\\/mobilizim.avif\",\"articleSection\":[\"Bot\u00eb\",\"Lajme\"],\"inLanguage\":\"en-US\",\"potentialAction\":[{\"@type\":\"CommentAction\",\"name\":\"Comment\",\"target\":[\"https:\\\/\\\/kosovatimes.info\\\/index.php\\\/2026\\\/09\\\/04\\\/mobilizimi-mund-te-coje-ne-nje-brutalitet-me-te-madh-nga-cfare-frikesohet-kremlini\\\/#respond\"]}]},{\"@type\":\"WebPage\",\"@id\":\"https:\\\/\\\/kosovatimes.info\\\/index.php\\\/2026\\\/09\\\/04\\\/mobilizimi-mund-te-coje-ne-nje-brutalitet-me-te-madh-nga-cfare-frikesohet-kremlini\\\/\",\"url\":\"https:\\\/\\\/kosovatimes.info\\\/index.php\\\/2026\\\/09\\\/04\\\/mobilizimi-mund-te-coje-ne-nje-brutalitet-me-te-madh-nga-cfare-frikesohet-kremlini\\\/\",\"name\":\"\\\"Mobilizimi mund t\u00eb \u00e7oj\u00eb n\u00eb nj\u00eb brutalitet m\u00eb t\u00eb madh\\\": nga \u00e7far\u00eb frik\u00ebsohet Kremlini - Kosova Times\",\"isPartOf\":{\"@id\":\"https:\\\/\\\/kosovatimes.info\\\/#website\"},\"primaryImageOfPage\":{\"@id\":\"https:\\\/\\\/kosovatimes.info\\\/index.php\\\/2026\\\/09\\\/04\\\/mobilizimi-mund-te-coje-ne-nje-brutalitet-me-te-madh-nga-cfare-frikesohet-kremlini\\\/#primaryimage\"},\"image\":{\"@id\":\"https:\\\/\\\/kosovatimes.info\\\/index.php\\\/2026\\\/09\\\/04\\\/mobilizimi-mund-te-coje-ne-nje-brutalitet-me-te-madh-nga-cfare-frikesohet-kremlini\\\/#primaryimage\"},\"thumbnailUrl\":\"https:\\\/\\\/kosovatimes.info\\\/wp-content\\\/uploads\\\/2026\\\/09\\\/mobilizim.avif\",\"datePublished\":\"2026-09-04T10:04:12+00:00\",\"dateModified\":\"2026-09-04T10:04:14+00:00\",\"author\":{\"@id\":\"https:\\\/\\\/kosovatimes.info\\\/#\\\/schema\\\/person\\\/7586712b9c512fe68085de007378c915\"},\"breadcrumb\":{\"@id\":\"https:\\\/\\\/kosovatimes.info\\\/index.php\\\/2026\\\/09\\\/04\\\/mobilizimi-mund-te-coje-ne-nje-brutalitet-me-te-madh-nga-cfare-frikesohet-kremlini\\\/#breadcrumb\"},\"inLanguage\":\"en-US\",\"potentialAction\":[{\"@type\":\"ReadAction\",\"target\":[\"https:\\\/\\\/kosovatimes.info\\\/index.php\\\/2026\\\/09\\\/04\\\/mobilizimi-mund-te-coje-ne-nje-brutalitet-me-te-madh-nga-cfare-frikesohet-kremlini\\\/\"]}]},{\"@type\":\"ImageObject\",\"inLanguage\":\"en-US\",\"@id\":\"https:\\\/\\\/kosovatimes.info\\\/index.php\\\/2026\\\/09\\\/04\\\/mobilizimi-mund-te-coje-ne-nje-brutalitet-me-te-madh-nga-cfare-frikesohet-kremlini\\\/#primaryimage\",\"url\":\"https:\\\/\\\/kosovatimes.info\\\/wp-content\\\/uploads\\\/2026\\\/09\\\/mobilizim.avif\",\"contentUrl\":\"https:\\\/\\\/kosovatimes.info\\\/wp-content\\\/uploads\\\/2026\\\/09\\\/mobilizim.avif\",\"width\":1023,\"height\":575},{\"@type\":\"BreadcrumbList\",\"@id\":\"https:\\\/\\\/kosovatimes.info\\\/index.php\\\/2026\\\/09\\\/04\\\/mobilizimi-mund-te-coje-ne-nje-brutalitet-me-te-madh-nga-cfare-frikesohet-kremlini\\\/#breadcrumb\",\"itemListElement\":[{\"@type\":\"ListItem\",\"position\":1,\"name\":\"Home\",\"item\":\"https:\\\/\\\/kosovatimes.info\\\/\"},{\"@type\":\"ListItem\",\"position\":2,\"name\":\"&#8220;Mobilizimi mund t\u00eb \u00e7oj\u00eb n\u00eb nj\u00eb brutalitet m\u00eb t\u00eb madh&#8221;: nga \u00e7far\u00eb frik\u00ebsohet Kremlini\"}]},{\"@type\":\"WebSite\",\"@id\":\"https:\\\/\\\/kosovatimes.info\\\/#website\",\"url\":\"https:\\\/\\\/kosovatimes.info\\\/\",\"name\":\"Kosova Times\",\"description\":\"\",\"potentialAction\":[{\"@type\":\"SearchAction\",\"target\":{\"@type\":\"EntryPoint\",\"urlTemplate\":\"https:\\\/\\\/kosovatimes.info\\\/?s={search_term_string}\"},\"query-input\":{\"@type\":\"PropertyValueSpecification\",\"valueRequired\":true,\"valueName\":\"search_term_string\"}}],\"inLanguage\":\"en-US\"},{\"@type\":\"Person\",\"@id\":\"https:\\\/\\\/kosovatimes.info\\\/#\\\/schema\\\/person\\\/7586712b9c512fe68085de007378c915\",\"name\":\"i l\",\"image\":{\"@type\":\"ImageObject\",\"inLanguage\":\"en-US\",\"@id\":\"https:\\\/\\\/secure.gravatar.com\\\/avatar\\\/bad9296e02816160ae2e2435beda58222022298d5625d49fea74d18816fbb31d?s=96&d=mm&r=g\",\"url\":\"https:\\\/\\\/secure.gravatar.com\\\/avatar\\\/bad9296e02816160ae2e2435beda58222022298d5625d49fea74d18816fbb31d?s=96&d=mm&r=g\",\"contentUrl\":\"https:\\\/\\\/secure.gravatar.com\\\/avatar\\\/bad9296e02816160ae2e2435beda58222022298d5625d49fea74d18816fbb31d?s=96&d=mm&r=g\",\"caption\":\"i l\"},\"url\":\"https:\\\/\\\/kosovatimes.info\\\/index.php\\\/author\\\/iliri\\\/\"}]}<\/script>\n<!-- \/ Yoast SEO plugin. -->","yoast_head_json":{"title":"\"Mobilizimi mund t\u00eb \u00e7oj\u00eb n\u00eb nj\u00eb brutalitet m\u00eb t\u00eb madh\": nga \u00e7far\u00eb frik\u00ebsohet Kremlini - Kosova Times","robots":{"index":"index","follow":"follow","max-snippet":"max-snippet:-1","max-image-preview":"max-image-preview:large","max-video-preview":"max-video-preview:-1"},"canonical":"https:\/\/kosovatimes.info\/index.php\/2026\/09\/04\/mobilizimi-mund-te-coje-ne-nje-brutalitet-me-te-madh-nga-cfare-frikesohet-kremlini\/","og_locale":"en_US","og_type":"article","og_title":"\"Mobilizimi mund t\u00eb \u00e7oj\u00eb n\u00eb nj\u00eb brutalitet m\u00eb t\u00eb madh\": nga \u00e7far\u00eb frik\u00ebsohet Kremlini - Kosova Times","og_description":"N\u00eb fillim t\u00eb shtatorit, Vladimir Putin e hodhi posht\u00eb p\u00ebrs\u00ebri mund\u00ebsin\u00eb e nj\u00eb mobilizimi t\u00eb af\u00ebrt n\u00eb Rusi. Duke iu p\u00ebrgjigjur pyetjes s\u00eb nj\u00eb gazetari gjat\u00eb nj\u00eb konference p\u00ebr shtyp pas samitit t\u00eb Organizat\u00ebs s\u00eb Bashk\u00ebpunimit t\u00eb Shangait n\u00eb Bishkek, ai tha se ishte &#8220;absurditet i plot\u00eb&#8221; dhe nj\u00eb &#8220;sulm informativ ndaj Rusis\u00eb&#8221;. Pastaj, n\u00eb [&hellip;]","og_url":"https:\/\/kosovatimes.info\/index.php\/2026\/09\/04\/mobilizimi-mund-te-coje-ne-nje-brutalitet-me-te-madh-nga-cfare-frikesohet-kremlini\/","og_site_name":"Kosova Times","article_published_time":"2026-09-04T10:04:12+00:00","article_modified_time":"2026-09-04T10:04:14+00:00","author":"i l","twitter_card":"summary_large_image","twitter_misc":{"Written by":"i l","Est. reading time":"23 minutes"},"schema":{"@context":"https:\/\/schema.org","@graph":[{"@type":"Article","@id":"https:\/\/kosovatimes.info\/index.php\/2026\/09\/04\/mobilizimi-mund-te-coje-ne-nje-brutalitet-me-te-madh-nga-cfare-frikesohet-kremlini\/#article","isPartOf":{"@id":"https:\/\/kosovatimes.info\/index.php\/2026\/09\/04\/mobilizimi-mund-te-coje-ne-nje-brutalitet-me-te-madh-nga-cfare-frikesohet-kremlini\/"},"author":{"name":"i l","@id":"https:\/\/kosovatimes.info\/#\/schema\/person\/7586712b9c512fe68085de007378c915"},"headline":"&#8220;Mobilizimi mund t\u00eb \u00e7oj\u00eb n\u00eb nj\u00eb brutalitet m\u00eb t\u00eb madh&#8221;: nga \u00e7far\u00eb frik\u00ebsohet Kremlini","datePublished":"2026-09-04T10:04:12+00:00","dateModified":"2026-09-04T10:04:14+00:00","mainEntityOfPage":{"@id":"https:\/\/kosovatimes.info\/index.php\/2026\/09\/04\/mobilizimi-mund-te-coje-ne-nje-brutalitet-me-te-madh-nga-cfare-frikesohet-kremlini\/"},"wordCount":5365,"commentCount":0,"image":{"@id":"https:\/\/kosovatimes.info\/index.php\/2026\/09\/04\/mobilizimi-mund-te-coje-ne-nje-brutalitet-me-te-madh-nga-cfare-frikesohet-kremlini\/#primaryimage"},"thumbnailUrl":"https:\/\/kosovatimes.info\/wp-content\/uploads\/2026\/09\/mobilizim.avif","articleSection":["Bot\u00eb","Lajme"],"inLanguage":"en-US","potentialAction":[{"@type":"CommentAction","name":"Comment","target":["https:\/\/kosovatimes.info\/index.php\/2026\/09\/04\/mobilizimi-mund-te-coje-ne-nje-brutalitet-me-te-madh-nga-cfare-frikesohet-kremlini\/#respond"]}]},{"@type":"WebPage","@id":"https:\/\/kosovatimes.info\/index.php\/2026\/09\/04\/mobilizimi-mund-te-coje-ne-nje-brutalitet-me-te-madh-nga-cfare-frikesohet-kremlini\/","url":"https:\/\/kosovatimes.info\/index.php\/2026\/09\/04\/mobilizimi-mund-te-coje-ne-nje-brutalitet-me-te-madh-nga-cfare-frikesohet-kremlini\/","name":"\"Mobilizimi mund t\u00eb \u00e7oj\u00eb n\u00eb nj\u00eb brutalitet m\u00eb t\u00eb madh\": nga \u00e7far\u00eb frik\u00ebsohet Kremlini - Kosova Times","isPartOf":{"@id":"https:\/\/kosovatimes.info\/#website"},"primaryImageOfPage":{"@id":"https:\/\/kosovatimes.info\/index.php\/2026\/09\/04\/mobilizimi-mund-te-coje-ne-nje-brutalitet-me-te-madh-nga-cfare-frikesohet-kremlini\/#primaryimage"},"image":{"@id":"https:\/\/kosovatimes.info\/index.php\/2026\/09\/04\/mobilizimi-mund-te-coje-ne-nje-brutalitet-me-te-madh-nga-cfare-frikesohet-kremlini\/#primaryimage"},"thumbnailUrl":"https:\/\/kosovatimes.info\/wp-content\/uploads\/2026\/09\/mobilizim.avif","datePublished":"2026-09-04T10:04:12+00:00","dateModified":"2026-09-04T10:04:14+00:00","author":{"@id":"https:\/\/kosovatimes.info\/#\/schema\/person\/7586712b9c512fe68085de007378c915"},"breadcrumb":{"@id":"https:\/\/kosovatimes.info\/index.php\/2026\/09\/04\/mobilizimi-mund-te-coje-ne-nje-brutalitet-me-te-madh-nga-cfare-frikesohet-kremlini\/#breadcrumb"},"inLanguage":"en-US","potentialAction":[{"@type":"ReadAction","target":["https:\/\/kosovatimes.info\/index.php\/2026\/09\/04\/mobilizimi-mund-te-coje-ne-nje-brutalitet-me-te-madh-nga-cfare-frikesohet-kremlini\/"]}]},{"@type":"ImageObject","inLanguage":"en-US","@id":"https:\/\/kosovatimes.info\/index.php\/2026\/09\/04\/mobilizimi-mund-te-coje-ne-nje-brutalitet-me-te-madh-nga-cfare-frikesohet-kremlini\/#primaryimage","url":"https:\/\/kosovatimes.info\/wp-content\/uploads\/2026\/09\/mobilizim.avif","contentUrl":"https:\/\/kosovatimes.info\/wp-content\/uploads\/2026\/09\/mobilizim.avif","width":1023,"height":575},{"@type":"BreadcrumbList","@id":"https:\/\/kosovatimes.info\/index.php\/2026\/09\/04\/mobilizimi-mund-te-coje-ne-nje-brutalitet-me-te-madh-nga-cfare-frikesohet-kremlini\/#breadcrumb","itemListElement":[{"@type":"ListItem","position":1,"name":"Home","item":"https:\/\/kosovatimes.info\/"},{"@type":"ListItem","position":2,"name":"&#8220;Mobilizimi mund t\u00eb \u00e7oj\u00eb n\u00eb nj\u00eb brutalitet m\u00eb t\u00eb madh&#8221;: nga \u00e7far\u00eb frik\u00ebsohet Kremlini"}]},{"@type":"WebSite","@id":"https:\/\/kosovatimes.info\/#website","url":"https:\/\/kosovatimes.info\/","name":"Kosova Times","description":"","potentialAction":[{"@type":"SearchAction","target":{"@type":"EntryPoint","urlTemplate":"https:\/\/kosovatimes.info\/?s={search_term_string}"},"query-input":{"@type":"PropertyValueSpecification","valueRequired":true,"valueName":"search_term_string"}}],"inLanguage":"en-US"},{"@type":"Person","@id":"https:\/\/kosovatimes.info\/#\/schema\/person\/7586712b9c512fe68085de007378c915","name":"i l","image":{"@type":"ImageObject","inLanguage":"en-US","@id":"https:\/\/secure.gravatar.com\/avatar\/bad9296e02816160ae2e2435beda58222022298d5625d49fea74d18816fbb31d?s=96&d=mm&r=g","url":"https:\/\/secure.gravatar.com\/avatar\/bad9296e02816160ae2e2435beda58222022298d5625d49fea74d18816fbb31d?s=96&d=mm&r=g","contentUrl":"https:\/\/secure.gravatar.com\/avatar\/bad9296e02816160ae2e2435beda58222022298d5625d49fea74d18816fbb31d?s=96&d=mm&r=g","caption":"i l"},"url":"https:\/\/kosovatimes.info\/index.php\/author\/iliri\/"}]}},"_links":{"self":[{"href":"https:\/\/kosovatimes.info\/index.php\/wp-json\/wp\/v2\/posts\/30887","targetHints":{"allow":["GET"]}}],"collection":[{"href":"https:\/\/kosovatimes.info\/index.php\/wp-json\/wp\/v2\/posts"}],"about":[{"href":"https:\/\/kosovatimes.info\/index.php\/wp-json\/wp\/v2\/types\/post"}],"author":[{"embeddable":true,"href":"https:\/\/kosovatimes.info\/index.php\/wp-json\/wp\/v2\/users\/4"}],"replies":[{"embeddable":true,"href":"https:\/\/kosovatimes.info\/index.php\/wp-json\/wp\/v2\/comments?post=30887"}],"version-history":[{"count":1,"href":"https:\/\/kosovatimes.info\/index.php\/wp-json\/wp\/v2\/posts\/30887\/revisions"}],"predecessor-version":[{"id":30889,"href":"https:\/\/kosovatimes.info\/index.php\/wp-json\/wp\/v2\/posts\/30887\/revisions\/30889"}],"wp:featuredmedia":[{"embeddable":true,"href":"https:\/\/kosovatimes.info\/index.php\/wp-json\/wp\/v2\/media\/30888"}],"wp:attachment":[{"href":"https:\/\/kosovatimes.info\/index.php\/wp-json\/wp\/v2\/media?parent=30887"}],"wp:term":[{"taxonomy":"category","embeddable":true,"href":"https:\/\/kosovatimes.info\/index.php\/wp-json\/wp\/v2\/categories?post=30887"},{"taxonomy":"post_tag","embeddable":true,"href":"https:\/\/kosovatimes.info\/index.php\/wp-json\/wp\/v2\/tags?post=30887"}],"curies":[{"name":"wp","href":"https:\/\/api.w.org\/{rel}","templated":true}]}}