{"id":30896,"date":"2026-09-04T12:14:19","date_gmt":"2026-09-04T10:14:19","guid":{"rendered":"https:\/\/kosovatimes.info\/?p=30896"},"modified":"2026-09-04T12:14:23","modified_gmt":"2026-09-04T10:14:23","slug":"serbia-po-behet-qender-e-sulmeve-ruse-ne-te-gjithe-evropen","status":"publish","type":"post","link":"https:\/\/kosovatimes.info\/index.php\/2026\/09\/04\/serbia-po-behet-qender-e-sulmeve-ruse-ne-te-gjithe-evropen\/","title":{"rendered":"Serbia po b\u00ebhet qend\u00ebr e sulmeve ruse n\u00eb t\u00eb gjith\u00eb Evrop\u00ebn"},"content":{"rendered":"\n<p class=\"wp-block-paragraph\">Hetuesit gjerman\u00eb jan\u00eb t\u00eb interesuar p\u00ebr at\u00eb q\u00eb din\u00eb dy shtetasit serb\u00eb q\u00eb ndodhen n\u00eb paraburgim n\u00eb Serbi, sepse \u00e7\u00ebshtja e tyre lidh aeroplan\u00ebt ukrainas n\u00eb Leipzig, dy \u00e7anta shpine me eksploziv\u00eb t\u00eb gjetura pran\u00eb Kanji\u017e\u00ebs dhe historin\u00eb m\u00eb t\u00eb gjer\u00eb t\u00eb Serbis\u00eb si nj\u00eb qend\u00ebr logjistike p\u00ebr operacionet e inteligjenc\u00ebs ruse n\u00eb Evrop\u00eb.<\/p>\n\n\n\n<p class=\"wp-block-paragraph\">N\u00eb Gjermani, flitet hapur p\u00ebr nj\u00eb luft\u00eb hibride q\u00eb shtrihet n\u00eb t\u00eb gjith\u00eb kontinentin, dhe aktor\u00ebt n\u00eb terren shpesh jan\u00eb thjesht gur\u00eb shahu n\u00eb nj\u00eb loj\u00eb q\u00eb as nuk e kuptojn\u00eb, shkruan&nbsp;<a href=\"https:\/\/www.dw.com\/hr\/ruski-ljudi-trag-od-leipziga-do-kanji%C5%BEe\/a-78880057\">Deutsche Welle<\/a>&nbsp;.<\/p>\n\n\n\n<h3 class=\"wp-block-heading\">Agjent\u00eb t\u00eb dikursh\u00ebm p\u00ebr &#8216;luft\u00ebn n\u00eb hije&#8217; t\u00eb Rusis\u00eb<\/h3>\n\n\n\n<p class=\"wp-block-paragraph\">T\u00eb ashtuquajturit &#8220;agjent\u00eb t\u00eb disponuesh\u00ebm&#8221; rus\u00eb ishin p\u00ebrs\u00ebri n\u00eb fokus t\u00eb hetimit. \u00cbsht\u00eb nj\u00eb metod\u00eb ku sh\u00ebrbimet ruse dyshohet se rekrutojn\u00eb kriminel\u00eb t\u00eb vegj\u00ebl ose qytetar\u00eb t\u00eb paduksh\u00ebm p\u00ebr t\u00eb kryer sabotim p\u00ebr para. N\u00eb Mosk\u00eb, ata llogarisin paraprakisht se autor\u00eb t\u00eb till\u00eb do t\u00eb arrestohen, por \u00ebsht\u00eb e v\u00ebshtir\u00eb t\u00eb provohet se kush q\u00ebndron pas tyre.<\/p>\n\n\n\n<p class=\"wp-block-paragraph\">Raste t\u00eb ngjashme jan\u00eb raportuar n\u00eb t\u00eb gjith\u00eb Evrop\u00ebn. N\u00eb Ukrain\u00eb, djemt\u00eb u paguan 20 euro p\u00ebr t\u00eb pikturuar grafite antiqeveritare dhe p\u00ebr t&#8217;i v\u00ebn\u00eb flak\u00ebn infrastruktur\u00ebs hekurudhore. N\u00eb Gjermani, qytetar\u00eb t\u00eb Serbis\u00eb dhe Bosnj\u00ebs dhe Hercegovin\u00ebs dyshohet se mor\u00ebn pjes\u00eb n\u00eb shkat\u00ebrrimin e t\u00eb pakt\u00ebn 270 makinave. Ata injektuan shkum\u00eb poliuretani n\u00eb tubat e shkarkimit, e cila shkat\u00ebrron motorin, dhe lan\u00eb afishe q\u00eb kishin p\u00ebr q\u00ebllim t\u00eb krijonin p\u00ebrshtypjen e rreme se aktivist\u00eb radikal\u00eb t\u00eb gjelb\u00ebr ishin pas sulmeve. Q\u00ebllimi dyshohet se ishte t\u00eb nxiste zem\u00ebrimin publik kund\u00ebr Partis\u00eb s\u00eb Gjelb\u00ebr dhe t\u00eb ndihmonte t\u00eb djatht\u00ebn radikale n\u00eb zgjedhje.<\/p>\n\n\n\n<p class=\"wp-block-paragraph\">Revista javore gjermane Spiegel i p\u00ebrshkroi operacione t\u00eb tilla si &#8220;lufta n\u00eb hije&#8221; e Rusis\u00eb kund\u00ebr Gjermanis\u00eb. &#8220;Sulme hakerimi ndaj furnizuesve t\u00eb energjis\u00eb, fushata dezinformimi p\u00ebrpara zgjedhjeve, fluturime me dron\u00eb mbi kazerma dhe fabrika industriale: Moska ka n\u00eb dispozicion nj\u00eb gam\u00eb t\u00eb gjer\u00eb mjetesh p\u00ebr t\u00eb destabilizuar Gjermanin\u00eb dhe p\u00ebr t\u00eb ngacmuar popullsin\u00eb&#8221;, tha Spiegel.<\/p>\n\n\n\n<h3 class=\"wp-block-heading\">Gjurm\u00ebt e eksploziv\u00ebve t\u00eb \u00e7ojn\u00eb n\u00eb Serbi<\/h3>\n\n\n\n<p class=\"wp-block-paragraph\">Situata u b\u00eb m\u00eb serioze n\u00eb fillim t\u00eb gushtit n\u00eb Aeroportin e Leipzigut. Atje, pran\u00eb nj\u00eb aeroplani transporti ukrainas Antonov, u gjet nj\u00eb dron me nj\u00eb kana\u00e7e me eksploziv plastik. Kjo pjes\u00eb e aeroportit p\u00ebrdoret edhe nga ushtria ukrainase p\u00ebr logjistik\u00eb. Nj\u00eb hetim tregoi se droni duhej t\u00eb p\u00ebrplasej n\u00eb rezervuarin e karburantit t\u00eb aeroplanit dhe t\u00eb shkaktonte nj\u00eb shp\u00ebrthim vajguri, por plani d\u00ebshtoi sepse detonatori nuk ishte i lidhur si\u00e7 duhet me eksploziv\u00ebt.<\/p>\n\n\n\n<p class=\"wp-block-paragraph\">Dhjet\u00eb dit\u00eb m\u00eb von\u00eb, nj\u00eb dron i ngjash\u00ebm u gjet pes\u00eb kilometra larg aeroportit. T\u00eb dy ishin t\u00eb pajisur me nj\u00eb router dhe mund t\u00eb kontrolloheshin n\u00ebp\u00ebrmjet rrjetit celular nga kudo n\u00eb bot\u00eb. Gjurm\u00eb ADN-je u gjet\u00ebn n\u00eb vendngjarje dhe hetuesit kan\u00eb t\u00eb pakt\u00ebn dy t\u00eb dyshuar. Nj\u00ebri dyshohet se \u00ebsht\u00eb i lidhur me sh\u00ebrbimet sekrete ruse dhe shp\u00ebrthimin n\u00eb \u0141\u00f3d\u017a t\u00eb Polonis\u00eb n\u00eb vitin 2024, nd\u00ebrsa tjetri, sipas informacioneve, udh\u00ebtoi nga Stambolli n\u00eb Gjermani para sulmit n\u00eb Leipzig, dhe m\u00eb pas shkoi n\u00eb Serbi.<\/p>\n\n\n\n<p class=\"wp-block-paragraph\">Sipas informacioneve nga sh\u00ebrbimet e inteligjenc\u00ebs per\u00ebndimore t\u00eb raportuara nga Spiegel, Serbia \u00ebsht\u00eb b\u00ebr\u00eb nj\u00eb pik\u00eb ky\u00e7e p\u00ebr sabotimin rus n\u00eb Evrop\u00eb, ku sh\u00ebrbimet sekrete ruse dyshohet se rekrutojn\u00eb dhe trajnojn\u00eb njer\u00ebzit e tyre.<\/p>\n\n\n\n<h3 class=\"wp-block-heading\">Arrestime dhe hetime n\u00eb Serbi<\/h3>\n\n\n\n<p class=\"wp-block-paragraph\">Hetuesit gjerman\u00eb tani jan\u00eb jasht\u00ebzakonisht t\u00eb interesuar p\u00ebr \u00e7do informacion q\u00eb mund t\u00eb ken\u00eb Danilo B. dhe Slobodan \u0110., t\u00eb cil\u00ebt ndodhen n\u00eb paraburgim n\u00eb Serbi q\u00eb nga 11 qershori. Besohet se ata din\u00eb m\u00eb shum\u00eb rreth nj\u00eb bashk\u00ebpun\u00ebtori t\u00eb tret\u00eb, nj\u00eb &#8220;agjent t\u00eb dikursh\u00ebm&#8221; t\u00eb p\u00ebrfshir\u00eb n\u00eb rastin e Leipzigut. B., i cili ka shtet\u00ebsi ruse dhe serbe, dhe \u0110., nj\u00eb shtetas serb, u arrestuan n\u00eb dy makina t\u00eb ndara nd\u00ebrsa p\u00ebrpiqeshin t\u00eb kalonin kufirin me Hungarin\u00eb. Nj\u00ebra mbante pjes\u00eb t\u00eb dronit, tjetra kana\u00e7e me eksploziv\u00eb.<\/p>\n\n\n\n<p class=\"wp-block-paragraph\">N\u00eb Serbi, kund\u00ebr tyre po zhvillohet nj\u00eb hetim zyrtar p\u00ebr posedim t\u00eb paligjsh\u00ebm t\u00eb arm\u00ebve dhe eksploziv\u00ebve, dhe kund\u00ebr B. p\u00ebr falsifikim dokumentesh. Deri m\u00eb tani, nuk ka akuza zyrtare p\u00ebr terroriz\u00ebm apo planifikim sulmi. Nd\u00ebrsa mediat gjermane shkruan gjer\u00ebsisht p\u00ebr agjent\u00ebt rus\u00eb, dhe Ministri i Brendsh\u00ebm, Alexander Dobrindt, konfirmoi se nj\u00eb informacion p\u00ebr koleg\u00ebt serb\u00eb parandaloi sulmin n\u00eb Gjermani, institucionet serbe heshtin kryesisht.<\/p>\n\n\n\n<p class=\"wp-block-paragraph\">P\u00ebrjashtim b\u00ebri nj\u00eb deklarat\u00eb nga Zyra e Prokurorit t\u00eb Lart\u00eb Publik n\u00eb Subotic\u00eb m\u00eb 2 shtator, e cila deklaroi se hetimi ishte zgjeruar p\u00ebr t\u00eb p\u00ebrfshir\u00eb kat\u00ebr persona t\u00eb tjer\u00eb. Zyra e prokurorit nuk donte t\u00eb komentonte mbi akuzat nga Gjermania dhe iu referua sekretit t\u00eb hetimit. U konfirmua vet\u00ebm se zgjerimi i hetimit lidhej me zbulimin e dy \u00e7antave me eksploziv\u00eb pran\u00eb Kanji\u017e\u00ebs n\u00eb prill, pran\u00eb tubacionit t\u00eb gazit. Incidenti u p\u00ebrdor nga kryeministri i at\u00ebhersh\u00ebm hungarez Viktor Orban p\u00ebr t\u00eb akuzuar Ukrain\u00ebn p\u00ebr sabotim, nd\u00ebrsa presidenti serb Aleksandar Vu\u00e7i\u00e7 deklaroi se &#8220;\u00ebsht\u00eb e qart\u00eb se loj\u00ebrat gjeopolitike nuk do t\u00eb na l\u00ebn\u00eb rehat&#8221;.<\/p>\n\n\n\n<h3 class=\"wp-block-heading\">Serbia si nj\u00eb vend st\u00ebrvitjeje p\u00ebr inteligjenc\u00ebn<\/h3>\n\n\n\n<p class=\"wp-block-paragraph\">Q\u00eb nga fillimi i pushtimit rus t\u00eb Ukrain\u00ebs, autoritetet n\u00eb Beograd kan\u00eb theksuar se nuk kan\u00eb vendosur sanksione ndaj Rusis\u00eb. N\u00eb t\u00eb nj\u00ebjt\u00ebn koh\u00eb, \u00ebsht\u00eb b\u00ebr\u00eb sekret publik se Serbia, n\u00ebp\u00ebrmjet nd\u00ebrmjet\u00ebsve nga Republika \u00c7eke dhe Polonia dhe me fonde amerikane, po furnizon ushtrin\u00eb ukrainase me granata. Ky bashk\u00ebpunim u konfirmua edhe nga vizita e fundit e Presidentit ukrainas Volodymyr Zelensky n\u00eb Beograd, megjith\u00ebse bashk\u00ebpunimi ushtarak nuk u p\u00ebrmend n\u00eb konferenc\u00ebn p\u00ebr shtyp.<\/p>\n\n\n\n<p class=\"wp-block-paragraph\">N\u00eb t\u00eb nj\u00ebjt\u00ebn koh\u00eb, kan\u00eb ndodhur nj\u00eb num\u00ebr incidentesh q\u00eb sugjerojn\u00eb se Serbia \u00ebsht\u00eb b\u00ebr\u00eb nj\u00eb terren i r\u00ebnd\u00ebsish\u00ebm p\u00ebr sh\u00ebrbimet ruse. Shtatorin e kaluar, dy persona u arrestuan me dyshimin p\u00ebr trajnimin e rreth 150 qytetar\u00ebve moldav\u00eb dhe rumun\u00eb n\u00eb nj\u00eb kamp pran\u00eb Loznic\u00ebs p\u00ebr t\u00eb shkaktuar trazira pas zgjedhjeve n\u00eb Moldavi. Disa dit\u00eb m\u00eb von\u00eb, u arrestuan nj\u00ebmb\u00ebdhjet\u00eb persona t\u00eb tjer\u00eb t\u00eb dyshuar p\u00ebr spiunazh. Ata akuzohen se kan\u00eb hedhur boj\u00eb jeshile mbi nd\u00ebrtesat hebraike n\u00eb Paris vitin e kaluar, kan\u00eb l\u00ebn\u00eb koka derri para xhamive dhe kan\u00eb shkruar mesazhe diskriminuese n\u00eb Berlin, me q\u00ebllim shkaktimin e kaosit, me urdh\u00ebr t\u00eb Rusis\u00eb dhe p\u00ebr para.<\/p>\n\n\n\n<p class=\"wp-block-paragraph\">\u201c\u00cbsht\u00eb e v\u00ebshtir\u00eb t\u00eb besohet se sh\u00ebrbimet serbe t\u00eb siguris\u00eb nuk e dinin se kjo po ndodhte, sepse ky nuk \u00ebsht\u00eb nj\u00eb rast i vet\u00ebm, por nj\u00eb seri e t\u00ebr\u00eb rastesh t\u00eb nj\u00ebjta ose t\u00eb ngjashme\u201d, tha p\u00ebr RSE-n\u00eb n\u00eb at\u00eb koh\u00eb Predrag Petrovi\u0107 nga Qendra e Beogradit p\u00ebr Politikat e Siguris\u00eb.<\/p>\n\n\n\n<h3 class=\"wp-block-heading\">Masat diplomatike dhe t\u00eb siguris\u00eb<\/h3>\n\n\n\n<p class=\"wp-block-paragraph\">Nd\u00ebrsa qeveria e Aleksandar Vu\u00e7i\u00e7it ka shmangur dh\u00ebnien e deklaratave publike n\u00eb lidhje me k\u00ebto raste, shum\u00eb analist\u00eb besojn\u00eb se Serbia po ruan bashk\u00ebpunimin me vendet per\u00ebndimore p\u00ebrmes veprimeve t\u00eb qeta, t\u00eb cilat p\u00ebrfshijn\u00eb arrestime t\u00eb agjent\u00ebve t\u00eb dyshuar rus\u00eb dhe d\u00ebrgesa arm\u00ebsh n\u00eb Ukrain\u00eb. N\u00eb Gjermani, pas sulmit t\u00eb tentuar n\u00eb Leipzig, u njoftua mbyllja e Sht\u00ebpis\u00eb Ruse n\u00eb Berlin dhe konsullat\u00ebs ruse n\u00eb Bon, si dhe kontrolle m\u00eb t\u00eb rrepta kufitare p\u00ebr qytetar\u00ebt rus\u00eb.<\/p>\n\n\n\n<p class=\"wp-block-paragraph\">Rusia i hedh posht\u00eb t\u00eb gjitha akuzat. Kreu i diplomacis\u00eb, Sergei Lavrov, i quajti akuzat p\u00ebr p\u00ebrfshirjen e Mosk\u00ebs n\u00eb rastin e Leipzigut &#8220;provokime plot\u00ebsisht t\u00eb sajuara&#8221;. N\u00eb p\u00ebrgjigje, Rusia njoftoi mbylljen e Institutit Goethe n\u00eb disa vende n\u00eb vend.<\/p>\n","protected":false},"excerpt":{"rendered":"<p>Hetuesit gjerman\u00eb jan\u00eb t\u00eb interesuar p\u00ebr at\u00eb q\u00eb din\u00eb dy shtetasit serb\u00eb q\u00eb ndodhen n\u00eb paraburgim n\u00eb Serbi, sepse \u00e7\u00ebshtja e tyre lidh aeroplan\u00ebt ukrainas n\u00eb Leipzig, dy \u00e7anta shpine me eksploziv\u00eb t\u00eb gjetura pran\u00eb Kanji\u017e\u00ebs dhe historin\u00eb m\u00eb t\u00eb gjer\u00eb t\u00eb Serbis\u00eb si nj\u00eb qend\u00ebr logjistike p\u00ebr operacionet e inteligjenc\u00ebs ruse n\u00eb Evrop\u00eb. N\u00eb [&hellip;]<\/p>\n","protected":false},"author":4,"featured_media":30897,"comment_status":"open","ping_status":"open","sticky":false,"template":"","format":"standard","meta":{"footnotes":""},"categories":[30,32],"tags":[],"class_list":["post-30896","post","type-post","status-publish","format-standard","has-post-thumbnail","category-lajme","category-rajon"],"yoast_head":"<!-- This site is optimized with the Yoast SEO plugin v27.4 - https:\/\/yoast.com\/product\/yoast-seo-wordpress\/ -->\n<title>Serbia po b\u00ebhet qend\u00ebr e sulmeve ruse n\u00eb t\u00eb gjith\u00eb Evrop\u00ebn - Kosova Times<\/title>\n<meta name=\"robots\" content=\"index, follow, max-snippet:-1, max-image-preview:large, max-video-preview:-1\" \/>\n<link rel=\"canonical\" href=\"https:\/\/kosovatimes.info\/index.php\/2026\/09\/04\/serbia-po-behet-qender-e-sulmeve-ruse-ne-te-gjithe-evropen\/\" \/>\n<meta property=\"og:locale\" content=\"en_US\" \/>\n<meta property=\"og:type\" content=\"article\" \/>\n<meta property=\"og:title\" content=\"Serbia po b\u00ebhet qend\u00ebr e sulmeve ruse n\u00eb t\u00eb gjith\u00eb Evrop\u00ebn - Kosova Times\" \/>\n<meta property=\"og:description\" content=\"Hetuesit gjerman\u00eb jan\u00eb t\u00eb interesuar p\u00ebr at\u00eb q\u00eb din\u00eb dy shtetasit serb\u00eb q\u00eb ndodhen n\u00eb paraburgim n\u00eb Serbi, sepse \u00e7\u00ebshtja e tyre lidh aeroplan\u00ebt ukrainas n\u00eb Leipzig, dy \u00e7anta shpine me eksploziv\u00eb t\u00eb gjetura pran\u00eb Kanji\u017e\u00ebs dhe historin\u00eb m\u00eb t\u00eb gjer\u00eb t\u00eb Serbis\u00eb si nj\u00eb qend\u00ebr logjistike p\u00ebr operacionet e inteligjenc\u00ebs ruse n\u00eb Evrop\u00eb. N\u00eb [&hellip;]\" \/>\n<meta property=\"og:url\" content=\"https:\/\/kosovatimes.info\/index.php\/2026\/09\/04\/serbia-po-behet-qender-e-sulmeve-ruse-ne-te-gjithe-evropen\/\" \/>\n<meta property=\"og:site_name\" content=\"Kosova Times\" \/>\n<meta property=\"article:published_time\" content=\"2026-09-04T10:14:19+00:00\" \/>\n<meta property=\"article:modified_time\" content=\"2026-09-04T10:14:23+00:00\" \/>\n<meta property=\"og:image\" content=\"https:\/\/kosovatimes.info\/wp-content\/uploads\/2026\/09\/serbi.webp\" \/>\n\t<meta property=\"og:image:width\" content=\"800\" \/>\n\t<meta property=\"og:image:height\" content=\"533\" \/>\n\t<meta property=\"og:image:type\" content=\"image\/webp\" \/>\n<meta name=\"author\" content=\"i l\" \/>\n<meta name=\"twitter:card\" content=\"summary_large_image\" \/>\n<meta name=\"twitter:label1\" content=\"Written by\" \/>\n\t<meta name=\"twitter:data1\" content=\"i l\" \/>\n\t<meta name=\"twitter:label2\" content=\"Est. reading time\" \/>\n\t<meta name=\"twitter:data2\" content=\"6 minutes\" \/>\n<script type=\"application\/ld+json\" class=\"yoast-schema-graph\">{\"@context\":\"https:\\\/\\\/schema.org\",\"@graph\":[{\"@type\":\"Article\",\"@id\":\"https:\\\/\\\/kosovatimes.info\\\/index.php\\\/2026\\\/09\\\/04\\\/serbia-po-behet-qender-e-sulmeve-ruse-ne-te-gjithe-evropen\\\/#article\",\"isPartOf\":{\"@id\":\"https:\\\/\\\/kosovatimes.info\\\/index.php\\\/2026\\\/09\\\/04\\\/serbia-po-behet-qender-e-sulmeve-ruse-ne-te-gjithe-evropen\\\/\"},\"author\":{\"name\":\"i l\",\"@id\":\"https:\\\/\\\/kosovatimes.info\\\/#\\\/schema\\\/person\\\/7586712b9c512fe68085de007378c915\"},\"headline\":\"Serbia po b\u00ebhet qend\u00ebr e sulmeve ruse n\u00eb t\u00eb gjith\u00eb Evrop\u00ebn\",\"datePublished\":\"2026-09-04T10:14:19+00:00\",\"dateModified\":\"2026-09-04T10:14:23+00:00\",\"mainEntityOfPage\":{\"@id\":\"https:\\\/\\\/kosovatimes.info\\\/index.php\\\/2026\\\/09\\\/04\\\/serbia-po-behet-qender-e-sulmeve-ruse-ne-te-gjithe-evropen\\\/\"},\"wordCount\":1324,\"commentCount\":0,\"image\":{\"@id\":\"https:\\\/\\\/kosovatimes.info\\\/index.php\\\/2026\\\/09\\\/04\\\/serbia-po-behet-qender-e-sulmeve-ruse-ne-te-gjithe-evropen\\\/#primaryimage\"},\"thumbnailUrl\":\"https:\\\/\\\/kosovatimes.info\\\/wp-content\\\/uploads\\\/2026\\\/09\\\/serbi.webp\",\"articleSection\":[\"Lajme\",\"Rajon\"],\"inLanguage\":\"en-US\",\"potentialAction\":[{\"@type\":\"CommentAction\",\"name\":\"Comment\",\"target\":[\"https:\\\/\\\/kosovatimes.info\\\/index.php\\\/2026\\\/09\\\/04\\\/serbia-po-behet-qender-e-sulmeve-ruse-ne-te-gjithe-evropen\\\/#respond\"]}]},{\"@type\":\"WebPage\",\"@id\":\"https:\\\/\\\/kosovatimes.info\\\/index.php\\\/2026\\\/09\\\/04\\\/serbia-po-behet-qender-e-sulmeve-ruse-ne-te-gjithe-evropen\\\/\",\"url\":\"https:\\\/\\\/kosovatimes.info\\\/index.php\\\/2026\\\/09\\\/04\\\/serbia-po-behet-qender-e-sulmeve-ruse-ne-te-gjithe-evropen\\\/\",\"name\":\"Serbia po b\u00ebhet qend\u00ebr e sulmeve ruse n\u00eb t\u00eb gjith\u00eb Evrop\u00ebn - Kosova Times\",\"isPartOf\":{\"@id\":\"https:\\\/\\\/kosovatimes.info\\\/#website\"},\"primaryImageOfPage\":{\"@id\":\"https:\\\/\\\/kosovatimes.info\\\/index.php\\\/2026\\\/09\\\/04\\\/serbia-po-behet-qender-e-sulmeve-ruse-ne-te-gjithe-evropen\\\/#primaryimage\"},\"image\":{\"@id\":\"https:\\\/\\\/kosovatimes.info\\\/index.php\\\/2026\\\/09\\\/04\\\/serbia-po-behet-qender-e-sulmeve-ruse-ne-te-gjithe-evropen\\\/#primaryimage\"},\"thumbnailUrl\":\"https:\\\/\\\/kosovatimes.info\\\/wp-content\\\/uploads\\\/2026\\\/09\\\/serbi.webp\",\"datePublished\":\"2026-09-04T10:14:19+00:00\",\"dateModified\":\"2026-09-04T10:14:23+00:00\",\"author\":{\"@id\":\"https:\\\/\\\/kosovatimes.info\\\/#\\\/schema\\\/person\\\/7586712b9c512fe68085de007378c915\"},\"breadcrumb\":{\"@id\":\"https:\\\/\\\/kosovatimes.info\\\/index.php\\\/2026\\\/09\\\/04\\\/serbia-po-behet-qender-e-sulmeve-ruse-ne-te-gjithe-evropen\\\/#breadcrumb\"},\"inLanguage\":\"en-US\",\"potentialAction\":[{\"@type\":\"ReadAction\",\"target\":[\"https:\\\/\\\/kosovatimes.info\\\/index.php\\\/2026\\\/09\\\/04\\\/serbia-po-behet-qender-e-sulmeve-ruse-ne-te-gjithe-evropen\\\/\"]}]},{\"@type\":\"ImageObject\",\"inLanguage\":\"en-US\",\"@id\":\"https:\\\/\\\/kosovatimes.info\\\/index.php\\\/2026\\\/09\\\/04\\\/serbia-po-behet-qender-e-sulmeve-ruse-ne-te-gjithe-evropen\\\/#primaryimage\",\"url\":\"https:\\\/\\\/kosovatimes.info\\\/wp-content\\\/uploads\\\/2026\\\/09\\\/serbi.webp\",\"contentUrl\":\"https:\\\/\\\/kosovatimes.info\\\/wp-content\\\/uploads\\\/2026\\\/09\\\/serbi.webp\",\"width\":800,\"height\":533},{\"@type\":\"BreadcrumbList\",\"@id\":\"https:\\\/\\\/kosovatimes.info\\\/index.php\\\/2026\\\/09\\\/04\\\/serbia-po-behet-qender-e-sulmeve-ruse-ne-te-gjithe-evropen\\\/#breadcrumb\",\"itemListElement\":[{\"@type\":\"ListItem\",\"position\":1,\"name\":\"Home\",\"item\":\"https:\\\/\\\/kosovatimes.info\\\/\"},{\"@type\":\"ListItem\",\"position\":2,\"name\":\"Serbia po b\u00ebhet qend\u00ebr e sulmeve ruse n\u00eb t\u00eb gjith\u00eb Evrop\u00ebn\"}]},{\"@type\":\"WebSite\",\"@id\":\"https:\\\/\\\/kosovatimes.info\\\/#website\",\"url\":\"https:\\\/\\\/kosovatimes.info\\\/\",\"name\":\"Kosova Times\",\"description\":\"\",\"potentialAction\":[{\"@type\":\"SearchAction\",\"target\":{\"@type\":\"EntryPoint\",\"urlTemplate\":\"https:\\\/\\\/kosovatimes.info\\\/?s={search_term_string}\"},\"query-input\":{\"@type\":\"PropertyValueSpecification\",\"valueRequired\":true,\"valueName\":\"search_term_string\"}}],\"inLanguage\":\"en-US\"},{\"@type\":\"Person\",\"@id\":\"https:\\\/\\\/kosovatimes.info\\\/#\\\/schema\\\/person\\\/7586712b9c512fe68085de007378c915\",\"name\":\"i l\",\"image\":{\"@type\":\"ImageObject\",\"inLanguage\":\"en-US\",\"@id\":\"https:\\\/\\\/secure.gravatar.com\\\/avatar\\\/bad9296e02816160ae2e2435beda58222022298d5625d49fea74d18816fbb31d?s=96&d=mm&r=g\",\"url\":\"https:\\\/\\\/secure.gravatar.com\\\/avatar\\\/bad9296e02816160ae2e2435beda58222022298d5625d49fea74d18816fbb31d?s=96&d=mm&r=g\",\"contentUrl\":\"https:\\\/\\\/secure.gravatar.com\\\/avatar\\\/bad9296e02816160ae2e2435beda58222022298d5625d49fea74d18816fbb31d?s=96&d=mm&r=g\",\"caption\":\"i l\"},\"url\":\"https:\\\/\\\/kosovatimes.info\\\/index.php\\\/author\\\/iliri\\\/\"}]}<\/script>\n<!-- \/ Yoast SEO plugin. -->","yoast_head_json":{"title":"Serbia po b\u00ebhet qend\u00ebr e sulmeve ruse n\u00eb t\u00eb gjith\u00eb Evrop\u00ebn - Kosova Times","robots":{"index":"index","follow":"follow","max-snippet":"max-snippet:-1","max-image-preview":"max-image-preview:large","max-video-preview":"max-video-preview:-1"},"canonical":"https:\/\/kosovatimes.info\/index.php\/2026\/09\/04\/serbia-po-behet-qender-e-sulmeve-ruse-ne-te-gjithe-evropen\/","og_locale":"en_US","og_type":"article","og_title":"Serbia po b\u00ebhet qend\u00ebr e sulmeve ruse n\u00eb t\u00eb gjith\u00eb Evrop\u00ebn - Kosova Times","og_description":"Hetuesit gjerman\u00eb jan\u00eb t\u00eb interesuar p\u00ebr at\u00eb q\u00eb din\u00eb dy shtetasit serb\u00eb q\u00eb ndodhen n\u00eb paraburgim n\u00eb Serbi, sepse \u00e7\u00ebshtja e tyre lidh aeroplan\u00ebt ukrainas n\u00eb Leipzig, dy \u00e7anta shpine me eksploziv\u00eb t\u00eb gjetura pran\u00eb Kanji\u017e\u00ebs dhe historin\u00eb m\u00eb t\u00eb gjer\u00eb t\u00eb Serbis\u00eb si nj\u00eb qend\u00ebr logjistike p\u00ebr operacionet e inteligjenc\u00ebs ruse n\u00eb Evrop\u00eb. N\u00eb [&hellip;]","og_url":"https:\/\/kosovatimes.info\/index.php\/2026\/09\/04\/serbia-po-behet-qender-e-sulmeve-ruse-ne-te-gjithe-evropen\/","og_site_name":"Kosova Times","article_published_time":"2026-09-04T10:14:19+00:00","article_modified_time":"2026-09-04T10:14:23+00:00","og_image":[{"width":800,"height":533,"url":"https:\/\/kosovatimes.info\/wp-content\/uploads\/2026\/09\/serbi.webp","type":"image\/webp"}],"author":"i l","twitter_card":"summary_large_image","twitter_misc":{"Written by":"i l","Est. reading time":"6 minutes"},"schema":{"@context":"https:\/\/schema.org","@graph":[{"@type":"Article","@id":"https:\/\/kosovatimes.info\/index.php\/2026\/09\/04\/serbia-po-behet-qender-e-sulmeve-ruse-ne-te-gjithe-evropen\/#article","isPartOf":{"@id":"https:\/\/kosovatimes.info\/index.php\/2026\/09\/04\/serbia-po-behet-qender-e-sulmeve-ruse-ne-te-gjithe-evropen\/"},"author":{"name":"i l","@id":"https:\/\/kosovatimes.info\/#\/schema\/person\/7586712b9c512fe68085de007378c915"},"headline":"Serbia po b\u00ebhet qend\u00ebr e sulmeve ruse n\u00eb t\u00eb gjith\u00eb Evrop\u00ebn","datePublished":"2026-09-04T10:14:19+00:00","dateModified":"2026-09-04T10:14:23+00:00","mainEntityOfPage":{"@id":"https:\/\/kosovatimes.info\/index.php\/2026\/09\/04\/serbia-po-behet-qender-e-sulmeve-ruse-ne-te-gjithe-evropen\/"},"wordCount":1324,"commentCount":0,"image":{"@id":"https:\/\/kosovatimes.info\/index.php\/2026\/09\/04\/serbia-po-behet-qender-e-sulmeve-ruse-ne-te-gjithe-evropen\/#primaryimage"},"thumbnailUrl":"https:\/\/kosovatimes.info\/wp-content\/uploads\/2026\/09\/serbi.webp","articleSection":["Lajme","Rajon"],"inLanguage":"en-US","potentialAction":[{"@type":"CommentAction","name":"Comment","target":["https:\/\/kosovatimes.info\/index.php\/2026\/09\/04\/serbia-po-behet-qender-e-sulmeve-ruse-ne-te-gjithe-evropen\/#respond"]}]},{"@type":"WebPage","@id":"https:\/\/kosovatimes.info\/index.php\/2026\/09\/04\/serbia-po-behet-qender-e-sulmeve-ruse-ne-te-gjithe-evropen\/","url":"https:\/\/kosovatimes.info\/index.php\/2026\/09\/04\/serbia-po-behet-qender-e-sulmeve-ruse-ne-te-gjithe-evropen\/","name":"Serbia po b\u00ebhet qend\u00ebr e sulmeve ruse n\u00eb t\u00eb gjith\u00eb Evrop\u00ebn - Kosova Times","isPartOf":{"@id":"https:\/\/kosovatimes.info\/#website"},"primaryImageOfPage":{"@id":"https:\/\/kosovatimes.info\/index.php\/2026\/09\/04\/serbia-po-behet-qender-e-sulmeve-ruse-ne-te-gjithe-evropen\/#primaryimage"},"image":{"@id":"https:\/\/kosovatimes.info\/index.php\/2026\/09\/04\/serbia-po-behet-qender-e-sulmeve-ruse-ne-te-gjithe-evropen\/#primaryimage"},"thumbnailUrl":"https:\/\/kosovatimes.info\/wp-content\/uploads\/2026\/09\/serbi.webp","datePublished":"2026-09-04T10:14:19+00:00","dateModified":"2026-09-04T10:14:23+00:00","author":{"@id":"https:\/\/kosovatimes.info\/#\/schema\/person\/7586712b9c512fe68085de007378c915"},"breadcrumb":{"@id":"https:\/\/kosovatimes.info\/index.php\/2026\/09\/04\/serbia-po-behet-qender-e-sulmeve-ruse-ne-te-gjithe-evropen\/#breadcrumb"},"inLanguage":"en-US","potentialAction":[{"@type":"ReadAction","target":["https:\/\/kosovatimes.info\/index.php\/2026\/09\/04\/serbia-po-behet-qender-e-sulmeve-ruse-ne-te-gjithe-evropen\/"]}]},{"@type":"ImageObject","inLanguage":"en-US","@id":"https:\/\/kosovatimes.info\/index.php\/2026\/09\/04\/serbia-po-behet-qender-e-sulmeve-ruse-ne-te-gjithe-evropen\/#primaryimage","url":"https:\/\/kosovatimes.info\/wp-content\/uploads\/2026\/09\/serbi.webp","contentUrl":"https:\/\/kosovatimes.info\/wp-content\/uploads\/2026\/09\/serbi.webp","width":800,"height":533},{"@type":"BreadcrumbList","@id":"https:\/\/kosovatimes.info\/index.php\/2026\/09\/04\/serbia-po-behet-qender-e-sulmeve-ruse-ne-te-gjithe-evropen\/#breadcrumb","itemListElement":[{"@type":"ListItem","position":1,"name":"Home","item":"https:\/\/kosovatimes.info\/"},{"@type":"ListItem","position":2,"name":"Serbia po b\u00ebhet qend\u00ebr e sulmeve ruse n\u00eb t\u00eb gjith\u00eb Evrop\u00ebn"}]},{"@type":"WebSite","@id":"https:\/\/kosovatimes.info\/#website","url":"https:\/\/kosovatimes.info\/","name":"Kosova Times","description":"","potentialAction":[{"@type":"SearchAction","target":{"@type":"EntryPoint","urlTemplate":"https:\/\/kosovatimes.info\/?s={search_term_string}"},"query-input":{"@type":"PropertyValueSpecification","valueRequired":true,"valueName":"search_term_string"}}],"inLanguage":"en-US"},{"@type":"Person","@id":"https:\/\/kosovatimes.info\/#\/schema\/person\/7586712b9c512fe68085de007378c915","name":"i l","image":{"@type":"ImageObject","inLanguage":"en-US","@id":"https:\/\/secure.gravatar.com\/avatar\/bad9296e02816160ae2e2435beda58222022298d5625d49fea74d18816fbb31d?s=96&d=mm&r=g","url":"https:\/\/secure.gravatar.com\/avatar\/bad9296e02816160ae2e2435beda58222022298d5625d49fea74d18816fbb31d?s=96&d=mm&r=g","contentUrl":"https:\/\/secure.gravatar.com\/avatar\/bad9296e02816160ae2e2435beda58222022298d5625d49fea74d18816fbb31d?s=96&d=mm&r=g","caption":"i l"},"url":"https:\/\/kosovatimes.info\/index.php\/author\/iliri\/"}]}},"_links":{"self":[{"href":"https:\/\/kosovatimes.info\/index.php\/wp-json\/wp\/v2\/posts\/30896","targetHints":{"allow":["GET"]}}],"collection":[{"href":"https:\/\/kosovatimes.info\/index.php\/wp-json\/wp\/v2\/posts"}],"about":[{"href":"https:\/\/kosovatimes.info\/index.php\/wp-json\/wp\/v2\/types\/post"}],"author":[{"embeddable":true,"href":"https:\/\/kosovatimes.info\/index.php\/wp-json\/wp\/v2\/users\/4"}],"replies":[{"embeddable":true,"href":"https:\/\/kosovatimes.info\/index.php\/wp-json\/wp\/v2\/comments?post=30896"}],"version-history":[{"count":1,"href":"https:\/\/kosovatimes.info\/index.php\/wp-json\/wp\/v2\/posts\/30896\/revisions"}],"predecessor-version":[{"id":30898,"href":"https:\/\/kosovatimes.info\/index.php\/wp-json\/wp\/v2\/posts\/30896\/revisions\/30898"}],"wp:featuredmedia":[{"embeddable":true,"href":"https:\/\/kosovatimes.info\/index.php\/wp-json\/wp\/v2\/media\/30897"}],"wp:attachment":[{"href":"https:\/\/kosovatimes.info\/index.php\/wp-json\/wp\/v2\/media?parent=30896"}],"wp:term":[{"taxonomy":"category","embeddable":true,"href":"https:\/\/kosovatimes.info\/index.php\/wp-json\/wp\/v2\/categories?post=30896"},{"taxonomy":"post_tag","embeddable":true,"href":"https:\/\/kosovatimes.info\/index.php\/wp-json\/wp\/v2\/tags?post=30896"}],"curies":[{"name":"wp","href":"https:\/\/api.w.org\/{rel}","templated":true}]}}