{"id":30899,"date":"2026-09-04T08:29:00","date_gmt":"2026-09-04T06:29:00","guid":{"rendered":"https:\/\/kosovatimes.info\/?p=30899"},"modified":"2026-09-04T12:19:29","modified_gmt":"2026-09-04T10:19:29","slug":"milan-radoicic-regjistron-pronen-ne-emrin-e-tij-u-be-pronar-i-pese-parcelave-ai-ndan-njeren-me-nje-biznesmen-qe-eshte-nen-sanksionet-e-shba-se","status":"publish","type":"post","link":"https:\/\/kosovatimes.info\/index.php\/2026\/09\/04\/milan-radoicic-regjistron-pronen-ne-emrin-e-tij-u-be-pronar-i-pese-parcelave-ai-ndan-njeren-me-nje-biznesmen-qe-eshte-nen-sanksionet-e-shba-se\/","title":{"rendered":"Milan Radoiciq regjistron pron\u00ebn n\u00eb emrin e tij, u b\u00eb pronar i pes\u00eb parcelave: Ai ndan nj\u00ebr\u00ebn me nj\u00eb biznesmen q\u00eb \u00ebsht\u00eb n\u00ebn sanksionet e SHBA-s\u00eb"},"content":{"rendered":"\n<p class=\"wp-block-paragraph\">Milan Radoiciq nuk ka dal\u00eb n\u00eb publik q\u00eb kur mori p\u00ebrgjegj\u00ebsin\u00eb p\u00ebr konfliktin e armatosur n\u00eb Banjska tre vjet m\u00eb par\u00eb, n\u00eb t\u00eb cilin vdiq\u00ebn kat\u00ebr persona. Pastaj ai u t\u00ebrhoq nga kompania Inkop, dhe k\u00ebshtu edhe nga kat\u00ebr kompani t\u00eb tjera, dhe m\u00eb von\u00eb edhe nga pron\u00ebsia e pasuris\u00eb s\u00eb paluajtshme n\u00eb Dedinja, t\u00eb cil\u00ebn ia transferoi gruas s\u00eb tij Emma. Si\u00e7 zbuloi Nova.rs, Radoiciq koh\u00ebt e fundit u b\u00eb pronar i pes\u00eb parcelave t\u00eb tok\u00ebs n\u00eb Novi Pazar, sip\u00ebrfaqja e t\u00eb cilave \u00ebsht\u00eb af\u00ebr kat\u00ebr hektar\u00ebsh, dhe ai ndan nj\u00ebr\u00ebn me Sini\u0161a Nedeljkovi\u0107, kund\u00ebr t\u00eb cilit jan\u00eb hequr sanksionet n\u00eb Amerik\u00eb.<\/p>\n\n\n\n<p class=\"wp-block-paragraph\">Milan Radoi\u010di\u0107 zyrtarisht mungon nga biznesi, politika dhe madje edhe futbolli. Formalisht, nuk ka p\u00ebrparim n\u00eb hetimin e zhvilluar kund\u00ebr tij n\u00eb rastin Banjsko, edhe pse ai pranoi p\u00ebrgjegj\u00ebsin\u00eb.<\/p>\n\n\n\n<p class=\"wp-block-paragraph\">Megjithat\u00eb, pas nj\u00eb kohe t\u00eb gjat\u00eb emri i tij u regjistrua diku. Si\u00e7 mund t\u00eb shihet n\u00eb Kadast\u00ebr, Radoi\u010di\u0107 u b\u00eb pronar i pes\u00eb parcelave, me nj\u00eb sip\u00ebrfaqe totale prej 37,319 metrash katror\u00eb, n\u00eb Novi Pazar, n\u00eb komun\u00ebn Kadastrale t\u00eb Ka\u0161aljit.<\/p>\n\n\n\n<p class=\"wp-block-paragraph\">Ai ndan pron\u00ebsin\u00eb e nj\u00ebr\u00ebs prej parcelave me Sini\u0161a Nedeljkovi\u0107 nga Zve\u00e7ani, kund\u00ebr t\u00eb cilit Ministria Amerikane e Financave ngriti sanksione, p\u00ebr shkak t\u00eb lidhjeve t\u00eb tij me Zvonko Veselinovi\u0107, nj\u00eb ish-partner biznesi i Milan Radoi\u010di\u0107 dhe gjithashtu nj\u00eb biznesmen kontrovers.<\/p>\n\n\n\n<p class=\"wp-block-paragraph\">Si\u00e7 shkroi RSE n\u00eb korrik 2022, Zyra e Prokurorit n\u00eb Mitrovic\u00eb u tha atyre se ekziston nj\u00eb \u00e7\u00ebshtje aktive kund\u00ebr Nedeljkoviqit &#8211; dometh\u00ebn\u00eb, se ai akuzohet p\u00ebr tentativ\u00eb vrasjeje, prodhim dhe shitje t\u00eb paautorizuar t\u00eb drog\u00ebs dhe posedim t\u00eb paautorizuar t\u00eb arm\u00ebve.<\/p>\n\n\n\n<p class=\"wp-block-paragraph\">Nedeljkovi\u0107 lidhet n\u00eb dokumentin e Ministris\u00eb s\u00eb Financave t\u00eb SHBA-s\u00eb me shtat\u00eb subjekte ekonomike, dy prej t\u00eb cilave jan\u00eb t\u00eb regjistruara n\u00eb sistemin serb dhe pes\u00eb n\u00eb at\u00eb t\u00eb Kosov\u00ebs, raportoi Kossev. Disa jan\u00eb gjithashtu n\u00ebn sanksione amerikane, si\u00e7 \u00ebsht\u00eb &#8220;Marko metal commerce&#8221;.<\/p>\n\n\n\n<figure class=\"wp-block-image is-resized\"><img decoding=\"async\" src=\"https:\/\/nova.rs\/media\/images\/2025\/12\/1763979252_1680868937-Tan2023-04-0.format-jpeg.width-500.jpg\" alt=\"GORAN RAKI\u00c6, PETAR PETKOVI\u00c6, ALEKSANDAR VU\u00c6I\u00c6, MILAN RADONJI\u00c6, IGOR SIMI\u00c6\" style=\"width:auto;height:332px\"\/><figcaption class=\"wp-element-caption\">Goran Rakiq, Petar Petkoviq, Aleksandar Vu\u00e7iq, Milan Radoi\u00e7iq dhe Igor Simiq Foto: TANJUG\/ STRAHINJA A\u0106IMOVIQ<\/figcaption><\/figure>\n\n\n\n<p class=\"wp-block-paragraph\">Ai dikur mohoi se kishte t\u00eb b\u00ebnte me Zvonko Veselinoviqin.<\/p>\n\n\n\n<p class=\"wp-block-paragraph\">&#8220;Nuk kam t\u00eb b\u00ebj fare me ta dhe nuk kam b\u00ebr\u00eb asgj\u00eb. Ne njihemi prej 20 vitesh dhe nuk mund t\u00eb them se nuk i njoh, por sa i p\u00ebrket lidhjes, nj\u00ebsoj si un\u00eb dhe ti&#8221;, i tha Nedeljkovi\u0107 nj\u00eb gazetari nga portali KoSSev.<\/p>\n\n\n\n<p class=\"wp-block-paragraph\">Lidhja e dukshme me Milan Radoiciq-in ekziston ende. P\u00ebrve\u00e7 k\u00ebsaj, Radoi\u010di\u0107 \u00ebsht\u00eb gjithashtu n\u00ebn sanksione amerikane.<\/p>\n\n\n\n<p class=\"wp-block-paragraph\">Gjithashtu, n\u00eb fillim t\u00eb gushtit, u ngrit nj\u00eb aktakuz\u00eb kund\u00ebr 20 personave, p\u00ebrfshir\u00eb ish-n\u00ebnkryetarin e List\u00ebs Serbe, p\u00ebr krime lufte n\u00eb Gjakov\u00eb.<\/p>\n\n\n\n<p class=\"wp-block-paragraph\">Dhe nd\u00ebrsa n\u00eb aktakuz\u00ebn e Kosov\u00ebs ai p\u00ebrmendet si udh\u00ebheq\u00ebsi i grupit t\u00eb akuzuar p\u00ebr sulmin n\u00eb Banjska, n\u00eb Serbin\u00eb qendrore ai ende po hetohet zyrtarisht n\u00eb at\u00eb rast. Kjo \u00ebsht\u00eb ajo q\u00eb avokati i tij Goran Petronijeviq i tha Nova.rs.<\/p>\n\n\n\n<p class=\"wp-block-paragraph\">&#8220;Ky rast \u00ebsht\u00eb n\u00eb faz\u00ebn e hetimit. Dokumentet q\u00eb lidhen me k\u00ebt\u00eb rast jan\u00eb k\u00ebrkuar nga policia e Kosov\u00ebs dhe EULEX-i n\u00eb disa raste&#8221;, thot\u00eb Petronijevi\u0107.<\/p>\n\n\n\n<p class=\"wp-block-paragraph\">P\u00ebrve\u00e7 parcelave n\u00eb Novi Pazar, Milan Radoi\u010di\u0107 nuk ka asgj\u00eb me emrin e tij sa i p\u00ebrket pasurive t\u00eb patundshme. Dy vjet m\u00eb par\u00eb, s\u00eb bashku me gruan e tij Emma, \u200b\u200bai ishte pronar i dy nd\u00ebrtesave dhe nj\u00eb parcele toke n\u00eb Dedinje, n\u00eb Bulevardin Aleksandar Kara\u0111or\u0111evi\u0107a. Zvonko Veselinovi\u0107 dhe Nikola Petrovi\u0107, kumbari i presidentit t\u00eb shtetit, kan\u00eb vila n\u00eb af\u00ebrsi t\u00eb menj\u00ebhershme.<\/p>\n\n\n\n<p class=\"wp-block-paragraph\">Nd\u00ebrkoh\u00eb, prona mbi at\u00eb kompleks iu transferua plot\u00ebsisht gruas s\u00eb Radoi\u010di\u0107, Emma. M\u00eb par\u00eb, u k\u00ebrkua nj\u00eb leje nd\u00ebrtimi p\u00ebr nd\u00ebrtimin e nj\u00eb vile, sip\u00ebrfaqja e s\u00eb cil\u00ebs supozohej t\u00eb ishte 994.5 metra katror\u00eb, si dhe ishte planifikuar nd\u00ebrtimi i nj\u00eb pishine. Nd\u00ebrkoh\u00eb, jan\u00eb k\u00ebrkuar ndryshime. Kjo e fundit parashikon nd\u00ebrtimin e nj\u00eb nd\u00ebrtese luksoze me nj\u00eb sip\u00ebrfaqe mbi tok\u00eb prej 1,569 metrash katror\u00eb.<\/p>\n","protected":false},"excerpt":{"rendered":"<p>Milan Radoiciq nuk ka dal\u00eb n\u00eb publik q\u00eb kur mori p\u00ebrgjegj\u00ebsin\u00eb p\u00ebr konfliktin e armatosur n\u00eb Banjska tre vjet m\u00eb par\u00eb, n\u00eb t\u00eb cilin vdiq\u00ebn kat\u00ebr persona. Pastaj ai u t\u00ebrhoq nga kompania Inkop, dhe k\u00ebshtu edhe nga kat\u00ebr kompani t\u00eb tjera, dhe m\u00eb von\u00eb edhe nga pron\u00ebsia e pasuris\u00eb s\u00eb paluajtshme n\u00eb Dedinja, t\u00eb [&hellip;]<\/p>\n","protected":false},"author":4,"featured_media":30900,"comment_status":"open","ping_status":"open","sticky":false,"template":"","format":"standard","meta":{"footnotes":""},"categories":[30,32],"tags":[],"class_list":["post-30899","post","type-post","status-publish","format-standard","has-post-thumbnail","category-lajme","category-rajon"],"yoast_head":"<!-- This site is optimized with the Yoast SEO plugin v27.4 - https:\/\/yoast.com\/product\/yoast-seo-wordpress\/ -->\n<title>Milan Radoiciq regjistron pron\u00ebn n\u00eb emrin e tij, u b\u00eb pronar i pes\u00eb parcelave: Ai ndan nj\u00ebr\u00ebn me nj\u00eb biznesmen q\u00eb \u00ebsht\u00eb n\u00ebn sanksionet e SHBA-s\u00eb - Kosova Times<\/title>\n<meta name=\"robots\" content=\"index, follow, max-snippet:-1, max-image-preview:large, max-video-preview:-1\" \/>\n<link rel=\"canonical\" href=\"https:\/\/kosovatimes.info\/index.php\/2026\/09\/04\/milan-radoicic-regjistron-pronen-ne-emrin-e-tij-u-be-pronar-i-pese-parcelave-ai-ndan-njeren-me-nje-biznesmen-qe-eshte-nen-sanksionet-e-shba-se\/\" \/>\n<meta property=\"og:locale\" content=\"en_US\" \/>\n<meta property=\"og:type\" content=\"article\" \/>\n<meta property=\"og:title\" content=\"Milan Radoiciq regjistron pron\u00ebn n\u00eb emrin e tij, u b\u00eb pronar i pes\u00eb parcelave: Ai ndan nj\u00ebr\u00ebn me nj\u00eb biznesmen q\u00eb \u00ebsht\u00eb n\u00ebn sanksionet e SHBA-s\u00eb - Kosova Times\" \/>\n<meta property=\"og:description\" content=\"Milan Radoiciq nuk ka dal\u00eb n\u00eb publik q\u00eb kur mori p\u00ebrgjegj\u00ebsin\u00eb p\u00ebr konfliktin e armatosur n\u00eb Banjska tre vjet m\u00eb par\u00eb, n\u00eb t\u00eb cilin vdiq\u00ebn kat\u00ebr persona. Pastaj ai u t\u00ebrhoq nga kompania Inkop, dhe k\u00ebshtu edhe nga kat\u00ebr kompani t\u00eb tjera, dhe m\u00eb von\u00eb edhe nga pron\u00ebsia e pasuris\u00eb s\u00eb paluajtshme n\u00eb Dedinja, t\u00eb [&hellip;]\" \/>\n<meta property=\"og:url\" content=\"https:\/\/kosovatimes.info\/index.php\/2026\/09\/04\/milan-radoicic-regjistron-pronen-ne-emrin-e-tij-u-be-pronar-i-pese-parcelave-ai-ndan-njeren-me-nje-biznesmen-qe-eshte-nen-sanksionet-e-shba-se\/\" \/>\n<meta property=\"og:site_name\" content=\"Kosova Times\" \/>\n<meta property=\"article:published_time\" content=\"2026-09-04T06:29:00+00:00\" \/>\n<meta property=\"article:modified_time\" content=\"2026-09-04T10:19:29+00:00\" \/>\n<meta name=\"author\" content=\"i l\" \/>\n<meta name=\"twitter:card\" content=\"summary_large_image\" \/>\n<meta name=\"twitter:label1\" content=\"Written by\" \/>\n\t<meta name=\"twitter:data1\" content=\"i l\" \/>\n\t<meta name=\"twitter:label2\" content=\"Est. reading time\" \/>\n\t<meta name=\"twitter:data2\" content=\"4 minutes\" \/>\n<script type=\"application\/ld+json\" class=\"yoast-schema-graph\">{\"@context\":\"https:\\\/\\\/schema.org\",\"@graph\":[{\"@type\":\"Article\",\"@id\":\"https:\\\/\\\/kosovatimes.info\\\/index.php\\\/2026\\\/09\\\/04\\\/milan-radoicic-regjistron-pronen-ne-emrin-e-tij-u-be-pronar-i-pese-parcelave-ai-ndan-njeren-me-nje-biznesmen-qe-eshte-nen-sanksionet-e-shba-se\\\/#article\",\"isPartOf\":{\"@id\":\"https:\\\/\\\/kosovatimes.info\\\/index.php\\\/2026\\\/09\\\/04\\\/milan-radoicic-regjistron-pronen-ne-emrin-e-tij-u-be-pronar-i-pese-parcelave-ai-ndan-njeren-me-nje-biznesmen-qe-eshte-nen-sanksionet-e-shba-se\\\/\"},\"author\":{\"name\":\"i l\",\"@id\":\"https:\\\/\\\/kosovatimes.info\\\/#\\\/schema\\\/person\\\/7586712b9c512fe68085de007378c915\"},\"headline\":\"Milan Radoiciq regjistron pron\u00ebn n\u00eb emrin e tij, u b\u00eb pronar i pes\u00eb parcelave: Ai ndan nj\u00ebr\u00ebn me nj\u00eb biznesmen q\u00eb \u00ebsht\u00eb n\u00ebn sanksionet e SHBA-s\u00eb\",\"datePublished\":\"2026-09-04T06:29:00+00:00\",\"dateModified\":\"2026-09-04T10:19:29+00:00\",\"mainEntityOfPage\":{\"@id\":\"https:\\\/\\\/kosovatimes.info\\\/index.php\\\/2026\\\/09\\\/04\\\/milan-radoicic-regjistron-pronen-ne-emrin-e-tij-u-be-pronar-i-pese-parcelave-ai-ndan-njeren-me-nje-biznesmen-qe-eshte-nen-sanksionet-e-shba-se\\\/\"},\"wordCount\":723,\"commentCount\":0,\"image\":{\"@id\":\"https:\\\/\\\/kosovatimes.info\\\/index.php\\\/2026\\\/09\\\/04\\\/milan-radoicic-regjistron-pronen-ne-emrin-e-tij-u-be-pronar-i-pese-parcelave-ai-ndan-njeren-me-nje-biznesmen-qe-eshte-nen-sanksionet-e-shba-se\\\/#primaryimage\"},\"thumbnailUrl\":\"https:\\\/\\\/kosovatimes.info\\\/wp-content\\\/uploads\\\/2026\\\/09\\\/Radojciq.avif\",\"articleSection\":[\"Lajme\",\"Rajon\"],\"inLanguage\":\"en-US\",\"potentialAction\":[{\"@type\":\"CommentAction\",\"name\":\"Comment\",\"target\":[\"https:\\\/\\\/kosovatimes.info\\\/index.php\\\/2026\\\/09\\\/04\\\/milan-radoicic-regjistron-pronen-ne-emrin-e-tij-u-be-pronar-i-pese-parcelave-ai-ndan-njeren-me-nje-biznesmen-qe-eshte-nen-sanksionet-e-shba-se\\\/#respond\"]}]},{\"@type\":\"WebPage\",\"@id\":\"https:\\\/\\\/kosovatimes.info\\\/index.php\\\/2026\\\/09\\\/04\\\/milan-radoicic-regjistron-pronen-ne-emrin-e-tij-u-be-pronar-i-pese-parcelave-ai-ndan-njeren-me-nje-biznesmen-qe-eshte-nen-sanksionet-e-shba-se\\\/\",\"url\":\"https:\\\/\\\/kosovatimes.info\\\/index.php\\\/2026\\\/09\\\/04\\\/milan-radoicic-regjistron-pronen-ne-emrin-e-tij-u-be-pronar-i-pese-parcelave-ai-ndan-njeren-me-nje-biznesmen-qe-eshte-nen-sanksionet-e-shba-se\\\/\",\"name\":\"Milan Radoiciq regjistron pron\u00ebn n\u00eb emrin e tij, u b\u00eb pronar i pes\u00eb parcelave: Ai ndan nj\u00ebr\u00ebn me nj\u00eb biznesmen q\u00eb \u00ebsht\u00eb n\u00ebn sanksionet e SHBA-s\u00eb - Kosova Times\",\"isPartOf\":{\"@id\":\"https:\\\/\\\/kosovatimes.info\\\/#website\"},\"primaryImageOfPage\":{\"@id\":\"https:\\\/\\\/kosovatimes.info\\\/index.php\\\/2026\\\/09\\\/04\\\/milan-radoicic-regjistron-pronen-ne-emrin-e-tij-u-be-pronar-i-pese-parcelave-ai-ndan-njeren-me-nje-biznesmen-qe-eshte-nen-sanksionet-e-shba-se\\\/#primaryimage\"},\"image\":{\"@id\":\"https:\\\/\\\/kosovatimes.info\\\/index.php\\\/2026\\\/09\\\/04\\\/milan-radoicic-regjistron-pronen-ne-emrin-e-tij-u-be-pronar-i-pese-parcelave-ai-ndan-njeren-me-nje-biznesmen-qe-eshte-nen-sanksionet-e-shba-se\\\/#primaryimage\"},\"thumbnailUrl\":\"https:\\\/\\\/kosovatimes.info\\\/wp-content\\\/uploads\\\/2026\\\/09\\\/Radojciq.avif\",\"datePublished\":\"2026-09-04T06:29:00+00:00\",\"dateModified\":\"2026-09-04T10:19:29+00:00\",\"author\":{\"@id\":\"https:\\\/\\\/kosovatimes.info\\\/#\\\/schema\\\/person\\\/7586712b9c512fe68085de007378c915\"},\"breadcrumb\":{\"@id\":\"https:\\\/\\\/kosovatimes.info\\\/index.php\\\/2026\\\/09\\\/04\\\/milan-radoicic-regjistron-pronen-ne-emrin-e-tij-u-be-pronar-i-pese-parcelave-ai-ndan-njeren-me-nje-biznesmen-qe-eshte-nen-sanksionet-e-shba-se\\\/#breadcrumb\"},\"inLanguage\":\"en-US\",\"potentialAction\":[{\"@type\":\"ReadAction\",\"target\":[\"https:\\\/\\\/kosovatimes.info\\\/index.php\\\/2026\\\/09\\\/04\\\/milan-radoicic-regjistron-pronen-ne-emrin-e-tij-u-be-pronar-i-pese-parcelave-ai-ndan-njeren-me-nje-biznesmen-qe-eshte-nen-sanksionet-e-shba-se\\\/\"]}]},{\"@type\":\"ImageObject\",\"inLanguage\":\"en-US\",\"@id\":\"https:\\\/\\\/kosovatimes.info\\\/index.php\\\/2026\\\/09\\\/04\\\/milan-radoicic-regjistron-pronen-ne-emrin-e-tij-u-be-pronar-i-pese-parcelave-ai-ndan-njeren-me-nje-biznesmen-qe-eshte-nen-sanksionet-e-shba-se\\\/#primaryimage\",\"url\":\"https:\\\/\\\/kosovatimes.info\\\/wp-content\\\/uploads\\\/2026\\\/09\\\/Radojciq.avif\",\"contentUrl\":\"https:\\\/\\\/kosovatimes.info\\\/wp-content\\\/uploads\\\/2026\\\/09\\\/Radojciq.avif\",\"width\":1024,\"height\":635},{\"@type\":\"BreadcrumbList\",\"@id\":\"https:\\\/\\\/kosovatimes.info\\\/index.php\\\/2026\\\/09\\\/04\\\/milan-radoicic-regjistron-pronen-ne-emrin-e-tij-u-be-pronar-i-pese-parcelave-ai-ndan-njeren-me-nje-biznesmen-qe-eshte-nen-sanksionet-e-shba-se\\\/#breadcrumb\",\"itemListElement\":[{\"@type\":\"ListItem\",\"position\":1,\"name\":\"Home\",\"item\":\"https:\\\/\\\/kosovatimes.info\\\/\"},{\"@type\":\"ListItem\",\"position\":2,\"name\":\"Milan Radoiciq regjistron pron\u00ebn n\u00eb emrin e tij, u b\u00eb pronar i pes\u00eb parcelave: Ai ndan nj\u00ebr\u00ebn me nj\u00eb biznesmen q\u00eb \u00ebsht\u00eb n\u00ebn sanksionet e SHBA-s\u00eb\"}]},{\"@type\":\"WebSite\",\"@id\":\"https:\\\/\\\/kosovatimes.info\\\/#website\",\"url\":\"https:\\\/\\\/kosovatimes.info\\\/\",\"name\":\"Kosova Times\",\"description\":\"\",\"potentialAction\":[{\"@type\":\"SearchAction\",\"target\":{\"@type\":\"EntryPoint\",\"urlTemplate\":\"https:\\\/\\\/kosovatimes.info\\\/?s={search_term_string}\"},\"query-input\":{\"@type\":\"PropertyValueSpecification\",\"valueRequired\":true,\"valueName\":\"search_term_string\"}}],\"inLanguage\":\"en-US\"},{\"@type\":\"Person\",\"@id\":\"https:\\\/\\\/kosovatimes.info\\\/#\\\/schema\\\/person\\\/7586712b9c512fe68085de007378c915\",\"name\":\"i l\",\"image\":{\"@type\":\"ImageObject\",\"inLanguage\":\"en-US\",\"@id\":\"https:\\\/\\\/secure.gravatar.com\\\/avatar\\\/bad9296e02816160ae2e2435beda58222022298d5625d49fea74d18816fbb31d?s=96&d=mm&r=g\",\"url\":\"https:\\\/\\\/secure.gravatar.com\\\/avatar\\\/bad9296e02816160ae2e2435beda58222022298d5625d49fea74d18816fbb31d?s=96&d=mm&r=g\",\"contentUrl\":\"https:\\\/\\\/secure.gravatar.com\\\/avatar\\\/bad9296e02816160ae2e2435beda58222022298d5625d49fea74d18816fbb31d?s=96&d=mm&r=g\",\"caption\":\"i l\"},\"url\":\"https:\\\/\\\/kosovatimes.info\\\/index.php\\\/author\\\/iliri\\\/\"}]}<\/script>\n<!-- \/ Yoast SEO plugin. -->","yoast_head_json":{"title":"Milan Radoiciq regjistron pron\u00ebn n\u00eb emrin e tij, u b\u00eb pronar i pes\u00eb parcelave: Ai ndan nj\u00ebr\u00ebn me nj\u00eb biznesmen q\u00eb \u00ebsht\u00eb n\u00ebn sanksionet e SHBA-s\u00eb - Kosova Times","robots":{"index":"index","follow":"follow","max-snippet":"max-snippet:-1","max-image-preview":"max-image-preview:large","max-video-preview":"max-video-preview:-1"},"canonical":"https:\/\/kosovatimes.info\/index.php\/2026\/09\/04\/milan-radoicic-regjistron-pronen-ne-emrin-e-tij-u-be-pronar-i-pese-parcelave-ai-ndan-njeren-me-nje-biznesmen-qe-eshte-nen-sanksionet-e-shba-se\/","og_locale":"en_US","og_type":"article","og_title":"Milan Radoiciq regjistron pron\u00ebn n\u00eb emrin e tij, u b\u00eb pronar i pes\u00eb parcelave: Ai ndan nj\u00ebr\u00ebn me nj\u00eb biznesmen q\u00eb \u00ebsht\u00eb n\u00ebn sanksionet e SHBA-s\u00eb - Kosova Times","og_description":"Milan Radoiciq nuk ka dal\u00eb n\u00eb publik q\u00eb kur mori p\u00ebrgjegj\u00ebsin\u00eb p\u00ebr konfliktin e armatosur n\u00eb Banjska tre vjet m\u00eb par\u00eb, n\u00eb t\u00eb cilin vdiq\u00ebn kat\u00ebr persona. Pastaj ai u t\u00ebrhoq nga kompania Inkop, dhe k\u00ebshtu edhe nga kat\u00ebr kompani t\u00eb tjera, dhe m\u00eb von\u00eb edhe nga pron\u00ebsia e pasuris\u00eb s\u00eb paluajtshme n\u00eb Dedinja, t\u00eb [&hellip;]","og_url":"https:\/\/kosovatimes.info\/index.php\/2026\/09\/04\/milan-radoicic-regjistron-pronen-ne-emrin-e-tij-u-be-pronar-i-pese-parcelave-ai-ndan-njeren-me-nje-biznesmen-qe-eshte-nen-sanksionet-e-shba-se\/","og_site_name":"Kosova Times","article_published_time":"2026-09-04T06:29:00+00:00","article_modified_time":"2026-09-04T10:19:29+00:00","author":"i l","twitter_card":"summary_large_image","twitter_misc":{"Written by":"i l","Est. reading time":"4 minutes"},"schema":{"@context":"https:\/\/schema.org","@graph":[{"@type":"Article","@id":"https:\/\/kosovatimes.info\/index.php\/2026\/09\/04\/milan-radoicic-regjistron-pronen-ne-emrin-e-tij-u-be-pronar-i-pese-parcelave-ai-ndan-njeren-me-nje-biznesmen-qe-eshte-nen-sanksionet-e-shba-se\/#article","isPartOf":{"@id":"https:\/\/kosovatimes.info\/index.php\/2026\/09\/04\/milan-radoicic-regjistron-pronen-ne-emrin-e-tij-u-be-pronar-i-pese-parcelave-ai-ndan-njeren-me-nje-biznesmen-qe-eshte-nen-sanksionet-e-shba-se\/"},"author":{"name":"i l","@id":"https:\/\/kosovatimes.info\/#\/schema\/person\/7586712b9c512fe68085de007378c915"},"headline":"Milan Radoiciq regjistron pron\u00ebn n\u00eb emrin e tij, u b\u00eb pronar i pes\u00eb parcelave: Ai ndan nj\u00ebr\u00ebn me nj\u00eb biznesmen q\u00eb \u00ebsht\u00eb n\u00ebn sanksionet e SHBA-s\u00eb","datePublished":"2026-09-04T06:29:00+00:00","dateModified":"2026-09-04T10:19:29+00:00","mainEntityOfPage":{"@id":"https:\/\/kosovatimes.info\/index.php\/2026\/09\/04\/milan-radoicic-regjistron-pronen-ne-emrin-e-tij-u-be-pronar-i-pese-parcelave-ai-ndan-njeren-me-nje-biznesmen-qe-eshte-nen-sanksionet-e-shba-se\/"},"wordCount":723,"commentCount":0,"image":{"@id":"https:\/\/kosovatimes.info\/index.php\/2026\/09\/04\/milan-radoicic-regjistron-pronen-ne-emrin-e-tij-u-be-pronar-i-pese-parcelave-ai-ndan-njeren-me-nje-biznesmen-qe-eshte-nen-sanksionet-e-shba-se\/#primaryimage"},"thumbnailUrl":"https:\/\/kosovatimes.info\/wp-content\/uploads\/2026\/09\/Radojciq.avif","articleSection":["Lajme","Rajon"],"inLanguage":"en-US","potentialAction":[{"@type":"CommentAction","name":"Comment","target":["https:\/\/kosovatimes.info\/index.php\/2026\/09\/04\/milan-radoicic-regjistron-pronen-ne-emrin-e-tij-u-be-pronar-i-pese-parcelave-ai-ndan-njeren-me-nje-biznesmen-qe-eshte-nen-sanksionet-e-shba-se\/#respond"]}]},{"@type":"WebPage","@id":"https:\/\/kosovatimes.info\/index.php\/2026\/09\/04\/milan-radoicic-regjistron-pronen-ne-emrin-e-tij-u-be-pronar-i-pese-parcelave-ai-ndan-njeren-me-nje-biznesmen-qe-eshte-nen-sanksionet-e-shba-se\/","url":"https:\/\/kosovatimes.info\/index.php\/2026\/09\/04\/milan-radoicic-regjistron-pronen-ne-emrin-e-tij-u-be-pronar-i-pese-parcelave-ai-ndan-njeren-me-nje-biznesmen-qe-eshte-nen-sanksionet-e-shba-se\/","name":"Milan Radoiciq regjistron pron\u00ebn n\u00eb emrin e tij, u b\u00eb pronar i pes\u00eb parcelave: Ai ndan nj\u00ebr\u00ebn me nj\u00eb biznesmen q\u00eb \u00ebsht\u00eb n\u00ebn sanksionet e SHBA-s\u00eb - Kosova Times","isPartOf":{"@id":"https:\/\/kosovatimes.info\/#website"},"primaryImageOfPage":{"@id":"https:\/\/kosovatimes.info\/index.php\/2026\/09\/04\/milan-radoicic-regjistron-pronen-ne-emrin-e-tij-u-be-pronar-i-pese-parcelave-ai-ndan-njeren-me-nje-biznesmen-qe-eshte-nen-sanksionet-e-shba-se\/#primaryimage"},"image":{"@id":"https:\/\/kosovatimes.info\/index.php\/2026\/09\/04\/milan-radoicic-regjistron-pronen-ne-emrin-e-tij-u-be-pronar-i-pese-parcelave-ai-ndan-njeren-me-nje-biznesmen-qe-eshte-nen-sanksionet-e-shba-se\/#primaryimage"},"thumbnailUrl":"https:\/\/kosovatimes.info\/wp-content\/uploads\/2026\/09\/Radojciq.avif","datePublished":"2026-09-04T06:29:00+00:00","dateModified":"2026-09-04T10:19:29+00:00","author":{"@id":"https:\/\/kosovatimes.info\/#\/schema\/person\/7586712b9c512fe68085de007378c915"},"breadcrumb":{"@id":"https:\/\/kosovatimes.info\/index.php\/2026\/09\/04\/milan-radoicic-regjistron-pronen-ne-emrin-e-tij-u-be-pronar-i-pese-parcelave-ai-ndan-njeren-me-nje-biznesmen-qe-eshte-nen-sanksionet-e-shba-se\/#breadcrumb"},"inLanguage":"en-US","potentialAction":[{"@type":"ReadAction","target":["https:\/\/kosovatimes.info\/index.php\/2026\/09\/04\/milan-radoicic-regjistron-pronen-ne-emrin-e-tij-u-be-pronar-i-pese-parcelave-ai-ndan-njeren-me-nje-biznesmen-qe-eshte-nen-sanksionet-e-shba-se\/"]}]},{"@type":"ImageObject","inLanguage":"en-US","@id":"https:\/\/kosovatimes.info\/index.php\/2026\/09\/04\/milan-radoicic-regjistron-pronen-ne-emrin-e-tij-u-be-pronar-i-pese-parcelave-ai-ndan-njeren-me-nje-biznesmen-qe-eshte-nen-sanksionet-e-shba-se\/#primaryimage","url":"https:\/\/kosovatimes.info\/wp-content\/uploads\/2026\/09\/Radojciq.avif","contentUrl":"https:\/\/kosovatimes.info\/wp-content\/uploads\/2026\/09\/Radojciq.avif","width":1024,"height":635},{"@type":"BreadcrumbList","@id":"https:\/\/kosovatimes.info\/index.php\/2026\/09\/04\/milan-radoicic-regjistron-pronen-ne-emrin-e-tij-u-be-pronar-i-pese-parcelave-ai-ndan-njeren-me-nje-biznesmen-qe-eshte-nen-sanksionet-e-shba-se\/#breadcrumb","itemListElement":[{"@type":"ListItem","position":1,"name":"Home","item":"https:\/\/kosovatimes.info\/"},{"@type":"ListItem","position":2,"name":"Milan Radoiciq regjistron pron\u00ebn n\u00eb emrin e tij, u b\u00eb pronar i pes\u00eb parcelave: Ai ndan nj\u00ebr\u00ebn me nj\u00eb biznesmen q\u00eb \u00ebsht\u00eb n\u00ebn sanksionet e SHBA-s\u00eb"}]},{"@type":"WebSite","@id":"https:\/\/kosovatimes.info\/#website","url":"https:\/\/kosovatimes.info\/","name":"Kosova Times","description":"","potentialAction":[{"@type":"SearchAction","target":{"@type":"EntryPoint","urlTemplate":"https:\/\/kosovatimes.info\/?s={search_term_string}"},"query-input":{"@type":"PropertyValueSpecification","valueRequired":true,"valueName":"search_term_string"}}],"inLanguage":"en-US"},{"@type":"Person","@id":"https:\/\/kosovatimes.info\/#\/schema\/person\/7586712b9c512fe68085de007378c915","name":"i l","image":{"@type":"ImageObject","inLanguage":"en-US","@id":"https:\/\/secure.gravatar.com\/avatar\/bad9296e02816160ae2e2435beda58222022298d5625d49fea74d18816fbb31d?s=96&d=mm&r=g","url":"https:\/\/secure.gravatar.com\/avatar\/bad9296e02816160ae2e2435beda58222022298d5625d49fea74d18816fbb31d?s=96&d=mm&r=g","contentUrl":"https:\/\/secure.gravatar.com\/avatar\/bad9296e02816160ae2e2435beda58222022298d5625d49fea74d18816fbb31d?s=96&d=mm&r=g","caption":"i l"},"url":"https:\/\/kosovatimes.info\/index.php\/author\/iliri\/"}]}},"_links":{"self":[{"href":"https:\/\/kosovatimes.info\/index.php\/wp-json\/wp\/v2\/posts\/30899","targetHints":{"allow":["GET"]}}],"collection":[{"href":"https:\/\/kosovatimes.info\/index.php\/wp-json\/wp\/v2\/posts"}],"about":[{"href":"https:\/\/kosovatimes.info\/index.php\/wp-json\/wp\/v2\/types\/post"}],"author":[{"embeddable":true,"href":"https:\/\/kosovatimes.info\/index.php\/wp-json\/wp\/v2\/users\/4"}],"replies":[{"embeddable":true,"href":"https:\/\/kosovatimes.info\/index.php\/wp-json\/wp\/v2\/comments?post=30899"}],"version-history":[{"count":2,"href":"https:\/\/kosovatimes.info\/index.php\/wp-json\/wp\/v2\/posts\/30899\/revisions"}],"predecessor-version":[{"id":30903,"href":"https:\/\/kosovatimes.info\/index.php\/wp-json\/wp\/v2\/posts\/30899\/revisions\/30903"}],"wp:featuredmedia":[{"embeddable":true,"href":"https:\/\/kosovatimes.info\/index.php\/wp-json\/wp\/v2\/media\/30900"}],"wp:attachment":[{"href":"https:\/\/kosovatimes.info\/index.php\/wp-json\/wp\/v2\/media?parent=30899"}],"wp:term":[{"taxonomy":"category","embeddable":true,"href":"https:\/\/kosovatimes.info\/index.php\/wp-json\/wp\/v2\/categories?post=30899"},{"taxonomy":"post_tag","embeddable":true,"href":"https:\/\/kosovatimes.info\/index.php\/wp-json\/wp\/v2\/tags?post=30899"}],"curies":[{"name":"wp","href":"https:\/\/api.w.org\/{rel}","templated":true}]}}