{"id":30904,"date":"2026-09-04T23:13:00","date_gmt":"2026-09-04T21:13:00","guid":{"rendered":"https:\/\/kosovatimes.info\/?p=30904"},"modified":"2026-09-04T12:21:37","modified_gmt":"2026-09-04T10:21:37","slug":"shoqatat-e-luftes-te-gjithe-ne-marshin-e-12-shtatorit","status":"publish","type":"post","link":"https:\/\/kosovatimes.info\/index.php\/2026\/09\/04\/shoqatat-e-luftes-te-gjithe-ne-marshin-e-12-shtatorit\/","title":{"rendered":"Shoqatat e luft\u00ebs: T\u00eb gjith\u00eb n\u00eb marshin e 12 shtatorit"},"content":{"rendered":"\n<p class=\"wp-block-paragraph\"><strong>Shoqata e Familjeve t\u00eb D\u00ebshmor\u00ebve t\u00eb Luft\u00ebs s\u00eb U\u00c7K-s\u00eb dhe Shoqata e Invalid\u00ebve t\u00eb Luft\u00ebs s\u00eb U\u00c7K-s\u00eb kan\u00eb shprehur mb\u00ebshtetjen e tyre p\u00ebr marshin e paralajm\u00ebruar p\u00ebr 12 shtator n\u00eb Prishtin\u00eb, i cili organizohet nga iniciativa \u201cLiria ka Em\u00ebr\u201d.<\/strong><\/p>\n\n\n\n<p class=\"wp-block-paragraph\">Krer\u00ebt e k\u00ebtyre organizatave u kan\u00eb b\u00ebr\u00eb thirrje qytetar\u00ebve q\u00eb t\u00eb marrin pjes\u00eb masivisht n\u00eb k\u00ebt\u00eb aktivitet, i cili pritet t\u00eb mbahet n\u00eb mb\u00ebshtetje t\u00eb ish-krer\u00ebve t\u00eb Ushtris\u00eb \u00c7lirimtare t\u00eb Kosov\u00ebs q\u00eb po gjykohen n\u00eb Hag\u00eb.<\/p>\n\n\n\n<p class=\"wp-block-paragraph\">Kryetari i Shoqat\u00ebs s\u00eb Familjeve t\u00eb D\u00ebshmor\u00ebve, Xhavit Jashari, tha se q\u00ebllimi i konferenc\u00ebs ishte informimi i opinionit publik p\u00ebr organizimet q\u00eb po b\u00ebhen n\u00eb prag t\u00eb vendimit p\u00ebr Hashim Tha\u00e7in, Kadri Veselin, Jakup Krasniqin dhe Rexhep Selimin.<\/p>\n\n\n\n<p class=\"wp-block-paragraph\">Jashari e cil\u00ebsoi procesin gjyq\u00ebsor ndaj ish-krer\u00ebve t\u00eb U\u00c7K-s\u00eb si t\u00eb padrejt\u00eb dhe politik, duke pretenduar se ai synon d\u00ebmtimin e imazhit t\u00eb luft\u00ebs s\u00eb U\u00c7K-s\u00eb.<\/p>\n\n\n\n<p class=\"wp-block-paragraph\">\u201cPothuajse gjasht\u00eb vite po mbahen padrejt\u00ebsisht atje nga Gjykata Speciale\u201d, deklaroi Jashari, duke shtuar se organizatat e dala nga lufta do t\u00eb vazhdojn\u00eb t\u00eb kund\u00ebrshtojn\u00eb at\u00eb q\u00eb e konsiderojn\u00eb si padrejt\u00ebsi ndaj ish-krer\u00ebve t\u00eb U\u00c7K-s\u00eb.<\/p>\n\n\n\n<p class=\"wp-block-paragraph\">Ai tha se Shoqata e Familjeve t\u00eb D\u00ebshmor\u00ebve nuk \u00ebsht\u00eb organizatore e marshit, por \u00ebsht\u00eb duke bashk\u00ebpunuar me organizatat e tjera dhe do ta mb\u00ebshtes\u00eb aktivitetin e 12 shtatorit.<\/p>\n\n\n\n<p class=\"wp-block-paragraph\">Jashari b\u00ebri thirrje p\u00ebr pjes\u00ebmarrje t\u00eb gjer\u00eb t\u00eb qytetar\u00ebve, institucioneve dhe subjekteve politike.<\/p>\n\n\n\n<p class=\"wp-block-paragraph\">\u201cKur preket lufta e Ushtris\u00eb \u00c7lirimtare t\u00eb Kosov\u00ebs, preket n\u00eb lirin\u00eb e Kosov\u00ebs. Dhe kur preket n\u00eb krer\u00ebt e ushtris\u00eb q\u00eb mbahen atje padrejt\u00ebsisht dhe n\u00eb luft\u00ebn e Ushtris\u00eb \u00c7lirimtare t\u00eb Kosov\u00ebs, preket n\u00eb shtet\u00ebsin\u00eb e Kosov\u00ebs\u201d, tha ai.<\/p>\n\n\n\n<p class=\"wp-block-paragraph\">Sipas Jasharit, organizatat e dala nga lufta po p\u00ebrgatiten edhe p\u00ebr reagimet pas shpalljes s\u00eb verdiktit p\u00ebrfundimtar. Ai shprehu shpres\u00ebn se gjykata do t\u00eb marr\u00eb nj\u00eb vendim t\u00eb drejt\u00eb dhe do t\u00eb dalloj\u00eb q\u00ebndrimin e saj nga ai i Prokuroris\u00eb.<\/p>\n\n\n\n<p class=\"wp-block-paragraph\">Ai paralajm\u00ebroi protesta n\u00eb rast se vendimi p\u00ebrfundimtar do t\u00eb jet\u00eb i pafavorsh\u00ebm p\u00ebr ish-krer\u00ebt e U\u00c7K-s\u00eb.<\/p>\n\n\n\n<p class=\"wp-block-paragraph\">\u201cNe nuk do t\u00eb rrim\u00eb duarkryq. Ne do t\u00eb protestojm\u00eb\u201d, deklaroi Jashari, duke paralajm\u00ebruar se n\u00eb nj\u00eb situat\u00eb t\u00eb till\u00eb do t\u2019u b\u00ebhet thirrje edhe institucioneve n\u00eb Prishtin\u00eb, Tiran\u00eb dhe Shkup q\u00eb t\u00eb reagojn\u00eb.<\/p>\n\n\n\n<p class=\"wp-block-paragraph\">Jashari apeloi q\u00eb marshi i 12 shtatorit t\u00eb zhvillohet n\u00eb m\u00ebnyr\u00eb t\u00eb qet\u00eb, paq\u00ebsore dhe dinjitoze. Ai u b\u00ebri thirrje pjes\u00ebmarr\u00ebsve q\u00eb t\u00eb jen\u00eb t\u00eb matur dhe t\u00eb p\u00ebrgjegjsh\u00ebm, duke theksuar se nuk duhet t\u00eb d\u00ebmtohen institucionet, objektet apo prona publike dhe private.<\/p>\n\n\n\n<p class=\"wp-block-paragraph\">Jashari tha se organizatat do t\u00eb angazhohen q\u00eb protestat t\u00eb mos keqp\u00ebrdoren dhe t\u00eb mos marrin konotacione t\u00eb tjera nga q\u00ebllimi p\u00ebr t\u00eb cilin jan\u00eb organizuar.<\/p>\n\n\n\n<p class=\"wp-block-paragraph\">Edhe kryetari i Shoqat\u00ebs s\u00eb Invalid\u00ebve t\u00eb Luft\u00ebs s\u00eb U\u00c7K-s\u00eb, Fadil Shurdhaj, u ka b\u00ebr\u00eb thirrje shqiptar\u00ebve nga t\u00eb gjitha trevat q\u00eb t\u2019i bashkohen protest\u00ebs n\u00eb sheshin \u201cSk\u00ebnderbeu\u201d.<\/p>\n\n\n\n<p class=\"wp-block-paragraph\">\u201cNe do t\u00eb b\u00ebjm\u00eb thirrje q\u00eb m\u00eb dat\u00ebn 12 shtator, n\u00eb sheshin \u2018Sk\u00ebnderbeu\u2019, t\u00eb gjith\u00eb shqiptar\u00ebt nga Kosova, nga Maqedonia e Veriut, nga Mali i Zi, nga Presheva, Medvegja, t\u00eb gjitha hap\u00ebsirat shqiptare dhe t\u00eb gjith\u00eb m\u00ebrgimtar\u00ebt tan\u00eb t\u00eb cil\u00ebt e ndjejn\u00eb veten q\u00eb duhet edhe t\u00eb vijn\u00eb t\u00eb protestojn\u00eb, i ftoj q\u00eb t\u00eb vijn\u00eb n\u00eb Prishtin\u00eb dhe t\u00eb protestojn\u00eb n\u00eb m\u00ebnyr\u00eb dinjitoze p\u00ebr pritjen e verdiktit final m\u00eb dat\u00ebn 16 shtator\u201d, tha Shurdhaj.<\/p>\n\n\n\n<p class=\"wp-block-paragraph\">Ai u ka b\u00ebr\u00eb thirrje veteran\u00ebve, invalid\u00ebve t\u00eb luft\u00ebs, familjeve t\u00eb d\u00ebshmor\u00ebve dhe qytetar\u00ebve q\u00eb, si\u00e7 u shpreh ai, e duan lirin\u00eb dhe Kosov\u00ebn, q\u00eb t\u00eb jen\u00eb pjes\u00eb e protest\u00ebs.<\/p>\n","protected":false},"excerpt":{"rendered":"<p>Shoqata e Familjeve t\u00eb D\u00ebshmor\u00ebve t\u00eb Luft\u00ebs s\u00eb U\u00c7K-s\u00eb dhe Shoqata e Invalid\u00ebve t\u00eb Luft\u00ebs s\u00eb U\u00c7K-s\u00eb kan\u00eb shprehur mb\u00ebshtetjen e tyre p\u00ebr marshin e paralajm\u00ebruar p\u00ebr 12 shtator n\u00eb Prishtin\u00eb, i cili organizohet nga iniciativa \u201cLiria ka Em\u00ebr\u201d. Krer\u00ebt e k\u00ebtyre organizatave u kan\u00eb b\u00ebr\u00eb thirrje qytetar\u00ebve q\u00eb t\u00eb marrin pjes\u00eb masivisht n\u00eb k\u00ebt\u00eb [&hellip;]<\/p>\n","protected":false},"author":4,"featured_media":30905,"comment_status":"open","ping_status":"open","sticky":false,"template":"","format":"standard","meta":{"footnotes":""},"categories":[31,30],"tags":[],"class_list":["post-30904","post","type-post","status-publish","format-standard","has-post-thumbnail","category-kosove","category-lajme"],"yoast_head":"<!-- This site is optimized with the Yoast SEO plugin v27.4 - https:\/\/yoast.com\/product\/yoast-seo-wordpress\/ -->\n<title>Shoqatat e luft\u00ebs: T\u00eb gjith\u00eb n\u00eb marshin e 12 shtatorit - Kosova Times<\/title>\n<meta name=\"robots\" content=\"index, follow, max-snippet:-1, max-image-preview:large, max-video-preview:-1\" \/>\n<link rel=\"canonical\" href=\"https:\/\/kosovatimes.info\/index.php\/2026\/09\/04\/shoqatat-e-luftes-te-gjithe-ne-marshin-e-12-shtatorit\/\" \/>\n<meta property=\"og:locale\" content=\"en_US\" \/>\n<meta property=\"og:type\" content=\"article\" \/>\n<meta property=\"og:title\" content=\"Shoqatat e luft\u00ebs: T\u00eb gjith\u00eb n\u00eb marshin e 12 shtatorit - Kosova Times\" \/>\n<meta property=\"og:description\" content=\"Shoqata e Familjeve t\u00eb D\u00ebshmor\u00ebve t\u00eb Luft\u00ebs s\u00eb U\u00c7K-s\u00eb dhe Shoqata e Invalid\u00ebve t\u00eb Luft\u00ebs s\u00eb U\u00c7K-s\u00eb kan\u00eb shprehur mb\u00ebshtetjen e tyre p\u00ebr marshin e paralajm\u00ebruar p\u00ebr 12 shtator n\u00eb Prishtin\u00eb, i cili organizohet nga iniciativa \u201cLiria ka Em\u00ebr\u201d. Krer\u00ebt e k\u00ebtyre organizatave u kan\u00eb b\u00ebr\u00eb thirrje qytetar\u00ebve q\u00eb t\u00eb marrin pjes\u00eb masivisht n\u00eb k\u00ebt\u00eb [&hellip;]\" \/>\n<meta property=\"og:url\" content=\"https:\/\/kosovatimes.info\/index.php\/2026\/09\/04\/shoqatat-e-luftes-te-gjithe-ne-marshin-e-12-shtatorit\/\" \/>\n<meta property=\"og:site_name\" content=\"Kosova Times\" \/>\n<meta property=\"article:published_time\" content=\"2026-09-04T21:13:00+00:00\" \/>\n<meta property=\"og:image\" content=\"https:\/\/kosovatimes.info\/wp-content\/uploads\/2026\/09\/Shoqatata.jpg\" \/>\n\t<meta property=\"og:image:width\" content=\"780\" \/>\n\t<meta property=\"og:image:height\" content=\"500\" \/>\n\t<meta property=\"og:image:type\" content=\"image\/jpeg\" \/>\n<meta name=\"author\" content=\"i l\" \/>\n<meta name=\"twitter:card\" content=\"summary_large_image\" \/>\n<meta name=\"twitter:label1\" content=\"Written by\" \/>\n\t<meta name=\"twitter:data1\" content=\"i l\" \/>\n\t<meta name=\"twitter:label2\" content=\"Est. reading time\" \/>\n\t<meta name=\"twitter:data2\" content=\"3 minutes\" \/>\n<script type=\"application\/ld+json\" class=\"yoast-schema-graph\">{\"@context\":\"https:\\\/\\\/schema.org\",\"@graph\":[{\"@type\":\"Article\",\"@id\":\"https:\\\/\\\/kosovatimes.info\\\/index.php\\\/2026\\\/09\\\/04\\\/shoqatat-e-luftes-te-gjithe-ne-marshin-e-12-shtatorit\\\/#article\",\"isPartOf\":{\"@id\":\"https:\\\/\\\/kosovatimes.info\\\/index.php\\\/2026\\\/09\\\/04\\\/shoqatat-e-luftes-te-gjithe-ne-marshin-e-12-shtatorit\\\/\"},\"author\":{\"name\":\"i l\",\"@id\":\"https:\\\/\\\/kosovatimes.info\\\/#\\\/schema\\\/person\\\/7586712b9c512fe68085de007378c915\"},\"headline\":\"Shoqatat e luft\u00ebs: T\u00eb gjith\u00eb n\u00eb marshin e 12 shtatorit\",\"datePublished\":\"2026-09-04T21:13:00+00:00\",\"mainEntityOfPage\":{\"@id\":\"https:\\\/\\\/kosovatimes.info\\\/index.php\\\/2026\\\/09\\\/04\\\/shoqatat-e-luftes-te-gjithe-ne-marshin-e-12-shtatorit\\\/\"},\"wordCount\":663,\"commentCount\":0,\"image\":{\"@id\":\"https:\\\/\\\/kosovatimes.info\\\/index.php\\\/2026\\\/09\\\/04\\\/shoqatat-e-luftes-te-gjithe-ne-marshin-e-12-shtatorit\\\/#primaryimage\"},\"thumbnailUrl\":\"https:\\\/\\\/kosovatimes.info\\\/wp-content\\\/uploads\\\/2026\\\/09\\\/Shoqatata.jpg\",\"articleSection\":[\"Kosov\u00eb\",\"Lajme\"],\"inLanguage\":\"en-US\",\"potentialAction\":[{\"@type\":\"CommentAction\",\"name\":\"Comment\",\"target\":[\"https:\\\/\\\/kosovatimes.info\\\/index.php\\\/2026\\\/09\\\/04\\\/shoqatat-e-luftes-te-gjithe-ne-marshin-e-12-shtatorit\\\/#respond\"]}]},{\"@type\":\"WebPage\",\"@id\":\"https:\\\/\\\/kosovatimes.info\\\/index.php\\\/2026\\\/09\\\/04\\\/shoqatat-e-luftes-te-gjithe-ne-marshin-e-12-shtatorit\\\/\",\"url\":\"https:\\\/\\\/kosovatimes.info\\\/index.php\\\/2026\\\/09\\\/04\\\/shoqatat-e-luftes-te-gjithe-ne-marshin-e-12-shtatorit\\\/\",\"name\":\"Shoqatat e luft\u00ebs: T\u00eb gjith\u00eb n\u00eb marshin e 12 shtatorit - Kosova Times\",\"isPartOf\":{\"@id\":\"https:\\\/\\\/kosovatimes.info\\\/#website\"},\"primaryImageOfPage\":{\"@id\":\"https:\\\/\\\/kosovatimes.info\\\/index.php\\\/2026\\\/09\\\/04\\\/shoqatat-e-luftes-te-gjithe-ne-marshin-e-12-shtatorit\\\/#primaryimage\"},\"image\":{\"@id\":\"https:\\\/\\\/kosovatimes.info\\\/index.php\\\/2026\\\/09\\\/04\\\/shoqatat-e-luftes-te-gjithe-ne-marshin-e-12-shtatorit\\\/#primaryimage\"},\"thumbnailUrl\":\"https:\\\/\\\/kosovatimes.info\\\/wp-content\\\/uploads\\\/2026\\\/09\\\/Shoqatata.jpg\",\"datePublished\":\"2026-09-04T21:13:00+00:00\",\"author\":{\"@id\":\"https:\\\/\\\/kosovatimes.info\\\/#\\\/schema\\\/person\\\/7586712b9c512fe68085de007378c915\"},\"breadcrumb\":{\"@id\":\"https:\\\/\\\/kosovatimes.info\\\/index.php\\\/2026\\\/09\\\/04\\\/shoqatat-e-luftes-te-gjithe-ne-marshin-e-12-shtatorit\\\/#breadcrumb\"},\"inLanguage\":\"en-US\",\"potentialAction\":[{\"@type\":\"ReadAction\",\"target\":[\"https:\\\/\\\/kosovatimes.info\\\/index.php\\\/2026\\\/09\\\/04\\\/shoqatat-e-luftes-te-gjithe-ne-marshin-e-12-shtatorit\\\/\"]}]},{\"@type\":\"ImageObject\",\"inLanguage\":\"en-US\",\"@id\":\"https:\\\/\\\/kosovatimes.info\\\/index.php\\\/2026\\\/09\\\/04\\\/shoqatat-e-luftes-te-gjithe-ne-marshin-e-12-shtatorit\\\/#primaryimage\",\"url\":\"https:\\\/\\\/kosovatimes.info\\\/wp-content\\\/uploads\\\/2026\\\/09\\\/Shoqatata.jpg\",\"contentUrl\":\"https:\\\/\\\/kosovatimes.info\\\/wp-content\\\/uploads\\\/2026\\\/09\\\/Shoqatata.jpg\",\"width\":780,\"height\":500},{\"@type\":\"BreadcrumbList\",\"@id\":\"https:\\\/\\\/kosovatimes.info\\\/index.php\\\/2026\\\/09\\\/04\\\/shoqatat-e-luftes-te-gjithe-ne-marshin-e-12-shtatorit\\\/#breadcrumb\",\"itemListElement\":[{\"@type\":\"ListItem\",\"position\":1,\"name\":\"Home\",\"item\":\"https:\\\/\\\/kosovatimes.info\\\/\"},{\"@type\":\"ListItem\",\"position\":2,\"name\":\"Shoqatat e luft\u00ebs: T\u00eb gjith\u00eb n\u00eb marshin e 12 shtatorit\"}]},{\"@type\":\"WebSite\",\"@id\":\"https:\\\/\\\/kosovatimes.info\\\/#website\",\"url\":\"https:\\\/\\\/kosovatimes.info\\\/\",\"name\":\"Kosova Times\",\"description\":\"\",\"potentialAction\":[{\"@type\":\"SearchAction\",\"target\":{\"@type\":\"EntryPoint\",\"urlTemplate\":\"https:\\\/\\\/kosovatimes.info\\\/?s={search_term_string}\"},\"query-input\":{\"@type\":\"PropertyValueSpecification\",\"valueRequired\":true,\"valueName\":\"search_term_string\"}}],\"inLanguage\":\"en-US\"},{\"@type\":\"Person\",\"@id\":\"https:\\\/\\\/kosovatimes.info\\\/#\\\/schema\\\/person\\\/7586712b9c512fe68085de007378c915\",\"name\":\"i l\",\"image\":{\"@type\":\"ImageObject\",\"inLanguage\":\"en-US\",\"@id\":\"https:\\\/\\\/secure.gravatar.com\\\/avatar\\\/bad9296e02816160ae2e2435beda58222022298d5625d49fea74d18816fbb31d?s=96&d=mm&r=g\",\"url\":\"https:\\\/\\\/secure.gravatar.com\\\/avatar\\\/bad9296e02816160ae2e2435beda58222022298d5625d49fea74d18816fbb31d?s=96&d=mm&r=g\",\"contentUrl\":\"https:\\\/\\\/secure.gravatar.com\\\/avatar\\\/bad9296e02816160ae2e2435beda58222022298d5625d49fea74d18816fbb31d?s=96&d=mm&r=g\",\"caption\":\"i l\"},\"url\":\"https:\\\/\\\/kosovatimes.info\\\/index.php\\\/author\\\/iliri\\\/\"}]}<\/script>\n<!-- \/ Yoast SEO plugin. -->","yoast_head_json":{"title":"Shoqatat e luft\u00ebs: T\u00eb gjith\u00eb n\u00eb marshin e 12 shtatorit - Kosova Times","robots":{"index":"index","follow":"follow","max-snippet":"max-snippet:-1","max-image-preview":"max-image-preview:large","max-video-preview":"max-video-preview:-1"},"canonical":"https:\/\/kosovatimes.info\/index.php\/2026\/09\/04\/shoqatat-e-luftes-te-gjithe-ne-marshin-e-12-shtatorit\/","og_locale":"en_US","og_type":"article","og_title":"Shoqatat e luft\u00ebs: T\u00eb gjith\u00eb n\u00eb marshin e 12 shtatorit - Kosova Times","og_description":"Shoqata e Familjeve t\u00eb D\u00ebshmor\u00ebve t\u00eb Luft\u00ebs s\u00eb U\u00c7K-s\u00eb dhe Shoqata e Invalid\u00ebve t\u00eb Luft\u00ebs s\u00eb U\u00c7K-s\u00eb kan\u00eb shprehur mb\u00ebshtetjen e tyre p\u00ebr marshin e paralajm\u00ebruar p\u00ebr 12 shtator n\u00eb Prishtin\u00eb, i cili organizohet nga iniciativa \u201cLiria ka Em\u00ebr\u201d. Krer\u00ebt e k\u00ebtyre organizatave u kan\u00eb b\u00ebr\u00eb thirrje qytetar\u00ebve q\u00eb t\u00eb marrin pjes\u00eb masivisht n\u00eb k\u00ebt\u00eb [&hellip;]","og_url":"https:\/\/kosovatimes.info\/index.php\/2026\/09\/04\/shoqatat-e-luftes-te-gjithe-ne-marshin-e-12-shtatorit\/","og_site_name":"Kosova Times","article_published_time":"2026-09-04T21:13:00+00:00","og_image":[{"width":780,"height":500,"url":"https:\/\/kosovatimes.info\/wp-content\/uploads\/2026\/09\/Shoqatata.jpg","type":"image\/jpeg"}],"author":"i l","twitter_card":"summary_large_image","twitter_misc":{"Written by":"i l","Est. reading time":"3 minutes"},"schema":{"@context":"https:\/\/schema.org","@graph":[{"@type":"Article","@id":"https:\/\/kosovatimes.info\/index.php\/2026\/09\/04\/shoqatat-e-luftes-te-gjithe-ne-marshin-e-12-shtatorit\/#article","isPartOf":{"@id":"https:\/\/kosovatimes.info\/index.php\/2026\/09\/04\/shoqatat-e-luftes-te-gjithe-ne-marshin-e-12-shtatorit\/"},"author":{"name":"i l","@id":"https:\/\/kosovatimes.info\/#\/schema\/person\/7586712b9c512fe68085de007378c915"},"headline":"Shoqatat e luft\u00ebs: T\u00eb gjith\u00eb n\u00eb marshin e 12 shtatorit","datePublished":"2026-09-04T21:13:00+00:00","mainEntityOfPage":{"@id":"https:\/\/kosovatimes.info\/index.php\/2026\/09\/04\/shoqatat-e-luftes-te-gjithe-ne-marshin-e-12-shtatorit\/"},"wordCount":663,"commentCount":0,"image":{"@id":"https:\/\/kosovatimes.info\/index.php\/2026\/09\/04\/shoqatat-e-luftes-te-gjithe-ne-marshin-e-12-shtatorit\/#primaryimage"},"thumbnailUrl":"https:\/\/kosovatimes.info\/wp-content\/uploads\/2026\/09\/Shoqatata.jpg","articleSection":["Kosov\u00eb","Lajme"],"inLanguage":"en-US","potentialAction":[{"@type":"CommentAction","name":"Comment","target":["https:\/\/kosovatimes.info\/index.php\/2026\/09\/04\/shoqatat-e-luftes-te-gjithe-ne-marshin-e-12-shtatorit\/#respond"]}]},{"@type":"WebPage","@id":"https:\/\/kosovatimes.info\/index.php\/2026\/09\/04\/shoqatat-e-luftes-te-gjithe-ne-marshin-e-12-shtatorit\/","url":"https:\/\/kosovatimes.info\/index.php\/2026\/09\/04\/shoqatat-e-luftes-te-gjithe-ne-marshin-e-12-shtatorit\/","name":"Shoqatat e luft\u00ebs: T\u00eb gjith\u00eb n\u00eb marshin e 12 shtatorit - Kosova Times","isPartOf":{"@id":"https:\/\/kosovatimes.info\/#website"},"primaryImageOfPage":{"@id":"https:\/\/kosovatimes.info\/index.php\/2026\/09\/04\/shoqatat-e-luftes-te-gjithe-ne-marshin-e-12-shtatorit\/#primaryimage"},"image":{"@id":"https:\/\/kosovatimes.info\/index.php\/2026\/09\/04\/shoqatat-e-luftes-te-gjithe-ne-marshin-e-12-shtatorit\/#primaryimage"},"thumbnailUrl":"https:\/\/kosovatimes.info\/wp-content\/uploads\/2026\/09\/Shoqatata.jpg","datePublished":"2026-09-04T21:13:00+00:00","author":{"@id":"https:\/\/kosovatimes.info\/#\/schema\/person\/7586712b9c512fe68085de007378c915"},"breadcrumb":{"@id":"https:\/\/kosovatimes.info\/index.php\/2026\/09\/04\/shoqatat-e-luftes-te-gjithe-ne-marshin-e-12-shtatorit\/#breadcrumb"},"inLanguage":"en-US","potentialAction":[{"@type":"ReadAction","target":["https:\/\/kosovatimes.info\/index.php\/2026\/09\/04\/shoqatat-e-luftes-te-gjithe-ne-marshin-e-12-shtatorit\/"]}]},{"@type":"ImageObject","inLanguage":"en-US","@id":"https:\/\/kosovatimes.info\/index.php\/2026\/09\/04\/shoqatat-e-luftes-te-gjithe-ne-marshin-e-12-shtatorit\/#primaryimage","url":"https:\/\/kosovatimes.info\/wp-content\/uploads\/2026\/09\/Shoqatata.jpg","contentUrl":"https:\/\/kosovatimes.info\/wp-content\/uploads\/2026\/09\/Shoqatata.jpg","width":780,"height":500},{"@type":"BreadcrumbList","@id":"https:\/\/kosovatimes.info\/index.php\/2026\/09\/04\/shoqatat-e-luftes-te-gjithe-ne-marshin-e-12-shtatorit\/#breadcrumb","itemListElement":[{"@type":"ListItem","position":1,"name":"Home","item":"https:\/\/kosovatimes.info\/"},{"@type":"ListItem","position":2,"name":"Shoqatat e luft\u00ebs: T\u00eb gjith\u00eb n\u00eb marshin e 12 shtatorit"}]},{"@type":"WebSite","@id":"https:\/\/kosovatimes.info\/#website","url":"https:\/\/kosovatimes.info\/","name":"Kosova Times","description":"","potentialAction":[{"@type":"SearchAction","target":{"@type":"EntryPoint","urlTemplate":"https:\/\/kosovatimes.info\/?s={search_term_string}"},"query-input":{"@type":"PropertyValueSpecification","valueRequired":true,"valueName":"search_term_string"}}],"inLanguage":"en-US"},{"@type":"Person","@id":"https:\/\/kosovatimes.info\/#\/schema\/person\/7586712b9c512fe68085de007378c915","name":"i l","image":{"@type":"ImageObject","inLanguage":"en-US","@id":"https:\/\/secure.gravatar.com\/avatar\/bad9296e02816160ae2e2435beda58222022298d5625d49fea74d18816fbb31d?s=96&d=mm&r=g","url":"https:\/\/secure.gravatar.com\/avatar\/bad9296e02816160ae2e2435beda58222022298d5625d49fea74d18816fbb31d?s=96&d=mm&r=g","contentUrl":"https:\/\/secure.gravatar.com\/avatar\/bad9296e02816160ae2e2435beda58222022298d5625d49fea74d18816fbb31d?s=96&d=mm&r=g","caption":"i l"},"url":"https:\/\/kosovatimes.info\/index.php\/author\/iliri\/"}]}},"_links":{"self":[{"href":"https:\/\/kosovatimes.info\/index.php\/wp-json\/wp\/v2\/posts\/30904","targetHints":{"allow":["GET"]}}],"collection":[{"href":"https:\/\/kosovatimes.info\/index.php\/wp-json\/wp\/v2\/posts"}],"about":[{"href":"https:\/\/kosovatimes.info\/index.php\/wp-json\/wp\/v2\/types\/post"}],"author":[{"embeddable":true,"href":"https:\/\/kosovatimes.info\/index.php\/wp-json\/wp\/v2\/users\/4"}],"replies":[{"embeddable":true,"href":"https:\/\/kosovatimes.info\/index.php\/wp-json\/wp\/v2\/comments?post=30904"}],"version-history":[{"count":1,"href":"https:\/\/kosovatimes.info\/index.php\/wp-json\/wp\/v2\/posts\/30904\/revisions"}],"predecessor-version":[{"id":30906,"href":"https:\/\/kosovatimes.info\/index.php\/wp-json\/wp\/v2\/posts\/30904\/revisions\/30906"}],"wp:featuredmedia":[{"embeddable":true,"href":"https:\/\/kosovatimes.info\/index.php\/wp-json\/wp\/v2\/media\/30905"}],"wp:attachment":[{"href":"https:\/\/kosovatimes.info\/index.php\/wp-json\/wp\/v2\/media?parent=30904"}],"wp:term":[{"taxonomy":"category","embeddable":true,"href":"https:\/\/kosovatimes.info\/index.php\/wp-json\/wp\/v2\/categories?post=30904"},{"taxonomy":"post_tag","embeddable":true,"href":"https:\/\/kosovatimes.info\/index.php\/wp-json\/wp\/v2\/tags?post=30904"}],"curies":[{"name":"wp","href":"https:\/\/api.w.org\/{rel}","templated":true}]}}