{"id":30908,"date":"2026-09-04T14:23:00","date_gmt":"2026-09-04T12:23:00","guid":{"rendered":"https:\/\/kosovatimes.info\/?p=30908"},"modified":"2026-09-04T14:49:23","modified_gmt":"2026-09-04T12:49:23","slug":"kosova-kerkon-nga-be-ja-hapjen-e-negociatave-per-anetaresim","status":"publish","type":"post","link":"https:\/\/kosovatimes.info\/index.php\/2026\/09\/04\/kosova-kerkon-nga-be-ja-hapjen-e-negociatave-per-anetaresim\/","title":{"rendered":"Kosova k\u00ebrkon nga BE-ja hapjen e negociatave p\u00ebr an\u00ebtar\u00ebsim"},"content":{"rendered":"\n<p class=\"wp-block-paragraph\"><strong>Kosova ka p\u00ebrs\u00ebritur k\u00ebrkes\u00ebn ndaj Bashkimit Evropian q\u00eb blloku 27-an\u00ebtar\u00ebsh t\u00eb shqyrtoj\u00eb aplikimin p\u00ebr statusin e kandidatit.<\/strong><\/p>\n\n\n\n<p class=\"wp-block-paragraph\">N\u00eb takimin e p\u00ebrbashk\u00ebt ministror BE\u2013Ballkani Per\u00ebndimor, t\u00eb mbajtur n\u00eb Irland\u00eb, Jeton Zulfaj, kryenegociatori i Kosov\u00ebs me BE-n\u00eb, k\u00ebrkoi hapjen e negociatave t\u00eb an\u00ebtar\u00ebsimit mes Prishtin\u00ebs dhe Brukselit, duke theksuar se Kosova \u00ebsht\u00eb i vetmi vend q\u00eb nuk e ka k\u00ebt\u00eb status.<\/p>\n\n\n\n<p class=\"wp-block-paragraph\">Munges\u00ebn e reagimit nga Brukseli, Zulfaj e cil\u00ebsoi si mang\u00ebsi t\u00eb institucioneve evropiane.<\/p>\n\n\n\n<p class=\"wp-block-paragraph\">\u201cNuk \u00ebsht\u00eb mesazh i mir\u00eb dhe tregon munges\u00eb t\u00eb lidershipit n\u00eb BE dhe mendoj q\u00eb kjo \u00ebsht\u00eb p\u00ebrgjegj\u00ebsi e p\u00ebrbashk\u00ebt. BE-ja duhet ta b\u00ebj\u00eb pjes\u00ebn e saj dhe arritja e konsensusit brenda bllokut duhet t\u00eb jet\u00eb p\u00ebrgjegj\u00ebsi e BE-s\u00eb. \u00c7do vend, i madh apo i vog\u00ebl, duhet ta ndjej\u00eb urgjenc\u00ebn p\u00ebr unitet brenda BE-s\u00eb\u201d, ka theksuar Zylfaj.<\/p>\n\n\n\n<p class=\"wp-block-paragraph\">Ndryshe, takimi n\u00eb Irland\u00eb \u00ebsht\u00eb fokusuar n\u00eb reformat n\u00eb procesin e zgjerimit. Ai mbahet n\u00eb prag t\u00eb paralajm\u00ebrimit se Komisioni Evropian do t\u00eb dal\u00eb me propozime t\u00eb reja, p\u00ebrfshir\u00eb edhe mekanizmat mbrojt\u00ebs n\u00eb traktatet e an\u00ebtar\u00ebsimit me an\u00ebtar\u00ebt e ardhsh\u00ebm.&nbsp;<\/p>\n\n\n\n<p class=\"wp-block-paragraph\">\u201cNuk b\u00ebhet fjal\u00eb p\u00ebr an\u00ebtar\u00ebsim t\u00eb nj\u00eb niveli t\u00eb dyt\u00eb. Kjo do t\u00eb thot\u00eb se mund t\u00eb b\u00ebhesh an\u00ebtar vet\u00ebm pasi t\u00eb kesh p\u00ebrmbushur t\u00eb gjitha kriteret. Por, p\u00ebr sa i p\u00ebrket an\u00ebtar\u00ebsimit n\u00eb Bashkimin Evropian, masat mbrojt\u00ebse nuk jan\u00eb di\u00e7ka e re. Ne i kemi pasur gjithmon\u00eb edhe n\u00eb t\u00eb kaluar\u00ebn\u201d, ka theksuar Marta Kos&nbsp;komesare p\u00ebr zgjerim.<\/p>\n\n\n\n<p class=\"wp-block-paragraph\">E t\u00ebr\u00eb vjeshta e sivjetme do t\u00eb jet\u00eb n\u00eb shenj\u00eb t\u00eb reformave n\u00eb procesin e zgjerimit. Debati mbi k\u00ebt\u00eb tem\u00eb do t\u00eb jet\u00eb tem\u00eb qendrore n\u00eb takimin e lider\u00ebve evropian\u00eb gjat\u00eb muajit tetor.<\/p>\n","protected":false},"excerpt":{"rendered":"<p>Kosova ka p\u00ebrs\u00ebritur k\u00ebrkes\u00ebn ndaj Bashkimit Evropian q\u00eb blloku 27-an\u00ebtar\u00ebsh t\u00eb shqyrtoj\u00eb aplikimin p\u00ebr statusin e kandidatit. N\u00eb takimin e p\u00ebrbashk\u00ebt ministror BE\u2013Ballkani Per\u00ebndimor, t\u00eb mbajtur n\u00eb Irland\u00eb, Jeton Zulfaj, kryenegociatori i Kosov\u00ebs me BE-n\u00eb, k\u00ebrkoi hapjen e negociatave t\u00eb an\u00ebtar\u00ebsimit mes Prishtin\u00ebs dhe Brukselit, duke theksuar se Kosova \u00ebsht\u00eb i vetmi vend q\u00eb nuk [&hellip;]<\/p>\n","protected":false},"author":4,"featured_media":30909,"comment_status":"open","ping_status":"open","sticky":false,"template":"","format":"standard","meta":{"footnotes":""},"categories":[31,30],"tags":[],"class_list":["post-30908","post","type-post","status-publish","format-standard","has-post-thumbnail","category-kosove","category-lajme"],"yoast_head":"<!-- This site is optimized with the Yoast SEO plugin v27.4 - https:\/\/yoast.com\/product\/yoast-seo-wordpress\/ -->\n<title>Kosova k\u00ebrkon nga BE-ja hapjen e negociatave p\u00ebr an\u00ebtar\u00ebsim - Kosova Times<\/title>\n<meta name=\"robots\" content=\"index, follow, max-snippet:-1, max-image-preview:large, max-video-preview:-1\" \/>\n<link rel=\"canonical\" href=\"https:\/\/kosovatimes.info\/index.php\/2026\/09\/04\/kosova-kerkon-nga-be-ja-hapjen-e-negociatave-per-anetaresim\/\" \/>\n<meta property=\"og:locale\" content=\"en_US\" \/>\n<meta property=\"og:type\" content=\"article\" \/>\n<meta property=\"og:title\" content=\"Kosova k\u00ebrkon nga BE-ja hapjen e negociatave p\u00ebr an\u00ebtar\u00ebsim - Kosova Times\" \/>\n<meta property=\"og:description\" content=\"Kosova ka p\u00ebrs\u00ebritur k\u00ebrkes\u00ebn ndaj Bashkimit Evropian q\u00eb blloku 27-an\u00ebtar\u00ebsh t\u00eb shqyrtoj\u00eb aplikimin p\u00ebr statusin e kandidatit. N\u00eb takimin e p\u00ebrbashk\u00ebt ministror BE\u2013Ballkani Per\u00ebndimor, t\u00eb mbajtur n\u00eb Irland\u00eb, Jeton Zulfaj, kryenegociatori i Kosov\u00ebs me BE-n\u00eb, k\u00ebrkoi hapjen e negociatave t\u00eb an\u00ebtar\u00ebsimit mes Prishtin\u00ebs dhe Brukselit, duke theksuar se Kosova \u00ebsht\u00eb i vetmi vend q\u00eb nuk [&hellip;]\" \/>\n<meta property=\"og:url\" content=\"https:\/\/kosovatimes.info\/index.php\/2026\/09\/04\/kosova-kerkon-nga-be-ja-hapjen-e-negociatave-per-anetaresim\/\" \/>\n<meta property=\"og:site_name\" content=\"Kosova Times\" \/>\n<meta property=\"article:published_time\" content=\"2026-09-04T12:23:00+00:00\" \/>\n<meta property=\"article:modified_time\" content=\"2026-09-04T12:49:23+00:00\" \/>\n<meta property=\"og:image\" content=\"https:\/\/kosovatimes.info\/wp-content\/uploads\/2026\/09\/Zylfaj.jpg\" \/>\n\t<meta property=\"og:image:width\" content=\"780\" \/>\n\t<meta property=\"og:image:height\" content=\"500\" \/>\n\t<meta property=\"og:image:type\" content=\"image\/jpeg\" \/>\n<meta name=\"author\" content=\"i l\" \/>\n<meta name=\"twitter:card\" content=\"summary_large_image\" \/>\n<meta name=\"twitter:label1\" content=\"Written by\" \/>\n\t<meta name=\"twitter:data1\" content=\"i l\" \/>\n\t<meta name=\"twitter:label2\" content=\"Est. reading time\" \/>\n\t<meta name=\"twitter:data2\" content=\"2 minutes\" \/>\n<script type=\"application\/ld+json\" class=\"yoast-schema-graph\">{\"@context\":\"https:\\\/\\\/schema.org\",\"@graph\":[{\"@type\":\"Article\",\"@id\":\"https:\\\/\\\/kosovatimes.info\\\/index.php\\\/2026\\\/09\\\/04\\\/kosova-kerkon-nga-be-ja-hapjen-e-negociatave-per-anetaresim\\\/#article\",\"isPartOf\":{\"@id\":\"https:\\\/\\\/kosovatimes.info\\\/index.php\\\/2026\\\/09\\\/04\\\/kosova-kerkon-nga-be-ja-hapjen-e-negociatave-per-anetaresim\\\/\"},\"author\":{\"name\":\"i l\",\"@id\":\"https:\\\/\\\/kosovatimes.info\\\/#\\\/schema\\\/person\\\/7586712b9c512fe68085de007378c915\"},\"headline\":\"Kosova k\u00ebrkon nga BE-ja hapjen e negociatave p\u00ebr an\u00ebtar\u00ebsim\",\"datePublished\":\"2026-09-04T12:23:00+00:00\",\"dateModified\":\"2026-09-04T12:49:23+00:00\",\"mainEntityOfPage\":{\"@id\":\"https:\\\/\\\/kosovatimes.info\\\/index.php\\\/2026\\\/09\\\/04\\\/kosova-kerkon-nga-be-ja-hapjen-e-negociatave-per-anetaresim\\\/\"},\"wordCount\":334,\"commentCount\":0,\"image\":{\"@id\":\"https:\\\/\\\/kosovatimes.info\\\/index.php\\\/2026\\\/09\\\/04\\\/kosova-kerkon-nga-be-ja-hapjen-e-negociatave-per-anetaresim\\\/#primaryimage\"},\"thumbnailUrl\":\"https:\\\/\\\/kosovatimes.info\\\/wp-content\\\/uploads\\\/2026\\\/09\\\/Zylfaj.jpg\",\"articleSection\":[\"Kosov\u00eb\",\"Lajme\"],\"inLanguage\":\"en-US\",\"potentialAction\":[{\"@type\":\"CommentAction\",\"name\":\"Comment\",\"target\":[\"https:\\\/\\\/kosovatimes.info\\\/index.php\\\/2026\\\/09\\\/04\\\/kosova-kerkon-nga-be-ja-hapjen-e-negociatave-per-anetaresim\\\/#respond\"]}]},{\"@type\":\"WebPage\",\"@id\":\"https:\\\/\\\/kosovatimes.info\\\/index.php\\\/2026\\\/09\\\/04\\\/kosova-kerkon-nga-be-ja-hapjen-e-negociatave-per-anetaresim\\\/\",\"url\":\"https:\\\/\\\/kosovatimes.info\\\/index.php\\\/2026\\\/09\\\/04\\\/kosova-kerkon-nga-be-ja-hapjen-e-negociatave-per-anetaresim\\\/\",\"name\":\"Kosova k\u00ebrkon nga BE-ja hapjen e negociatave p\u00ebr an\u00ebtar\u00ebsim - Kosova Times\",\"isPartOf\":{\"@id\":\"https:\\\/\\\/kosovatimes.info\\\/#website\"},\"primaryImageOfPage\":{\"@id\":\"https:\\\/\\\/kosovatimes.info\\\/index.php\\\/2026\\\/09\\\/04\\\/kosova-kerkon-nga-be-ja-hapjen-e-negociatave-per-anetaresim\\\/#primaryimage\"},\"image\":{\"@id\":\"https:\\\/\\\/kosovatimes.info\\\/index.php\\\/2026\\\/09\\\/04\\\/kosova-kerkon-nga-be-ja-hapjen-e-negociatave-per-anetaresim\\\/#primaryimage\"},\"thumbnailUrl\":\"https:\\\/\\\/kosovatimes.info\\\/wp-content\\\/uploads\\\/2026\\\/09\\\/Zylfaj.jpg\",\"datePublished\":\"2026-09-04T12:23:00+00:00\",\"dateModified\":\"2026-09-04T12:49:23+00:00\",\"author\":{\"@id\":\"https:\\\/\\\/kosovatimes.info\\\/#\\\/schema\\\/person\\\/7586712b9c512fe68085de007378c915\"},\"breadcrumb\":{\"@id\":\"https:\\\/\\\/kosovatimes.info\\\/index.php\\\/2026\\\/09\\\/04\\\/kosova-kerkon-nga-be-ja-hapjen-e-negociatave-per-anetaresim\\\/#breadcrumb\"},\"inLanguage\":\"en-US\",\"potentialAction\":[{\"@type\":\"ReadAction\",\"target\":[\"https:\\\/\\\/kosovatimes.info\\\/index.php\\\/2026\\\/09\\\/04\\\/kosova-kerkon-nga-be-ja-hapjen-e-negociatave-per-anetaresim\\\/\"]}]},{\"@type\":\"ImageObject\",\"inLanguage\":\"en-US\",\"@id\":\"https:\\\/\\\/kosovatimes.info\\\/index.php\\\/2026\\\/09\\\/04\\\/kosova-kerkon-nga-be-ja-hapjen-e-negociatave-per-anetaresim\\\/#primaryimage\",\"url\":\"https:\\\/\\\/kosovatimes.info\\\/wp-content\\\/uploads\\\/2026\\\/09\\\/Zylfaj.jpg\",\"contentUrl\":\"https:\\\/\\\/kosovatimes.info\\\/wp-content\\\/uploads\\\/2026\\\/09\\\/Zylfaj.jpg\",\"width\":780,\"height\":500},{\"@type\":\"BreadcrumbList\",\"@id\":\"https:\\\/\\\/kosovatimes.info\\\/index.php\\\/2026\\\/09\\\/04\\\/kosova-kerkon-nga-be-ja-hapjen-e-negociatave-per-anetaresim\\\/#breadcrumb\",\"itemListElement\":[{\"@type\":\"ListItem\",\"position\":1,\"name\":\"Home\",\"item\":\"https:\\\/\\\/kosovatimes.info\\\/\"},{\"@type\":\"ListItem\",\"position\":2,\"name\":\"Kosova k\u00ebrkon nga BE-ja hapjen e negociatave p\u00ebr an\u00ebtar\u00ebsim\"}]},{\"@type\":\"WebSite\",\"@id\":\"https:\\\/\\\/kosovatimes.info\\\/#website\",\"url\":\"https:\\\/\\\/kosovatimes.info\\\/\",\"name\":\"Kosova Times\",\"description\":\"\",\"potentialAction\":[{\"@type\":\"SearchAction\",\"target\":{\"@type\":\"EntryPoint\",\"urlTemplate\":\"https:\\\/\\\/kosovatimes.info\\\/?s={search_term_string}\"},\"query-input\":{\"@type\":\"PropertyValueSpecification\",\"valueRequired\":true,\"valueName\":\"search_term_string\"}}],\"inLanguage\":\"en-US\"},{\"@type\":\"Person\",\"@id\":\"https:\\\/\\\/kosovatimes.info\\\/#\\\/schema\\\/person\\\/7586712b9c512fe68085de007378c915\",\"name\":\"i l\",\"image\":{\"@type\":\"ImageObject\",\"inLanguage\":\"en-US\",\"@id\":\"https:\\\/\\\/secure.gravatar.com\\\/avatar\\\/bad9296e02816160ae2e2435beda58222022298d5625d49fea74d18816fbb31d?s=96&d=mm&r=g\",\"url\":\"https:\\\/\\\/secure.gravatar.com\\\/avatar\\\/bad9296e02816160ae2e2435beda58222022298d5625d49fea74d18816fbb31d?s=96&d=mm&r=g\",\"contentUrl\":\"https:\\\/\\\/secure.gravatar.com\\\/avatar\\\/bad9296e02816160ae2e2435beda58222022298d5625d49fea74d18816fbb31d?s=96&d=mm&r=g\",\"caption\":\"i l\"},\"url\":\"https:\\\/\\\/kosovatimes.info\\\/index.php\\\/author\\\/iliri\\\/\"}]}<\/script>\n<!-- \/ Yoast SEO plugin. -->","yoast_head_json":{"title":"Kosova k\u00ebrkon nga BE-ja hapjen e negociatave p\u00ebr an\u00ebtar\u00ebsim - Kosova Times","robots":{"index":"index","follow":"follow","max-snippet":"max-snippet:-1","max-image-preview":"max-image-preview:large","max-video-preview":"max-video-preview:-1"},"canonical":"https:\/\/kosovatimes.info\/index.php\/2026\/09\/04\/kosova-kerkon-nga-be-ja-hapjen-e-negociatave-per-anetaresim\/","og_locale":"en_US","og_type":"article","og_title":"Kosova k\u00ebrkon nga BE-ja hapjen e negociatave p\u00ebr an\u00ebtar\u00ebsim - Kosova Times","og_description":"Kosova ka p\u00ebrs\u00ebritur k\u00ebrkes\u00ebn ndaj Bashkimit Evropian q\u00eb blloku 27-an\u00ebtar\u00ebsh t\u00eb shqyrtoj\u00eb aplikimin p\u00ebr statusin e kandidatit. N\u00eb takimin e p\u00ebrbashk\u00ebt ministror BE\u2013Ballkani Per\u00ebndimor, t\u00eb mbajtur n\u00eb Irland\u00eb, Jeton Zulfaj, kryenegociatori i Kosov\u00ebs me BE-n\u00eb, k\u00ebrkoi hapjen e negociatave t\u00eb an\u00ebtar\u00ebsimit mes Prishtin\u00ebs dhe Brukselit, duke theksuar se Kosova \u00ebsht\u00eb i vetmi vend q\u00eb nuk [&hellip;]","og_url":"https:\/\/kosovatimes.info\/index.php\/2026\/09\/04\/kosova-kerkon-nga-be-ja-hapjen-e-negociatave-per-anetaresim\/","og_site_name":"Kosova Times","article_published_time":"2026-09-04T12:23:00+00:00","article_modified_time":"2026-09-04T12:49:23+00:00","og_image":[{"width":780,"height":500,"url":"https:\/\/kosovatimes.info\/wp-content\/uploads\/2026\/09\/Zylfaj.jpg","type":"image\/jpeg"}],"author":"i l","twitter_card":"summary_large_image","twitter_misc":{"Written by":"i l","Est. reading time":"2 minutes"},"schema":{"@context":"https:\/\/schema.org","@graph":[{"@type":"Article","@id":"https:\/\/kosovatimes.info\/index.php\/2026\/09\/04\/kosova-kerkon-nga-be-ja-hapjen-e-negociatave-per-anetaresim\/#article","isPartOf":{"@id":"https:\/\/kosovatimes.info\/index.php\/2026\/09\/04\/kosova-kerkon-nga-be-ja-hapjen-e-negociatave-per-anetaresim\/"},"author":{"name":"i l","@id":"https:\/\/kosovatimes.info\/#\/schema\/person\/7586712b9c512fe68085de007378c915"},"headline":"Kosova k\u00ebrkon nga BE-ja hapjen e negociatave p\u00ebr an\u00ebtar\u00ebsim","datePublished":"2026-09-04T12:23:00+00:00","dateModified":"2026-09-04T12:49:23+00:00","mainEntityOfPage":{"@id":"https:\/\/kosovatimes.info\/index.php\/2026\/09\/04\/kosova-kerkon-nga-be-ja-hapjen-e-negociatave-per-anetaresim\/"},"wordCount":334,"commentCount":0,"image":{"@id":"https:\/\/kosovatimes.info\/index.php\/2026\/09\/04\/kosova-kerkon-nga-be-ja-hapjen-e-negociatave-per-anetaresim\/#primaryimage"},"thumbnailUrl":"https:\/\/kosovatimes.info\/wp-content\/uploads\/2026\/09\/Zylfaj.jpg","articleSection":["Kosov\u00eb","Lajme"],"inLanguage":"en-US","potentialAction":[{"@type":"CommentAction","name":"Comment","target":["https:\/\/kosovatimes.info\/index.php\/2026\/09\/04\/kosova-kerkon-nga-be-ja-hapjen-e-negociatave-per-anetaresim\/#respond"]}]},{"@type":"WebPage","@id":"https:\/\/kosovatimes.info\/index.php\/2026\/09\/04\/kosova-kerkon-nga-be-ja-hapjen-e-negociatave-per-anetaresim\/","url":"https:\/\/kosovatimes.info\/index.php\/2026\/09\/04\/kosova-kerkon-nga-be-ja-hapjen-e-negociatave-per-anetaresim\/","name":"Kosova k\u00ebrkon nga BE-ja hapjen e negociatave p\u00ebr an\u00ebtar\u00ebsim - Kosova Times","isPartOf":{"@id":"https:\/\/kosovatimes.info\/#website"},"primaryImageOfPage":{"@id":"https:\/\/kosovatimes.info\/index.php\/2026\/09\/04\/kosova-kerkon-nga-be-ja-hapjen-e-negociatave-per-anetaresim\/#primaryimage"},"image":{"@id":"https:\/\/kosovatimes.info\/index.php\/2026\/09\/04\/kosova-kerkon-nga-be-ja-hapjen-e-negociatave-per-anetaresim\/#primaryimage"},"thumbnailUrl":"https:\/\/kosovatimes.info\/wp-content\/uploads\/2026\/09\/Zylfaj.jpg","datePublished":"2026-09-04T12:23:00+00:00","dateModified":"2026-09-04T12:49:23+00:00","author":{"@id":"https:\/\/kosovatimes.info\/#\/schema\/person\/7586712b9c512fe68085de007378c915"},"breadcrumb":{"@id":"https:\/\/kosovatimes.info\/index.php\/2026\/09\/04\/kosova-kerkon-nga-be-ja-hapjen-e-negociatave-per-anetaresim\/#breadcrumb"},"inLanguage":"en-US","potentialAction":[{"@type":"ReadAction","target":["https:\/\/kosovatimes.info\/index.php\/2026\/09\/04\/kosova-kerkon-nga-be-ja-hapjen-e-negociatave-per-anetaresim\/"]}]},{"@type":"ImageObject","inLanguage":"en-US","@id":"https:\/\/kosovatimes.info\/index.php\/2026\/09\/04\/kosova-kerkon-nga-be-ja-hapjen-e-negociatave-per-anetaresim\/#primaryimage","url":"https:\/\/kosovatimes.info\/wp-content\/uploads\/2026\/09\/Zylfaj.jpg","contentUrl":"https:\/\/kosovatimes.info\/wp-content\/uploads\/2026\/09\/Zylfaj.jpg","width":780,"height":500},{"@type":"BreadcrumbList","@id":"https:\/\/kosovatimes.info\/index.php\/2026\/09\/04\/kosova-kerkon-nga-be-ja-hapjen-e-negociatave-per-anetaresim\/#breadcrumb","itemListElement":[{"@type":"ListItem","position":1,"name":"Home","item":"https:\/\/kosovatimes.info\/"},{"@type":"ListItem","position":2,"name":"Kosova k\u00ebrkon nga BE-ja hapjen e negociatave p\u00ebr an\u00ebtar\u00ebsim"}]},{"@type":"WebSite","@id":"https:\/\/kosovatimes.info\/#website","url":"https:\/\/kosovatimes.info\/","name":"Kosova Times","description":"","potentialAction":[{"@type":"SearchAction","target":{"@type":"EntryPoint","urlTemplate":"https:\/\/kosovatimes.info\/?s={search_term_string}"},"query-input":{"@type":"PropertyValueSpecification","valueRequired":true,"valueName":"search_term_string"}}],"inLanguage":"en-US"},{"@type":"Person","@id":"https:\/\/kosovatimes.info\/#\/schema\/person\/7586712b9c512fe68085de007378c915","name":"i l","image":{"@type":"ImageObject","inLanguage":"en-US","@id":"https:\/\/secure.gravatar.com\/avatar\/bad9296e02816160ae2e2435beda58222022298d5625d49fea74d18816fbb31d?s=96&d=mm&r=g","url":"https:\/\/secure.gravatar.com\/avatar\/bad9296e02816160ae2e2435beda58222022298d5625d49fea74d18816fbb31d?s=96&d=mm&r=g","contentUrl":"https:\/\/secure.gravatar.com\/avatar\/bad9296e02816160ae2e2435beda58222022298d5625d49fea74d18816fbb31d?s=96&d=mm&r=g","caption":"i l"},"url":"https:\/\/kosovatimes.info\/index.php\/author\/iliri\/"}]}},"_links":{"self":[{"href":"https:\/\/kosovatimes.info\/index.php\/wp-json\/wp\/v2\/posts\/30908","targetHints":{"allow":["GET"]}}],"collection":[{"href":"https:\/\/kosovatimes.info\/index.php\/wp-json\/wp\/v2\/posts"}],"about":[{"href":"https:\/\/kosovatimes.info\/index.php\/wp-json\/wp\/v2\/types\/post"}],"author":[{"embeddable":true,"href":"https:\/\/kosovatimes.info\/index.php\/wp-json\/wp\/v2\/users\/4"}],"replies":[{"embeddable":true,"href":"https:\/\/kosovatimes.info\/index.php\/wp-json\/wp\/v2\/comments?post=30908"}],"version-history":[{"count":1,"href":"https:\/\/kosovatimes.info\/index.php\/wp-json\/wp\/v2\/posts\/30908\/revisions"}],"predecessor-version":[{"id":30910,"href":"https:\/\/kosovatimes.info\/index.php\/wp-json\/wp\/v2\/posts\/30908\/revisions\/30910"}],"wp:featuredmedia":[{"embeddable":true,"href":"https:\/\/kosovatimes.info\/index.php\/wp-json\/wp\/v2\/media\/30909"}],"wp:attachment":[{"href":"https:\/\/kosovatimes.info\/index.php\/wp-json\/wp\/v2\/media?parent=30908"}],"wp:term":[{"taxonomy":"category","embeddable":true,"href":"https:\/\/kosovatimes.info\/index.php\/wp-json\/wp\/v2\/categories?post=30908"},{"taxonomy":"post_tag","embeddable":true,"href":"https:\/\/kosovatimes.info\/index.php\/wp-json\/wp\/v2\/tags?post=30908"}],"curies":[{"name":"wp","href":"https:\/\/api.w.org\/{rel}","templated":true}]}}