{"id":30911,"date":"2026-09-04T13:45:00","date_gmt":"2026-09-04T11:45:00","guid":{"rendered":"https:\/\/kosovatimes.info\/?p=30911"},"modified":"2026-09-04T14:51:36","modified_gmt":"2026-09-04T12:51:36","slug":"aktakuze-ndaj-35-personave-per-masakren-ne-prekaz","status":"publish","type":"post","link":"https:\/\/kosovatimes.info\/index.php\/2026\/09\/04\/aktakuze-ndaj-35-personave-per-masakren-ne-prekaz\/","title":{"rendered":"Aktakuz\u00eb ndaj 35 personave p\u00ebr masakr\u00ebn n\u00eb Prekaz"},"content":{"rendered":"\n<p class=\"wp-block-paragraph\"><a target=\"_blank\" href=\"https:\/\/www.linkedin.com\/shareArticle?mini=true&amp;url=https%3A%2F%2Fwww.rtklive.com%2Fsq%2Fnews-single.php%3FID%3D732916\" rel=\"noopener\"><\/a><\/p>\n\n\n\n<p class=\"wp-block-paragraph\"><strong>Prokuroria Speciale e Republik\u00ebs s\u00eb Kosov\u00ebs ka dor\u00ebzuar aktakuz\u00eb n\u00eb Gjykat\u00ebn Themelore n\u00eb Prishtin\u00eb ndaj 35 personave t\u00eb dyshuar p\u00ebr krime lufte kund\u00ebr popullsis\u00eb civile, lidhur me masakr\u00ebn n\u00eb lagjen e Jasharajve n\u00eb Prekaz, m\u00eb 5, 6 dhe 7 mars t\u00eb vitit 1998.<\/strong><\/p>\n\n\n\n<p class=\"wp-block-paragraph\">Lajmi \u00ebsht\u00eb b\u00ebr\u00eb i ditur n\u00eb nj\u00eb konferenc\u00eb p\u00ebr media nga kryeprokurori i Prokuroris\u00eb Speciale, Blerim Isufaj, i cili e ka cil\u00ebsuar k\u00ebt\u00eb si nj\u00eb hap t\u00eb r\u00ebnd\u00ebsish\u00ebm n\u00eb hetimin dhe ndjekjen e krimeve t\u00eb luft\u00ebs n\u00eb Kosov\u00eb.<\/p>\n\n\n\n<p class=\"wp-block-paragraph\">\u201cSot, Prokuroria Speciale ka marr\u00eb nj\u00eb hap t\u00eb r\u00ebnd\u00ebsish\u00ebm n\u00eb p\u00ebrmbushjen e mandatit t\u00eb saj ligjor duke dor\u00ebzuar aktakuz\u00ebn e nj\u00eb \u00e7\u00ebshtjeje me r\u00ebnd\u00ebsi t\u00eb ve\u00e7ant\u00eb p\u00ebr institucionet e drejt\u00ebsis\u00eb dhe p\u00ebr opinionin publik, e q\u00eb lidhet me vrasjen civil\u00ebve shqiptar\u00eb n\u00eb lagjen e Jasharajve n\u00eb Prekaz\u201d, tha Isufaj.<\/p>\n\n\n\n<p class=\"wp-block-paragraph\">Ai theksoi se aktakuza \u00ebsht\u00eb rezultat i nj\u00eb pune t\u00eb bazuar n\u00eb prova dhe n\u00eb p\u00ebrputhje me kompetencat ligjore t\u00eb Prokuroris\u00eb Speciale.<\/p>\n\n\n\n<p class=\"wp-block-paragraph\">\u201cR\u00ebnd\u00ebsia e k\u00ebsaj aktakuze \u00ebsht\u00eb e ve\u00e7ant\u00eb edhe p\u00ebr faktin se b\u00ebhet fjal\u00eb &nbsp;p\u00ebr aktakuz\u00eb t\u00eb par\u00eb q\u00eb lidhet me vrasjen e civil\u00ebve n\u00eb lagjen e Jasharajve n\u00eb Prekaz. Tani \u00ebsht\u00eb n\u00eb kompetenc\u00eb t\u00eb gjykat\u00ebs q\u00eb t\u00eb shqyrtoj\u00eb aktakuz\u00ebn dhe provat e paraqitura n\u00eb p\u00ebrputhje me ligjin dhe standardet e nj\u00eb gjykimi t\u00eb drejt\u00eb\u201d, tha ai.<\/p>\n\n\n\n<p class=\"wp-block-paragraph\">Isufaj tha se si Prokurori Speciale jan\u00eb t\u00eb bindur se n\u00eb k\u00ebt\u00eb rast \u00ebsht\u00eb punuar me kujdes t\u00eb shtuar me q\u00ebllim q\u00eb pretendimet e ngritura n\u00eb aktakuz\u00eb t\u00eb provohen para gjykat\u00ebs.<\/p>\n\n\n\n<p class=\"wp-block-paragraph\">&#8220;R\u00ebnd\u00ebsia e k\u00ebsaj aktakuze gjithashtu q\u00ebndron n\u00eb faktin se ajo d\u00ebshmon p\u00ebrkushtimin e vazhduesh\u00ebm p\u00ebr hetimin e krimeve t\u00eb luft\u00ebs dhe p\u00ebr t\u00eb k\u00ebrkuar p\u00ebrgjegj\u00ebsis\u00eb penale, pavar\u00ebsisht kompleksitetit t\u00eb k\u00ebtyre rasteve apo koh\u00ebs q\u00eb ka kaluar nga kryerja e tyre&#8221;, tha ai.<\/p>\n\n\n\n<p class=\"wp-block-paragraph\">Isufaj tha se Prokuroria Speciale mbetet e p\u00ebrkushtuar n\u00eb hetimin profesional, t\u00eb pavarur dhe t\u00eb paansh\u00ebm t\u00eb krimeve t\u00eb luft\u00ebs dhe ndjekjen penale t\u00eb personave ndaj t\u00eb cil\u00ebve ekzistojn\u00eb dyshime t\u00eb bazuara p\u00ebr kryerjen e veprave penale.<img decoding=\"async\" alt=\"\" src=\"https:\/\/www.rtklive.com\/sq\/gallery\/news_hidden_inside\/732916\/valdet_gashi.jpg\">Prokurori i rastit, Valdet Gashi, tha se gjat\u00eb hetimeve jan\u00eb siguruar prova materiale dhe personale p\u00ebr p\u00ebrfshirjen e t\u00eb pandehurve n\u00eb sulm.<\/p>\n\n\n\n<p class=\"wp-block-paragraph\">\u201cBazuar n\u00eb provat e siguruara, kemi arritur q\u00eb t\u00eb v\u00ebrtetojm\u00eb dyshimin e bazuar mir\u00eb se t\u00eb pandehurit e p\u00ebrfshir\u00eb n\u00eb k\u00ebt\u00eb aktakuz\u00eb kan\u00eb kryer veprat penale t\u00eb krimeve t\u00eb luft\u00ebs kund\u00ebr popullsis\u00eb civile\u201d, tha Gashi.<\/p>\n\n\n\n<p class=\"wp-block-paragraph\">Sipas tij, 35 t\u00eb pandehurit kan\u00eb pasur pozita t\u00eb larta komanduese n\u00eb strukturat&nbsp;e&nbsp;nj\u00ebsive speciale t\u00eb policis\u00eb serbe.<\/p>\n\n\n\n<p class=\"wp-block-paragraph\">Prokuroria ka identifikuar, sipas Gashit, edhe nj\u00ebsit\u00eb e forcave serbe q\u00eb mor\u00ebn pjes\u00eb n\u00eb sulm, pozitat e komanduesve, aktivitetet e t\u00eb pandehurve, armatimin e p\u00ebrdorur dhe d\u00ebmet e shkaktuara n\u00eb njer\u00ebz dhe pasuri.<\/p>\n\n\n\n<p class=\"wp-block-paragraph\">Hetimi ka konstatuar se gjat\u00eb sulmit n\u00eb lagjen Jashari jan\u00eb vrar\u00eb 26 persona civil\u00eb, p\u00ebrfshir\u00eb f\u00ebmij\u00eb, gra dhe t\u00eb moshuar. Viktima m\u00eb e re, sipas Prokuroris\u00eb, ishte 5-vje\u00e7are.<\/p>\n\n\n\n<p class=\"wp-block-paragraph\">\u201cP\u00ebrve\u00e7 k\u00ebsaj, \u00ebsht\u00eb provuar se gjat\u00eb k\u00ebtij sulmi, forcat e nj\u00ebsive speciale serbe kishin marr\u00eb peng nga sht\u00ebpit\u00eb e tyre banor\u00ebt e lagjes Jasharaj, n\u00eb t\u00eb cilin rast i kishin keqtrajtuar n\u00eb m\u00ebnyra t\u00eb ndryshme\u201d, tha prokurori&nbsp;Gashi.<\/p>\n\n\n\n<p class=\"wp-block-paragraph\">Ai b\u00ebri t\u00eb ditur se n\u00eb sulm kan\u00eb marr\u00eb pjes\u00eb disa struktura t\u00eb forcave serbe, p\u00ebrfshir\u00eb Departamentin e Siguris\u00eb Publike, strukturat e Ministris\u00eb s\u00eb Pun\u00ebve t\u00eb Brendshme t\u00eb Serbis\u00eb, Departamentin e Siguris\u00eb Shtet\u00ebrore dhe Nj\u00ebsin\u00eb p\u00ebr Operacione Speciale (JSO).<\/p>\n\n\n\n<p class=\"wp-block-paragraph\">Sipas Gashit, JSO-ja drejtohej nga Milorad Ulemek, i njohur si \u201cLegija\u201d, dhe kjo nj\u00ebsi kishte, sipas aktakuz\u00ebs, detyr\u00eb t\u00eb sulmonte drejtp\u00ebrdrejt sht\u00ebpin\u00eb e familjes s\u00eb Shaban Jasharit.<\/p>\n\n\n\n<p class=\"wp-block-paragraph\">\u201cJan\u00eb shum\u00eb nj\u00ebsi q\u00eb jan\u00eb p\u00ebrfshir\u00eb. \u00cbsht\u00eb Nj\u00ebsia e Posa\u00e7me e Policis\u00eb, Nj\u00ebsia Speciale Antiterroriste, mandej kemi departamente t\u00eb Pun\u00ebve t\u00eb Brendshme q\u00eb jan\u00eb n\u00eb kuad\u00ebr t\u00eb nivelit t\u00eb Ministris\u00eb\u201d, tha Gashi.<\/p>\n\n\n\n<p class=\"wp-block-paragraph\">Prokurori b\u00ebri t\u00eb ditur se hetimi ka qen\u00eb kompleks dhe \u00ebsht\u00eb zhvilluar n\u00eb munges\u00eb, pasi asnj\u00ebri nga 35 t\u00eb pandehurit nuk ka qen\u00eb n\u00eb dispozicion t\u00eb autoriteteve t\u00eb Kosov\u00ebs.<\/p>\n\n\n\n<p class=\"wp-block-paragraph\">I pyetur n\u00ebse t\u00eb gjith\u00eb t\u00eb pandehurit jan\u00eb gjall\u00eb, Gashi tha se, bazuar n\u00eb informacionet q\u00eb ka Prokuroria, t\u00eb gjith\u00eb ata jan\u00eb gjall\u00eb.<\/p>\n\n\n\n<p class=\"wp-block-paragraph\">Megjithat\u00eb, ai sqaroi se n\u00ebse&nbsp;sigurohet informacion se ndonj\u00ebri prej tyre ka vdekur dhe kjo nuk ka qen\u00eb e njohur m\u00eb par\u00eb, Prokuroria mund t\u00eb t\u00ebrhiqet nga aktakuza ndaj atij personi, n\u00eb p\u00ebrputhje me ligjin.<\/p>\n","protected":false},"excerpt":{"rendered":"<p>Prokuroria Speciale e Republik\u00ebs s\u00eb Kosov\u00ebs ka dor\u00ebzuar aktakuz\u00eb n\u00eb Gjykat\u00ebn Themelore n\u00eb Prishtin\u00eb ndaj 35 personave t\u00eb dyshuar p\u00ebr krime lufte kund\u00ebr popullsis\u00eb civile, lidhur me masakr\u00ebn n\u00eb lagjen e Jasharajve n\u00eb Prekaz, m\u00eb 5, 6 dhe 7 mars t\u00eb vitit 1998. Lajmi \u00ebsht\u00eb b\u00ebr\u00eb i ditur n\u00eb nj\u00eb konferenc\u00eb p\u00ebr media nga kryeprokurori [&hellip;]<\/p>\n","protected":false},"author":4,"featured_media":30912,"comment_status":"open","ping_status":"open","sticky":false,"template":"","format":"standard","meta":{"footnotes":""},"categories":[31,30],"tags":[],"class_list":["post-30911","post","type-post","status-publish","format-standard","has-post-thumbnail","category-kosove","category-lajme"],"yoast_head":"<!-- This site is optimized with the Yoast SEO plugin v27.4 - https:\/\/yoast.com\/product\/yoast-seo-wordpress\/ -->\n<title>Aktakuz\u00eb ndaj 35 personave p\u00ebr masakr\u00ebn n\u00eb Prekaz - Kosova Times<\/title>\n<meta name=\"robots\" content=\"index, follow, max-snippet:-1, max-image-preview:large, max-video-preview:-1\" \/>\n<link rel=\"canonical\" href=\"https:\/\/kosovatimes.info\/index.php\/2026\/09\/04\/aktakuze-ndaj-35-personave-per-masakren-ne-prekaz\/\" \/>\n<meta property=\"og:locale\" content=\"en_US\" \/>\n<meta property=\"og:type\" content=\"article\" \/>\n<meta property=\"og:title\" content=\"Aktakuz\u00eb ndaj 35 personave p\u00ebr masakr\u00ebn n\u00eb Prekaz - Kosova Times\" \/>\n<meta property=\"og:description\" content=\"Prokuroria Speciale e Republik\u00ebs s\u00eb Kosov\u00ebs ka dor\u00ebzuar aktakuz\u00eb n\u00eb Gjykat\u00ebn Themelore n\u00eb Prishtin\u00eb ndaj 35 personave t\u00eb dyshuar p\u00ebr krime lufte kund\u00ebr popullsis\u00eb civile, lidhur me masakr\u00ebn n\u00eb lagjen e Jasharajve n\u00eb Prekaz, m\u00eb 5, 6 dhe 7 mars t\u00eb vitit 1998. Lajmi \u00ebsht\u00eb b\u00ebr\u00eb i ditur n\u00eb nj\u00eb konferenc\u00eb p\u00ebr media nga kryeprokurori [&hellip;]\" \/>\n<meta property=\"og:url\" content=\"https:\/\/kosovatimes.info\/index.php\/2026\/09\/04\/aktakuze-ndaj-35-personave-per-masakren-ne-prekaz\/\" \/>\n<meta property=\"og:site_name\" content=\"Kosova Times\" \/>\n<meta property=\"article:published_time\" content=\"2026-09-04T11:45:00+00:00\" \/>\n<meta property=\"article:modified_time\" content=\"2026-09-04T12:51:36+00:00\" \/>\n<meta property=\"og:image\" content=\"https:\/\/kosovatimes.info\/wp-content\/uploads\/2026\/09\/Masakra.jpg\" \/>\n\t<meta property=\"og:image:width\" content=\"780\" \/>\n\t<meta property=\"og:image:height\" content=\"500\" \/>\n\t<meta property=\"og:image:type\" content=\"image\/jpeg\" \/>\n<meta name=\"author\" content=\"i l\" \/>\n<meta name=\"twitter:card\" content=\"summary_large_image\" \/>\n<meta name=\"twitter:label1\" content=\"Written by\" \/>\n\t<meta name=\"twitter:data1\" content=\"i l\" \/>\n\t<meta name=\"twitter:label2\" content=\"Est. reading time\" \/>\n\t<meta name=\"twitter:data2\" content=\"4 minutes\" \/>\n<script type=\"application\/ld+json\" class=\"yoast-schema-graph\">{\"@context\":\"https:\\\/\\\/schema.org\",\"@graph\":[{\"@type\":\"Article\",\"@id\":\"https:\\\/\\\/kosovatimes.info\\\/index.php\\\/2026\\\/09\\\/04\\\/aktakuze-ndaj-35-personave-per-masakren-ne-prekaz\\\/#article\",\"isPartOf\":{\"@id\":\"https:\\\/\\\/kosovatimes.info\\\/index.php\\\/2026\\\/09\\\/04\\\/aktakuze-ndaj-35-personave-per-masakren-ne-prekaz\\\/\"},\"author\":{\"name\":\"i l\",\"@id\":\"https:\\\/\\\/kosovatimes.info\\\/#\\\/schema\\\/person\\\/7586712b9c512fe68085de007378c915\"},\"headline\":\"Aktakuz\u00eb ndaj 35 personave p\u00ebr masakr\u00ebn n\u00eb Prekaz\",\"datePublished\":\"2026-09-04T11:45:00+00:00\",\"dateModified\":\"2026-09-04T12:51:36+00:00\",\"mainEntityOfPage\":{\"@id\":\"https:\\\/\\\/kosovatimes.info\\\/index.php\\\/2026\\\/09\\\/04\\\/aktakuze-ndaj-35-personave-per-masakren-ne-prekaz\\\/\"},\"wordCount\":796,\"commentCount\":0,\"image\":{\"@id\":\"https:\\\/\\\/kosovatimes.info\\\/index.php\\\/2026\\\/09\\\/04\\\/aktakuze-ndaj-35-personave-per-masakren-ne-prekaz\\\/#primaryimage\"},\"thumbnailUrl\":\"https:\\\/\\\/kosovatimes.info\\\/wp-content\\\/uploads\\\/2026\\\/09\\\/Masakra.jpg\",\"articleSection\":[\"Kosov\u00eb\",\"Lajme\"],\"inLanguage\":\"en-US\",\"potentialAction\":[{\"@type\":\"CommentAction\",\"name\":\"Comment\",\"target\":[\"https:\\\/\\\/kosovatimes.info\\\/index.php\\\/2026\\\/09\\\/04\\\/aktakuze-ndaj-35-personave-per-masakren-ne-prekaz\\\/#respond\"]}]},{\"@type\":\"WebPage\",\"@id\":\"https:\\\/\\\/kosovatimes.info\\\/index.php\\\/2026\\\/09\\\/04\\\/aktakuze-ndaj-35-personave-per-masakren-ne-prekaz\\\/\",\"url\":\"https:\\\/\\\/kosovatimes.info\\\/index.php\\\/2026\\\/09\\\/04\\\/aktakuze-ndaj-35-personave-per-masakren-ne-prekaz\\\/\",\"name\":\"Aktakuz\u00eb ndaj 35 personave p\u00ebr masakr\u00ebn n\u00eb Prekaz - Kosova Times\",\"isPartOf\":{\"@id\":\"https:\\\/\\\/kosovatimes.info\\\/#website\"},\"primaryImageOfPage\":{\"@id\":\"https:\\\/\\\/kosovatimes.info\\\/index.php\\\/2026\\\/09\\\/04\\\/aktakuze-ndaj-35-personave-per-masakren-ne-prekaz\\\/#primaryimage\"},\"image\":{\"@id\":\"https:\\\/\\\/kosovatimes.info\\\/index.php\\\/2026\\\/09\\\/04\\\/aktakuze-ndaj-35-personave-per-masakren-ne-prekaz\\\/#primaryimage\"},\"thumbnailUrl\":\"https:\\\/\\\/kosovatimes.info\\\/wp-content\\\/uploads\\\/2026\\\/09\\\/Masakra.jpg\",\"datePublished\":\"2026-09-04T11:45:00+00:00\",\"dateModified\":\"2026-09-04T12:51:36+00:00\",\"author\":{\"@id\":\"https:\\\/\\\/kosovatimes.info\\\/#\\\/schema\\\/person\\\/7586712b9c512fe68085de007378c915\"},\"breadcrumb\":{\"@id\":\"https:\\\/\\\/kosovatimes.info\\\/index.php\\\/2026\\\/09\\\/04\\\/aktakuze-ndaj-35-personave-per-masakren-ne-prekaz\\\/#breadcrumb\"},\"inLanguage\":\"en-US\",\"potentialAction\":[{\"@type\":\"ReadAction\",\"target\":[\"https:\\\/\\\/kosovatimes.info\\\/index.php\\\/2026\\\/09\\\/04\\\/aktakuze-ndaj-35-personave-per-masakren-ne-prekaz\\\/\"]}]},{\"@type\":\"ImageObject\",\"inLanguage\":\"en-US\",\"@id\":\"https:\\\/\\\/kosovatimes.info\\\/index.php\\\/2026\\\/09\\\/04\\\/aktakuze-ndaj-35-personave-per-masakren-ne-prekaz\\\/#primaryimage\",\"url\":\"https:\\\/\\\/kosovatimes.info\\\/wp-content\\\/uploads\\\/2026\\\/09\\\/Masakra.jpg\",\"contentUrl\":\"https:\\\/\\\/kosovatimes.info\\\/wp-content\\\/uploads\\\/2026\\\/09\\\/Masakra.jpg\",\"width\":780,\"height\":500},{\"@type\":\"BreadcrumbList\",\"@id\":\"https:\\\/\\\/kosovatimes.info\\\/index.php\\\/2026\\\/09\\\/04\\\/aktakuze-ndaj-35-personave-per-masakren-ne-prekaz\\\/#breadcrumb\",\"itemListElement\":[{\"@type\":\"ListItem\",\"position\":1,\"name\":\"Home\",\"item\":\"https:\\\/\\\/kosovatimes.info\\\/\"},{\"@type\":\"ListItem\",\"position\":2,\"name\":\"Aktakuz\u00eb ndaj 35 personave p\u00ebr masakr\u00ebn n\u00eb Prekaz\"}]},{\"@type\":\"WebSite\",\"@id\":\"https:\\\/\\\/kosovatimes.info\\\/#website\",\"url\":\"https:\\\/\\\/kosovatimes.info\\\/\",\"name\":\"Kosova Times\",\"description\":\"\",\"potentialAction\":[{\"@type\":\"SearchAction\",\"target\":{\"@type\":\"EntryPoint\",\"urlTemplate\":\"https:\\\/\\\/kosovatimes.info\\\/?s={search_term_string}\"},\"query-input\":{\"@type\":\"PropertyValueSpecification\",\"valueRequired\":true,\"valueName\":\"search_term_string\"}}],\"inLanguage\":\"en-US\"},{\"@type\":\"Person\",\"@id\":\"https:\\\/\\\/kosovatimes.info\\\/#\\\/schema\\\/person\\\/7586712b9c512fe68085de007378c915\",\"name\":\"i l\",\"image\":{\"@type\":\"ImageObject\",\"inLanguage\":\"en-US\",\"@id\":\"https:\\\/\\\/secure.gravatar.com\\\/avatar\\\/bad9296e02816160ae2e2435beda58222022298d5625d49fea74d18816fbb31d?s=96&d=mm&r=g\",\"url\":\"https:\\\/\\\/secure.gravatar.com\\\/avatar\\\/bad9296e02816160ae2e2435beda58222022298d5625d49fea74d18816fbb31d?s=96&d=mm&r=g\",\"contentUrl\":\"https:\\\/\\\/secure.gravatar.com\\\/avatar\\\/bad9296e02816160ae2e2435beda58222022298d5625d49fea74d18816fbb31d?s=96&d=mm&r=g\",\"caption\":\"i l\"},\"url\":\"https:\\\/\\\/kosovatimes.info\\\/index.php\\\/author\\\/iliri\\\/\"}]}<\/script>\n<!-- \/ Yoast SEO plugin. -->","yoast_head_json":{"title":"Aktakuz\u00eb ndaj 35 personave p\u00ebr masakr\u00ebn n\u00eb Prekaz - Kosova Times","robots":{"index":"index","follow":"follow","max-snippet":"max-snippet:-1","max-image-preview":"max-image-preview:large","max-video-preview":"max-video-preview:-1"},"canonical":"https:\/\/kosovatimes.info\/index.php\/2026\/09\/04\/aktakuze-ndaj-35-personave-per-masakren-ne-prekaz\/","og_locale":"en_US","og_type":"article","og_title":"Aktakuz\u00eb ndaj 35 personave p\u00ebr masakr\u00ebn n\u00eb Prekaz - Kosova Times","og_description":"Prokuroria Speciale e Republik\u00ebs s\u00eb Kosov\u00ebs ka dor\u00ebzuar aktakuz\u00eb n\u00eb Gjykat\u00ebn Themelore n\u00eb Prishtin\u00eb ndaj 35 personave t\u00eb dyshuar p\u00ebr krime lufte kund\u00ebr popullsis\u00eb civile, lidhur me masakr\u00ebn n\u00eb lagjen e Jasharajve n\u00eb Prekaz, m\u00eb 5, 6 dhe 7 mars t\u00eb vitit 1998. Lajmi \u00ebsht\u00eb b\u00ebr\u00eb i ditur n\u00eb nj\u00eb konferenc\u00eb p\u00ebr media nga kryeprokurori [&hellip;]","og_url":"https:\/\/kosovatimes.info\/index.php\/2026\/09\/04\/aktakuze-ndaj-35-personave-per-masakren-ne-prekaz\/","og_site_name":"Kosova Times","article_published_time":"2026-09-04T11:45:00+00:00","article_modified_time":"2026-09-04T12:51:36+00:00","og_image":[{"width":780,"height":500,"url":"https:\/\/kosovatimes.info\/wp-content\/uploads\/2026\/09\/Masakra.jpg","type":"image\/jpeg"}],"author":"i l","twitter_card":"summary_large_image","twitter_misc":{"Written by":"i l","Est. reading time":"4 minutes"},"schema":{"@context":"https:\/\/schema.org","@graph":[{"@type":"Article","@id":"https:\/\/kosovatimes.info\/index.php\/2026\/09\/04\/aktakuze-ndaj-35-personave-per-masakren-ne-prekaz\/#article","isPartOf":{"@id":"https:\/\/kosovatimes.info\/index.php\/2026\/09\/04\/aktakuze-ndaj-35-personave-per-masakren-ne-prekaz\/"},"author":{"name":"i l","@id":"https:\/\/kosovatimes.info\/#\/schema\/person\/7586712b9c512fe68085de007378c915"},"headline":"Aktakuz\u00eb ndaj 35 personave p\u00ebr masakr\u00ebn n\u00eb Prekaz","datePublished":"2026-09-04T11:45:00+00:00","dateModified":"2026-09-04T12:51:36+00:00","mainEntityOfPage":{"@id":"https:\/\/kosovatimes.info\/index.php\/2026\/09\/04\/aktakuze-ndaj-35-personave-per-masakren-ne-prekaz\/"},"wordCount":796,"commentCount":0,"image":{"@id":"https:\/\/kosovatimes.info\/index.php\/2026\/09\/04\/aktakuze-ndaj-35-personave-per-masakren-ne-prekaz\/#primaryimage"},"thumbnailUrl":"https:\/\/kosovatimes.info\/wp-content\/uploads\/2026\/09\/Masakra.jpg","articleSection":["Kosov\u00eb","Lajme"],"inLanguage":"en-US","potentialAction":[{"@type":"CommentAction","name":"Comment","target":["https:\/\/kosovatimes.info\/index.php\/2026\/09\/04\/aktakuze-ndaj-35-personave-per-masakren-ne-prekaz\/#respond"]}]},{"@type":"WebPage","@id":"https:\/\/kosovatimes.info\/index.php\/2026\/09\/04\/aktakuze-ndaj-35-personave-per-masakren-ne-prekaz\/","url":"https:\/\/kosovatimes.info\/index.php\/2026\/09\/04\/aktakuze-ndaj-35-personave-per-masakren-ne-prekaz\/","name":"Aktakuz\u00eb ndaj 35 personave p\u00ebr masakr\u00ebn n\u00eb Prekaz - Kosova Times","isPartOf":{"@id":"https:\/\/kosovatimes.info\/#website"},"primaryImageOfPage":{"@id":"https:\/\/kosovatimes.info\/index.php\/2026\/09\/04\/aktakuze-ndaj-35-personave-per-masakren-ne-prekaz\/#primaryimage"},"image":{"@id":"https:\/\/kosovatimes.info\/index.php\/2026\/09\/04\/aktakuze-ndaj-35-personave-per-masakren-ne-prekaz\/#primaryimage"},"thumbnailUrl":"https:\/\/kosovatimes.info\/wp-content\/uploads\/2026\/09\/Masakra.jpg","datePublished":"2026-09-04T11:45:00+00:00","dateModified":"2026-09-04T12:51:36+00:00","author":{"@id":"https:\/\/kosovatimes.info\/#\/schema\/person\/7586712b9c512fe68085de007378c915"},"breadcrumb":{"@id":"https:\/\/kosovatimes.info\/index.php\/2026\/09\/04\/aktakuze-ndaj-35-personave-per-masakren-ne-prekaz\/#breadcrumb"},"inLanguage":"en-US","potentialAction":[{"@type":"ReadAction","target":["https:\/\/kosovatimes.info\/index.php\/2026\/09\/04\/aktakuze-ndaj-35-personave-per-masakren-ne-prekaz\/"]}]},{"@type":"ImageObject","inLanguage":"en-US","@id":"https:\/\/kosovatimes.info\/index.php\/2026\/09\/04\/aktakuze-ndaj-35-personave-per-masakren-ne-prekaz\/#primaryimage","url":"https:\/\/kosovatimes.info\/wp-content\/uploads\/2026\/09\/Masakra.jpg","contentUrl":"https:\/\/kosovatimes.info\/wp-content\/uploads\/2026\/09\/Masakra.jpg","width":780,"height":500},{"@type":"BreadcrumbList","@id":"https:\/\/kosovatimes.info\/index.php\/2026\/09\/04\/aktakuze-ndaj-35-personave-per-masakren-ne-prekaz\/#breadcrumb","itemListElement":[{"@type":"ListItem","position":1,"name":"Home","item":"https:\/\/kosovatimes.info\/"},{"@type":"ListItem","position":2,"name":"Aktakuz\u00eb ndaj 35 personave p\u00ebr masakr\u00ebn n\u00eb Prekaz"}]},{"@type":"WebSite","@id":"https:\/\/kosovatimes.info\/#website","url":"https:\/\/kosovatimes.info\/","name":"Kosova Times","description":"","potentialAction":[{"@type":"SearchAction","target":{"@type":"EntryPoint","urlTemplate":"https:\/\/kosovatimes.info\/?s={search_term_string}"},"query-input":{"@type":"PropertyValueSpecification","valueRequired":true,"valueName":"search_term_string"}}],"inLanguage":"en-US"},{"@type":"Person","@id":"https:\/\/kosovatimes.info\/#\/schema\/person\/7586712b9c512fe68085de007378c915","name":"i l","image":{"@type":"ImageObject","inLanguage":"en-US","@id":"https:\/\/secure.gravatar.com\/avatar\/bad9296e02816160ae2e2435beda58222022298d5625d49fea74d18816fbb31d?s=96&d=mm&r=g","url":"https:\/\/secure.gravatar.com\/avatar\/bad9296e02816160ae2e2435beda58222022298d5625d49fea74d18816fbb31d?s=96&d=mm&r=g","contentUrl":"https:\/\/secure.gravatar.com\/avatar\/bad9296e02816160ae2e2435beda58222022298d5625d49fea74d18816fbb31d?s=96&d=mm&r=g","caption":"i l"},"url":"https:\/\/kosovatimes.info\/index.php\/author\/iliri\/"}]}},"_links":{"self":[{"href":"https:\/\/kosovatimes.info\/index.php\/wp-json\/wp\/v2\/posts\/30911","targetHints":{"allow":["GET"]}}],"collection":[{"href":"https:\/\/kosovatimes.info\/index.php\/wp-json\/wp\/v2\/posts"}],"about":[{"href":"https:\/\/kosovatimes.info\/index.php\/wp-json\/wp\/v2\/types\/post"}],"author":[{"embeddable":true,"href":"https:\/\/kosovatimes.info\/index.php\/wp-json\/wp\/v2\/users\/4"}],"replies":[{"embeddable":true,"href":"https:\/\/kosovatimes.info\/index.php\/wp-json\/wp\/v2\/comments?post=30911"}],"version-history":[{"count":1,"href":"https:\/\/kosovatimes.info\/index.php\/wp-json\/wp\/v2\/posts\/30911\/revisions"}],"predecessor-version":[{"id":30913,"href":"https:\/\/kosovatimes.info\/index.php\/wp-json\/wp\/v2\/posts\/30911\/revisions\/30913"}],"wp:featuredmedia":[{"embeddable":true,"href":"https:\/\/kosovatimes.info\/index.php\/wp-json\/wp\/v2\/media\/30912"}],"wp:attachment":[{"href":"https:\/\/kosovatimes.info\/index.php\/wp-json\/wp\/v2\/media?parent=30911"}],"wp:term":[{"taxonomy":"category","embeddable":true,"href":"https:\/\/kosovatimes.info\/index.php\/wp-json\/wp\/v2\/categories?post=30911"},{"taxonomy":"post_tag","embeddable":true,"href":"https:\/\/kosovatimes.info\/index.php\/wp-json\/wp\/v2\/tags?post=30911"}],"curies":[{"name":"wp","href":"https:\/\/api.w.org\/{rel}","templated":true}]}}