{"id":30926,"date":"2026-09-04T11:50:00","date_gmt":"2026-09-04T09:50:00","guid":{"rendered":"https:\/\/kosovatimes.info\/?p=30926"},"modified":"2026-09-04T15:26:27","modified_gmt":"2026-09-04T13:26:27","slug":"a-duhet-te-mbahet-kongresi-i-dyte-i-veterinarise","status":"publish","type":"post","link":"https:\/\/kosovatimes.info\/index.php\/2026\/09\/04\/a-duhet-te-mbahet-kongresi-i-dyte-i-veterinarise\/","title":{"rendered":"A duhet t\u00eb mbahet kongresi i dyt\u00eb i veterinaris\u00eb?"},"content":{"rendered":"\n<p class=\"wp-block-paragraph\"><strong>Shkruan: Ymer HYSA \u2013 Mjek Veteriner, Gazetar<\/strong><\/p>\n\n\n\n<p class=\"wp-block-paragraph\">Edhe pse nuk ka kaluar shum\u00eb koh\u00eb nga p\u00ebrfundimi me sukses i Kongresit t\u00eb Par\u00eb t\u00eb Veterinaris\u00eb Shqiptare, mendoj se ka arsye t\u00eb forta q\u00eb Shqip\u00ebria t\u00eb ket\u00eb edhe nj\u00eb Kongres t\u00eb Dyt\u00eb t\u00eb Veterinaris\u00eb.<\/p>\n\n\n\n<p class=\"wp-block-paragraph\">Kongresi i Par\u00eb ishte nj\u00eb hap i r\u00ebnd\u00ebsish\u00ebm p\u00ebr profesionin veterinar shqiptar. Ai krijoi nj\u00eb hap\u00ebsir\u00eb t\u00eb p\u00ebrbashk\u00ebt ku u takuan mjek\u00ebt veteriner\u00eb, akademik\u00ebt, institucionet dhe ekspert\u00ebt vendas e nd\u00ebrkomb\u00ebtar\u00eb. P\u00ebr nj\u00eb profesion q\u00eb ka nevoj\u00eb t\u00eb jet\u00eb vazhdimisht i lidhur me zhvillimet shkencore dhe praktikat europiane, ky ishte nj\u00eb zhvillim q\u00eb duhet vler\u00ebsuar.<\/p>\n\n\n\n<p class=\"wp-block-paragraph\">Por pik\u00ebrisht suksesi i Kongresit t\u00eb Par\u00eb e rrit p\u00ebrgjegj\u00ebsin\u00eb p\u00ebr Kongresin e Dyt\u00eb dhe Kongresi i Dyt\u00eb nuk duhet t\u00eb jet\u00eb thjesht p\u00ebrs\u00ebritje e Kongresit t\u00eb Par\u00eb. Ai duhet t\u00eb jet\u00eb m\u00eb i arrir\u00eb, m\u00eb konkret dhe mbi t\u00eb gjitha t\u00eb prodhoj\u00eb rezultate.<\/p>\n\n\n\n<p class=\"wp-block-paragraph\">Veterinaria lidhet drejtp\u00ebrdrejt me sh\u00ebndetin publik. Kontrolli i s\u00ebmundjeve zoonotike, siguria e ushqimeve me origjin\u00eb shtazore, p\u00ebrdorimi i barnave veterinare dhe rezistenca ndaj antibiotik\u00ebve jan\u00eb \u00e7\u00ebshtje q\u00eb prekin t\u00eb gjith\u00eb shoq\u00ebrin\u00eb. Vet\u00eb sh\u00ebrbimi veterinar shqiptar ka nd\u00ebr p\u00ebrgjegj\u00ebsit\u00eb kryesore parandalimin dhe kontrollin e s\u00ebmundjeve infektive dhe mbrojtjen nga zoonozat. P\u00ebr k\u00ebt\u00eb arsye, veterinaria ka nevoj\u00eb p\u00ebr p\u00ebrdit\u00ebsim t\u00eb vazhduesh\u00ebm profesional dhe shkencor.<\/p>\n\n\n\n<p class=\"wp-block-paragraph\">Ligji q\u00eb ndjek UPMVSH e ka lidhur prej koh\u00ebsh edukimin e vazhduesh\u00ebm profesional me sistemin e krediteve duke e konsideruar formimin profesional nj\u00eb proces q\u00eb nuk p\u00ebrfundon me diplom\u00ebn universitare.<\/p>\n\n\n\n<p class=\"wp-block-paragraph\">Shqip\u00ebria po p\u00ebrballet edhe me sfida reale epidemiologjike. Gjat\u00eb vitit 2025 pati raste t\u00eb murtaj\u00ebs s\u00eb ruminant\u00ebve t\u00eb vegj\u00ebl, p\u00ebr t\u00eb cilat u miratuan edhe masa dhe d\u00ebmshp\u00ebrblime nga qeveria.<\/p>\n\n\n\n<p class=\"wp-block-paragraph\">Nj\u00eb Kongres i Dyt\u00eb do t\u00eb ishte nj\u00eb mund\u00ebsi e mir\u00eb p\u00ebr t\u00eb analizuar me profesionaliz\u00ebm m\u00ebsimet e nxjerra nga k\u00ebto situata dhe p\u00ebr t\u00eb diskutuar m\u00ebnyrat e p\u00ebrmir\u00ebsimit t\u00eb parandalimit, diagnostikimit dhe reagimit ndaj s\u00ebmundjeve.<\/p>\n\n\n\n<p class=\"wp-block-paragraph\">&nbsp;Por Kongresi nuk duhet t\u00eb kufizohet vet\u00ebm te prezantimet shkencore. N\u00eb shkurt 2026, bashk\u00ebpunimi mes Akademis\u00eb s\u00eb Shkencave dhe Urdhrit Profesional t\u00eb Mjekut Veterinar dhe marr\u00ebveshja e n\u00ebnshkruar mes tyre krijuan nj\u00eb baz\u00eb t\u00eb r\u00ebnd\u00ebsishme p\u00ebr lidhjen m\u00eb t\u00eb ngusht\u00eb t\u00eb k\u00ebrkimit shkencor, formimit profesional dhe praktik\u00ebs veterinare. Kongresi mund t\u00eb jet\u00eb nj\u00eb nga mekanizmat konkret\u00eb p\u00ebr ta kthyer k\u00ebt\u00eb bashk\u00ebpunim n\u00eb projekte, k\u00ebrkime dhe rezultate t\u00eb matshme.<\/p>\n\n\n\n<p class=\"wp-block-paragraph\">Po k\u00ebshtu, p\u00ebrafrimi i Sh\u00ebrbimit Veterinar Shqiptar me standardet europiane dhe harmonizimi i legjislacionit veterinar me at\u00eb t\u00eb Bashkimit Europian k\u00ebrkojn\u00eb nj\u00eb debat profesional m\u00eb t\u00eb thell\u00eb. Pjes\u00ebmarrja e ekspert\u00ebve shqiptar\u00eb dhe nd\u00ebrkomb\u00ebtar\u00eb mund t\u00eb sjell\u00eb n\u00eb Kongres praktikat dhe standardet europiane, jo vet\u00ebm si teori, por si modele konkrete q\u00eb mund t\u00eb p\u00ebrshtaten dhe zbatohen n\u00eb Shqip\u00ebri.<\/p>\n\n\n\n<p class=\"wp-block-paragraph\">Nj\u00eb Kongres i p\u00ebrbashk\u00ebt ku t\u00eb jen\u00eb t\u00eb pranish\u00ebm UPMVSH, FMV, AKVMB, ISUV, institucionet k\u00ebrkimore, universitetet dhe veteriner\u00ebt praktik\u00eb, do t\u00eb krijonte nj\u00eb hap\u00ebsir\u00eb t\u00eb r\u00ebnd\u00ebsishme p\u00ebr t\u00eb diskutuar problemet reale t\u00eb profesionit dhe p\u00ebr t\u00eb k\u00ebrkuar zgjidhje t\u00eb p\u00ebrbashk\u00ebta.<\/p>\n\n\n\n<p class=\"wp-block-paragraph\">Por k\u00ebtu q\u00ebndron edhe sfida e Kongresit t\u00eb Dyt\u00eb.<\/p>\n\n\n\n<p class=\"wp-block-paragraph\">N\u00ebse Kongresi i Par\u00eb ishte kryesisht nj\u00eb hap p\u00ebr t\u00eb bashkuar profesionin dhe p\u00ebr t\u00eb shk\u00ebmbyer dije, Kongresi i Dyt\u00eb duhet t\u00eb jet\u00eb nj\u00eb hap p\u00ebr t\u00eb vendosur drejtimin e profesionit.<\/p>\n\n\n\n<p class=\"wp-block-paragraph\">Nuk mjafton q\u00eb t\u00eb kemi s\u00ebrish shum\u00eb referime, shum\u00eb specialist\u00eb dhe shum\u00eb diskutime. N\u00eb fund t\u00eb Kongresit duhet t\u00eb kemi konkluzione konkrete, rekomandime, objektiva dhe, aty ku \u00ebsht\u00eb e mundur, vendime t\u00eb p\u00ebrbashk\u00ebta institucionale.<\/p>\n\n\n\n<p class=\"wp-block-paragraph\">Duhet t\u00eb flasim p\u00ebr t\u00eb ardhmen e sh\u00ebrbimit veterinar, p\u00ebr edukimin dhe specializimin e veteriner\u00ebve, diagnostikimin laboratorik, antibiotiko-rezistenc\u00ebn, zoonozat, mir\u00ebqenien e kafsh\u00ebve, sigurin\u00eb ushqimore, barnat veterinare, digjitalizimin dhe rolin q\u00eb duhet t\u00eb ket\u00eb mjeku veteriner n\u00eb nj\u00eb Shqip\u00ebri europiane.<\/p>\n\n\n\n<p class=\"wp-block-paragraph\">Mbi t\u00eb gjitha, Kongresi i Dyt\u00eb duhet t\u00eb p\u00ebrfundoj\u00eb me nj\u00eb agjend\u00eb komb\u00ebtare p\u00ebr veterinarin\u00eb shqiptare: \u00e7far\u00eb duhet t\u00eb ndryshoj\u00eb, kush duhet ta b\u00ebj\u00eb, brenda \u00e7far\u00eb afati dhe cilat duhet t\u00eb jen\u00eb objektivat p\u00ebr vitet e ardhshme. Sepse mjeku veteriner nuk \u00ebsht\u00eb vet\u00ebm \u201cmjeku i kafsh\u00ebve\u201d. Ai \u00ebsht\u00eb nj\u00eb profesionist q\u00eb ka rol t\u00eb drejtp\u00ebrdrejt\u00eb n\u00eb sh\u00ebndetin publik, sigurin\u00eb ushqimore, mir\u00ebqenien e kafsh\u00ebve dhe ekonomin\u00eb bujq\u00ebsore.<\/p>\n\n\n\n<p class=\"wp-block-paragraph\">Sipas eksperienc\u00ebs time prej kat\u00ebr dekadash, mendoj se Kongresi i Dyt\u00eb i Veterinaris\u00eb n\u00eb Shqip\u00ebri duhet t\u00eb mbahet. Por ai duhet t\u00eb jet\u00eb m\u00eb i mir\u00eb se i pari, jo thjesht n\u00eb organizim, por n\u00eb p\u00ebrmbajtje dhe n\u00eb rezultat.<\/p>\n\n\n\n<p class=\"wp-block-paragraph\">Kongresi i Par\u00eb tregoi se veterinaria shqiptare mund t\u00eb bashkohet rreth shkenc\u00ebs dhe profesionit. Kongresi i Dyt\u00eb duhet t\u00eb tregoj\u00eb se veterinaria shqiptare di t\u00eb p\u00ebrcaktoj\u00eb edhe t\u00eb ardhmen e saj.<\/p>\n\n\n\n<p class=\"wp-block-paragraph\">Prandaj, Kongresi i Dyt\u00eb nuk duhet par\u00eb thjesht si nj\u00eb aktivitet i radh\u00ebs. Ai duhet t\u00eb jet\u00eb nj\u00eb forum komb\u00ebtar ku shkenca, praktika profesionale dhe institucionet jo vet\u00ebm t\u00eb diskutojn\u00eb, por t\u00eb vendosin objektiva dhe t\u00eb marrin p\u00ebrgjegj\u00ebsi p\u00ebr t\u00eb ardhmen e veterinaris\u00eb shqiptare.<\/p>\n\n\n\n<p class=\"wp-block-paragraph\">Ky do t\u00eb ishte edhe suksesi i v\u00ebrtet\u00eb i Kongresit t\u00eb Dyt\u00eb.<\/p>\n\n\n\n<iframe loading=\"lazy\" src=\"https:\/\/www.facebook.com\/plugins\/post.php?href=https%3A%2F%2Fwww.facebook.com%2Fimer.hysa.5%2Fposts%2Fpfbid04YVReuBeyyLtgfGNHX4ez6qAFkWR56mWi35Ym6NMx6G5S6eKCGJcSt8MVeqv8VK3l&#038;show_text=true&#038;width=500\" width=\"500\" height=\"607\" style=\"border:none;overflow:hidden\" scrolling=\"no\" frameborder=\"0\" allowfullscreen=\"true\" allow=\"autoplay; clipboard-write; encrypted-media; picture-in-picture; web-share\"><\/iframe>\n","protected":false},"excerpt":{"rendered":"<p>Shkruan: Ymer HYSA \u2013 Mjek Veteriner, Gazetar Edhe pse nuk ka kaluar shum\u00eb koh\u00eb nga p\u00ebrfundimi me sukses i Kongresit t\u00eb Par\u00eb t\u00eb Veterinaris\u00eb Shqiptare, mendoj se ka arsye t\u00eb forta q\u00eb Shqip\u00ebria t\u00eb ket\u00eb edhe nj\u00eb Kongres t\u00eb Dyt\u00eb t\u00eb Veterinaris\u00eb. Kongresi i Par\u00eb ishte nj\u00eb hap i r\u00ebnd\u00ebsish\u00ebm p\u00ebr profesionin veterinar shqiptar. Ai [&hellip;]<\/p>\n","protected":false},"author":4,"featured_media":30928,"comment_status":"open","ping_status":"open","sticky":false,"template":"","format":"standard","meta":{"footnotes":""},"categories":[37],"tags":[],"class_list":["post-30926","post","type-post","status-publish","format-standard","has-post-thumbnail","category-ekonomi"],"yoast_head":"<!-- This site is optimized with the Yoast SEO plugin v27.4 - https:\/\/yoast.com\/product\/yoast-seo-wordpress\/ -->\n<title>A duhet t\u00eb mbahet kongresi i dyt\u00eb i veterinaris\u00eb? - Kosova Times<\/title>\n<meta name=\"robots\" content=\"index, follow, max-snippet:-1, max-image-preview:large, max-video-preview:-1\" \/>\n<link rel=\"canonical\" href=\"https:\/\/kosovatimes.info\/index.php\/2026\/09\/04\/a-duhet-te-mbahet-kongresi-i-dyte-i-veterinarise\/\" \/>\n<meta property=\"og:locale\" content=\"en_US\" \/>\n<meta property=\"og:type\" content=\"article\" \/>\n<meta property=\"og:title\" content=\"A duhet t\u00eb mbahet kongresi i dyt\u00eb i veterinaris\u00eb? - Kosova Times\" \/>\n<meta property=\"og:description\" content=\"Shkruan: Ymer HYSA \u2013 Mjek Veteriner, Gazetar Edhe pse nuk ka kaluar shum\u00eb koh\u00eb nga p\u00ebrfundimi me sukses i Kongresit t\u00eb Par\u00eb t\u00eb Veterinaris\u00eb Shqiptare, mendoj se ka arsye t\u00eb forta q\u00eb Shqip\u00ebria t\u00eb ket\u00eb edhe nj\u00eb Kongres t\u00eb Dyt\u00eb t\u00eb Veterinaris\u00eb. Kongresi i Par\u00eb ishte nj\u00eb hap i r\u00ebnd\u00ebsish\u00ebm p\u00ebr profesionin veterinar shqiptar. Ai [&hellip;]\" \/>\n<meta property=\"og:url\" content=\"https:\/\/kosovatimes.info\/index.php\/2026\/09\/04\/a-duhet-te-mbahet-kongresi-i-dyte-i-veterinarise\/\" \/>\n<meta property=\"og:site_name\" content=\"Kosova Times\" \/>\n<meta property=\"article:published_time\" content=\"2026-09-04T09:50:00+00:00\" \/>\n<meta property=\"article:modified_time\" content=\"2026-09-04T13:26:27+00:00\" \/>\n<meta property=\"og:image\" content=\"https:\/\/kosovatimes.info\/wp-content\/uploads\/2026\/09\/veterinari.jpeg\" \/>\n\t<meta property=\"og:image:width\" content=\"738\" \/>\n\t<meta property=\"og:image:height\" content=\"414\" \/>\n\t<meta property=\"og:image:type\" content=\"image\/jpeg\" \/>\n<meta name=\"author\" content=\"i l\" \/>\n<meta name=\"twitter:card\" content=\"summary_large_image\" \/>\n<meta name=\"twitter:label1\" content=\"Written by\" \/>\n\t<meta name=\"twitter:data1\" content=\"i l\" \/>\n\t<meta name=\"twitter:label2\" content=\"Est. reading time\" \/>\n\t<meta name=\"twitter:data2\" content=\"4 minutes\" \/>\n<script type=\"application\/ld+json\" class=\"yoast-schema-graph\">{\"@context\":\"https:\\\/\\\/schema.org\",\"@graph\":[{\"@type\":\"Article\",\"@id\":\"https:\\\/\\\/kosovatimes.info\\\/index.php\\\/2026\\\/09\\\/04\\\/a-duhet-te-mbahet-kongresi-i-dyte-i-veterinarise\\\/#article\",\"isPartOf\":{\"@id\":\"https:\\\/\\\/kosovatimes.info\\\/index.php\\\/2026\\\/09\\\/04\\\/a-duhet-te-mbahet-kongresi-i-dyte-i-veterinarise\\\/\"},\"author\":{\"name\":\"i l\",\"@id\":\"https:\\\/\\\/kosovatimes.info\\\/#\\\/schema\\\/person\\\/7586712b9c512fe68085de007378c915\"},\"headline\":\"A duhet t\u00eb mbahet kongresi i dyt\u00eb i veterinaris\u00eb?\",\"datePublished\":\"2026-09-04T09:50:00+00:00\",\"dateModified\":\"2026-09-04T13:26:27+00:00\",\"mainEntityOfPage\":{\"@id\":\"https:\\\/\\\/kosovatimes.info\\\/index.php\\\/2026\\\/09\\\/04\\\/a-duhet-te-mbahet-kongresi-i-dyte-i-veterinarise\\\/\"},\"wordCount\":917,\"commentCount\":0,\"image\":{\"@id\":\"https:\\\/\\\/kosovatimes.info\\\/index.php\\\/2026\\\/09\\\/04\\\/a-duhet-te-mbahet-kongresi-i-dyte-i-veterinarise\\\/#primaryimage\"},\"thumbnailUrl\":\"https:\\\/\\\/kosovatimes.info\\\/wp-content\\\/uploads\\\/2026\\\/09\\\/veterinari.jpeg\",\"articleSection\":[\"Ekonomi\"],\"inLanguage\":\"en-US\",\"potentialAction\":[{\"@type\":\"CommentAction\",\"name\":\"Comment\",\"target\":[\"https:\\\/\\\/kosovatimes.info\\\/index.php\\\/2026\\\/09\\\/04\\\/a-duhet-te-mbahet-kongresi-i-dyte-i-veterinarise\\\/#respond\"]}]},{\"@type\":\"WebPage\",\"@id\":\"https:\\\/\\\/kosovatimes.info\\\/index.php\\\/2026\\\/09\\\/04\\\/a-duhet-te-mbahet-kongresi-i-dyte-i-veterinarise\\\/\",\"url\":\"https:\\\/\\\/kosovatimes.info\\\/index.php\\\/2026\\\/09\\\/04\\\/a-duhet-te-mbahet-kongresi-i-dyte-i-veterinarise\\\/\",\"name\":\"A duhet t\u00eb mbahet kongresi i dyt\u00eb i veterinaris\u00eb? - Kosova Times\",\"isPartOf\":{\"@id\":\"https:\\\/\\\/kosovatimes.info\\\/#website\"},\"primaryImageOfPage\":{\"@id\":\"https:\\\/\\\/kosovatimes.info\\\/index.php\\\/2026\\\/09\\\/04\\\/a-duhet-te-mbahet-kongresi-i-dyte-i-veterinarise\\\/#primaryimage\"},\"image\":{\"@id\":\"https:\\\/\\\/kosovatimes.info\\\/index.php\\\/2026\\\/09\\\/04\\\/a-duhet-te-mbahet-kongresi-i-dyte-i-veterinarise\\\/#primaryimage\"},\"thumbnailUrl\":\"https:\\\/\\\/kosovatimes.info\\\/wp-content\\\/uploads\\\/2026\\\/09\\\/veterinari.jpeg\",\"datePublished\":\"2026-09-04T09:50:00+00:00\",\"dateModified\":\"2026-09-04T13:26:27+00:00\",\"author\":{\"@id\":\"https:\\\/\\\/kosovatimes.info\\\/#\\\/schema\\\/person\\\/7586712b9c512fe68085de007378c915\"},\"breadcrumb\":{\"@id\":\"https:\\\/\\\/kosovatimes.info\\\/index.php\\\/2026\\\/09\\\/04\\\/a-duhet-te-mbahet-kongresi-i-dyte-i-veterinarise\\\/#breadcrumb\"},\"inLanguage\":\"en-US\",\"potentialAction\":[{\"@type\":\"ReadAction\",\"target\":[\"https:\\\/\\\/kosovatimes.info\\\/index.php\\\/2026\\\/09\\\/04\\\/a-duhet-te-mbahet-kongresi-i-dyte-i-veterinarise\\\/\"]}]},{\"@type\":\"ImageObject\",\"inLanguage\":\"en-US\",\"@id\":\"https:\\\/\\\/kosovatimes.info\\\/index.php\\\/2026\\\/09\\\/04\\\/a-duhet-te-mbahet-kongresi-i-dyte-i-veterinarise\\\/#primaryimage\",\"url\":\"https:\\\/\\\/kosovatimes.info\\\/wp-content\\\/uploads\\\/2026\\\/09\\\/veterinari.jpeg\",\"contentUrl\":\"https:\\\/\\\/kosovatimes.info\\\/wp-content\\\/uploads\\\/2026\\\/09\\\/veterinari.jpeg\",\"width\":738,\"height\":414},{\"@type\":\"BreadcrumbList\",\"@id\":\"https:\\\/\\\/kosovatimes.info\\\/index.php\\\/2026\\\/09\\\/04\\\/a-duhet-te-mbahet-kongresi-i-dyte-i-veterinarise\\\/#breadcrumb\",\"itemListElement\":[{\"@type\":\"ListItem\",\"position\":1,\"name\":\"Home\",\"item\":\"https:\\\/\\\/kosovatimes.info\\\/\"},{\"@type\":\"ListItem\",\"position\":2,\"name\":\"A duhet t\u00eb mbahet kongresi i dyt\u00eb i veterinaris\u00eb?\"}]},{\"@type\":\"WebSite\",\"@id\":\"https:\\\/\\\/kosovatimes.info\\\/#website\",\"url\":\"https:\\\/\\\/kosovatimes.info\\\/\",\"name\":\"Kosova Times\",\"description\":\"\",\"potentialAction\":[{\"@type\":\"SearchAction\",\"target\":{\"@type\":\"EntryPoint\",\"urlTemplate\":\"https:\\\/\\\/kosovatimes.info\\\/?s={search_term_string}\"},\"query-input\":{\"@type\":\"PropertyValueSpecification\",\"valueRequired\":true,\"valueName\":\"search_term_string\"}}],\"inLanguage\":\"en-US\"},{\"@type\":\"Person\",\"@id\":\"https:\\\/\\\/kosovatimes.info\\\/#\\\/schema\\\/person\\\/7586712b9c512fe68085de007378c915\",\"name\":\"i l\",\"image\":{\"@type\":\"ImageObject\",\"inLanguage\":\"en-US\",\"@id\":\"https:\\\/\\\/secure.gravatar.com\\\/avatar\\\/bad9296e02816160ae2e2435beda58222022298d5625d49fea74d18816fbb31d?s=96&d=mm&r=g\",\"url\":\"https:\\\/\\\/secure.gravatar.com\\\/avatar\\\/bad9296e02816160ae2e2435beda58222022298d5625d49fea74d18816fbb31d?s=96&d=mm&r=g\",\"contentUrl\":\"https:\\\/\\\/secure.gravatar.com\\\/avatar\\\/bad9296e02816160ae2e2435beda58222022298d5625d49fea74d18816fbb31d?s=96&d=mm&r=g\",\"caption\":\"i l\"},\"url\":\"https:\\\/\\\/kosovatimes.info\\\/index.php\\\/author\\\/iliri\\\/\"}]}<\/script>\n<!-- \/ Yoast SEO plugin. -->","yoast_head_json":{"title":"A duhet t\u00eb mbahet kongresi i dyt\u00eb i veterinaris\u00eb? - Kosova Times","robots":{"index":"index","follow":"follow","max-snippet":"max-snippet:-1","max-image-preview":"max-image-preview:large","max-video-preview":"max-video-preview:-1"},"canonical":"https:\/\/kosovatimes.info\/index.php\/2026\/09\/04\/a-duhet-te-mbahet-kongresi-i-dyte-i-veterinarise\/","og_locale":"en_US","og_type":"article","og_title":"A duhet t\u00eb mbahet kongresi i dyt\u00eb i veterinaris\u00eb? - Kosova Times","og_description":"Shkruan: Ymer HYSA \u2013 Mjek Veteriner, Gazetar Edhe pse nuk ka kaluar shum\u00eb koh\u00eb nga p\u00ebrfundimi me sukses i Kongresit t\u00eb Par\u00eb t\u00eb Veterinaris\u00eb Shqiptare, mendoj se ka arsye t\u00eb forta q\u00eb Shqip\u00ebria t\u00eb ket\u00eb edhe nj\u00eb Kongres t\u00eb Dyt\u00eb t\u00eb Veterinaris\u00eb. Kongresi i Par\u00eb ishte nj\u00eb hap i r\u00ebnd\u00ebsish\u00ebm p\u00ebr profesionin veterinar shqiptar. Ai [&hellip;]","og_url":"https:\/\/kosovatimes.info\/index.php\/2026\/09\/04\/a-duhet-te-mbahet-kongresi-i-dyte-i-veterinarise\/","og_site_name":"Kosova Times","article_published_time":"2026-09-04T09:50:00+00:00","article_modified_time":"2026-09-04T13:26:27+00:00","og_image":[{"width":738,"height":414,"url":"https:\/\/kosovatimes.info\/wp-content\/uploads\/2026\/09\/veterinari.jpeg","type":"image\/jpeg"}],"author":"i l","twitter_card":"summary_large_image","twitter_misc":{"Written by":"i l","Est. reading time":"4 minutes"},"schema":{"@context":"https:\/\/schema.org","@graph":[{"@type":"Article","@id":"https:\/\/kosovatimes.info\/index.php\/2026\/09\/04\/a-duhet-te-mbahet-kongresi-i-dyte-i-veterinarise\/#article","isPartOf":{"@id":"https:\/\/kosovatimes.info\/index.php\/2026\/09\/04\/a-duhet-te-mbahet-kongresi-i-dyte-i-veterinarise\/"},"author":{"name":"i l","@id":"https:\/\/kosovatimes.info\/#\/schema\/person\/7586712b9c512fe68085de007378c915"},"headline":"A duhet t\u00eb mbahet kongresi i dyt\u00eb i veterinaris\u00eb?","datePublished":"2026-09-04T09:50:00+00:00","dateModified":"2026-09-04T13:26:27+00:00","mainEntityOfPage":{"@id":"https:\/\/kosovatimes.info\/index.php\/2026\/09\/04\/a-duhet-te-mbahet-kongresi-i-dyte-i-veterinarise\/"},"wordCount":917,"commentCount":0,"image":{"@id":"https:\/\/kosovatimes.info\/index.php\/2026\/09\/04\/a-duhet-te-mbahet-kongresi-i-dyte-i-veterinarise\/#primaryimage"},"thumbnailUrl":"https:\/\/kosovatimes.info\/wp-content\/uploads\/2026\/09\/veterinari.jpeg","articleSection":["Ekonomi"],"inLanguage":"en-US","potentialAction":[{"@type":"CommentAction","name":"Comment","target":["https:\/\/kosovatimes.info\/index.php\/2026\/09\/04\/a-duhet-te-mbahet-kongresi-i-dyte-i-veterinarise\/#respond"]}]},{"@type":"WebPage","@id":"https:\/\/kosovatimes.info\/index.php\/2026\/09\/04\/a-duhet-te-mbahet-kongresi-i-dyte-i-veterinarise\/","url":"https:\/\/kosovatimes.info\/index.php\/2026\/09\/04\/a-duhet-te-mbahet-kongresi-i-dyte-i-veterinarise\/","name":"A duhet t\u00eb mbahet kongresi i dyt\u00eb i veterinaris\u00eb? - Kosova Times","isPartOf":{"@id":"https:\/\/kosovatimes.info\/#website"},"primaryImageOfPage":{"@id":"https:\/\/kosovatimes.info\/index.php\/2026\/09\/04\/a-duhet-te-mbahet-kongresi-i-dyte-i-veterinarise\/#primaryimage"},"image":{"@id":"https:\/\/kosovatimes.info\/index.php\/2026\/09\/04\/a-duhet-te-mbahet-kongresi-i-dyte-i-veterinarise\/#primaryimage"},"thumbnailUrl":"https:\/\/kosovatimes.info\/wp-content\/uploads\/2026\/09\/veterinari.jpeg","datePublished":"2026-09-04T09:50:00+00:00","dateModified":"2026-09-04T13:26:27+00:00","author":{"@id":"https:\/\/kosovatimes.info\/#\/schema\/person\/7586712b9c512fe68085de007378c915"},"breadcrumb":{"@id":"https:\/\/kosovatimes.info\/index.php\/2026\/09\/04\/a-duhet-te-mbahet-kongresi-i-dyte-i-veterinarise\/#breadcrumb"},"inLanguage":"en-US","potentialAction":[{"@type":"ReadAction","target":["https:\/\/kosovatimes.info\/index.php\/2026\/09\/04\/a-duhet-te-mbahet-kongresi-i-dyte-i-veterinarise\/"]}]},{"@type":"ImageObject","inLanguage":"en-US","@id":"https:\/\/kosovatimes.info\/index.php\/2026\/09\/04\/a-duhet-te-mbahet-kongresi-i-dyte-i-veterinarise\/#primaryimage","url":"https:\/\/kosovatimes.info\/wp-content\/uploads\/2026\/09\/veterinari.jpeg","contentUrl":"https:\/\/kosovatimes.info\/wp-content\/uploads\/2026\/09\/veterinari.jpeg","width":738,"height":414},{"@type":"BreadcrumbList","@id":"https:\/\/kosovatimes.info\/index.php\/2026\/09\/04\/a-duhet-te-mbahet-kongresi-i-dyte-i-veterinarise\/#breadcrumb","itemListElement":[{"@type":"ListItem","position":1,"name":"Home","item":"https:\/\/kosovatimes.info\/"},{"@type":"ListItem","position":2,"name":"A duhet t\u00eb mbahet kongresi i dyt\u00eb i veterinaris\u00eb?"}]},{"@type":"WebSite","@id":"https:\/\/kosovatimes.info\/#website","url":"https:\/\/kosovatimes.info\/","name":"Kosova Times","description":"","potentialAction":[{"@type":"SearchAction","target":{"@type":"EntryPoint","urlTemplate":"https:\/\/kosovatimes.info\/?s={search_term_string}"},"query-input":{"@type":"PropertyValueSpecification","valueRequired":true,"valueName":"search_term_string"}}],"inLanguage":"en-US"},{"@type":"Person","@id":"https:\/\/kosovatimes.info\/#\/schema\/person\/7586712b9c512fe68085de007378c915","name":"i l","image":{"@type":"ImageObject","inLanguage":"en-US","@id":"https:\/\/secure.gravatar.com\/avatar\/bad9296e02816160ae2e2435beda58222022298d5625d49fea74d18816fbb31d?s=96&d=mm&r=g","url":"https:\/\/secure.gravatar.com\/avatar\/bad9296e02816160ae2e2435beda58222022298d5625d49fea74d18816fbb31d?s=96&d=mm&r=g","contentUrl":"https:\/\/secure.gravatar.com\/avatar\/bad9296e02816160ae2e2435beda58222022298d5625d49fea74d18816fbb31d?s=96&d=mm&r=g","caption":"i l"},"url":"https:\/\/kosovatimes.info\/index.php\/author\/iliri\/"}]}},"_links":{"self":[{"href":"https:\/\/kosovatimes.info\/index.php\/wp-json\/wp\/v2\/posts\/30926","targetHints":{"allow":["GET"]}}],"collection":[{"href":"https:\/\/kosovatimes.info\/index.php\/wp-json\/wp\/v2\/posts"}],"about":[{"href":"https:\/\/kosovatimes.info\/index.php\/wp-json\/wp\/v2\/types\/post"}],"author":[{"embeddable":true,"href":"https:\/\/kosovatimes.info\/index.php\/wp-json\/wp\/v2\/users\/4"}],"replies":[{"embeddable":true,"href":"https:\/\/kosovatimes.info\/index.php\/wp-json\/wp\/v2\/comments?post=30926"}],"version-history":[{"count":1,"href":"https:\/\/kosovatimes.info\/index.php\/wp-json\/wp\/v2\/posts\/30926\/revisions"}],"predecessor-version":[{"id":30927,"href":"https:\/\/kosovatimes.info\/index.php\/wp-json\/wp\/v2\/posts\/30926\/revisions\/30927"}],"wp:featuredmedia":[{"embeddable":true,"href":"https:\/\/kosovatimes.info\/index.php\/wp-json\/wp\/v2\/media\/30928"}],"wp:attachment":[{"href":"https:\/\/kosovatimes.info\/index.php\/wp-json\/wp\/v2\/media?parent=30926"}],"wp:term":[{"taxonomy":"category","embeddable":true,"href":"https:\/\/kosovatimes.info\/index.php\/wp-json\/wp\/v2\/categories?post=30926"},{"taxonomy":"post_tag","embeddable":true,"href":"https:\/\/kosovatimes.info\/index.php\/wp-json\/wp\/v2\/tags?post=30926"}],"curies":[{"name":"wp","href":"https:\/\/api.w.org\/{rel}","templated":true}]}}