{"id":30931,"date":"2026-09-04T15:29:00","date_gmt":"2026-09-04T13:29:00","guid":{"rendered":"https:\/\/kosovatimes.info\/?p=30931"},"modified":"2026-09-04T16:35:19","modified_gmt":"2026-09-04T14:35:19","slug":"marta-kos-anulon-viziten-ne-serbi-pas-glorifikimit-te-ratko-mlladiqit","status":"publish","type":"post","link":"https:\/\/kosovatimes.info\/index.php\/2026\/09\/04\/marta-kos-anulon-viziten-ne-serbi-pas-glorifikimit-te-ratko-mlladiqit\/","title":{"rendered":"Marta Kos anulon vizit\u00ebn n\u00eb Serbi pas glorifikimit t\u00eb Ratko Mlladiqit"},"content":{"rendered":"\n<p class=\"wp-block-paragraph\"><strong>Komisionerja e Bashkimit Evropian p\u00ebr Zgjerim, Marta Kos, ka njoftuar se ka vendosur t\u00eb mos e realizoj\u00eb vizit\u00ebn e planifikuar n\u00eb Serbi, duke e lidhur vendimin me reagimet dhe glorifikimin e ish-komandantit serb t\u00eb ushtris\u00eb s\u00eb Republika Srpskas, Ratko Mlladiq.<\/strong><\/p>\n\n\n\n<p class=\"wp-block-paragraph\">N\u00eb nj\u00eb postim n\u00eb rrjetin social X, Kos ka theksuar se Mlladiqi \u00ebsht\u00eb d\u00ebnuar p\u00ebr gjenocid, krime kund\u00ebr njer\u00ebzimit dhe krime lufte.<\/p>\n\n\n\n<p class=\"wp-block-paragraph\">\u201cKthimi i mbetjeve t\u00eb tij n\u00eb Beograd i kujton Evrop\u00ebs faqet m\u00eb t\u00eb err\u00ebta t\u00eb historis\u00eb son\u00eb t\u00eb af\u00ebrt\u201d, ka shkruar Kos.<\/p>\n\n\n\n<p class=\"wp-block-paragraph\">Ajo ka kritikuar edhe glorifikimin e Mlladiqit pas vdekjes, duke vler\u00ebsuar se nj\u00eb qasje e till\u00eb \u00ebsht\u00eb n\u00eb kund\u00ebrshtim me vlerat mbi t\u00eb cilat nd\u00ebrtohet rruga drejt Bashkimit Evropian.<\/p>\n\n\n\n<p class=\"wp-block-paragraph\">\u201cGlorifikimi q\u00eb rrethon vdekjen e tij \u00ebsht\u00eb i papajtuesh\u00ebm me vlerat mbi t\u00eb cilat \u00ebsht\u00eb nd\u00ebrtuar rruga drejt BE-s\u00eb\u201d, ka deklaruar Kos.<\/p>\n\n\n\n<p class=\"wp-block-paragraph\">Sipas saj, procesi i integrimit evropian k\u00ebrkon p\u00ebrballje me t\u00eb kaluar\u00ebn, pajtim t\u00eb sinqert\u00eb dhe respektim t\u00eb viktimave t\u00eb krimeve t\u00eb luft\u00ebs.<\/p>\n\n\n\n<p class=\"wp-block-paragraph\">\u201cVlerat q\u00eb q\u00ebndrojn\u00eb n\u00eb themel t\u00eb s\u00eb ardhmes son\u00eb t\u00eb p\u00ebrbashk\u00ebt nuk jan\u00eb t\u00eb negociueshme\u201d, ka theksuar ajo. N\u00eb k\u00ebt\u00eb kontekst, kam vendosur t\u00eb mos vazhdoj me vizit\u00ebn time t\u00eb planifikuar n\u00eb Serbi n\u00eb k\u00ebt\u00eb koh\u00eb\u201d, ka shkruar Kos.<\/p>\n","protected":false},"excerpt":{"rendered":"<p>Komisionerja e Bashkimit Evropian p\u00ebr Zgjerim, Marta Kos, ka njoftuar se ka vendosur t\u00eb mos e realizoj\u00eb vizit\u00ebn e planifikuar n\u00eb Serbi, duke e lidhur vendimin me reagimet dhe glorifikimin e ish-komandantit serb t\u00eb ushtris\u00eb s\u00eb Republika Srpskas, Ratko Mlladiq. N\u00eb nj\u00eb postim n\u00eb rrjetin social X, Kos ka theksuar se Mlladiqi \u00ebsht\u00eb d\u00ebnuar p\u00ebr [&hellip;]<\/p>\n","protected":false},"author":4,"featured_media":30932,"comment_status":"open","ping_status":"open","sticky":false,"template":"","format":"standard","meta":{"footnotes":""},"categories":[30,32],"tags":[],"class_list":["post-30931","post","type-post","status-publish","format-standard","has-post-thumbnail","category-lajme","category-rajon"],"yoast_head":"<!-- This site is optimized with the Yoast SEO plugin v27.4 - https:\/\/yoast.com\/product\/yoast-seo-wordpress\/ -->\n<title>Marta Kos anulon vizit\u00ebn n\u00eb Serbi pas glorifikimit t\u00eb Ratko Mlladiqit - Kosova Times<\/title>\n<meta name=\"robots\" content=\"index, follow, max-snippet:-1, max-image-preview:large, max-video-preview:-1\" \/>\n<link rel=\"canonical\" href=\"https:\/\/kosovatimes.info\/index.php\/2026\/09\/04\/marta-kos-anulon-viziten-ne-serbi-pas-glorifikimit-te-ratko-mlladiqit\/\" \/>\n<meta property=\"og:locale\" content=\"en_US\" \/>\n<meta property=\"og:type\" content=\"article\" \/>\n<meta property=\"og:title\" content=\"Marta Kos anulon vizit\u00ebn n\u00eb Serbi pas glorifikimit t\u00eb Ratko Mlladiqit - Kosova Times\" \/>\n<meta property=\"og:description\" content=\"Komisionerja e Bashkimit Evropian p\u00ebr Zgjerim, Marta Kos, ka njoftuar se ka vendosur t\u00eb mos e realizoj\u00eb vizit\u00ebn e planifikuar n\u00eb Serbi, duke e lidhur vendimin me reagimet dhe glorifikimin e ish-komandantit serb t\u00eb ushtris\u00eb s\u00eb Republika Srpskas, Ratko Mlladiq. N\u00eb nj\u00eb postim n\u00eb rrjetin social X, Kos ka theksuar se Mlladiqi \u00ebsht\u00eb d\u00ebnuar p\u00ebr [&hellip;]\" \/>\n<meta property=\"og:url\" content=\"https:\/\/kosovatimes.info\/index.php\/2026\/09\/04\/marta-kos-anulon-viziten-ne-serbi-pas-glorifikimit-te-ratko-mlladiqit\/\" \/>\n<meta property=\"og:site_name\" content=\"Kosova Times\" \/>\n<meta property=\"article:published_time\" content=\"2026-09-04T13:29:00+00:00\" \/>\n<meta property=\"article:modified_time\" content=\"2026-09-04T14:35:19+00:00\" \/>\n<meta property=\"og:image\" content=\"https:\/\/kosovatimes.info\/wp-content\/uploads\/2026\/09\/kos.jpg\" \/>\n\t<meta property=\"og:image:width\" content=\"780\" \/>\n\t<meta property=\"og:image:height\" content=\"500\" \/>\n\t<meta property=\"og:image:type\" content=\"image\/jpeg\" \/>\n<meta name=\"author\" content=\"i l\" \/>\n<meta name=\"twitter:card\" content=\"summary_large_image\" \/>\n<meta name=\"twitter:label1\" content=\"Written by\" \/>\n\t<meta name=\"twitter:data1\" content=\"i l\" \/>\n\t<meta name=\"twitter:label2\" content=\"Est. reading time\" \/>\n\t<meta name=\"twitter:data2\" content=\"2 minutes\" \/>\n<script type=\"application\/ld+json\" class=\"yoast-schema-graph\">{\"@context\":\"https:\\\/\\\/schema.org\",\"@graph\":[{\"@type\":\"Article\",\"@id\":\"https:\\\/\\\/kosovatimes.info\\\/index.php\\\/2026\\\/09\\\/04\\\/marta-kos-anulon-viziten-ne-serbi-pas-glorifikimit-te-ratko-mlladiqit\\\/#article\",\"isPartOf\":{\"@id\":\"https:\\\/\\\/kosovatimes.info\\\/index.php\\\/2026\\\/09\\\/04\\\/marta-kos-anulon-viziten-ne-serbi-pas-glorifikimit-te-ratko-mlladiqit\\\/\"},\"author\":{\"name\":\"i l\",\"@id\":\"https:\\\/\\\/kosovatimes.info\\\/#\\\/schema\\\/person\\\/7586712b9c512fe68085de007378c915\"},\"headline\":\"Marta Kos anulon vizit\u00ebn n\u00eb Serbi pas glorifikimit t\u00eb Ratko Mlladiqit\",\"datePublished\":\"2026-09-04T13:29:00+00:00\",\"dateModified\":\"2026-09-04T14:35:19+00:00\",\"mainEntityOfPage\":{\"@id\":\"https:\\\/\\\/kosovatimes.info\\\/index.php\\\/2026\\\/09\\\/04\\\/marta-kos-anulon-viziten-ne-serbi-pas-glorifikimit-te-ratko-mlladiqit\\\/\"},\"wordCount\":232,\"commentCount\":0,\"image\":{\"@id\":\"https:\\\/\\\/kosovatimes.info\\\/index.php\\\/2026\\\/09\\\/04\\\/marta-kos-anulon-viziten-ne-serbi-pas-glorifikimit-te-ratko-mlladiqit\\\/#primaryimage\"},\"thumbnailUrl\":\"https:\\\/\\\/kosovatimes.info\\\/wp-content\\\/uploads\\\/2026\\\/09\\\/kos.jpg\",\"articleSection\":[\"Lajme\",\"Rajon\"],\"inLanguage\":\"en-US\",\"potentialAction\":[{\"@type\":\"CommentAction\",\"name\":\"Comment\",\"target\":[\"https:\\\/\\\/kosovatimes.info\\\/index.php\\\/2026\\\/09\\\/04\\\/marta-kos-anulon-viziten-ne-serbi-pas-glorifikimit-te-ratko-mlladiqit\\\/#respond\"]}]},{\"@type\":\"WebPage\",\"@id\":\"https:\\\/\\\/kosovatimes.info\\\/index.php\\\/2026\\\/09\\\/04\\\/marta-kos-anulon-viziten-ne-serbi-pas-glorifikimit-te-ratko-mlladiqit\\\/\",\"url\":\"https:\\\/\\\/kosovatimes.info\\\/index.php\\\/2026\\\/09\\\/04\\\/marta-kos-anulon-viziten-ne-serbi-pas-glorifikimit-te-ratko-mlladiqit\\\/\",\"name\":\"Marta Kos anulon vizit\u00ebn n\u00eb Serbi pas glorifikimit t\u00eb Ratko Mlladiqit - Kosova Times\",\"isPartOf\":{\"@id\":\"https:\\\/\\\/kosovatimes.info\\\/#website\"},\"primaryImageOfPage\":{\"@id\":\"https:\\\/\\\/kosovatimes.info\\\/index.php\\\/2026\\\/09\\\/04\\\/marta-kos-anulon-viziten-ne-serbi-pas-glorifikimit-te-ratko-mlladiqit\\\/#primaryimage\"},\"image\":{\"@id\":\"https:\\\/\\\/kosovatimes.info\\\/index.php\\\/2026\\\/09\\\/04\\\/marta-kos-anulon-viziten-ne-serbi-pas-glorifikimit-te-ratko-mlladiqit\\\/#primaryimage\"},\"thumbnailUrl\":\"https:\\\/\\\/kosovatimes.info\\\/wp-content\\\/uploads\\\/2026\\\/09\\\/kos.jpg\",\"datePublished\":\"2026-09-04T13:29:00+00:00\",\"dateModified\":\"2026-09-04T14:35:19+00:00\",\"author\":{\"@id\":\"https:\\\/\\\/kosovatimes.info\\\/#\\\/schema\\\/person\\\/7586712b9c512fe68085de007378c915\"},\"breadcrumb\":{\"@id\":\"https:\\\/\\\/kosovatimes.info\\\/index.php\\\/2026\\\/09\\\/04\\\/marta-kos-anulon-viziten-ne-serbi-pas-glorifikimit-te-ratko-mlladiqit\\\/#breadcrumb\"},\"inLanguage\":\"en-US\",\"potentialAction\":[{\"@type\":\"ReadAction\",\"target\":[\"https:\\\/\\\/kosovatimes.info\\\/index.php\\\/2026\\\/09\\\/04\\\/marta-kos-anulon-viziten-ne-serbi-pas-glorifikimit-te-ratko-mlladiqit\\\/\"]}]},{\"@type\":\"ImageObject\",\"inLanguage\":\"en-US\",\"@id\":\"https:\\\/\\\/kosovatimes.info\\\/index.php\\\/2026\\\/09\\\/04\\\/marta-kos-anulon-viziten-ne-serbi-pas-glorifikimit-te-ratko-mlladiqit\\\/#primaryimage\",\"url\":\"https:\\\/\\\/kosovatimes.info\\\/wp-content\\\/uploads\\\/2026\\\/09\\\/kos.jpg\",\"contentUrl\":\"https:\\\/\\\/kosovatimes.info\\\/wp-content\\\/uploads\\\/2026\\\/09\\\/kos.jpg\",\"width\":780,\"height\":500},{\"@type\":\"BreadcrumbList\",\"@id\":\"https:\\\/\\\/kosovatimes.info\\\/index.php\\\/2026\\\/09\\\/04\\\/marta-kos-anulon-viziten-ne-serbi-pas-glorifikimit-te-ratko-mlladiqit\\\/#breadcrumb\",\"itemListElement\":[{\"@type\":\"ListItem\",\"position\":1,\"name\":\"Home\",\"item\":\"https:\\\/\\\/kosovatimes.info\\\/\"},{\"@type\":\"ListItem\",\"position\":2,\"name\":\"Marta Kos anulon vizit\u00ebn n\u00eb Serbi pas glorifikimit t\u00eb Ratko Mlladiqit\"}]},{\"@type\":\"WebSite\",\"@id\":\"https:\\\/\\\/kosovatimes.info\\\/#website\",\"url\":\"https:\\\/\\\/kosovatimes.info\\\/\",\"name\":\"Kosova Times\",\"description\":\"\",\"potentialAction\":[{\"@type\":\"SearchAction\",\"target\":{\"@type\":\"EntryPoint\",\"urlTemplate\":\"https:\\\/\\\/kosovatimes.info\\\/?s={search_term_string}\"},\"query-input\":{\"@type\":\"PropertyValueSpecification\",\"valueRequired\":true,\"valueName\":\"search_term_string\"}}],\"inLanguage\":\"en-US\"},{\"@type\":\"Person\",\"@id\":\"https:\\\/\\\/kosovatimes.info\\\/#\\\/schema\\\/person\\\/7586712b9c512fe68085de007378c915\",\"name\":\"i l\",\"image\":{\"@type\":\"ImageObject\",\"inLanguage\":\"en-US\",\"@id\":\"https:\\\/\\\/secure.gravatar.com\\\/avatar\\\/bad9296e02816160ae2e2435beda58222022298d5625d49fea74d18816fbb31d?s=96&d=mm&r=g\",\"url\":\"https:\\\/\\\/secure.gravatar.com\\\/avatar\\\/bad9296e02816160ae2e2435beda58222022298d5625d49fea74d18816fbb31d?s=96&d=mm&r=g\",\"contentUrl\":\"https:\\\/\\\/secure.gravatar.com\\\/avatar\\\/bad9296e02816160ae2e2435beda58222022298d5625d49fea74d18816fbb31d?s=96&d=mm&r=g\",\"caption\":\"i l\"},\"url\":\"https:\\\/\\\/kosovatimes.info\\\/index.php\\\/author\\\/iliri\\\/\"}]}<\/script>\n<!-- \/ Yoast SEO plugin. -->","yoast_head_json":{"title":"Marta Kos anulon vizit\u00ebn n\u00eb Serbi pas glorifikimit t\u00eb Ratko Mlladiqit - Kosova Times","robots":{"index":"index","follow":"follow","max-snippet":"max-snippet:-1","max-image-preview":"max-image-preview:large","max-video-preview":"max-video-preview:-1"},"canonical":"https:\/\/kosovatimes.info\/index.php\/2026\/09\/04\/marta-kos-anulon-viziten-ne-serbi-pas-glorifikimit-te-ratko-mlladiqit\/","og_locale":"en_US","og_type":"article","og_title":"Marta Kos anulon vizit\u00ebn n\u00eb Serbi pas glorifikimit t\u00eb Ratko Mlladiqit - Kosova Times","og_description":"Komisionerja e Bashkimit Evropian p\u00ebr Zgjerim, Marta Kos, ka njoftuar se ka vendosur t\u00eb mos e realizoj\u00eb vizit\u00ebn e planifikuar n\u00eb Serbi, duke e lidhur vendimin me reagimet dhe glorifikimin e ish-komandantit serb t\u00eb ushtris\u00eb s\u00eb Republika Srpskas, Ratko Mlladiq. N\u00eb nj\u00eb postim n\u00eb rrjetin social X, Kos ka theksuar se Mlladiqi \u00ebsht\u00eb d\u00ebnuar p\u00ebr [&hellip;]","og_url":"https:\/\/kosovatimes.info\/index.php\/2026\/09\/04\/marta-kos-anulon-viziten-ne-serbi-pas-glorifikimit-te-ratko-mlladiqit\/","og_site_name":"Kosova Times","article_published_time":"2026-09-04T13:29:00+00:00","article_modified_time":"2026-09-04T14:35:19+00:00","og_image":[{"width":780,"height":500,"url":"https:\/\/kosovatimes.info\/wp-content\/uploads\/2026\/09\/kos.jpg","type":"image\/jpeg"}],"author":"i l","twitter_card":"summary_large_image","twitter_misc":{"Written by":"i l","Est. reading time":"2 minutes"},"schema":{"@context":"https:\/\/schema.org","@graph":[{"@type":"Article","@id":"https:\/\/kosovatimes.info\/index.php\/2026\/09\/04\/marta-kos-anulon-viziten-ne-serbi-pas-glorifikimit-te-ratko-mlladiqit\/#article","isPartOf":{"@id":"https:\/\/kosovatimes.info\/index.php\/2026\/09\/04\/marta-kos-anulon-viziten-ne-serbi-pas-glorifikimit-te-ratko-mlladiqit\/"},"author":{"name":"i l","@id":"https:\/\/kosovatimes.info\/#\/schema\/person\/7586712b9c512fe68085de007378c915"},"headline":"Marta Kos anulon vizit\u00ebn n\u00eb Serbi pas glorifikimit t\u00eb Ratko Mlladiqit","datePublished":"2026-09-04T13:29:00+00:00","dateModified":"2026-09-04T14:35:19+00:00","mainEntityOfPage":{"@id":"https:\/\/kosovatimes.info\/index.php\/2026\/09\/04\/marta-kos-anulon-viziten-ne-serbi-pas-glorifikimit-te-ratko-mlladiqit\/"},"wordCount":232,"commentCount":0,"image":{"@id":"https:\/\/kosovatimes.info\/index.php\/2026\/09\/04\/marta-kos-anulon-viziten-ne-serbi-pas-glorifikimit-te-ratko-mlladiqit\/#primaryimage"},"thumbnailUrl":"https:\/\/kosovatimes.info\/wp-content\/uploads\/2026\/09\/kos.jpg","articleSection":["Lajme","Rajon"],"inLanguage":"en-US","potentialAction":[{"@type":"CommentAction","name":"Comment","target":["https:\/\/kosovatimes.info\/index.php\/2026\/09\/04\/marta-kos-anulon-viziten-ne-serbi-pas-glorifikimit-te-ratko-mlladiqit\/#respond"]}]},{"@type":"WebPage","@id":"https:\/\/kosovatimes.info\/index.php\/2026\/09\/04\/marta-kos-anulon-viziten-ne-serbi-pas-glorifikimit-te-ratko-mlladiqit\/","url":"https:\/\/kosovatimes.info\/index.php\/2026\/09\/04\/marta-kos-anulon-viziten-ne-serbi-pas-glorifikimit-te-ratko-mlladiqit\/","name":"Marta Kos anulon vizit\u00ebn n\u00eb Serbi pas glorifikimit t\u00eb Ratko Mlladiqit - Kosova Times","isPartOf":{"@id":"https:\/\/kosovatimes.info\/#website"},"primaryImageOfPage":{"@id":"https:\/\/kosovatimes.info\/index.php\/2026\/09\/04\/marta-kos-anulon-viziten-ne-serbi-pas-glorifikimit-te-ratko-mlladiqit\/#primaryimage"},"image":{"@id":"https:\/\/kosovatimes.info\/index.php\/2026\/09\/04\/marta-kos-anulon-viziten-ne-serbi-pas-glorifikimit-te-ratko-mlladiqit\/#primaryimage"},"thumbnailUrl":"https:\/\/kosovatimes.info\/wp-content\/uploads\/2026\/09\/kos.jpg","datePublished":"2026-09-04T13:29:00+00:00","dateModified":"2026-09-04T14:35:19+00:00","author":{"@id":"https:\/\/kosovatimes.info\/#\/schema\/person\/7586712b9c512fe68085de007378c915"},"breadcrumb":{"@id":"https:\/\/kosovatimes.info\/index.php\/2026\/09\/04\/marta-kos-anulon-viziten-ne-serbi-pas-glorifikimit-te-ratko-mlladiqit\/#breadcrumb"},"inLanguage":"en-US","potentialAction":[{"@type":"ReadAction","target":["https:\/\/kosovatimes.info\/index.php\/2026\/09\/04\/marta-kos-anulon-viziten-ne-serbi-pas-glorifikimit-te-ratko-mlladiqit\/"]}]},{"@type":"ImageObject","inLanguage":"en-US","@id":"https:\/\/kosovatimes.info\/index.php\/2026\/09\/04\/marta-kos-anulon-viziten-ne-serbi-pas-glorifikimit-te-ratko-mlladiqit\/#primaryimage","url":"https:\/\/kosovatimes.info\/wp-content\/uploads\/2026\/09\/kos.jpg","contentUrl":"https:\/\/kosovatimes.info\/wp-content\/uploads\/2026\/09\/kos.jpg","width":780,"height":500},{"@type":"BreadcrumbList","@id":"https:\/\/kosovatimes.info\/index.php\/2026\/09\/04\/marta-kos-anulon-viziten-ne-serbi-pas-glorifikimit-te-ratko-mlladiqit\/#breadcrumb","itemListElement":[{"@type":"ListItem","position":1,"name":"Home","item":"https:\/\/kosovatimes.info\/"},{"@type":"ListItem","position":2,"name":"Marta Kos anulon vizit\u00ebn n\u00eb Serbi pas glorifikimit t\u00eb Ratko Mlladiqit"}]},{"@type":"WebSite","@id":"https:\/\/kosovatimes.info\/#website","url":"https:\/\/kosovatimes.info\/","name":"Kosova Times","description":"","potentialAction":[{"@type":"SearchAction","target":{"@type":"EntryPoint","urlTemplate":"https:\/\/kosovatimes.info\/?s={search_term_string}"},"query-input":{"@type":"PropertyValueSpecification","valueRequired":true,"valueName":"search_term_string"}}],"inLanguage":"en-US"},{"@type":"Person","@id":"https:\/\/kosovatimes.info\/#\/schema\/person\/7586712b9c512fe68085de007378c915","name":"i l","image":{"@type":"ImageObject","inLanguage":"en-US","@id":"https:\/\/secure.gravatar.com\/avatar\/bad9296e02816160ae2e2435beda58222022298d5625d49fea74d18816fbb31d?s=96&d=mm&r=g","url":"https:\/\/secure.gravatar.com\/avatar\/bad9296e02816160ae2e2435beda58222022298d5625d49fea74d18816fbb31d?s=96&d=mm&r=g","contentUrl":"https:\/\/secure.gravatar.com\/avatar\/bad9296e02816160ae2e2435beda58222022298d5625d49fea74d18816fbb31d?s=96&d=mm&r=g","caption":"i l"},"url":"https:\/\/kosovatimes.info\/index.php\/author\/iliri\/"}]}},"_links":{"self":[{"href":"https:\/\/kosovatimes.info\/index.php\/wp-json\/wp\/v2\/posts\/30931","targetHints":{"allow":["GET"]}}],"collection":[{"href":"https:\/\/kosovatimes.info\/index.php\/wp-json\/wp\/v2\/posts"}],"about":[{"href":"https:\/\/kosovatimes.info\/index.php\/wp-json\/wp\/v2\/types\/post"}],"author":[{"embeddable":true,"href":"https:\/\/kosovatimes.info\/index.php\/wp-json\/wp\/v2\/users\/4"}],"replies":[{"embeddable":true,"href":"https:\/\/kosovatimes.info\/index.php\/wp-json\/wp\/v2\/comments?post=30931"}],"version-history":[{"count":1,"href":"https:\/\/kosovatimes.info\/index.php\/wp-json\/wp\/v2\/posts\/30931\/revisions"}],"predecessor-version":[{"id":30933,"href":"https:\/\/kosovatimes.info\/index.php\/wp-json\/wp\/v2\/posts\/30931\/revisions\/30933"}],"wp:featuredmedia":[{"embeddable":true,"href":"https:\/\/kosovatimes.info\/index.php\/wp-json\/wp\/v2\/media\/30932"}],"wp:attachment":[{"href":"https:\/\/kosovatimes.info\/index.php\/wp-json\/wp\/v2\/media?parent=30931"}],"wp:term":[{"taxonomy":"category","embeddable":true,"href":"https:\/\/kosovatimes.info\/index.php\/wp-json\/wp\/v2\/categories?post=30931"},{"taxonomy":"post_tag","embeddable":true,"href":"https:\/\/kosovatimes.info\/index.php\/wp-json\/wp\/v2\/tags?post=30931"}],"curies":[{"name":"wp","href":"https:\/\/api.w.org\/{rel}","templated":true}]}}