{"id":30944,"date":"2026-09-04T21:01:00","date_gmt":"2026-09-04T19:01:00","guid":{"rendered":"https:\/\/kosovatimes.info\/?p=30944"},"modified":"2026-09-04T22:02:32","modified_gmt":"2026-09-04T20:02:32","slug":"ne-sheshin-skenderbeu-aktgjykimi-do-te-percillet-ne-ekran-te-madh","status":"publish","type":"post","link":"https:\/\/kosovatimes.info\/index.php\/2026\/09\/04\/ne-sheshin-skenderbeu-aktgjykimi-do-te-percillet-ne-ekran-te-madh\/","title":{"rendered":"N\u00eb sheshin \u201cSk\u00ebnderbeu\u201d aktgjykimi do t\u00eb p\u00ebrcillet n\u00eb ekran t\u00eb madh"},"content":{"rendered":"\n<p class=\"wp-block-paragraph\"><strong>Ata t\u00eb cil\u00ebt ju kund\u00ebrvun\u00eb regjimit t\u00eb Millosheviqit dhe parandaluan edhe masakra t\u00eb tjera q\u00eb kishte planifikuar Serbia, po presin verdiktin e Gjykat\u00ebs Speciale. Nd\u00ebrkoh\u00eb, Prishtina po hyn n\u00eb dit\u00ebt e fundit t\u00eb pritjes para 16 shtatorit, dat\u00ebs kur Gjykata Speciale n\u00eb Hag\u00eb do ta shpall\u00eb aktgjykimin ndaj Hashim Tha\u00e7it, Kadri Veselit, Jakup Krasniqit dhe Rexhep Selimit. N\u00eb kryeqytet tashm\u00eb kan\u00eb nisur p\u00ebrgatitjet p\u00ebr k\u00ebt\u00eb dit\u00eb, nd\u00ebrsa n\u00eb sheshe dhe hap\u00ebsira publike jan\u00eb vendosur flamujt dhe simbolet e U\u00c7K-s\u00eb. Komuna e Prishtin\u00ebs ka paralajm\u00ebruar q\u00eb seanca t\u00eb p\u00ebrcillet drejtp\u00ebrdrejt n\u00eb ambient t\u00eb hapur, n\u00eb sheshin \u201cSk\u00ebnderbeu\u201d.<\/strong><\/p>\n\n\n\n<p class=\"wp-block-paragraph\">Prishtina po merr pamje t\u00eb ve\u00e7ant\u00eb n\u00eb prag t\u00eb 16 shtatorit. Flamujt e U\u00c7K-s\u00eb dhe simbolet e saj jan\u00eb vendosur n\u00eb hap\u00ebsira t\u00eb ndryshme t\u00eb kryeqytetit, nd\u00ebrsa n\u00eb qend\u00ebr t\u00eb qytetit kan\u00eb nisur p\u00ebrgatitjet p\u00ebr aktivitetet q\u00eb do t\u00eb zhvillohen n\u00eb dit\u00ebn kur pritet t\u00eb shpallet aktgjykimi p\u00ebr krer\u00ebt e U\u00c7K-s\u00eb.<\/p>\n\n\n\n<p class=\"wp-block-paragraph\">\u00c7do num\u00ebr q\u00eb zbret n\u00eb k\u00ebt\u00eb ekran na ofron me momentin e shum\u00ebpritur, vendimin e 16 shtatorit n\u00eb Dhomat e Specializuara t\u00eb Kosov\u00ebs n\u00eb Hag\u00eb. Nga zemra e Prishtin\u00ebs e deri te salla e gjyqit n\u00eb Hag\u00eb t\u00eb gjith\u00eb jan\u00eb n\u00eb pritje t\u00eb nj\u00eb momenti, vendimit ndaj Hashim Tha\u00e7it, Kadri Veselit, Jakup Krasniqit dhe Rexhep Selimit. Nd\u00ebrkoh\u00eb q\u00eb n\u00eb Prishtin\u00eb tashm\u00eb kan\u00eb nisur p\u00ebrgatitjet p\u00ebr kthimin e mundsh\u00ebm t\u00eb ish kat\u00ebr krer\u00ebve t\u00eb U\u00c7K-s\u00eb.<\/p>\n\n\n\n<p class=\"wp-block-paragraph\">Pik\u00ebrisht p\u00ebr momentin e shpalljes s\u00eb aktgjykimit, Komuna e Prishtin\u00ebs ka nisur p\u00ebrgatitjet q\u00eb seanca t\u00eb p\u00ebrcillet n\u00eb ambient t\u00eb hapur, n\u00eb sheshin \u201cSk\u00ebnderbeu\u201d.<\/p>\n\n\n\n<p class=\"wp-block-paragraph\">&nbsp;\u201cDo ta organizojm\u00eb n\u00eb nj\u00eb m\u00ebnyr\u00eb me nj\u00eb ekran shum\u00eb t\u00eb madh ku do t\u00eb ftojm\u00eb t\u00eb gjith\u00eb qytetar\u00ebt q\u00eb ta shikojm\u00eb s\u00eb bashku seanc\u00ebn bashk\u00eb me organizatat e dala nga lufta edhe bashk\u00eb shpresojm\u00eb q\u00eb do t\u00eb festojm\u00eb pas vendimit m\u00eb 16\u201d, ka th\u00ebn\u00eb Besiana Musmurati, n\u00ebnkryetare e komun\u00ebs s\u00eb Prishtin\u00ebs.<\/p>\n\n\n\n<p class=\"wp-block-paragraph\">Vendimin p\u00ebr bashk\u00ebluft\u00ebtar\u00ebt e tyre po e presin me ankth edhe n\u00eb Organizat\u00ebn e Veteran\u00ebve t\u00eb Luft\u00ebs s\u00eb U\u00c7K-s\u00eb. Nga kjo organizat\u00eb thon\u00eb se presin q\u00eb vendimmarrja t\u00eb bazohet vet\u00ebm n\u00eb prova dhe fakte dhe jo n\u00eb ndikime politike.<\/p>\n\n\n\n<p class=\"wp-block-paragraph\">&nbsp;\u201cSi OVL-U\u00c7K me ju tregu t\u00eb drejt\u00ebn n\u00eb ankth po i presim k\u00ebto dit\u00eb deri n\u00eb m\u00eb dat\u00ebn 16, ne gjat\u00eb gjith\u00eb koh\u00ebs e kemi th\u00ebn\u00eb q\u00eb kjo gjykat\u00eb \u00ebsht\u00eb e padrejt\u00eb, qysh kur \u00ebsht\u00eb themeluar, pastaj e kemi par\u00eb q\u00eb kjo gjykat\u00eb ka devijuar nga misioni p\u00ebr \u00e7ka \u00ebsht\u00eb themeluar, ju e dini q\u00eb kjo gjykat\u00eb \u00ebsht\u00eb themeluar mbi raportin e Dick Martyt, pastaj ky raport nuk p\u00ebrmendet fare m\u00eb prej kur fillon procesi gjyq\u00ebsor e themi lirisht n\u00ebse kjo gjykat\u00eb do t\u00eb thirret mbi baz\u00ebn e provave dhe fakteve jemi t\u00eb bindur q\u00eb bashk\u00ebluft\u00ebtar\u00ebt ton\u00eb m\u00eb 16 shtator do t\u00eb jen\u00eb n\u00eb sht\u00ebpit\u00eb e tyre\u201d, ka th\u00ebn\u00eb Gazmend Syla, n\u00ebnkryetar i OVL-U\u00c7K-s\u00eb.<\/p>\n\n\n\n<p class=\"wp-block-paragraph\">E pritja p\u00ebr aktgjykimin nuk \u00ebsht\u00eb vet\u00ebm n\u00eb Prishtin\u00eb. N\u00eb shum\u00eb komuna t\u00eb Kosov\u00ebs tashm\u00eb \u00ebsht\u00eb vendosur \u201cOra e pritjes\u201d, e cila num\u00ebron mbrapsht deri n\u00eb momentin kur pritet t\u00eb shpallet verdikti n\u00eb Hag\u00eb.<\/p>\n","protected":false},"excerpt":{"rendered":"<p>Ata t\u00eb cil\u00ebt ju kund\u00ebrvun\u00eb regjimit t\u00eb Millosheviqit dhe parandaluan edhe masakra t\u00eb tjera q\u00eb kishte planifikuar Serbia, po presin verdiktin e Gjykat\u00ebs Speciale. Nd\u00ebrkoh\u00eb, Prishtina po hyn n\u00eb dit\u00ebt e fundit t\u00eb pritjes para 16 shtatorit, dat\u00ebs kur Gjykata Speciale n\u00eb Hag\u00eb do ta shpall\u00eb aktgjykimin ndaj Hashim Tha\u00e7it, Kadri Veselit, Jakup Krasniqit dhe [&hellip;]<\/p>\n","protected":false},"author":4,"featured_media":30945,"comment_status":"open","ping_status":"open","sticky":false,"template":"","format":"standard","meta":{"footnotes":""},"categories":[31,30],"tags":[],"class_list":["post-30944","post","type-post","status-publish","format-standard","has-post-thumbnail","category-kosove","category-lajme"],"yoast_head":"<!-- This site is optimized with the Yoast SEO plugin v27.4 - https:\/\/yoast.com\/product\/yoast-seo-wordpress\/ -->\n<title>N\u00eb sheshin \u201cSk\u00ebnderbeu\u201d aktgjykimi do t\u00eb p\u00ebrcillet n\u00eb ekran t\u00eb madh - Kosova Times<\/title>\n<meta name=\"robots\" content=\"index, follow, max-snippet:-1, max-image-preview:large, max-video-preview:-1\" \/>\n<link rel=\"canonical\" href=\"https:\/\/kosovatimes.info\/index.php\/2026\/09\/04\/ne-sheshin-skenderbeu-aktgjykimi-do-te-percillet-ne-ekran-te-madh\/\" \/>\n<meta property=\"og:locale\" content=\"en_US\" \/>\n<meta property=\"og:type\" content=\"article\" \/>\n<meta property=\"og:title\" content=\"N\u00eb sheshin \u201cSk\u00ebnderbeu\u201d aktgjykimi do t\u00eb p\u00ebrcillet n\u00eb ekran t\u00eb madh - Kosova Times\" \/>\n<meta property=\"og:description\" content=\"Ata t\u00eb cil\u00ebt ju kund\u00ebrvun\u00eb regjimit t\u00eb Millosheviqit dhe parandaluan edhe masakra t\u00eb tjera q\u00eb kishte planifikuar Serbia, po presin verdiktin e Gjykat\u00ebs Speciale. Nd\u00ebrkoh\u00eb, Prishtina po hyn n\u00eb dit\u00ebt e fundit t\u00eb pritjes para 16 shtatorit, dat\u00ebs kur Gjykata Speciale n\u00eb Hag\u00eb do ta shpall\u00eb aktgjykimin ndaj Hashim Tha\u00e7it, Kadri Veselit, Jakup Krasniqit dhe [&hellip;]\" \/>\n<meta property=\"og:url\" content=\"https:\/\/kosovatimes.info\/index.php\/2026\/09\/04\/ne-sheshin-skenderbeu-aktgjykimi-do-te-percillet-ne-ekran-te-madh\/\" \/>\n<meta property=\"og:site_name\" content=\"Kosova Times\" \/>\n<meta property=\"article:published_time\" content=\"2026-09-04T19:01:00+00:00\" \/>\n<meta property=\"article:modified_time\" content=\"2026-09-04T20:02:32+00:00\" \/>\n<meta property=\"og:image\" content=\"https:\/\/kosovatimes.info\/wp-content\/uploads\/2026\/09\/gjykimi.jpg\" \/>\n\t<meta property=\"og:image:width\" content=\"780\" \/>\n\t<meta property=\"og:image:height\" content=\"500\" \/>\n\t<meta property=\"og:image:type\" content=\"image\/jpeg\" \/>\n<meta name=\"author\" content=\"i l\" \/>\n<meta name=\"twitter:card\" content=\"summary_large_image\" \/>\n<meta name=\"twitter:label1\" content=\"Written by\" \/>\n\t<meta name=\"twitter:data1\" content=\"i l\" \/>\n\t<meta name=\"twitter:label2\" content=\"Est. reading time\" \/>\n\t<meta name=\"twitter:data2\" content=\"3 minutes\" \/>\n<script type=\"application\/ld+json\" class=\"yoast-schema-graph\">{\"@context\":\"https:\\\/\\\/schema.org\",\"@graph\":[{\"@type\":\"Article\",\"@id\":\"https:\\\/\\\/kosovatimes.info\\\/index.php\\\/2026\\\/09\\\/04\\\/ne-sheshin-skenderbeu-aktgjykimi-do-te-percillet-ne-ekran-te-madh\\\/#article\",\"isPartOf\":{\"@id\":\"https:\\\/\\\/kosovatimes.info\\\/index.php\\\/2026\\\/09\\\/04\\\/ne-sheshin-skenderbeu-aktgjykimi-do-te-percillet-ne-ekran-te-madh\\\/\"},\"author\":{\"name\":\"i l\",\"@id\":\"https:\\\/\\\/kosovatimes.info\\\/#\\\/schema\\\/person\\\/7586712b9c512fe68085de007378c915\"},\"headline\":\"N\u00eb sheshin \u201cSk\u00ebnderbeu\u201d aktgjykimi do t\u00eb p\u00ebrcillet n\u00eb ekran t\u00eb madh\",\"datePublished\":\"2026-09-04T19:01:00+00:00\",\"dateModified\":\"2026-09-04T20:02:32+00:00\",\"mainEntityOfPage\":{\"@id\":\"https:\\\/\\\/kosovatimes.info\\\/index.php\\\/2026\\\/09\\\/04\\\/ne-sheshin-skenderbeu-aktgjykimi-do-te-percillet-ne-ekran-te-madh\\\/\"},\"wordCount\":579,\"commentCount\":0,\"image\":{\"@id\":\"https:\\\/\\\/kosovatimes.info\\\/index.php\\\/2026\\\/09\\\/04\\\/ne-sheshin-skenderbeu-aktgjykimi-do-te-percillet-ne-ekran-te-madh\\\/#primaryimage\"},\"thumbnailUrl\":\"https:\\\/\\\/kosovatimes.info\\\/wp-content\\\/uploads\\\/2026\\\/09\\\/gjykimi.jpg\",\"articleSection\":[\"Kosov\u00eb\",\"Lajme\"],\"inLanguage\":\"en-US\",\"potentialAction\":[{\"@type\":\"CommentAction\",\"name\":\"Comment\",\"target\":[\"https:\\\/\\\/kosovatimes.info\\\/index.php\\\/2026\\\/09\\\/04\\\/ne-sheshin-skenderbeu-aktgjykimi-do-te-percillet-ne-ekran-te-madh\\\/#respond\"]}]},{\"@type\":\"WebPage\",\"@id\":\"https:\\\/\\\/kosovatimes.info\\\/index.php\\\/2026\\\/09\\\/04\\\/ne-sheshin-skenderbeu-aktgjykimi-do-te-percillet-ne-ekran-te-madh\\\/\",\"url\":\"https:\\\/\\\/kosovatimes.info\\\/index.php\\\/2026\\\/09\\\/04\\\/ne-sheshin-skenderbeu-aktgjykimi-do-te-percillet-ne-ekran-te-madh\\\/\",\"name\":\"N\u00eb sheshin \u201cSk\u00ebnderbeu\u201d aktgjykimi do t\u00eb p\u00ebrcillet n\u00eb ekran t\u00eb madh - Kosova Times\",\"isPartOf\":{\"@id\":\"https:\\\/\\\/kosovatimes.info\\\/#website\"},\"primaryImageOfPage\":{\"@id\":\"https:\\\/\\\/kosovatimes.info\\\/index.php\\\/2026\\\/09\\\/04\\\/ne-sheshin-skenderbeu-aktgjykimi-do-te-percillet-ne-ekran-te-madh\\\/#primaryimage\"},\"image\":{\"@id\":\"https:\\\/\\\/kosovatimes.info\\\/index.php\\\/2026\\\/09\\\/04\\\/ne-sheshin-skenderbeu-aktgjykimi-do-te-percillet-ne-ekran-te-madh\\\/#primaryimage\"},\"thumbnailUrl\":\"https:\\\/\\\/kosovatimes.info\\\/wp-content\\\/uploads\\\/2026\\\/09\\\/gjykimi.jpg\",\"datePublished\":\"2026-09-04T19:01:00+00:00\",\"dateModified\":\"2026-09-04T20:02:32+00:00\",\"author\":{\"@id\":\"https:\\\/\\\/kosovatimes.info\\\/#\\\/schema\\\/person\\\/7586712b9c512fe68085de007378c915\"},\"breadcrumb\":{\"@id\":\"https:\\\/\\\/kosovatimes.info\\\/index.php\\\/2026\\\/09\\\/04\\\/ne-sheshin-skenderbeu-aktgjykimi-do-te-percillet-ne-ekran-te-madh\\\/#breadcrumb\"},\"inLanguage\":\"en-US\",\"potentialAction\":[{\"@type\":\"ReadAction\",\"target\":[\"https:\\\/\\\/kosovatimes.info\\\/index.php\\\/2026\\\/09\\\/04\\\/ne-sheshin-skenderbeu-aktgjykimi-do-te-percillet-ne-ekran-te-madh\\\/\"]}]},{\"@type\":\"ImageObject\",\"inLanguage\":\"en-US\",\"@id\":\"https:\\\/\\\/kosovatimes.info\\\/index.php\\\/2026\\\/09\\\/04\\\/ne-sheshin-skenderbeu-aktgjykimi-do-te-percillet-ne-ekran-te-madh\\\/#primaryimage\",\"url\":\"https:\\\/\\\/kosovatimes.info\\\/wp-content\\\/uploads\\\/2026\\\/09\\\/gjykimi.jpg\",\"contentUrl\":\"https:\\\/\\\/kosovatimes.info\\\/wp-content\\\/uploads\\\/2026\\\/09\\\/gjykimi.jpg\",\"width\":780,\"height\":500},{\"@type\":\"BreadcrumbList\",\"@id\":\"https:\\\/\\\/kosovatimes.info\\\/index.php\\\/2026\\\/09\\\/04\\\/ne-sheshin-skenderbeu-aktgjykimi-do-te-percillet-ne-ekran-te-madh\\\/#breadcrumb\",\"itemListElement\":[{\"@type\":\"ListItem\",\"position\":1,\"name\":\"Home\",\"item\":\"https:\\\/\\\/kosovatimes.info\\\/\"},{\"@type\":\"ListItem\",\"position\":2,\"name\":\"N\u00eb sheshin \u201cSk\u00ebnderbeu\u201d aktgjykimi do t\u00eb p\u00ebrcillet n\u00eb ekran t\u00eb madh\"}]},{\"@type\":\"WebSite\",\"@id\":\"https:\\\/\\\/kosovatimes.info\\\/#website\",\"url\":\"https:\\\/\\\/kosovatimes.info\\\/\",\"name\":\"Kosova Times\",\"description\":\"\",\"potentialAction\":[{\"@type\":\"SearchAction\",\"target\":{\"@type\":\"EntryPoint\",\"urlTemplate\":\"https:\\\/\\\/kosovatimes.info\\\/?s={search_term_string}\"},\"query-input\":{\"@type\":\"PropertyValueSpecification\",\"valueRequired\":true,\"valueName\":\"search_term_string\"}}],\"inLanguage\":\"en-US\"},{\"@type\":\"Person\",\"@id\":\"https:\\\/\\\/kosovatimes.info\\\/#\\\/schema\\\/person\\\/7586712b9c512fe68085de007378c915\",\"name\":\"i l\",\"image\":{\"@type\":\"ImageObject\",\"inLanguage\":\"en-US\",\"@id\":\"https:\\\/\\\/secure.gravatar.com\\\/avatar\\\/bad9296e02816160ae2e2435beda58222022298d5625d49fea74d18816fbb31d?s=96&d=mm&r=g\",\"url\":\"https:\\\/\\\/secure.gravatar.com\\\/avatar\\\/bad9296e02816160ae2e2435beda58222022298d5625d49fea74d18816fbb31d?s=96&d=mm&r=g\",\"contentUrl\":\"https:\\\/\\\/secure.gravatar.com\\\/avatar\\\/bad9296e02816160ae2e2435beda58222022298d5625d49fea74d18816fbb31d?s=96&d=mm&r=g\",\"caption\":\"i l\"},\"url\":\"https:\\\/\\\/kosovatimes.info\\\/index.php\\\/author\\\/iliri\\\/\"}]}<\/script>\n<!-- \/ Yoast SEO plugin. -->","yoast_head_json":{"title":"N\u00eb sheshin \u201cSk\u00ebnderbeu\u201d aktgjykimi do t\u00eb p\u00ebrcillet n\u00eb ekran t\u00eb madh - Kosova Times","robots":{"index":"index","follow":"follow","max-snippet":"max-snippet:-1","max-image-preview":"max-image-preview:large","max-video-preview":"max-video-preview:-1"},"canonical":"https:\/\/kosovatimes.info\/index.php\/2026\/09\/04\/ne-sheshin-skenderbeu-aktgjykimi-do-te-percillet-ne-ekran-te-madh\/","og_locale":"en_US","og_type":"article","og_title":"N\u00eb sheshin \u201cSk\u00ebnderbeu\u201d aktgjykimi do t\u00eb p\u00ebrcillet n\u00eb ekran t\u00eb madh - Kosova Times","og_description":"Ata t\u00eb cil\u00ebt ju kund\u00ebrvun\u00eb regjimit t\u00eb Millosheviqit dhe parandaluan edhe masakra t\u00eb tjera q\u00eb kishte planifikuar Serbia, po presin verdiktin e Gjykat\u00ebs Speciale. Nd\u00ebrkoh\u00eb, Prishtina po hyn n\u00eb dit\u00ebt e fundit t\u00eb pritjes para 16 shtatorit, dat\u00ebs kur Gjykata Speciale n\u00eb Hag\u00eb do ta shpall\u00eb aktgjykimin ndaj Hashim Tha\u00e7it, Kadri Veselit, Jakup Krasniqit dhe [&hellip;]","og_url":"https:\/\/kosovatimes.info\/index.php\/2026\/09\/04\/ne-sheshin-skenderbeu-aktgjykimi-do-te-percillet-ne-ekran-te-madh\/","og_site_name":"Kosova Times","article_published_time":"2026-09-04T19:01:00+00:00","article_modified_time":"2026-09-04T20:02:32+00:00","og_image":[{"width":780,"height":500,"url":"https:\/\/kosovatimes.info\/wp-content\/uploads\/2026\/09\/gjykimi.jpg","type":"image\/jpeg"}],"author":"i l","twitter_card":"summary_large_image","twitter_misc":{"Written by":"i l","Est. reading time":"3 minutes"},"schema":{"@context":"https:\/\/schema.org","@graph":[{"@type":"Article","@id":"https:\/\/kosovatimes.info\/index.php\/2026\/09\/04\/ne-sheshin-skenderbeu-aktgjykimi-do-te-percillet-ne-ekran-te-madh\/#article","isPartOf":{"@id":"https:\/\/kosovatimes.info\/index.php\/2026\/09\/04\/ne-sheshin-skenderbeu-aktgjykimi-do-te-percillet-ne-ekran-te-madh\/"},"author":{"name":"i l","@id":"https:\/\/kosovatimes.info\/#\/schema\/person\/7586712b9c512fe68085de007378c915"},"headline":"N\u00eb sheshin \u201cSk\u00ebnderbeu\u201d aktgjykimi do t\u00eb p\u00ebrcillet n\u00eb ekran t\u00eb madh","datePublished":"2026-09-04T19:01:00+00:00","dateModified":"2026-09-04T20:02:32+00:00","mainEntityOfPage":{"@id":"https:\/\/kosovatimes.info\/index.php\/2026\/09\/04\/ne-sheshin-skenderbeu-aktgjykimi-do-te-percillet-ne-ekran-te-madh\/"},"wordCount":579,"commentCount":0,"image":{"@id":"https:\/\/kosovatimes.info\/index.php\/2026\/09\/04\/ne-sheshin-skenderbeu-aktgjykimi-do-te-percillet-ne-ekran-te-madh\/#primaryimage"},"thumbnailUrl":"https:\/\/kosovatimes.info\/wp-content\/uploads\/2026\/09\/gjykimi.jpg","articleSection":["Kosov\u00eb","Lajme"],"inLanguage":"en-US","potentialAction":[{"@type":"CommentAction","name":"Comment","target":["https:\/\/kosovatimes.info\/index.php\/2026\/09\/04\/ne-sheshin-skenderbeu-aktgjykimi-do-te-percillet-ne-ekran-te-madh\/#respond"]}]},{"@type":"WebPage","@id":"https:\/\/kosovatimes.info\/index.php\/2026\/09\/04\/ne-sheshin-skenderbeu-aktgjykimi-do-te-percillet-ne-ekran-te-madh\/","url":"https:\/\/kosovatimes.info\/index.php\/2026\/09\/04\/ne-sheshin-skenderbeu-aktgjykimi-do-te-percillet-ne-ekran-te-madh\/","name":"N\u00eb sheshin \u201cSk\u00ebnderbeu\u201d aktgjykimi do t\u00eb p\u00ebrcillet n\u00eb ekran t\u00eb madh - Kosova Times","isPartOf":{"@id":"https:\/\/kosovatimes.info\/#website"},"primaryImageOfPage":{"@id":"https:\/\/kosovatimes.info\/index.php\/2026\/09\/04\/ne-sheshin-skenderbeu-aktgjykimi-do-te-percillet-ne-ekran-te-madh\/#primaryimage"},"image":{"@id":"https:\/\/kosovatimes.info\/index.php\/2026\/09\/04\/ne-sheshin-skenderbeu-aktgjykimi-do-te-percillet-ne-ekran-te-madh\/#primaryimage"},"thumbnailUrl":"https:\/\/kosovatimes.info\/wp-content\/uploads\/2026\/09\/gjykimi.jpg","datePublished":"2026-09-04T19:01:00+00:00","dateModified":"2026-09-04T20:02:32+00:00","author":{"@id":"https:\/\/kosovatimes.info\/#\/schema\/person\/7586712b9c512fe68085de007378c915"},"breadcrumb":{"@id":"https:\/\/kosovatimes.info\/index.php\/2026\/09\/04\/ne-sheshin-skenderbeu-aktgjykimi-do-te-percillet-ne-ekran-te-madh\/#breadcrumb"},"inLanguage":"en-US","potentialAction":[{"@type":"ReadAction","target":["https:\/\/kosovatimes.info\/index.php\/2026\/09\/04\/ne-sheshin-skenderbeu-aktgjykimi-do-te-percillet-ne-ekran-te-madh\/"]}]},{"@type":"ImageObject","inLanguage":"en-US","@id":"https:\/\/kosovatimes.info\/index.php\/2026\/09\/04\/ne-sheshin-skenderbeu-aktgjykimi-do-te-percillet-ne-ekran-te-madh\/#primaryimage","url":"https:\/\/kosovatimes.info\/wp-content\/uploads\/2026\/09\/gjykimi.jpg","contentUrl":"https:\/\/kosovatimes.info\/wp-content\/uploads\/2026\/09\/gjykimi.jpg","width":780,"height":500},{"@type":"BreadcrumbList","@id":"https:\/\/kosovatimes.info\/index.php\/2026\/09\/04\/ne-sheshin-skenderbeu-aktgjykimi-do-te-percillet-ne-ekran-te-madh\/#breadcrumb","itemListElement":[{"@type":"ListItem","position":1,"name":"Home","item":"https:\/\/kosovatimes.info\/"},{"@type":"ListItem","position":2,"name":"N\u00eb sheshin \u201cSk\u00ebnderbeu\u201d aktgjykimi do t\u00eb p\u00ebrcillet n\u00eb ekran t\u00eb madh"}]},{"@type":"WebSite","@id":"https:\/\/kosovatimes.info\/#website","url":"https:\/\/kosovatimes.info\/","name":"Kosova Times","description":"","potentialAction":[{"@type":"SearchAction","target":{"@type":"EntryPoint","urlTemplate":"https:\/\/kosovatimes.info\/?s={search_term_string}"},"query-input":{"@type":"PropertyValueSpecification","valueRequired":true,"valueName":"search_term_string"}}],"inLanguage":"en-US"},{"@type":"Person","@id":"https:\/\/kosovatimes.info\/#\/schema\/person\/7586712b9c512fe68085de007378c915","name":"i l","image":{"@type":"ImageObject","inLanguage":"en-US","@id":"https:\/\/secure.gravatar.com\/avatar\/bad9296e02816160ae2e2435beda58222022298d5625d49fea74d18816fbb31d?s=96&d=mm&r=g","url":"https:\/\/secure.gravatar.com\/avatar\/bad9296e02816160ae2e2435beda58222022298d5625d49fea74d18816fbb31d?s=96&d=mm&r=g","contentUrl":"https:\/\/secure.gravatar.com\/avatar\/bad9296e02816160ae2e2435beda58222022298d5625d49fea74d18816fbb31d?s=96&d=mm&r=g","caption":"i l"},"url":"https:\/\/kosovatimes.info\/index.php\/author\/iliri\/"}]}},"_links":{"self":[{"href":"https:\/\/kosovatimes.info\/index.php\/wp-json\/wp\/v2\/posts\/30944","targetHints":{"allow":["GET"]}}],"collection":[{"href":"https:\/\/kosovatimes.info\/index.php\/wp-json\/wp\/v2\/posts"}],"about":[{"href":"https:\/\/kosovatimes.info\/index.php\/wp-json\/wp\/v2\/types\/post"}],"author":[{"embeddable":true,"href":"https:\/\/kosovatimes.info\/index.php\/wp-json\/wp\/v2\/users\/4"}],"replies":[{"embeddable":true,"href":"https:\/\/kosovatimes.info\/index.php\/wp-json\/wp\/v2\/comments?post=30944"}],"version-history":[{"count":1,"href":"https:\/\/kosovatimes.info\/index.php\/wp-json\/wp\/v2\/posts\/30944\/revisions"}],"predecessor-version":[{"id":30946,"href":"https:\/\/kosovatimes.info\/index.php\/wp-json\/wp\/v2\/posts\/30944\/revisions\/30946"}],"wp:featuredmedia":[{"embeddable":true,"href":"https:\/\/kosovatimes.info\/index.php\/wp-json\/wp\/v2\/media\/30945"}],"wp:attachment":[{"href":"https:\/\/kosovatimes.info\/index.php\/wp-json\/wp\/v2\/media?parent=30944"}],"wp:term":[{"taxonomy":"category","embeddable":true,"href":"https:\/\/kosovatimes.info\/index.php\/wp-json\/wp\/v2\/categories?post=30944"},{"taxonomy":"post_tag","embeddable":true,"href":"https:\/\/kosovatimes.info\/index.php\/wp-json\/wp\/v2\/tags?post=30944"}],"curies":[{"name":"wp","href":"https:\/\/api.w.org\/{rel}","templated":true}]}}