{"id":30949,"date":"2026-09-04T20:35:00","date_gmt":"2026-09-04T18:35:00","guid":{"rendered":"https:\/\/kosovatimes.info\/?p=30949"},"modified":"2026-09-04T22:05:13","modified_gmt":"2026-09-04T20:05:13","slug":"kusari-lila-nga-sot-cmimi-i-naftes-percaktohet-nga-tregu","status":"publish","type":"post","link":"https:\/\/kosovatimes.info\/index.php\/2026\/09\/04\/kusari-lila-nga-sot-cmimi-i-naftes-percaktohet-nga-tregu\/","title":{"rendered":"Kusari-Lila: Nga sot \u00e7mimi i naft\u00ebs p\u00ebrcaktohet nga tregu"},"content":{"rendered":"\n<p class=\"wp-block-paragraph\"><a target=\"_blank\" href=\"https:\/\/www.linkedin.com\/shareArticle?mini=true&amp;url=https%3A%2F%2Fwww.rtklive.com%2Fsq%2Fnews-single.php%3FID%3D732944\" rel=\"noopener\"><\/a><\/p>\n\n\n\n<p class=\"wp-block-paragraph\"><strong>Ministrja n\u00eb detyr\u00eb e Industris\u00eb, Mimoza Kusari-Lila, ka njoftuar se nga sot nuk \u00ebsht\u00eb m\u00eb n\u00eb fuqi vendimi p\u00ebr \u00e7mimin maksimal t\u00eb lejuar t\u00eb naft\u00ebs, pas skadimit t\u00eb Udh\u00ebzimit Administrativ q\u00eb rregullon k\u00ebt\u00eb \u00e7\u00ebshtje.<\/strong><\/p>\n\n\n\n<p class=\"wp-block-paragraph\">N\u00eb nj\u00eb intervist\u00eb p\u00ebr RTK-n\u00eb, Kusari-Lila tha se \u00e7mimi i derivateve tashm\u00eb do t\u00eb p\u00ebrcaktohet nga tregu, nd\u00ebrsa institucionet do t\u00eb vazhdojn\u00eb t\u00eb monitorojn\u00eb l\u00ebvizjet e \u00e7mimeve dhe aktivitetin e operator\u00ebve.<\/p>\n\n\n\n<p class=\"wp-block-paragraph\">\u201cP\u00ebr shkak t\u00eb skadimit t\u00eb afatit sipas udh\u00ebzimit administrativ mbi naft\u00ebn dhe derivatet e saj, prej sot nuk ka pasur m\u00eb p\u00ebrcaktim t\u00eb \u00e7mimit maksimal\u201d, tha ajo.<\/p>\n\n\n\n<p class=\"wp-block-paragraph\">Kusari-Lila b\u00ebri t\u00eb ditur se operator\u00ebt dhe shit\u00ebsit me shumic\u00eb e pakic\u00eb jan\u00eb njoftuar se do t\u00eb jen\u00eb n\u00ebn mbik\u00ebqyrje t\u00eb af\u00ebrt. Sipas saj, p\u00ebr monitorimin e tregut do t\u00eb shfryt\u00ebzohen edhe t\u00eb dh\u00ebnat e Dogan\u00ebs s\u00eb Kosov\u00ebs p\u00ebr sasin\u00eb e importuar dhe \u00e7mimet n\u00eb kufi.<\/p>\n\n\n\n<p class=\"wp-block-paragraph\">Ministrja n\u00eb detyr\u00eb paralajm\u00ebroi se, n\u00eb rast t\u00eb evidentimit t\u00eb l\u00ebvizjeve t\u00eb pajustifikuara apo keqp\u00ebrdorimeve me \u00e7mime, institucionet mund t\u2019i rikthehen vendimmarrjes p\u00ebr p\u00ebrcaktimin e nj\u00eb \u00e7mimi maksimal.<\/p>\n\n\n\n<p class=\"wp-block-paragraph\">\u201cPrej sot \u00e7mimi \u00ebsht\u00eb i p\u00ebrcaktuar nga tregu, nd\u00ebrsa ne prap\u00eb e mbik\u00ebqyrim se n\u00ebse ka l\u00ebvizje do t\u2019i kthehemi praktik\u00ebs apo vendimmarrjes s\u00eb caktimit t\u00eb \u00e7mimit maksimal\u201d, deklaroi Kusari-Lila.<\/p>\n","protected":false},"excerpt":{"rendered":"<p>Ministrja n\u00eb detyr\u00eb e Industris\u00eb, Mimoza Kusari-Lila, ka njoftuar se nga sot nuk \u00ebsht\u00eb m\u00eb n\u00eb fuqi vendimi p\u00ebr \u00e7mimin maksimal t\u00eb lejuar t\u00eb naft\u00ebs, pas skadimit t\u00eb Udh\u00ebzimit Administrativ q\u00eb rregullon k\u00ebt\u00eb \u00e7\u00ebshtje. N\u00eb nj\u00eb intervist\u00eb p\u00ebr RTK-n\u00eb, Kusari-Lila tha se \u00e7mimi i derivateve tashm\u00eb do t\u00eb p\u00ebrcaktohet nga tregu, nd\u00ebrsa institucionet do t\u00eb [&hellip;]<\/p>\n","protected":false},"author":4,"featured_media":19558,"comment_status":"open","ping_status":"open","sticky":false,"template":"","format":"standard","meta":{"footnotes":""},"categories":[37],"tags":[],"class_list":["post-30949","post","type-post","status-publish","format-standard","has-post-thumbnail","category-ekonomi"],"yoast_head":"<!-- This site is optimized with the Yoast SEO plugin v27.4 - https:\/\/yoast.com\/product\/yoast-seo-wordpress\/ -->\n<title>Kusari-Lila: Nga sot \u00e7mimi i naft\u00ebs p\u00ebrcaktohet nga tregu - Kosova Times<\/title>\n<meta name=\"robots\" content=\"index, follow, max-snippet:-1, max-image-preview:large, max-video-preview:-1\" \/>\n<link rel=\"canonical\" href=\"https:\/\/kosovatimes.info\/index.php\/2026\/09\/04\/kusari-lila-nga-sot-cmimi-i-naftes-percaktohet-nga-tregu\/\" \/>\n<meta property=\"og:locale\" content=\"en_US\" \/>\n<meta property=\"og:type\" content=\"article\" \/>\n<meta property=\"og:title\" content=\"Kusari-Lila: Nga sot \u00e7mimi i naft\u00ebs p\u00ebrcaktohet nga tregu - Kosova Times\" \/>\n<meta property=\"og:description\" content=\"Ministrja n\u00eb detyr\u00eb e Industris\u00eb, Mimoza Kusari-Lila, ka njoftuar se nga sot nuk \u00ebsht\u00eb m\u00eb n\u00eb fuqi vendimi p\u00ebr \u00e7mimin maksimal t\u00eb lejuar t\u00eb naft\u00ebs, pas skadimit t\u00eb Udh\u00ebzimit Administrativ q\u00eb rregullon k\u00ebt\u00eb \u00e7\u00ebshtje. N\u00eb nj\u00eb intervist\u00eb p\u00ebr RTK-n\u00eb, Kusari-Lila tha se \u00e7mimi i derivateve tashm\u00eb do t\u00eb p\u00ebrcaktohet nga tregu, nd\u00ebrsa institucionet do t\u00eb [&hellip;]\" \/>\n<meta property=\"og:url\" content=\"https:\/\/kosovatimes.info\/index.php\/2026\/09\/04\/kusari-lila-nga-sot-cmimi-i-naftes-percaktohet-nga-tregu\/\" \/>\n<meta property=\"og:site_name\" content=\"Kosova Times\" \/>\n<meta property=\"article:published_time\" content=\"2026-09-04T18:35:00+00:00\" \/>\n<meta property=\"article:modified_time\" content=\"2026-09-04T20:05:13+00:00\" \/>\n<meta property=\"og:image\" content=\"https:\/\/kosovatimes.info\/wp-content\/uploads\/2026\/06\/Kusari-1.jpg\" \/>\n\t<meta property=\"og:image:width\" content=\"780\" \/>\n\t<meta property=\"og:image:height\" content=\"500\" \/>\n\t<meta property=\"og:image:type\" content=\"image\/jpeg\" \/>\n<meta name=\"author\" content=\"i l\" \/>\n<meta name=\"twitter:card\" content=\"summary_large_image\" \/>\n<meta name=\"twitter:label1\" content=\"Written by\" \/>\n\t<meta name=\"twitter:data1\" content=\"i l\" \/>\n\t<meta name=\"twitter:label2\" content=\"Est. reading time\" \/>\n\t<meta name=\"twitter:data2\" content=\"2 minutes\" \/>\n<script type=\"application\/ld+json\" class=\"yoast-schema-graph\">{\"@context\":\"https:\\\/\\\/schema.org\",\"@graph\":[{\"@type\":\"Article\",\"@id\":\"https:\\\/\\\/kosovatimes.info\\\/index.php\\\/2026\\\/09\\\/04\\\/kusari-lila-nga-sot-cmimi-i-naftes-percaktohet-nga-tregu\\\/#article\",\"isPartOf\":{\"@id\":\"https:\\\/\\\/kosovatimes.info\\\/index.php\\\/2026\\\/09\\\/04\\\/kusari-lila-nga-sot-cmimi-i-naftes-percaktohet-nga-tregu\\\/\"},\"author\":{\"name\":\"i l\",\"@id\":\"https:\\\/\\\/kosovatimes.info\\\/#\\\/schema\\\/person\\\/7586712b9c512fe68085de007378c915\"},\"headline\":\"Kusari-Lila: Nga sot \u00e7mimi i naft\u00ebs p\u00ebrcaktohet nga tregu\",\"datePublished\":\"2026-09-04T18:35:00+00:00\",\"dateModified\":\"2026-09-04T20:05:13+00:00\",\"mainEntityOfPage\":{\"@id\":\"https:\\\/\\\/kosovatimes.info\\\/index.php\\\/2026\\\/09\\\/04\\\/kusari-lila-nga-sot-cmimi-i-naftes-percaktohet-nga-tregu\\\/\"},\"wordCount\":245,\"commentCount\":0,\"image\":{\"@id\":\"https:\\\/\\\/kosovatimes.info\\\/index.php\\\/2026\\\/09\\\/04\\\/kusari-lila-nga-sot-cmimi-i-naftes-percaktohet-nga-tregu\\\/#primaryimage\"},\"thumbnailUrl\":\"https:\\\/\\\/kosovatimes.info\\\/wp-content\\\/uploads\\\/2026\\\/06\\\/Kusari-1.jpg\",\"articleSection\":[\"Ekonomi\"],\"inLanguage\":\"en-US\",\"potentialAction\":[{\"@type\":\"CommentAction\",\"name\":\"Comment\",\"target\":[\"https:\\\/\\\/kosovatimes.info\\\/index.php\\\/2026\\\/09\\\/04\\\/kusari-lila-nga-sot-cmimi-i-naftes-percaktohet-nga-tregu\\\/#respond\"]}]},{\"@type\":\"WebPage\",\"@id\":\"https:\\\/\\\/kosovatimes.info\\\/index.php\\\/2026\\\/09\\\/04\\\/kusari-lila-nga-sot-cmimi-i-naftes-percaktohet-nga-tregu\\\/\",\"url\":\"https:\\\/\\\/kosovatimes.info\\\/index.php\\\/2026\\\/09\\\/04\\\/kusari-lila-nga-sot-cmimi-i-naftes-percaktohet-nga-tregu\\\/\",\"name\":\"Kusari-Lila: Nga sot \u00e7mimi i naft\u00ebs p\u00ebrcaktohet nga tregu - Kosova Times\",\"isPartOf\":{\"@id\":\"https:\\\/\\\/kosovatimes.info\\\/#website\"},\"primaryImageOfPage\":{\"@id\":\"https:\\\/\\\/kosovatimes.info\\\/index.php\\\/2026\\\/09\\\/04\\\/kusari-lila-nga-sot-cmimi-i-naftes-percaktohet-nga-tregu\\\/#primaryimage\"},\"image\":{\"@id\":\"https:\\\/\\\/kosovatimes.info\\\/index.php\\\/2026\\\/09\\\/04\\\/kusari-lila-nga-sot-cmimi-i-naftes-percaktohet-nga-tregu\\\/#primaryimage\"},\"thumbnailUrl\":\"https:\\\/\\\/kosovatimes.info\\\/wp-content\\\/uploads\\\/2026\\\/06\\\/Kusari-1.jpg\",\"datePublished\":\"2026-09-04T18:35:00+00:00\",\"dateModified\":\"2026-09-04T20:05:13+00:00\",\"author\":{\"@id\":\"https:\\\/\\\/kosovatimes.info\\\/#\\\/schema\\\/person\\\/7586712b9c512fe68085de007378c915\"},\"breadcrumb\":{\"@id\":\"https:\\\/\\\/kosovatimes.info\\\/index.php\\\/2026\\\/09\\\/04\\\/kusari-lila-nga-sot-cmimi-i-naftes-percaktohet-nga-tregu\\\/#breadcrumb\"},\"inLanguage\":\"en-US\",\"potentialAction\":[{\"@type\":\"ReadAction\",\"target\":[\"https:\\\/\\\/kosovatimes.info\\\/index.php\\\/2026\\\/09\\\/04\\\/kusari-lila-nga-sot-cmimi-i-naftes-percaktohet-nga-tregu\\\/\"]}]},{\"@type\":\"ImageObject\",\"inLanguage\":\"en-US\",\"@id\":\"https:\\\/\\\/kosovatimes.info\\\/index.php\\\/2026\\\/09\\\/04\\\/kusari-lila-nga-sot-cmimi-i-naftes-percaktohet-nga-tregu\\\/#primaryimage\",\"url\":\"https:\\\/\\\/kosovatimes.info\\\/wp-content\\\/uploads\\\/2026\\\/06\\\/Kusari-1.jpg\",\"contentUrl\":\"https:\\\/\\\/kosovatimes.info\\\/wp-content\\\/uploads\\\/2026\\\/06\\\/Kusari-1.jpg\",\"width\":780,\"height\":500},{\"@type\":\"BreadcrumbList\",\"@id\":\"https:\\\/\\\/kosovatimes.info\\\/index.php\\\/2026\\\/09\\\/04\\\/kusari-lila-nga-sot-cmimi-i-naftes-percaktohet-nga-tregu\\\/#breadcrumb\",\"itemListElement\":[{\"@type\":\"ListItem\",\"position\":1,\"name\":\"Home\",\"item\":\"https:\\\/\\\/kosovatimes.info\\\/\"},{\"@type\":\"ListItem\",\"position\":2,\"name\":\"Kusari-Lila: Nga sot \u00e7mimi i naft\u00ebs p\u00ebrcaktohet nga tregu\"}]},{\"@type\":\"WebSite\",\"@id\":\"https:\\\/\\\/kosovatimes.info\\\/#website\",\"url\":\"https:\\\/\\\/kosovatimes.info\\\/\",\"name\":\"Kosova Times\",\"description\":\"\",\"potentialAction\":[{\"@type\":\"SearchAction\",\"target\":{\"@type\":\"EntryPoint\",\"urlTemplate\":\"https:\\\/\\\/kosovatimes.info\\\/?s={search_term_string}\"},\"query-input\":{\"@type\":\"PropertyValueSpecification\",\"valueRequired\":true,\"valueName\":\"search_term_string\"}}],\"inLanguage\":\"en-US\"},{\"@type\":\"Person\",\"@id\":\"https:\\\/\\\/kosovatimes.info\\\/#\\\/schema\\\/person\\\/7586712b9c512fe68085de007378c915\",\"name\":\"i l\",\"image\":{\"@type\":\"ImageObject\",\"inLanguage\":\"en-US\",\"@id\":\"https:\\\/\\\/secure.gravatar.com\\\/avatar\\\/bad9296e02816160ae2e2435beda58222022298d5625d49fea74d18816fbb31d?s=96&d=mm&r=g\",\"url\":\"https:\\\/\\\/secure.gravatar.com\\\/avatar\\\/bad9296e02816160ae2e2435beda58222022298d5625d49fea74d18816fbb31d?s=96&d=mm&r=g\",\"contentUrl\":\"https:\\\/\\\/secure.gravatar.com\\\/avatar\\\/bad9296e02816160ae2e2435beda58222022298d5625d49fea74d18816fbb31d?s=96&d=mm&r=g\",\"caption\":\"i l\"},\"url\":\"https:\\\/\\\/kosovatimes.info\\\/index.php\\\/author\\\/iliri\\\/\"}]}<\/script>\n<!-- \/ Yoast SEO plugin. -->","yoast_head_json":{"title":"Kusari-Lila: Nga sot \u00e7mimi i naft\u00ebs p\u00ebrcaktohet nga tregu - Kosova Times","robots":{"index":"index","follow":"follow","max-snippet":"max-snippet:-1","max-image-preview":"max-image-preview:large","max-video-preview":"max-video-preview:-1"},"canonical":"https:\/\/kosovatimes.info\/index.php\/2026\/09\/04\/kusari-lila-nga-sot-cmimi-i-naftes-percaktohet-nga-tregu\/","og_locale":"en_US","og_type":"article","og_title":"Kusari-Lila: Nga sot \u00e7mimi i naft\u00ebs p\u00ebrcaktohet nga tregu - Kosova Times","og_description":"Ministrja n\u00eb detyr\u00eb e Industris\u00eb, Mimoza Kusari-Lila, ka njoftuar se nga sot nuk \u00ebsht\u00eb m\u00eb n\u00eb fuqi vendimi p\u00ebr \u00e7mimin maksimal t\u00eb lejuar t\u00eb naft\u00ebs, pas skadimit t\u00eb Udh\u00ebzimit Administrativ q\u00eb rregullon k\u00ebt\u00eb \u00e7\u00ebshtje. N\u00eb nj\u00eb intervist\u00eb p\u00ebr RTK-n\u00eb, Kusari-Lila tha se \u00e7mimi i derivateve tashm\u00eb do t\u00eb p\u00ebrcaktohet nga tregu, nd\u00ebrsa institucionet do t\u00eb [&hellip;]","og_url":"https:\/\/kosovatimes.info\/index.php\/2026\/09\/04\/kusari-lila-nga-sot-cmimi-i-naftes-percaktohet-nga-tregu\/","og_site_name":"Kosova Times","article_published_time":"2026-09-04T18:35:00+00:00","article_modified_time":"2026-09-04T20:05:13+00:00","og_image":[{"width":780,"height":500,"url":"https:\/\/kosovatimes.info\/wp-content\/uploads\/2026\/06\/Kusari-1.jpg","type":"image\/jpeg"}],"author":"i l","twitter_card":"summary_large_image","twitter_misc":{"Written by":"i l","Est. reading time":"2 minutes"},"schema":{"@context":"https:\/\/schema.org","@graph":[{"@type":"Article","@id":"https:\/\/kosovatimes.info\/index.php\/2026\/09\/04\/kusari-lila-nga-sot-cmimi-i-naftes-percaktohet-nga-tregu\/#article","isPartOf":{"@id":"https:\/\/kosovatimes.info\/index.php\/2026\/09\/04\/kusari-lila-nga-sot-cmimi-i-naftes-percaktohet-nga-tregu\/"},"author":{"name":"i l","@id":"https:\/\/kosovatimes.info\/#\/schema\/person\/7586712b9c512fe68085de007378c915"},"headline":"Kusari-Lila: Nga sot \u00e7mimi i naft\u00ebs p\u00ebrcaktohet nga tregu","datePublished":"2026-09-04T18:35:00+00:00","dateModified":"2026-09-04T20:05:13+00:00","mainEntityOfPage":{"@id":"https:\/\/kosovatimes.info\/index.php\/2026\/09\/04\/kusari-lila-nga-sot-cmimi-i-naftes-percaktohet-nga-tregu\/"},"wordCount":245,"commentCount":0,"image":{"@id":"https:\/\/kosovatimes.info\/index.php\/2026\/09\/04\/kusari-lila-nga-sot-cmimi-i-naftes-percaktohet-nga-tregu\/#primaryimage"},"thumbnailUrl":"https:\/\/kosovatimes.info\/wp-content\/uploads\/2026\/06\/Kusari-1.jpg","articleSection":["Ekonomi"],"inLanguage":"en-US","potentialAction":[{"@type":"CommentAction","name":"Comment","target":["https:\/\/kosovatimes.info\/index.php\/2026\/09\/04\/kusari-lila-nga-sot-cmimi-i-naftes-percaktohet-nga-tregu\/#respond"]}]},{"@type":"WebPage","@id":"https:\/\/kosovatimes.info\/index.php\/2026\/09\/04\/kusari-lila-nga-sot-cmimi-i-naftes-percaktohet-nga-tregu\/","url":"https:\/\/kosovatimes.info\/index.php\/2026\/09\/04\/kusari-lila-nga-sot-cmimi-i-naftes-percaktohet-nga-tregu\/","name":"Kusari-Lila: Nga sot \u00e7mimi i naft\u00ebs p\u00ebrcaktohet nga tregu - Kosova Times","isPartOf":{"@id":"https:\/\/kosovatimes.info\/#website"},"primaryImageOfPage":{"@id":"https:\/\/kosovatimes.info\/index.php\/2026\/09\/04\/kusari-lila-nga-sot-cmimi-i-naftes-percaktohet-nga-tregu\/#primaryimage"},"image":{"@id":"https:\/\/kosovatimes.info\/index.php\/2026\/09\/04\/kusari-lila-nga-sot-cmimi-i-naftes-percaktohet-nga-tregu\/#primaryimage"},"thumbnailUrl":"https:\/\/kosovatimes.info\/wp-content\/uploads\/2026\/06\/Kusari-1.jpg","datePublished":"2026-09-04T18:35:00+00:00","dateModified":"2026-09-04T20:05:13+00:00","author":{"@id":"https:\/\/kosovatimes.info\/#\/schema\/person\/7586712b9c512fe68085de007378c915"},"breadcrumb":{"@id":"https:\/\/kosovatimes.info\/index.php\/2026\/09\/04\/kusari-lila-nga-sot-cmimi-i-naftes-percaktohet-nga-tregu\/#breadcrumb"},"inLanguage":"en-US","potentialAction":[{"@type":"ReadAction","target":["https:\/\/kosovatimes.info\/index.php\/2026\/09\/04\/kusari-lila-nga-sot-cmimi-i-naftes-percaktohet-nga-tregu\/"]}]},{"@type":"ImageObject","inLanguage":"en-US","@id":"https:\/\/kosovatimes.info\/index.php\/2026\/09\/04\/kusari-lila-nga-sot-cmimi-i-naftes-percaktohet-nga-tregu\/#primaryimage","url":"https:\/\/kosovatimes.info\/wp-content\/uploads\/2026\/06\/Kusari-1.jpg","contentUrl":"https:\/\/kosovatimes.info\/wp-content\/uploads\/2026\/06\/Kusari-1.jpg","width":780,"height":500},{"@type":"BreadcrumbList","@id":"https:\/\/kosovatimes.info\/index.php\/2026\/09\/04\/kusari-lila-nga-sot-cmimi-i-naftes-percaktohet-nga-tregu\/#breadcrumb","itemListElement":[{"@type":"ListItem","position":1,"name":"Home","item":"https:\/\/kosovatimes.info\/"},{"@type":"ListItem","position":2,"name":"Kusari-Lila: Nga sot \u00e7mimi i naft\u00ebs p\u00ebrcaktohet nga tregu"}]},{"@type":"WebSite","@id":"https:\/\/kosovatimes.info\/#website","url":"https:\/\/kosovatimes.info\/","name":"Kosova Times","description":"","potentialAction":[{"@type":"SearchAction","target":{"@type":"EntryPoint","urlTemplate":"https:\/\/kosovatimes.info\/?s={search_term_string}"},"query-input":{"@type":"PropertyValueSpecification","valueRequired":true,"valueName":"search_term_string"}}],"inLanguage":"en-US"},{"@type":"Person","@id":"https:\/\/kosovatimes.info\/#\/schema\/person\/7586712b9c512fe68085de007378c915","name":"i l","image":{"@type":"ImageObject","inLanguage":"en-US","@id":"https:\/\/secure.gravatar.com\/avatar\/bad9296e02816160ae2e2435beda58222022298d5625d49fea74d18816fbb31d?s=96&d=mm&r=g","url":"https:\/\/secure.gravatar.com\/avatar\/bad9296e02816160ae2e2435beda58222022298d5625d49fea74d18816fbb31d?s=96&d=mm&r=g","contentUrl":"https:\/\/secure.gravatar.com\/avatar\/bad9296e02816160ae2e2435beda58222022298d5625d49fea74d18816fbb31d?s=96&d=mm&r=g","caption":"i l"},"url":"https:\/\/kosovatimes.info\/index.php\/author\/iliri\/"}]}},"_links":{"self":[{"href":"https:\/\/kosovatimes.info\/index.php\/wp-json\/wp\/v2\/posts\/30949","targetHints":{"allow":["GET"]}}],"collection":[{"href":"https:\/\/kosovatimes.info\/index.php\/wp-json\/wp\/v2\/posts"}],"about":[{"href":"https:\/\/kosovatimes.info\/index.php\/wp-json\/wp\/v2\/types\/post"}],"author":[{"embeddable":true,"href":"https:\/\/kosovatimes.info\/index.php\/wp-json\/wp\/v2\/users\/4"}],"replies":[{"embeddable":true,"href":"https:\/\/kosovatimes.info\/index.php\/wp-json\/wp\/v2\/comments?post=30949"}],"version-history":[{"count":1,"href":"https:\/\/kosovatimes.info\/index.php\/wp-json\/wp\/v2\/posts\/30949\/revisions"}],"predecessor-version":[{"id":30950,"href":"https:\/\/kosovatimes.info\/index.php\/wp-json\/wp\/v2\/posts\/30949\/revisions\/30950"}],"wp:featuredmedia":[{"embeddable":true,"href":"https:\/\/kosovatimes.info\/index.php\/wp-json\/wp\/v2\/media\/19558"}],"wp:attachment":[{"href":"https:\/\/kosovatimes.info\/index.php\/wp-json\/wp\/v2\/media?parent=30949"}],"wp:term":[{"taxonomy":"category","embeddable":true,"href":"https:\/\/kosovatimes.info\/index.php\/wp-json\/wp\/v2\/categories?post=30949"},{"taxonomy":"post_tag","embeddable":true,"href":"https:\/\/kosovatimes.info\/index.php\/wp-json\/wp\/v2\/tags?post=30949"}],"curies":[{"name":"wp","href":"https:\/\/api.w.org\/{rel}","templated":true}]}}