{"id":30951,"date":"2026-09-04T18:50:00","date_gmt":"2026-09-04T16:50:00","guid":{"rendered":"https:\/\/kosovatimes.info\/?p=30951"},"modified":"2026-09-04T22:06:43","modified_gmt":"2026-09-04T20:06:43","slug":"nderimet-per-mladiqin-kurti-veshtire-te-flitet-per-perballje-me-te-kaluaren","status":"publish","type":"post","link":"https:\/\/kosovatimes.info\/index.php\/2026\/09\/04\/nderimet-per-mladiqin-kurti-veshtire-te-flitet-per-perballje-me-te-kaluaren\/","title":{"rendered":"Nderimet p\u00ebr Mladiqin, Kurti: V\u00ebshtir\u00eb t\u00eb flitet p\u00ebr p\u00ebrballje me t\u00eb kaluar\u00ebn"},"content":{"rendered":"\n<p class=\"wp-block-paragraph\"><strong>Kryeministri n\u00eb detyr\u00eb i Kosov\u00ebs, Albin Kurti, ka folur p\u00ebr glorifikimin q\u00eb Serbia po vazhdon t\u2019u b\u00ebj\u00eb kriminel\u00ebve t\u00eb luft\u00ebs, duke marr\u00eb shkas nga rasti i Ratko Mladiqit. Ai tha se kur nj\u00eb shoq\u00ebri nderon publikisht nj\u00eb t\u00eb d\u00ebnuar p\u00ebr gjenocid, \u00ebsht\u00eb e v\u00ebshtir\u00eb t\u00eb flitet p\u00ebr p\u00ebrballje me t\u00eb kaluar\u00ebn, pendes\u00eb apo distancim nga politika q\u00eb prodhoi ato krime.<\/strong><\/p>\n\n\n\n<p class=\"wp-block-paragraph\">&#8220;Ekziston nj\u00eb paradoks i madh te fqinji yn\u00eb verior. Trupi i pajet\u00eb i kriminelit Ratko Mlladiq, i d\u00ebnuar p\u00ebr gjenocid dhe krime lufte, po pritet me nderime t\u00eb larta shtet\u00ebrore nga ish-ministri i Millosheviqit, tash president i Serbis\u00eb, Aleksandar Vu\u00e7iq\u201d, theksoi ai.&nbsp;<\/p>\n\n\n\n<p class=\"wp-block-paragraph\">Kurti tha se Vu\u00e7iqi po e pret me nderime t\u00eb larta shtet\u00ebrore Mladiqin, nd\u00ebrsa p\u00ebrmendi edhe deklarat\u00ebn e presidentit serb p\u00ebr vrasjen e 100 mysliman\u00ebve boshnjak\u00eb p\u00ebr nj\u00eb serb t\u00eb vrar\u00eb.<\/p>\n\n\n\n<p class=\"wp-block-paragraph\">\u201cNga protagonisti i gjuetis\u00eb me njer\u00ebz n\u00eb Sarajev\u00ebn e rrethuar n\u00eb Bosnje, tash i njohur si \u2018Sarajevo Safari\u2019. Aleksandar Vu\u00e7iq me nderime t\u00eb larta shtet\u00ebrore pret kryer\u00ebsin e krimit n\u00eb Bosnj\u00eb, Ratko Mladiq, tash i ndjer\u00eb pasi q\u00eb vdiq n\u00eb burg n\u00eb Hag\u00eb. Nga ai q\u00eb p\u00ebrve\u00e7 tjerash tha se p\u00ebr nj\u00eb serb t\u00eb vrar\u00eb do t\u00eb vriten 100 musliman\u00eb boshnjak\u00eb, vet\u00ebm nj\u00eb jav\u00eb pas Masakr\u00ebs s\u00eb Srebrenic\u00ebs&#8221;, dekaroi Kurti.<\/p>\n\n\n\n<p class=\"wp-block-paragraph\">Sipas tij, rasti i Mladiqit \u00ebsht\u00eb shembull i m\u00ebnyr\u00ebs se si n\u00eb Serbi glorifikohet figura e nj\u00ebrit prej p\u00ebrgjegj\u00ebsve kryesor\u00eb p\u00ebr krimet m\u00eb t\u00eb r\u00ebnda t\u00eb luft\u00ebs n\u00eb Bosnje.<\/p>\n\n\n\n<p class=\"wp-block-paragraph\">\u201cKy \u00ebsht\u00eb edhe nj\u00eb shembull i qart\u00eb i m\u00ebnyr\u00ebs se si n\u00eb Serbi glorifikohet figura e nj\u00ebrit prej p\u00ebrgjegj\u00ebsve kryesor\u00eb p\u00ebr krimet m\u00eb t\u00eb r\u00ebnda t\u00eb luft\u00ebs n\u00eb Bosnje. Kur nj\u00eb shoq\u00ebri nderon publikisht nj\u00eb t\u00eb d\u00ebnuar p\u00ebr gjenocid, \u00ebsht\u00eb e v\u00ebshtir\u00eb t\u00eb flitet p\u00ebr p\u00ebrballje me t\u00eb kaluar\u00ebn, pendes\u00eb apo distancim nga politika q\u00eb prodhoi ato krime\u201d, deklaroi Kurti.&nbsp;<\/p>\n\n\n\n<p class=\"wp-block-paragraph\">Kryeministri n\u00eb detyr\u00eb tha se p\u00ebr Kosov\u00ebn kjo \u00e7\u00ebshtje nd\u00ebrlidhet me m\u00ebnyr\u00ebn se si historia do t\u2019u p\u00ebrcillet brezave t\u00eb ardhsh\u00ebm dhe me hap\u00ebsir\u00ebn p\u00ebr mohimin, shtremb\u00ebrimin dhe relativizimin e asaj q\u00eb ka ndodhur.<\/p>\n\n\n\n<p class=\"wp-block-paragraph\">\u201cP\u00ebr Kosov\u00ebn, kjo nd\u00ebrlidhet drejtp\u00ebrdrejt me m\u00ebnyr\u00ebn se si do t&#8217;ua p\u00ebrcjellim brezave t\u00eb ardhsh\u00ebm historin\u00eb. Sa m\u00eb e plot\u00eb t\u00eb jet\u00eb puna jon\u00eb dokumentuese dhe shkencore sot, aq m\u00eb pak hap\u00ebsir\u00eb do t\u00eb ket\u00eb nes\u00ebr p\u00ebr mohimin, shtremb\u00ebrimin dhe relativizimin e asaj q\u00eb ka ndodhur\u201d, theksoi Kurti.<\/p>\n","protected":false},"excerpt":{"rendered":"<p>Kryeministri n\u00eb detyr\u00eb i Kosov\u00ebs, Albin Kurti, ka folur p\u00ebr glorifikimin q\u00eb Serbia po vazhdon t\u2019u b\u00ebj\u00eb kriminel\u00ebve t\u00eb luft\u00ebs, duke marr\u00eb shkas nga rasti i Ratko Mladiqit. Ai tha se kur nj\u00eb shoq\u00ebri nderon publikisht nj\u00eb t\u00eb d\u00ebnuar p\u00ebr gjenocid, \u00ebsht\u00eb e v\u00ebshtir\u00eb t\u00eb flitet p\u00ebr p\u00ebrballje me t\u00eb kaluar\u00ebn, pendes\u00eb apo distancim nga [&hellip;]<\/p>\n","protected":false},"author":4,"featured_media":30952,"comment_status":"open","ping_status":"open","sticky":false,"template":"","format":"standard","meta":{"footnotes":""},"categories":[31,30],"tags":[],"class_list":["post-30951","post","type-post","status-publish","format-standard","has-post-thumbnail","category-kosove","category-lajme"],"yoast_head":"<!-- This site is optimized with the Yoast SEO plugin v27.4 - https:\/\/yoast.com\/product\/yoast-seo-wordpress\/ -->\n<title>Nderimet p\u00ebr Mladiqin, Kurti: V\u00ebshtir\u00eb t\u00eb flitet p\u00ebr p\u00ebrballje me t\u00eb kaluar\u00ebn - Kosova Times<\/title>\n<meta name=\"robots\" content=\"index, follow, max-snippet:-1, max-image-preview:large, max-video-preview:-1\" \/>\n<link rel=\"canonical\" href=\"https:\/\/kosovatimes.info\/index.php\/2026\/09\/04\/nderimet-per-mladiqin-kurti-veshtire-te-flitet-per-perballje-me-te-kaluaren\/\" \/>\n<meta property=\"og:locale\" content=\"en_US\" \/>\n<meta property=\"og:type\" content=\"article\" \/>\n<meta property=\"og:title\" content=\"Nderimet p\u00ebr Mladiqin, Kurti: V\u00ebshtir\u00eb t\u00eb flitet p\u00ebr p\u00ebrballje me t\u00eb kaluar\u00ebn - Kosova Times\" \/>\n<meta property=\"og:description\" content=\"Kryeministri n\u00eb detyr\u00eb i Kosov\u00ebs, Albin Kurti, ka folur p\u00ebr glorifikimin q\u00eb Serbia po vazhdon t\u2019u b\u00ebj\u00eb kriminel\u00ebve t\u00eb luft\u00ebs, duke marr\u00eb shkas nga rasti i Ratko Mladiqit. Ai tha se kur nj\u00eb shoq\u00ebri nderon publikisht nj\u00eb t\u00eb d\u00ebnuar p\u00ebr gjenocid, \u00ebsht\u00eb e v\u00ebshtir\u00eb t\u00eb flitet p\u00ebr p\u00ebrballje me t\u00eb kaluar\u00ebn, pendes\u00eb apo distancim nga [&hellip;]\" \/>\n<meta property=\"og:url\" content=\"https:\/\/kosovatimes.info\/index.php\/2026\/09\/04\/nderimet-per-mladiqin-kurti-veshtire-te-flitet-per-perballje-me-te-kaluaren\/\" \/>\n<meta property=\"og:site_name\" content=\"Kosova Times\" \/>\n<meta property=\"article:published_time\" content=\"2026-09-04T16:50:00+00:00\" \/>\n<meta property=\"article:modified_time\" content=\"2026-09-04T20:06:43+00:00\" \/>\n<meta property=\"og:image\" content=\"https:\/\/kosovatimes.info\/wp-content\/uploads\/2026\/09\/Albin-1.jpg\" \/>\n\t<meta property=\"og:image:width\" content=\"780\" \/>\n\t<meta property=\"og:image:height\" content=\"500\" \/>\n\t<meta property=\"og:image:type\" content=\"image\/jpeg\" \/>\n<meta name=\"author\" content=\"i l\" \/>\n<meta name=\"twitter:card\" content=\"summary_large_image\" \/>\n<meta name=\"twitter:label1\" content=\"Written by\" \/>\n\t<meta name=\"twitter:data1\" content=\"i l\" \/>\n\t<meta name=\"twitter:label2\" content=\"Est. reading time\" \/>\n\t<meta name=\"twitter:data2\" content=\"2 minutes\" \/>\n<script type=\"application\/ld+json\" class=\"yoast-schema-graph\">{\"@context\":\"https:\\\/\\\/schema.org\",\"@graph\":[{\"@type\":\"Article\",\"@id\":\"https:\\\/\\\/kosovatimes.info\\\/index.php\\\/2026\\\/09\\\/04\\\/nderimet-per-mladiqin-kurti-veshtire-te-flitet-per-perballje-me-te-kaluaren\\\/#article\",\"isPartOf\":{\"@id\":\"https:\\\/\\\/kosovatimes.info\\\/index.php\\\/2026\\\/09\\\/04\\\/nderimet-per-mladiqin-kurti-veshtire-te-flitet-per-perballje-me-te-kaluaren\\\/\"},\"author\":{\"name\":\"i l\",\"@id\":\"https:\\\/\\\/kosovatimes.info\\\/#\\\/schema\\\/person\\\/7586712b9c512fe68085de007378c915\"},\"headline\":\"Nderimet p\u00ebr Mladiqin, Kurti: V\u00ebshtir\u00eb t\u00eb flitet p\u00ebr p\u00ebrballje me t\u00eb kaluar\u00ebn\",\"datePublished\":\"2026-09-04T16:50:00+00:00\",\"dateModified\":\"2026-09-04T20:06:43+00:00\",\"mainEntityOfPage\":{\"@id\":\"https:\\\/\\\/kosovatimes.info\\\/index.php\\\/2026\\\/09\\\/04\\\/nderimet-per-mladiqin-kurti-veshtire-te-flitet-per-perballje-me-te-kaluaren\\\/\"},\"wordCount\":474,\"commentCount\":0,\"image\":{\"@id\":\"https:\\\/\\\/kosovatimes.info\\\/index.php\\\/2026\\\/09\\\/04\\\/nderimet-per-mladiqin-kurti-veshtire-te-flitet-per-perballje-me-te-kaluaren\\\/#primaryimage\"},\"thumbnailUrl\":\"https:\\\/\\\/kosovatimes.info\\\/wp-content\\\/uploads\\\/2026\\\/09\\\/Albin-1.jpg\",\"articleSection\":[\"Kosov\u00eb\",\"Lajme\"],\"inLanguage\":\"en-US\",\"potentialAction\":[{\"@type\":\"CommentAction\",\"name\":\"Comment\",\"target\":[\"https:\\\/\\\/kosovatimes.info\\\/index.php\\\/2026\\\/09\\\/04\\\/nderimet-per-mladiqin-kurti-veshtire-te-flitet-per-perballje-me-te-kaluaren\\\/#respond\"]}]},{\"@type\":\"WebPage\",\"@id\":\"https:\\\/\\\/kosovatimes.info\\\/index.php\\\/2026\\\/09\\\/04\\\/nderimet-per-mladiqin-kurti-veshtire-te-flitet-per-perballje-me-te-kaluaren\\\/\",\"url\":\"https:\\\/\\\/kosovatimes.info\\\/index.php\\\/2026\\\/09\\\/04\\\/nderimet-per-mladiqin-kurti-veshtire-te-flitet-per-perballje-me-te-kaluaren\\\/\",\"name\":\"Nderimet p\u00ebr Mladiqin, Kurti: V\u00ebshtir\u00eb t\u00eb flitet p\u00ebr p\u00ebrballje me t\u00eb kaluar\u00ebn - Kosova Times\",\"isPartOf\":{\"@id\":\"https:\\\/\\\/kosovatimes.info\\\/#website\"},\"primaryImageOfPage\":{\"@id\":\"https:\\\/\\\/kosovatimes.info\\\/index.php\\\/2026\\\/09\\\/04\\\/nderimet-per-mladiqin-kurti-veshtire-te-flitet-per-perballje-me-te-kaluaren\\\/#primaryimage\"},\"image\":{\"@id\":\"https:\\\/\\\/kosovatimes.info\\\/index.php\\\/2026\\\/09\\\/04\\\/nderimet-per-mladiqin-kurti-veshtire-te-flitet-per-perballje-me-te-kaluaren\\\/#primaryimage\"},\"thumbnailUrl\":\"https:\\\/\\\/kosovatimes.info\\\/wp-content\\\/uploads\\\/2026\\\/09\\\/Albin-1.jpg\",\"datePublished\":\"2026-09-04T16:50:00+00:00\",\"dateModified\":\"2026-09-04T20:06:43+00:00\",\"author\":{\"@id\":\"https:\\\/\\\/kosovatimes.info\\\/#\\\/schema\\\/person\\\/7586712b9c512fe68085de007378c915\"},\"breadcrumb\":{\"@id\":\"https:\\\/\\\/kosovatimes.info\\\/index.php\\\/2026\\\/09\\\/04\\\/nderimet-per-mladiqin-kurti-veshtire-te-flitet-per-perballje-me-te-kaluaren\\\/#breadcrumb\"},\"inLanguage\":\"en-US\",\"potentialAction\":[{\"@type\":\"ReadAction\",\"target\":[\"https:\\\/\\\/kosovatimes.info\\\/index.php\\\/2026\\\/09\\\/04\\\/nderimet-per-mladiqin-kurti-veshtire-te-flitet-per-perballje-me-te-kaluaren\\\/\"]}]},{\"@type\":\"ImageObject\",\"inLanguage\":\"en-US\",\"@id\":\"https:\\\/\\\/kosovatimes.info\\\/index.php\\\/2026\\\/09\\\/04\\\/nderimet-per-mladiqin-kurti-veshtire-te-flitet-per-perballje-me-te-kaluaren\\\/#primaryimage\",\"url\":\"https:\\\/\\\/kosovatimes.info\\\/wp-content\\\/uploads\\\/2026\\\/09\\\/Albin-1.jpg\",\"contentUrl\":\"https:\\\/\\\/kosovatimes.info\\\/wp-content\\\/uploads\\\/2026\\\/09\\\/Albin-1.jpg\",\"width\":780,\"height\":500},{\"@type\":\"BreadcrumbList\",\"@id\":\"https:\\\/\\\/kosovatimes.info\\\/index.php\\\/2026\\\/09\\\/04\\\/nderimet-per-mladiqin-kurti-veshtire-te-flitet-per-perballje-me-te-kaluaren\\\/#breadcrumb\",\"itemListElement\":[{\"@type\":\"ListItem\",\"position\":1,\"name\":\"Home\",\"item\":\"https:\\\/\\\/kosovatimes.info\\\/\"},{\"@type\":\"ListItem\",\"position\":2,\"name\":\"Nderimet p\u00ebr Mladiqin, Kurti: V\u00ebshtir\u00eb t\u00eb flitet p\u00ebr p\u00ebrballje me t\u00eb kaluar\u00ebn\"}]},{\"@type\":\"WebSite\",\"@id\":\"https:\\\/\\\/kosovatimes.info\\\/#website\",\"url\":\"https:\\\/\\\/kosovatimes.info\\\/\",\"name\":\"Kosova Times\",\"description\":\"\",\"potentialAction\":[{\"@type\":\"SearchAction\",\"target\":{\"@type\":\"EntryPoint\",\"urlTemplate\":\"https:\\\/\\\/kosovatimes.info\\\/?s={search_term_string}\"},\"query-input\":{\"@type\":\"PropertyValueSpecification\",\"valueRequired\":true,\"valueName\":\"search_term_string\"}}],\"inLanguage\":\"en-US\"},{\"@type\":\"Person\",\"@id\":\"https:\\\/\\\/kosovatimes.info\\\/#\\\/schema\\\/person\\\/7586712b9c512fe68085de007378c915\",\"name\":\"i l\",\"image\":{\"@type\":\"ImageObject\",\"inLanguage\":\"en-US\",\"@id\":\"https:\\\/\\\/secure.gravatar.com\\\/avatar\\\/bad9296e02816160ae2e2435beda58222022298d5625d49fea74d18816fbb31d?s=96&d=mm&r=g\",\"url\":\"https:\\\/\\\/secure.gravatar.com\\\/avatar\\\/bad9296e02816160ae2e2435beda58222022298d5625d49fea74d18816fbb31d?s=96&d=mm&r=g\",\"contentUrl\":\"https:\\\/\\\/secure.gravatar.com\\\/avatar\\\/bad9296e02816160ae2e2435beda58222022298d5625d49fea74d18816fbb31d?s=96&d=mm&r=g\",\"caption\":\"i l\"},\"url\":\"https:\\\/\\\/kosovatimes.info\\\/index.php\\\/author\\\/iliri\\\/\"}]}<\/script>\n<!-- \/ Yoast SEO plugin. -->","yoast_head_json":{"title":"Nderimet p\u00ebr Mladiqin, Kurti: V\u00ebshtir\u00eb t\u00eb flitet p\u00ebr p\u00ebrballje me t\u00eb kaluar\u00ebn - Kosova Times","robots":{"index":"index","follow":"follow","max-snippet":"max-snippet:-1","max-image-preview":"max-image-preview:large","max-video-preview":"max-video-preview:-1"},"canonical":"https:\/\/kosovatimes.info\/index.php\/2026\/09\/04\/nderimet-per-mladiqin-kurti-veshtire-te-flitet-per-perballje-me-te-kaluaren\/","og_locale":"en_US","og_type":"article","og_title":"Nderimet p\u00ebr Mladiqin, Kurti: V\u00ebshtir\u00eb t\u00eb flitet p\u00ebr p\u00ebrballje me t\u00eb kaluar\u00ebn - Kosova Times","og_description":"Kryeministri n\u00eb detyr\u00eb i Kosov\u00ebs, Albin Kurti, ka folur p\u00ebr glorifikimin q\u00eb Serbia po vazhdon t\u2019u b\u00ebj\u00eb kriminel\u00ebve t\u00eb luft\u00ebs, duke marr\u00eb shkas nga rasti i Ratko Mladiqit. Ai tha se kur nj\u00eb shoq\u00ebri nderon publikisht nj\u00eb t\u00eb d\u00ebnuar p\u00ebr gjenocid, \u00ebsht\u00eb e v\u00ebshtir\u00eb t\u00eb flitet p\u00ebr p\u00ebrballje me t\u00eb kaluar\u00ebn, pendes\u00eb apo distancim nga [&hellip;]","og_url":"https:\/\/kosovatimes.info\/index.php\/2026\/09\/04\/nderimet-per-mladiqin-kurti-veshtire-te-flitet-per-perballje-me-te-kaluaren\/","og_site_name":"Kosova Times","article_published_time":"2026-09-04T16:50:00+00:00","article_modified_time":"2026-09-04T20:06:43+00:00","og_image":[{"width":780,"height":500,"url":"https:\/\/kosovatimes.info\/wp-content\/uploads\/2026\/09\/Albin-1.jpg","type":"image\/jpeg"}],"author":"i l","twitter_card":"summary_large_image","twitter_misc":{"Written by":"i l","Est. reading time":"2 minutes"},"schema":{"@context":"https:\/\/schema.org","@graph":[{"@type":"Article","@id":"https:\/\/kosovatimes.info\/index.php\/2026\/09\/04\/nderimet-per-mladiqin-kurti-veshtire-te-flitet-per-perballje-me-te-kaluaren\/#article","isPartOf":{"@id":"https:\/\/kosovatimes.info\/index.php\/2026\/09\/04\/nderimet-per-mladiqin-kurti-veshtire-te-flitet-per-perballje-me-te-kaluaren\/"},"author":{"name":"i l","@id":"https:\/\/kosovatimes.info\/#\/schema\/person\/7586712b9c512fe68085de007378c915"},"headline":"Nderimet p\u00ebr Mladiqin, Kurti: V\u00ebshtir\u00eb t\u00eb flitet p\u00ebr p\u00ebrballje me t\u00eb kaluar\u00ebn","datePublished":"2026-09-04T16:50:00+00:00","dateModified":"2026-09-04T20:06:43+00:00","mainEntityOfPage":{"@id":"https:\/\/kosovatimes.info\/index.php\/2026\/09\/04\/nderimet-per-mladiqin-kurti-veshtire-te-flitet-per-perballje-me-te-kaluaren\/"},"wordCount":474,"commentCount":0,"image":{"@id":"https:\/\/kosovatimes.info\/index.php\/2026\/09\/04\/nderimet-per-mladiqin-kurti-veshtire-te-flitet-per-perballje-me-te-kaluaren\/#primaryimage"},"thumbnailUrl":"https:\/\/kosovatimes.info\/wp-content\/uploads\/2026\/09\/Albin-1.jpg","articleSection":["Kosov\u00eb","Lajme"],"inLanguage":"en-US","potentialAction":[{"@type":"CommentAction","name":"Comment","target":["https:\/\/kosovatimes.info\/index.php\/2026\/09\/04\/nderimet-per-mladiqin-kurti-veshtire-te-flitet-per-perballje-me-te-kaluaren\/#respond"]}]},{"@type":"WebPage","@id":"https:\/\/kosovatimes.info\/index.php\/2026\/09\/04\/nderimet-per-mladiqin-kurti-veshtire-te-flitet-per-perballje-me-te-kaluaren\/","url":"https:\/\/kosovatimes.info\/index.php\/2026\/09\/04\/nderimet-per-mladiqin-kurti-veshtire-te-flitet-per-perballje-me-te-kaluaren\/","name":"Nderimet p\u00ebr Mladiqin, Kurti: V\u00ebshtir\u00eb t\u00eb flitet p\u00ebr p\u00ebrballje me t\u00eb kaluar\u00ebn - Kosova Times","isPartOf":{"@id":"https:\/\/kosovatimes.info\/#website"},"primaryImageOfPage":{"@id":"https:\/\/kosovatimes.info\/index.php\/2026\/09\/04\/nderimet-per-mladiqin-kurti-veshtire-te-flitet-per-perballje-me-te-kaluaren\/#primaryimage"},"image":{"@id":"https:\/\/kosovatimes.info\/index.php\/2026\/09\/04\/nderimet-per-mladiqin-kurti-veshtire-te-flitet-per-perballje-me-te-kaluaren\/#primaryimage"},"thumbnailUrl":"https:\/\/kosovatimes.info\/wp-content\/uploads\/2026\/09\/Albin-1.jpg","datePublished":"2026-09-04T16:50:00+00:00","dateModified":"2026-09-04T20:06:43+00:00","author":{"@id":"https:\/\/kosovatimes.info\/#\/schema\/person\/7586712b9c512fe68085de007378c915"},"breadcrumb":{"@id":"https:\/\/kosovatimes.info\/index.php\/2026\/09\/04\/nderimet-per-mladiqin-kurti-veshtire-te-flitet-per-perballje-me-te-kaluaren\/#breadcrumb"},"inLanguage":"en-US","potentialAction":[{"@type":"ReadAction","target":["https:\/\/kosovatimes.info\/index.php\/2026\/09\/04\/nderimet-per-mladiqin-kurti-veshtire-te-flitet-per-perballje-me-te-kaluaren\/"]}]},{"@type":"ImageObject","inLanguage":"en-US","@id":"https:\/\/kosovatimes.info\/index.php\/2026\/09\/04\/nderimet-per-mladiqin-kurti-veshtire-te-flitet-per-perballje-me-te-kaluaren\/#primaryimage","url":"https:\/\/kosovatimes.info\/wp-content\/uploads\/2026\/09\/Albin-1.jpg","contentUrl":"https:\/\/kosovatimes.info\/wp-content\/uploads\/2026\/09\/Albin-1.jpg","width":780,"height":500},{"@type":"BreadcrumbList","@id":"https:\/\/kosovatimes.info\/index.php\/2026\/09\/04\/nderimet-per-mladiqin-kurti-veshtire-te-flitet-per-perballje-me-te-kaluaren\/#breadcrumb","itemListElement":[{"@type":"ListItem","position":1,"name":"Home","item":"https:\/\/kosovatimes.info\/"},{"@type":"ListItem","position":2,"name":"Nderimet p\u00ebr Mladiqin, Kurti: V\u00ebshtir\u00eb t\u00eb flitet p\u00ebr p\u00ebrballje me t\u00eb kaluar\u00ebn"}]},{"@type":"WebSite","@id":"https:\/\/kosovatimes.info\/#website","url":"https:\/\/kosovatimes.info\/","name":"Kosova Times","description":"","potentialAction":[{"@type":"SearchAction","target":{"@type":"EntryPoint","urlTemplate":"https:\/\/kosovatimes.info\/?s={search_term_string}"},"query-input":{"@type":"PropertyValueSpecification","valueRequired":true,"valueName":"search_term_string"}}],"inLanguage":"en-US"},{"@type":"Person","@id":"https:\/\/kosovatimes.info\/#\/schema\/person\/7586712b9c512fe68085de007378c915","name":"i l","image":{"@type":"ImageObject","inLanguage":"en-US","@id":"https:\/\/secure.gravatar.com\/avatar\/bad9296e02816160ae2e2435beda58222022298d5625d49fea74d18816fbb31d?s=96&d=mm&r=g","url":"https:\/\/secure.gravatar.com\/avatar\/bad9296e02816160ae2e2435beda58222022298d5625d49fea74d18816fbb31d?s=96&d=mm&r=g","contentUrl":"https:\/\/secure.gravatar.com\/avatar\/bad9296e02816160ae2e2435beda58222022298d5625d49fea74d18816fbb31d?s=96&d=mm&r=g","caption":"i l"},"url":"https:\/\/kosovatimes.info\/index.php\/author\/iliri\/"}]}},"_links":{"self":[{"href":"https:\/\/kosovatimes.info\/index.php\/wp-json\/wp\/v2\/posts\/30951","targetHints":{"allow":["GET"]}}],"collection":[{"href":"https:\/\/kosovatimes.info\/index.php\/wp-json\/wp\/v2\/posts"}],"about":[{"href":"https:\/\/kosovatimes.info\/index.php\/wp-json\/wp\/v2\/types\/post"}],"author":[{"embeddable":true,"href":"https:\/\/kosovatimes.info\/index.php\/wp-json\/wp\/v2\/users\/4"}],"replies":[{"embeddable":true,"href":"https:\/\/kosovatimes.info\/index.php\/wp-json\/wp\/v2\/comments?post=30951"}],"version-history":[{"count":1,"href":"https:\/\/kosovatimes.info\/index.php\/wp-json\/wp\/v2\/posts\/30951\/revisions"}],"predecessor-version":[{"id":30953,"href":"https:\/\/kosovatimes.info\/index.php\/wp-json\/wp\/v2\/posts\/30951\/revisions\/30953"}],"wp:featuredmedia":[{"embeddable":true,"href":"https:\/\/kosovatimes.info\/index.php\/wp-json\/wp\/v2\/media\/30952"}],"wp:attachment":[{"href":"https:\/\/kosovatimes.info\/index.php\/wp-json\/wp\/v2\/media?parent=30951"}],"wp:term":[{"taxonomy":"category","embeddable":true,"href":"https:\/\/kosovatimes.info\/index.php\/wp-json\/wp\/v2\/categories?post=30951"},{"taxonomy":"post_tag","embeddable":true,"href":"https:\/\/kosovatimes.info\/index.php\/wp-json\/wp\/v2\/tags?post=30951"}],"curies":[{"name":"wp","href":"https:\/\/api.w.org\/{rel}","templated":true}]}}