{"id":30960,"date":"2026-09-04T22:21:41","date_gmt":"2026-09-04T20:21:41","guid":{"rendered":"https:\/\/kosovatimes.info\/?p=30960"},"modified":"2026-09-04T22:28:14","modified_gmt":"2026-09-04T20:28:14","slug":"ore-kritike-per-himaren","status":"publish","type":"post","link":"https:\/\/kosovatimes.info\/index.php\/2026\/09\/04\/ore-kritike-per-himaren\/","title":{"rendered":"Or\u00eb tejet kritike p\u00ebr Himar\u00ebn. \u00a0\u00c7ipa:  Reagoni sa me pare!(Video)"},"content":{"rendered":"\n<p class=\"wp-block-paragraph\"><\/p>\n\n\n\n<p class=\"wp-block-paragraph\"><\/p>\n\n\n\n<p class=\"wp-block-paragraph\">Or\u00eb kritike p\u00ebr Himar\u00ebn. Zjarri ka p\u00ebrfshir\u00eb sip\u00ebrfaqe t\u00eb m\u00ebdha toke.Forcat zjarrfik\u00ebse vijojn\u00eb t\u00eb jen\u00eb n\u00eb terren, ku po punojn\u00eb p\u00ebr shuarjen dhe izolimin e flak\u00ebve, me q\u00ebllim frenimin e p\u00ebrhapjes s\u00eb m\u00ebtejshme t\u00eb zjarrit.<\/p>\n\n\n\n<p class=\"wp-block-paragraph\">Nd\u00ebrhyrja po v\u00ebshtir\u00ebsohet nga era e fort\u00eb dhe terreni i v\u00ebshtir\u00eb, t\u00eb cilat favorizojn\u00eb p\u00ebrhapjen e flak\u00ebve.<\/p>\n\n\n\n<p class=\"wp-block-paragraph\">Forcat n\u00eb terren po p\u00ebrqendrohen n\u00eb mbrojtjen e banesave dhe pronave pran\u00eb zon\u00ebs s\u00eb p\u00ebrfshir\u00eb nga zjarri.<\/p>\n\n\n\n<p class=\"wp-block-paragraph\"><\/p>\n\n\n\n<p class=\"wp-block-paragraph\">Ka reaguar edhe gazetari dhe publicisti Aleksander Cipa ne nje postim. &#8220;Qytetar\u00ebt k\u00ebrkojn\u00eb nd\u00ebrhyrje t\u00eb menj\u00ebhershme, nd\u00ebrsa flak\u00ebt po afrohen me shpejt\u00ebsi drejt qytetit.Zjarri n\u00eb Himar\u00eb \u00ebsht\u00eb nj\u00eb p\u00ebrbind\u00ebsh q\u00eb po shkrumbon sht\u00ebpi dhe sip\u00ebrfaqe pa fund!<\/p>\n\n\n\n<p class=\"wp-block-paragraph\">Reagoni sa m\u00eb par\u00eb!!!!<\/p>\n\n\n\n<p class=\"wp-block-paragraph\">Po digjen sht\u00ebpi dhe prona! Lutem, ndihmoni sa m\u00eb par\u00eb me mjete dhe forca!!!!<\/p>\n\n\n\n<p class=\"wp-block-paragraph\"><a href=\"https:\/\/www.facebook.com\/aferdita.duka.9\/videos\/1084954087727797\">https:\/\/www.facebook.com\/aferdita.duka.9\/videos\/1084954087727797<\/a><\/p>\n","protected":false},"excerpt":{"rendered":"<p>Or\u00eb kritike p\u00ebr Himar\u00ebn. Zjarri ka p\u00ebrfshir\u00eb sip\u00ebrfaqe t\u00eb m\u00ebdha toke.Forcat zjarrfik\u00ebse vijojn\u00eb t\u00eb jen\u00eb n\u00eb terren, ku po punojn\u00eb p\u00ebr shuarjen dhe izolimin e flak\u00ebve, me q\u00ebllim frenimin e p\u00ebrhapjes s\u00eb m\u00ebtejshme t\u00eb zjarrit. Nd\u00ebrhyrja po v\u00ebshtir\u00ebsohet nga era e fort\u00eb dhe terreni i v\u00ebshtir\u00eb, t\u00eb cilat favorizojn\u00eb p\u00ebrhapjen e flak\u00ebve. Forcat n\u00eb terren [&hellip;]<\/p>\n","protected":false},"author":4,"featured_media":30965,"comment_status":"open","ping_status":"open","sticky":false,"template":"","format":"standard","meta":{"footnotes":""},"categories":[30,32],"tags":[],"class_list":["post-30960","post","type-post","status-publish","format-standard","has-post-thumbnail","category-lajme","category-rajon"],"yoast_head":"<!-- This site is optimized with the Yoast SEO plugin v27.4 - https:\/\/yoast.com\/product\/yoast-seo-wordpress\/ -->\n<title>Or\u00eb tejet kritike p\u00ebr Himar\u00ebn. \u00a0\u00c7ipa: Reagoni sa me pare!(Video) - Kosova Times<\/title>\n<meta name=\"robots\" content=\"index, follow, max-snippet:-1, max-image-preview:large, max-video-preview:-1\" \/>\n<link rel=\"canonical\" href=\"https:\/\/kosovatimes.info\/index.php\/2026\/09\/04\/ore-kritike-per-himaren\/\" \/>\n<meta property=\"og:locale\" content=\"en_US\" \/>\n<meta property=\"og:type\" content=\"article\" \/>\n<meta property=\"og:title\" content=\"Or\u00eb tejet kritike p\u00ebr Himar\u00ebn. \u00a0\u00c7ipa: Reagoni sa me pare!(Video) - Kosova Times\" \/>\n<meta property=\"og:description\" content=\"Or\u00eb kritike p\u00ebr Himar\u00ebn. Zjarri ka p\u00ebrfshir\u00eb sip\u00ebrfaqe t\u00eb m\u00ebdha toke.Forcat zjarrfik\u00ebse vijojn\u00eb t\u00eb jen\u00eb n\u00eb terren, ku po punojn\u00eb p\u00ebr shuarjen dhe izolimin e flak\u00ebve, me q\u00ebllim frenimin e p\u00ebrhapjes s\u00eb m\u00ebtejshme t\u00eb zjarrit. Nd\u00ebrhyrja po v\u00ebshtir\u00ebsohet nga era e fort\u00eb dhe terreni i v\u00ebshtir\u00eb, t\u00eb cilat favorizojn\u00eb p\u00ebrhapjen e flak\u00ebve. Forcat n\u00eb terren [&hellip;]\" \/>\n<meta property=\"og:url\" content=\"https:\/\/kosovatimes.info\/index.php\/2026\/09\/04\/ore-kritike-per-himaren\/\" \/>\n<meta property=\"og:site_name\" content=\"Kosova Times\" \/>\n<meta property=\"article:published_time\" content=\"2026-09-04T20:21:41+00:00\" \/>\n<meta property=\"article:modified_time\" content=\"2026-09-04T20:28:14+00:00\" \/>\n<meta property=\"og:image\" content=\"https:\/\/kosovatimes.info\/wp-content\/uploads\/2026\/09\/zjarri.jpg\" \/>\n\t<meta property=\"og:image:width\" content=\"48\" \/>\n\t<meta property=\"og:image:height\" content=\"80\" \/>\n\t<meta property=\"og:image:type\" content=\"image\/jpeg\" \/>\n<meta name=\"author\" content=\"i l\" \/>\n<meta name=\"twitter:card\" content=\"summary_large_image\" \/>\n<meta name=\"twitter:label1\" content=\"Written by\" \/>\n\t<meta name=\"twitter:data1\" content=\"i l\" \/>\n\t<meta name=\"twitter:label2\" content=\"Est. reading time\" \/>\n\t<meta name=\"twitter:data2\" content=\"1 minute\" \/>\n<script type=\"application\/ld+json\" class=\"yoast-schema-graph\">{\"@context\":\"https:\\\/\\\/schema.org\",\"@graph\":[{\"@type\":\"Article\",\"@id\":\"https:\\\/\\\/kosovatimes.info\\\/index.php\\\/2026\\\/09\\\/04\\\/ore-kritike-per-himaren\\\/#article\",\"isPartOf\":{\"@id\":\"https:\\\/\\\/kosovatimes.info\\\/index.php\\\/2026\\\/09\\\/04\\\/ore-kritike-per-himaren\\\/\"},\"author\":{\"name\":\"i l\",\"@id\":\"https:\\\/\\\/kosovatimes.info\\\/#\\\/schema\\\/person\\\/7586712b9c512fe68085de007378c915\"},\"headline\":\"Or\u00eb tejet kritike p\u00ebr Himar\u00ebn. \u00a0\u00c7ipa: Reagoni sa me pare!(Video)\",\"datePublished\":\"2026-09-04T20:21:41+00:00\",\"dateModified\":\"2026-09-04T20:28:14+00:00\",\"mainEntityOfPage\":{\"@id\":\"https:\\\/\\\/kosovatimes.info\\\/index.php\\\/2026\\\/09\\\/04\\\/ore-kritike-per-himaren\\\/\"},\"wordCount\":178,\"commentCount\":0,\"image\":{\"@id\":\"https:\\\/\\\/kosovatimes.info\\\/index.php\\\/2026\\\/09\\\/04\\\/ore-kritike-per-himaren\\\/#primaryimage\"},\"thumbnailUrl\":\"https:\\\/\\\/kosovatimes.info\\\/wp-content\\\/uploads\\\/2026\\\/09\\\/zjarri.jpg\",\"articleSection\":[\"Lajme\",\"Rajon\"],\"inLanguage\":\"en-US\",\"potentialAction\":[{\"@type\":\"CommentAction\",\"name\":\"Comment\",\"target\":[\"https:\\\/\\\/kosovatimes.info\\\/index.php\\\/2026\\\/09\\\/04\\\/ore-kritike-per-himaren\\\/#respond\"]}]},{\"@type\":\"WebPage\",\"@id\":\"https:\\\/\\\/kosovatimes.info\\\/index.php\\\/2026\\\/09\\\/04\\\/ore-kritike-per-himaren\\\/\",\"url\":\"https:\\\/\\\/kosovatimes.info\\\/index.php\\\/2026\\\/09\\\/04\\\/ore-kritike-per-himaren\\\/\",\"name\":\"Or\u00eb tejet kritike p\u00ebr Himar\u00ebn. \u00a0\u00c7ipa: Reagoni sa me pare!(Video) - Kosova Times\",\"isPartOf\":{\"@id\":\"https:\\\/\\\/kosovatimes.info\\\/#website\"},\"primaryImageOfPage\":{\"@id\":\"https:\\\/\\\/kosovatimes.info\\\/index.php\\\/2026\\\/09\\\/04\\\/ore-kritike-per-himaren\\\/#primaryimage\"},\"image\":{\"@id\":\"https:\\\/\\\/kosovatimes.info\\\/index.php\\\/2026\\\/09\\\/04\\\/ore-kritike-per-himaren\\\/#primaryimage\"},\"thumbnailUrl\":\"https:\\\/\\\/kosovatimes.info\\\/wp-content\\\/uploads\\\/2026\\\/09\\\/zjarri.jpg\",\"datePublished\":\"2026-09-04T20:21:41+00:00\",\"dateModified\":\"2026-09-04T20:28:14+00:00\",\"author\":{\"@id\":\"https:\\\/\\\/kosovatimes.info\\\/#\\\/schema\\\/person\\\/7586712b9c512fe68085de007378c915\"},\"breadcrumb\":{\"@id\":\"https:\\\/\\\/kosovatimes.info\\\/index.php\\\/2026\\\/09\\\/04\\\/ore-kritike-per-himaren\\\/#breadcrumb\"},\"inLanguage\":\"en-US\",\"potentialAction\":[{\"@type\":\"ReadAction\",\"target\":[\"https:\\\/\\\/kosovatimes.info\\\/index.php\\\/2026\\\/09\\\/04\\\/ore-kritike-per-himaren\\\/\"]}]},{\"@type\":\"ImageObject\",\"inLanguage\":\"en-US\",\"@id\":\"https:\\\/\\\/kosovatimes.info\\\/index.php\\\/2026\\\/09\\\/04\\\/ore-kritike-per-himaren\\\/#primaryimage\",\"url\":\"https:\\\/\\\/kosovatimes.info\\\/wp-content\\\/uploads\\\/2026\\\/09\\\/zjarri.jpg\",\"contentUrl\":\"https:\\\/\\\/kosovatimes.info\\\/wp-content\\\/uploads\\\/2026\\\/09\\\/zjarri.jpg\",\"width\":48,\"height\":80},{\"@type\":\"BreadcrumbList\",\"@id\":\"https:\\\/\\\/kosovatimes.info\\\/index.php\\\/2026\\\/09\\\/04\\\/ore-kritike-per-himaren\\\/#breadcrumb\",\"itemListElement\":[{\"@type\":\"ListItem\",\"position\":1,\"name\":\"Home\",\"item\":\"https:\\\/\\\/kosovatimes.info\\\/\"},{\"@type\":\"ListItem\",\"position\":2,\"name\":\"Or\u00eb tejet kritike p\u00ebr Himar\u00ebn. \u00a0\u00c7ipa: Reagoni sa me pare!(Video)\"}]},{\"@type\":\"WebSite\",\"@id\":\"https:\\\/\\\/kosovatimes.info\\\/#website\",\"url\":\"https:\\\/\\\/kosovatimes.info\\\/\",\"name\":\"Kosova Times\",\"description\":\"\",\"potentialAction\":[{\"@type\":\"SearchAction\",\"target\":{\"@type\":\"EntryPoint\",\"urlTemplate\":\"https:\\\/\\\/kosovatimes.info\\\/?s={search_term_string}\"},\"query-input\":{\"@type\":\"PropertyValueSpecification\",\"valueRequired\":true,\"valueName\":\"search_term_string\"}}],\"inLanguage\":\"en-US\"},{\"@type\":\"Person\",\"@id\":\"https:\\\/\\\/kosovatimes.info\\\/#\\\/schema\\\/person\\\/7586712b9c512fe68085de007378c915\",\"name\":\"i l\",\"image\":{\"@type\":\"ImageObject\",\"inLanguage\":\"en-US\",\"@id\":\"https:\\\/\\\/secure.gravatar.com\\\/avatar\\\/bad9296e02816160ae2e2435beda58222022298d5625d49fea74d18816fbb31d?s=96&d=mm&r=g\",\"url\":\"https:\\\/\\\/secure.gravatar.com\\\/avatar\\\/bad9296e02816160ae2e2435beda58222022298d5625d49fea74d18816fbb31d?s=96&d=mm&r=g\",\"contentUrl\":\"https:\\\/\\\/secure.gravatar.com\\\/avatar\\\/bad9296e02816160ae2e2435beda58222022298d5625d49fea74d18816fbb31d?s=96&d=mm&r=g\",\"caption\":\"i l\"},\"url\":\"https:\\\/\\\/kosovatimes.info\\\/index.php\\\/author\\\/iliri\\\/\"}]}<\/script>\n<!-- \/ Yoast SEO plugin. -->","yoast_head_json":{"title":"Or\u00eb tejet kritike p\u00ebr Himar\u00ebn. \u00a0\u00c7ipa: Reagoni sa me pare!(Video) - Kosova Times","robots":{"index":"index","follow":"follow","max-snippet":"max-snippet:-1","max-image-preview":"max-image-preview:large","max-video-preview":"max-video-preview:-1"},"canonical":"https:\/\/kosovatimes.info\/index.php\/2026\/09\/04\/ore-kritike-per-himaren\/","og_locale":"en_US","og_type":"article","og_title":"Or\u00eb tejet kritike p\u00ebr Himar\u00ebn. \u00a0\u00c7ipa: Reagoni sa me pare!(Video) - Kosova Times","og_description":"Or\u00eb kritike p\u00ebr Himar\u00ebn. Zjarri ka p\u00ebrfshir\u00eb sip\u00ebrfaqe t\u00eb m\u00ebdha toke.Forcat zjarrfik\u00ebse vijojn\u00eb t\u00eb jen\u00eb n\u00eb terren, ku po punojn\u00eb p\u00ebr shuarjen dhe izolimin e flak\u00ebve, me q\u00ebllim frenimin e p\u00ebrhapjes s\u00eb m\u00ebtejshme t\u00eb zjarrit. Nd\u00ebrhyrja po v\u00ebshtir\u00ebsohet nga era e fort\u00eb dhe terreni i v\u00ebshtir\u00eb, t\u00eb cilat favorizojn\u00eb p\u00ebrhapjen e flak\u00ebve. Forcat n\u00eb terren [&hellip;]","og_url":"https:\/\/kosovatimes.info\/index.php\/2026\/09\/04\/ore-kritike-per-himaren\/","og_site_name":"Kosova Times","article_published_time":"2026-09-04T20:21:41+00:00","article_modified_time":"2026-09-04T20:28:14+00:00","og_image":[{"width":48,"height":80,"url":"https:\/\/kosovatimes.info\/wp-content\/uploads\/2026\/09\/zjarri.jpg","type":"image\/jpeg"}],"author":"i l","twitter_card":"summary_large_image","twitter_misc":{"Written by":"i l","Est. reading time":"1 minute"},"schema":{"@context":"https:\/\/schema.org","@graph":[{"@type":"Article","@id":"https:\/\/kosovatimes.info\/index.php\/2026\/09\/04\/ore-kritike-per-himaren\/#article","isPartOf":{"@id":"https:\/\/kosovatimes.info\/index.php\/2026\/09\/04\/ore-kritike-per-himaren\/"},"author":{"name":"i l","@id":"https:\/\/kosovatimes.info\/#\/schema\/person\/7586712b9c512fe68085de007378c915"},"headline":"Or\u00eb tejet kritike p\u00ebr Himar\u00ebn. \u00a0\u00c7ipa: Reagoni sa me pare!(Video)","datePublished":"2026-09-04T20:21:41+00:00","dateModified":"2026-09-04T20:28:14+00:00","mainEntityOfPage":{"@id":"https:\/\/kosovatimes.info\/index.php\/2026\/09\/04\/ore-kritike-per-himaren\/"},"wordCount":178,"commentCount":0,"image":{"@id":"https:\/\/kosovatimes.info\/index.php\/2026\/09\/04\/ore-kritike-per-himaren\/#primaryimage"},"thumbnailUrl":"https:\/\/kosovatimes.info\/wp-content\/uploads\/2026\/09\/zjarri.jpg","articleSection":["Lajme","Rajon"],"inLanguage":"en-US","potentialAction":[{"@type":"CommentAction","name":"Comment","target":["https:\/\/kosovatimes.info\/index.php\/2026\/09\/04\/ore-kritike-per-himaren\/#respond"]}]},{"@type":"WebPage","@id":"https:\/\/kosovatimes.info\/index.php\/2026\/09\/04\/ore-kritike-per-himaren\/","url":"https:\/\/kosovatimes.info\/index.php\/2026\/09\/04\/ore-kritike-per-himaren\/","name":"Or\u00eb tejet kritike p\u00ebr Himar\u00ebn. \u00a0\u00c7ipa: Reagoni sa me pare!(Video) - Kosova Times","isPartOf":{"@id":"https:\/\/kosovatimes.info\/#website"},"primaryImageOfPage":{"@id":"https:\/\/kosovatimes.info\/index.php\/2026\/09\/04\/ore-kritike-per-himaren\/#primaryimage"},"image":{"@id":"https:\/\/kosovatimes.info\/index.php\/2026\/09\/04\/ore-kritike-per-himaren\/#primaryimage"},"thumbnailUrl":"https:\/\/kosovatimes.info\/wp-content\/uploads\/2026\/09\/zjarri.jpg","datePublished":"2026-09-04T20:21:41+00:00","dateModified":"2026-09-04T20:28:14+00:00","author":{"@id":"https:\/\/kosovatimes.info\/#\/schema\/person\/7586712b9c512fe68085de007378c915"},"breadcrumb":{"@id":"https:\/\/kosovatimes.info\/index.php\/2026\/09\/04\/ore-kritike-per-himaren\/#breadcrumb"},"inLanguage":"en-US","potentialAction":[{"@type":"ReadAction","target":["https:\/\/kosovatimes.info\/index.php\/2026\/09\/04\/ore-kritike-per-himaren\/"]}]},{"@type":"ImageObject","inLanguage":"en-US","@id":"https:\/\/kosovatimes.info\/index.php\/2026\/09\/04\/ore-kritike-per-himaren\/#primaryimage","url":"https:\/\/kosovatimes.info\/wp-content\/uploads\/2026\/09\/zjarri.jpg","contentUrl":"https:\/\/kosovatimes.info\/wp-content\/uploads\/2026\/09\/zjarri.jpg","width":48,"height":80},{"@type":"BreadcrumbList","@id":"https:\/\/kosovatimes.info\/index.php\/2026\/09\/04\/ore-kritike-per-himaren\/#breadcrumb","itemListElement":[{"@type":"ListItem","position":1,"name":"Home","item":"https:\/\/kosovatimes.info\/"},{"@type":"ListItem","position":2,"name":"Or\u00eb tejet kritike p\u00ebr Himar\u00ebn. \u00a0\u00c7ipa: Reagoni sa me pare!(Video)"}]},{"@type":"WebSite","@id":"https:\/\/kosovatimes.info\/#website","url":"https:\/\/kosovatimes.info\/","name":"Kosova Times","description":"","potentialAction":[{"@type":"SearchAction","target":{"@type":"EntryPoint","urlTemplate":"https:\/\/kosovatimes.info\/?s={search_term_string}"},"query-input":{"@type":"PropertyValueSpecification","valueRequired":true,"valueName":"search_term_string"}}],"inLanguage":"en-US"},{"@type":"Person","@id":"https:\/\/kosovatimes.info\/#\/schema\/person\/7586712b9c512fe68085de007378c915","name":"i l","image":{"@type":"ImageObject","inLanguage":"en-US","@id":"https:\/\/secure.gravatar.com\/avatar\/bad9296e02816160ae2e2435beda58222022298d5625d49fea74d18816fbb31d?s=96&d=mm&r=g","url":"https:\/\/secure.gravatar.com\/avatar\/bad9296e02816160ae2e2435beda58222022298d5625d49fea74d18816fbb31d?s=96&d=mm&r=g","contentUrl":"https:\/\/secure.gravatar.com\/avatar\/bad9296e02816160ae2e2435beda58222022298d5625d49fea74d18816fbb31d?s=96&d=mm&r=g","caption":"i l"},"url":"https:\/\/kosovatimes.info\/index.php\/author\/iliri\/"}]}},"_links":{"self":[{"href":"https:\/\/kosovatimes.info\/index.php\/wp-json\/wp\/v2\/posts\/30960","targetHints":{"allow":["GET"]}}],"collection":[{"href":"https:\/\/kosovatimes.info\/index.php\/wp-json\/wp\/v2\/posts"}],"about":[{"href":"https:\/\/kosovatimes.info\/index.php\/wp-json\/wp\/v2\/types\/post"}],"author":[{"embeddable":true,"href":"https:\/\/kosovatimes.info\/index.php\/wp-json\/wp\/v2\/users\/4"}],"replies":[{"embeddable":true,"href":"https:\/\/kosovatimes.info\/index.php\/wp-json\/wp\/v2\/comments?post=30960"}],"version-history":[{"count":4,"href":"https:\/\/kosovatimes.info\/index.php\/wp-json\/wp\/v2\/posts\/30960\/revisions"}],"predecessor-version":[{"id":30968,"href":"https:\/\/kosovatimes.info\/index.php\/wp-json\/wp\/v2\/posts\/30960\/revisions\/30968"}],"wp:featuredmedia":[{"embeddable":true,"href":"https:\/\/kosovatimes.info\/index.php\/wp-json\/wp\/v2\/media\/30965"}],"wp:attachment":[{"href":"https:\/\/kosovatimes.info\/index.php\/wp-json\/wp\/v2\/media?parent=30960"}],"wp:term":[{"taxonomy":"category","embeddable":true,"href":"https:\/\/kosovatimes.info\/index.php\/wp-json\/wp\/v2\/categories?post=30960"},{"taxonomy":"post_tag","embeddable":true,"href":"https:\/\/kosovatimes.info\/index.php\/wp-json\/wp\/v2\/tags?post=30960"}],"curies":[{"name":"wp","href":"https:\/\/api.w.org\/{rel}","templated":true}]}}