{"id":30969,"date":"2026-09-04T22:56:19","date_gmt":"2026-09-04T20:56:19","guid":{"rendered":"https:\/\/kosovatimes.info\/?p=30969"},"modified":"2026-09-04T22:56:19","modified_gmt":"2026-09-04T20:56:19","slug":"veliu-edhe-borxhet-politike-paguhen-me-poste-shteterore-kesaj-radhe-me-presidencen","status":"publish","type":"post","link":"https:\/\/kosovatimes.info\/index.php\/2026\/09\/04\/veliu-edhe-borxhet-politike-paguhen-me-poste-shteterore-kesaj-radhe-me-presidencen\/","title":{"rendered":"Veliu: Edhe borxhet politike paguhen me poste shtet\u00ebrore, k\u00ebsaj radhe me Presidenc\u00ebn"},"content":{"rendered":"\n<p class=\"wp-block-paragraph\"><strong>Ish-deputeti i LDK-s\u00eb, Agim Veliu, ka reaguar ndaj propozimit t\u00eb Bekim Sejdiut si kandidat \u201ckonsensual\u201d p\u00ebr president t\u00eb Kosov\u00ebs duke ngritur dyshime p\u00ebr m\u00ebnyr\u00ebn se si \u00ebsht\u00eb arritur kjo marr\u00ebveshje.<\/strong><\/p>\n\n\n\n<p class=\"wp-block-paragraph\">Veliu ka ironizuar me termin \u201ckonsensual\u201d duke th\u00ebn\u00eb se Sejdiu po paraqitet sot si nj\u00eb zgjidhje e p\u00ebrbashk\u00ebt e Albin Kurtit, Lumir Abdixhikut dhe Vjosa Osmanit.<\/p>\n\n\n\n<p class=\"wp-block-paragraph\">\u201c\u2018Kandidat konsensual\u2019. K\u00ebshtu po quhet tani Bekim Sejdiu, si t\u00eb ishte zbuluar papritur n\u00eb tryez\u00ebn e p\u00ebrbashk\u00ebt t\u00eb Kurtit, Abdixhikut e Vjosa Osmanit\u201d, ka shkruar Veliu.<\/p>\n\n\n\n<p class=\"wp-block-paragraph\">Ai ka pretenduar se, sipas tij, ky konsensus ka nisur shum\u00eb m\u00eb her\u00ebt duke iu referuar vendimeve t\u00eb Sejdiut n\u00eb Gjykat\u00ebn Kushtetuese.<\/p>\n\n\n\n<p class=\"wp-block-paragraph\">\u201cMadje qysh at\u00ebher\u00eb kur vendimet e tij n\u00eb Gjykat\u00ebn Kushtetuese i leverdisnin politikisht VV-s\u00eb dhe i kushtonin LDK-s\u00eb\u201d, \u00ebsht\u00eb shprehur Veliu.<\/p>\n\n\n\n<p class=\"wp-block-paragraph\">Sipas tij, ajo q\u00eb dikur mund t\u00eb ishte konsideruar si \u201cinvestim politik\u201d, sot po paraqitet si nj\u00eb zgjidhje e pranueshme p\u00ebr t\u00eb gjith\u00eb.<\/p>\n\n\n\n<p class=\"wp-block-paragraph\">\u201cN\u00eb politik\u00ebn ton\u00eb kosovare, me sa duket, edhe borxhet politike paguhen me poste shtet\u00ebrore. K\u00ebsaj radhe hiq m\u00eb pak se me post Presidenti!\u201d, ka shkruar ai.<\/p>\n\n\n\n<p class=\"wp-block-paragraph\">Veliu ka kritikuar edhe kryetarin e LDK-s\u00eb, Lumir Abdixhiku, p\u00ebr q\u00ebndrimin ndaj gjasht\u00eb deputet\u00ebve t\u00eb partis\u00eb q\u00eb kan\u00eb kund\u00ebrshtuar mb\u00ebshtetjen p\u00ebr kandidatur\u00ebn e Sejdiut.<\/p>\n\n\n\n<p class=\"wp-block-paragraph\">\u201cK\u00ebsaj radhe, n\u00eb krejt k\u00ebt\u00eb histori interesash t\u00eb treshes, Abdixhiku duhet t\u2019i ndal\u00eb sulmet ndaj gjasht\u00eb deputet\u00ebve. Ata nuk jan\u00eb problemi. Problemi \u00ebsht\u00eb lidershipi yt q\u00eb nuk pranon kund\u00ebrshtim dhe k\u00ebrkon vet\u00ebm bindje\u201d, ka deklaruar Veliu.<\/p>\n\n\n\n<p class=\"wp-block-paragraph\">N\u00eb fund, ai ka k\u00ebrkuar q\u00eb q\u00ebndrimi i deputet\u00ebve t\u00eb mos trajtohet si problem p\u00ebr partin\u00eb.<\/p>\n\n\n\n<p class=\"wp-block-paragraph\">\u201cN\u00ebse gjasht\u00eb deputet\u00eb than\u00eb \u2018JO\u2019, ti duhet ta pyes\u00ebsh veten PSE, para se t\u2019i faj\u00ebsosh. LDK-ja nuk \u00ebsht\u00eb pron\u00eb e askujt. As demokracia nuk \u00ebsht\u00eb urdh\u00ebr\u201d, ka p\u00ebrfunduar Veliu.<\/p>\n","protected":false},"excerpt":{"rendered":"<p>Ish-deputeti i LDK-s\u00eb, Agim Veliu, ka reaguar ndaj propozimit t\u00eb Bekim Sejdiut si kandidat \u201ckonsensual\u201d p\u00ebr president t\u00eb Kosov\u00ebs duke ngritur dyshime p\u00ebr m\u00ebnyr\u00ebn se si \u00ebsht\u00eb arritur kjo marr\u00ebveshje. Veliu ka ironizuar me termin \u201ckonsensual\u201d duke th\u00ebn\u00eb se Sejdiu po paraqitet sot si nj\u00eb zgjidhje e p\u00ebrbashk\u00ebt e Albin Kurtit, Lumir Abdixhikut dhe Vjosa [&hellip;]<\/p>\n","protected":false},"author":4,"featured_media":30970,"comment_status":"open","ping_status":"open","sticky":false,"template":"","format":"standard","meta":{"footnotes":""},"categories":[31,30],"tags":[],"class_list":["post-30969","post","type-post","status-publish","format-standard","has-post-thumbnail","category-kosove","category-lajme"],"yoast_head":"<!-- This site is optimized with the Yoast SEO plugin v27.4 - https:\/\/yoast.com\/product\/yoast-seo-wordpress\/ -->\n<title>Veliu: Edhe borxhet politike paguhen me poste shtet\u00ebrore, k\u00ebsaj radhe me Presidenc\u00ebn - Kosova Times<\/title>\n<meta name=\"robots\" content=\"index, follow, max-snippet:-1, max-image-preview:large, max-video-preview:-1\" \/>\n<link rel=\"canonical\" href=\"https:\/\/kosovatimes.info\/index.php\/2026\/09\/04\/veliu-edhe-borxhet-politike-paguhen-me-poste-shteterore-kesaj-radhe-me-presidencen\/\" \/>\n<meta property=\"og:locale\" content=\"en_US\" \/>\n<meta property=\"og:type\" content=\"article\" \/>\n<meta property=\"og:title\" content=\"Veliu: Edhe borxhet politike paguhen me poste shtet\u00ebrore, k\u00ebsaj radhe me Presidenc\u00ebn - Kosova Times\" \/>\n<meta property=\"og:description\" content=\"Ish-deputeti i LDK-s\u00eb, Agim Veliu, ka reaguar ndaj propozimit t\u00eb Bekim Sejdiut si kandidat \u201ckonsensual\u201d p\u00ebr president t\u00eb Kosov\u00ebs duke ngritur dyshime p\u00ebr m\u00ebnyr\u00ebn se si \u00ebsht\u00eb arritur kjo marr\u00ebveshje. Veliu ka ironizuar me termin \u201ckonsensual\u201d duke th\u00ebn\u00eb se Sejdiu po paraqitet sot si nj\u00eb zgjidhje e p\u00ebrbashk\u00ebt e Albin Kurtit, Lumir Abdixhikut dhe Vjosa [&hellip;]\" \/>\n<meta property=\"og:url\" content=\"https:\/\/kosovatimes.info\/index.php\/2026\/09\/04\/veliu-edhe-borxhet-politike-paguhen-me-poste-shteterore-kesaj-radhe-me-presidencen\/\" \/>\n<meta property=\"og:site_name\" content=\"Kosova Times\" \/>\n<meta property=\"article:published_time\" content=\"2026-09-04T20:56:19+00:00\" \/>\n<meta property=\"og:image\" content=\"https:\/\/kosovatimes.info\/wp-content\/uploads\/2026\/09\/Veliu.jpg\" \/>\n\t<meta property=\"og:image:width\" content=\"900\" \/>\n\t<meta property=\"og:image:height\" content=\"506\" \/>\n\t<meta property=\"og:image:type\" content=\"image\/jpeg\" \/>\n<meta name=\"author\" content=\"i l\" \/>\n<meta name=\"twitter:card\" content=\"summary_large_image\" \/>\n<meta name=\"twitter:label1\" content=\"Written by\" \/>\n\t<meta name=\"twitter:data1\" content=\"i l\" \/>\n\t<meta name=\"twitter:label2\" content=\"Est. reading time\" \/>\n\t<meta name=\"twitter:data2\" content=\"2 minutes\" \/>\n<script type=\"application\/ld+json\" class=\"yoast-schema-graph\">{\"@context\":\"https:\\\/\\\/schema.org\",\"@graph\":[{\"@type\":\"Article\",\"@id\":\"https:\\\/\\\/kosovatimes.info\\\/index.php\\\/2026\\\/09\\\/04\\\/veliu-edhe-borxhet-politike-paguhen-me-poste-shteterore-kesaj-radhe-me-presidencen\\\/#article\",\"isPartOf\":{\"@id\":\"https:\\\/\\\/kosovatimes.info\\\/index.php\\\/2026\\\/09\\\/04\\\/veliu-edhe-borxhet-politike-paguhen-me-poste-shteterore-kesaj-radhe-me-presidencen\\\/\"},\"author\":{\"name\":\"i l\",\"@id\":\"https:\\\/\\\/kosovatimes.info\\\/#\\\/schema\\\/person\\\/7586712b9c512fe68085de007378c915\"},\"headline\":\"Veliu: Edhe borxhet politike paguhen me poste shtet\u00ebrore, k\u00ebsaj radhe me Presidenc\u00ebn\",\"datePublished\":\"2026-09-04T20:56:19+00:00\",\"mainEntityOfPage\":{\"@id\":\"https:\\\/\\\/kosovatimes.info\\\/index.php\\\/2026\\\/09\\\/04\\\/veliu-edhe-borxhet-politike-paguhen-me-poste-shteterore-kesaj-radhe-me-presidencen\\\/\"},\"wordCount\":339,\"commentCount\":0,\"image\":{\"@id\":\"https:\\\/\\\/kosovatimes.info\\\/index.php\\\/2026\\\/09\\\/04\\\/veliu-edhe-borxhet-politike-paguhen-me-poste-shteterore-kesaj-radhe-me-presidencen\\\/#primaryimage\"},\"thumbnailUrl\":\"https:\\\/\\\/kosovatimes.info\\\/wp-content\\\/uploads\\\/2026\\\/09\\\/Veliu.jpg\",\"articleSection\":[\"Kosov\u00eb\",\"Lajme\"],\"inLanguage\":\"en-US\",\"potentialAction\":[{\"@type\":\"CommentAction\",\"name\":\"Comment\",\"target\":[\"https:\\\/\\\/kosovatimes.info\\\/index.php\\\/2026\\\/09\\\/04\\\/veliu-edhe-borxhet-politike-paguhen-me-poste-shteterore-kesaj-radhe-me-presidencen\\\/#respond\"]}]},{\"@type\":\"WebPage\",\"@id\":\"https:\\\/\\\/kosovatimes.info\\\/index.php\\\/2026\\\/09\\\/04\\\/veliu-edhe-borxhet-politike-paguhen-me-poste-shteterore-kesaj-radhe-me-presidencen\\\/\",\"url\":\"https:\\\/\\\/kosovatimes.info\\\/index.php\\\/2026\\\/09\\\/04\\\/veliu-edhe-borxhet-politike-paguhen-me-poste-shteterore-kesaj-radhe-me-presidencen\\\/\",\"name\":\"Veliu: Edhe borxhet politike paguhen me poste shtet\u00ebrore, k\u00ebsaj radhe me Presidenc\u00ebn - Kosova Times\",\"isPartOf\":{\"@id\":\"https:\\\/\\\/kosovatimes.info\\\/#website\"},\"primaryImageOfPage\":{\"@id\":\"https:\\\/\\\/kosovatimes.info\\\/index.php\\\/2026\\\/09\\\/04\\\/veliu-edhe-borxhet-politike-paguhen-me-poste-shteterore-kesaj-radhe-me-presidencen\\\/#primaryimage\"},\"image\":{\"@id\":\"https:\\\/\\\/kosovatimes.info\\\/index.php\\\/2026\\\/09\\\/04\\\/veliu-edhe-borxhet-politike-paguhen-me-poste-shteterore-kesaj-radhe-me-presidencen\\\/#primaryimage\"},\"thumbnailUrl\":\"https:\\\/\\\/kosovatimes.info\\\/wp-content\\\/uploads\\\/2026\\\/09\\\/Veliu.jpg\",\"datePublished\":\"2026-09-04T20:56:19+00:00\",\"author\":{\"@id\":\"https:\\\/\\\/kosovatimes.info\\\/#\\\/schema\\\/person\\\/7586712b9c512fe68085de007378c915\"},\"breadcrumb\":{\"@id\":\"https:\\\/\\\/kosovatimes.info\\\/index.php\\\/2026\\\/09\\\/04\\\/veliu-edhe-borxhet-politike-paguhen-me-poste-shteterore-kesaj-radhe-me-presidencen\\\/#breadcrumb\"},\"inLanguage\":\"en-US\",\"potentialAction\":[{\"@type\":\"ReadAction\",\"target\":[\"https:\\\/\\\/kosovatimes.info\\\/index.php\\\/2026\\\/09\\\/04\\\/veliu-edhe-borxhet-politike-paguhen-me-poste-shteterore-kesaj-radhe-me-presidencen\\\/\"]}]},{\"@type\":\"ImageObject\",\"inLanguage\":\"en-US\",\"@id\":\"https:\\\/\\\/kosovatimes.info\\\/index.php\\\/2026\\\/09\\\/04\\\/veliu-edhe-borxhet-politike-paguhen-me-poste-shteterore-kesaj-radhe-me-presidencen\\\/#primaryimage\",\"url\":\"https:\\\/\\\/kosovatimes.info\\\/wp-content\\\/uploads\\\/2026\\\/09\\\/Veliu.jpg\",\"contentUrl\":\"https:\\\/\\\/kosovatimes.info\\\/wp-content\\\/uploads\\\/2026\\\/09\\\/Veliu.jpg\",\"width\":900,\"height\":506},{\"@type\":\"BreadcrumbList\",\"@id\":\"https:\\\/\\\/kosovatimes.info\\\/index.php\\\/2026\\\/09\\\/04\\\/veliu-edhe-borxhet-politike-paguhen-me-poste-shteterore-kesaj-radhe-me-presidencen\\\/#breadcrumb\",\"itemListElement\":[{\"@type\":\"ListItem\",\"position\":1,\"name\":\"Home\",\"item\":\"https:\\\/\\\/kosovatimes.info\\\/\"},{\"@type\":\"ListItem\",\"position\":2,\"name\":\"Veliu: Edhe borxhet politike paguhen me poste shtet\u00ebrore, k\u00ebsaj radhe me Presidenc\u00ebn\"}]},{\"@type\":\"WebSite\",\"@id\":\"https:\\\/\\\/kosovatimes.info\\\/#website\",\"url\":\"https:\\\/\\\/kosovatimes.info\\\/\",\"name\":\"Kosova Times\",\"description\":\"\",\"potentialAction\":[{\"@type\":\"SearchAction\",\"target\":{\"@type\":\"EntryPoint\",\"urlTemplate\":\"https:\\\/\\\/kosovatimes.info\\\/?s={search_term_string}\"},\"query-input\":{\"@type\":\"PropertyValueSpecification\",\"valueRequired\":true,\"valueName\":\"search_term_string\"}}],\"inLanguage\":\"en-US\"},{\"@type\":\"Person\",\"@id\":\"https:\\\/\\\/kosovatimes.info\\\/#\\\/schema\\\/person\\\/7586712b9c512fe68085de007378c915\",\"name\":\"i l\",\"image\":{\"@type\":\"ImageObject\",\"inLanguage\":\"en-US\",\"@id\":\"https:\\\/\\\/secure.gravatar.com\\\/avatar\\\/bad9296e02816160ae2e2435beda58222022298d5625d49fea74d18816fbb31d?s=96&d=mm&r=g\",\"url\":\"https:\\\/\\\/secure.gravatar.com\\\/avatar\\\/bad9296e02816160ae2e2435beda58222022298d5625d49fea74d18816fbb31d?s=96&d=mm&r=g\",\"contentUrl\":\"https:\\\/\\\/secure.gravatar.com\\\/avatar\\\/bad9296e02816160ae2e2435beda58222022298d5625d49fea74d18816fbb31d?s=96&d=mm&r=g\",\"caption\":\"i l\"},\"url\":\"https:\\\/\\\/kosovatimes.info\\\/index.php\\\/author\\\/iliri\\\/\"}]}<\/script>\n<!-- \/ Yoast SEO plugin. -->","yoast_head_json":{"title":"Veliu: Edhe borxhet politike paguhen me poste shtet\u00ebrore, k\u00ebsaj radhe me Presidenc\u00ebn - Kosova Times","robots":{"index":"index","follow":"follow","max-snippet":"max-snippet:-1","max-image-preview":"max-image-preview:large","max-video-preview":"max-video-preview:-1"},"canonical":"https:\/\/kosovatimes.info\/index.php\/2026\/09\/04\/veliu-edhe-borxhet-politike-paguhen-me-poste-shteterore-kesaj-radhe-me-presidencen\/","og_locale":"en_US","og_type":"article","og_title":"Veliu: Edhe borxhet politike paguhen me poste shtet\u00ebrore, k\u00ebsaj radhe me Presidenc\u00ebn - Kosova Times","og_description":"Ish-deputeti i LDK-s\u00eb, Agim Veliu, ka reaguar ndaj propozimit t\u00eb Bekim Sejdiut si kandidat \u201ckonsensual\u201d p\u00ebr president t\u00eb Kosov\u00ebs duke ngritur dyshime p\u00ebr m\u00ebnyr\u00ebn se si \u00ebsht\u00eb arritur kjo marr\u00ebveshje. Veliu ka ironizuar me termin \u201ckonsensual\u201d duke th\u00ebn\u00eb se Sejdiu po paraqitet sot si nj\u00eb zgjidhje e p\u00ebrbashk\u00ebt e Albin Kurtit, Lumir Abdixhikut dhe Vjosa [&hellip;]","og_url":"https:\/\/kosovatimes.info\/index.php\/2026\/09\/04\/veliu-edhe-borxhet-politike-paguhen-me-poste-shteterore-kesaj-radhe-me-presidencen\/","og_site_name":"Kosova Times","article_published_time":"2026-09-04T20:56:19+00:00","og_image":[{"width":900,"height":506,"url":"https:\/\/kosovatimes.info\/wp-content\/uploads\/2026\/09\/Veliu.jpg","type":"image\/jpeg"}],"author":"i l","twitter_card":"summary_large_image","twitter_misc":{"Written by":"i l","Est. reading time":"2 minutes"},"schema":{"@context":"https:\/\/schema.org","@graph":[{"@type":"Article","@id":"https:\/\/kosovatimes.info\/index.php\/2026\/09\/04\/veliu-edhe-borxhet-politike-paguhen-me-poste-shteterore-kesaj-radhe-me-presidencen\/#article","isPartOf":{"@id":"https:\/\/kosovatimes.info\/index.php\/2026\/09\/04\/veliu-edhe-borxhet-politike-paguhen-me-poste-shteterore-kesaj-radhe-me-presidencen\/"},"author":{"name":"i l","@id":"https:\/\/kosovatimes.info\/#\/schema\/person\/7586712b9c512fe68085de007378c915"},"headline":"Veliu: Edhe borxhet politike paguhen me poste shtet\u00ebrore, k\u00ebsaj radhe me Presidenc\u00ebn","datePublished":"2026-09-04T20:56:19+00:00","mainEntityOfPage":{"@id":"https:\/\/kosovatimes.info\/index.php\/2026\/09\/04\/veliu-edhe-borxhet-politike-paguhen-me-poste-shteterore-kesaj-radhe-me-presidencen\/"},"wordCount":339,"commentCount":0,"image":{"@id":"https:\/\/kosovatimes.info\/index.php\/2026\/09\/04\/veliu-edhe-borxhet-politike-paguhen-me-poste-shteterore-kesaj-radhe-me-presidencen\/#primaryimage"},"thumbnailUrl":"https:\/\/kosovatimes.info\/wp-content\/uploads\/2026\/09\/Veliu.jpg","articleSection":["Kosov\u00eb","Lajme"],"inLanguage":"en-US","potentialAction":[{"@type":"CommentAction","name":"Comment","target":["https:\/\/kosovatimes.info\/index.php\/2026\/09\/04\/veliu-edhe-borxhet-politike-paguhen-me-poste-shteterore-kesaj-radhe-me-presidencen\/#respond"]}]},{"@type":"WebPage","@id":"https:\/\/kosovatimes.info\/index.php\/2026\/09\/04\/veliu-edhe-borxhet-politike-paguhen-me-poste-shteterore-kesaj-radhe-me-presidencen\/","url":"https:\/\/kosovatimes.info\/index.php\/2026\/09\/04\/veliu-edhe-borxhet-politike-paguhen-me-poste-shteterore-kesaj-radhe-me-presidencen\/","name":"Veliu: Edhe borxhet politike paguhen me poste shtet\u00ebrore, k\u00ebsaj radhe me Presidenc\u00ebn - Kosova Times","isPartOf":{"@id":"https:\/\/kosovatimes.info\/#website"},"primaryImageOfPage":{"@id":"https:\/\/kosovatimes.info\/index.php\/2026\/09\/04\/veliu-edhe-borxhet-politike-paguhen-me-poste-shteterore-kesaj-radhe-me-presidencen\/#primaryimage"},"image":{"@id":"https:\/\/kosovatimes.info\/index.php\/2026\/09\/04\/veliu-edhe-borxhet-politike-paguhen-me-poste-shteterore-kesaj-radhe-me-presidencen\/#primaryimage"},"thumbnailUrl":"https:\/\/kosovatimes.info\/wp-content\/uploads\/2026\/09\/Veliu.jpg","datePublished":"2026-09-04T20:56:19+00:00","author":{"@id":"https:\/\/kosovatimes.info\/#\/schema\/person\/7586712b9c512fe68085de007378c915"},"breadcrumb":{"@id":"https:\/\/kosovatimes.info\/index.php\/2026\/09\/04\/veliu-edhe-borxhet-politike-paguhen-me-poste-shteterore-kesaj-radhe-me-presidencen\/#breadcrumb"},"inLanguage":"en-US","potentialAction":[{"@type":"ReadAction","target":["https:\/\/kosovatimes.info\/index.php\/2026\/09\/04\/veliu-edhe-borxhet-politike-paguhen-me-poste-shteterore-kesaj-radhe-me-presidencen\/"]}]},{"@type":"ImageObject","inLanguage":"en-US","@id":"https:\/\/kosovatimes.info\/index.php\/2026\/09\/04\/veliu-edhe-borxhet-politike-paguhen-me-poste-shteterore-kesaj-radhe-me-presidencen\/#primaryimage","url":"https:\/\/kosovatimes.info\/wp-content\/uploads\/2026\/09\/Veliu.jpg","contentUrl":"https:\/\/kosovatimes.info\/wp-content\/uploads\/2026\/09\/Veliu.jpg","width":900,"height":506},{"@type":"BreadcrumbList","@id":"https:\/\/kosovatimes.info\/index.php\/2026\/09\/04\/veliu-edhe-borxhet-politike-paguhen-me-poste-shteterore-kesaj-radhe-me-presidencen\/#breadcrumb","itemListElement":[{"@type":"ListItem","position":1,"name":"Home","item":"https:\/\/kosovatimes.info\/"},{"@type":"ListItem","position":2,"name":"Veliu: Edhe borxhet politike paguhen me poste shtet\u00ebrore, k\u00ebsaj radhe me Presidenc\u00ebn"}]},{"@type":"WebSite","@id":"https:\/\/kosovatimes.info\/#website","url":"https:\/\/kosovatimes.info\/","name":"Kosova Times","description":"","potentialAction":[{"@type":"SearchAction","target":{"@type":"EntryPoint","urlTemplate":"https:\/\/kosovatimes.info\/?s={search_term_string}"},"query-input":{"@type":"PropertyValueSpecification","valueRequired":true,"valueName":"search_term_string"}}],"inLanguage":"en-US"},{"@type":"Person","@id":"https:\/\/kosovatimes.info\/#\/schema\/person\/7586712b9c512fe68085de007378c915","name":"i l","image":{"@type":"ImageObject","inLanguage":"en-US","@id":"https:\/\/secure.gravatar.com\/avatar\/bad9296e02816160ae2e2435beda58222022298d5625d49fea74d18816fbb31d?s=96&d=mm&r=g","url":"https:\/\/secure.gravatar.com\/avatar\/bad9296e02816160ae2e2435beda58222022298d5625d49fea74d18816fbb31d?s=96&d=mm&r=g","contentUrl":"https:\/\/secure.gravatar.com\/avatar\/bad9296e02816160ae2e2435beda58222022298d5625d49fea74d18816fbb31d?s=96&d=mm&r=g","caption":"i l"},"url":"https:\/\/kosovatimes.info\/index.php\/author\/iliri\/"}]}},"_links":{"self":[{"href":"https:\/\/kosovatimes.info\/index.php\/wp-json\/wp\/v2\/posts\/30969","targetHints":{"allow":["GET"]}}],"collection":[{"href":"https:\/\/kosovatimes.info\/index.php\/wp-json\/wp\/v2\/posts"}],"about":[{"href":"https:\/\/kosovatimes.info\/index.php\/wp-json\/wp\/v2\/types\/post"}],"author":[{"embeddable":true,"href":"https:\/\/kosovatimes.info\/index.php\/wp-json\/wp\/v2\/users\/4"}],"replies":[{"embeddable":true,"href":"https:\/\/kosovatimes.info\/index.php\/wp-json\/wp\/v2\/comments?post=30969"}],"version-history":[{"count":1,"href":"https:\/\/kosovatimes.info\/index.php\/wp-json\/wp\/v2\/posts\/30969\/revisions"}],"predecessor-version":[{"id":30971,"href":"https:\/\/kosovatimes.info\/index.php\/wp-json\/wp\/v2\/posts\/30969\/revisions\/30971"}],"wp:featuredmedia":[{"embeddable":true,"href":"https:\/\/kosovatimes.info\/index.php\/wp-json\/wp\/v2\/media\/30970"}],"wp:attachment":[{"href":"https:\/\/kosovatimes.info\/index.php\/wp-json\/wp\/v2\/media?parent=30969"}],"wp:term":[{"taxonomy":"category","embeddable":true,"href":"https:\/\/kosovatimes.info\/index.php\/wp-json\/wp\/v2\/categories?post=30969"},{"taxonomy":"post_tag","embeddable":true,"href":"https:\/\/kosovatimes.info\/index.php\/wp-json\/wp\/v2\/tags?post=30969"}],"curies":[{"name":"wp","href":"https:\/\/api.w.org\/{rel}","templated":true}]}}