{"id":30985,"date":"2026-09-05T08:26:17","date_gmt":"2026-09-05T06:26:17","guid":{"rendered":"https:\/\/kosovatimes.info\/?p=30985"},"modified":"2026-09-05T08:45:32","modified_gmt":"2026-09-05T06:45:32","slug":"shperthim-i-tmerrshem-ne-nje-kompleks-ushtarak-prane-la-paz-te-pakten-10-te-vdekur-dhe-me-shume-se-60-te-plagosur","status":"publish","type":"post","link":"https:\/\/kosovatimes.info\/index.php\/2026\/09\/05\/shperthim-i-tmerrshem-ne-nje-kompleks-ushtarak-prane-la-paz-te-pakten-10-te-vdekur-dhe-me-shume-se-60-te-plagosur\/","title":{"rendered":"Shp\u00ebrthim i tmerrsh\u00ebm n\u00eb nj\u00eb kompleks ushtarak pran\u00eb La Paz: T\u00eb pakt\u00ebn 10 t\u00eb vdekur dhe m\u00eb shum\u00eb se 60 t\u00eb plagosur"},"content":{"rendered":"\n<p class=\"wp-block-paragraph\">T\u00eb pakt\u00ebn dhjet\u00eb persona u vran\u00eb dhe m\u00eb shum\u00eb se 60 t\u00eb tjer\u00eb u plagos\u00ebn t\u00eb premten n\u00eb nj\u00eb shp\u00ebrthim n\u00eb nj\u00eb kazerm\u00eb n\u00eb komun\u00ebn boliviane t\u00eb Viacha, rreth 30 kilometra nga La Paz, than\u00eb autoritetet lokale.Shp\u00ebrthimi ndodhi rreth or\u00ebs 14:30 sipas koh\u00ebs lokale n\u00eb nj\u00eb zon\u00eb t\u00eb p\u00ebrdorur p\u00ebr t\u00eb ruajtur materiale Edhe pse shkaku nuk \u00ebsht\u00eb p\u00ebrcaktuar ende, zyrtar\u00ebt than\u00eb se shp\u00ebrthimi filloi nga rezervat e fishekzjarr\u00ebve t\u00eb Ministris\u00eb s\u00eb Mbrojtjes.<\/p>\n\n\n\n<figure class=\"wp-block-embed is-type-rich is-provider-x wp-block-embed-x\"><div class=\"wp-block-embed__wrapper\">\n<blockquote class=\"twitter-tweet\" data-width=\"550\" data-dnt=\"true\"><p lang=\"en\" dir=\"ltr\">NEW: Two dead, 59 wounded in Bolivia army barracks blast, police say <a href=\"https:\/\/t.co\/vc1GF8WYze\">pic.twitter.com\/vc1GF8WYze<\/a><\/p>&mdash; Insider Paper (@TheInsiderPaper) <a href=\"https:\/\/x.com\/TheInsiderPaper\/status\/2096090115567489478?ref_src=twsrc%5Etfw\">September 5, 2026<\/a><\/blockquote><script async src=\"https:\/\/platform.x.com\/widgets.js\" charset=\"utf-8\"><\/script>\n<\/div><\/figure>\n\n\n\n<p class=\"wp-block-paragraph\"><br>Drejtoresha e Sh\u00ebndet\u00ebsis\u00eb n\u00eb Viacha,\u00a0<strong>Rita Nebraska,<\/strong>\u00a0i tha televizionit lokal se besohet se n\u00eb incident kan\u00eb vdekur midis 10 dhe 15 persona, nd\u00ebrsa 62 t\u00eb tjer\u00eb jan\u00eb plagosur.iroteknike, than\u00eb autoritetet.<\/p>\n\n\n\n<p class=\"wp-block-paragraph\">Kat\u00ebrmb\u00ebdhjet\u00eb nga t\u00eb plagosurit u d\u00ebrguan n\u00eb spitalet n\u00eb La Paz, p\u00ebrfshir\u00eb nj\u00eb vajz\u00eb me djegie t\u00eb shkall\u00ebs s\u00eb tret\u00eb, tha ajo.<\/p>\n\n\n\n<p class=\"wp-block-paragraph\">Policia tha se m\u00eb shum\u00eb se 50 persona u plagos\u00ebn dhe dhjet\u00ebra sht\u00ebpi u d\u00ebmtuan, kryesisht p\u00ebr shkak t\u00eb dritareve t\u00eb thyera nga shp\u00ebrthimi.<\/p>\n\n\n\n<p class=\"wp-block-paragraph\">Ambulancat, ekipet mjek\u00ebsore dhe policia u d\u00ebrguan n\u00eb kompleksin ushtarak p\u00ebr t\u00eb vler\u00ebsuar d\u00ebmet dhe p\u00ebr t\u00eb evakuuar t\u00eb plagosurit n\u00eb qendrat sh\u00ebndet\u00ebsore.<\/p>\n\n\n\n<p class=\"wp-block-paragraph\">Nebraska tha se zjarrfik\u00ebsit paralajm\u00ebruan se nj\u00eb burim nxeht\u00ebsie mbeti n\u00eb vendngjarje, duke rritur rrezikun e nj\u00eb shp\u00ebrthimi tjet\u00ebr, dhe u b\u00ebn\u00eb thirrje banor\u00ebve t\u00eb q\u00ebndrojn\u00eb t\u00eb pakt\u00ebn 150 jard\u00eb larg.<\/p>\n\n\n\n<p class=\"wp-block-paragraph\">Agjencia AFP raportoi m\u00eb par\u00eb se Ministri i Mbrojtjes&nbsp;<strong>Ernesto Justiniano<\/strong>&nbsp;kishte njoftuar se t\u00eb pakt\u00ebn 58 persona u plagos\u00ebn n\u00eb shp\u00ebrthim dhe se &#8220;ka raportime paraprake p\u00ebr vdekje t\u00eb mundshme&#8221;.<\/p>\n","protected":false},"excerpt":{"rendered":"<p>T\u00eb pakt\u00ebn dhjet\u00eb persona u vran\u00eb dhe m\u00eb shum\u00eb se 60 t\u00eb tjer\u00eb u plagos\u00ebn t\u00eb premten n\u00eb nj\u00eb shp\u00ebrthim n\u00eb nj\u00eb kazerm\u00eb n\u00eb komun\u00ebn boliviane t\u00eb Viacha, rreth 30 kilometra nga La Paz, than\u00eb autoritetet lokale.Shp\u00ebrthimi ndodhi rreth or\u00ebs 14:30 sipas koh\u00ebs lokale n\u00eb nj\u00eb zon\u00eb t\u00eb p\u00ebrdorur p\u00ebr t\u00eb ruajtur materiale Edhe pse [&hellip;]<\/p>\n","protected":false},"author":4,"featured_media":30986,"comment_status":"open","ping_status":"open","sticky":false,"template":"","format":"standard","meta":{"footnotes":""},"categories":[33,30],"tags":[],"class_list":["post-30985","post","type-post","status-publish","format-standard","has-post-thumbnail","category-bote","category-lajme"],"yoast_head":"<!-- This site is optimized with the Yoast SEO plugin v27.4 - https:\/\/yoast.com\/product\/yoast-seo-wordpress\/ -->\n<title>Shp\u00ebrthim i tmerrsh\u00ebm n\u00eb nj\u00eb kompleks ushtarak pran\u00eb La Paz: T\u00eb pakt\u00ebn 10 t\u00eb vdekur dhe m\u00eb shum\u00eb se 60 t\u00eb plagosur - Kosova Times<\/title>\n<meta name=\"robots\" content=\"index, follow, max-snippet:-1, max-image-preview:large, max-video-preview:-1\" \/>\n<link rel=\"canonical\" href=\"https:\/\/kosovatimes.info\/index.php\/2026\/09\/05\/shperthim-i-tmerrshem-ne-nje-kompleks-ushtarak-prane-la-paz-te-pakten-10-te-vdekur-dhe-me-shume-se-60-te-plagosur\/\" \/>\n<meta property=\"og:locale\" content=\"en_US\" \/>\n<meta property=\"og:type\" content=\"article\" \/>\n<meta property=\"og:title\" content=\"Shp\u00ebrthim i tmerrsh\u00ebm n\u00eb nj\u00eb kompleks ushtarak pran\u00eb La Paz: T\u00eb pakt\u00ebn 10 t\u00eb vdekur dhe m\u00eb shum\u00eb se 60 t\u00eb plagosur - Kosova Times\" \/>\n<meta property=\"og:description\" content=\"T\u00eb pakt\u00ebn dhjet\u00eb persona u vran\u00eb dhe m\u00eb shum\u00eb se 60 t\u00eb tjer\u00eb u plagos\u00ebn t\u00eb premten n\u00eb nj\u00eb shp\u00ebrthim n\u00eb nj\u00eb kazerm\u00eb n\u00eb komun\u00ebn boliviane t\u00eb Viacha, rreth 30 kilometra nga La Paz, than\u00eb autoritetet lokale.Shp\u00ebrthimi ndodhi rreth or\u00ebs 14:30 sipas koh\u00ebs lokale n\u00eb nj\u00eb zon\u00eb t\u00eb p\u00ebrdorur p\u00ebr t\u00eb ruajtur materiale Edhe pse [&hellip;]\" \/>\n<meta property=\"og:url\" content=\"https:\/\/kosovatimes.info\/index.php\/2026\/09\/05\/shperthim-i-tmerrshem-ne-nje-kompleks-ushtarak-prane-la-paz-te-pakten-10-te-vdekur-dhe-me-shume-se-60-te-plagosur\/\" \/>\n<meta property=\"og:site_name\" content=\"Kosova Times\" \/>\n<meta property=\"article:published_time\" content=\"2026-09-05T06:26:17+00:00\" \/>\n<meta property=\"article:modified_time\" content=\"2026-09-05T06:45:32+00:00\" \/>\n<meta property=\"og:image\" content=\"https:\/\/kosovatimes.info\/wp-content\/uploads\/2026\/09\/Bolivi.jpg\" \/>\n\t<meta property=\"og:image:width\" content=\"1280\" \/>\n\t<meta property=\"og:image:height\" content=\"670\" \/>\n\t<meta property=\"og:image:type\" content=\"image\/jpeg\" \/>\n<meta name=\"author\" content=\"i l\" \/>\n<meta name=\"twitter:card\" content=\"summary_large_image\" \/>\n<meta name=\"twitter:label1\" content=\"Written by\" \/>\n\t<meta name=\"twitter:data1\" content=\"i l\" \/>\n\t<meta name=\"twitter:label2\" content=\"Est. reading time\" \/>\n\t<meta name=\"twitter:data2\" content=\"2 minutes\" \/>\n<script type=\"application\/ld+json\" class=\"yoast-schema-graph\">{\"@context\":\"https:\\\/\\\/schema.org\",\"@graph\":[{\"@type\":\"Article\",\"@id\":\"https:\\\/\\\/kosovatimes.info\\\/index.php\\\/2026\\\/09\\\/05\\\/shperthim-i-tmerrshem-ne-nje-kompleks-ushtarak-prane-la-paz-te-pakten-10-te-vdekur-dhe-me-shume-se-60-te-plagosur\\\/#article\",\"isPartOf\":{\"@id\":\"https:\\\/\\\/kosovatimes.info\\\/index.php\\\/2026\\\/09\\\/05\\\/shperthim-i-tmerrshem-ne-nje-kompleks-ushtarak-prane-la-paz-te-pakten-10-te-vdekur-dhe-me-shume-se-60-te-plagosur\\\/\"},\"author\":{\"name\":\"i l\",\"@id\":\"https:\\\/\\\/kosovatimes.info\\\/#\\\/schema\\\/person\\\/7586712b9c512fe68085de007378c915\"},\"headline\":\"Shp\u00ebrthim i tmerrsh\u00ebm n\u00eb nj\u00eb kompleks ushtarak pran\u00eb La Paz: T\u00eb pakt\u00ebn 10 t\u00eb vdekur dhe m\u00eb shum\u00eb se 60 t\u00eb plagosur\",\"datePublished\":\"2026-09-05T06:26:17+00:00\",\"dateModified\":\"2026-09-05T06:45:32+00:00\",\"mainEntityOfPage\":{\"@id\":\"https:\\\/\\\/kosovatimes.info\\\/index.php\\\/2026\\\/09\\\/05\\\/shperthim-i-tmerrshem-ne-nje-kompleks-ushtarak-prane-la-paz-te-pakten-10-te-vdekur-dhe-me-shume-se-60-te-plagosur\\\/\"},\"wordCount\":340,\"commentCount\":0,\"image\":{\"@id\":\"https:\\\/\\\/kosovatimes.info\\\/index.php\\\/2026\\\/09\\\/05\\\/shperthim-i-tmerrshem-ne-nje-kompleks-ushtarak-prane-la-paz-te-pakten-10-te-vdekur-dhe-me-shume-se-60-te-plagosur\\\/#primaryimage\"},\"thumbnailUrl\":\"https:\\\/\\\/kosovatimes.info\\\/wp-content\\\/uploads\\\/2026\\\/09\\\/Bolivi.jpg\",\"articleSection\":[\"Bot\u00eb\",\"Lajme\"],\"inLanguage\":\"en-US\",\"potentialAction\":[{\"@type\":\"CommentAction\",\"name\":\"Comment\",\"target\":[\"https:\\\/\\\/kosovatimes.info\\\/index.php\\\/2026\\\/09\\\/05\\\/shperthim-i-tmerrshem-ne-nje-kompleks-ushtarak-prane-la-paz-te-pakten-10-te-vdekur-dhe-me-shume-se-60-te-plagosur\\\/#respond\"]}]},{\"@type\":\"WebPage\",\"@id\":\"https:\\\/\\\/kosovatimes.info\\\/index.php\\\/2026\\\/09\\\/05\\\/shperthim-i-tmerrshem-ne-nje-kompleks-ushtarak-prane-la-paz-te-pakten-10-te-vdekur-dhe-me-shume-se-60-te-plagosur\\\/\",\"url\":\"https:\\\/\\\/kosovatimes.info\\\/index.php\\\/2026\\\/09\\\/05\\\/shperthim-i-tmerrshem-ne-nje-kompleks-ushtarak-prane-la-paz-te-pakten-10-te-vdekur-dhe-me-shume-se-60-te-plagosur\\\/\",\"name\":\"Shp\u00ebrthim i tmerrsh\u00ebm n\u00eb nj\u00eb kompleks ushtarak pran\u00eb La Paz: T\u00eb pakt\u00ebn 10 t\u00eb vdekur dhe m\u00eb shum\u00eb se 60 t\u00eb plagosur - Kosova Times\",\"isPartOf\":{\"@id\":\"https:\\\/\\\/kosovatimes.info\\\/#website\"},\"primaryImageOfPage\":{\"@id\":\"https:\\\/\\\/kosovatimes.info\\\/index.php\\\/2026\\\/09\\\/05\\\/shperthim-i-tmerrshem-ne-nje-kompleks-ushtarak-prane-la-paz-te-pakten-10-te-vdekur-dhe-me-shume-se-60-te-plagosur\\\/#primaryimage\"},\"image\":{\"@id\":\"https:\\\/\\\/kosovatimes.info\\\/index.php\\\/2026\\\/09\\\/05\\\/shperthim-i-tmerrshem-ne-nje-kompleks-ushtarak-prane-la-paz-te-pakten-10-te-vdekur-dhe-me-shume-se-60-te-plagosur\\\/#primaryimage\"},\"thumbnailUrl\":\"https:\\\/\\\/kosovatimes.info\\\/wp-content\\\/uploads\\\/2026\\\/09\\\/Bolivi.jpg\",\"datePublished\":\"2026-09-05T06:26:17+00:00\",\"dateModified\":\"2026-09-05T06:45:32+00:00\",\"author\":{\"@id\":\"https:\\\/\\\/kosovatimes.info\\\/#\\\/schema\\\/person\\\/7586712b9c512fe68085de007378c915\"},\"breadcrumb\":{\"@id\":\"https:\\\/\\\/kosovatimes.info\\\/index.php\\\/2026\\\/09\\\/05\\\/shperthim-i-tmerrshem-ne-nje-kompleks-ushtarak-prane-la-paz-te-pakten-10-te-vdekur-dhe-me-shume-se-60-te-plagosur\\\/#breadcrumb\"},\"inLanguage\":\"en-US\",\"potentialAction\":[{\"@type\":\"ReadAction\",\"target\":[\"https:\\\/\\\/kosovatimes.info\\\/index.php\\\/2026\\\/09\\\/05\\\/shperthim-i-tmerrshem-ne-nje-kompleks-ushtarak-prane-la-paz-te-pakten-10-te-vdekur-dhe-me-shume-se-60-te-plagosur\\\/\"]}]},{\"@type\":\"ImageObject\",\"inLanguage\":\"en-US\",\"@id\":\"https:\\\/\\\/kosovatimes.info\\\/index.php\\\/2026\\\/09\\\/05\\\/shperthim-i-tmerrshem-ne-nje-kompleks-ushtarak-prane-la-paz-te-pakten-10-te-vdekur-dhe-me-shume-se-60-te-plagosur\\\/#primaryimage\",\"url\":\"https:\\\/\\\/kosovatimes.info\\\/wp-content\\\/uploads\\\/2026\\\/09\\\/Bolivi.jpg\",\"contentUrl\":\"https:\\\/\\\/kosovatimes.info\\\/wp-content\\\/uploads\\\/2026\\\/09\\\/Bolivi.jpg\",\"width\":1280,\"height\":670},{\"@type\":\"BreadcrumbList\",\"@id\":\"https:\\\/\\\/kosovatimes.info\\\/index.php\\\/2026\\\/09\\\/05\\\/shperthim-i-tmerrshem-ne-nje-kompleks-ushtarak-prane-la-paz-te-pakten-10-te-vdekur-dhe-me-shume-se-60-te-plagosur\\\/#breadcrumb\",\"itemListElement\":[{\"@type\":\"ListItem\",\"position\":1,\"name\":\"Home\",\"item\":\"https:\\\/\\\/kosovatimes.info\\\/\"},{\"@type\":\"ListItem\",\"position\":2,\"name\":\"Shp\u00ebrthim i tmerrsh\u00ebm n\u00eb nj\u00eb kompleks ushtarak pran\u00eb La Paz: T\u00eb pakt\u00ebn 10 t\u00eb vdekur dhe m\u00eb shum\u00eb se 60 t\u00eb plagosur\"}]},{\"@type\":\"WebSite\",\"@id\":\"https:\\\/\\\/kosovatimes.info\\\/#website\",\"url\":\"https:\\\/\\\/kosovatimes.info\\\/\",\"name\":\"Kosova Times\",\"description\":\"\",\"potentialAction\":[{\"@type\":\"SearchAction\",\"target\":{\"@type\":\"EntryPoint\",\"urlTemplate\":\"https:\\\/\\\/kosovatimes.info\\\/?s={search_term_string}\"},\"query-input\":{\"@type\":\"PropertyValueSpecification\",\"valueRequired\":true,\"valueName\":\"search_term_string\"}}],\"inLanguage\":\"en-US\"},{\"@type\":\"Person\",\"@id\":\"https:\\\/\\\/kosovatimes.info\\\/#\\\/schema\\\/person\\\/7586712b9c512fe68085de007378c915\",\"name\":\"i l\",\"image\":{\"@type\":\"ImageObject\",\"inLanguage\":\"en-US\",\"@id\":\"https:\\\/\\\/secure.gravatar.com\\\/avatar\\\/bad9296e02816160ae2e2435beda58222022298d5625d49fea74d18816fbb31d?s=96&d=mm&r=g\",\"url\":\"https:\\\/\\\/secure.gravatar.com\\\/avatar\\\/bad9296e02816160ae2e2435beda58222022298d5625d49fea74d18816fbb31d?s=96&d=mm&r=g\",\"contentUrl\":\"https:\\\/\\\/secure.gravatar.com\\\/avatar\\\/bad9296e02816160ae2e2435beda58222022298d5625d49fea74d18816fbb31d?s=96&d=mm&r=g\",\"caption\":\"i l\"},\"url\":\"https:\\\/\\\/kosovatimes.info\\\/index.php\\\/author\\\/iliri\\\/\"}]}<\/script>\n<!-- \/ Yoast SEO plugin. -->","yoast_head_json":{"title":"Shp\u00ebrthim i tmerrsh\u00ebm n\u00eb nj\u00eb kompleks ushtarak pran\u00eb La Paz: T\u00eb pakt\u00ebn 10 t\u00eb vdekur dhe m\u00eb shum\u00eb se 60 t\u00eb plagosur - Kosova Times","robots":{"index":"index","follow":"follow","max-snippet":"max-snippet:-1","max-image-preview":"max-image-preview:large","max-video-preview":"max-video-preview:-1"},"canonical":"https:\/\/kosovatimes.info\/index.php\/2026\/09\/05\/shperthim-i-tmerrshem-ne-nje-kompleks-ushtarak-prane-la-paz-te-pakten-10-te-vdekur-dhe-me-shume-se-60-te-plagosur\/","og_locale":"en_US","og_type":"article","og_title":"Shp\u00ebrthim i tmerrsh\u00ebm n\u00eb nj\u00eb kompleks ushtarak pran\u00eb La Paz: T\u00eb pakt\u00ebn 10 t\u00eb vdekur dhe m\u00eb shum\u00eb se 60 t\u00eb plagosur - Kosova Times","og_description":"T\u00eb pakt\u00ebn dhjet\u00eb persona u vran\u00eb dhe m\u00eb shum\u00eb se 60 t\u00eb tjer\u00eb u plagos\u00ebn t\u00eb premten n\u00eb nj\u00eb shp\u00ebrthim n\u00eb nj\u00eb kazerm\u00eb n\u00eb komun\u00ebn boliviane t\u00eb Viacha, rreth 30 kilometra nga La Paz, than\u00eb autoritetet lokale.Shp\u00ebrthimi ndodhi rreth or\u00ebs 14:30 sipas koh\u00ebs lokale n\u00eb nj\u00eb zon\u00eb t\u00eb p\u00ebrdorur p\u00ebr t\u00eb ruajtur materiale Edhe pse [&hellip;]","og_url":"https:\/\/kosovatimes.info\/index.php\/2026\/09\/05\/shperthim-i-tmerrshem-ne-nje-kompleks-ushtarak-prane-la-paz-te-pakten-10-te-vdekur-dhe-me-shume-se-60-te-plagosur\/","og_site_name":"Kosova Times","article_published_time":"2026-09-05T06:26:17+00:00","article_modified_time":"2026-09-05T06:45:32+00:00","og_image":[{"width":1280,"height":670,"url":"https:\/\/kosovatimes.info\/wp-content\/uploads\/2026\/09\/Bolivi.jpg","type":"image\/jpeg"}],"author":"i l","twitter_card":"summary_large_image","twitter_misc":{"Written by":"i l","Est. reading time":"2 minutes"},"schema":{"@context":"https:\/\/schema.org","@graph":[{"@type":"Article","@id":"https:\/\/kosovatimes.info\/index.php\/2026\/09\/05\/shperthim-i-tmerrshem-ne-nje-kompleks-ushtarak-prane-la-paz-te-pakten-10-te-vdekur-dhe-me-shume-se-60-te-plagosur\/#article","isPartOf":{"@id":"https:\/\/kosovatimes.info\/index.php\/2026\/09\/05\/shperthim-i-tmerrshem-ne-nje-kompleks-ushtarak-prane-la-paz-te-pakten-10-te-vdekur-dhe-me-shume-se-60-te-plagosur\/"},"author":{"name":"i l","@id":"https:\/\/kosovatimes.info\/#\/schema\/person\/7586712b9c512fe68085de007378c915"},"headline":"Shp\u00ebrthim i tmerrsh\u00ebm n\u00eb nj\u00eb kompleks ushtarak pran\u00eb La Paz: T\u00eb pakt\u00ebn 10 t\u00eb vdekur dhe m\u00eb shum\u00eb se 60 t\u00eb plagosur","datePublished":"2026-09-05T06:26:17+00:00","dateModified":"2026-09-05T06:45:32+00:00","mainEntityOfPage":{"@id":"https:\/\/kosovatimes.info\/index.php\/2026\/09\/05\/shperthim-i-tmerrshem-ne-nje-kompleks-ushtarak-prane-la-paz-te-pakten-10-te-vdekur-dhe-me-shume-se-60-te-plagosur\/"},"wordCount":340,"commentCount":0,"image":{"@id":"https:\/\/kosovatimes.info\/index.php\/2026\/09\/05\/shperthim-i-tmerrshem-ne-nje-kompleks-ushtarak-prane-la-paz-te-pakten-10-te-vdekur-dhe-me-shume-se-60-te-plagosur\/#primaryimage"},"thumbnailUrl":"https:\/\/kosovatimes.info\/wp-content\/uploads\/2026\/09\/Bolivi.jpg","articleSection":["Bot\u00eb","Lajme"],"inLanguage":"en-US","potentialAction":[{"@type":"CommentAction","name":"Comment","target":["https:\/\/kosovatimes.info\/index.php\/2026\/09\/05\/shperthim-i-tmerrshem-ne-nje-kompleks-ushtarak-prane-la-paz-te-pakten-10-te-vdekur-dhe-me-shume-se-60-te-plagosur\/#respond"]}]},{"@type":"WebPage","@id":"https:\/\/kosovatimes.info\/index.php\/2026\/09\/05\/shperthim-i-tmerrshem-ne-nje-kompleks-ushtarak-prane-la-paz-te-pakten-10-te-vdekur-dhe-me-shume-se-60-te-plagosur\/","url":"https:\/\/kosovatimes.info\/index.php\/2026\/09\/05\/shperthim-i-tmerrshem-ne-nje-kompleks-ushtarak-prane-la-paz-te-pakten-10-te-vdekur-dhe-me-shume-se-60-te-plagosur\/","name":"Shp\u00ebrthim i tmerrsh\u00ebm n\u00eb nj\u00eb kompleks ushtarak pran\u00eb La Paz: T\u00eb pakt\u00ebn 10 t\u00eb vdekur dhe m\u00eb shum\u00eb se 60 t\u00eb plagosur - Kosova Times","isPartOf":{"@id":"https:\/\/kosovatimes.info\/#website"},"primaryImageOfPage":{"@id":"https:\/\/kosovatimes.info\/index.php\/2026\/09\/05\/shperthim-i-tmerrshem-ne-nje-kompleks-ushtarak-prane-la-paz-te-pakten-10-te-vdekur-dhe-me-shume-se-60-te-plagosur\/#primaryimage"},"image":{"@id":"https:\/\/kosovatimes.info\/index.php\/2026\/09\/05\/shperthim-i-tmerrshem-ne-nje-kompleks-ushtarak-prane-la-paz-te-pakten-10-te-vdekur-dhe-me-shume-se-60-te-plagosur\/#primaryimage"},"thumbnailUrl":"https:\/\/kosovatimes.info\/wp-content\/uploads\/2026\/09\/Bolivi.jpg","datePublished":"2026-09-05T06:26:17+00:00","dateModified":"2026-09-05T06:45:32+00:00","author":{"@id":"https:\/\/kosovatimes.info\/#\/schema\/person\/7586712b9c512fe68085de007378c915"},"breadcrumb":{"@id":"https:\/\/kosovatimes.info\/index.php\/2026\/09\/05\/shperthim-i-tmerrshem-ne-nje-kompleks-ushtarak-prane-la-paz-te-pakten-10-te-vdekur-dhe-me-shume-se-60-te-plagosur\/#breadcrumb"},"inLanguage":"en-US","potentialAction":[{"@type":"ReadAction","target":["https:\/\/kosovatimes.info\/index.php\/2026\/09\/05\/shperthim-i-tmerrshem-ne-nje-kompleks-ushtarak-prane-la-paz-te-pakten-10-te-vdekur-dhe-me-shume-se-60-te-plagosur\/"]}]},{"@type":"ImageObject","inLanguage":"en-US","@id":"https:\/\/kosovatimes.info\/index.php\/2026\/09\/05\/shperthim-i-tmerrshem-ne-nje-kompleks-ushtarak-prane-la-paz-te-pakten-10-te-vdekur-dhe-me-shume-se-60-te-plagosur\/#primaryimage","url":"https:\/\/kosovatimes.info\/wp-content\/uploads\/2026\/09\/Bolivi.jpg","contentUrl":"https:\/\/kosovatimes.info\/wp-content\/uploads\/2026\/09\/Bolivi.jpg","width":1280,"height":670},{"@type":"BreadcrumbList","@id":"https:\/\/kosovatimes.info\/index.php\/2026\/09\/05\/shperthim-i-tmerrshem-ne-nje-kompleks-ushtarak-prane-la-paz-te-pakten-10-te-vdekur-dhe-me-shume-se-60-te-plagosur\/#breadcrumb","itemListElement":[{"@type":"ListItem","position":1,"name":"Home","item":"https:\/\/kosovatimes.info\/"},{"@type":"ListItem","position":2,"name":"Shp\u00ebrthim i tmerrsh\u00ebm n\u00eb nj\u00eb kompleks ushtarak pran\u00eb La Paz: T\u00eb pakt\u00ebn 10 t\u00eb vdekur dhe m\u00eb shum\u00eb se 60 t\u00eb plagosur"}]},{"@type":"WebSite","@id":"https:\/\/kosovatimes.info\/#website","url":"https:\/\/kosovatimes.info\/","name":"Kosova Times","description":"","potentialAction":[{"@type":"SearchAction","target":{"@type":"EntryPoint","urlTemplate":"https:\/\/kosovatimes.info\/?s={search_term_string}"},"query-input":{"@type":"PropertyValueSpecification","valueRequired":true,"valueName":"search_term_string"}}],"inLanguage":"en-US"},{"@type":"Person","@id":"https:\/\/kosovatimes.info\/#\/schema\/person\/7586712b9c512fe68085de007378c915","name":"i l","image":{"@type":"ImageObject","inLanguage":"en-US","@id":"https:\/\/secure.gravatar.com\/avatar\/bad9296e02816160ae2e2435beda58222022298d5625d49fea74d18816fbb31d?s=96&d=mm&r=g","url":"https:\/\/secure.gravatar.com\/avatar\/bad9296e02816160ae2e2435beda58222022298d5625d49fea74d18816fbb31d?s=96&d=mm&r=g","contentUrl":"https:\/\/secure.gravatar.com\/avatar\/bad9296e02816160ae2e2435beda58222022298d5625d49fea74d18816fbb31d?s=96&d=mm&r=g","caption":"i l"},"url":"https:\/\/kosovatimes.info\/index.php\/author\/iliri\/"}]}},"_links":{"self":[{"href":"https:\/\/kosovatimes.info\/index.php\/wp-json\/wp\/v2\/posts\/30985","targetHints":{"allow":["GET"]}}],"collection":[{"href":"https:\/\/kosovatimes.info\/index.php\/wp-json\/wp\/v2\/posts"}],"about":[{"href":"https:\/\/kosovatimes.info\/index.php\/wp-json\/wp\/v2\/types\/post"}],"author":[{"embeddable":true,"href":"https:\/\/kosovatimes.info\/index.php\/wp-json\/wp\/v2\/users\/4"}],"replies":[{"embeddable":true,"href":"https:\/\/kosovatimes.info\/index.php\/wp-json\/wp\/v2\/comments?post=30985"}],"version-history":[{"count":2,"href":"https:\/\/kosovatimes.info\/index.php\/wp-json\/wp\/v2\/posts\/30985\/revisions"}],"predecessor-version":[{"id":30995,"href":"https:\/\/kosovatimes.info\/index.php\/wp-json\/wp\/v2\/posts\/30985\/revisions\/30995"}],"wp:featuredmedia":[{"embeddable":true,"href":"https:\/\/kosovatimes.info\/index.php\/wp-json\/wp\/v2\/media\/30986"}],"wp:attachment":[{"href":"https:\/\/kosovatimes.info\/index.php\/wp-json\/wp\/v2\/media?parent=30985"}],"wp:term":[{"taxonomy":"category","embeddable":true,"href":"https:\/\/kosovatimes.info\/index.php\/wp-json\/wp\/v2\/categories?post=30985"},{"taxonomy":"post_tag","embeddable":true,"href":"https:\/\/kosovatimes.info\/index.php\/wp-json\/wp\/v2\/tags?post=30985"}],"curies":[{"name":"wp","href":"https:\/\/api.w.org\/{rel}","templated":true}]}}