{"id":30988,"date":"2026-09-05T08:31:34","date_gmt":"2026-09-05T06:31:34","guid":{"rendered":"https:\/\/kosovatimes.info\/?p=30988"},"modified":"2026-09-05T08:31:35","modified_gmt":"2026-09-05T06:31:35","slug":"ngjarjet-ne-rajon-4","status":"publish","type":"post","link":"https:\/\/kosovatimes.info\/index.php\/2026\/09\/05\/ngjarjet-ne-rajon-4\/","title":{"rendered":"Ngjarjet ne rajon"},"content":{"rendered":"\n<p class=\"wp-block-paragraph\"><strong>Kroacia akordon 2 milion\u00eb euro p\u00ebr fermer\u00ebt kroat\u00eb n\u00eb Serbi<\/strong><br><br>Kroacia akordon 2 milion\u00eb euro p\u00ebr zhvillimin e bujq\u00ebsis\u00eb s\u00eb komunitetit kroat n\u00eb Serbi. Financim marrin 257 projekte, njoftoi Ministria kroate e Bujq\u00ebsis\u00eb. Fondet jan\u00eb t\u00eb destinuara kryesisht p\u00ebr makineri bujq\u00ebsore dhe pajisje p\u00ebr prodhimin bimor, frutikultur\u00ebn, perimtarin\u00eb, blegtorin\u00eb dhe bletarin\u00eb. Gjysma e buxhetit \u00ebsht\u00eb siguruar nga Ministria, nd\u00ebrsa 1 milion eurot e tjera \u2013 nga Zyra Shtet\u00ebrore p\u00ebr Kroat\u00ebt Jasht\u00eb Vendit. Ministria e Bujq\u00ebsis\u00eb thekson se q\u00ebllimi \u00ebsht\u00eb \u201ct\u00eb forcohet prodhimi bujq\u00ebsor i komunitetit kroat n\u00eb Serbi, t\u00eb modernizohen fermat dhe t\u00eb rritet konkurrueshm\u00ebria e tyre, por gjithashtu t\u00eb krijohen kushte q\u00eb njer\u00ebzit t\u00eb q\u00ebndrojn\u00eb n\u00eb zonat rurale\u201d.<br><br>N\u00eb zon\u00ebn e Subotic\u00ebs, p\u00ebr shembull, 65% e tok\u00ebs bujq\u00ebsore zot\u00ebrohet nga fermer\u00eb kroat\u00eb, edhe pse ata p\u00ebrb\u00ebjn\u00eb 10% t\u00eb popullsis\u00eb. \u201cKroacia d\u00ebshiron t\u00eb jet\u00eb pran\u00eb popullit t\u00eb saj, prandaj investojm\u00eb n\u00eb bujq\u00ebsin\u00eb e komunitetit kroat n\u00eb Serbi\u201d, theksoi ministri David Vlaj\u00e7iq.<\/p>\n\n\n\n<figure class=\"wp-block-image\"><img decoding=\"async\" src=\"https:\/\/bnrnews.bg\/api\/media\/f13813b9-35cd-438f-b513-b69b794a2fb0?Size=large\" alt=\"Ngjarjet me adres\u00eb ballkanike\"\/><\/figure>\n\n\n\n<p class=\"wp-block-paragraph\">FOTO:&nbsp;Reuters<\/p>\n\n\n\n<p class=\"wp-block-paragraph\"><strong>Panairi nd\u00ebrkomb\u00ebtar dhe fermer\u00ebt n\u00eb protest\u00eb n\u00eb Selanik m\u00eb 5 shtator<\/strong><br><br>Fermer\u00ebt grek\u00eb do t\u00eb protestojn\u00eb n\u00eb Selanik m\u00eb 5 shtator, kur hapet Panairi i 90-t\u00eb Nd\u00ebrkomb\u00ebtar n\u00eb qytet, raportoi BGNES. Demonstrata fillon n\u00eb or\u00ebn 17:00 pran\u00eb Kull\u00ebs s\u00eb Bardh\u00eb, nd\u00ebrsa priten traktor\u00eb dhe makineri t\u00eb tjera bujq\u00ebsore. Fermer\u00ebt k\u00ebrkojn\u00eb uljen e kostove t\u00eb prodhimit, ndryshime n\u00eb sistemin e sigurimeve, subvencione dhe kompensime.<br><br>Kjo protest\u00eb \u00ebsht\u00eb vazhdim i bllokadave t\u00eb fermer\u00ebve n\u00eb autostrada dhe pika kufitare n\u00eb Greqi gjat\u00eb dimrit. N\u00eb janar 2026, fermer\u00ebt i nd\u00ebrpren\u00eb aksionet protestuese, por paralajm\u00ebruan se, n\u00ebse k\u00ebrkesat e tyre kryesore nuk p\u00ebrmbushen, ata do t\u00eb shprehin pak\u00ebnaq\u00ebsin\u00eb e tyre gjat\u00eb Panairit Nd\u00ebrkomb\u00ebtar n\u00eb Selanik. P\u00ebrfaq\u00ebsues t\u00eb sektorit madje pretendojn\u00eb se gjendja e tyre tani \u00ebsht\u00eb edhe m\u00eb e r\u00ebnd\u00eb, shkruan tovima.gr.<br><br>Panairi i 90-t\u00eb Nd\u00ebrkomb\u00ebtar i Selanikut \u00ebsht\u00eb i ve\u00e7ant\u00eb, pasi k\u00ebt\u00eb vit sh\u00ebnohet nj\u00ebqindvjetori i krijimit t\u00eb tij n\u00eb vitin 1926. Vend nderi n\u00eb k\u00ebt\u00eb edicion \u00ebsht\u00eb Japonia, e cila do t\u00eb prezantohet me kompani kryesore t\u00eb teknologjis\u00eb. Organizator\u00ebt presin m\u00eb shum\u00eb se 1 000 ekspozues dhe mbi 200 000 vizitor\u00eb, njofton ertnews.gr.<\/p>\n\n\n\n<figure class=\"wp-block-image\"><img decoding=\"async\" src=\"https:\/\/bnrnews.bg\/api\/media\/3617a382-49b1-4fa9-a089-255a01834441?Size=large\" alt=\"Aleksandar Vu\u00e7iq\"\/><\/figure>\n\n\n\n<p class=\"wp-block-paragraph\">Aleksandar Vu\u00e7iq<\/p>\n\n\n\n<p class=\"wp-block-paragraph\">FOTO:&nbsp;BGNES<\/p>\n\n\n\n<p class=\"wp-block-paragraph\"><strong>Zgjedhjet parlamentare n\u00eb Serbi do t\u00eb mbahen m\u00eb 25 tetor<br><\/strong><br>Zgjedhjet e parakohshme parlamentare n\u00eb Serbi do t\u00eb zhvillohen m\u00eb 25 tetor 2026. N\u00eb dit\u00ebt n\u00eb vijim pritet shp\u00ebrndarja e parlamentit, bazuar n\u00eb propozimin e arsyetuar t\u00eb qeveris\u00eb, i cili krijon kushtet formale p\u00ebr shpalljen e zgjedhjeve, raportoi Euronews Serbia, duke iu referuar burimeve t\u00eb veta. Aleksandar Vu\u00e7iq i kufizoi datat e mundshme n\u00eb 18 ose 25 tetor. Ligji k\u00ebrkon q\u00eb nga shpallja deri n\u00eb zhvillimin e zgjedhjeve t\u00eb kalojn\u00eb t\u00eb pakt\u00ebn 45 dhe jo m\u00eb shum\u00eb se 60 dit\u00eb. Prandaj, n\u00ebse zgjedhjet mbahen m\u00eb 25 tetor, data m\u00eb e vonshme e mundshme p\u00ebr shpalljen e tyre \u00ebsht\u00eb 10 shtatori.<br><br>Sipas legjislacionit serb, presidenti nuk mund ta shp\u00ebrndaj\u00eb parlamentin n\u00eb m\u00ebnyr\u00eb t\u00eb pavarur. Nevojitet nj\u00eb propozim i arsyetuar nga qeveria, pas s\u00eb cil\u00ebs presidenti nxjerr dekret brenda 72 or\u00ebve ose shpjegon publikisht pse nuk e pranon propozimin. N\u00ebse propozimi pranohet, presidenti shp\u00ebrndan parlamentin dhe shpall zgjedhjet e parakohshme parlamentare. Nga dita e shpalljes s\u00eb tyre fillon zyrtarisht fushata zgjedhore.<\/p>\n\n\n\n<figure class=\"wp-block-image\"><img decoding=\"async\" src=\"https:\/\/bnrnews.bg\/api\/media\/a6b49dd8-ba77-4957-a1ea-f25880ec6047?Size=large\" alt=\"Ngjarjet me adres\u00eb ballkanike\"\/><\/figure>\n\n\n\n<p class=\"wp-block-paragraph\">FOTO:&nbsp;cyprus-mail.com<\/p>\n\n\n\n<p class=\"wp-block-paragraph\"><strong>Nj\u00eb traget u mbyt pran\u00eb Kirenis\u00eb, duke udh\u00ebtuar drejt Turqis\u00eb<\/strong><br><br>M\u00eb 30 gusht, nj\u00eb udh\u00ebtim nga Qiproja drejt Turqis\u00eb u shnd\u00ebrrua n\u00eb tragjedi, pasi nj\u00eb traget pasagjer\u00ebsh, q\u00eb lundronte n\u00ebn flamurin turk, u mbyt pran\u00eb Kirenis\u00eb, nj\u00eb qytet n\u00eb pjes\u00ebn veriore t\u00eb ishullit. 239 persona u shp\u00ebtuan, \u00ebsht\u00eb konfirmuar vdekja e 10 personave, nd\u00ebrsa 18 t\u00eb tjer\u00eb rezultojn\u00eb ende t\u00eb zhdukur, shkruan Cyprus Mail.<br><br>Pak pas nisjes, anija filloi t\u00eb mbushej me uj\u00eb, u p\u00ebrmbys dhe u fundos. Mbetjet e saj u gjet\u00ebn n\u00eb nj\u00eb thell\u00ebsi prej m\u00eb shum\u00eb se 500 metrash, gj\u00eb q\u00eb e v\u00ebshtir\u00ebson operacionin e shp\u00ebtimit. N\u00eb operacion u p\u00ebrfshi edhe Turqia me anije, helikopter\u00eb dhe pajisje t\u00eb specializuara p\u00ebr pun\u00eb n\u00ebn uj\u00eb. Shkaku i tragjedis\u00eb \u00ebsht\u00eb ende duke u hetuar. T\u00eb mbijetuarit deklarojn\u00eb se para fundosjes anija kishte pasur probleme. Kapiteni dhe an\u00ebtar\u00eb t\u00eb ekuipazhit jan\u00eb arrestuar. K\u00ebrkimi p\u00ebr personat e zhdukur vazhdon, nd\u00ebrsa t\u00eb af\u00ebrmit e tyre presin informacion pran\u00eb portit n\u00eb Kirenia.<\/p>\n\n\n\n<figure class=\"wp-block-image\"><img decoding=\"async\" src=\"https:\/\/bnrnews.bg\/api\/media\/be46eaac-f8ea-4f76-b246-7004b7582911?Size=large\" alt=\"Ngjarjet me adres\u00eb ballkanike\"\/><\/figure>\n\n\n\n<p class=\"wp-block-paragraph\">FOTO:&nbsp;BGNES<\/p>\n\n\n\n<p class=\"wp-block-paragraph\"><strong>Dita e Gjuh\u00ebs Rumune bashkoi Rumanin\u00eb, Moldavin\u00eb dhe Ukrain\u00ebn<\/strong><br><br>Dita e Gjuh\u00ebs Rumune k\u00ebt\u00eb vit u sh\u00ebnua p\u00ebr her\u00eb t\u00eb par\u00eb n\u00eb tri shtete \u2013 Rumani, Moldavi dhe Ukrain\u00eb, shkroi n\u00eb Facebook presidenti i Rumanis\u00eb, Nicu\u0219or Dan, cituar nga BTA. \u201cMbrojtja e t\u00eb drejtave t\u00eb rumun\u00ebve jasht\u00eb vendit dhe promovimi i gjuh\u00ebs dhe kultur\u00ebs son\u00eb mbeten objektiva kryesore t\u00eb shtetit rumun p\u00ebrtej kufijve t\u00eb tij\u201d, shton ai.<br><br>Gjuha rumune u shpall gjuh\u00eb zyrtare e Moldavis\u00eb me nj\u00eb vendim t\u00eb parlamentit n\u00eb mars 2023, nd\u00ebrsa n\u00eb mars t\u00eb k\u00ebtij viti presidenti i Ukrain\u00ebs, Volodymyr Zelensky, n\u00ebnshkroi nj\u00eb dekret p\u00ebr sh\u00ebnimin n\u00eb Ukrain\u00eb t\u00eb Dit\u00ebs s\u00eb Gjuh\u00ebs Rumune \u00e7do vit m\u00eb 31 gusht.<\/p>\n","protected":false},"excerpt":{"rendered":"<p>Kroacia akordon 2 milion\u00eb euro p\u00ebr fermer\u00ebt kroat\u00eb n\u00eb Serbi Kroacia akordon 2 milion\u00eb euro p\u00ebr zhvillimin e bujq\u00ebsis\u00eb s\u00eb komunitetit kroat n\u00eb Serbi. Financim marrin 257 projekte, njoftoi Ministria kroate e Bujq\u00ebsis\u00eb. Fondet jan\u00eb t\u00eb destinuara kryesisht p\u00ebr makineri bujq\u00ebsore dhe pajisje p\u00ebr prodhimin bimor, frutikultur\u00ebn, perimtarin\u00eb, blegtorin\u00eb dhe bletarin\u00eb. Gjysma e buxhetit \u00ebsht\u00eb [&hellip;]<\/p>\n","protected":false},"author":4,"featured_media":30989,"comment_status":"open","ping_status":"open","sticky":false,"template":"","format":"standard","meta":{"footnotes":""},"categories":[30,32],"tags":[],"class_list":["post-30988","post","type-post","status-publish","format-standard","has-post-thumbnail","category-lajme","category-rajon"],"yoast_head":"<!-- This site is optimized with the Yoast SEO plugin v27.4 - https:\/\/yoast.com\/product\/yoast-seo-wordpress\/ -->\n<title>Ngjarjet ne rajon - Kosova Times<\/title>\n<meta name=\"robots\" content=\"index, follow, max-snippet:-1, max-image-preview:large, max-video-preview:-1\" \/>\n<link rel=\"canonical\" href=\"https:\/\/kosovatimes.info\/index.php\/2026\/09\/05\/ngjarjet-ne-rajon-4\/\" \/>\n<meta property=\"og:locale\" content=\"en_US\" \/>\n<meta property=\"og:type\" content=\"article\" \/>\n<meta property=\"og:title\" content=\"Ngjarjet ne rajon - Kosova Times\" \/>\n<meta property=\"og:description\" content=\"Kroacia akordon 2 milion\u00eb euro p\u00ebr fermer\u00ebt kroat\u00eb n\u00eb Serbi Kroacia akordon 2 milion\u00eb euro p\u00ebr zhvillimin e bujq\u00ebsis\u00eb s\u00eb komunitetit kroat n\u00eb Serbi. Financim marrin 257 projekte, njoftoi Ministria kroate e Bujq\u00ebsis\u00eb. Fondet jan\u00eb t\u00eb destinuara kryesisht p\u00ebr makineri bujq\u00ebsore dhe pajisje p\u00ebr prodhimin bimor, frutikultur\u00ebn, perimtarin\u00eb, blegtorin\u00eb dhe bletarin\u00eb. Gjysma e buxhetit \u00ebsht\u00eb [&hellip;]\" \/>\n<meta property=\"og:url\" content=\"https:\/\/kosovatimes.info\/index.php\/2026\/09\/05\/ngjarjet-ne-rajon-4\/\" \/>\n<meta property=\"og:site_name\" content=\"Kosova Times\" \/>\n<meta property=\"article:published_time\" content=\"2026-09-05T06:31:34+00:00\" \/>\n<meta property=\"article:modified_time\" content=\"2026-09-05T06:31:35+00:00\" \/>\n<meta property=\"og:image\" content=\"https:\/\/kosovatimes.info\/wp-content\/uploads\/2026\/09\/Bulgari.jpeg\" \/>\n\t<meta property=\"og:image:width\" content=\"1152\" \/>\n\t<meta property=\"og:image:height\" content=\"648\" \/>\n\t<meta property=\"og:image:type\" content=\"image\/jpeg\" \/>\n<meta name=\"author\" content=\"i l\" \/>\n<meta name=\"twitter:card\" content=\"summary_large_image\" \/>\n<meta name=\"twitter:label1\" content=\"Written by\" \/>\n\t<meta name=\"twitter:data1\" content=\"i l\" \/>\n\t<meta name=\"twitter:label2\" content=\"Est. reading time\" \/>\n\t<meta name=\"twitter:data2\" content=\"5 minutes\" \/>\n<script type=\"application\/ld+json\" class=\"yoast-schema-graph\">{\"@context\":\"https:\\\/\\\/schema.org\",\"@graph\":[{\"@type\":\"Article\",\"@id\":\"https:\\\/\\\/kosovatimes.info\\\/index.php\\\/2026\\\/09\\\/05\\\/ngjarjet-ne-rajon-4\\\/#article\",\"isPartOf\":{\"@id\":\"https:\\\/\\\/kosovatimes.info\\\/index.php\\\/2026\\\/09\\\/05\\\/ngjarjet-ne-rajon-4\\\/\"},\"author\":{\"name\":\"i l\",\"@id\":\"https:\\\/\\\/kosovatimes.info\\\/#\\\/schema\\\/person\\\/7586712b9c512fe68085de007378c915\"},\"headline\":\"Ngjarjet ne rajon\",\"datePublished\":\"2026-09-05T06:31:34+00:00\",\"dateModified\":\"2026-09-05T06:31:35+00:00\",\"mainEntityOfPage\":{\"@id\":\"https:\\\/\\\/kosovatimes.info\\\/index.php\\\/2026\\\/09\\\/05\\\/ngjarjet-ne-rajon-4\\\/\"},\"wordCount\":875,\"commentCount\":0,\"image\":{\"@id\":\"https:\\\/\\\/kosovatimes.info\\\/index.php\\\/2026\\\/09\\\/05\\\/ngjarjet-ne-rajon-4\\\/#primaryimage\"},\"thumbnailUrl\":\"https:\\\/\\\/kosovatimes.info\\\/wp-content\\\/uploads\\\/2026\\\/09\\\/Bulgari.jpeg\",\"articleSection\":[\"Lajme\",\"Rajon\"],\"inLanguage\":\"en-US\",\"potentialAction\":[{\"@type\":\"CommentAction\",\"name\":\"Comment\",\"target\":[\"https:\\\/\\\/kosovatimes.info\\\/index.php\\\/2026\\\/09\\\/05\\\/ngjarjet-ne-rajon-4\\\/#respond\"]}]},{\"@type\":\"WebPage\",\"@id\":\"https:\\\/\\\/kosovatimes.info\\\/index.php\\\/2026\\\/09\\\/05\\\/ngjarjet-ne-rajon-4\\\/\",\"url\":\"https:\\\/\\\/kosovatimes.info\\\/index.php\\\/2026\\\/09\\\/05\\\/ngjarjet-ne-rajon-4\\\/\",\"name\":\"Ngjarjet ne rajon - Kosova Times\",\"isPartOf\":{\"@id\":\"https:\\\/\\\/kosovatimes.info\\\/#website\"},\"primaryImageOfPage\":{\"@id\":\"https:\\\/\\\/kosovatimes.info\\\/index.php\\\/2026\\\/09\\\/05\\\/ngjarjet-ne-rajon-4\\\/#primaryimage\"},\"image\":{\"@id\":\"https:\\\/\\\/kosovatimes.info\\\/index.php\\\/2026\\\/09\\\/05\\\/ngjarjet-ne-rajon-4\\\/#primaryimage\"},\"thumbnailUrl\":\"https:\\\/\\\/kosovatimes.info\\\/wp-content\\\/uploads\\\/2026\\\/09\\\/Bulgari.jpeg\",\"datePublished\":\"2026-09-05T06:31:34+00:00\",\"dateModified\":\"2026-09-05T06:31:35+00:00\",\"author\":{\"@id\":\"https:\\\/\\\/kosovatimes.info\\\/#\\\/schema\\\/person\\\/7586712b9c512fe68085de007378c915\"},\"breadcrumb\":{\"@id\":\"https:\\\/\\\/kosovatimes.info\\\/index.php\\\/2026\\\/09\\\/05\\\/ngjarjet-ne-rajon-4\\\/#breadcrumb\"},\"inLanguage\":\"en-US\",\"potentialAction\":[{\"@type\":\"ReadAction\",\"target\":[\"https:\\\/\\\/kosovatimes.info\\\/index.php\\\/2026\\\/09\\\/05\\\/ngjarjet-ne-rajon-4\\\/\"]}]},{\"@type\":\"ImageObject\",\"inLanguage\":\"en-US\",\"@id\":\"https:\\\/\\\/kosovatimes.info\\\/index.php\\\/2026\\\/09\\\/05\\\/ngjarjet-ne-rajon-4\\\/#primaryimage\",\"url\":\"https:\\\/\\\/kosovatimes.info\\\/wp-content\\\/uploads\\\/2026\\\/09\\\/Bulgari.jpeg\",\"contentUrl\":\"https:\\\/\\\/kosovatimes.info\\\/wp-content\\\/uploads\\\/2026\\\/09\\\/Bulgari.jpeg\",\"width\":1152,\"height\":648},{\"@type\":\"BreadcrumbList\",\"@id\":\"https:\\\/\\\/kosovatimes.info\\\/index.php\\\/2026\\\/09\\\/05\\\/ngjarjet-ne-rajon-4\\\/#breadcrumb\",\"itemListElement\":[{\"@type\":\"ListItem\",\"position\":1,\"name\":\"Home\",\"item\":\"https:\\\/\\\/kosovatimes.info\\\/\"},{\"@type\":\"ListItem\",\"position\":2,\"name\":\"Ngjarjet ne rajon\"}]},{\"@type\":\"WebSite\",\"@id\":\"https:\\\/\\\/kosovatimes.info\\\/#website\",\"url\":\"https:\\\/\\\/kosovatimes.info\\\/\",\"name\":\"Kosova Times\",\"description\":\"\",\"potentialAction\":[{\"@type\":\"SearchAction\",\"target\":{\"@type\":\"EntryPoint\",\"urlTemplate\":\"https:\\\/\\\/kosovatimes.info\\\/?s={search_term_string}\"},\"query-input\":{\"@type\":\"PropertyValueSpecification\",\"valueRequired\":true,\"valueName\":\"search_term_string\"}}],\"inLanguage\":\"en-US\"},{\"@type\":\"Person\",\"@id\":\"https:\\\/\\\/kosovatimes.info\\\/#\\\/schema\\\/person\\\/7586712b9c512fe68085de007378c915\",\"name\":\"i l\",\"image\":{\"@type\":\"ImageObject\",\"inLanguage\":\"en-US\",\"@id\":\"https:\\\/\\\/secure.gravatar.com\\\/avatar\\\/bad9296e02816160ae2e2435beda58222022298d5625d49fea74d18816fbb31d?s=96&d=mm&r=g\",\"url\":\"https:\\\/\\\/secure.gravatar.com\\\/avatar\\\/bad9296e02816160ae2e2435beda58222022298d5625d49fea74d18816fbb31d?s=96&d=mm&r=g\",\"contentUrl\":\"https:\\\/\\\/secure.gravatar.com\\\/avatar\\\/bad9296e02816160ae2e2435beda58222022298d5625d49fea74d18816fbb31d?s=96&d=mm&r=g\",\"caption\":\"i l\"},\"url\":\"https:\\\/\\\/kosovatimes.info\\\/index.php\\\/author\\\/iliri\\\/\"}]}<\/script>\n<!-- \/ Yoast SEO plugin. -->","yoast_head_json":{"title":"Ngjarjet ne rajon - Kosova Times","robots":{"index":"index","follow":"follow","max-snippet":"max-snippet:-1","max-image-preview":"max-image-preview:large","max-video-preview":"max-video-preview:-1"},"canonical":"https:\/\/kosovatimes.info\/index.php\/2026\/09\/05\/ngjarjet-ne-rajon-4\/","og_locale":"en_US","og_type":"article","og_title":"Ngjarjet ne rajon - Kosova Times","og_description":"Kroacia akordon 2 milion\u00eb euro p\u00ebr fermer\u00ebt kroat\u00eb n\u00eb Serbi Kroacia akordon 2 milion\u00eb euro p\u00ebr zhvillimin e bujq\u00ebsis\u00eb s\u00eb komunitetit kroat n\u00eb Serbi. Financim marrin 257 projekte, njoftoi Ministria kroate e Bujq\u00ebsis\u00eb. Fondet jan\u00eb t\u00eb destinuara kryesisht p\u00ebr makineri bujq\u00ebsore dhe pajisje p\u00ebr prodhimin bimor, frutikultur\u00ebn, perimtarin\u00eb, blegtorin\u00eb dhe bletarin\u00eb. Gjysma e buxhetit \u00ebsht\u00eb [&hellip;]","og_url":"https:\/\/kosovatimes.info\/index.php\/2026\/09\/05\/ngjarjet-ne-rajon-4\/","og_site_name":"Kosova Times","article_published_time":"2026-09-05T06:31:34+00:00","article_modified_time":"2026-09-05T06:31:35+00:00","og_image":[{"width":1152,"height":648,"url":"https:\/\/kosovatimes.info\/wp-content\/uploads\/2026\/09\/Bulgari.jpeg","type":"image\/jpeg"}],"author":"i l","twitter_card":"summary_large_image","twitter_misc":{"Written by":"i l","Est. reading time":"5 minutes"},"schema":{"@context":"https:\/\/schema.org","@graph":[{"@type":"Article","@id":"https:\/\/kosovatimes.info\/index.php\/2026\/09\/05\/ngjarjet-ne-rajon-4\/#article","isPartOf":{"@id":"https:\/\/kosovatimes.info\/index.php\/2026\/09\/05\/ngjarjet-ne-rajon-4\/"},"author":{"name":"i l","@id":"https:\/\/kosovatimes.info\/#\/schema\/person\/7586712b9c512fe68085de007378c915"},"headline":"Ngjarjet ne rajon","datePublished":"2026-09-05T06:31:34+00:00","dateModified":"2026-09-05T06:31:35+00:00","mainEntityOfPage":{"@id":"https:\/\/kosovatimes.info\/index.php\/2026\/09\/05\/ngjarjet-ne-rajon-4\/"},"wordCount":875,"commentCount":0,"image":{"@id":"https:\/\/kosovatimes.info\/index.php\/2026\/09\/05\/ngjarjet-ne-rajon-4\/#primaryimage"},"thumbnailUrl":"https:\/\/kosovatimes.info\/wp-content\/uploads\/2026\/09\/Bulgari.jpeg","articleSection":["Lajme","Rajon"],"inLanguage":"en-US","potentialAction":[{"@type":"CommentAction","name":"Comment","target":["https:\/\/kosovatimes.info\/index.php\/2026\/09\/05\/ngjarjet-ne-rajon-4\/#respond"]}]},{"@type":"WebPage","@id":"https:\/\/kosovatimes.info\/index.php\/2026\/09\/05\/ngjarjet-ne-rajon-4\/","url":"https:\/\/kosovatimes.info\/index.php\/2026\/09\/05\/ngjarjet-ne-rajon-4\/","name":"Ngjarjet ne rajon - Kosova Times","isPartOf":{"@id":"https:\/\/kosovatimes.info\/#website"},"primaryImageOfPage":{"@id":"https:\/\/kosovatimes.info\/index.php\/2026\/09\/05\/ngjarjet-ne-rajon-4\/#primaryimage"},"image":{"@id":"https:\/\/kosovatimes.info\/index.php\/2026\/09\/05\/ngjarjet-ne-rajon-4\/#primaryimage"},"thumbnailUrl":"https:\/\/kosovatimes.info\/wp-content\/uploads\/2026\/09\/Bulgari.jpeg","datePublished":"2026-09-05T06:31:34+00:00","dateModified":"2026-09-05T06:31:35+00:00","author":{"@id":"https:\/\/kosovatimes.info\/#\/schema\/person\/7586712b9c512fe68085de007378c915"},"breadcrumb":{"@id":"https:\/\/kosovatimes.info\/index.php\/2026\/09\/05\/ngjarjet-ne-rajon-4\/#breadcrumb"},"inLanguage":"en-US","potentialAction":[{"@type":"ReadAction","target":["https:\/\/kosovatimes.info\/index.php\/2026\/09\/05\/ngjarjet-ne-rajon-4\/"]}]},{"@type":"ImageObject","inLanguage":"en-US","@id":"https:\/\/kosovatimes.info\/index.php\/2026\/09\/05\/ngjarjet-ne-rajon-4\/#primaryimage","url":"https:\/\/kosovatimes.info\/wp-content\/uploads\/2026\/09\/Bulgari.jpeg","contentUrl":"https:\/\/kosovatimes.info\/wp-content\/uploads\/2026\/09\/Bulgari.jpeg","width":1152,"height":648},{"@type":"BreadcrumbList","@id":"https:\/\/kosovatimes.info\/index.php\/2026\/09\/05\/ngjarjet-ne-rajon-4\/#breadcrumb","itemListElement":[{"@type":"ListItem","position":1,"name":"Home","item":"https:\/\/kosovatimes.info\/"},{"@type":"ListItem","position":2,"name":"Ngjarjet ne rajon"}]},{"@type":"WebSite","@id":"https:\/\/kosovatimes.info\/#website","url":"https:\/\/kosovatimes.info\/","name":"Kosova Times","description":"","potentialAction":[{"@type":"SearchAction","target":{"@type":"EntryPoint","urlTemplate":"https:\/\/kosovatimes.info\/?s={search_term_string}"},"query-input":{"@type":"PropertyValueSpecification","valueRequired":true,"valueName":"search_term_string"}}],"inLanguage":"en-US"},{"@type":"Person","@id":"https:\/\/kosovatimes.info\/#\/schema\/person\/7586712b9c512fe68085de007378c915","name":"i l","image":{"@type":"ImageObject","inLanguage":"en-US","@id":"https:\/\/secure.gravatar.com\/avatar\/bad9296e02816160ae2e2435beda58222022298d5625d49fea74d18816fbb31d?s=96&d=mm&r=g","url":"https:\/\/secure.gravatar.com\/avatar\/bad9296e02816160ae2e2435beda58222022298d5625d49fea74d18816fbb31d?s=96&d=mm&r=g","contentUrl":"https:\/\/secure.gravatar.com\/avatar\/bad9296e02816160ae2e2435beda58222022298d5625d49fea74d18816fbb31d?s=96&d=mm&r=g","caption":"i l"},"url":"https:\/\/kosovatimes.info\/index.php\/author\/iliri\/"}]}},"_links":{"self":[{"href":"https:\/\/kosovatimes.info\/index.php\/wp-json\/wp\/v2\/posts\/30988","targetHints":{"allow":["GET"]}}],"collection":[{"href":"https:\/\/kosovatimes.info\/index.php\/wp-json\/wp\/v2\/posts"}],"about":[{"href":"https:\/\/kosovatimes.info\/index.php\/wp-json\/wp\/v2\/types\/post"}],"author":[{"embeddable":true,"href":"https:\/\/kosovatimes.info\/index.php\/wp-json\/wp\/v2\/users\/4"}],"replies":[{"embeddable":true,"href":"https:\/\/kosovatimes.info\/index.php\/wp-json\/wp\/v2\/comments?post=30988"}],"version-history":[{"count":1,"href":"https:\/\/kosovatimes.info\/index.php\/wp-json\/wp\/v2\/posts\/30988\/revisions"}],"predecessor-version":[{"id":30990,"href":"https:\/\/kosovatimes.info\/index.php\/wp-json\/wp\/v2\/posts\/30988\/revisions\/30990"}],"wp:featuredmedia":[{"embeddable":true,"href":"https:\/\/kosovatimes.info\/index.php\/wp-json\/wp\/v2\/media\/30989"}],"wp:attachment":[{"href":"https:\/\/kosovatimes.info\/index.php\/wp-json\/wp\/v2\/media?parent=30988"}],"wp:term":[{"taxonomy":"category","embeddable":true,"href":"https:\/\/kosovatimes.info\/index.php\/wp-json\/wp\/v2\/categories?post=30988"},{"taxonomy":"post_tag","embeddable":true,"href":"https:\/\/kosovatimes.info\/index.php\/wp-json\/wp\/v2\/tags?post=30988"}],"curies":[{"name":"wp","href":"https:\/\/api.w.org\/{rel}","templated":true}]}}