{"id":30991,"date":"2026-09-05T08:39:31","date_gmt":"2026-09-05T06:39:31","guid":{"rendered":"https:\/\/kosovatimes.info\/?p=30991"},"modified":"2026-09-05T08:39:33","modified_gmt":"2026-09-05T06:39:33","slug":"mediat-e-kievit-njesive-ukrainase-u-urdherua-te-nderpresin-luftimet-per-kater-dite","status":"publish","type":"post","link":"https:\/\/kosovatimes.info\/index.php\/2026\/09\/05\/mediat-e-kievit-njesive-ukrainase-u-urdherua-te-nderpresin-luftimet-per-kater-dite\/","title":{"rendered":"Mediat e Kievit: Nj\u00ebsive ukrainase u urdh\u00ebrua t\u00eb nd\u00ebrpresin luftimet p\u00ebr kat\u00ebr dit\u00eb"},"content":{"rendered":"\n<p class=\"wp-block-paragraph\">Mediat e Kievit: Nj\u00ebsive ukrainase u urdh\u00ebrua t\u00eb nd\u00ebrpresin luftimet p\u00ebr kat\u00ebr dit\u00eb<\/p>\n\n\n\n<p class=\"wp-block-paragraph\">Ky informacion u botua nga Ukrainska Pravda dhe u mor nga disa brigada q\u00eb vepronin n\u00eb zona t\u00eb ndryshme dhe nga punonj\u00ebs t\u00eb sektorit t\u00eb siguris\u00eb dhe mbrojtjes ukrainase.<\/p>\n\n\n\n<p class=\"wp-block-paragraph\">Burimet deklaruan se ky ishte nj\u00eb propozim nga pala ukrainase, por q\u00eb n\u00eb koh\u00ebn e publikimit nuk ishte arritur asnj\u00eb marr\u00ebveshje.<\/p>\n\n\n\n<p class=\"wp-block-paragraph\">Rast\u00ebsisht, urdhri vjen nj\u00eb dit\u00eb para vizit\u00ebs n\u00eb Kiev dhe Mosk\u00eb t\u00eb diplomat\u00ebve amerikan\u00eb Steve Witkoff dhe Jared Kushner.<\/p>\n","protected":false},"excerpt":{"rendered":"<p>Mediat e Kievit: Nj\u00ebsive ukrainase u urdh\u00ebrua t\u00eb nd\u00ebrpresin luftimet p\u00ebr kat\u00ebr dit\u00eb Ky informacion u botua nga Ukrainska Pravda dhe u mor nga disa brigada q\u00eb vepronin n\u00eb zona t\u00eb ndryshme dhe nga punonj\u00ebs t\u00eb sektorit t\u00eb siguris\u00eb dhe mbrojtjes ukrainase. Burimet deklaruan se ky ishte nj\u00eb propozim nga pala ukrainase, por q\u00eb n\u00eb [&hellip;]<\/p>\n","protected":false},"author":4,"featured_media":30992,"comment_status":"open","ping_status":"open","sticky":false,"template":"","format":"standard","meta":{"footnotes":""},"categories":[33,30],"tags":[],"class_list":["post-30991","post","type-post","status-publish","format-standard","has-post-thumbnail","category-bote","category-lajme"],"yoast_head":"<!-- This site is optimized with the Yoast SEO plugin v27.4 - https:\/\/yoast.com\/product\/yoast-seo-wordpress\/ -->\n<title>Mediat e Kievit: Nj\u00ebsive ukrainase u urdh\u00ebrua t\u00eb nd\u00ebrpresin luftimet p\u00ebr kat\u00ebr dit\u00eb - Kosova Times<\/title>\n<meta name=\"robots\" content=\"index, follow, max-snippet:-1, max-image-preview:large, max-video-preview:-1\" \/>\n<link rel=\"canonical\" href=\"https:\/\/kosovatimes.info\/index.php\/2026\/09\/05\/mediat-e-kievit-njesive-ukrainase-u-urdherua-te-nderpresin-luftimet-per-kater-dite\/\" \/>\n<meta property=\"og:locale\" content=\"en_US\" \/>\n<meta property=\"og:type\" content=\"article\" \/>\n<meta property=\"og:title\" content=\"Mediat e Kievit: Nj\u00ebsive ukrainase u urdh\u00ebrua t\u00eb nd\u00ebrpresin luftimet p\u00ebr kat\u00ebr dit\u00eb - Kosova Times\" \/>\n<meta property=\"og:description\" content=\"Mediat e Kievit: Nj\u00ebsive ukrainase u urdh\u00ebrua t\u00eb nd\u00ebrpresin luftimet p\u00ebr kat\u00ebr dit\u00eb Ky informacion u botua nga Ukrainska Pravda dhe u mor nga disa brigada q\u00eb vepronin n\u00eb zona t\u00eb ndryshme dhe nga punonj\u00ebs t\u00eb sektorit t\u00eb siguris\u00eb dhe mbrojtjes ukrainase. Burimet deklaruan se ky ishte nj\u00eb propozim nga pala ukrainase, por q\u00eb n\u00eb [&hellip;]\" \/>\n<meta property=\"og:url\" content=\"https:\/\/kosovatimes.info\/index.php\/2026\/09\/05\/mediat-e-kievit-njesive-ukrainase-u-urdherua-te-nderpresin-luftimet-per-kater-dite\/\" \/>\n<meta property=\"og:site_name\" content=\"Kosova Times\" \/>\n<meta property=\"article:published_time\" content=\"2026-09-05T06:39:31+00:00\" \/>\n<meta property=\"article:modified_time\" content=\"2026-09-05T06:39:33+00:00\" \/>\n<meta property=\"og:image\" content=\"https:\/\/kosovatimes.info\/wp-content\/uploads\/2026\/09\/Ukraina.webp\" \/>\n\t<meta property=\"og:image:width\" content=\"800\" \/>\n\t<meta property=\"og:image:height\" content=\"533\" \/>\n\t<meta property=\"og:image:type\" content=\"image\/webp\" \/>\n<meta name=\"author\" content=\"i l\" \/>\n<meta name=\"twitter:card\" content=\"summary_large_image\" \/>\n<meta name=\"twitter:label1\" content=\"Written by\" \/>\n\t<meta name=\"twitter:data1\" content=\"i l\" \/>\n\t<meta name=\"twitter:label2\" content=\"Est. reading time\" \/>\n\t<meta name=\"twitter:data2\" content=\"1 minute\" \/>\n<script type=\"application\/ld+json\" class=\"yoast-schema-graph\">{\"@context\":\"https:\\\/\\\/schema.org\",\"@graph\":[{\"@type\":\"Article\",\"@id\":\"https:\\\/\\\/kosovatimes.info\\\/index.php\\\/2026\\\/09\\\/05\\\/mediat-e-kievit-njesive-ukrainase-u-urdherua-te-nderpresin-luftimet-per-kater-dite\\\/#article\",\"isPartOf\":{\"@id\":\"https:\\\/\\\/kosovatimes.info\\\/index.php\\\/2026\\\/09\\\/05\\\/mediat-e-kievit-njesive-ukrainase-u-urdherua-te-nderpresin-luftimet-per-kater-dite\\\/\"},\"author\":{\"name\":\"i l\",\"@id\":\"https:\\\/\\\/kosovatimes.info\\\/#\\\/schema\\\/person\\\/7586712b9c512fe68085de007378c915\"},\"headline\":\"Mediat e Kievit: Nj\u00ebsive ukrainase u urdh\u00ebrua t\u00eb nd\u00ebrpresin luftimet p\u00ebr kat\u00ebr dit\u00eb\",\"datePublished\":\"2026-09-05T06:39:31+00:00\",\"dateModified\":\"2026-09-05T06:39:33+00:00\",\"mainEntityOfPage\":{\"@id\":\"https:\\\/\\\/kosovatimes.info\\\/index.php\\\/2026\\\/09\\\/05\\\/mediat-e-kievit-njesive-ukrainase-u-urdherua-te-nderpresin-luftimet-per-kater-dite\\\/\"},\"wordCount\":111,\"commentCount\":0,\"image\":{\"@id\":\"https:\\\/\\\/kosovatimes.info\\\/index.php\\\/2026\\\/09\\\/05\\\/mediat-e-kievit-njesive-ukrainase-u-urdherua-te-nderpresin-luftimet-per-kater-dite\\\/#primaryimage\"},\"thumbnailUrl\":\"https:\\\/\\\/kosovatimes.info\\\/wp-content\\\/uploads\\\/2026\\\/09\\\/Ukraina.webp\",\"articleSection\":[\"Bot\u00eb\",\"Lajme\"],\"inLanguage\":\"en-US\",\"potentialAction\":[{\"@type\":\"CommentAction\",\"name\":\"Comment\",\"target\":[\"https:\\\/\\\/kosovatimes.info\\\/index.php\\\/2026\\\/09\\\/05\\\/mediat-e-kievit-njesive-ukrainase-u-urdherua-te-nderpresin-luftimet-per-kater-dite\\\/#respond\"]}]},{\"@type\":\"WebPage\",\"@id\":\"https:\\\/\\\/kosovatimes.info\\\/index.php\\\/2026\\\/09\\\/05\\\/mediat-e-kievit-njesive-ukrainase-u-urdherua-te-nderpresin-luftimet-per-kater-dite\\\/\",\"url\":\"https:\\\/\\\/kosovatimes.info\\\/index.php\\\/2026\\\/09\\\/05\\\/mediat-e-kievit-njesive-ukrainase-u-urdherua-te-nderpresin-luftimet-per-kater-dite\\\/\",\"name\":\"Mediat e Kievit: Nj\u00ebsive ukrainase u urdh\u00ebrua t\u00eb nd\u00ebrpresin luftimet p\u00ebr kat\u00ebr dit\u00eb - Kosova Times\",\"isPartOf\":{\"@id\":\"https:\\\/\\\/kosovatimes.info\\\/#website\"},\"primaryImageOfPage\":{\"@id\":\"https:\\\/\\\/kosovatimes.info\\\/index.php\\\/2026\\\/09\\\/05\\\/mediat-e-kievit-njesive-ukrainase-u-urdherua-te-nderpresin-luftimet-per-kater-dite\\\/#primaryimage\"},\"image\":{\"@id\":\"https:\\\/\\\/kosovatimes.info\\\/index.php\\\/2026\\\/09\\\/05\\\/mediat-e-kievit-njesive-ukrainase-u-urdherua-te-nderpresin-luftimet-per-kater-dite\\\/#primaryimage\"},\"thumbnailUrl\":\"https:\\\/\\\/kosovatimes.info\\\/wp-content\\\/uploads\\\/2026\\\/09\\\/Ukraina.webp\",\"datePublished\":\"2026-09-05T06:39:31+00:00\",\"dateModified\":\"2026-09-05T06:39:33+00:00\",\"author\":{\"@id\":\"https:\\\/\\\/kosovatimes.info\\\/#\\\/schema\\\/person\\\/7586712b9c512fe68085de007378c915\"},\"breadcrumb\":{\"@id\":\"https:\\\/\\\/kosovatimes.info\\\/index.php\\\/2026\\\/09\\\/05\\\/mediat-e-kievit-njesive-ukrainase-u-urdherua-te-nderpresin-luftimet-per-kater-dite\\\/#breadcrumb\"},\"inLanguage\":\"en-US\",\"potentialAction\":[{\"@type\":\"ReadAction\",\"target\":[\"https:\\\/\\\/kosovatimes.info\\\/index.php\\\/2026\\\/09\\\/05\\\/mediat-e-kievit-njesive-ukrainase-u-urdherua-te-nderpresin-luftimet-per-kater-dite\\\/\"]}]},{\"@type\":\"ImageObject\",\"inLanguage\":\"en-US\",\"@id\":\"https:\\\/\\\/kosovatimes.info\\\/index.php\\\/2026\\\/09\\\/05\\\/mediat-e-kievit-njesive-ukrainase-u-urdherua-te-nderpresin-luftimet-per-kater-dite\\\/#primaryimage\",\"url\":\"https:\\\/\\\/kosovatimes.info\\\/wp-content\\\/uploads\\\/2026\\\/09\\\/Ukraina.webp\",\"contentUrl\":\"https:\\\/\\\/kosovatimes.info\\\/wp-content\\\/uploads\\\/2026\\\/09\\\/Ukraina.webp\",\"width\":800,\"height\":533},{\"@type\":\"BreadcrumbList\",\"@id\":\"https:\\\/\\\/kosovatimes.info\\\/index.php\\\/2026\\\/09\\\/05\\\/mediat-e-kievit-njesive-ukrainase-u-urdherua-te-nderpresin-luftimet-per-kater-dite\\\/#breadcrumb\",\"itemListElement\":[{\"@type\":\"ListItem\",\"position\":1,\"name\":\"Home\",\"item\":\"https:\\\/\\\/kosovatimes.info\\\/\"},{\"@type\":\"ListItem\",\"position\":2,\"name\":\"Mediat e Kievit: Nj\u00ebsive ukrainase u urdh\u00ebrua t\u00eb nd\u00ebrpresin luftimet p\u00ebr kat\u00ebr dit\u00eb\"}]},{\"@type\":\"WebSite\",\"@id\":\"https:\\\/\\\/kosovatimes.info\\\/#website\",\"url\":\"https:\\\/\\\/kosovatimes.info\\\/\",\"name\":\"Kosova Times\",\"description\":\"\",\"potentialAction\":[{\"@type\":\"SearchAction\",\"target\":{\"@type\":\"EntryPoint\",\"urlTemplate\":\"https:\\\/\\\/kosovatimes.info\\\/?s={search_term_string}\"},\"query-input\":{\"@type\":\"PropertyValueSpecification\",\"valueRequired\":true,\"valueName\":\"search_term_string\"}}],\"inLanguage\":\"en-US\"},{\"@type\":\"Person\",\"@id\":\"https:\\\/\\\/kosovatimes.info\\\/#\\\/schema\\\/person\\\/7586712b9c512fe68085de007378c915\",\"name\":\"i l\",\"image\":{\"@type\":\"ImageObject\",\"inLanguage\":\"en-US\",\"@id\":\"https:\\\/\\\/secure.gravatar.com\\\/avatar\\\/bad9296e02816160ae2e2435beda58222022298d5625d49fea74d18816fbb31d?s=96&d=mm&r=g\",\"url\":\"https:\\\/\\\/secure.gravatar.com\\\/avatar\\\/bad9296e02816160ae2e2435beda58222022298d5625d49fea74d18816fbb31d?s=96&d=mm&r=g\",\"contentUrl\":\"https:\\\/\\\/secure.gravatar.com\\\/avatar\\\/bad9296e02816160ae2e2435beda58222022298d5625d49fea74d18816fbb31d?s=96&d=mm&r=g\",\"caption\":\"i l\"},\"url\":\"https:\\\/\\\/kosovatimes.info\\\/index.php\\\/author\\\/iliri\\\/\"}]}<\/script>\n<!-- \/ Yoast SEO plugin. -->","yoast_head_json":{"title":"Mediat e Kievit: Nj\u00ebsive ukrainase u urdh\u00ebrua t\u00eb nd\u00ebrpresin luftimet p\u00ebr kat\u00ebr dit\u00eb - Kosova Times","robots":{"index":"index","follow":"follow","max-snippet":"max-snippet:-1","max-image-preview":"max-image-preview:large","max-video-preview":"max-video-preview:-1"},"canonical":"https:\/\/kosovatimes.info\/index.php\/2026\/09\/05\/mediat-e-kievit-njesive-ukrainase-u-urdherua-te-nderpresin-luftimet-per-kater-dite\/","og_locale":"en_US","og_type":"article","og_title":"Mediat e Kievit: Nj\u00ebsive ukrainase u urdh\u00ebrua t\u00eb nd\u00ebrpresin luftimet p\u00ebr kat\u00ebr dit\u00eb - Kosova Times","og_description":"Mediat e Kievit: Nj\u00ebsive ukrainase u urdh\u00ebrua t\u00eb nd\u00ebrpresin luftimet p\u00ebr kat\u00ebr dit\u00eb Ky informacion u botua nga Ukrainska Pravda dhe u mor nga disa brigada q\u00eb vepronin n\u00eb zona t\u00eb ndryshme dhe nga punonj\u00ebs t\u00eb sektorit t\u00eb siguris\u00eb dhe mbrojtjes ukrainase. Burimet deklaruan se ky ishte nj\u00eb propozim nga pala ukrainase, por q\u00eb n\u00eb [&hellip;]","og_url":"https:\/\/kosovatimes.info\/index.php\/2026\/09\/05\/mediat-e-kievit-njesive-ukrainase-u-urdherua-te-nderpresin-luftimet-per-kater-dite\/","og_site_name":"Kosova Times","article_published_time":"2026-09-05T06:39:31+00:00","article_modified_time":"2026-09-05T06:39:33+00:00","og_image":[{"width":800,"height":533,"url":"https:\/\/kosovatimes.info\/wp-content\/uploads\/2026\/09\/Ukraina.webp","type":"image\/webp"}],"author":"i l","twitter_card":"summary_large_image","twitter_misc":{"Written by":"i l","Est. reading time":"1 minute"},"schema":{"@context":"https:\/\/schema.org","@graph":[{"@type":"Article","@id":"https:\/\/kosovatimes.info\/index.php\/2026\/09\/05\/mediat-e-kievit-njesive-ukrainase-u-urdherua-te-nderpresin-luftimet-per-kater-dite\/#article","isPartOf":{"@id":"https:\/\/kosovatimes.info\/index.php\/2026\/09\/05\/mediat-e-kievit-njesive-ukrainase-u-urdherua-te-nderpresin-luftimet-per-kater-dite\/"},"author":{"name":"i l","@id":"https:\/\/kosovatimes.info\/#\/schema\/person\/7586712b9c512fe68085de007378c915"},"headline":"Mediat e Kievit: Nj\u00ebsive ukrainase u urdh\u00ebrua t\u00eb nd\u00ebrpresin luftimet p\u00ebr kat\u00ebr dit\u00eb","datePublished":"2026-09-05T06:39:31+00:00","dateModified":"2026-09-05T06:39:33+00:00","mainEntityOfPage":{"@id":"https:\/\/kosovatimes.info\/index.php\/2026\/09\/05\/mediat-e-kievit-njesive-ukrainase-u-urdherua-te-nderpresin-luftimet-per-kater-dite\/"},"wordCount":111,"commentCount":0,"image":{"@id":"https:\/\/kosovatimes.info\/index.php\/2026\/09\/05\/mediat-e-kievit-njesive-ukrainase-u-urdherua-te-nderpresin-luftimet-per-kater-dite\/#primaryimage"},"thumbnailUrl":"https:\/\/kosovatimes.info\/wp-content\/uploads\/2026\/09\/Ukraina.webp","articleSection":["Bot\u00eb","Lajme"],"inLanguage":"en-US","potentialAction":[{"@type":"CommentAction","name":"Comment","target":["https:\/\/kosovatimes.info\/index.php\/2026\/09\/05\/mediat-e-kievit-njesive-ukrainase-u-urdherua-te-nderpresin-luftimet-per-kater-dite\/#respond"]}]},{"@type":"WebPage","@id":"https:\/\/kosovatimes.info\/index.php\/2026\/09\/05\/mediat-e-kievit-njesive-ukrainase-u-urdherua-te-nderpresin-luftimet-per-kater-dite\/","url":"https:\/\/kosovatimes.info\/index.php\/2026\/09\/05\/mediat-e-kievit-njesive-ukrainase-u-urdherua-te-nderpresin-luftimet-per-kater-dite\/","name":"Mediat e Kievit: Nj\u00ebsive ukrainase u urdh\u00ebrua t\u00eb nd\u00ebrpresin luftimet p\u00ebr kat\u00ebr dit\u00eb - Kosova Times","isPartOf":{"@id":"https:\/\/kosovatimes.info\/#website"},"primaryImageOfPage":{"@id":"https:\/\/kosovatimes.info\/index.php\/2026\/09\/05\/mediat-e-kievit-njesive-ukrainase-u-urdherua-te-nderpresin-luftimet-per-kater-dite\/#primaryimage"},"image":{"@id":"https:\/\/kosovatimes.info\/index.php\/2026\/09\/05\/mediat-e-kievit-njesive-ukrainase-u-urdherua-te-nderpresin-luftimet-per-kater-dite\/#primaryimage"},"thumbnailUrl":"https:\/\/kosovatimes.info\/wp-content\/uploads\/2026\/09\/Ukraina.webp","datePublished":"2026-09-05T06:39:31+00:00","dateModified":"2026-09-05T06:39:33+00:00","author":{"@id":"https:\/\/kosovatimes.info\/#\/schema\/person\/7586712b9c512fe68085de007378c915"},"breadcrumb":{"@id":"https:\/\/kosovatimes.info\/index.php\/2026\/09\/05\/mediat-e-kievit-njesive-ukrainase-u-urdherua-te-nderpresin-luftimet-per-kater-dite\/#breadcrumb"},"inLanguage":"en-US","potentialAction":[{"@type":"ReadAction","target":["https:\/\/kosovatimes.info\/index.php\/2026\/09\/05\/mediat-e-kievit-njesive-ukrainase-u-urdherua-te-nderpresin-luftimet-per-kater-dite\/"]}]},{"@type":"ImageObject","inLanguage":"en-US","@id":"https:\/\/kosovatimes.info\/index.php\/2026\/09\/05\/mediat-e-kievit-njesive-ukrainase-u-urdherua-te-nderpresin-luftimet-per-kater-dite\/#primaryimage","url":"https:\/\/kosovatimes.info\/wp-content\/uploads\/2026\/09\/Ukraina.webp","contentUrl":"https:\/\/kosovatimes.info\/wp-content\/uploads\/2026\/09\/Ukraina.webp","width":800,"height":533},{"@type":"BreadcrumbList","@id":"https:\/\/kosovatimes.info\/index.php\/2026\/09\/05\/mediat-e-kievit-njesive-ukrainase-u-urdherua-te-nderpresin-luftimet-per-kater-dite\/#breadcrumb","itemListElement":[{"@type":"ListItem","position":1,"name":"Home","item":"https:\/\/kosovatimes.info\/"},{"@type":"ListItem","position":2,"name":"Mediat e Kievit: Nj\u00ebsive ukrainase u urdh\u00ebrua t\u00eb nd\u00ebrpresin luftimet p\u00ebr kat\u00ebr dit\u00eb"}]},{"@type":"WebSite","@id":"https:\/\/kosovatimes.info\/#website","url":"https:\/\/kosovatimes.info\/","name":"Kosova Times","description":"","potentialAction":[{"@type":"SearchAction","target":{"@type":"EntryPoint","urlTemplate":"https:\/\/kosovatimes.info\/?s={search_term_string}"},"query-input":{"@type":"PropertyValueSpecification","valueRequired":true,"valueName":"search_term_string"}}],"inLanguage":"en-US"},{"@type":"Person","@id":"https:\/\/kosovatimes.info\/#\/schema\/person\/7586712b9c512fe68085de007378c915","name":"i l","image":{"@type":"ImageObject","inLanguage":"en-US","@id":"https:\/\/secure.gravatar.com\/avatar\/bad9296e02816160ae2e2435beda58222022298d5625d49fea74d18816fbb31d?s=96&d=mm&r=g","url":"https:\/\/secure.gravatar.com\/avatar\/bad9296e02816160ae2e2435beda58222022298d5625d49fea74d18816fbb31d?s=96&d=mm&r=g","contentUrl":"https:\/\/secure.gravatar.com\/avatar\/bad9296e02816160ae2e2435beda58222022298d5625d49fea74d18816fbb31d?s=96&d=mm&r=g","caption":"i l"},"url":"https:\/\/kosovatimes.info\/index.php\/author\/iliri\/"}]}},"_links":{"self":[{"href":"https:\/\/kosovatimes.info\/index.php\/wp-json\/wp\/v2\/posts\/30991","targetHints":{"allow":["GET"]}}],"collection":[{"href":"https:\/\/kosovatimes.info\/index.php\/wp-json\/wp\/v2\/posts"}],"about":[{"href":"https:\/\/kosovatimes.info\/index.php\/wp-json\/wp\/v2\/types\/post"}],"author":[{"embeddable":true,"href":"https:\/\/kosovatimes.info\/index.php\/wp-json\/wp\/v2\/users\/4"}],"replies":[{"embeddable":true,"href":"https:\/\/kosovatimes.info\/index.php\/wp-json\/wp\/v2\/comments?post=30991"}],"version-history":[{"count":1,"href":"https:\/\/kosovatimes.info\/index.php\/wp-json\/wp\/v2\/posts\/30991\/revisions"}],"predecessor-version":[{"id":30993,"href":"https:\/\/kosovatimes.info\/index.php\/wp-json\/wp\/v2\/posts\/30991\/revisions\/30993"}],"wp:featuredmedia":[{"embeddable":true,"href":"https:\/\/kosovatimes.info\/index.php\/wp-json\/wp\/v2\/media\/30992"}],"wp:attachment":[{"href":"https:\/\/kosovatimes.info\/index.php\/wp-json\/wp\/v2\/media?parent=30991"}],"wp:term":[{"taxonomy":"category","embeddable":true,"href":"https:\/\/kosovatimes.info\/index.php\/wp-json\/wp\/v2\/categories?post=30991"},{"taxonomy":"post_tag","embeddable":true,"href":"https:\/\/kosovatimes.info\/index.php\/wp-json\/wp\/v2\/tags?post=30991"}],"curies":[{"name":"wp","href":"https:\/\/api.w.org\/{rel}","templated":true}]}}