{"id":30996,"date":"2026-09-05T07:46:00","date_gmt":"2026-09-05T05:46:00","guid":{"rendered":"https:\/\/kosovatimes.info\/?p=30996"},"modified":"2026-09-05T08:47:00","modified_gmt":"2026-09-05T06:47:00","slug":"frontex-vendos-anije-ne-kanalin-anglez-per-here-te-pare","status":"publish","type":"post","link":"https:\/\/kosovatimes.info\/index.php\/2026\/09\/05\/frontex-vendos-anije-ne-kanalin-anglez-per-here-te-pare\/","title":{"rendered":"Frontex vendos anije n\u00eb Kanalin Anglez p\u00ebr her\u00eb t\u00eb par\u00eb"},"content":{"rendered":"\n<p class=\"wp-block-paragraph\">Agjencia Evropiane e Roj\u00ebs Kufitare dhe Bregdetare (Frontex) po d\u00ebrgon anije patrullimi n\u00eb Kanalin Anglez p\u00ebr her\u00eb t\u00eb par\u00eb p\u00ebr t\u00eb ndihmuar n\u00eb shp\u00ebtimin e migrant\u00ebve q\u00eb hasin v\u00ebshtir\u00ebsi gjat\u00eb p\u00ebrpjekjes p\u00ebr t\u00eb kaluar nga Franca veriore n\u00eb Mbret\u00ebrin\u00eb e Bashkuar.<\/p>\n\n\n\n<p class=\"wp-block-paragraph\">Anija, e cila operon n\u00eb brigjet franceze, mb\u00ebshtet operacionet e k\u00ebrkim-shp\u00ebtimit nga anijet franceze dhe bashk\u00ebpunon me nj\u00eb avion mbik\u00ebqyrjeje q\u00eb Agjencia Evropiane e Roj\u00ebs Kufitare dhe Bregdetare ka vendosur mbi Kanalin Anglez q\u00eb nga viti 2021, tha Frontex.<\/p>\n\n\n\n<p class=\"wp-block-paragraph\">Frontex do t\u00eb d\u00ebrgoj\u00eb nj\u00eb anije spanjolle n\u00eb shtator dhe nj\u00eb tjet\u00ebr n\u00eb tetor, nd\u00ebrsa anijet nga Lituania jan\u00eb planifikuar nga n\u00ebntori deri n\u00eb janar 2027, sipas prefektur\u00ebs detare franceze p\u00ebrgjegj\u00ebse p\u00ebr zon\u00ebn.<\/p>\n\n\n\n<p class=\"wp-block-paragraph\">Autoritetet franceze ruajn\u00eb kontrollin mbi operacionet q\u00eb p\u00ebrfshijn\u00eb anijet e Frontex. Frontex theksoi se roli i tij \u00ebsht\u00eb i kufizuar n\u00eb mb\u00ebshtetjen e operacioneve franceze t\u00eb shp\u00ebtimit dhe nuk p\u00ebrfshin kapjen e migrant\u00ebve n\u00eb det.Numri i emigrant\u00ebve ka r\u00ebn\u00eb ndjesh\u00ebm<\/p>\n\n\n\n<p class=\"wp-block-paragraph\">P\u00ebr vite me radh\u00eb, nj\u00eb num\u00ebr i madh emigrant\u00ebsh jan\u00eb p\u00ebrpjekur t\u00eb kalojn\u00eb Kanalin Anglez me gomone p\u00ebr t\u00eb arritur n\u00eb Mbret\u00ebrin\u00eb e Bashkuar. Kontrabandist\u00ebt po p\u00ebrdorin gjithnj\u00eb e m\u00eb shum\u00eb anije m\u00eb t\u00eb m\u00ebdha p\u00ebr t\u00eb transportuar sa m\u00eb shum\u00eb njer\u00ebz t\u00eb jet\u00eb e mundur. Megjithat\u00eb, numri i emigrant\u00ebve q\u00eb mb\u00ebrrijn\u00eb n\u00eb Mbret\u00ebrin\u00eb e Bashkuar n\u00ebp\u00ebrmjet Kanalit Anglez ra ndjesh\u00ebm n\u00eb gjysm\u00ebn e par\u00eb t\u00eb vitit 2026, sipas Ministris\u00eb s\u00eb Brendshme t\u00eb Mbret\u00ebris\u00eb s\u00eb Bashkuar.<\/p>\n\n\n\n<p class=\"wp-block-paragraph\">Londra ka k\u00ebrkuar prej koh\u00ebsh t\u00eb kufizoj\u00eb kalimet me mb\u00ebshtetjen franceze dhe i ka dh\u00ebn\u00eb Parisit miliona paund, ve\u00e7an\u00ebrisht p\u00ebr t\u00eb rritur sigurin\u00eb kufitare. Autoritetet franceze i sh\u00ebnjestrojn\u00eb kontrabandist\u00ebt, por nuk i ndalojn\u00eb emigrant\u00ebt n\u00eb det p\u00ebr shkak t\u00eb rrezikut q\u00eb mund t\u2019i v\u00ebn\u00eb ata n\u00eb rrezik.<\/p>\n\n\n\n<p class=\"wp-block-paragraph\">Migrant\u00ebt e shp\u00ebtuar n\u00eb det mbeten t\u00eb lir\u00eb t\u00eb l\u00ebvizin n\u00ebp\u00ebr Franc\u00eb dhe ndonj\u00ebher\u00eb p\u00ebrpiqen t\u00eb kalojn\u00eb Kanalin Anglez me vark\u00eb disa her\u00eb.<\/p>\n","protected":false},"excerpt":{"rendered":"<p>Agjencia Evropiane e Roj\u00ebs Kufitare dhe Bregdetare (Frontex) po d\u00ebrgon anije patrullimi n\u00eb Kanalin Anglez p\u00ebr her\u00eb t\u00eb par\u00eb p\u00ebr t\u00eb ndihmuar n\u00eb shp\u00ebtimin e migrant\u00ebve q\u00eb hasin v\u00ebshtir\u00ebsi gjat\u00eb p\u00ebrpjekjes p\u00ebr t\u00eb kaluar nga Franca veriore n\u00eb Mbret\u00ebrin\u00eb e Bashkuar. Anija, e cila operon n\u00eb brigjet franceze, mb\u00ebshtet operacionet e k\u00ebrkim-shp\u00ebtimit nga anijet franceze [&hellip;]<\/p>\n","protected":false},"author":4,"featured_media":30997,"comment_status":"open","ping_status":"open","sticky":false,"template":"","format":"standard","meta":{"footnotes":""},"categories":[1],"tags":[],"class_list":["post-30996","post","type-post","status-publish","format-standard","has-post-thumbnail","category-pafilter"],"yoast_head":"<!-- This site is optimized with the Yoast SEO plugin v27.4 - https:\/\/yoast.com\/product\/yoast-seo-wordpress\/ -->\n<title>Frontex vendos anije n\u00eb Kanalin Anglez p\u00ebr her\u00eb t\u00eb par\u00eb - Kosova Times<\/title>\n<meta name=\"robots\" content=\"index, follow, max-snippet:-1, max-image-preview:large, max-video-preview:-1\" \/>\n<link rel=\"canonical\" href=\"https:\/\/kosovatimes.info\/index.php\/2026\/09\/05\/frontex-vendos-anije-ne-kanalin-anglez-per-here-te-pare\/\" \/>\n<meta property=\"og:locale\" content=\"en_US\" \/>\n<meta property=\"og:type\" content=\"article\" \/>\n<meta property=\"og:title\" content=\"Frontex vendos anije n\u00eb Kanalin Anglez p\u00ebr her\u00eb t\u00eb par\u00eb - Kosova Times\" \/>\n<meta property=\"og:description\" content=\"Agjencia Evropiane e Roj\u00ebs Kufitare dhe Bregdetare (Frontex) po d\u00ebrgon anije patrullimi n\u00eb Kanalin Anglez p\u00ebr her\u00eb t\u00eb par\u00eb p\u00ebr t\u00eb ndihmuar n\u00eb shp\u00ebtimin e migrant\u00ebve q\u00eb hasin v\u00ebshtir\u00ebsi gjat\u00eb p\u00ebrpjekjes p\u00ebr t\u00eb kaluar nga Franca veriore n\u00eb Mbret\u00ebrin\u00eb e Bashkuar. Anija, e cila operon n\u00eb brigjet franceze, mb\u00ebshtet operacionet e k\u00ebrkim-shp\u00ebtimit nga anijet franceze [&hellip;]\" \/>\n<meta property=\"og:url\" content=\"https:\/\/kosovatimes.info\/index.php\/2026\/09\/05\/frontex-vendos-anije-ne-kanalin-anglez-per-here-te-pare\/\" \/>\n<meta property=\"og:site_name\" content=\"Kosova Times\" \/>\n<meta property=\"article:published_time\" content=\"2026-09-05T05:46:00+00:00\" \/>\n<meta property=\"article:modified_time\" content=\"2026-09-05T06:47:00+00:00\" \/>\n<meta property=\"og:image\" content=\"https:\/\/kosovatimes.info\/wp-content\/uploads\/2026\/09\/Frontex.webp\" \/>\n\t<meta property=\"og:image:width\" content=\"765\" \/>\n\t<meta property=\"og:image:height\" content=\"510\" \/>\n\t<meta property=\"og:image:type\" content=\"image\/webp\" \/>\n<meta name=\"author\" content=\"i l\" \/>\n<meta name=\"twitter:card\" content=\"summary_large_image\" \/>\n<meta name=\"twitter:label1\" content=\"Written by\" \/>\n\t<meta name=\"twitter:data1\" content=\"i l\" \/>\n\t<meta name=\"twitter:label2\" content=\"Est. reading time\" \/>\n\t<meta name=\"twitter:data2\" content=\"2 minutes\" \/>\n<script type=\"application\/ld+json\" class=\"yoast-schema-graph\">{\"@context\":\"https:\\\/\\\/schema.org\",\"@graph\":[{\"@type\":\"Article\",\"@id\":\"https:\\\/\\\/kosovatimes.info\\\/index.php\\\/2026\\\/09\\\/05\\\/frontex-vendos-anije-ne-kanalin-anglez-per-here-te-pare\\\/#article\",\"isPartOf\":{\"@id\":\"https:\\\/\\\/kosovatimes.info\\\/index.php\\\/2026\\\/09\\\/05\\\/frontex-vendos-anije-ne-kanalin-anglez-per-here-te-pare\\\/\"},\"author\":{\"name\":\"i l\",\"@id\":\"https:\\\/\\\/kosovatimes.info\\\/#\\\/schema\\\/person\\\/7586712b9c512fe68085de007378c915\"},\"headline\":\"Frontex vendos anije n\u00eb Kanalin Anglez p\u00ebr her\u00eb t\u00eb par\u00eb\",\"datePublished\":\"2026-09-05T05:46:00+00:00\",\"dateModified\":\"2026-09-05T06:47:00+00:00\",\"mainEntityOfPage\":{\"@id\":\"https:\\\/\\\/kosovatimes.info\\\/index.php\\\/2026\\\/09\\\/05\\\/frontex-vendos-anije-ne-kanalin-anglez-per-here-te-pare\\\/\"},\"wordCount\":381,\"commentCount\":0,\"image\":{\"@id\":\"https:\\\/\\\/kosovatimes.info\\\/index.php\\\/2026\\\/09\\\/05\\\/frontex-vendos-anije-ne-kanalin-anglez-per-here-te-pare\\\/#primaryimage\"},\"thumbnailUrl\":\"https:\\\/\\\/kosovatimes.info\\\/wp-content\\\/uploads\\\/2026\\\/09\\\/Frontex.webp\",\"articleSection\":[\"pafilter\"],\"inLanguage\":\"en-US\",\"potentialAction\":[{\"@type\":\"CommentAction\",\"name\":\"Comment\",\"target\":[\"https:\\\/\\\/kosovatimes.info\\\/index.php\\\/2026\\\/09\\\/05\\\/frontex-vendos-anije-ne-kanalin-anglez-per-here-te-pare\\\/#respond\"]}]},{\"@type\":\"WebPage\",\"@id\":\"https:\\\/\\\/kosovatimes.info\\\/index.php\\\/2026\\\/09\\\/05\\\/frontex-vendos-anije-ne-kanalin-anglez-per-here-te-pare\\\/\",\"url\":\"https:\\\/\\\/kosovatimes.info\\\/index.php\\\/2026\\\/09\\\/05\\\/frontex-vendos-anije-ne-kanalin-anglez-per-here-te-pare\\\/\",\"name\":\"Frontex vendos anije n\u00eb Kanalin Anglez p\u00ebr her\u00eb t\u00eb par\u00eb - Kosova Times\",\"isPartOf\":{\"@id\":\"https:\\\/\\\/kosovatimes.info\\\/#website\"},\"primaryImageOfPage\":{\"@id\":\"https:\\\/\\\/kosovatimes.info\\\/index.php\\\/2026\\\/09\\\/05\\\/frontex-vendos-anije-ne-kanalin-anglez-per-here-te-pare\\\/#primaryimage\"},\"image\":{\"@id\":\"https:\\\/\\\/kosovatimes.info\\\/index.php\\\/2026\\\/09\\\/05\\\/frontex-vendos-anije-ne-kanalin-anglez-per-here-te-pare\\\/#primaryimage\"},\"thumbnailUrl\":\"https:\\\/\\\/kosovatimes.info\\\/wp-content\\\/uploads\\\/2026\\\/09\\\/Frontex.webp\",\"datePublished\":\"2026-09-05T05:46:00+00:00\",\"dateModified\":\"2026-09-05T06:47:00+00:00\",\"author\":{\"@id\":\"https:\\\/\\\/kosovatimes.info\\\/#\\\/schema\\\/person\\\/7586712b9c512fe68085de007378c915\"},\"breadcrumb\":{\"@id\":\"https:\\\/\\\/kosovatimes.info\\\/index.php\\\/2026\\\/09\\\/05\\\/frontex-vendos-anije-ne-kanalin-anglez-per-here-te-pare\\\/#breadcrumb\"},\"inLanguage\":\"en-US\",\"potentialAction\":[{\"@type\":\"ReadAction\",\"target\":[\"https:\\\/\\\/kosovatimes.info\\\/index.php\\\/2026\\\/09\\\/05\\\/frontex-vendos-anije-ne-kanalin-anglez-per-here-te-pare\\\/\"]}]},{\"@type\":\"ImageObject\",\"inLanguage\":\"en-US\",\"@id\":\"https:\\\/\\\/kosovatimes.info\\\/index.php\\\/2026\\\/09\\\/05\\\/frontex-vendos-anije-ne-kanalin-anglez-per-here-te-pare\\\/#primaryimage\",\"url\":\"https:\\\/\\\/kosovatimes.info\\\/wp-content\\\/uploads\\\/2026\\\/09\\\/Frontex.webp\",\"contentUrl\":\"https:\\\/\\\/kosovatimes.info\\\/wp-content\\\/uploads\\\/2026\\\/09\\\/Frontex.webp\",\"width\":765,\"height\":510},{\"@type\":\"BreadcrumbList\",\"@id\":\"https:\\\/\\\/kosovatimes.info\\\/index.php\\\/2026\\\/09\\\/05\\\/frontex-vendos-anije-ne-kanalin-anglez-per-here-te-pare\\\/#breadcrumb\",\"itemListElement\":[{\"@type\":\"ListItem\",\"position\":1,\"name\":\"Home\",\"item\":\"https:\\\/\\\/kosovatimes.info\\\/\"},{\"@type\":\"ListItem\",\"position\":2,\"name\":\"Frontex vendos anije n\u00eb Kanalin Anglez p\u00ebr her\u00eb t\u00eb par\u00eb\"}]},{\"@type\":\"WebSite\",\"@id\":\"https:\\\/\\\/kosovatimes.info\\\/#website\",\"url\":\"https:\\\/\\\/kosovatimes.info\\\/\",\"name\":\"Kosova Times\",\"description\":\"\",\"potentialAction\":[{\"@type\":\"SearchAction\",\"target\":{\"@type\":\"EntryPoint\",\"urlTemplate\":\"https:\\\/\\\/kosovatimes.info\\\/?s={search_term_string}\"},\"query-input\":{\"@type\":\"PropertyValueSpecification\",\"valueRequired\":true,\"valueName\":\"search_term_string\"}}],\"inLanguage\":\"en-US\"},{\"@type\":\"Person\",\"@id\":\"https:\\\/\\\/kosovatimes.info\\\/#\\\/schema\\\/person\\\/7586712b9c512fe68085de007378c915\",\"name\":\"i l\",\"image\":{\"@type\":\"ImageObject\",\"inLanguage\":\"en-US\",\"@id\":\"https:\\\/\\\/secure.gravatar.com\\\/avatar\\\/bad9296e02816160ae2e2435beda58222022298d5625d49fea74d18816fbb31d?s=96&d=mm&r=g\",\"url\":\"https:\\\/\\\/secure.gravatar.com\\\/avatar\\\/bad9296e02816160ae2e2435beda58222022298d5625d49fea74d18816fbb31d?s=96&d=mm&r=g\",\"contentUrl\":\"https:\\\/\\\/secure.gravatar.com\\\/avatar\\\/bad9296e02816160ae2e2435beda58222022298d5625d49fea74d18816fbb31d?s=96&d=mm&r=g\",\"caption\":\"i l\"},\"url\":\"https:\\\/\\\/kosovatimes.info\\\/index.php\\\/author\\\/iliri\\\/\"}]}<\/script>\n<!-- \/ Yoast SEO plugin. -->","yoast_head_json":{"title":"Frontex vendos anije n\u00eb Kanalin Anglez p\u00ebr her\u00eb t\u00eb par\u00eb - Kosova Times","robots":{"index":"index","follow":"follow","max-snippet":"max-snippet:-1","max-image-preview":"max-image-preview:large","max-video-preview":"max-video-preview:-1"},"canonical":"https:\/\/kosovatimes.info\/index.php\/2026\/09\/05\/frontex-vendos-anije-ne-kanalin-anglez-per-here-te-pare\/","og_locale":"en_US","og_type":"article","og_title":"Frontex vendos anije n\u00eb Kanalin Anglez p\u00ebr her\u00eb t\u00eb par\u00eb - Kosova Times","og_description":"Agjencia Evropiane e Roj\u00ebs Kufitare dhe Bregdetare (Frontex) po d\u00ebrgon anije patrullimi n\u00eb Kanalin Anglez p\u00ebr her\u00eb t\u00eb par\u00eb p\u00ebr t\u00eb ndihmuar n\u00eb shp\u00ebtimin e migrant\u00ebve q\u00eb hasin v\u00ebshtir\u00ebsi gjat\u00eb p\u00ebrpjekjes p\u00ebr t\u00eb kaluar nga Franca veriore n\u00eb Mbret\u00ebrin\u00eb e Bashkuar. Anija, e cila operon n\u00eb brigjet franceze, mb\u00ebshtet operacionet e k\u00ebrkim-shp\u00ebtimit nga anijet franceze [&hellip;]","og_url":"https:\/\/kosovatimes.info\/index.php\/2026\/09\/05\/frontex-vendos-anije-ne-kanalin-anglez-per-here-te-pare\/","og_site_name":"Kosova Times","article_published_time":"2026-09-05T05:46:00+00:00","article_modified_time":"2026-09-05T06:47:00+00:00","og_image":[{"width":765,"height":510,"url":"https:\/\/kosovatimes.info\/wp-content\/uploads\/2026\/09\/Frontex.webp","type":"image\/webp"}],"author":"i l","twitter_card":"summary_large_image","twitter_misc":{"Written by":"i l","Est. reading time":"2 minutes"},"schema":{"@context":"https:\/\/schema.org","@graph":[{"@type":"Article","@id":"https:\/\/kosovatimes.info\/index.php\/2026\/09\/05\/frontex-vendos-anije-ne-kanalin-anglez-per-here-te-pare\/#article","isPartOf":{"@id":"https:\/\/kosovatimes.info\/index.php\/2026\/09\/05\/frontex-vendos-anije-ne-kanalin-anglez-per-here-te-pare\/"},"author":{"name":"i l","@id":"https:\/\/kosovatimes.info\/#\/schema\/person\/7586712b9c512fe68085de007378c915"},"headline":"Frontex vendos anije n\u00eb Kanalin Anglez p\u00ebr her\u00eb t\u00eb par\u00eb","datePublished":"2026-09-05T05:46:00+00:00","dateModified":"2026-09-05T06:47:00+00:00","mainEntityOfPage":{"@id":"https:\/\/kosovatimes.info\/index.php\/2026\/09\/05\/frontex-vendos-anije-ne-kanalin-anglez-per-here-te-pare\/"},"wordCount":381,"commentCount":0,"image":{"@id":"https:\/\/kosovatimes.info\/index.php\/2026\/09\/05\/frontex-vendos-anije-ne-kanalin-anglez-per-here-te-pare\/#primaryimage"},"thumbnailUrl":"https:\/\/kosovatimes.info\/wp-content\/uploads\/2026\/09\/Frontex.webp","articleSection":["pafilter"],"inLanguage":"en-US","potentialAction":[{"@type":"CommentAction","name":"Comment","target":["https:\/\/kosovatimes.info\/index.php\/2026\/09\/05\/frontex-vendos-anije-ne-kanalin-anglez-per-here-te-pare\/#respond"]}]},{"@type":"WebPage","@id":"https:\/\/kosovatimes.info\/index.php\/2026\/09\/05\/frontex-vendos-anije-ne-kanalin-anglez-per-here-te-pare\/","url":"https:\/\/kosovatimes.info\/index.php\/2026\/09\/05\/frontex-vendos-anije-ne-kanalin-anglez-per-here-te-pare\/","name":"Frontex vendos anije n\u00eb Kanalin Anglez p\u00ebr her\u00eb t\u00eb par\u00eb - Kosova Times","isPartOf":{"@id":"https:\/\/kosovatimes.info\/#website"},"primaryImageOfPage":{"@id":"https:\/\/kosovatimes.info\/index.php\/2026\/09\/05\/frontex-vendos-anije-ne-kanalin-anglez-per-here-te-pare\/#primaryimage"},"image":{"@id":"https:\/\/kosovatimes.info\/index.php\/2026\/09\/05\/frontex-vendos-anije-ne-kanalin-anglez-per-here-te-pare\/#primaryimage"},"thumbnailUrl":"https:\/\/kosovatimes.info\/wp-content\/uploads\/2026\/09\/Frontex.webp","datePublished":"2026-09-05T05:46:00+00:00","dateModified":"2026-09-05T06:47:00+00:00","author":{"@id":"https:\/\/kosovatimes.info\/#\/schema\/person\/7586712b9c512fe68085de007378c915"},"breadcrumb":{"@id":"https:\/\/kosovatimes.info\/index.php\/2026\/09\/05\/frontex-vendos-anije-ne-kanalin-anglez-per-here-te-pare\/#breadcrumb"},"inLanguage":"en-US","potentialAction":[{"@type":"ReadAction","target":["https:\/\/kosovatimes.info\/index.php\/2026\/09\/05\/frontex-vendos-anije-ne-kanalin-anglez-per-here-te-pare\/"]}]},{"@type":"ImageObject","inLanguage":"en-US","@id":"https:\/\/kosovatimes.info\/index.php\/2026\/09\/05\/frontex-vendos-anije-ne-kanalin-anglez-per-here-te-pare\/#primaryimage","url":"https:\/\/kosovatimes.info\/wp-content\/uploads\/2026\/09\/Frontex.webp","contentUrl":"https:\/\/kosovatimes.info\/wp-content\/uploads\/2026\/09\/Frontex.webp","width":765,"height":510},{"@type":"BreadcrumbList","@id":"https:\/\/kosovatimes.info\/index.php\/2026\/09\/05\/frontex-vendos-anije-ne-kanalin-anglez-per-here-te-pare\/#breadcrumb","itemListElement":[{"@type":"ListItem","position":1,"name":"Home","item":"https:\/\/kosovatimes.info\/"},{"@type":"ListItem","position":2,"name":"Frontex vendos anije n\u00eb Kanalin Anglez p\u00ebr her\u00eb t\u00eb par\u00eb"}]},{"@type":"WebSite","@id":"https:\/\/kosovatimes.info\/#website","url":"https:\/\/kosovatimes.info\/","name":"Kosova Times","description":"","potentialAction":[{"@type":"SearchAction","target":{"@type":"EntryPoint","urlTemplate":"https:\/\/kosovatimes.info\/?s={search_term_string}"},"query-input":{"@type":"PropertyValueSpecification","valueRequired":true,"valueName":"search_term_string"}}],"inLanguage":"en-US"},{"@type":"Person","@id":"https:\/\/kosovatimes.info\/#\/schema\/person\/7586712b9c512fe68085de007378c915","name":"i l","image":{"@type":"ImageObject","inLanguage":"en-US","@id":"https:\/\/secure.gravatar.com\/avatar\/bad9296e02816160ae2e2435beda58222022298d5625d49fea74d18816fbb31d?s=96&d=mm&r=g","url":"https:\/\/secure.gravatar.com\/avatar\/bad9296e02816160ae2e2435beda58222022298d5625d49fea74d18816fbb31d?s=96&d=mm&r=g","contentUrl":"https:\/\/secure.gravatar.com\/avatar\/bad9296e02816160ae2e2435beda58222022298d5625d49fea74d18816fbb31d?s=96&d=mm&r=g","caption":"i l"},"url":"https:\/\/kosovatimes.info\/index.php\/author\/iliri\/"}]}},"_links":{"self":[{"href":"https:\/\/kosovatimes.info\/index.php\/wp-json\/wp\/v2\/posts\/30996","targetHints":{"allow":["GET"]}}],"collection":[{"href":"https:\/\/kosovatimes.info\/index.php\/wp-json\/wp\/v2\/posts"}],"about":[{"href":"https:\/\/kosovatimes.info\/index.php\/wp-json\/wp\/v2\/types\/post"}],"author":[{"embeddable":true,"href":"https:\/\/kosovatimes.info\/index.php\/wp-json\/wp\/v2\/users\/4"}],"replies":[{"embeddable":true,"href":"https:\/\/kosovatimes.info\/index.php\/wp-json\/wp\/v2\/comments?post=30996"}],"version-history":[{"count":1,"href":"https:\/\/kosovatimes.info\/index.php\/wp-json\/wp\/v2\/posts\/30996\/revisions"}],"predecessor-version":[{"id":30998,"href":"https:\/\/kosovatimes.info\/index.php\/wp-json\/wp\/v2\/posts\/30996\/revisions\/30998"}],"wp:featuredmedia":[{"embeddable":true,"href":"https:\/\/kosovatimes.info\/index.php\/wp-json\/wp\/v2\/media\/30997"}],"wp:attachment":[{"href":"https:\/\/kosovatimes.info\/index.php\/wp-json\/wp\/v2\/media?parent=30996"}],"wp:term":[{"taxonomy":"category","embeddable":true,"href":"https:\/\/kosovatimes.info\/index.php\/wp-json\/wp\/v2\/categories?post=30996"},{"taxonomy":"post_tag","embeddable":true,"href":"https:\/\/kosovatimes.info\/index.php\/wp-json\/wp\/v2\/tags?post=30996"}],"curies":[{"name":"wp","href":"https:\/\/api.w.org\/{rel}","templated":true}]}}