{"id":30999,"date":"2026-09-05T08:51:40","date_gmt":"2026-09-05T06:51:40","guid":{"rendered":"https:\/\/kosovatimes.info\/?p=30999"},"modified":"2026-09-05T08:51:41","modified_gmt":"2026-09-05T06:51:41","slug":"vijon-lufta-me-zjarrin-ne-himare-nuk-ka-rrezik-per-banoret-dhe-turistet","status":"publish","type":"post","link":"https:\/\/kosovatimes.info\/index.php\/2026\/09\/05\/vijon-lufta-me-zjarrin-ne-himare-nuk-ka-rrezik-per-banoret-dhe-turistet\/","title":{"rendered":"Vijon lufta me zjarrin n\u00eb Himar\u00eb, nuk ka rrezik p\u00ebr banor\u00ebt dhe turist\u00ebt"},"content":{"rendered":"\n<p class=\"wp-block-paragraph\">ATSH<\/p>\n\n\n\n<p class=\"wp-block-paragraph\">Vijon angazhimi intensiv n\u00eb terren, me mbi 250 forca, t\u00eb mb\u00ebshtetura nga mbi 20 mjete zjarrfik\u00ebse t\u00eb ardhura nga bashkit\u00eb e jugut.<\/p>\n\n\n\n<p class=\"wp-block-paragraph\">Krahas strukturave lokale, situata n\u00eb terren \u00ebsht\u00eb ndjekur edhe nga ministri i Mbrojtjes, Ermal Nufi; ministri i Brendsh\u00ebm, Besfort Lamallari; drejtori i P\u00ebrgjithsh\u00ebm i Agjencis\u00eb Komb\u00ebtare t\u00eb Mbrojtjes Civile, Haki \u00c7ako; si dhe drejtori i P\u00ebrgjithsh\u00ebm i Policis\u00eb s\u00eb Shtetit, Sk\u00ebnder Hita.<\/p>\n\n\n\n<p class=\"wp-block-paragraph\">Ata koordinuan nga af\u00ebr angazhimin e t\u00eb gjitha forcave.<\/p>\n\n\n\n<p class=\"wp-block-paragraph\">Rreth or\u00ebs 02:00 t\u00eb m\u00ebngjesit, drejtori i P\u00ebrgjithsh\u00ebm i Agjencis\u00eb Komb\u00ebtare t\u00eb Mbrojtjes Civile, Haki \u00c7ako, theksoi se rreziku p\u00ebr jet\u00ebn e banor\u00ebve \u00ebsht\u00eb shmangur:<\/p>\n\n\n\n<p class=\"wp-block-paragraph\">\u201cJan\u00eb evakuuar nj\u00eb pjes\u00eb e banor\u00ebve. Do t\u00eb presim ende derisa situata t\u00eb vihet plot\u00ebsisht n\u00ebn kontroll dhe m\u00eb pas do t\u00eb rikthehen n\u00eb banesa. P\u00ebr momentin situata ka ndryshuar, zjarrfik\u00ebset jan\u00eb shtuar dhe situata \u00ebsht\u00eb m\u00eb e kontrolluar. Turist\u00ebt jan\u00eb t\u00eb sigurt. T\u00eb gjitha strukturat jan\u00eb prezente\u201d, th ai.<\/p>\n\n\n\n<p class=\"wp-block-paragraph\">Bashkia Himar\u00eb u b\u00ebn thirrje t\u00eb gjith\u00eb banor\u00ebve dhe pushuesve t\u00eb tregojn\u00eb kujdes maksimal p\u00ebr jet\u00ebn dhe sigurin\u00eb e tyre, duke shmangur \u00e7do situat\u00eb q\u00eb mund t\u2019i ekspozoj\u00eb ndaj rrezikut.<\/p>\n\n\n\n<figure class=\"wp-block-image is-resized\"><a href=\"https:\/\/ata.gov.al\/2026\/09\/05\/vijon-lufta-me-zjarrin-ne-himare-nuk-ka-rrezik-per-banoret-dhe-turistet\/fb_img_1788590659528\/\"><img decoding=\"async\" src=\"https:\/\/ata.gov.al\/wp-content\/uploads\/2026\/09\/FB_IMG_1788590659528-150x150.jpg\" alt=\"\" style=\"aspect-ratio:1;width:150px;height:auto\"\/><\/a><\/figure>\n\n\n\n<figure class=\"wp-block-image is-resized\"><a href=\"https:\/\/ata.gov.al\/2026\/09\/05\/vijon-lufta-me-zjarrin-ne-himare-nuk-ka-rrezik-per-banoret-dhe-turistet\/fb_img_1788590657013\/\"><img decoding=\"async\" src=\"https:\/\/ata.gov.al\/wp-content\/uploads\/2026\/09\/FB_IMG_1788590657013-150x150.jpg\" alt=\"\" style=\"aspect-ratio:1;width:150px;height:auto\"\/><\/a><\/figure>\n\n\n\n<figure class=\"wp-block-image is-resized\"><a href=\"https:\/\/ata.gov.al\/2026\/09\/05\/vijon-lufta-me-zjarrin-ne-himare-nuk-ka-rrezik-per-banoret-dhe-turistet\/fb_img_1788590636338\/\"><img decoding=\"async\" src=\"https:\/\/ata.gov.al\/wp-content\/uploads\/2026\/09\/FB_IMG_1788590636338-150x150.jpg\" alt=\"\" style=\"aspect-ratio:1;width:150px;height:auto\"\/><\/a><\/figure>\n\n\n\n<figure class=\"wp-block-image is-resized\"><a href=\"https:\/\/ata.gov.al\/2026\/09\/05\/vijon-lufta-me-zjarrin-ne-himare-nuk-ka-rrezik-per-banoret-dhe-turistet\/fb_img_1788590632081\/\"><img decoding=\"async\" src=\"https:\/\/ata.gov.al\/wp-content\/uploads\/2026\/09\/FB_IMG_1788590632081-150x150.jpg\" alt=\"\" style=\"aspect-ratio:1;width:150px;height:auto\"\/><\/a><\/figure>\n","protected":false},"excerpt":{"rendered":"<p>ATSH Vijon angazhimi intensiv n\u00eb terren, me mbi 250 forca, t\u00eb mb\u00ebshtetura nga mbi 20 mjete zjarrfik\u00ebse t\u00eb ardhura nga bashkit\u00eb e jugut. Krahas strukturave lokale, situata n\u00eb terren \u00ebsht\u00eb ndjekur edhe nga ministri i Mbrojtjes, Ermal Nufi; ministri i Brendsh\u00ebm, Besfort Lamallari; drejtori i P\u00ebrgjithsh\u00ebm i Agjencis\u00eb Komb\u00ebtare t\u00eb Mbrojtjes Civile, Haki \u00c7ako; si [&hellip;]<\/p>\n","protected":false},"author":4,"featured_media":31000,"comment_status":"open","ping_status":"open","sticky":false,"template":"","format":"standard","meta":{"footnotes":""},"categories":[30,32],"tags":[],"class_list":["post-30999","post","type-post","status-publish","format-standard","has-post-thumbnail","category-lajme","category-rajon"],"yoast_head":"<!-- This site is optimized with the Yoast SEO plugin v27.4 - https:\/\/yoast.com\/product\/yoast-seo-wordpress\/ -->\n<title>Vijon lufta me zjarrin n\u00eb Himar\u00eb, nuk ka rrezik p\u00ebr banor\u00ebt dhe turist\u00ebt - Kosova Times<\/title>\n<meta name=\"robots\" content=\"index, follow, max-snippet:-1, max-image-preview:large, max-video-preview:-1\" \/>\n<link rel=\"canonical\" href=\"https:\/\/kosovatimes.info\/index.php\/2026\/09\/05\/vijon-lufta-me-zjarrin-ne-himare-nuk-ka-rrezik-per-banoret-dhe-turistet\/\" \/>\n<meta property=\"og:locale\" content=\"en_US\" \/>\n<meta property=\"og:type\" content=\"article\" \/>\n<meta property=\"og:title\" content=\"Vijon lufta me zjarrin n\u00eb Himar\u00eb, nuk ka rrezik p\u00ebr banor\u00ebt dhe turist\u00ebt - Kosova Times\" \/>\n<meta property=\"og:description\" content=\"ATSH Vijon angazhimi intensiv n\u00eb terren, me mbi 250 forca, t\u00eb mb\u00ebshtetura nga mbi 20 mjete zjarrfik\u00ebse t\u00eb ardhura nga bashkit\u00eb e jugut. Krahas strukturave lokale, situata n\u00eb terren \u00ebsht\u00eb ndjekur edhe nga ministri i Mbrojtjes, Ermal Nufi; ministri i Brendsh\u00ebm, Besfort Lamallari; drejtori i P\u00ebrgjithsh\u00ebm i Agjencis\u00eb Komb\u00ebtare t\u00eb Mbrojtjes Civile, Haki \u00c7ako; si [&hellip;]\" \/>\n<meta property=\"og:url\" content=\"https:\/\/kosovatimes.info\/index.php\/2026\/09\/05\/vijon-lufta-me-zjarrin-ne-himare-nuk-ka-rrezik-per-banoret-dhe-turistet\/\" \/>\n<meta property=\"og:site_name\" content=\"Kosova Times\" \/>\n<meta property=\"article:published_time\" content=\"2026-09-05T06:51:40+00:00\" \/>\n<meta property=\"article:modified_time\" content=\"2026-09-05T06:51:41+00:00\" \/>\n<meta property=\"og:image\" content=\"https:\/\/kosovatimes.info\/wp-content\/uploads\/2026\/09\/himare-1.jpg\" \/>\n\t<meta property=\"og:image:width\" content=\"696\" \/>\n\t<meta property=\"og:image:height\" content=\"464\" \/>\n\t<meta property=\"og:image:type\" content=\"image\/jpeg\" \/>\n<meta name=\"author\" content=\"i l\" \/>\n<meta name=\"twitter:card\" content=\"summary_large_image\" \/>\n<meta name=\"twitter:label1\" content=\"Written by\" \/>\n\t<meta name=\"twitter:data1\" content=\"i l\" \/>\n\t<meta name=\"twitter:label2\" content=\"Est. reading time\" \/>\n\t<meta name=\"twitter:data2\" content=\"2 minutes\" \/>\n<script type=\"application\/ld+json\" class=\"yoast-schema-graph\">{\"@context\":\"https:\\\/\\\/schema.org\",\"@graph\":[{\"@type\":\"Article\",\"@id\":\"https:\\\/\\\/kosovatimes.info\\\/index.php\\\/2026\\\/09\\\/05\\\/vijon-lufta-me-zjarrin-ne-himare-nuk-ka-rrezik-per-banoret-dhe-turistet\\\/#article\",\"isPartOf\":{\"@id\":\"https:\\\/\\\/kosovatimes.info\\\/index.php\\\/2026\\\/09\\\/05\\\/vijon-lufta-me-zjarrin-ne-himare-nuk-ka-rrezik-per-banoret-dhe-turistet\\\/\"},\"author\":{\"name\":\"i l\",\"@id\":\"https:\\\/\\\/kosovatimes.info\\\/#\\\/schema\\\/person\\\/7586712b9c512fe68085de007378c915\"},\"headline\":\"Vijon lufta me zjarrin n\u00eb Himar\u00eb, nuk ka rrezik p\u00ebr banor\u00ebt dhe turist\u00ebt\",\"datePublished\":\"2026-09-05T06:51:40+00:00\",\"dateModified\":\"2026-09-05T06:51:41+00:00\",\"mainEntityOfPage\":{\"@id\":\"https:\\\/\\\/kosovatimes.info\\\/index.php\\\/2026\\\/09\\\/05\\\/vijon-lufta-me-zjarrin-ne-himare-nuk-ka-rrezik-per-banoret-dhe-turistet\\\/\"},\"wordCount\":221,\"commentCount\":0,\"image\":{\"@id\":\"https:\\\/\\\/kosovatimes.info\\\/index.php\\\/2026\\\/09\\\/05\\\/vijon-lufta-me-zjarrin-ne-himare-nuk-ka-rrezik-per-banoret-dhe-turistet\\\/#primaryimage\"},\"thumbnailUrl\":\"https:\\\/\\\/kosovatimes.info\\\/wp-content\\\/uploads\\\/2026\\\/09\\\/himare-1.jpg\",\"articleSection\":[\"Lajme\",\"Rajon\"],\"inLanguage\":\"en-US\",\"potentialAction\":[{\"@type\":\"CommentAction\",\"name\":\"Comment\",\"target\":[\"https:\\\/\\\/kosovatimes.info\\\/index.php\\\/2026\\\/09\\\/05\\\/vijon-lufta-me-zjarrin-ne-himare-nuk-ka-rrezik-per-banoret-dhe-turistet\\\/#respond\"]}]},{\"@type\":\"WebPage\",\"@id\":\"https:\\\/\\\/kosovatimes.info\\\/index.php\\\/2026\\\/09\\\/05\\\/vijon-lufta-me-zjarrin-ne-himare-nuk-ka-rrezik-per-banoret-dhe-turistet\\\/\",\"url\":\"https:\\\/\\\/kosovatimes.info\\\/index.php\\\/2026\\\/09\\\/05\\\/vijon-lufta-me-zjarrin-ne-himare-nuk-ka-rrezik-per-banoret-dhe-turistet\\\/\",\"name\":\"Vijon lufta me zjarrin n\u00eb Himar\u00eb, nuk ka rrezik p\u00ebr banor\u00ebt dhe turist\u00ebt - Kosova Times\",\"isPartOf\":{\"@id\":\"https:\\\/\\\/kosovatimes.info\\\/#website\"},\"primaryImageOfPage\":{\"@id\":\"https:\\\/\\\/kosovatimes.info\\\/index.php\\\/2026\\\/09\\\/05\\\/vijon-lufta-me-zjarrin-ne-himare-nuk-ka-rrezik-per-banoret-dhe-turistet\\\/#primaryimage\"},\"image\":{\"@id\":\"https:\\\/\\\/kosovatimes.info\\\/index.php\\\/2026\\\/09\\\/05\\\/vijon-lufta-me-zjarrin-ne-himare-nuk-ka-rrezik-per-banoret-dhe-turistet\\\/#primaryimage\"},\"thumbnailUrl\":\"https:\\\/\\\/kosovatimes.info\\\/wp-content\\\/uploads\\\/2026\\\/09\\\/himare-1.jpg\",\"datePublished\":\"2026-09-05T06:51:40+00:00\",\"dateModified\":\"2026-09-05T06:51:41+00:00\",\"author\":{\"@id\":\"https:\\\/\\\/kosovatimes.info\\\/#\\\/schema\\\/person\\\/7586712b9c512fe68085de007378c915\"},\"breadcrumb\":{\"@id\":\"https:\\\/\\\/kosovatimes.info\\\/index.php\\\/2026\\\/09\\\/05\\\/vijon-lufta-me-zjarrin-ne-himare-nuk-ka-rrezik-per-banoret-dhe-turistet\\\/#breadcrumb\"},\"inLanguage\":\"en-US\",\"potentialAction\":[{\"@type\":\"ReadAction\",\"target\":[\"https:\\\/\\\/kosovatimes.info\\\/index.php\\\/2026\\\/09\\\/05\\\/vijon-lufta-me-zjarrin-ne-himare-nuk-ka-rrezik-per-banoret-dhe-turistet\\\/\"]}]},{\"@type\":\"ImageObject\",\"inLanguage\":\"en-US\",\"@id\":\"https:\\\/\\\/kosovatimes.info\\\/index.php\\\/2026\\\/09\\\/05\\\/vijon-lufta-me-zjarrin-ne-himare-nuk-ka-rrezik-per-banoret-dhe-turistet\\\/#primaryimage\",\"url\":\"https:\\\/\\\/kosovatimes.info\\\/wp-content\\\/uploads\\\/2026\\\/09\\\/himare-1.jpg\",\"contentUrl\":\"https:\\\/\\\/kosovatimes.info\\\/wp-content\\\/uploads\\\/2026\\\/09\\\/himare-1.jpg\",\"width\":696,\"height\":464},{\"@type\":\"BreadcrumbList\",\"@id\":\"https:\\\/\\\/kosovatimes.info\\\/index.php\\\/2026\\\/09\\\/05\\\/vijon-lufta-me-zjarrin-ne-himare-nuk-ka-rrezik-per-banoret-dhe-turistet\\\/#breadcrumb\",\"itemListElement\":[{\"@type\":\"ListItem\",\"position\":1,\"name\":\"Home\",\"item\":\"https:\\\/\\\/kosovatimes.info\\\/\"},{\"@type\":\"ListItem\",\"position\":2,\"name\":\"Vijon lufta me zjarrin n\u00eb Himar\u00eb, nuk ka rrezik p\u00ebr banor\u00ebt dhe turist\u00ebt\"}]},{\"@type\":\"WebSite\",\"@id\":\"https:\\\/\\\/kosovatimes.info\\\/#website\",\"url\":\"https:\\\/\\\/kosovatimes.info\\\/\",\"name\":\"Kosova Times\",\"description\":\"\",\"potentialAction\":[{\"@type\":\"SearchAction\",\"target\":{\"@type\":\"EntryPoint\",\"urlTemplate\":\"https:\\\/\\\/kosovatimes.info\\\/?s={search_term_string}\"},\"query-input\":{\"@type\":\"PropertyValueSpecification\",\"valueRequired\":true,\"valueName\":\"search_term_string\"}}],\"inLanguage\":\"en-US\"},{\"@type\":\"Person\",\"@id\":\"https:\\\/\\\/kosovatimes.info\\\/#\\\/schema\\\/person\\\/7586712b9c512fe68085de007378c915\",\"name\":\"i l\",\"image\":{\"@type\":\"ImageObject\",\"inLanguage\":\"en-US\",\"@id\":\"https:\\\/\\\/secure.gravatar.com\\\/avatar\\\/bad9296e02816160ae2e2435beda58222022298d5625d49fea74d18816fbb31d?s=96&d=mm&r=g\",\"url\":\"https:\\\/\\\/secure.gravatar.com\\\/avatar\\\/bad9296e02816160ae2e2435beda58222022298d5625d49fea74d18816fbb31d?s=96&d=mm&r=g\",\"contentUrl\":\"https:\\\/\\\/secure.gravatar.com\\\/avatar\\\/bad9296e02816160ae2e2435beda58222022298d5625d49fea74d18816fbb31d?s=96&d=mm&r=g\",\"caption\":\"i l\"},\"url\":\"https:\\\/\\\/kosovatimes.info\\\/index.php\\\/author\\\/iliri\\\/\"}]}<\/script>\n<!-- \/ Yoast SEO plugin. -->","yoast_head_json":{"title":"Vijon lufta me zjarrin n\u00eb Himar\u00eb, nuk ka rrezik p\u00ebr banor\u00ebt dhe turist\u00ebt - Kosova Times","robots":{"index":"index","follow":"follow","max-snippet":"max-snippet:-1","max-image-preview":"max-image-preview:large","max-video-preview":"max-video-preview:-1"},"canonical":"https:\/\/kosovatimes.info\/index.php\/2026\/09\/05\/vijon-lufta-me-zjarrin-ne-himare-nuk-ka-rrezik-per-banoret-dhe-turistet\/","og_locale":"en_US","og_type":"article","og_title":"Vijon lufta me zjarrin n\u00eb Himar\u00eb, nuk ka rrezik p\u00ebr banor\u00ebt dhe turist\u00ebt - Kosova Times","og_description":"ATSH Vijon angazhimi intensiv n\u00eb terren, me mbi 250 forca, t\u00eb mb\u00ebshtetura nga mbi 20 mjete zjarrfik\u00ebse t\u00eb ardhura nga bashkit\u00eb e jugut. Krahas strukturave lokale, situata n\u00eb terren \u00ebsht\u00eb ndjekur edhe nga ministri i Mbrojtjes, Ermal Nufi; ministri i Brendsh\u00ebm, Besfort Lamallari; drejtori i P\u00ebrgjithsh\u00ebm i Agjencis\u00eb Komb\u00ebtare t\u00eb Mbrojtjes Civile, Haki \u00c7ako; si [&hellip;]","og_url":"https:\/\/kosovatimes.info\/index.php\/2026\/09\/05\/vijon-lufta-me-zjarrin-ne-himare-nuk-ka-rrezik-per-banoret-dhe-turistet\/","og_site_name":"Kosova Times","article_published_time":"2026-09-05T06:51:40+00:00","article_modified_time":"2026-09-05T06:51:41+00:00","og_image":[{"width":696,"height":464,"url":"https:\/\/kosovatimes.info\/wp-content\/uploads\/2026\/09\/himare-1.jpg","type":"image\/jpeg"}],"author":"i l","twitter_card":"summary_large_image","twitter_misc":{"Written by":"i l","Est. reading time":"2 minutes"},"schema":{"@context":"https:\/\/schema.org","@graph":[{"@type":"Article","@id":"https:\/\/kosovatimes.info\/index.php\/2026\/09\/05\/vijon-lufta-me-zjarrin-ne-himare-nuk-ka-rrezik-per-banoret-dhe-turistet\/#article","isPartOf":{"@id":"https:\/\/kosovatimes.info\/index.php\/2026\/09\/05\/vijon-lufta-me-zjarrin-ne-himare-nuk-ka-rrezik-per-banoret-dhe-turistet\/"},"author":{"name":"i l","@id":"https:\/\/kosovatimes.info\/#\/schema\/person\/7586712b9c512fe68085de007378c915"},"headline":"Vijon lufta me zjarrin n\u00eb Himar\u00eb, nuk ka rrezik p\u00ebr banor\u00ebt dhe turist\u00ebt","datePublished":"2026-09-05T06:51:40+00:00","dateModified":"2026-09-05T06:51:41+00:00","mainEntityOfPage":{"@id":"https:\/\/kosovatimes.info\/index.php\/2026\/09\/05\/vijon-lufta-me-zjarrin-ne-himare-nuk-ka-rrezik-per-banoret-dhe-turistet\/"},"wordCount":221,"commentCount":0,"image":{"@id":"https:\/\/kosovatimes.info\/index.php\/2026\/09\/05\/vijon-lufta-me-zjarrin-ne-himare-nuk-ka-rrezik-per-banoret-dhe-turistet\/#primaryimage"},"thumbnailUrl":"https:\/\/kosovatimes.info\/wp-content\/uploads\/2026\/09\/himare-1.jpg","articleSection":["Lajme","Rajon"],"inLanguage":"en-US","potentialAction":[{"@type":"CommentAction","name":"Comment","target":["https:\/\/kosovatimes.info\/index.php\/2026\/09\/05\/vijon-lufta-me-zjarrin-ne-himare-nuk-ka-rrezik-per-banoret-dhe-turistet\/#respond"]}]},{"@type":"WebPage","@id":"https:\/\/kosovatimes.info\/index.php\/2026\/09\/05\/vijon-lufta-me-zjarrin-ne-himare-nuk-ka-rrezik-per-banoret-dhe-turistet\/","url":"https:\/\/kosovatimes.info\/index.php\/2026\/09\/05\/vijon-lufta-me-zjarrin-ne-himare-nuk-ka-rrezik-per-banoret-dhe-turistet\/","name":"Vijon lufta me zjarrin n\u00eb Himar\u00eb, nuk ka rrezik p\u00ebr banor\u00ebt dhe turist\u00ebt - Kosova Times","isPartOf":{"@id":"https:\/\/kosovatimes.info\/#website"},"primaryImageOfPage":{"@id":"https:\/\/kosovatimes.info\/index.php\/2026\/09\/05\/vijon-lufta-me-zjarrin-ne-himare-nuk-ka-rrezik-per-banoret-dhe-turistet\/#primaryimage"},"image":{"@id":"https:\/\/kosovatimes.info\/index.php\/2026\/09\/05\/vijon-lufta-me-zjarrin-ne-himare-nuk-ka-rrezik-per-banoret-dhe-turistet\/#primaryimage"},"thumbnailUrl":"https:\/\/kosovatimes.info\/wp-content\/uploads\/2026\/09\/himare-1.jpg","datePublished":"2026-09-05T06:51:40+00:00","dateModified":"2026-09-05T06:51:41+00:00","author":{"@id":"https:\/\/kosovatimes.info\/#\/schema\/person\/7586712b9c512fe68085de007378c915"},"breadcrumb":{"@id":"https:\/\/kosovatimes.info\/index.php\/2026\/09\/05\/vijon-lufta-me-zjarrin-ne-himare-nuk-ka-rrezik-per-banoret-dhe-turistet\/#breadcrumb"},"inLanguage":"en-US","potentialAction":[{"@type":"ReadAction","target":["https:\/\/kosovatimes.info\/index.php\/2026\/09\/05\/vijon-lufta-me-zjarrin-ne-himare-nuk-ka-rrezik-per-banoret-dhe-turistet\/"]}]},{"@type":"ImageObject","inLanguage":"en-US","@id":"https:\/\/kosovatimes.info\/index.php\/2026\/09\/05\/vijon-lufta-me-zjarrin-ne-himare-nuk-ka-rrezik-per-banoret-dhe-turistet\/#primaryimage","url":"https:\/\/kosovatimes.info\/wp-content\/uploads\/2026\/09\/himare-1.jpg","contentUrl":"https:\/\/kosovatimes.info\/wp-content\/uploads\/2026\/09\/himare-1.jpg","width":696,"height":464},{"@type":"BreadcrumbList","@id":"https:\/\/kosovatimes.info\/index.php\/2026\/09\/05\/vijon-lufta-me-zjarrin-ne-himare-nuk-ka-rrezik-per-banoret-dhe-turistet\/#breadcrumb","itemListElement":[{"@type":"ListItem","position":1,"name":"Home","item":"https:\/\/kosovatimes.info\/"},{"@type":"ListItem","position":2,"name":"Vijon lufta me zjarrin n\u00eb Himar\u00eb, nuk ka rrezik p\u00ebr banor\u00ebt dhe turist\u00ebt"}]},{"@type":"WebSite","@id":"https:\/\/kosovatimes.info\/#website","url":"https:\/\/kosovatimes.info\/","name":"Kosova Times","description":"","potentialAction":[{"@type":"SearchAction","target":{"@type":"EntryPoint","urlTemplate":"https:\/\/kosovatimes.info\/?s={search_term_string}"},"query-input":{"@type":"PropertyValueSpecification","valueRequired":true,"valueName":"search_term_string"}}],"inLanguage":"en-US"},{"@type":"Person","@id":"https:\/\/kosovatimes.info\/#\/schema\/person\/7586712b9c512fe68085de007378c915","name":"i l","image":{"@type":"ImageObject","inLanguage":"en-US","@id":"https:\/\/secure.gravatar.com\/avatar\/bad9296e02816160ae2e2435beda58222022298d5625d49fea74d18816fbb31d?s=96&d=mm&r=g","url":"https:\/\/secure.gravatar.com\/avatar\/bad9296e02816160ae2e2435beda58222022298d5625d49fea74d18816fbb31d?s=96&d=mm&r=g","contentUrl":"https:\/\/secure.gravatar.com\/avatar\/bad9296e02816160ae2e2435beda58222022298d5625d49fea74d18816fbb31d?s=96&d=mm&r=g","caption":"i l"},"url":"https:\/\/kosovatimes.info\/index.php\/author\/iliri\/"}]}},"_links":{"self":[{"href":"https:\/\/kosovatimes.info\/index.php\/wp-json\/wp\/v2\/posts\/30999","targetHints":{"allow":["GET"]}}],"collection":[{"href":"https:\/\/kosovatimes.info\/index.php\/wp-json\/wp\/v2\/posts"}],"about":[{"href":"https:\/\/kosovatimes.info\/index.php\/wp-json\/wp\/v2\/types\/post"}],"author":[{"embeddable":true,"href":"https:\/\/kosovatimes.info\/index.php\/wp-json\/wp\/v2\/users\/4"}],"replies":[{"embeddable":true,"href":"https:\/\/kosovatimes.info\/index.php\/wp-json\/wp\/v2\/comments?post=30999"}],"version-history":[{"count":1,"href":"https:\/\/kosovatimes.info\/index.php\/wp-json\/wp\/v2\/posts\/30999\/revisions"}],"predecessor-version":[{"id":31001,"href":"https:\/\/kosovatimes.info\/index.php\/wp-json\/wp\/v2\/posts\/30999\/revisions\/31001"}],"wp:featuredmedia":[{"embeddable":true,"href":"https:\/\/kosovatimes.info\/index.php\/wp-json\/wp\/v2\/media\/31000"}],"wp:attachment":[{"href":"https:\/\/kosovatimes.info\/index.php\/wp-json\/wp\/v2\/media?parent=30999"}],"wp:term":[{"taxonomy":"category","embeddable":true,"href":"https:\/\/kosovatimes.info\/index.php\/wp-json\/wp\/v2\/categories?post=30999"},{"taxonomy":"post_tag","embeddable":true,"href":"https:\/\/kosovatimes.info\/index.php\/wp-json\/wp\/v2\/tags?post=30999"}],"curies":[{"name":"wp","href":"https:\/\/api.w.org\/{rel}","templated":true}]}}