{"id":31002,"date":"2026-09-05T11:50:00","date_gmt":"2026-09-05T09:50:00","guid":{"rendered":"https:\/\/kosovatimes.info\/?p=31002"},"modified":"2026-09-05T11:53:58","modified_gmt":"2026-09-05T09:53:58","slug":"hamza-pdk-ja-nis-faze-te-re-te-veprimit-politik-dhe-juridik","status":"publish","type":"post","link":"https:\/\/kosovatimes.info\/index.php\/2026\/09\/05\/hamza-pdk-ja-nis-faze-te-re-te-veprimit-politik-dhe-juridik\/","title":{"rendered":"Hamza: PDK-ja nis faz\u00eb t\u00eb re t\u00eb veprimit politik dhe juridik"},"content":{"rendered":"\n<p class=\"wp-block-paragraph\"><a target=\"_blank\" href=\"https:\/\/www.linkedin.com\/shareArticle?mini=true&amp;url=https%3A%2F%2Fwww.rtklive.com%2Fsq%2Fnews-single.php%3FID%3D732972\" rel=\"noopener\"><\/a><\/p>\n\n\n\n<p class=\"wp-block-paragraph\"><strong>Kryetari i Partis\u00eb Demokratike t\u00eb Kosov\u00ebs, Bedri Hamza, ka paralajm\u00ebruar nj\u00eb faz\u00eb t\u00eb re t\u00eb veprimit t\u00eb k\u00ebtij subjekti politik, duke kund\u00ebrshtuar at\u00eb q\u00eb e konsideron shkelje t\u00eb Kushtetut\u00ebs dhe mosrespektim t\u00eb vendimeve t\u00eb institucioneve t\u00eb drejt\u00ebsis\u00eb.<\/strong><\/p>\n\n\n\n<p class=\"wp-block-paragraph\">Duke folur nga foltorja e Kuvendit t\u00eb Kosov\u00ebs, ku jan\u00eb mbledhur deputet\u00eb t\u00eb PDK-s\u00eb dhe Aleanc\u00ebs, Hamza tha se p\u00ebr jav\u00eb t\u00eb t\u00ebra deputet\u00ebt e PDK-s\u00eb kan\u00eb k\u00ebrkuar vazhdimin e seanc\u00ebs konstituive dhe respektimin e Kushtetut\u00ebs, vendimeve t\u00eb Gjykat\u00ebs Kushtetuese dhe Rregullores s\u00eb Kuvendit.<\/p>\n\n\n\n<p class=\"wp-block-paragraph\">Sipas tij, situata e krijuar nuk mund t\u00eb shihet vet\u00ebm si nj\u00eb p\u00ebrplasje politike mes partive.<\/p>\n\n\n\n<p class=\"wp-block-paragraph\">\u201cKjo q\u00eb ka ndodhur nuk \u00ebsht\u00eb nj\u00eb mosmarr\u00ebveshje e thjesht\u00eb politike. Nuk \u00ebsht\u00eb konflikt mes PDK-s\u00eb dhe Vet\u00ebvendosjes. Nuk \u00ebsht\u00eb konflikt mes Bedri Hamz\u00ebs dhe Albin Kurtit. \u00cbsht\u00eb konflikt mes nj\u00eb m\u00ebnyre autoritare t\u00eb ushtrimit t\u00eb pushtetit dhe rendit kushtetues t\u00eb Republik\u00ebs s\u00eb Kosov\u00ebs\u201d, deklaroi Hamza.<\/p>\n\n\n\n<p class=\"wp-block-paragraph\">Ai kritikoi m\u00ebnyr\u00ebn se si, sipas tij, pushteti po trajton vendimet e institucioneve t\u00eb drejt\u00ebsis\u00eb.<\/p>\n\n\n\n<p class=\"wp-block-paragraph\">\u201cN\u00eb demokraci, edhe kur nuk t\u00eb p\u00eblqen Kushtetuta, nuk e shkel at\u00eb. Kur nuk t\u00eb p\u00eblqen nj\u00eb vendim i Gjykat\u00ebs Kushtetuese, nuk sillesh sikur ai nuk ekziston\u201d, tha ai.<\/p>\n\n\n\n<p class=\"wp-block-paragraph\">Hamza e kund\u00ebrshtoi edhe caktimin e vazhdimit t\u00eb seanc\u00ebs konstituive p\u00ebr 9 shtator, duke pretenduar se kjo dat\u00eb \u00ebsht\u00eb p\u00ebrtej afatit prej 30 dit\u00ebsh, t\u00eb cilin, sipas tij, e kishte p\u00ebrcaktuar vet\u00eb Vet\u00ebvendosje.<\/p>\n\n\n\n<p class=\"wp-block-paragraph\">\u201cKuvendi i Kosov\u00ebs nuk mund t\u00eb pres\u00eb derisa nj\u00eb parti t\u2019i p\u00ebrfundoj\u00eb kalkulimet e veta. Kuvendi \u00ebsht\u00eb institucion i Republik\u00ebs s\u00eb Kosov\u00ebs\u201d, theksoi kreu i PDK-s\u00eb.<\/p>\n\n\n\n<p class=\"wp-block-paragraph\">Hamza tha se PDK-ja nuk do t\u00eb pranoj\u00eb q\u00eb shkeljet kushtetuese t\u00eb normalizohen dhe se vendimet e gjykatave duhet t\u00eb respektohen pavar\u00ebsisht interesave politike.<\/p>\n\n\n\n<p class=\"wp-block-paragraph\">Kreu i PDK-s\u00eb paralajm\u00ebroi se partia do t\u00eb shqyrtoj\u00eb forma t\u00eb tjera t\u00eb veprimit politik, institucional dhe juridik p\u00ebr ta nxjerr\u00eb vendin nga kjo situat\u00eb dhe p\u00ebr ta kthyer Kosov\u00ebn n\u00eb binar\u00ebt e ligjshm\u00ebris\u00eb.<\/p>\n","protected":false},"excerpt":{"rendered":"<p>Kryetari i Partis\u00eb Demokratike t\u00eb Kosov\u00ebs, Bedri Hamza, ka paralajm\u00ebruar nj\u00eb faz\u00eb t\u00eb re t\u00eb veprimit t\u00eb k\u00ebtij subjekti politik, duke kund\u00ebrshtuar at\u00eb q\u00eb e konsideron shkelje t\u00eb Kushtetut\u00ebs dhe mosrespektim t\u00eb vendimeve t\u00eb institucioneve t\u00eb drejt\u00ebsis\u00eb. Duke folur nga foltorja e Kuvendit t\u00eb Kosov\u00ebs, ku jan\u00eb mbledhur deputet\u00eb t\u00eb PDK-s\u00eb dhe Aleanc\u00ebs, Hamza tha [&hellip;]<\/p>\n","protected":false},"author":4,"featured_media":27363,"comment_status":"open","ping_status":"open","sticky":false,"template":"","format":"standard","meta":{"footnotes":""},"categories":[31,30],"tags":[],"class_list":["post-31002","post","type-post","status-publish","format-standard","has-post-thumbnail","category-kosove","category-lajme"],"yoast_head":"<!-- This site is optimized with the Yoast SEO plugin v27.4 - https:\/\/yoast.com\/product\/yoast-seo-wordpress\/ -->\n<title>Hamza: PDK-ja nis faz\u00eb t\u00eb re t\u00eb veprimit politik dhe juridik - Kosova Times<\/title>\n<meta name=\"robots\" content=\"index, follow, max-snippet:-1, max-image-preview:large, max-video-preview:-1\" \/>\n<link rel=\"canonical\" href=\"https:\/\/kosovatimes.info\/index.php\/2026\/09\/05\/hamza-pdk-ja-nis-faze-te-re-te-veprimit-politik-dhe-juridik\/\" \/>\n<meta property=\"og:locale\" content=\"en_US\" \/>\n<meta property=\"og:type\" content=\"article\" \/>\n<meta property=\"og:title\" content=\"Hamza: PDK-ja nis faz\u00eb t\u00eb re t\u00eb veprimit politik dhe juridik - Kosova Times\" \/>\n<meta property=\"og:description\" content=\"Kryetari i Partis\u00eb Demokratike t\u00eb Kosov\u00ebs, Bedri Hamza, ka paralajm\u00ebruar nj\u00eb faz\u00eb t\u00eb re t\u00eb veprimit t\u00eb k\u00ebtij subjekti politik, duke kund\u00ebrshtuar at\u00eb q\u00eb e konsideron shkelje t\u00eb Kushtetut\u00ebs dhe mosrespektim t\u00eb vendimeve t\u00eb institucioneve t\u00eb drejt\u00ebsis\u00eb. Duke folur nga foltorja e Kuvendit t\u00eb Kosov\u00ebs, ku jan\u00eb mbledhur deputet\u00eb t\u00eb PDK-s\u00eb dhe Aleanc\u00ebs, Hamza tha [&hellip;]\" \/>\n<meta property=\"og:url\" content=\"https:\/\/kosovatimes.info\/index.php\/2026\/09\/05\/hamza-pdk-ja-nis-faze-te-re-te-veprimit-politik-dhe-juridik\/\" \/>\n<meta property=\"og:site_name\" content=\"Kosova Times\" \/>\n<meta property=\"article:published_time\" content=\"2026-09-05T09:50:00+00:00\" \/>\n<meta property=\"article:modified_time\" content=\"2026-09-05T09:53:58+00:00\" \/>\n<meta property=\"og:image\" content=\"https:\/\/kosovatimes.info\/wp-content\/uploads\/2026\/08\/Hamza-2.jpg\" \/>\n\t<meta property=\"og:image:width\" content=\"780\" \/>\n\t<meta property=\"og:image:height\" content=\"500\" \/>\n\t<meta property=\"og:image:type\" content=\"image\/jpeg\" \/>\n<meta name=\"author\" content=\"i l\" \/>\n<meta name=\"twitter:card\" content=\"summary_large_image\" \/>\n<meta name=\"twitter:label1\" content=\"Written by\" \/>\n\t<meta name=\"twitter:data1\" content=\"i l\" \/>\n\t<meta name=\"twitter:label2\" content=\"Est. reading time\" \/>\n\t<meta name=\"twitter:data2\" content=\"2 minutes\" \/>\n<script type=\"application\/ld+json\" class=\"yoast-schema-graph\">{\"@context\":\"https:\\\/\\\/schema.org\",\"@graph\":[{\"@type\":\"Article\",\"@id\":\"https:\\\/\\\/kosovatimes.info\\\/index.php\\\/2026\\\/09\\\/05\\\/hamza-pdk-ja-nis-faze-te-re-te-veprimit-politik-dhe-juridik\\\/#article\",\"isPartOf\":{\"@id\":\"https:\\\/\\\/kosovatimes.info\\\/index.php\\\/2026\\\/09\\\/05\\\/hamza-pdk-ja-nis-faze-te-re-te-veprimit-politik-dhe-juridik\\\/\"},\"author\":{\"name\":\"i l\",\"@id\":\"https:\\\/\\\/kosovatimes.info\\\/#\\\/schema\\\/person\\\/7586712b9c512fe68085de007378c915\"},\"headline\":\"Hamza: PDK-ja nis faz\u00eb t\u00eb re t\u00eb veprimit politik dhe juridik\",\"datePublished\":\"2026-09-05T09:50:00+00:00\",\"dateModified\":\"2026-09-05T09:53:58+00:00\",\"mainEntityOfPage\":{\"@id\":\"https:\\\/\\\/kosovatimes.info\\\/index.php\\\/2026\\\/09\\\/05\\\/hamza-pdk-ja-nis-faze-te-re-te-veprimit-politik-dhe-juridik\\\/\"},\"wordCount\":361,\"commentCount\":0,\"image\":{\"@id\":\"https:\\\/\\\/kosovatimes.info\\\/index.php\\\/2026\\\/09\\\/05\\\/hamza-pdk-ja-nis-faze-te-re-te-veprimit-politik-dhe-juridik\\\/#primaryimage\"},\"thumbnailUrl\":\"https:\\\/\\\/kosovatimes.info\\\/wp-content\\\/uploads\\\/2026\\\/08\\\/Hamza-2.jpg\",\"articleSection\":[\"Kosov\u00eb\",\"Lajme\"],\"inLanguage\":\"en-US\",\"potentialAction\":[{\"@type\":\"CommentAction\",\"name\":\"Comment\",\"target\":[\"https:\\\/\\\/kosovatimes.info\\\/index.php\\\/2026\\\/09\\\/05\\\/hamza-pdk-ja-nis-faze-te-re-te-veprimit-politik-dhe-juridik\\\/#respond\"]}]},{\"@type\":\"WebPage\",\"@id\":\"https:\\\/\\\/kosovatimes.info\\\/index.php\\\/2026\\\/09\\\/05\\\/hamza-pdk-ja-nis-faze-te-re-te-veprimit-politik-dhe-juridik\\\/\",\"url\":\"https:\\\/\\\/kosovatimes.info\\\/index.php\\\/2026\\\/09\\\/05\\\/hamza-pdk-ja-nis-faze-te-re-te-veprimit-politik-dhe-juridik\\\/\",\"name\":\"Hamza: PDK-ja nis faz\u00eb t\u00eb re t\u00eb veprimit politik dhe juridik - Kosova Times\",\"isPartOf\":{\"@id\":\"https:\\\/\\\/kosovatimes.info\\\/#website\"},\"primaryImageOfPage\":{\"@id\":\"https:\\\/\\\/kosovatimes.info\\\/index.php\\\/2026\\\/09\\\/05\\\/hamza-pdk-ja-nis-faze-te-re-te-veprimit-politik-dhe-juridik\\\/#primaryimage\"},\"image\":{\"@id\":\"https:\\\/\\\/kosovatimes.info\\\/index.php\\\/2026\\\/09\\\/05\\\/hamza-pdk-ja-nis-faze-te-re-te-veprimit-politik-dhe-juridik\\\/#primaryimage\"},\"thumbnailUrl\":\"https:\\\/\\\/kosovatimes.info\\\/wp-content\\\/uploads\\\/2026\\\/08\\\/Hamza-2.jpg\",\"datePublished\":\"2026-09-05T09:50:00+00:00\",\"dateModified\":\"2026-09-05T09:53:58+00:00\",\"author\":{\"@id\":\"https:\\\/\\\/kosovatimes.info\\\/#\\\/schema\\\/person\\\/7586712b9c512fe68085de007378c915\"},\"breadcrumb\":{\"@id\":\"https:\\\/\\\/kosovatimes.info\\\/index.php\\\/2026\\\/09\\\/05\\\/hamza-pdk-ja-nis-faze-te-re-te-veprimit-politik-dhe-juridik\\\/#breadcrumb\"},\"inLanguage\":\"en-US\",\"potentialAction\":[{\"@type\":\"ReadAction\",\"target\":[\"https:\\\/\\\/kosovatimes.info\\\/index.php\\\/2026\\\/09\\\/05\\\/hamza-pdk-ja-nis-faze-te-re-te-veprimit-politik-dhe-juridik\\\/\"]}]},{\"@type\":\"ImageObject\",\"inLanguage\":\"en-US\",\"@id\":\"https:\\\/\\\/kosovatimes.info\\\/index.php\\\/2026\\\/09\\\/05\\\/hamza-pdk-ja-nis-faze-te-re-te-veprimit-politik-dhe-juridik\\\/#primaryimage\",\"url\":\"https:\\\/\\\/kosovatimes.info\\\/wp-content\\\/uploads\\\/2026\\\/08\\\/Hamza-2.jpg\",\"contentUrl\":\"https:\\\/\\\/kosovatimes.info\\\/wp-content\\\/uploads\\\/2026\\\/08\\\/Hamza-2.jpg\",\"width\":780,\"height\":500},{\"@type\":\"BreadcrumbList\",\"@id\":\"https:\\\/\\\/kosovatimes.info\\\/index.php\\\/2026\\\/09\\\/05\\\/hamza-pdk-ja-nis-faze-te-re-te-veprimit-politik-dhe-juridik\\\/#breadcrumb\",\"itemListElement\":[{\"@type\":\"ListItem\",\"position\":1,\"name\":\"Home\",\"item\":\"https:\\\/\\\/kosovatimes.info\\\/\"},{\"@type\":\"ListItem\",\"position\":2,\"name\":\"Hamza: PDK-ja nis faz\u00eb t\u00eb re t\u00eb veprimit politik dhe juridik\"}]},{\"@type\":\"WebSite\",\"@id\":\"https:\\\/\\\/kosovatimes.info\\\/#website\",\"url\":\"https:\\\/\\\/kosovatimes.info\\\/\",\"name\":\"Kosova Times\",\"description\":\"\",\"potentialAction\":[{\"@type\":\"SearchAction\",\"target\":{\"@type\":\"EntryPoint\",\"urlTemplate\":\"https:\\\/\\\/kosovatimes.info\\\/?s={search_term_string}\"},\"query-input\":{\"@type\":\"PropertyValueSpecification\",\"valueRequired\":true,\"valueName\":\"search_term_string\"}}],\"inLanguage\":\"en-US\"},{\"@type\":\"Person\",\"@id\":\"https:\\\/\\\/kosovatimes.info\\\/#\\\/schema\\\/person\\\/7586712b9c512fe68085de007378c915\",\"name\":\"i l\",\"image\":{\"@type\":\"ImageObject\",\"inLanguage\":\"en-US\",\"@id\":\"https:\\\/\\\/secure.gravatar.com\\\/avatar\\\/bad9296e02816160ae2e2435beda58222022298d5625d49fea74d18816fbb31d?s=96&d=mm&r=g\",\"url\":\"https:\\\/\\\/secure.gravatar.com\\\/avatar\\\/bad9296e02816160ae2e2435beda58222022298d5625d49fea74d18816fbb31d?s=96&d=mm&r=g\",\"contentUrl\":\"https:\\\/\\\/secure.gravatar.com\\\/avatar\\\/bad9296e02816160ae2e2435beda58222022298d5625d49fea74d18816fbb31d?s=96&d=mm&r=g\",\"caption\":\"i l\"},\"url\":\"https:\\\/\\\/kosovatimes.info\\\/index.php\\\/author\\\/iliri\\\/\"}]}<\/script>\n<!-- \/ Yoast SEO plugin. -->","yoast_head_json":{"title":"Hamza: PDK-ja nis faz\u00eb t\u00eb re t\u00eb veprimit politik dhe juridik - Kosova Times","robots":{"index":"index","follow":"follow","max-snippet":"max-snippet:-1","max-image-preview":"max-image-preview:large","max-video-preview":"max-video-preview:-1"},"canonical":"https:\/\/kosovatimes.info\/index.php\/2026\/09\/05\/hamza-pdk-ja-nis-faze-te-re-te-veprimit-politik-dhe-juridik\/","og_locale":"en_US","og_type":"article","og_title":"Hamza: PDK-ja nis faz\u00eb t\u00eb re t\u00eb veprimit politik dhe juridik - Kosova Times","og_description":"Kryetari i Partis\u00eb Demokratike t\u00eb Kosov\u00ebs, Bedri Hamza, ka paralajm\u00ebruar nj\u00eb faz\u00eb t\u00eb re t\u00eb veprimit t\u00eb k\u00ebtij subjekti politik, duke kund\u00ebrshtuar at\u00eb q\u00eb e konsideron shkelje t\u00eb Kushtetut\u00ebs dhe mosrespektim t\u00eb vendimeve t\u00eb institucioneve t\u00eb drejt\u00ebsis\u00eb. Duke folur nga foltorja e Kuvendit t\u00eb Kosov\u00ebs, ku jan\u00eb mbledhur deputet\u00eb t\u00eb PDK-s\u00eb dhe Aleanc\u00ebs, Hamza tha [&hellip;]","og_url":"https:\/\/kosovatimes.info\/index.php\/2026\/09\/05\/hamza-pdk-ja-nis-faze-te-re-te-veprimit-politik-dhe-juridik\/","og_site_name":"Kosova Times","article_published_time":"2026-09-05T09:50:00+00:00","article_modified_time":"2026-09-05T09:53:58+00:00","og_image":[{"width":780,"height":500,"url":"https:\/\/kosovatimes.info\/wp-content\/uploads\/2026\/08\/Hamza-2.jpg","type":"image\/jpeg"}],"author":"i l","twitter_card":"summary_large_image","twitter_misc":{"Written by":"i l","Est. reading time":"2 minutes"},"schema":{"@context":"https:\/\/schema.org","@graph":[{"@type":"Article","@id":"https:\/\/kosovatimes.info\/index.php\/2026\/09\/05\/hamza-pdk-ja-nis-faze-te-re-te-veprimit-politik-dhe-juridik\/#article","isPartOf":{"@id":"https:\/\/kosovatimes.info\/index.php\/2026\/09\/05\/hamza-pdk-ja-nis-faze-te-re-te-veprimit-politik-dhe-juridik\/"},"author":{"name":"i l","@id":"https:\/\/kosovatimes.info\/#\/schema\/person\/7586712b9c512fe68085de007378c915"},"headline":"Hamza: PDK-ja nis faz\u00eb t\u00eb re t\u00eb veprimit politik dhe juridik","datePublished":"2026-09-05T09:50:00+00:00","dateModified":"2026-09-05T09:53:58+00:00","mainEntityOfPage":{"@id":"https:\/\/kosovatimes.info\/index.php\/2026\/09\/05\/hamza-pdk-ja-nis-faze-te-re-te-veprimit-politik-dhe-juridik\/"},"wordCount":361,"commentCount":0,"image":{"@id":"https:\/\/kosovatimes.info\/index.php\/2026\/09\/05\/hamza-pdk-ja-nis-faze-te-re-te-veprimit-politik-dhe-juridik\/#primaryimage"},"thumbnailUrl":"https:\/\/kosovatimes.info\/wp-content\/uploads\/2026\/08\/Hamza-2.jpg","articleSection":["Kosov\u00eb","Lajme"],"inLanguage":"en-US","potentialAction":[{"@type":"CommentAction","name":"Comment","target":["https:\/\/kosovatimes.info\/index.php\/2026\/09\/05\/hamza-pdk-ja-nis-faze-te-re-te-veprimit-politik-dhe-juridik\/#respond"]}]},{"@type":"WebPage","@id":"https:\/\/kosovatimes.info\/index.php\/2026\/09\/05\/hamza-pdk-ja-nis-faze-te-re-te-veprimit-politik-dhe-juridik\/","url":"https:\/\/kosovatimes.info\/index.php\/2026\/09\/05\/hamza-pdk-ja-nis-faze-te-re-te-veprimit-politik-dhe-juridik\/","name":"Hamza: PDK-ja nis faz\u00eb t\u00eb re t\u00eb veprimit politik dhe juridik - Kosova Times","isPartOf":{"@id":"https:\/\/kosovatimes.info\/#website"},"primaryImageOfPage":{"@id":"https:\/\/kosovatimes.info\/index.php\/2026\/09\/05\/hamza-pdk-ja-nis-faze-te-re-te-veprimit-politik-dhe-juridik\/#primaryimage"},"image":{"@id":"https:\/\/kosovatimes.info\/index.php\/2026\/09\/05\/hamza-pdk-ja-nis-faze-te-re-te-veprimit-politik-dhe-juridik\/#primaryimage"},"thumbnailUrl":"https:\/\/kosovatimes.info\/wp-content\/uploads\/2026\/08\/Hamza-2.jpg","datePublished":"2026-09-05T09:50:00+00:00","dateModified":"2026-09-05T09:53:58+00:00","author":{"@id":"https:\/\/kosovatimes.info\/#\/schema\/person\/7586712b9c512fe68085de007378c915"},"breadcrumb":{"@id":"https:\/\/kosovatimes.info\/index.php\/2026\/09\/05\/hamza-pdk-ja-nis-faze-te-re-te-veprimit-politik-dhe-juridik\/#breadcrumb"},"inLanguage":"en-US","potentialAction":[{"@type":"ReadAction","target":["https:\/\/kosovatimes.info\/index.php\/2026\/09\/05\/hamza-pdk-ja-nis-faze-te-re-te-veprimit-politik-dhe-juridik\/"]}]},{"@type":"ImageObject","inLanguage":"en-US","@id":"https:\/\/kosovatimes.info\/index.php\/2026\/09\/05\/hamza-pdk-ja-nis-faze-te-re-te-veprimit-politik-dhe-juridik\/#primaryimage","url":"https:\/\/kosovatimes.info\/wp-content\/uploads\/2026\/08\/Hamza-2.jpg","contentUrl":"https:\/\/kosovatimes.info\/wp-content\/uploads\/2026\/08\/Hamza-2.jpg","width":780,"height":500},{"@type":"BreadcrumbList","@id":"https:\/\/kosovatimes.info\/index.php\/2026\/09\/05\/hamza-pdk-ja-nis-faze-te-re-te-veprimit-politik-dhe-juridik\/#breadcrumb","itemListElement":[{"@type":"ListItem","position":1,"name":"Home","item":"https:\/\/kosovatimes.info\/"},{"@type":"ListItem","position":2,"name":"Hamza: PDK-ja nis faz\u00eb t\u00eb re t\u00eb veprimit politik dhe juridik"}]},{"@type":"WebSite","@id":"https:\/\/kosovatimes.info\/#website","url":"https:\/\/kosovatimes.info\/","name":"Kosova Times","description":"","potentialAction":[{"@type":"SearchAction","target":{"@type":"EntryPoint","urlTemplate":"https:\/\/kosovatimes.info\/?s={search_term_string}"},"query-input":{"@type":"PropertyValueSpecification","valueRequired":true,"valueName":"search_term_string"}}],"inLanguage":"en-US"},{"@type":"Person","@id":"https:\/\/kosovatimes.info\/#\/schema\/person\/7586712b9c512fe68085de007378c915","name":"i l","image":{"@type":"ImageObject","inLanguage":"en-US","@id":"https:\/\/secure.gravatar.com\/avatar\/bad9296e02816160ae2e2435beda58222022298d5625d49fea74d18816fbb31d?s=96&d=mm&r=g","url":"https:\/\/secure.gravatar.com\/avatar\/bad9296e02816160ae2e2435beda58222022298d5625d49fea74d18816fbb31d?s=96&d=mm&r=g","contentUrl":"https:\/\/secure.gravatar.com\/avatar\/bad9296e02816160ae2e2435beda58222022298d5625d49fea74d18816fbb31d?s=96&d=mm&r=g","caption":"i l"},"url":"https:\/\/kosovatimes.info\/index.php\/author\/iliri\/"}]}},"_links":{"self":[{"href":"https:\/\/kosovatimes.info\/index.php\/wp-json\/wp\/v2\/posts\/31002","targetHints":{"allow":["GET"]}}],"collection":[{"href":"https:\/\/kosovatimes.info\/index.php\/wp-json\/wp\/v2\/posts"}],"about":[{"href":"https:\/\/kosovatimes.info\/index.php\/wp-json\/wp\/v2\/types\/post"}],"author":[{"embeddable":true,"href":"https:\/\/kosovatimes.info\/index.php\/wp-json\/wp\/v2\/users\/4"}],"replies":[{"embeddable":true,"href":"https:\/\/kosovatimes.info\/index.php\/wp-json\/wp\/v2\/comments?post=31002"}],"version-history":[{"count":1,"href":"https:\/\/kosovatimes.info\/index.php\/wp-json\/wp\/v2\/posts\/31002\/revisions"}],"predecessor-version":[{"id":31007,"href":"https:\/\/kosovatimes.info\/index.php\/wp-json\/wp\/v2\/posts\/31002\/revisions\/31007"}],"wp:featuredmedia":[{"embeddable":true,"href":"https:\/\/kosovatimes.info\/index.php\/wp-json\/wp\/v2\/media\/27363"}],"wp:attachment":[{"href":"https:\/\/kosovatimes.info\/index.php\/wp-json\/wp\/v2\/media?parent=31002"}],"wp:term":[{"taxonomy":"category","embeddable":true,"href":"https:\/\/kosovatimes.info\/index.php\/wp-json\/wp\/v2\/categories?post=31002"},{"taxonomy":"post_tag","embeddable":true,"href":"https:\/\/kosovatimes.info\/index.php\/wp-json\/wp\/v2\/tags?post=31002"}],"curies":[{"name":"wp","href":"https:\/\/api.w.org\/{rel}","templated":true}]}}