{"id":31008,"date":"2026-09-05T11:35:00","date_gmt":"2026-09-05T09:35:00","guid":{"rendered":"https:\/\/kosovatimes.info\/?p=31008"},"modified":"2026-09-05T11:55:10","modified_gmt":"2026-09-05T09:55:10","slug":"rama-himara-dhe-fieri-kaluan-nje-nate-te-veshtire-situata-eshte-nen-kontroll","status":"publish","type":"post","link":"https:\/\/kosovatimes.info\/index.php\/2026\/09\/05\/rama-himara-dhe-fieri-kaluan-nje-nate-te-veshtire-situata-eshte-nen-kontroll\/","title":{"rendered":"Rama: Himara dhe Fieri kaluan nj\u00eb nat\u00eb t\u00eb v\u00ebshtir\u00eb, situata \u00ebsht\u00eb n\u00ebn kontroll"},"content":{"rendered":"\n<p class=\"wp-block-paragraph\"><strong>Kryeministri i Shqip\u00ebris\u00eb, Edi Rama ka reaguar pas zjarreve q\u00eb kan\u00eb p\u00ebrfshir\u00eb malet n\u00eb jug t\u00eb vendit, teksa ka th\u00ebn\u00eb se Himara dhe Fieri kan\u00eb kaluar nj\u00eb nat\u00eb t\u00eb v\u00ebshtir\u00eb, nd\u00ebrsa aktualisht situata \u00ebsht\u00eb n\u00ebn kontroll.<\/strong><\/p>\n\n\n\n<p class=\"wp-block-paragraph\">P\u00ebrmes nj\u00eb postimi n\u00eb rrjetet sociale, Rama ka th\u00ebn\u00eb se nuk ka rrezik p\u00ebr banor\u00ebt apo zonat e banuara.<\/p>\n\n\n\n<p class=\"wp-block-paragraph\">\u201cHimara dhe Fieri kaloi nj\u00eb nat\u00eb shum\u00eb t\u00eb v\u00ebshtir\u00eb mbr\u00ebm\u00eb\u201d, ka shkruar Rama, duke shtuar se strukturat p\u00ebrgjegj\u00ebse vijojn\u00eb pun\u00ebn n\u00eb terren p\u00ebr monitorimin e situat\u00ebs dhe evidentimin e d\u00ebmeve.<\/p>\n\n\n\n<p class=\"wp-block-paragraph\">Sipas tij, bashkit\u00eb do t\u00eb vazhdojn\u00eb identifikimin dhe vler\u00ebsimin e d\u00ebmeve, si dhe evidentimin e rasteve q\u00eb kan\u00eb nevoj\u00eb p\u00ebr ndihm\u00eb urgjente.<\/p>\n\n\n\n<p class=\"wp-block-paragraph\">Rama nuk ka dh\u00ebn\u00eb detaje t\u00eb tjera lidhur me natyr\u00ebn dhe p\u00ebrmasat e d\u00ebmeve t\u00eb shkaktuara gjat\u00eb nat\u00ebs.<\/p>\n","protected":false},"excerpt":{"rendered":"<p>Kryeministri i Shqip\u00ebris\u00eb, Edi Rama ka reaguar pas zjarreve q\u00eb kan\u00eb p\u00ebrfshir\u00eb malet n\u00eb jug t\u00eb vendit, teksa ka th\u00ebn\u00eb se Himara dhe Fieri kan\u00eb kaluar nj\u00eb nat\u00eb t\u00eb v\u00ebshtir\u00eb, nd\u00ebrsa aktualisht situata \u00ebsht\u00eb n\u00ebn kontroll. P\u00ebrmes nj\u00eb postimi n\u00eb rrjetet sociale, Rama ka th\u00ebn\u00eb se nuk ka rrezik p\u00ebr banor\u00ebt apo zonat e banuara. [&hellip;]<\/p>\n","protected":false},"author":4,"featured_media":31009,"comment_status":"open","ping_status":"open","sticky":false,"template":"","format":"standard","meta":{"footnotes":""},"categories":[30,32],"tags":[],"class_list":["post-31008","post","type-post","status-publish","format-standard","has-post-thumbnail","category-lajme","category-rajon"],"yoast_head":"<!-- This site is optimized with the Yoast SEO plugin v27.4 - https:\/\/yoast.com\/product\/yoast-seo-wordpress\/ -->\n<title>Rama: Himara dhe Fieri kaluan nj\u00eb nat\u00eb t\u00eb v\u00ebshtir\u00eb, situata \u00ebsht\u00eb n\u00ebn kontroll - Kosova Times<\/title>\n<meta name=\"robots\" content=\"index, follow, max-snippet:-1, max-image-preview:large, max-video-preview:-1\" \/>\n<link rel=\"canonical\" href=\"https:\/\/kosovatimes.info\/index.php\/2026\/09\/05\/rama-himara-dhe-fieri-kaluan-nje-nate-te-veshtire-situata-eshte-nen-kontroll\/\" \/>\n<meta property=\"og:locale\" content=\"en_US\" \/>\n<meta property=\"og:type\" content=\"article\" \/>\n<meta property=\"og:title\" content=\"Rama: Himara dhe Fieri kaluan nj\u00eb nat\u00eb t\u00eb v\u00ebshtir\u00eb, situata \u00ebsht\u00eb n\u00ebn kontroll - Kosova Times\" \/>\n<meta property=\"og:description\" content=\"Kryeministri i Shqip\u00ebris\u00eb, Edi Rama ka reaguar pas zjarreve q\u00eb kan\u00eb p\u00ebrfshir\u00eb malet n\u00eb jug t\u00eb vendit, teksa ka th\u00ebn\u00eb se Himara dhe Fieri kan\u00eb kaluar nj\u00eb nat\u00eb t\u00eb v\u00ebshtir\u00eb, nd\u00ebrsa aktualisht situata \u00ebsht\u00eb n\u00ebn kontroll. P\u00ebrmes nj\u00eb postimi n\u00eb rrjetet sociale, Rama ka th\u00ebn\u00eb se nuk ka rrezik p\u00ebr banor\u00ebt apo zonat e banuara. [&hellip;]\" \/>\n<meta property=\"og:url\" content=\"https:\/\/kosovatimes.info\/index.php\/2026\/09\/05\/rama-himara-dhe-fieri-kaluan-nje-nate-te-veshtire-situata-eshte-nen-kontroll\/\" \/>\n<meta property=\"og:site_name\" content=\"Kosova Times\" \/>\n<meta property=\"article:published_time\" content=\"2026-09-05T09:35:00+00:00\" \/>\n<meta property=\"article:modified_time\" content=\"2026-09-05T09:55:10+00:00\" \/>\n<meta property=\"og:image\" content=\"https:\/\/kosovatimes.info\/wp-content\/uploads\/2026\/09\/Himara.jpg\" \/>\n\t<meta property=\"og:image:width\" content=\"780\" \/>\n\t<meta property=\"og:image:height\" content=\"500\" \/>\n\t<meta property=\"og:image:type\" content=\"image\/jpeg\" \/>\n<meta name=\"author\" content=\"i l\" \/>\n<meta name=\"twitter:card\" content=\"summary_large_image\" \/>\n<meta name=\"twitter:label1\" content=\"Written by\" \/>\n\t<meta name=\"twitter:data1\" content=\"i l\" \/>\n\t<meta name=\"twitter:label2\" content=\"Est. reading time\" \/>\n\t<meta name=\"twitter:data2\" content=\"1 minute\" \/>\n<script type=\"application\/ld+json\" class=\"yoast-schema-graph\">{\"@context\":\"https:\\\/\\\/schema.org\",\"@graph\":[{\"@type\":\"Article\",\"@id\":\"https:\\\/\\\/kosovatimes.info\\\/index.php\\\/2026\\\/09\\\/05\\\/rama-himara-dhe-fieri-kaluan-nje-nate-te-veshtire-situata-eshte-nen-kontroll\\\/#article\",\"isPartOf\":{\"@id\":\"https:\\\/\\\/kosovatimes.info\\\/index.php\\\/2026\\\/09\\\/05\\\/rama-himara-dhe-fieri-kaluan-nje-nate-te-veshtire-situata-eshte-nen-kontroll\\\/\"},\"author\":{\"name\":\"i l\",\"@id\":\"https:\\\/\\\/kosovatimes.info\\\/#\\\/schema\\\/person\\\/7586712b9c512fe68085de007378c915\"},\"headline\":\"Rama: Himara dhe Fieri kaluan nj\u00eb nat\u00eb t\u00eb v\u00ebshtir\u00eb, situata \u00ebsht\u00eb n\u00ebn kontroll\",\"datePublished\":\"2026-09-05T09:35:00+00:00\",\"dateModified\":\"2026-09-05T09:55:10+00:00\",\"mainEntityOfPage\":{\"@id\":\"https:\\\/\\\/kosovatimes.info\\\/index.php\\\/2026\\\/09\\\/05\\\/rama-himara-dhe-fieri-kaluan-nje-nate-te-veshtire-situata-eshte-nen-kontroll\\\/\"},\"wordCount\":166,\"commentCount\":0,\"image\":{\"@id\":\"https:\\\/\\\/kosovatimes.info\\\/index.php\\\/2026\\\/09\\\/05\\\/rama-himara-dhe-fieri-kaluan-nje-nate-te-veshtire-situata-eshte-nen-kontroll\\\/#primaryimage\"},\"thumbnailUrl\":\"https:\\\/\\\/kosovatimes.info\\\/wp-content\\\/uploads\\\/2026\\\/09\\\/Himara.jpg\",\"articleSection\":[\"Lajme\",\"Rajon\"],\"inLanguage\":\"en-US\",\"potentialAction\":[{\"@type\":\"CommentAction\",\"name\":\"Comment\",\"target\":[\"https:\\\/\\\/kosovatimes.info\\\/index.php\\\/2026\\\/09\\\/05\\\/rama-himara-dhe-fieri-kaluan-nje-nate-te-veshtire-situata-eshte-nen-kontroll\\\/#respond\"]}]},{\"@type\":\"WebPage\",\"@id\":\"https:\\\/\\\/kosovatimes.info\\\/index.php\\\/2026\\\/09\\\/05\\\/rama-himara-dhe-fieri-kaluan-nje-nate-te-veshtire-situata-eshte-nen-kontroll\\\/\",\"url\":\"https:\\\/\\\/kosovatimes.info\\\/index.php\\\/2026\\\/09\\\/05\\\/rama-himara-dhe-fieri-kaluan-nje-nate-te-veshtire-situata-eshte-nen-kontroll\\\/\",\"name\":\"Rama: Himara dhe Fieri kaluan nj\u00eb nat\u00eb t\u00eb v\u00ebshtir\u00eb, situata \u00ebsht\u00eb n\u00ebn kontroll - Kosova Times\",\"isPartOf\":{\"@id\":\"https:\\\/\\\/kosovatimes.info\\\/#website\"},\"primaryImageOfPage\":{\"@id\":\"https:\\\/\\\/kosovatimes.info\\\/index.php\\\/2026\\\/09\\\/05\\\/rama-himara-dhe-fieri-kaluan-nje-nate-te-veshtire-situata-eshte-nen-kontroll\\\/#primaryimage\"},\"image\":{\"@id\":\"https:\\\/\\\/kosovatimes.info\\\/index.php\\\/2026\\\/09\\\/05\\\/rama-himara-dhe-fieri-kaluan-nje-nate-te-veshtire-situata-eshte-nen-kontroll\\\/#primaryimage\"},\"thumbnailUrl\":\"https:\\\/\\\/kosovatimes.info\\\/wp-content\\\/uploads\\\/2026\\\/09\\\/Himara.jpg\",\"datePublished\":\"2026-09-05T09:35:00+00:00\",\"dateModified\":\"2026-09-05T09:55:10+00:00\",\"author\":{\"@id\":\"https:\\\/\\\/kosovatimes.info\\\/#\\\/schema\\\/person\\\/7586712b9c512fe68085de007378c915\"},\"breadcrumb\":{\"@id\":\"https:\\\/\\\/kosovatimes.info\\\/index.php\\\/2026\\\/09\\\/05\\\/rama-himara-dhe-fieri-kaluan-nje-nate-te-veshtire-situata-eshte-nen-kontroll\\\/#breadcrumb\"},\"inLanguage\":\"en-US\",\"potentialAction\":[{\"@type\":\"ReadAction\",\"target\":[\"https:\\\/\\\/kosovatimes.info\\\/index.php\\\/2026\\\/09\\\/05\\\/rama-himara-dhe-fieri-kaluan-nje-nate-te-veshtire-situata-eshte-nen-kontroll\\\/\"]}]},{\"@type\":\"ImageObject\",\"inLanguage\":\"en-US\",\"@id\":\"https:\\\/\\\/kosovatimes.info\\\/index.php\\\/2026\\\/09\\\/05\\\/rama-himara-dhe-fieri-kaluan-nje-nate-te-veshtire-situata-eshte-nen-kontroll\\\/#primaryimage\",\"url\":\"https:\\\/\\\/kosovatimes.info\\\/wp-content\\\/uploads\\\/2026\\\/09\\\/Himara.jpg\",\"contentUrl\":\"https:\\\/\\\/kosovatimes.info\\\/wp-content\\\/uploads\\\/2026\\\/09\\\/Himara.jpg\",\"width\":780,\"height\":500},{\"@type\":\"BreadcrumbList\",\"@id\":\"https:\\\/\\\/kosovatimes.info\\\/index.php\\\/2026\\\/09\\\/05\\\/rama-himara-dhe-fieri-kaluan-nje-nate-te-veshtire-situata-eshte-nen-kontroll\\\/#breadcrumb\",\"itemListElement\":[{\"@type\":\"ListItem\",\"position\":1,\"name\":\"Home\",\"item\":\"https:\\\/\\\/kosovatimes.info\\\/\"},{\"@type\":\"ListItem\",\"position\":2,\"name\":\"Rama: Himara dhe Fieri kaluan nj\u00eb nat\u00eb t\u00eb v\u00ebshtir\u00eb, situata \u00ebsht\u00eb n\u00ebn kontroll\"}]},{\"@type\":\"WebSite\",\"@id\":\"https:\\\/\\\/kosovatimes.info\\\/#website\",\"url\":\"https:\\\/\\\/kosovatimes.info\\\/\",\"name\":\"Kosova Times\",\"description\":\"\",\"potentialAction\":[{\"@type\":\"SearchAction\",\"target\":{\"@type\":\"EntryPoint\",\"urlTemplate\":\"https:\\\/\\\/kosovatimes.info\\\/?s={search_term_string}\"},\"query-input\":{\"@type\":\"PropertyValueSpecification\",\"valueRequired\":true,\"valueName\":\"search_term_string\"}}],\"inLanguage\":\"en-US\"},{\"@type\":\"Person\",\"@id\":\"https:\\\/\\\/kosovatimes.info\\\/#\\\/schema\\\/person\\\/7586712b9c512fe68085de007378c915\",\"name\":\"i l\",\"image\":{\"@type\":\"ImageObject\",\"inLanguage\":\"en-US\",\"@id\":\"https:\\\/\\\/secure.gravatar.com\\\/avatar\\\/bad9296e02816160ae2e2435beda58222022298d5625d49fea74d18816fbb31d?s=96&d=mm&r=g\",\"url\":\"https:\\\/\\\/secure.gravatar.com\\\/avatar\\\/bad9296e02816160ae2e2435beda58222022298d5625d49fea74d18816fbb31d?s=96&d=mm&r=g\",\"contentUrl\":\"https:\\\/\\\/secure.gravatar.com\\\/avatar\\\/bad9296e02816160ae2e2435beda58222022298d5625d49fea74d18816fbb31d?s=96&d=mm&r=g\",\"caption\":\"i l\"},\"url\":\"https:\\\/\\\/kosovatimes.info\\\/index.php\\\/author\\\/iliri\\\/\"}]}<\/script>\n<!-- \/ Yoast SEO plugin. -->","yoast_head_json":{"title":"Rama: Himara dhe Fieri kaluan nj\u00eb nat\u00eb t\u00eb v\u00ebshtir\u00eb, situata \u00ebsht\u00eb n\u00ebn kontroll - Kosova Times","robots":{"index":"index","follow":"follow","max-snippet":"max-snippet:-1","max-image-preview":"max-image-preview:large","max-video-preview":"max-video-preview:-1"},"canonical":"https:\/\/kosovatimes.info\/index.php\/2026\/09\/05\/rama-himara-dhe-fieri-kaluan-nje-nate-te-veshtire-situata-eshte-nen-kontroll\/","og_locale":"en_US","og_type":"article","og_title":"Rama: Himara dhe Fieri kaluan nj\u00eb nat\u00eb t\u00eb v\u00ebshtir\u00eb, situata \u00ebsht\u00eb n\u00ebn kontroll - Kosova Times","og_description":"Kryeministri i Shqip\u00ebris\u00eb, Edi Rama ka reaguar pas zjarreve q\u00eb kan\u00eb p\u00ebrfshir\u00eb malet n\u00eb jug t\u00eb vendit, teksa ka th\u00ebn\u00eb se Himara dhe Fieri kan\u00eb kaluar nj\u00eb nat\u00eb t\u00eb v\u00ebshtir\u00eb, nd\u00ebrsa aktualisht situata \u00ebsht\u00eb n\u00ebn kontroll. P\u00ebrmes nj\u00eb postimi n\u00eb rrjetet sociale, Rama ka th\u00ebn\u00eb se nuk ka rrezik p\u00ebr banor\u00ebt apo zonat e banuara. [&hellip;]","og_url":"https:\/\/kosovatimes.info\/index.php\/2026\/09\/05\/rama-himara-dhe-fieri-kaluan-nje-nate-te-veshtire-situata-eshte-nen-kontroll\/","og_site_name":"Kosova Times","article_published_time":"2026-09-05T09:35:00+00:00","article_modified_time":"2026-09-05T09:55:10+00:00","og_image":[{"width":780,"height":500,"url":"https:\/\/kosovatimes.info\/wp-content\/uploads\/2026\/09\/Himara.jpg","type":"image\/jpeg"}],"author":"i l","twitter_card":"summary_large_image","twitter_misc":{"Written by":"i l","Est. reading time":"1 minute"},"schema":{"@context":"https:\/\/schema.org","@graph":[{"@type":"Article","@id":"https:\/\/kosovatimes.info\/index.php\/2026\/09\/05\/rama-himara-dhe-fieri-kaluan-nje-nate-te-veshtire-situata-eshte-nen-kontroll\/#article","isPartOf":{"@id":"https:\/\/kosovatimes.info\/index.php\/2026\/09\/05\/rama-himara-dhe-fieri-kaluan-nje-nate-te-veshtire-situata-eshte-nen-kontroll\/"},"author":{"name":"i l","@id":"https:\/\/kosovatimes.info\/#\/schema\/person\/7586712b9c512fe68085de007378c915"},"headline":"Rama: Himara dhe Fieri kaluan nj\u00eb nat\u00eb t\u00eb v\u00ebshtir\u00eb, situata \u00ebsht\u00eb n\u00ebn kontroll","datePublished":"2026-09-05T09:35:00+00:00","dateModified":"2026-09-05T09:55:10+00:00","mainEntityOfPage":{"@id":"https:\/\/kosovatimes.info\/index.php\/2026\/09\/05\/rama-himara-dhe-fieri-kaluan-nje-nate-te-veshtire-situata-eshte-nen-kontroll\/"},"wordCount":166,"commentCount":0,"image":{"@id":"https:\/\/kosovatimes.info\/index.php\/2026\/09\/05\/rama-himara-dhe-fieri-kaluan-nje-nate-te-veshtire-situata-eshte-nen-kontroll\/#primaryimage"},"thumbnailUrl":"https:\/\/kosovatimes.info\/wp-content\/uploads\/2026\/09\/Himara.jpg","articleSection":["Lajme","Rajon"],"inLanguage":"en-US","potentialAction":[{"@type":"CommentAction","name":"Comment","target":["https:\/\/kosovatimes.info\/index.php\/2026\/09\/05\/rama-himara-dhe-fieri-kaluan-nje-nate-te-veshtire-situata-eshte-nen-kontroll\/#respond"]}]},{"@type":"WebPage","@id":"https:\/\/kosovatimes.info\/index.php\/2026\/09\/05\/rama-himara-dhe-fieri-kaluan-nje-nate-te-veshtire-situata-eshte-nen-kontroll\/","url":"https:\/\/kosovatimes.info\/index.php\/2026\/09\/05\/rama-himara-dhe-fieri-kaluan-nje-nate-te-veshtire-situata-eshte-nen-kontroll\/","name":"Rama: Himara dhe Fieri kaluan nj\u00eb nat\u00eb t\u00eb v\u00ebshtir\u00eb, situata \u00ebsht\u00eb n\u00ebn kontroll - Kosova Times","isPartOf":{"@id":"https:\/\/kosovatimes.info\/#website"},"primaryImageOfPage":{"@id":"https:\/\/kosovatimes.info\/index.php\/2026\/09\/05\/rama-himara-dhe-fieri-kaluan-nje-nate-te-veshtire-situata-eshte-nen-kontroll\/#primaryimage"},"image":{"@id":"https:\/\/kosovatimes.info\/index.php\/2026\/09\/05\/rama-himara-dhe-fieri-kaluan-nje-nate-te-veshtire-situata-eshte-nen-kontroll\/#primaryimage"},"thumbnailUrl":"https:\/\/kosovatimes.info\/wp-content\/uploads\/2026\/09\/Himara.jpg","datePublished":"2026-09-05T09:35:00+00:00","dateModified":"2026-09-05T09:55:10+00:00","author":{"@id":"https:\/\/kosovatimes.info\/#\/schema\/person\/7586712b9c512fe68085de007378c915"},"breadcrumb":{"@id":"https:\/\/kosovatimes.info\/index.php\/2026\/09\/05\/rama-himara-dhe-fieri-kaluan-nje-nate-te-veshtire-situata-eshte-nen-kontroll\/#breadcrumb"},"inLanguage":"en-US","potentialAction":[{"@type":"ReadAction","target":["https:\/\/kosovatimes.info\/index.php\/2026\/09\/05\/rama-himara-dhe-fieri-kaluan-nje-nate-te-veshtire-situata-eshte-nen-kontroll\/"]}]},{"@type":"ImageObject","inLanguage":"en-US","@id":"https:\/\/kosovatimes.info\/index.php\/2026\/09\/05\/rama-himara-dhe-fieri-kaluan-nje-nate-te-veshtire-situata-eshte-nen-kontroll\/#primaryimage","url":"https:\/\/kosovatimes.info\/wp-content\/uploads\/2026\/09\/Himara.jpg","contentUrl":"https:\/\/kosovatimes.info\/wp-content\/uploads\/2026\/09\/Himara.jpg","width":780,"height":500},{"@type":"BreadcrumbList","@id":"https:\/\/kosovatimes.info\/index.php\/2026\/09\/05\/rama-himara-dhe-fieri-kaluan-nje-nate-te-veshtire-situata-eshte-nen-kontroll\/#breadcrumb","itemListElement":[{"@type":"ListItem","position":1,"name":"Home","item":"https:\/\/kosovatimes.info\/"},{"@type":"ListItem","position":2,"name":"Rama: Himara dhe Fieri kaluan nj\u00eb nat\u00eb t\u00eb v\u00ebshtir\u00eb, situata \u00ebsht\u00eb n\u00ebn kontroll"}]},{"@type":"WebSite","@id":"https:\/\/kosovatimes.info\/#website","url":"https:\/\/kosovatimes.info\/","name":"Kosova Times","description":"","potentialAction":[{"@type":"SearchAction","target":{"@type":"EntryPoint","urlTemplate":"https:\/\/kosovatimes.info\/?s={search_term_string}"},"query-input":{"@type":"PropertyValueSpecification","valueRequired":true,"valueName":"search_term_string"}}],"inLanguage":"en-US"},{"@type":"Person","@id":"https:\/\/kosovatimes.info\/#\/schema\/person\/7586712b9c512fe68085de007378c915","name":"i l","image":{"@type":"ImageObject","inLanguage":"en-US","@id":"https:\/\/secure.gravatar.com\/avatar\/bad9296e02816160ae2e2435beda58222022298d5625d49fea74d18816fbb31d?s=96&d=mm&r=g","url":"https:\/\/secure.gravatar.com\/avatar\/bad9296e02816160ae2e2435beda58222022298d5625d49fea74d18816fbb31d?s=96&d=mm&r=g","contentUrl":"https:\/\/secure.gravatar.com\/avatar\/bad9296e02816160ae2e2435beda58222022298d5625d49fea74d18816fbb31d?s=96&d=mm&r=g","caption":"i l"},"url":"https:\/\/kosovatimes.info\/index.php\/author\/iliri\/"}]}},"_links":{"self":[{"href":"https:\/\/kosovatimes.info\/index.php\/wp-json\/wp\/v2\/posts\/31008","targetHints":{"allow":["GET"]}}],"collection":[{"href":"https:\/\/kosovatimes.info\/index.php\/wp-json\/wp\/v2\/posts"}],"about":[{"href":"https:\/\/kosovatimes.info\/index.php\/wp-json\/wp\/v2\/types\/post"}],"author":[{"embeddable":true,"href":"https:\/\/kosovatimes.info\/index.php\/wp-json\/wp\/v2\/users\/4"}],"replies":[{"embeddable":true,"href":"https:\/\/kosovatimes.info\/index.php\/wp-json\/wp\/v2\/comments?post=31008"}],"version-history":[{"count":1,"href":"https:\/\/kosovatimes.info\/index.php\/wp-json\/wp\/v2\/posts\/31008\/revisions"}],"predecessor-version":[{"id":31010,"href":"https:\/\/kosovatimes.info\/index.php\/wp-json\/wp\/v2\/posts\/31008\/revisions\/31010"}],"wp:featuredmedia":[{"embeddable":true,"href":"https:\/\/kosovatimes.info\/index.php\/wp-json\/wp\/v2\/media\/31009"}],"wp:attachment":[{"href":"https:\/\/kosovatimes.info\/index.php\/wp-json\/wp\/v2\/media?parent=31008"}],"wp:term":[{"taxonomy":"category","embeddable":true,"href":"https:\/\/kosovatimes.info\/index.php\/wp-json\/wp\/v2\/categories?post=31008"},{"taxonomy":"post_tag","embeddable":true,"href":"https:\/\/kosovatimes.info\/index.php\/wp-json\/wp\/v2\/tags?post=31008"}],"curies":[{"name":"wp","href":"https:\/\/api.w.org\/{rel}","templated":true}]}}