{"id":31011,"date":"2026-09-05T10:31:00","date_gmt":"2026-09-05T08:31:00","guid":{"rendered":"https:\/\/kosovatimes.info\/?p=31011"},"modified":"2026-09-05T11:56:34","modified_gmt":"2026-09-05T09:56:34","slug":"rothse-kisha-menduar-kurre-se-krimineli-mlladiq-do-te-merrte-nderime-ne-beograd","status":"publish","type":"post","link":"https:\/\/kosovatimes.info\/index.php\/2026\/09\/05\/rothse-kisha-menduar-kurre-se-krimineli-mlladiq-do-te-merrte-nderime-ne-beograd\/","title":{"rendered":"Roth:Se kisha menduar kurr\u00eb se krimineli Mlladiq do t\u00eb merrte nderime n\u00eb Beograd"},"content":{"rendered":"\n<p class=\"wp-block-paragraph\"><a target=\"_blank\" href=\"https:\/\/www.linkedin.com\/shareArticle?mini=true&amp;url=https%3A%2F%2Fwww.rtklive.com%2Fsq%2Fnews-single.php%3FID%3D732970\" rel=\"noopener\"><\/a><\/p>\n\n\n\n<p class=\"wp-block-paragraph\"><strong>Ish-ministri gjerman p\u00ebr Evrop\u00ebn, Michael Roth, ka reaguar ndaj vendimit t\u00eb autoriteteve n\u00eb Serbi p\u00ebr t\u2019i dh\u00ebn\u00eb nderime shtet\u00ebrore ish-komandantit t\u00eb Ushtris\u00eb s\u00eb Republika Srpska, Ratko Mlladiq, i d\u00ebnuar p\u00ebr gjenocid dhe krime lufte.<\/strong><\/p>\n\n\n\n<p class=\"wp-block-paragraph\">N\u00eb nj\u00eb postim n\u00eb rrjetin social X, Roth ka kritikuar Serbin\u00eb p\u00ebr glorifikimin e kriminelit t\u00eb luft\u00ebs.<\/p>\n\n\n\n<p class=\"wp-block-paragraph\">\u201cNuk e kisha menduar kurr\u00eb se do t\u00eb shihja nj\u00eb kriminel lufte t\u00eb d\u00ebnuar, njeriun p\u00ebrgjegj\u00ebs p\u00ebr gjenocidin e Srebrenic\u00ebs, t\u00eb merrte nderime shtet\u00ebrore n\u00eb Beograd. Kjo tregon se sa larg \u00ebsht\u00eb Serbia nga pajtimi p\u00ebr t\u00eb cilin Ballkani Per\u00ebndimor ka kaq shum\u00eb nevoj\u00eb\u201d, shkroi Roth.<\/p>\n\n\n\n<p class=\"wp-block-paragraph\">Ai shprehu gjithashtu mir\u00ebnjohje p\u00ebr serb\u00ebt q\u00eb, sipas tij, kan\u00eb dal\u00eb publikisht kund\u00ebr k\u00ebtij veprimi.<\/p>\n","protected":false},"excerpt":{"rendered":"<p>Ish-ministri gjerman p\u00ebr Evrop\u00ebn, Michael Roth, ka reaguar ndaj vendimit t\u00eb autoriteteve n\u00eb Serbi p\u00ebr t\u2019i dh\u00ebn\u00eb nderime shtet\u00ebrore ish-komandantit t\u00eb Ushtris\u00eb s\u00eb Republika Srpska, Ratko Mlladiq, i d\u00ebnuar p\u00ebr gjenocid dhe krime lufte. N\u00eb nj\u00eb postim n\u00eb rrjetin social X, Roth ka kritikuar Serbin\u00eb p\u00ebr glorifikimin e kriminelit t\u00eb luft\u00ebs. \u201cNuk e kisha menduar [&hellip;]<\/p>\n","protected":false},"author":4,"featured_media":31012,"comment_status":"open","ping_status":"open","sticky":false,"template":"","format":"standard","meta":{"footnotes":""},"categories":[30,32],"tags":[],"class_list":["post-31011","post","type-post","status-publish","format-standard","has-post-thumbnail","category-lajme","category-rajon"],"yoast_head":"<!-- This site is optimized with the Yoast SEO plugin v27.4 - https:\/\/yoast.com\/product\/yoast-seo-wordpress\/ -->\n<title>Roth:Se kisha menduar kurr\u00eb se krimineli Mlladiq do t\u00eb merrte nderime n\u00eb Beograd - Kosova Times<\/title>\n<meta name=\"robots\" content=\"index, follow, max-snippet:-1, max-image-preview:large, max-video-preview:-1\" \/>\n<link rel=\"canonical\" href=\"https:\/\/kosovatimes.info\/index.php\/2026\/09\/05\/rothse-kisha-menduar-kurre-se-krimineli-mlladiq-do-te-merrte-nderime-ne-beograd\/\" \/>\n<meta property=\"og:locale\" content=\"en_US\" \/>\n<meta property=\"og:type\" content=\"article\" \/>\n<meta property=\"og:title\" content=\"Roth:Se kisha menduar kurr\u00eb se krimineli Mlladiq do t\u00eb merrte nderime n\u00eb Beograd - Kosova Times\" \/>\n<meta property=\"og:description\" content=\"Ish-ministri gjerman p\u00ebr Evrop\u00ebn, Michael Roth, ka reaguar ndaj vendimit t\u00eb autoriteteve n\u00eb Serbi p\u00ebr t\u2019i dh\u00ebn\u00eb nderime shtet\u00ebrore ish-komandantit t\u00eb Ushtris\u00eb s\u00eb Republika Srpska, Ratko Mlladiq, i d\u00ebnuar p\u00ebr gjenocid dhe krime lufte. N\u00eb nj\u00eb postim n\u00eb rrjetin social X, Roth ka kritikuar Serbin\u00eb p\u00ebr glorifikimin e kriminelit t\u00eb luft\u00ebs. \u201cNuk e kisha menduar [&hellip;]\" \/>\n<meta property=\"og:url\" content=\"https:\/\/kosovatimes.info\/index.php\/2026\/09\/05\/rothse-kisha-menduar-kurre-se-krimineli-mlladiq-do-te-merrte-nderime-ne-beograd\/\" \/>\n<meta property=\"og:site_name\" content=\"Kosova Times\" \/>\n<meta property=\"article:published_time\" content=\"2026-09-05T08:31:00+00:00\" \/>\n<meta property=\"article:modified_time\" content=\"2026-09-05T09:56:34+00:00\" \/>\n<meta property=\"og:image\" content=\"https:\/\/kosovatimes.info\/wp-content\/uploads\/2026\/09\/roth.jpg\" \/>\n\t<meta property=\"og:image:width\" content=\"780\" \/>\n\t<meta property=\"og:image:height\" content=\"500\" \/>\n\t<meta property=\"og:image:type\" content=\"image\/jpeg\" \/>\n<meta name=\"author\" content=\"i l\" \/>\n<meta name=\"twitter:card\" content=\"summary_large_image\" \/>\n<meta name=\"twitter:label1\" content=\"Written by\" \/>\n\t<meta name=\"twitter:data1\" content=\"i l\" \/>\n\t<meta name=\"twitter:label2\" content=\"Est. reading time\" \/>\n\t<meta name=\"twitter:data2\" content=\"1 minute\" \/>\n<script type=\"application\/ld+json\" class=\"yoast-schema-graph\">{\"@context\":\"https:\\\/\\\/schema.org\",\"@graph\":[{\"@type\":\"Article\",\"@id\":\"https:\\\/\\\/kosovatimes.info\\\/index.php\\\/2026\\\/09\\\/05\\\/rothse-kisha-menduar-kurre-se-krimineli-mlladiq-do-te-merrte-nderime-ne-beograd\\\/#article\",\"isPartOf\":{\"@id\":\"https:\\\/\\\/kosovatimes.info\\\/index.php\\\/2026\\\/09\\\/05\\\/rothse-kisha-menduar-kurre-se-krimineli-mlladiq-do-te-merrte-nderime-ne-beograd\\\/\"},\"author\":{\"name\":\"i l\",\"@id\":\"https:\\\/\\\/kosovatimes.info\\\/#\\\/schema\\\/person\\\/7586712b9c512fe68085de007378c915\"},\"headline\":\"Roth:Se kisha menduar kurr\u00eb se krimineli Mlladiq do t\u00eb merrte nderime n\u00eb Beograd\",\"datePublished\":\"2026-09-05T08:31:00+00:00\",\"dateModified\":\"2026-09-05T09:56:34+00:00\",\"mainEntityOfPage\":{\"@id\":\"https:\\\/\\\/kosovatimes.info\\\/index.php\\\/2026\\\/09\\\/05\\\/rothse-kisha-menduar-kurre-se-krimineli-mlladiq-do-te-merrte-nderime-ne-beograd\\\/\"},\"wordCount\":149,\"commentCount\":0,\"image\":{\"@id\":\"https:\\\/\\\/kosovatimes.info\\\/index.php\\\/2026\\\/09\\\/05\\\/rothse-kisha-menduar-kurre-se-krimineli-mlladiq-do-te-merrte-nderime-ne-beograd\\\/#primaryimage\"},\"thumbnailUrl\":\"https:\\\/\\\/kosovatimes.info\\\/wp-content\\\/uploads\\\/2026\\\/09\\\/roth.jpg\",\"articleSection\":[\"Lajme\",\"Rajon\"],\"inLanguage\":\"en-US\",\"potentialAction\":[{\"@type\":\"CommentAction\",\"name\":\"Comment\",\"target\":[\"https:\\\/\\\/kosovatimes.info\\\/index.php\\\/2026\\\/09\\\/05\\\/rothse-kisha-menduar-kurre-se-krimineli-mlladiq-do-te-merrte-nderime-ne-beograd\\\/#respond\"]}]},{\"@type\":\"WebPage\",\"@id\":\"https:\\\/\\\/kosovatimes.info\\\/index.php\\\/2026\\\/09\\\/05\\\/rothse-kisha-menduar-kurre-se-krimineli-mlladiq-do-te-merrte-nderime-ne-beograd\\\/\",\"url\":\"https:\\\/\\\/kosovatimes.info\\\/index.php\\\/2026\\\/09\\\/05\\\/rothse-kisha-menduar-kurre-se-krimineli-mlladiq-do-te-merrte-nderime-ne-beograd\\\/\",\"name\":\"Roth:Se kisha menduar kurr\u00eb se krimineli Mlladiq do t\u00eb merrte nderime n\u00eb Beograd - Kosova Times\",\"isPartOf\":{\"@id\":\"https:\\\/\\\/kosovatimes.info\\\/#website\"},\"primaryImageOfPage\":{\"@id\":\"https:\\\/\\\/kosovatimes.info\\\/index.php\\\/2026\\\/09\\\/05\\\/rothse-kisha-menduar-kurre-se-krimineli-mlladiq-do-te-merrte-nderime-ne-beograd\\\/#primaryimage\"},\"image\":{\"@id\":\"https:\\\/\\\/kosovatimes.info\\\/index.php\\\/2026\\\/09\\\/05\\\/rothse-kisha-menduar-kurre-se-krimineli-mlladiq-do-te-merrte-nderime-ne-beograd\\\/#primaryimage\"},\"thumbnailUrl\":\"https:\\\/\\\/kosovatimes.info\\\/wp-content\\\/uploads\\\/2026\\\/09\\\/roth.jpg\",\"datePublished\":\"2026-09-05T08:31:00+00:00\",\"dateModified\":\"2026-09-05T09:56:34+00:00\",\"author\":{\"@id\":\"https:\\\/\\\/kosovatimes.info\\\/#\\\/schema\\\/person\\\/7586712b9c512fe68085de007378c915\"},\"breadcrumb\":{\"@id\":\"https:\\\/\\\/kosovatimes.info\\\/index.php\\\/2026\\\/09\\\/05\\\/rothse-kisha-menduar-kurre-se-krimineli-mlladiq-do-te-merrte-nderime-ne-beograd\\\/#breadcrumb\"},\"inLanguage\":\"en-US\",\"potentialAction\":[{\"@type\":\"ReadAction\",\"target\":[\"https:\\\/\\\/kosovatimes.info\\\/index.php\\\/2026\\\/09\\\/05\\\/rothse-kisha-menduar-kurre-se-krimineli-mlladiq-do-te-merrte-nderime-ne-beograd\\\/\"]}]},{\"@type\":\"ImageObject\",\"inLanguage\":\"en-US\",\"@id\":\"https:\\\/\\\/kosovatimes.info\\\/index.php\\\/2026\\\/09\\\/05\\\/rothse-kisha-menduar-kurre-se-krimineli-mlladiq-do-te-merrte-nderime-ne-beograd\\\/#primaryimage\",\"url\":\"https:\\\/\\\/kosovatimes.info\\\/wp-content\\\/uploads\\\/2026\\\/09\\\/roth.jpg\",\"contentUrl\":\"https:\\\/\\\/kosovatimes.info\\\/wp-content\\\/uploads\\\/2026\\\/09\\\/roth.jpg\",\"width\":780,\"height\":500},{\"@type\":\"BreadcrumbList\",\"@id\":\"https:\\\/\\\/kosovatimes.info\\\/index.php\\\/2026\\\/09\\\/05\\\/rothse-kisha-menduar-kurre-se-krimineli-mlladiq-do-te-merrte-nderime-ne-beograd\\\/#breadcrumb\",\"itemListElement\":[{\"@type\":\"ListItem\",\"position\":1,\"name\":\"Home\",\"item\":\"https:\\\/\\\/kosovatimes.info\\\/\"},{\"@type\":\"ListItem\",\"position\":2,\"name\":\"Roth:Se kisha menduar kurr\u00eb se krimineli Mlladiq do t\u00eb merrte nderime n\u00eb Beograd\"}]},{\"@type\":\"WebSite\",\"@id\":\"https:\\\/\\\/kosovatimes.info\\\/#website\",\"url\":\"https:\\\/\\\/kosovatimes.info\\\/\",\"name\":\"Kosova Times\",\"description\":\"\",\"potentialAction\":[{\"@type\":\"SearchAction\",\"target\":{\"@type\":\"EntryPoint\",\"urlTemplate\":\"https:\\\/\\\/kosovatimes.info\\\/?s={search_term_string}\"},\"query-input\":{\"@type\":\"PropertyValueSpecification\",\"valueRequired\":true,\"valueName\":\"search_term_string\"}}],\"inLanguage\":\"en-US\"},{\"@type\":\"Person\",\"@id\":\"https:\\\/\\\/kosovatimes.info\\\/#\\\/schema\\\/person\\\/7586712b9c512fe68085de007378c915\",\"name\":\"i l\",\"image\":{\"@type\":\"ImageObject\",\"inLanguage\":\"en-US\",\"@id\":\"https:\\\/\\\/secure.gravatar.com\\\/avatar\\\/bad9296e02816160ae2e2435beda58222022298d5625d49fea74d18816fbb31d?s=96&d=mm&r=g\",\"url\":\"https:\\\/\\\/secure.gravatar.com\\\/avatar\\\/bad9296e02816160ae2e2435beda58222022298d5625d49fea74d18816fbb31d?s=96&d=mm&r=g\",\"contentUrl\":\"https:\\\/\\\/secure.gravatar.com\\\/avatar\\\/bad9296e02816160ae2e2435beda58222022298d5625d49fea74d18816fbb31d?s=96&d=mm&r=g\",\"caption\":\"i l\"},\"url\":\"https:\\\/\\\/kosovatimes.info\\\/index.php\\\/author\\\/iliri\\\/\"}]}<\/script>\n<!-- \/ Yoast SEO plugin. -->","yoast_head_json":{"title":"Roth:Se kisha menduar kurr\u00eb se krimineli Mlladiq do t\u00eb merrte nderime n\u00eb Beograd - Kosova Times","robots":{"index":"index","follow":"follow","max-snippet":"max-snippet:-1","max-image-preview":"max-image-preview:large","max-video-preview":"max-video-preview:-1"},"canonical":"https:\/\/kosovatimes.info\/index.php\/2026\/09\/05\/rothse-kisha-menduar-kurre-se-krimineli-mlladiq-do-te-merrte-nderime-ne-beograd\/","og_locale":"en_US","og_type":"article","og_title":"Roth:Se kisha menduar kurr\u00eb se krimineli Mlladiq do t\u00eb merrte nderime n\u00eb Beograd - Kosova Times","og_description":"Ish-ministri gjerman p\u00ebr Evrop\u00ebn, Michael Roth, ka reaguar ndaj vendimit t\u00eb autoriteteve n\u00eb Serbi p\u00ebr t\u2019i dh\u00ebn\u00eb nderime shtet\u00ebrore ish-komandantit t\u00eb Ushtris\u00eb s\u00eb Republika Srpska, Ratko Mlladiq, i d\u00ebnuar p\u00ebr gjenocid dhe krime lufte. N\u00eb nj\u00eb postim n\u00eb rrjetin social X, Roth ka kritikuar Serbin\u00eb p\u00ebr glorifikimin e kriminelit t\u00eb luft\u00ebs. \u201cNuk e kisha menduar [&hellip;]","og_url":"https:\/\/kosovatimes.info\/index.php\/2026\/09\/05\/rothse-kisha-menduar-kurre-se-krimineli-mlladiq-do-te-merrte-nderime-ne-beograd\/","og_site_name":"Kosova Times","article_published_time":"2026-09-05T08:31:00+00:00","article_modified_time":"2026-09-05T09:56:34+00:00","og_image":[{"width":780,"height":500,"url":"https:\/\/kosovatimes.info\/wp-content\/uploads\/2026\/09\/roth.jpg","type":"image\/jpeg"}],"author":"i l","twitter_card":"summary_large_image","twitter_misc":{"Written by":"i l","Est. reading time":"1 minute"},"schema":{"@context":"https:\/\/schema.org","@graph":[{"@type":"Article","@id":"https:\/\/kosovatimes.info\/index.php\/2026\/09\/05\/rothse-kisha-menduar-kurre-se-krimineli-mlladiq-do-te-merrte-nderime-ne-beograd\/#article","isPartOf":{"@id":"https:\/\/kosovatimes.info\/index.php\/2026\/09\/05\/rothse-kisha-menduar-kurre-se-krimineli-mlladiq-do-te-merrte-nderime-ne-beograd\/"},"author":{"name":"i l","@id":"https:\/\/kosovatimes.info\/#\/schema\/person\/7586712b9c512fe68085de007378c915"},"headline":"Roth:Se kisha menduar kurr\u00eb se krimineli Mlladiq do t\u00eb merrte nderime n\u00eb Beograd","datePublished":"2026-09-05T08:31:00+00:00","dateModified":"2026-09-05T09:56:34+00:00","mainEntityOfPage":{"@id":"https:\/\/kosovatimes.info\/index.php\/2026\/09\/05\/rothse-kisha-menduar-kurre-se-krimineli-mlladiq-do-te-merrte-nderime-ne-beograd\/"},"wordCount":149,"commentCount":0,"image":{"@id":"https:\/\/kosovatimes.info\/index.php\/2026\/09\/05\/rothse-kisha-menduar-kurre-se-krimineli-mlladiq-do-te-merrte-nderime-ne-beograd\/#primaryimage"},"thumbnailUrl":"https:\/\/kosovatimes.info\/wp-content\/uploads\/2026\/09\/roth.jpg","articleSection":["Lajme","Rajon"],"inLanguage":"en-US","potentialAction":[{"@type":"CommentAction","name":"Comment","target":["https:\/\/kosovatimes.info\/index.php\/2026\/09\/05\/rothse-kisha-menduar-kurre-se-krimineli-mlladiq-do-te-merrte-nderime-ne-beograd\/#respond"]}]},{"@type":"WebPage","@id":"https:\/\/kosovatimes.info\/index.php\/2026\/09\/05\/rothse-kisha-menduar-kurre-se-krimineli-mlladiq-do-te-merrte-nderime-ne-beograd\/","url":"https:\/\/kosovatimes.info\/index.php\/2026\/09\/05\/rothse-kisha-menduar-kurre-se-krimineli-mlladiq-do-te-merrte-nderime-ne-beograd\/","name":"Roth:Se kisha menduar kurr\u00eb se krimineli Mlladiq do t\u00eb merrte nderime n\u00eb Beograd - Kosova Times","isPartOf":{"@id":"https:\/\/kosovatimes.info\/#website"},"primaryImageOfPage":{"@id":"https:\/\/kosovatimes.info\/index.php\/2026\/09\/05\/rothse-kisha-menduar-kurre-se-krimineli-mlladiq-do-te-merrte-nderime-ne-beograd\/#primaryimage"},"image":{"@id":"https:\/\/kosovatimes.info\/index.php\/2026\/09\/05\/rothse-kisha-menduar-kurre-se-krimineli-mlladiq-do-te-merrte-nderime-ne-beograd\/#primaryimage"},"thumbnailUrl":"https:\/\/kosovatimes.info\/wp-content\/uploads\/2026\/09\/roth.jpg","datePublished":"2026-09-05T08:31:00+00:00","dateModified":"2026-09-05T09:56:34+00:00","author":{"@id":"https:\/\/kosovatimes.info\/#\/schema\/person\/7586712b9c512fe68085de007378c915"},"breadcrumb":{"@id":"https:\/\/kosovatimes.info\/index.php\/2026\/09\/05\/rothse-kisha-menduar-kurre-se-krimineli-mlladiq-do-te-merrte-nderime-ne-beograd\/#breadcrumb"},"inLanguage":"en-US","potentialAction":[{"@type":"ReadAction","target":["https:\/\/kosovatimes.info\/index.php\/2026\/09\/05\/rothse-kisha-menduar-kurre-se-krimineli-mlladiq-do-te-merrte-nderime-ne-beograd\/"]}]},{"@type":"ImageObject","inLanguage":"en-US","@id":"https:\/\/kosovatimes.info\/index.php\/2026\/09\/05\/rothse-kisha-menduar-kurre-se-krimineli-mlladiq-do-te-merrte-nderime-ne-beograd\/#primaryimage","url":"https:\/\/kosovatimes.info\/wp-content\/uploads\/2026\/09\/roth.jpg","contentUrl":"https:\/\/kosovatimes.info\/wp-content\/uploads\/2026\/09\/roth.jpg","width":780,"height":500},{"@type":"BreadcrumbList","@id":"https:\/\/kosovatimes.info\/index.php\/2026\/09\/05\/rothse-kisha-menduar-kurre-se-krimineli-mlladiq-do-te-merrte-nderime-ne-beograd\/#breadcrumb","itemListElement":[{"@type":"ListItem","position":1,"name":"Home","item":"https:\/\/kosovatimes.info\/"},{"@type":"ListItem","position":2,"name":"Roth:Se kisha menduar kurr\u00eb se krimineli Mlladiq do t\u00eb merrte nderime n\u00eb Beograd"}]},{"@type":"WebSite","@id":"https:\/\/kosovatimes.info\/#website","url":"https:\/\/kosovatimes.info\/","name":"Kosova Times","description":"","potentialAction":[{"@type":"SearchAction","target":{"@type":"EntryPoint","urlTemplate":"https:\/\/kosovatimes.info\/?s={search_term_string}"},"query-input":{"@type":"PropertyValueSpecification","valueRequired":true,"valueName":"search_term_string"}}],"inLanguage":"en-US"},{"@type":"Person","@id":"https:\/\/kosovatimes.info\/#\/schema\/person\/7586712b9c512fe68085de007378c915","name":"i l","image":{"@type":"ImageObject","inLanguage":"en-US","@id":"https:\/\/secure.gravatar.com\/avatar\/bad9296e02816160ae2e2435beda58222022298d5625d49fea74d18816fbb31d?s=96&d=mm&r=g","url":"https:\/\/secure.gravatar.com\/avatar\/bad9296e02816160ae2e2435beda58222022298d5625d49fea74d18816fbb31d?s=96&d=mm&r=g","contentUrl":"https:\/\/secure.gravatar.com\/avatar\/bad9296e02816160ae2e2435beda58222022298d5625d49fea74d18816fbb31d?s=96&d=mm&r=g","caption":"i l"},"url":"https:\/\/kosovatimes.info\/index.php\/author\/iliri\/"}]}},"_links":{"self":[{"href":"https:\/\/kosovatimes.info\/index.php\/wp-json\/wp\/v2\/posts\/31011","targetHints":{"allow":["GET"]}}],"collection":[{"href":"https:\/\/kosovatimes.info\/index.php\/wp-json\/wp\/v2\/posts"}],"about":[{"href":"https:\/\/kosovatimes.info\/index.php\/wp-json\/wp\/v2\/types\/post"}],"author":[{"embeddable":true,"href":"https:\/\/kosovatimes.info\/index.php\/wp-json\/wp\/v2\/users\/4"}],"replies":[{"embeddable":true,"href":"https:\/\/kosovatimes.info\/index.php\/wp-json\/wp\/v2\/comments?post=31011"}],"version-history":[{"count":1,"href":"https:\/\/kosovatimes.info\/index.php\/wp-json\/wp\/v2\/posts\/31011\/revisions"}],"predecessor-version":[{"id":31013,"href":"https:\/\/kosovatimes.info\/index.php\/wp-json\/wp\/v2\/posts\/31011\/revisions\/31013"}],"wp:featuredmedia":[{"embeddable":true,"href":"https:\/\/kosovatimes.info\/index.php\/wp-json\/wp\/v2\/media\/31012"}],"wp:attachment":[{"href":"https:\/\/kosovatimes.info\/index.php\/wp-json\/wp\/v2\/media?parent=31011"}],"wp:term":[{"taxonomy":"category","embeddable":true,"href":"https:\/\/kosovatimes.info\/index.php\/wp-json\/wp\/v2\/categories?post=31011"},{"taxonomy":"post_tag","embeddable":true,"href":"https:\/\/kosovatimes.info\/index.php\/wp-json\/wp\/v2\/tags?post=31011"}],"curies":[{"name":"wp","href":"https:\/\/api.w.org\/{rel}","templated":true}]}}