{"id":31037,"date":"2026-09-05T12:32:06","date_gmt":"2026-09-05T10:32:06","guid":{"rendered":"https:\/\/kosovatimes.info\/?p=31037"},"modified":"2026-09-05T12:32:15","modified_gmt":"2026-09-05T10:32:15","slug":"regjimi-tregon-se-qendron-pas-gjithckaje-qe-beri-ratko-mladiq-duke-e-percjelle-gjeneralin-e-denuar-me-nderime-shteterore","status":"publish","type":"post","link":"https:\/\/kosovatimes.info\/index.php\/2026\/09\/05\/regjimi-tregon-se-qendron-pas-gjithckaje-qe-beri-ratko-mladiq-duke-e-percjelle-gjeneralin-e-denuar-me-nderime-shteterore\/","title":{"rendered":"&#8220;Regjimi tregon se q\u00ebndron pas gjith\u00e7kaje q\u00eb b\u00ebri Ratko Mladiq&#8221;: Duke e p\u00ebrcjell\u00eb gjeneralin e d\u00ebnuar me nderime shtet\u00ebrore"},"content":{"rendered":"\n<ul class=\"wp-block-list\">\n<li><a href=\"https:\/\/www.danas.rs\/vesti\/drustvo\/ratko-mladic\/\"><\/a><\/li>\n\n\n\n<li><a href=\"https:\/\/www.danas.rs\/vesti\/drustvo\/ratko-mladic\/\"><\/a><\/li>\n\n\n\n<li><a href=\"https:\/\/www.danas.rs\/vesti\/drustvo\/ratko-mladic\/\"><\/a><\/li>\n\n\n\n<li><a href=\"whatsapp:\/\/send?text=https%3A%2F%2Fwww.danas.rs%2Fvesti%2Fdrustvo%2Fratko-mladic%2F\"><\/a><\/li>\n\n\n\n<li><a href=\"viber:\/\/forward?text=https%3A%2F%2Fwww.danas.rs%2Fvesti%2Fdrustvo%2Fratko-mladic%2F\"><\/a><\/li>\n<\/ul>\n\n\n\n<p class=\"wp-block-paragraph\">Dhe nd\u00ebrsa shumica e publikut vendas dhe t\u00eb huaj d\u00ebnon veprimet e shtetit serb ndaj imazhit dhe veprave t\u00eb Ratko Mladi\u0107-it, ish-komandantit t\u00eb Ushtris\u00eb s\u00eb Republik\u00ebs Srpska, i cili u d\u00ebnua ligj\u00ebrisht p\u00ebr gjenocid, krime kund\u00ebr njer\u00ebzimit dhe krime lufte, autoritetet n\u00eb Serbi, pas vdekjes s\u00eb tij n\u00eb Hag\u00eb, e presin trupin e tij me nderimet m\u00eb t\u00eb larta shtet\u00ebrore dhe e lavd\u00ebrojn\u00eb si hero.<\/p>\n\n\n\n<p class=\"wp-block-paragraph\">Arkivoli me eshtrat e tij, i mb\u00ebshtjell\u00eb me nj\u00eb flamur, mb\u00ebrriti n\u00eb Beograd t\u00eb enjten me nj\u00eb aeroplan t\u00eb Ushtris\u00eb Serbe, ku u prit nga an\u00ebtar\u00eb t\u00eb Ushtris\u00eb Serbe, dhe trupi u d\u00ebrgua m\u00eb pas n\u00eb Akademin\u00eb Mjek\u00ebsore Ushtarake p\u00ebr nj\u00eb autopsi.<\/p>\n\n\n\n<p class=\"wp-block-paragraph\">Djali i Ratko Mladi\u00e7it, Darko Mladi\u00e7, deklaroi n\u00eb nj\u00eb konferenc\u00eb p\u00ebr shtyp se&nbsp;<a href=\"https:\/\/www.danas.rs\/vesti\/drustvo\/darko-mladic-ratko-mladic\/\" target=\"_blank\" rel=\"noopener\"><strong>babai i tij u vra n\u00eb Tribunalin e Hag\u00ebs<\/strong>&nbsp;<\/a>nga trajtimi neglizhent dhe administrimi i opiateve. Ai tha se Presidenti Aleksandar Vu\u00e7i\u00e7 dhe familja e tij i shpreh\u00ebn ngush\u00ebllimet dhe e fal\u00ebnderuan p\u00ebr ndihm\u00ebn q\u00eb Mladi\u00e7 mori nga shteti.<\/p>\n\n\n\n<blockquote class=\"wp-block-quote is-layout-flow wp-block-quote-is-layout-flow\">\n<h2 class=\"wp-block-heading\"><strong>&#8220;Vu\u00e7i\u00e7 do t\u00eb donte t\u00eb organizonte nj\u00eb funeral t\u00eb v\u00ebrtet\u00eb shtet\u00ebror, por nuk di si&#8221;<\/strong><\/h2>\n<\/blockquote>\n\n\n\n<p class=\"wp-block-paragraph\">Duke komentuar p\u00ebrfshirjen e qeveris\u00eb n\u00eb funeralin e Ratko Mladi\u0107-it, Aleksandar Olenik, avokat dhe n\u00ebnkryetar i Lidhjes s\u00eb Social Demokrat\u00ebve t\u00eb Vojvodin\u00ebs, thot\u00eb se Vu\u00e7i\u00e7, si \u00e7do radikal, do t\u00eb preferonte t\u00eb organizonte nj\u00eb funeral t\u00eb v\u00ebrtet\u00eb, plot\u00ebsisht shtet\u00ebror, por ai nuk e di, dhe n\u00eb t\u00eb nj\u00ebjt\u00ebn koh\u00eb, nuk ka guximin t\u00eb organizoj\u00eb vet\u00ebm nj\u00eb funeral privat, dometh\u00ebn\u00eb q\u00eb familja ta b\u00ebj\u00eb.<\/p>\n\n\n\n<figure class=\"wp-block-image is-resized\" id=\"attachment_2738257\"><img decoding=\"async\" src=\"https:\/\/www.danas.rs\/wp-content\/uploads\/2023\/09\/0302foto-FoNet-Aleksandar-Olenik-e1703756543495.jpg.webp\" alt=\"&quot;Regjimi tregon se q\u00ebndron pas gjith\u00e7kaje q\u00eb b\u00ebri Ratko Mladi\u0107&quot;: P\u00ebrcjellja e gjeneralit t\u00eb d\u00ebnuar me nderime shtet\u00ebrore 2\" class=\"wp-image-2738257\" style=\"aspect-ratio:1.7751479289940828;width:1500px;height:auto\" title=\"&quot;Regjimi tregon se q\u00ebndron pas gjith\u00e7kaje q\u00eb b\u00ebri Ratko Mladi\u0107&quot;: P\u00ebrcjellja e gjeneralit t\u00eb d\u00ebnuar me nderime shtet\u00ebrore 2\"\/><figcaption class=\"wp-element-caption\">Foto FoNet Milica Vu\u00e7kovi\u0107<\/figcaption><\/figure>\n\n\n\n<p class=\"wp-block-paragraph\">&#8220;Kjo \u00ebsht\u00eb arsyeja pse ata do t&#8217;i p\u00ebrziejn\u00eb t\u00eb dyja, dhe kjo \u00ebsht\u00eb p\u00ebraf\u00ebrsisht fakti q\u00eb trupi i Mlladi\u00e7it do t\u00eb ekspozohet n\u00eb kish\u00eb, ku qytetar\u00ebt do t\u00eb jen\u00eb n\u00eb gjendje t\u00eb thon\u00eb lamtumir\u00eb, dhe se ai (Vu\u00e7i\u00e7) do t&#8217;i th\u00ebrras\u00eb votuesit e tij. Pra, ai do t&#8217;i mashtroj\u00eb ata q\u00eb jan\u00eb n\u00eb favor t\u00eb nj\u00eb funerali shtet\u00ebror, se \u00ebsht\u00eb nj\u00eb funeral shtet\u00ebror, dhe n\u00eb t\u00eb nj\u00ebjt\u00ebn koh\u00eb, ai do t&#8217;i mashtroj\u00eb ata q\u00eb mendojn\u00eb se duhet t\u00eb jet\u00eb nj\u00eb funeral privat, duke u th\u00ebn\u00eb atyre se \u00ebsht\u00eb ende privat, sepse shteti nuk \u00ebsht\u00eb i p\u00ebrfshir\u00eb mjaftuesh\u00ebm.&#8221; N\u00eb thelb, ai b\u00ebn at\u00eb q\u00eb b\u00ebn gjithmon\u00eb &#8211; mendon nj\u00eb gj\u00eb, thot\u00eb nj\u00eb tjet\u00ebr, dhe t\u00eb tret\u00ebn e b\u00ebn dhe i mashtron t\u00eb gjitha pal\u00ebt me t\u00eb cilat bie dakord ose negocion&#8221;, vler\u00ebson bashk\u00ebbiseduesi yn\u00eb.<\/p>\n\n\n\n<p class=\"wp-block-paragraph\">Oleniku tregon se nj\u00eb pjes\u00eb ve\u00e7an\u00ebrisht e r\u00ebnd\u00ebsishme \u00ebsht\u00eb pjes\u00ebmarrja e njer\u00ebzve t\u00eb uniformuar (ushtri, polici, xhandarm\u00ebri) n\u00eb k\u00ebt\u00eb ceremoni.<\/p>\n\n\n\n<p class=\"wp-block-paragraph\">\u201cDuhet th\u00ebn\u00eb se krimet p\u00ebr t\u00eb cilat u d\u00ebnua i ndjeri Ratko Mladi\u0107 u kryen n\u00ebn at\u00eb uniform\u00eb dhe se ata q\u00eb tani po e p\u00ebrsh\u00ebndesin at\u00eb me uniform\u00eb p\u00ebr at\u00eb q\u00eb b\u00ebn\u00eb n\u00eb rajon (shkopinj, gaz lotsjell\u00ebs, arm\u00eb zanore, burgosje, rrahje) tani po na e b\u00ebjn\u00eb neve, qytetar\u00ebve t\u00eb Republik\u00ebs s\u00eb Serbis\u00eb, sepse nuk mund ta b\u00ebjn\u00eb m\u00eb k\u00ebt\u00eb n\u00eb rajon. K\u00ebta element\u00eb q\u00eb ekzistojn\u00eb tashm\u00eb p\u00ebr t\u00eb ashtuquajturin funeral shtet\u00ebror jan\u00eb n\u00eb konkurrenc\u00eb t\u00eb madhe me aktet m\u00eb t\u00eb paturpshme q\u00eb Vu\u00e7i\u00e7 ka b\u00ebr\u00eb deri m\u00eb tani nd\u00ebrsa ishte autoritet\u201d, p\u00ebrfundon ai.<\/p>\n\n\n\n<h2 class=\"wp-block-heading\"><strong>&#8220;Pasojat p\u00ebr brezat e ardhsh\u00ebm&#8221;<\/strong><\/h2>\n\n\n\n<p class=\"wp-block-paragraph\">Aleksandar Popov, drejtor i Qendr\u00ebs p\u00ebr Rajonaliz\u00ebm dhe bashk\u00ebthemelues i Iniciativ\u00ebs Igman, i thot\u00eb Danas se me pjes\u00ebmarrjen e shtetit n\u00eb ceremonin\u00eb e varrimit t\u00eb Ratko Mladi\u0107-it, ky regjim tregon se q\u00ebndron pas gjith\u00e7kaje q\u00eb b\u00ebri Ratko Mladi\u0107 gjat\u00eb luft\u00ebs n\u00eb Bosnj\u00eb dhe Hercegovin\u00eb, si dhe pas trupave t\u00eb tij. Ky lloj veprimi qeveritar, si\u00e7 thot\u00eb ai, \u00ebsht\u00eb nj\u00eb plan shum\u00eb transparent, por do t\u00eb ket\u00eb pasoja t\u00eb brendshme dhe t\u00eb jashtme.<\/p>\n\n\n\n<figure class=\"wp-block-image is-resized\" id=\"attachment_2597062\"><img decoding=\"async\" src=\"https:\/\/www.danas.rs\/wp-content\/uploads\/2023\/05\/0301foto-FoNet-Aleksandar-Mijailovic-e1767892808583.jpg\" alt=\"&quot;Regjimi tregon se q\u00ebndron pas gjith\u00e7kaje q\u00eb b\u00ebri Ratko Mladi\u0107&quot;: P\u00ebrcjellja e gjeneralit t\u00eb d\u00ebnuar me nderime shtet\u00ebrore 3\" class=\"wp-image-2597062\" style=\"aspect-ratio:1.7771639042357275;width:965px;height:auto\" title=\"&quot;Regjimi tregon se q\u00ebndron pas gjith\u00e7kaje q\u00eb b\u00ebri Ratko Mladi\u0107&quot;: P\u00ebrcjellja e gjeneralit t\u00eb d\u00ebnuar me nderime shtet\u00ebrore 3\"\/><figcaption class=\"wp-element-caption\">Aleksandar popov Foto: FoNet\/Aleksandar Mijailovi\u0107<\/figcaption><\/figure>\n\n\n\n<p class=\"wp-block-paragraph\">&#8220;\u00cbsht\u00eb indoktrinimi i t\u00eb rinjve, t\u00eb cil\u00ebt nuk kan\u00eb p\u00ebrvoj\u00eb t\u00eb mjaftueshme politike dhe jet\u00ebsore p\u00ebr ta par\u00eb Ratko Mladi\u00e7in si hero, pasi mund t\u00eb shohim grafite dhe murale me Ratko Mladi\u00e7in t\u00eb pikturuara kudo n\u00eb qytetet tona. Kjo do t\u00eb l\u00ebr\u00eb pasoja p\u00ebr brezat e ardhsh\u00ebm, sepse ata do t\u00eb trash\u00ebgojn\u00eb nj\u00eb narrativ\u00eb t\u00eb till\u00eb p\u00ebr natyr\u00ebn e luft\u00ebs gjat\u00eb viteve &#8217;90 dhe se si vet\u00ebm tan\u00ebt ishin heronj, jo kriminel\u00eb, dhe se vet\u00ebm t\u00eb tjer\u00ebt kryen krime. Nga ana tjet\u00ebr, n\u00ebse shkojm\u00eb n\u00eb zgjedhje, dhe ndoshta do t\u00eb shkojm\u00eb, midis atyre q\u00eb jan\u00eb kund\u00ebrshtar\u00eb t\u00eb regjimit, ka edhe shum\u00eb njer\u00ebz q\u00eb tashm\u00eb jan\u00eb indoktrinuar n\u00eb nacionaliz\u00ebm dhe q\u00eb disi e kan\u00eb pranuar tashm\u00eb nj\u00eb narrativ\u00eb t\u00eb till\u00eb p\u00ebr natyr\u00ebn e luft\u00ebs dhe rolin e Serbis\u00eb n\u00eb luft\u00ebra, k\u00ebshtu q\u00eb nderimi i trupit t\u00eb ekspozuar t\u00eb Ratko Mladi\u00e7it, n\u00eb t\u00eb cilin mund t\u00eb marrin pjes\u00eb edhe kund\u00ebrshtar\u00ebt e regjimit, mund t\u00eb shkaktoj\u00eb hezitim. Sepse, shikoni, kjo qeveri tregon kapacitete patriotike, mbron heronjt\u00eb tan\u00eb, u jep atyre nderime shtet\u00ebrore&#8230;&#8221; thot\u00eb bashk\u00ebbiseduesi yn\u00eb.<\/p>\n\n\n\n<p class=\"wp-block-paragraph\">Ai thekson gjithashtu se autoritetet tona duhet t\u00eb jen\u00eb t\u00eb shqet\u00ebsuara edhe p\u00ebr faktorin nd\u00ebrkomb\u00ebtar, por se ata &#8220;padyshim injoruan \u00e7do paralajm\u00ebrim dhe qortim nga Brukseli&#8221;.<\/p>\n\n\n\n<p class=\"wp-block-paragraph\">&#8220;Mos u shqet\u00ebsoni p\u00ebr faktin se pati nj\u00eb mesazh nga Brukseli se nj\u00eb sjellje e till\u00eb e autoriteteve nuk \u00ebsht\u00eb e d\u00ebshirueshme p\u00ebr nj\u00eb vend q\u00eb aspiron t\u00eb hyj\u00eb n\u00eb Bashkimin Evropian, por mendoj se autoritetet tona i kan\u00eb injoruar mesazhe t\u00eb tilla deri m\u00eb tani me t\u00eb gjitha pasojat e mundshme, nga moshapja e grupit t\u00eb tret\u00eb dhe mund\u00ebsia e mohimit t\u00eb fondeve nga plani i zhvillimit. Megjithat\u00eb, paralajm\u00ebrimet disi kaluan pa sanksione serioze, k\u00ebshtu q\u00eb mor\u00ebm fonde dhe Vu\u00e7i\u00e7 luajti n\u00eb at\u00eb kart\u00eb&#8221;, shton Popov.<\/p>\n\n\n\n<p class=\"wp-block-paragraph\">Kjo situat\u00eb, thot\u00eb Popov, mund t\u00eb jet\u00eb shum\u00eb e keqe p\u00ebr brezat e ardhsh\u00ebm n\u00eb Serbi, t\u00eb cil\u00ebt po indoktrinohen n\u00eb k\u00ebt\u00eb m\u00ebnyr\u00eb p\u00ebr disa luft\u00ebra t\u00eb ardhshme, dhe kjo nuk \u00ebsht\u00eb e mir\u00eb as n\u00eb kontekstin e marr\u00ebdh\u00ebnieve rajonale.<\/p>\n\n\n\n<p class=\"wp-block-paragraph\">&#8220;N\u00eb vend q\u00eb t\u00eb kultivojm\u00eb marr\u00ebdh\u00ebnie t\u00eb fqinj\u00ebsis\u00eb s\u00eb mir\u00eb, me k\u00ebt\u00eb lloj sjelljeje, si dhe me disa gj\u00ebra t\u00eb tjera q\u00eb b\u00ebjm\u00eb p\u00ebrmes konceptit t\u00eb &#8220;bot\u00ebs serbe&#8221;, ne po b\u00ebjm\u00eb krejt t\u00eb kund\u00ebrt\u00ebn. Serbia po d\u00ebshmohet t\u00eb jet\u00eb nj\u00eb faktor paq\u00ebndrueshm\u00ebrie, jo nj\u00eb faktor stabiliteti&#8221;, beson ai.<\/p>\n\n\n\n<p class=\"wp-block-paragraph\">Ju kujtojm\u00eb se Gjenerali i Ushtris\u00eb s\u00eb Republik\u00ebs Serbe, Ratko Mladi\u0107, i cili u d\u00ebnua n\u00eb Hag\u00eb, vdiq n\u00eb mosh\u00ebn 85 vje\u00e7 m\u00eb 27 gusht n\u00eb paraburgim t\u00eb Mekanizmit Nd\u00ebrkomb\u00ebtar t\u00eb Mbetur p\u00ebr Gjykatat Penale, ku ai po vuante nj\u00eb d\u00ebnim me burgim t\u00eb p\u00ebrjetsh\u00ebm p\u00ebr krimet e kryera gjat\u00eb luft\u00ebs s\u00eb viteve 1992-1995 n\u00eb Bosnj\u00eb dhe Hercegovin\u00eb.<\/p>\n\n\n\n<p class=\"wp-block-paragraph\">Gjat\u00eb dy viteve t\u00eb fundit, ai \u00ebsht\u00eb p\u00ebrpjekur t\u00eb marr\u00eb nj\u00eb lirim nga spitali, pasi sh\u00ebndeti i tij ishte n\u00eb rrezik dhe ai kishte p\u00ebsuar disa goditje n\u00eb tru. Me sugjerimin e familjes, autoritetet n\u00eb Serbi k\u00ebrkuan q\u00eb Mladi\u00e7it t&#8217;i jepej trajtim n\u00eb Serbi, por presidentja e Mekanizmit Nd\u00ebrkomb\u00ebtar t\u00eb Mbetjeve, Graciela Gati Santane, e hodhi posht\u00eb k\u00ebrkes\u00ebn p\u00ebr lirimin me kusht t\u00eb t\u00eb burgosurit t\u00eb Hag\u00ebs, Ratko Mladi\u00e7, p\u00ebr arsye humanitare.<\/p>\n\n\n\n<p class=\"wp-block-paragraph\">&#8220;Lloji i trajtimit q\u00eb ishte i nevojsh\u00ebm p\u00ebr Mlladi\u00e7in nuk mund t\u00eb ofrohej n\u00eb spitalin e burgut. N\u00eb gusht, mjek\u00ebt nga Haga than\u00eb se atij i kishin mbetur edhe dy jav\u00eb. Familja k\u00ebrkoi, dhe shteti e mb\u00ebshteti, nj\u00eb lirim t\u00eb parakohsh\u00ebm p\u00ebr arsye humanitare me nj\u00eb tregues t\u00eb institucionit n\u00eb t\u00eb cilin do t\u00eb trajtohej, por m\u00eb 20 gusht, k\u00ebrkesa jon\u00eb u refuzua&#8221;, tha Ministri i Drejt\u00ebsis\u00eb Nenad Vujic, n\u00eb nj\u00eb konferenc\u00eb kushtuar ngjarjeve t\u00eb vdekjes s\u00eb Ratko Mlladi\u00e7it.<\/p>\n\n\n\n<p class=\"wp-block-paragraph\">Si\u00e7 \u00ebsht\u00eb njoftuar, p\u00ebrkujtimi i vdekjes s\u00eb ish-gjeneralit t\u00eb Ushtris\u00eb s\u00eb Republik\u00ebs Srpska, Ratko Mladi\u0107, i cili vdiq n\u00eb Hag\u00eb, ku vuante d\u00ebnimin me burgim t\u00eb p\u00ebrjetsh\u00ebm p\u00ebr gjenocid dhe krime t\u00eb tjera lufte, do t\u00eb mbahet t\u00eb shtun\u00ebn, m\u00eb 5 shtator, n\u00eb Sht\u00ebpin\u00eb e Ushtris\u00eb n\u00eb Beograd. T\u00eb h\u00ebn\u00ebn, m\u00eb 7 shtator, trupi i tij do t\u00eb ekspozohet n\u00eb Kish\u00ebn e Sh\u00ebn Luk\u00ebs n\u00eb \u00c7ukarica, ku qytetar\u00ebt do t\u00eb jen\u00eb n\u00eb gjendje t\u00eb b\u00ebjn\u00eb homazhet e tyre nga ora 9:00 deri n\u00eb 12:30, pas s\u00eb cil\u00ebs Mladi\u0107 do t\u00eb varroset n\u00eb varrezat e Top\u00e7iderit.<\/p>\n\n\n\n<p class=\"wp-block-paragraph\"><strong>Mospjes\u00ebmarrja e Vu\u00e7i\u00e7it n\u00eb funeral, &#8220;p\u00ebrpjekje jo bind\u00ebse p\u00ebr t\u00eb kontrolluar d\u00ebmet&#8221;<\/strong><\/p>\n\n\n\n<p class=\"wp-block-paragraph\">I pyetur p\u00ebr t\u00eb komentuar faktin&nbsp;<a href=\"https:\/\/www.danas.rs\/vesti\/politika\/vucic-nis-sns\/\" target=\"_blank\" rel=\"noopener\"><strong>se Presidenti i Serbis\u00eb, Aleksandar Vu\u00e7i\u00e7, nuk do t\u00eb jet\u00eb n\u00eb funeralin e Ratko Mladi\u00e7<\/strong><\/a>&nbsp;, sepse Presidenti i Uzbekistanit po vjen n\u00eb Beograd, vizita e t\u00eb cilit, sipas Vu\u00e7i\u00e7, ishte njoftuar disa muaj m\u00eb par\u00eb, Popov thot\u00eb se kjo \u00ebsht\u00eb nj\u00eb &#8220;p\u00ebrpjekje jo bind\u00ebse p\u00ebr t\u00eb kontrolluar d\u00ebmet&#8221;.<\/p>\n\n\n\n<p class=\"wp-block-paragraph\">&#8220;N\u00ebse ai do t\u00eb jet\u00eb apo jo n\u00eb funeralin e Ratko Mladi\u0107-it b\u00ebhet krejt\u00ebsisht e par\u00ebnd\u00ebsishme, sepse shteti q\u00ebndroi pas k\u00ebtij funerali me kapacitet t\u00eb plot\u00eb, prandaj q\u00ebndroi edhe pas Ratko Mladi\u0107-it. Dhe kush do t\u00eb jet\u00eb n\u00eb funeral tani, sipas mendimit tim, nuk ka fare r\u00ebnd\u00ebsi&#8221;, vler\u00ebson Popov.<\/p>\n","protected":false},"excerpt":{"rendered":"<p>Dhe nd\u00ebrsa shumica e publikut vendas dhe t\u00eb huaj d\u00ebnon veprimet e shtetit serb ndaj imazhit dhe veprave t\u00eb Ratko Mladi\u0107-it, ish-komandantit t\u00eb Ushtris\u00eb s\u00eb Republik\u00ebs Srpska, i cili u d\u00ebnua ligj\u00ebrisht p\u00ebr gjenocid, krime kund\u00ebr njer\u00ebzimit dhe krime lufte, autoritetet n\u00eb Serbi, pas vdekjes s\u00eb tij n\u00eb Hag\u00eb, e presin trupin e tij me [&hellip;]<\/p>\n","protected":false},"author":4,"featured_media":31038,"comment_status":"open","ping_status":"open","sticky":false,"template":"","format":"standard","meta":{"footnotes":""},"categories":[30,32],"tags":[],"class_list":["post-31037","post","type-post","status-publish","format-standard","has-post-thumbnail","category-lajme","category-rajon"],"yoast_head":"<!-- This site is optimized with the Yoast SEO plugin v27.4 - https:\/\/yoast.com\/product\/yoast-seo-wordpress\/ -->\n<title>&quot;Regjimi tregon se q\u00ebndron pas gjith\u00e7kaje q\u00eb b\u00ebri Ratko Mladiq&quot;: Duke e p\u00ebrcjell\u00eb gjeneralin e d\u00ebnuar me nderime shtet\u00ebrore - Kosova Times<\/title>\n<meta name=\"robots\" content=\"index, follow, max-snippet:-1, max-image-preview:large, max-video-preview:-1\" \/>\n<link rel=\"canonical\" href=\"https:\/\/kosovatimes.info\/index.php\/2026\/09\/05\/regjimi-tregon-se-qendron-pas-gjithckaje-qe-beri-ratko-mladiq-duke-e-percjelle-gjeneralin-e-denuar-me-nderime-shteterore\/\" \/>\n<meta property=\"og:locale\" content=\"en_US\" \/>\n<meta property=\"og:type\" content=\"article\" \/>\n<meta property=\"og:title\" content=\"&quot;Regjimi tregon se q\u00ebndron pas gjith\u00e7kaje q\u00eb b\u00ebri Ratko Mladiq&quot;: Duke e p\u00ebrcjell\u00eb gjeneralin e d\u00ebnuar me nderime shtet\u00ebrore - Kosova Times\" \/>\n<meta property=\"og:description\" content=\"Dhe nd\u00ebrsa shumica e publikut vendas dhe t\u00eb huaj d\u00ebnon veprimet e shtetit serb ndaj imazhit dhe veprave t\u00eb Ratko Mladi\u0107-it, ish-komandantit t\u00eb Ushtris\u00eb s\u00eb Republik\u00ebs Srpska, i cili u d\u00ebnua ligj\u00ebrisht p\u00ebr gjenocid, krime kund\u00ebr njer\u00ebzimit dhe krime lufte, autoritetet n\u00eb Serbi, pas vdekjes s\u00eb tij n\u00eb Hag\u00eb, e presin trupin e tij me [&hellip;]\" \/>\n<meta property=\"og:url\" content=\"https:\/\/kosovatimes.info\/index.php\/2026\/09\/05\/regjimi-tregon-se-qendron-pas-gjithckaje-qe-beri-ratko-mladiq-duke-e-percjelle-gjeneralin-e-denuar-me-nderime-shteterore\/\" \/>\n<meta property=\"og:site_name\" content=\"Kosova Times\" \/>\n<meta property=\"article:published_time\" content=\"2026-09-05T10:32:06+00:00\" \/>\n<meta property=\"article:modified_time\" content=\"2026-09-05T10:32:15+00:00\" \/>\n<meta property=\"og:image\" content=\"https:\/\/kosovatimes.info\/wp-content\/uploads\/2026\/09\/Mladiq-2.webp\" \/>\n\t<meta property=\"og:image:width\" content=\"1000\" \/>\n\t<meta property=\"og:image:height\" content=\"560\" \/>\n\t<meta property=\"og:image:type\" content=\"image\/webp\" \/>\n<meta name=\"author\" content=\"i l\" \/>\n<meta name=\"twitter:card\" content=\"summary_large_image\" \/>\n<meta name=\"twitter:label1\" content=\"Written by\" \/>\n\t<meta name=\"twitter:data1\" content=\"i l\" \/>\n\t<meta name=\"twitter:label2\" content=\"Est. reading time\" \/>\n\t<meta name=\"twitter:data2\" content=\"7 minutes\" \/>\n<script type=\"application\/ld+json\" class=\"yoast-schema-graph\">{\"@context\":\"https:\\\/\\\/schema.org\",\"@graph\":[{\"@type\":\"Article\",\"@id\":\"https:\\\/\\\/kosovatimes.info\\\/index.php\\\/2026\\\/09\\\/05\\\/regjimi-tregon-se-qendron-pas-gjithckaje-qe-beri-ratko-mladiq-duke-e-percjelle-gjeneralin-e-denuar-me-nderime-shteterore\\\/#article\",\"isPartOf\":{\"@id\":\"https:\\\/\\\/kosovatimes.info\\\/index.php\\\/2026\\\/09\\\/05\\\/regjimi-tregon-se-qendron-pas-gjithckaje-qe-beri-ratko-mladiq-duke-e-percjelle-gjeneralin-e-denuar-me-nderime-shteterore\\\/\"},\"author\":{\"name\":\"i l\",\"@id\":\"https:\\\/\\\/kosovatimes.info\\\/#\\\/schema\\\/person\\\/7586712b9c512fe68085de007378c915\"},\"headline\":\"&#8220;Regjimi tregon se q\u00ebndron pas gjith\u00e7kaje q\u00eb b\u00ebri Ratko Mladiq&#8221;: Duke e p\u00ebrcjell\u00eb gjeneralin e d\u00ebnuar me nderime shtet\u00ebrore\",\"datePublished\":\"2026-09-05T10:32:06+00:00\",\"dateModified\":\"2026-09-05T10:32:15+00:00\",\"mainEntityOfPage\":{\"@id\":\"https:\\\/\\\/kosovatimes.info\\\/index.php\\\/2026\\\/09\\\/05\\\/regjimi-tregon-se-qendron-pas-gjithckaje-qe-beri-ratko-mladiq-duke-e-percjelle-gjeneralin-e-denuar-me-nderime-shteterore\\\/\"},\"wordCount\":1644,\"commentCount\":0,\"image\":{\"@id\":\"https:\\\/\\\/kosovatimes.info\\\/index.php\\\/2026\\\/09\\\/05\\\/regjimi-tregon-se-qendron-pas-gjithckaje-qe-beri-ratko-mladiq-duke-e-percjelle-gjeneralin-e-denuar-me-nderime-shteterore\\\/#primaryimage\"},\"thumbnailUrl\":\"https:\\\/\\\/kosovatimes.info\\\/wp-content\\\/uploads\\\/2026\\\/09\\\/Mladiq-2.webp\",\"articleSection\":[\"Lajme\",\"Rajon\"],\"inLanguage\":\"en-US\",\"potentialAction\":[{\"@type\":\"CommentAction\",\"name\":\"Comment\",\"target\":[\"https:\\\/\\\/kosovatimes.info\\\/index.php\\\/2026\\\/09\\\/05\\\/regjimi-tregon-se-qendron-pas-gjithckaje-qe-beri-ratko-mladiq-duke-e-percjelle-gjeneralin-e-denuar-me-nderime-shteterore\\\/#respond\"]}]},{\"@type\":\"WebPage\",\"@id\":\"https:\\\/\\\/kosovatimes.info\\\/index.php\\\/2026\\\/09\\\/05\\\/regjimi-tregon-se-qendron-pas-gjithckaje-qe-beri-ratko-mladiq-duke-e-percjelle-gjeneralin-e-denuar-me-nderime-shteterore\\\/\",\"url\":\"https:\\\/\\\/kosovatimes.info\\\/index.php\\\/2026\\\/09\\\/05\\\/regjimi-tregon-se-qendron-pas-gjithckaje-qe-beri-ratko-mladiq-duke-e-percjelle-gjeneralin-e-denuar-me-nderime-shteterore\\\/\",\"name\":\"\\\"Regjimi tregon se q\u00ebndron pas gjith\u00e7kaje q\u00eb b\u00ebri Ratko Mladiq\\\": Duke e p\u00ebrcjell\u00eb gjeneralin e d\u00ebnuar me nderime shtet\u00ebrore - Kosova Times\",\"isPartOf\":{\"@id\":\"https:\\\/\\\/kosovatimes.info\\\/#website\"},\"primaryImageOfPage\":{\"@id\":\"https:\\\/\\\/kosovatimes.info\\\/index.php\\\/2026\\\/09\\\/05\\\/regjimi-tregon-se-qendron-pas-gjithckaje-qe-beri-ratko-mladiq-duke-e-percjelle-gjeneralin-e-denuar-me-nderime-shteterore\\\/#primaryimage\"},\"image\":{\"@id\":\"https:\\\/\\\/kosovatimes.info\\\/index.php\\\/2026\\\/09\\\/05\\\/regjimi-tregon-se-qendron-pas-gjithckaje-qe-beri-ratko-mladiq-duke-e-percjelle-gjeneralin-e-denuar-me-nderime-shteterore\\\/#primaryimage\"},\"thumbnailUrl\":\"https:\\\/\\\/kosovatimes.info\\\/wp-content\\\/uploads\\\/2026\\\/09\\\/Mladiq-2.webp\",\"datePublished\":\"2026-09-05T10:32:06+00:00\",\"dateModified\":\"2026-09-05T10:32:15+00:00\",\"author\":{\"@id\":\"https:\\\/\\\/kosovatimes.info\\\/#\\\/schema\\\/person\\\/7586712b9c512fe68085de007378c915\"},\"breadcrumb\":{\"@id\":\"https:\\\/\\\/kosovatimes.info\\\/index.php\\\/2026\\\/09\\\/05\\\/regjimi-tregon-se-qendron-pas-gjithckaje-qe-beri-ratko-mladiq-duke-e-percjelle-gjeneralin-e-denuar-me-nderime-shteterore\\\/#breadcrumb\"},\"inLanguage\":\"en-US\",\"potentialAction\":[{\"@type\":\"ReadAction\",\"target\":[\"https:\\\/\\\/kosovatimes.info\\\/index.php\\\/2026\\\/09\\\/05\\\/regjimi-tregon-se-qendron-pas-gjithckaje-qe-beri-ratko-mladiq-duke-e-percjelle-gjeneralin-e-denuar-me-nderime-shteterore\\\/\"]}]},{\"@type\":\"ImageObject\",\"inLanguage\":\"en-US\",\"@id\":\"https:\\\/\\\/kosovatimes.info\\\/index.php\\\/2026\\\/09\\\/05\\\/regjimi-tregon-se-qendron-pas-gjithckaje-qe-beri-ratko-mladiq-duke-e-percjelle-gjeneralin-e-denuar-me-nderime-shteterore\\\/#primaryimage\",\"url\":\"https:\\\/\\\/kosovatimes.info\\\/wp-content\\\/uploads\\\/2026\\\/09\\\/Mladiq-2.webp\",\"contentUrl\":\"https:\\\/\\\/kosovatimes.info\\\/wp-content\\\/uploads\\\/2026\\\/09\\\/Mladiq-2.webp\",\"width\":1000,\"height\":560},{\"@type\":\"BreadcrumbList\",\"@id\":\"https:\\\/\\\/kosovatimes.info\\\/index.php\\\/2026\\\/09\\\/05\\\/regjimi-tregon-se-qendron-pas-gjithckaje-qe-beri-ratko-mladiq-duke-e-percjelle-gjeneralin-e-denuar-me-nderime-shteterore\\\/#breadcrumb\",\"itemListElement\":[{\"@type\":\"ListItem\",\"position\":1,\"name\":\"Home\",\"item\":\"https:\\\/\\\/kosovatimes.info\\\/\"},{\"@type\":\"ListItem\",\"position\":2,\"name\":\"&#8220;Regjimi tregon se q\u00ebndron pas gjith\u00e7kaje q\u00eb b\u00ebri Ratko Mladiq&#8221;: Duke e p\u00ebrcjell\u00eb gjeneralin e d\u00ebnuar me nderime shtet\u00ebrore\"}]},{\"@type\":\"WebSite\",\"@id\":\"https:\\\/\\\/kosovatimes.info\\\/#website\",\"url\":\"https:\\\/\\\/kosovatimes.info\\\/\",\"name\":\"Kosova Times\",\"description\":\"\",\"potentialAction\":[{\"@type\":\"SearchAction\",\"target\":{\"@type\":\"EntryPoint\",\"urlTemplate\":\"https:\\\/\\\/kosovatimes.info\\\/?s={search_term_string}\"},\"query-input\":{\"@type\":\"PropertyValueSpecification\",\"valueRequired\":true,\"valueName\":\"search_term_string\"}}],\"inLanguage\":\"en-US\"},{\"@type\":\"Person\",\"@id\":\"https:\\\/\\\/kosovatimes.info\\\/#\\\/schema\\\/person\\\/7586712b9c512fe68085de007378c915\",\"name\":\"i l\",\"image\":{\"@type\":\"ImageObject\",\"inLanguage\":\"en-US\",\"@id\":\"https:\\\/\\\/secure.gravatar.com\\\/avatar\\\/bad9296e02816160ae2e2435beda58222022298d5625d49fea74d18816fbb31d?s=96&d=mm&r=g\",\"url\":\"https:\\\/\\\/secure.gravatar.com\\\/avatar\\\/bad9296e02816160ae2e2435beda58222022298d5625d49fea74d18816fbb31d?s=96&d=mm&r=g\",\"contentUrl\":\"https:\\\/\\\/secure.gravatar.com\\\/avatar\\\/bad9296e02816160ae2e2435beda58222022298d5625d49fea74d18816fbb31d?s=96&d=mm&r=g\",\"caption\":\"i l\"},\"url\":\"https:\\\/\\\/kosovatimes.info\\\/index.php\\\/author\\\/iliri\\\/\"}]}<\/script>\n<!-- \/ Yoast SEO plugin. -->","yoast_head_json":{"title":"\"Regjimi tregon se q\u00ebndron pas gjith\u00e7kaje q\u00eb b\u00ebri Ratko Mladiq\": Duke e p\u00ebrcjell\u00eb gjeneralin e d\u00ebnuar me nderime shtet\u00ebrore - Kosova Times","robots":{"index":"index","follow":"follow","max-snippet":"max-snippet:-1","max-image-preview":"max-image-preview:large","max-video-preview":"max-video-preview:-1"},"canonical":"https:\/\/kosovatimes.info\/index.php\/2026\/09\/05\/regjimi-tregon-se-qendron-pas-gjithckaje-qe-beri-ratko-mladiq-duke-e-percjelle-gjeneralin-e-denuar-me-nderime-shteterore\/","og_locale":"en_US","og_type":"article","og_title":"\"Regjimi tregon se q\u00ebndron pas gjith\u00e7kaje q\u00eb b\u00ebri Ratko Mladiq\": Duke e p\u00ebrcjell\u00eb gjeneralin e d\u00ebnuar me nderime shtet\u00ebrore - Kosova Times","og_description":"Dhe nd\u00ebrsa shumica e publikut vendas dhe t\u00eb huaj d\u00ebnon veprimet e shtetit serb ndaj imazhit dhe veprave t\u00eb Ratko Mladi\u0107-it, ish-komandantit t\u00eb Ushtris\u00eb s\u00eb Republik\u00ebs Srpska, i cili u d\u00ebnua ligj\u00ebrisht p\u00ebr gjenocid, krime kund\u00ebr njer\u00ebzimit dhe krime lufte, autoritetet n\u00eb Serbi, pas vdekjes s\u00eb tij n\u00eb Hag\u00eb, e presin trupin e tij me [&hellip;]","og_url":"https:\/\/kosovatimes.info\/index.php\/2026\/09\/05\/regjimi-tregon-se-qendron-pas-gjithckaje-qe-beri-ratko-mladiq-duke-e-percjelle-gjeneralin-e-denuar-me-nderime-shteterore\/","og_site_name":"Kosova Times","article_published_time":"2026-09-05T10:32:06+00:00","article_modified_time":"2026-09-05T10:32:15+00:00","og_image":[{"width":1000,"height":560,"url":"https:\/\/kosovatimes.info\/wp-content\/uploads\/2026\/09\/Mladiq-2.webp","type":"image\/webp"}],"author":"i l","twitter_card":"summary_large_image","twitter_misc":{"Written by":"i l","Est. reading time":"7 minutes"},"schema":{"@context":"https:\/\/schema.org","@graph":[{"@type":"Article","@id":"https:\/\/kosovatimes.info\/index.php\/2026\/09\/05\/regjimi-tregon-se-qendron-pas-gjithckaje-qe-beri-ratko-mladiq-duke-e-percjelle-gjeneralin-e-denuar-me-nderime-shteterore\/#article","isPartOf":{"@id":"https:\/\/kosovatimes.info\/index.php\/2026\/09\/05\/regjimi-tregon-se-qendron-pas-gjithckaje-qe-beri-ratko-mladiq-duke-e-percjelle-gjeneralin-e-denuar-me-nderime-shteterore\/"},"author":{"name":"i l","@id":"https:\/\/kosovatimes.info\/#\/schema\/person\/7586712b9c512fe68085de007378c915"},"headline":"&#8220;Regjimi tregon se q\u00ebndron pas gjith\u00e7kaje q\u00eb b\u00ebri Ratko Mladiq&#8221;: Duke e p\u00ebrcjell\u00eb gjeneralin e d\u00ebnuar me nderime shtet\u00ebrore","datePublished":"2026-09-05T10:32:06+00:00","dateModified":"2026-09-05T10:32:15+00:00","mainEntityOfPage":{"@id":"https:\/\/kosovatimes.info\/index.php\/2026\/09\/05\/regjimi-tregon-se-qendron-pas-gjithckaje-qe-beri-ratko-mladiq-duke-e-percjelle-gjeneralin-e-denuar-me-nderime-shteterore\/"},"wordCount":1644,"commentCount":0,"image":{"@id":"https:\/\/kosovatimes.info\/index.php\/2026\/09\/05\/regjimi-tregon-se-qendron-pas-gjithckaje-qe-beri-ratko-mladiq-duke-e-percjelle-gjeneralin-e-denuar-me-nderime-shteterore\/#primaryimage"},"thumbnailUrl":"https:\/\/kosovatimes.info\/wp-content\/uploads\/2026\/09\/Mladiq-2.webp","articleSection":["Lajme","Rajon"],"inLanguage":"en-US","potentialAction":[{"@type":"CommentAction","name":"Comment","target":["https:\/\/kosovatimes.info\/index.php\/2026\/09\/05\/regjimi-tregon-se-qendron-pas-gjithckaje-qe-beri-ratko-mladiq-duke-e-percjelle-gjeneralin-e-denuar-me-nderime-shteterore\/#respond"]}]},{"@type":"WebPage","@id":"https:\/\/kosovatimes.info\/index.php\/2026\/09\/05\/regjimi-tregon-se-qendron-pas-gjithckaje-qe-beri-ratko-mladiq-duke-e-percjelle-gjeneralin-e-denuar-me-nderime-shteterore\/","url":"https:\/\/kosovatimes.info\/index.php\/2026\/09\/05\/regjimi-tregon-se-qendron-pas-gjithckaje-qe-beri-ratko-mladiq-duke-e-percjelle-gjeneralin-e-denuar-me-nderime-shteterore\/","name":"\"Regjimi tregon se q\u00ebndron pas gjith\u00e7kaje q\u00eb b\u00ebri Ratko Mladiq\": Duke e p\u00ebrcjell\u00eb gjeneralin e d\u00ebnuar me nderime shtet\u00ebrore - Kosova Times","isPartOf":{"@id":"https:\/\/kosovatimes.info\/#website"},"primaryImageOfPage":{"@id":"https:\/\/kosovatimes.info\/index.php\/2026\/09\/05\/regjimi-tregon-se-qendron-pas-gjithckaje-qe-beri-ratko-mladiq-duke-e-percjelle-gjeneralin-e-denuar-me-nderime-shteterore\/#primaryimage"},"image":{"@id":"https:\/\/kosovatimes.info\/index.php\/2026\/09\/05\/regjimi-tregon-se-qendron-pas-gjithckaje-qe-beri-ratko-mladiq-duke-e-percjelle-gjeneralin-e-denuar-me-nderime-shteterore\/#primaryimage"},"thumbnailUrl":"https:\/\/kosovatimes.info\/wp-content\/uploads\/2026\/09\/Mladiq-2.webp","datePublished":"2026-09-05T10:32:06+00:00","dateModified":"2026-09-05T10:32:15+00:00","author":{"@id":"https:\/\/kosovatimes.info\/#\/schema\/person\/7586712b9c512fe68085de007378c915"},"breadcrumb":{"@id":"https:\/\/kosovatimes.info\/index.php\/2026\/09\/05\/regjimi-tregon-se-qendron-pas-gjithckaje-qe-beri-ratko-mladiq-duke-e-percjelle-gjeneralin-e-denuar-me-nderime-shteterore\/#breadcrumb"},"inLanguage":"en-US","potentialAction":[{"@type":"ReadAction","target":["https:\/\/kosovatimes.info\/index.php\/2026\/09\/05\/regjimi-tregon-se-qendron-pas-gjithckaje-qe-beri-ratko-mladiq-duke-e-percjelle-gjeneralin-e-denuar-me-nderime-shteterore\/"]}]},{"@type":"ImageObject","inLanguage":"en-US","@id":"https:\/\/kosovatimes.info\/index.php\/2026\/09\/05\/regjimi-tregon-se-qendron-pas-gjithckaje-qe-beri-ratko-mladiq-duke-e-percjelle-gjeneralin-e-denuar-me-nderime-shteterore\/#primaryimage","url":"https:\/\/kosovatimes.info\/wp-content\/uploads\/2026\/09\/Mladiq-2.webp","contentUrl":"https:\/\/kosovatimes.info\/wp-content\/uploads\/2026\/09\/Mladiq-2.webp","width":1000,"height":560},{"@type":"BreadcrumbList","@id":"https:\/\/kosovatimes.info\/index.php\/2026\/09\/05\/regjimi-tregon-se-qendron-pas-gjithckaje-qe-beri-ratko-mladiq-duke-e-percjelle-gjeneralin-e-denuar-me-nderime-shteterore\/#breadcrumb","itemListElement":[{"@type":"ListItem","position":1,"name":"Home","item":"https:\/\/kosovatimes.info\/"},{"@type":"ListItem","position":2,"name":"&#8220;Regjimi tregon se q\u00ebndron pas gjith\u00e7kaje q\u00eb b\u00ebri Ratko Mladiq&#8221;: Duke e p\u00ebrcjell\u00eb gjeneralin e d\u00ebnuar me nderime shtet\u00ebrore"}]},{"@type":"WebSite","@id":"https:\/\/kosovatimes.info\/#website","url":"https:\/\/kosovatimes.info\/","name":"Kosova Times","description":"","potentialAction":[{"@type":"SearchAction","target":{"@type":"EntryPoint","urlTemplate":"https:\/\/kosovatimes.info\/?s={search_term_string}"},"query-input":{"@type":"PropertyValueSpecification","valueRequired":true,"valueName":"search_term_string"}}],"inLanguage":"en-US"},{"@type":"Person","@id":"https:\/\/kosovatimes.info\/#\/schema\/person\/7586712b9c512fe68085de007378c915","name":"i l","image":{"@type":"ImageObject","inLanguage":"en-US","@id":"https:\/\/secure.gravatar.com\/avatar\/bad9296e02816160ae2e2435beda58222022298d5625d49fea74d18816fbb31d?s=96&d=mm&r=g","url":"https:\/\/secure.gravatar.com\/avatar\/bad9296e02816160ae2e2435beda58222022298d5625d49fea74d18816fbb31d?s=96&d=mm&r=g","contentUrl":"https:\/\/secure.gravatar.com\/avatar\/bad9296e02816160ae2e2435beda58222022298d5625d49fea74d18816fbb31d?s=96&d=mm&r=g","caption":"i l"},"url":"https:\/\/kosovatimes.info\/index.php\/author\/iliri\/"}]}},"_links":{"self":[{"href":"https:\/\/kosovatimes.info\/index.php\/wp-json\/wp\/v2\/posts\/31037","targetHints":{"allow":["GET"]}}],"collection":[{"href":"https:\/\/kosovatimes.info\/index.php\/wp-json\/wp\/v2\/posts"}],"about":[{"href":"https:\/\/kosovatimes.info\/index.php\/wp-json\/wp\/v2\/types\/post"}],"author":[{"embeddable":true,"href":"https:\/\/kosovatimes.info\/index.php\/wp-json\/wp\/v2\/users\/4"}],"replies":[{"embeddable":true,"href":"https:\/\/kosovatimes.info\/index.php\/wp-json\/wp\/v2\/comments?post=31037"}],"version-history":[{"count":2,"href":"https:\/\/kosovatimes.info\/index.php\/wp-json\/wp\/v2\/posts\/31037\/revisions"}],"predecessor-version":[{"id":31040,"href":"https:\/\/kosovatimes.info\/index.php\/wp-json\/wp\/v2\/posts\/31037\/revisions\/31040"}],"wp:featuredmedia":[{"embeddable":true,"href":"https:\/\/kosovatimes.info\/index.php\/wp-json\/wp\/v2\/media\/31038"}],"wp:attachment":[{"href":"https:\/\/kosovatimes.info\/index.php\/wp-json\/wp\/v2\/media?parent=31037"}],"wp:term":[{"taxonomy":"category","embeddable":true,"href":"https:\/\/kosovatimes.info\/index.php\/wp-json\/wp\/v2\/categories?post=31037"},{"taxonomy":"post_tag","embeddable":true,"href":"https:\/\/kosovatimes.info\/index.php\/wp-json\/wp\/v2\/tags?post=31037"}],"curies":[{"name":"wp","href":"https:\/\/api.w.org\/{rel}","templated":true}]}}